{"id":34002,"date":"2022-10-26T17:00:14","date_gmt":"2022-10-26T16:00:14","guid":{"rendered":"https:\/\/jornaldasoficinas.com\/pt\/?p=34002"},"modified":"2022-10-25T17:19:20","modified_gmt":"2022-10-25T16:19:20","slug":"osram-aposta-em-novos-carregadores-e-analisadores-de-bateria","status":"publish","type":"post","link":"https:\/\/jornaldasoficinas.com\/pt\/osram-aposta-em-novos-carregadores-e-analisadores-de-bateria\/","title":{"rendered":"OSRAM aposta em novos carregadores e analisadores de bateria"},"content":{"rendered":"<p><img loading=\"lazy\" decoding=\"async\" class=\"alignnone size-full wp-image-33975\" src=\"https:\/\/jornaldasoficinas.com\/pt\/wp-content\/uploads\/2022\/10\/OSRAM-aposta-em-novos-carregadores-e-analisadores-de-bateria.jpg\" alt=\"10 - OSRAM aposta em novos carregadores e analisadores de bateria\" width=\"1024\" height=\"581\" srcset=\"https:\/\/jornaldasoficinas.com\/pt\/wp-content\/uploads\/2022\/10\/OSRAM-aposta-em-novos-carregadores-e-analisadores-de-bateria.jpg 1024w, https:\/\/jornaldasoficinas.com\/pt\/wp-content\/uploads\/2022\/10\/OSRAM-aposta-em-novos-carregadores-e-analisadores-de-bateria-300x170.jpg 300w, https:\/\/jornaldasoficinas.com\/pt\/wp-content\/uploads\/2022\/10\/OSRAM-aposta-em-novos-carregadores-e-analisadores-de-bateria-150x85.jpg 150w, https:\/\/jornaldasoficinas.com\/pt\/wp-content\/uploads\/2022\/10\/OSRAM-aposta-em-novos-carregadores-e-analisadores-de-bateria-768x436.jpg 768w\" sizes=\"auto, (max-width: 1024px) 100vw, 1024px\" \/><\/p>\n<p><strong>A pensar nas exigentes necessidades dos profissionais, a <a href=\"https:\/\/www.osram.pt\/cb\/\" target=\"_blank\" rel=\"noopener\">OSRAM<\/a> lan\u00e7ou uma nova gama de carregadores de bateria e analisador de bateria especialmente desenvolvidos e produzidos para profissionais<\/strong><\/p>\n<p>Os profissionais necessitam de equipamentos que possam suportar o trabalho exigente do dia-a-dia. \u00c9 por isso que a OSRAM desenvolveu uma gama de equipamentos de carregamento e teste de bateria especialmente para oficinas profissionais. A nova gama de BATTERYcharge PRO e BATTERYtest PRO foi concebida para uso intensivo e de longo prazo em oficinas e noutros ambientes profissionais.<\/p>\n<p>Utilizando a mais recente tecnologia, a gama OSRAM PRO pode n\u00e3o s\u00f3 carregar baterias, mas tamb\u00e9m, dependendo do estado da bateria, permitir a sua repara\u00e7\u00e3o e at\u00e9 a realiza\u00e7\u00e3o de testes de diagn\u00f3stico do alternador. Alguns modelos tamb\u00e9m oferecem uma fun\u00e7\u00e3o de suporte de bateria para executar os circuitos el\u00e9tricos do ve\u00edculo e realizar trabalhos de diagn\u00f3stico ou carregar dados. Os ve\u00edculos de hoje est\u00e3o equipados com uma variedade de dispositivos eletr\u00f3nicos que podem exigir muito da bateria do ve\u00edculo.<\/p>\n<p>Mas para um \u00f3timo desempenho da eletr\u00f3nica do ve\u00edculo, ainda s\u00e3o essenciais o melhor fornecimento de bateria poss\u00edvel e a manuten\u00e7\u00e3o da bateria. A OSRAM desenvolveu uma gama abrangente de produtos profissionais que podem fornecer uma vida prolongada da bateria para aplica\u00e7\u00f5es de 12V e 24V.<\/p>\n<p><strong>Carregadores de bateria profissionais BATTERYcharge PRO<br \/>\n<\/strong>Inteligentes e adequados para baterias para ve\u00edculos de 12V e 24V s\u00e3o ideiais para usar quando ve\u00edculos diferentes e at\u00e9 frotas inteiras necessitam de manuten\u00e7\u00e3o, especialmente em oficinas profissionais. Est\u00e3o dispon\u00edveis para diferentes tipos de bateria e n\u00edveis de carga, podem fornecer correntes de carga vari\u00e1veis at\u00e9 um m\u00e1ximo de 100A.<\/p>\n<p>Isso \u00e9 poss\u00edvel para baterias de chumbo-\u00e1cido, baterias de l\u00edtio e baterias start\/stop. As taxas de carregamento vari\u00e1veis individuais selecion\u00e1veis tamb\u00e9m podem fornecer carregamento flex\u00edvel, lento ou r\u00e1pido, para responder aos requisitos de cada utilizador.<\/p>\n<p>Al\u00e9m disso, uma fun\u00e7\u00e3o de teste integrada permite o diagn\u00f3stico da bateria e do alternador. O carregador de bateria profissional da OSRAM com visor retroiluminado passa por diferentes ciclos de carregamento para restaurar e otimizar o desempenho da bateria e melhorar a reten\u00e7\u00e3o de carga. A OSRAM oferece dois anos de garantia para estes produtos.<\/p>\n<p><strong>Analisador de bateria profissional BATTERYtest PRO<br \/>\n<\/strong>Pode realizar um teste funcional completo da bateria e dos sistemas el\u00e9tricos em ve\u00edculos de 12V e 24V, como motociclos, carros, carrinhas e cami\u00f5es. Ao verificar a bateria, o alternador, o motor de arranque e a liga\u00e7\u00e3o \u00e0 terra, tamb\u00e9m fornece uma vis\u00e3o geral do estado do motor de arranque e do sistema de carregamento de um ve\u00edculo. Os resultados podem ser impressos atrav\u00e9s da impressora t\u00e9rmica integrada ou transferidos para um computador atrav\u00e9s de um cart\u00e3o SD. Tamb\u00e9m inclui um estojo de prote\u00e7\u00e3o para armazenamento e f\u00e1cil transporte e dois anos de garantia OSRAM.<\/p>\n","protected":false},"excerpt":{"rendered":"<p>A pensar nas exigentes necessidades dos&#8230;<\/p>\n","protected":false},"author":15,"featured_media":33975,"comment_status":"closed","ping_status":"closed","sticky":false,"template":"","format":"standard","meta":{"footnotes":""},"categories":[6],"tags":[60],"class_list":["post-34002","post","type-post","status-publish","format-standard","has-post-thumbnail","hentry","category-equipamentos","tag-osram"],"yoast_head":"<!-- This site is optimized with the Yoast SEO plugin v27.4 - https:\/\/yoast.com\/product\/yoast-seo-wordpress\/ -->\n<title>OSRAM aposta em novos carregadores e analisadores de bateria - Jornal das Oficinas<\/title>\n<meta name=\"robots\" content=\"index, follow, max-snippet:-1, max-image-preview:large, max-video-preview:-1\" \/>\n<link rel=\"canonical\" href=\"https:\/\/jornaldasoficinas.com\/pt\/osram-aposta-em-novos-carregadores-e-analisadores-de-bateria\/\" \/>\n<meta property=\"og:locale\" content=\"pt_PT\" \/>\n<meta property=\"og:type\" content=\"article\" \/>\n<meta property=\"og:title\" content=\"OSRAM aposta em novos carregadores e analisadores de bateria - Jornal das Oficinas\" \/>\n<meta property=\"og:description\" content=\"A pensar nas exigentes necessidades dos...\" \/>\n<meta property=\"og:url\" content=\"https:\/\/jornaldasoficinas.com\/pt\/osram-aposta-em-novos-carregadores-e-analisadores-de-bateria\/\" \/>\n<meta property=\"og:site_name\" content=\"Jornal das Oficinas\" \/>\n<meta property=\"article:publisher\" content=\"https:\/\/www.facebook.com\/jornaloficinas\" \/>\n<meta property=\"article:published_time\" content=\"2022-10-26T16:00:14+00:00\" \/>\n<meta property=\"og:image\" content=\"https:\/\/jornaldasoficinas.com\/pt\/wp-content\/uploads\/2022\/10\/OSRAM-aposta-em-novos-carregadores-e-analisadores-de-bateria.jpg\" \/>\n\t<meta property=\"og:image:width\" content=\"1024\" \/>\n\t<meta property=\"og:image:height\" content=\"581\" \/>\n\t<meta property=\"og:image:type\" content=\"image\/jpeg\" \/>\n<meta name=\"author\" content=\"Reda\u00e7\u00e3o JO\" \/>\n<meta name=\"twitter:card\" content=\"summary_large_image\" \/>\n<meta name=\"twitter:creator\" content=\"@jornaloficinas\" \/>\n<meta name=\"twitter:site\" content=\"@jornaloficinas\" \/>\n<meta name=\"twitter:label1\" content=\"Escrito por\" \/>\n\t<meta name=\"twitter:data1\" content=\"Reda\u00e7\u00e3o JO\" \/>\n\t<meta name=\"twitter:label2\" content=\"Tempo estimado de leitura\" \/>\n\t<meta name=\"twitter:data2\" content=\"3 minutos\" \/>\n<script type=\"application\/ld+json\" class=\"yoast-schema-graph\">{\"@context\":\"https:\\\/\\\/schema.org\",\"@graph\":[{\"@type\":\"Article\",\"@id\":\"https:\\\/\\\/jornaldasoficinas.com\\\/pt\\\/osram-aposta-em-novos-carregadores-e-analisadores-de-bateria\\\/#article\",\"isPartOf\":{\"@id\":\"https:\\\/\\\/jornaldasoficinas.com\\\/pt\\\/osram-aposta-em-novos-carregadores-e-analisadores-de-bateria\\\/\"},\"author\":{\"name\":\"Reda\u00e7\u00e3o JO\",\"@id\":\"https:\\\/\\\/jornaldasoficinas.com\\\/pt\\\/#\\\/schema\\\/person\\\/a38eef5de2c41d9e7c9ac10141afddf3\"},\"headline\":\"OSRAM aposta em novos carregadores e analisadores de bateria\",\"datePublished\":\"2022-10-26T16:00:14+00:00\",\"mainEntityOfPage\":{\"@id\":\"https:\\\/\\\/jornaldasoficinas.com\\\/pt\\\/osram-aposta-em-novos-carregadores-e-analisadores-de-bateria\\\/\"},\"wordCount\":522,\"publisher\":{\"@id\":\"https:\\\/\\\/jornaldasoficinas.com\\\/pt\\\/#organization\"},\"image\":{\"@id\":\"https:\\\/\\\/jornaldasoficinas.com\\\/pt\\\/osram-aposta-em-novos-carregadores-e-analisadores-de-bateria\\\/#primaryimage\"},\"thumbnailUrl\":\"https:\\\/\\\/jornaldasoficinas.com\\\/pt\\\/wp-content\\\/uploads\\\/2022\\\/10\\\/OSRAM-aposta-em-novos-carregadores-e-analisadores-de-bateria.jpg\",\"keywords\":[\"OSRAM\"],\"articleSection\":[\"Equipamentos\"],\"inLanguage\":\"pt-PT\"},{\"@type\":\"WebPage\",\"@id\":\"https:\\\/\\\/jornaldasoficinas.com\\\/pt\\\/osram-aposta-em-novos-carregadores-e-analisadores-de-bateria\\\/\",\"url\":\"https:\\\/\\\/jornaldasoficinas.com\\\/pt\\\/osram-aposta-em-novos-carregadores-e-analisadores-de-bateria\\\/\",\"name\":\"OSRAM aposta em novos carregadores e analisadores de bateria - Jornal das Oficinas\",\"isPartOf\":{\"@id\":\"https:\\\/\\\/jornaldasoficinas.com\\\/pt\\\/#website\"},\"primaryImageOfPage\":{\"@id\":\"https:\\\/\\\/jornaldasoficinas.com\\\/pt\\\/osram-aposta-em-novos-carregadores-e-analisadores-de-bateria\\\/#primaryimage\"},\"image\":{\"@id\":\"https:\\\/\\\/jornaldasoficinas.com\\\/pt\\\/osram-aposta-em-novos-carregadores-e-analisadores-de-bateria\\\/#primaryimage\"},\"thumbnailUrl\":\"https:\\\/\\\/jornaldasoficinas.com\\\/pt\\\/wp-content\\\/uploads\\\/2022\\\/10\\\/OSRAM-aposta-em-novos-carregadores-e-analisadores-de-bateria.jpg\",\"datePublished\":\"2022-10-26T16:00:14+00:00\",\"breadcrumb\":{\"@id\":\"https:\\\/\\\/jornaldasoficinas.com\\\/pt\\\/osram-aposta-em-novos-carregadores-e-analisadores-de-bateria\\\/#breadcrumb\"},\"inLanguage\":\"pt-PT\",\"potentialAction\":[{\"@type\":\"ReadAction\",\"target\":[\"https:\\\/\\\/jornaldasoficinas.com\\\/pt\\\/osram-aposta-em-novos-carregadores-e-analisadores-de-bateria\\\/\"]}]},{\"@type\":\"ImageObject\",\"inLanguage\":\"pt-PT\",\"@id\":\"https:\\\/\\\/jornaldasoficinas.com\\\/pt\\\/osram-aposta-em-novos-carregadores-e-analisadores-de-bateria\\\/#primaryimage\",\"url\":\"https:\\\/\\\/jornaldasoficinas.com\\\/pt\\\/wp-content\\\/uploads\\\/2022\\\/10\\\/OSRAM-aposta-em-novos-carregadores-e-analisadores-de-bateria.jpg\",\"contentUrl\":\"https:\\\/\\\/jornaldasoficinas.com\\\/pt\\\/wp-content\\\/uploads\\\/2022\\\/10\\\/OSRAM-aposta-em-novos-carregadores-e-analisadores-de-bateria.jpg\",\"width\":1024,\"height\":581,\"caption\":\"10 - OSRAM aposta em novos carregadores e analisadores de bateria\"},{\"@type\":\"BreadcrumbList\",\"@id\":\"https:\\\/\\\/jornaldasoficinas.com\\\/pt\\\/osram-aposta-em-novos-carregadores-e-analisadores-de-bateria\\\/#breadcrumb\",\"itemListElement\":[{\"@type\":\"ListItem\",\"position\":1,\"name\":\"In\u00edcio\",\"item\":\"https:\\\/\\\/jornaldasoficinas.com\\\/pt\\\/\"},{\"@type\":\"ListItem\",\"position\":2,\"name\":\"OSRAM aposta em novos carregadores e analisadores de bateria\"}]},{\"@type\":\"WebSite\",\"@id\":\"https:\\\/\\\/jornaldasoficinas.com\\\/pt\\\/#website\",\"url\":\"https:\\\/\\\/jornaldasoficinas.com\\\/pt\\\/\",\"name\":\"Jornal das Oficinas\",\"description\":\"Jornal independente do Aftermarket Autom\u00f3vel em Portugal\",\"publisher\":{\"@id\":\"https:\\\/\\\/jornaldasoficinas.com\\\/pt\\\/#organization\"},\"potentialAction\":[{\"@type\":\"SearchAction\",\"target\":{\"@type\":\"EntryPoint\",\"urlTemplate\":\"https:\\\/\\\/jornaldasoficinas.com\\\/pt\\\/?s={search_term_string}\"},\"query-input\":{\"@type\":\"PropertyValueSpecification\",\"valueRequired\":true,\"valueName\":\"search_term_string\"}}],\"inLanguage\":\"pt-PT\"},{\"@type\":\"Organization\",\"@id\":\"https:\\\/\\\/jornaldasoficinas.com\\\/pt\\\/#organization\",\"name\":\"Jornal das Oficinas\",\"url\":\"https:\\\/\\\/jornaldasoficinas.com\\\/pt\\\/\",\"logo\":{\"@type\":\"ImageObject\",\"inLanguage\":\"pt-PT\",\"@id\":\"https:\\\/\\\/jornaldasoficinas.com\\\/pt\\\/#\\\/schema\\\/logo\\\/image\\\/\",\"url\":\"https:\\\/\\\/jornaldasoficinas.com\\\/pt\\\/wp-content\\\/uploads\\\/logoJO-SEO.png\",\"contentUrl\":\"https:\\\/\\\/jornaldasoficinas.com\\\/pt\\\/wp-content\\\/uploads\\\/logoJO-SEO.png\",\"width\":285,\"height\":450,\"caption\":\"Jornal das Oficinas\"},\"image\":{\"@id\":\"https:\\\/\\\/jornaldasoficinas.com\\\/pt\\\/#\\\/schema\\\/logo\\\/image\\\/\"},\"sameAs\":[\"https:\\\/\\\/www.facebook.com\\\/jornaloficinas\",\"https:\\\/\\\/x.com\\\/jornaloficinas\",\"https:\\\/\\\/www.instagram.com\\\/jornal_oficinas\\\/\",\"https:\\\/\\\/www.linkedin.com\\\/company\\\/jornal-das-oficinas\\\/\",\"https:\\\/\\\/www.youtube.com\\\/channel\\\/UCbQZBqtcvV-oSQrr7RzINGg\"]},{\"@type\":\"Person\",\"@id\":\"https:\\\/\\\/jornaldasoficinas.com\\\/pt\\\/#\\\/schema\\\/person\\\/a38eef5de2c41d9e7c9ac10141afddf3\",\"name\":\"Reda\u00e7\u00e3o JO\",\"image\":{\"@type\":\"ImageObject\",\"inLanguage\":\"pt-PT\",\"@id\":\"https:\\\/\\\/secure.gravatar.com\\\/avatar\\\/71f2fa71737ad68a84fea94bc708ddac8ea5b0c4788dc2ad202f3ccb2887742f?s=96&d=wp_user_avatar&r=g\",\"url\":\"https:\\\/\\\/secure.gravatar.com\\\/avatar\\\/71f2fa71737ad68a84fea94bc708ddac8ea5b0c4788dc2ad202f3ccb2887742f?s=96&d=wp_user_avatar&r=g\",\"contentUrl\":\"https:\\\/\\\/secure.gravatar.com\\\/avatar\\\/71f2fa71737ad68a84fea94bc708ddac8ea5b0c4788dc2ad202f3ccb2887742f?s=96&d=wp_user_avatar&r=g\",\"caption\":\"Reda\u00e7\u00e3o JO\"},\"url\":\"https:\\\/\\\/jornaldasoficinas.com\\\/pt\\\/author\\\/joredacao\\\/\"}]}<\/script>\n<!-- \/ Yoast SEO plugin. -->","yoast_head_json":{"title":"OSRAM aposta em novos carregadores e analisadores de bateria - Jornal das Oficinas","robots":{"index":"index","follow":"follow","max-snippet":"max-snippet:-1","max-image-preview":"max-image-preview:large","max-video-preview":"max-video-preview:-1"},"canonical":"https:\/\/jornaldasoficinas.com\/pt\/osram-aposta-em-novos-carregadores-e-analisadores-de-bateria\/","og_locale":"pt_PT","og_type":"article","og_title":"OSRAM aposta em novos carregadores e analisadores de bateria - Jornal das Oficinas","og_description":"A pensar nas exigentes necessidades dos...","og_url":"https:\/\/jornaldasoficinas.com\/pt\/osram-aposta-em-novos-carregadores-e-analisadores-de-bateria\/","og_site_name":"Jornal das Oficinas","article_publisher":"https:\/\/www.facebook.com\/jornaloficinas","article_published_time":"2022-10-26T16:00:14+00:00","og_image":[{"width":1024,"height":581,"url":"https:\/\/jornaldasoficinas.com\/pt\/wp-content\/uploads\/2022\/10\/OSRAM-aposta-em-novos-carregadores-e-analisadores-de-bateria.jpg","type":"image\/jpeg"}],"author":"Reda\u00e7\u00e3o JO","twitter_card":"summary_large_image","twitter_creator":"@jornaloficinas","twitter_site":"@jornaloficinas","twitter_misc":{"Escrito por":"Reda\u00e7\u00e3o JO","Tempo estimado de leitura":"3 minutos"},"schema":{"@context":"https:\/\/schema.org","@graph":[{"@type":"Article","@id":"https:\/\/jornaldasoficinas.com\/pt\/osram-aposta-em-novos-carregadores-e-analisadores-de-bateria\/#article","isPartOf":{"@id":"https:\/\/jornaldasoficinas.com\/pt\/osram-aposta-em-novos-carregadores-e-analisadores-de-bateria\/"},"author":{"name":"Reda\u00e7\u00e3o JO","@id":"https:\/\/jornaldasoficinas.com\/pt\/#\/schema\/person\/a38eef5de2c41d9e7c9ac10141afddf3"},"headline":"OSRAM aposta em novos carregadores e analisadores de bateria","datePublished":"2022-10-26T16:00:14+00:00","mainEntityOfPage":{"@id":"https:\/\/jornaldasoficinas.com\/pt\/osram-aposta-em-novos-carregadores-e-analisadores-de-bateria\/"},"wordCount":522,"publisher":{"@id":"https:\/\/jornaldasoficinas.com\/pt\/#organization"},"image":{"@id":"https:\/\/jornaldasoficinas.com\/pt\/osram-aposta-em-novos-carregadores-e-analisadores-de-bateria\/#primaryimage"},"thumbnailUrl":"https:\/\/jornaldasoficinas.com\/pt\/wp-content\/uploads\/2022\/10\/OSRAM-aposta-em-novos-carregadores-e-analisadores-de-bateria.jpg","keywords":["OSRAM"],"articleSection":["Equipamentos"],"inLanguage":"pt-PT"},{"@type":"WebPage","@id":"https:\/\/jornaldasoficinas.com\/pt\/osram-aposta-em-novos-carregadores-e-analisadores-de-bateria\/","url":"https:\/\/jornaldasoficinas.com\/pt\/osram-aposta-em-novos-carregadores-e-analisadores-de-bateria\/","name":"OSRAM aposta em novos carregadores e analisadores de bateria - Jornal das Oficinas","isPartOf":{"@id":"https:\/\/jornaldasoficinas.com\/pt\/#website"},"primaryImageOfPage":{"@id":"https:\/\/jornaldasoficinas.com\/pt\/osram-aposta-em-novos-carregadores-e-analisadores-de-bateria\/#primaryimage"},"image":{"@id":"https:\/\/jornaldasoficinas.com\/pt\/osram-aposta-em-novos-carregadores-e-analisadores-de-bateria\/#primaryimage"},"thumbnailUrl":"https:\/\/jornaldasoficinas.com\/pt\/wp-content\/uploads\/2022\/10\/OSRAM-aposta-em-novos-carregadores-e-analisadores-de-bateria.jpg","datePublished":"2022-10-26T16:00:14+00:00","breadcrumb":{"@id":"https:\/\/jornaldasoficinas.com\/pt\/osram-aposta-em-novos-carregadores-e-analisadores-de-bateria\/#breadcrumb"},"inLanguage":"pt-PT","potentialAction":[{"@type":"ReadAction","target":["https:\/\/jornaldasoficinas.com\/pt\/osram-aposta-em-novos-carregadores-e-analisadores-de-bateria\/"]}]},{"@type":"ImageObject","inLanguage":"pt-PT","@id":"https:\/\/jornaldasoficinas.com\/pt\/osram-aposta-em-novos-carregadores-e-analisadores-de-bateria\/#primaryimage","url":"https:\/\/jornaldasoficinas.com\/pt\/wp-content\/uploads\/2022\/10\/OSRAM-aposta-em-novos-carregadores-e-analisadores-de-bateria.jpg","contentUrl":"https:\/\/jornaldasoficinas.com\/pt\/wp-content\/uploads\/2022\/10\/OSRAM-aposta-em-novos-carregadores-e-analisadores-de-bateria.jpg","width":1024,"height":581,"caption":"10 - OSRAM aposta em novos carregadores e analisadores de bateria"},{"@type":"BreadcrumbList","@id":"https:\/\/jornaldasoficinas.com\/pt\/osram-aposta-em-novos-carregadores-e-analisadores-de-bateria\/#breadcrumb","itemListElement":[{"@type":"ListItem","position":1,"name":"In\u00edcio","item":"https:\/\/jornaldasoficinas.com\/pt\/"},{"@type":"ListItem","position":2,"name":"OSRAM aposta em novos carregadores e analisadores de bateria"}]},{"@type":"WebSite","@id":"https:\/\/jornaldasoficinas.com\/pt\/#website","url":"https:\/\/jornaldasoficinas.com\/pt\/","name":"Jornal das Oficinas","description":"Jornal independente do Aftermarket Autom\u00f3vel em Portugal","publisher":{"@id":"https:\/\/jornaldasoficinas.com\/pt\/#organization"},"potentialAction":[{"@type":"SearchAction","target":{"@type":"EntryPoint","urlTemplate":"https:\/\/jornaldasoficinas.com\/pt\/?s={search_term_string}"},"query-input":{"@type":"PropertyValueSpecification","valueRequired":true,"valueName":"search_term_string"}}],"inLanguage":"pt-PT"},{"@type":"Organization","@id":"https:\/\/jornaldasoficinas.com\/pt\/#organization","name":"Jornal das Oficinas","url":"https:\/\/jornaldasoficinas.com\/pt\/","logo":{"@type":"ImageObject","inLanguage":"pt-PT","@id":"https:\/\/jornaldasoficinas.com\/pt\/#\/schema\/logo\/image\/","url":"https:\/\/jornaldasoficinas.com\/pt\/wp-content\/uploads\/logoJO-SEO.png","contentUrl":"https:\/\/jornaldasoficinas.com\/pt\/wp-content\/uploads\/logoJO-SEO.png","width":285,"height":450,"caption":"Jornal das Oficinas"},"image":{"@id":"https:\/\/jornaldasoficinas.com\/pt\/#\/schema\/logo\/image\/"},"sameAs":["https:\/\/www.facebook.com\/jornaloficinas","https:\/\/x.com\/jornaloficinas","https:\/\/www.instagram.com\/jornal_oficinas\/","https:\/\/www.linkedin.com\/company\/jornal-das-oficinas\/","https:\/\/www.youtube.com\/channel\/UCbQZBqtcvV-oSQrr7RzINGg"]},{"@type":"Person","@id":"https:\/\/jornaldasoficinas.com\/pt\/#\/schema\/person\/a38eef5de2c41d9e7c9ac10141afddf3","name":"Reda\u00e7\u00e3o JO","image":{"@type":"ImageObject","inLanguage":"pt-PT","@id":"https:\/\/secure.gravatar.com\/avatar\/71f2fa71737ad68a84fea94bc708ddac8ea5b0c4788dc2ad202f3ccb2887742f?s=96&d=wp_user_avatar&r=g","url":"https:\/\/secure.gravatar.com\/avatar\/71f2fa71737ad68a84fea94bc708ddac8ea5b0c4788dc2ad202f3ccb2887742f?s=96&d=wp_user_avatar&r=g","contentUrl":"https:\/\/secure.gravatar.com\/avatar\/71f2fa71737ad68a84fea94bc708ddac8ea5b0c4788dc2ad202f3ccb2887742f?s=96&d=wp_user_avatar&r=g","caption":"Reda\u00e7\u00e3o JO"},"url":"https:\/\/jornaldasoficinas.com\/pt\/author\/joredacao\/"}]}},"_links":{"self":[{"href":"https:\/\/jornaldasoficinas.com\/pt\/wp-json\/wp\/v2\/posts\/34002","targetHints":{"allow":["GET"]}}],"collection":[{"href":"https:\/\/jornaldasoficinas.com\/pt\/wp-json\/wp\/v2\/posts"}],"about":[{"href":"https:\/\/jornaldasoficinas.com\/pt\/wp-json\/wp\/v2\/types\/post"}],"author":[{"embeddable":true,"href":"https:\/\/jornaldasoficinas.com\/pt\/wp-json\/wp\/v2\/users\/15"}],"replies":[{"embeddable":true,"href":"https:\/\/jornaldasoficinas.com\/pt\/wp-json\/wp\/v2\/comments?post=34002"}],"version-history":[{"count":0,"href":"https:\/\/jornaldasoficinas.com\/pt\/wp-json\/wp\/v2\/posts\/34002\/revisions"}],"wp:featuredmedia":[{"embeddable":true,"href":"https:\/\/jornaldasoficinas.com\/pt\/wp-json\/wp\/v2\/media\/33975"}],"wp:attachment":[{"href":"https:\/\/jornaldasoficinas.com\/pt\/wp-json\/wp\/v2\/media?parent=34002"}],"wp:term":[{"taxonomy":"category","embeddable":true,"href":"https:\/\/jornaldasoficinas.com\/pt\/wp-json\/wp\/v2\/categories?post=34002"},{"taxonomy":"post_tag","embeddable":true,"href":"https:\/\/jornaldasoficinas.com\/pt\/wp-json\/wp\/v2\/tags?post=34002"}],"curies":[{"name":"wp","href":"https:\/\/api.w.org\/{rel}","templated":true}]}}