{"id":34034,"date":"2022-10-27T12:00:56","date_gmt":"2022-10-27T11:00:56","guid":{"rendered":"https:\/\/jornaldasoficinas.com\/pt\/?p=34034"},"modified":"2022-10-27T09:50:24","modified_gmt":"2022-10-27T08:50:24","slug":"portugueses-dispostos-a-gastar-300e-mensais-por-um-renting","status":"publish","type":"post","link":"https:\/\/jornaldasoficinas.com\/pt\/portugueses-dispostos-a-gastar-300e-mensais-por-um-renting\/","title":{"rendered":"Portugueses dispostos a gastar 300\u20ac mensais por um renting"},"content":{"rendered":"<p><img loading=\"lazy\" decoding=\"async\" class=\"alignnone size-full wp-image-33976\" src=\"https:\/\/jornaldasoficinas.com\/pt\/wp-content\/uploads\/2022\/10\/Portugueses-dispostos-a-gastar-300E-mensais-por-um-renting.jpg\" alt=\"10 - Portugueses dispostos a gastar 300E mensais por um renting\" width=\"1024\" height=\"581\" srcset=\"https:\/\/jornaldasoficinas.com\/pt\/wp-content\/uploads\/2022\/10\/Portugueses-dispostos-a-gastar-300E-mensais-por-um-renting.jpg 1024w, https:\/\/jornaldasoficinas.com\/pt\/wp-content\/uploads\/2022\/10\/Portugueses-dispostos-a-gastar-300E-mensais-por-um-renting-300x170.jpg 300w, https:\/\/jornaldasoficinas.com\/pt\/wp-content\/uploads\/2022\/10\/Portugueses-dispostos-a-gastar-300E-mensais-por-um-renting-150x85.jpg 150w, https:\/\/jornaldasoficinas.com\/pt\/wp-content\/uploads\/2022\/10\/Portugueses-dispostos-a-gastar-300E-mensais-por-um-renting-768x436.jpg 768w\" sizes=\"auto, (max-width: 1024px) 100vw, 1024px\" \/><\/p>\n<p><strong>O <a href=\"https:\/\/www.standvirtual.com\/\" target=\"_blank\" rel=\"noopener\">Standvirtual<\/a>, apresentou um estudo, realizado em parceria com a <a href=\"https:\/\/www.marktest.com\/wap\/\" target=\"_blank\" rel=\"noopener\">Marktest<\/a>, sobre\u00a0\u201cServi\u00e7os Complementares na aquisi\u00e7\u00e3o de um ve\u00edculo\u201d. Para 92,7% dos consumidores, servi\u00e7os complementares como a realiza\u00e7\u00e3o de seguro, financiamento, extens\u00e3o de garantia, bem como a op\u00e7\u00e3o de leasing ou de renting, deveriam estar dispon\u00edveis no momento de compra de carro<\/strong><\/p>\n<p>O intervalo de valor que a maior parte dos consumidores (33%) estaria disposta a pagar por um contrato de renting \u00e9 200\u20ac a 300\u20ac mensais. Seguem-se 29% dos consumidores que estariam dispostos a pagar at\u00e9 200\u20ac e 13% dos consumidores que pagariam entre 300\u20ac e 400\u20ac. Apenas 6% assume a possibilidade de pagar entre 400\u20ac e 500\u20ac mensais por esta modalidade.<\/p>\n<p>No geral, caso fossem adquirir um ve\u00edculo, 6% dos condutores considerariam a op\u00e7\u00e3o de renting autom\u00f3vel (aluguer de longa dura\u00e7\u00e3o, sem possibilidade de compra do autom\u00f3vel no final do contrato), mas 19% afirmam considerar a op\u00e7\u00e3o de leasing (que inclui a possibilidade de compra do autom\u00f3vel no fim do contrato), com 9% a reponderam j\u00e1 ter utilizado esta modalidade.<\/p>\n<p>A manuten\u00e7\u00e3o inclu\u00edda \u00e9 a principal vantagem do renting, de acordo com 44% dos consumidores inquiridos que considerariam esta op\u00e7\u00e3o. No entanto, o seguro inclu\u00eddo (17%), a troca de pneus gratuita (17%) e a linha de apoio 24h com assist\u00eancia em viagem (17%) s\u00e3o tamb\u00e9m vantagens mencionadas. A isen\u00e7\u00e3o de pagamento de Imposto \u00danico de Circula\u00e7\u00e3o (IUC) \u00e9 uma vantagem mencionada por 7%.<\/p>\n<p>Entre os inquiridos, quase metade (48%) adquiriu um carro nos \u00faltimos quatro anos. 25% adquiriu um carro pela \u00faltima vez nos \u00faltimos 5 a 10 anos e 16% h\u00e1 mais de 10 anos. Apenas 12% responderam ter adquirido um carro no \u00faltimo ano.<\/p>\n","protected":false},"excerpt":{"rendered":"<p>O Standvirtual, apresentou um estudo, realizado&#8230;<\/p>\n","protected":false},"author":15,"featured_media":33976,"comment_status":"closed","ping_status":"closed","sticky":false,"template":"","format":"standard","meta":{"footnotes":""},"categories":[37],"tags":[2198],"class_list":["post-34034","post","type-post","status-publish","format-standard","has-post-thumbnail","hentry","category-mercado","tag-standvirtual"],"yoast_head":"<!-- This site is optimized with the Yoast SEO plugin v27.4 - https:\/\/yoast.com\/product\/yoast-seo-wordpress\/ -->\n<title>Portugueses dispostos a gastar 300\u20ac mensais por um renting - Jornal das Oficinas<\/title>\n<meta name=\"robots\" content=\"index, follow, max-snippet:-1, max-image-preview:large, max-video-preview:-1\" \/>\n<link rel=\"canonical\" href=\"https:\/\/jornaldasoficinas.com\/pt\/portugueses-dispostos-a-gastar-300e-mensais-por-um-renting\/\" \/>\n<meta property=\"og:locale\" content=\"pt_PT\" \/>\n<meta property=\"og:type\" content=\"article\" \/>\n<meta property=\"og:title\" content=\"Portugueses dispostos a gastar 300\u20ac mensais por um renting - Jornal das Oficinas\" \/>\n<meta property=\"og:description\" content=\"O Standvirtual, apresentou um estudo, realizado...\" \/>\n<meta property=\"og:url\" content=\"https:\/\/jornaldasoficinas.com\/pt\/portugueses-dispostos-a-gastar-300e-mensais-por-um-renting\/\" \/>\n<meta property=\"og:site_name\" content=\"Jornal das Oficinas\" \/>\n<meta property=\"article:publisher\" content=\"https:\/\/www.facebook.com\/jornaloficinas\" \/>\n<meta property=\"article:published_time\" content=\"2022-10-27T11:00:56+00:00\" \/>\n<meta property=\"og:image\" content=\"https:\/\/jornaldasoficinas.com\/pt\/wp-content\/uploads\/2022\/10\/Portugueses-dispostos-a-gastar-300E-mensais-por-um-renting.jpg\" \/>\n\t<meta property=\"og:image:width\" content=\"1024\" \/>\n\t<meta property=\"og:image:height\" content=\"581\" \/>\n\t<meta property=\"og:image:type\" content=\"image\/jpeg\" \/>\n<meta name=\"author\" content=\"Reda\u00e7\u00e3o JO\" \/>\n<meta name=\"twitter:card\" content=\"summary_large_image\" \/>\n<meta name=\"twitter:creator\" content=\"@jornaloficinas\" \/>\n<meta name=\"twitter:site\" content=\"@jornaloficinas\" \/>\n<meta name=\"twitter:label1\" content=\"Escrito por\" \/>\n\t<meta name=\"twitter:data1\" content=\"Reda\u00e7\u00e3o JO\" \/>\n\t<meta name=\"twitter:label2\" content=\"Tempo estimado de leitura\" \/>\n\t<meta name=\"twitter:data2\" content=\"1 minuto\" \/>\n<script type=\"application\/ld+json\" class=\"yoast-schema-graph\">{\"@context\":\"https:\\\/\\\/schema.org\",\"@graph\":[{\"@type\":\"Article\",\"@id\":\"https:\\\/\\\/jornaldasoficinas.com\\\/pt\\\/portugueses-dispostos-a-gastar-300e-mensais-por-um-renting\\\/#article\",\"isPartOf\":{\"@id\":\"https:\\\/\\\/jornaldasoficinas.com\\\/pt\\\/portugueses-dispostos-a-gastar-300e-mensais-por-um-renting\\\/\"},\"author\":{\"name\":\"Reda\u00e7\u00e3o JO\",\"@id\":\"https:\\\/\\\/jornaldasoficinas.com\\\/pt\\\/#\\\/schema\\\/person\\\/a38eef5de2c41d9e7c9ac10141afddf3\"},\"headline\":\"Portugueses dispostos a gastar 300\u20ac mensais por um renting\",\"datePublished\":\"2022-10-27T11:00:56+00:00\",\"mainEntityOfPage\":{\"@id\":\"https:\\\/\\\/jornaldasoficinas.com\\\/pt\\\/portugueses-dispostos-a-gastar-300e-mensais-por-um-renting\\\/\"},\"wordCount\":280,\"publisher\":{\"@id\":\"https:\\\/\\\/jornaldasoficinas.com\\\/pt\\\/#organization\"},\"image\":{\"@id\":\"https:\\\/\\\/jornaldasoficinas.com\\\/pt\\\/portugueses-dispostos-a-gastar-300e-mensais-por-um-renting\\\/#primaryimage\"},\"thumbnailUrl\":\"https:\\\/\\\/jornaldasoficinas.com\\\/pt\\\/wp-content\\\/uploads\\\/2022\\\/10\\\/Portugueses-dispostos-a-gastar-300E-mensais-por-um-renting.jpg\",\"keywords\":[\"Standvirtual\"],\"articleSection\":[\"Mercado\"],\"inLanguage\":\"pt-PT\"},{\"@type\":\"WebPage\",\"@id\":\"https:\\\/\\\/jornaldasoficinas.com\\\/pt\\\/portugueses-dispostos-a-gastar-300e-mensais-por-um-renting\\\/\",\"url\":\"https:\\\/\\\/jornaldasoficinas.com\\\/pt\\\/portugueses-dispostos-a-gastar-300e-mensais-por-um-renting\\\/\",\"name\":\"Portugueses dispostos a gastar 300\u20ac mensais por um renting - Jornal das Oficinas\",\"isPartOf\":{\"@id\":\"https:\\\/\\\/jornaldasoficinas.com\\\/pt\\\/#website\"},\"primaryImageOfPage\":{\"@id\":\"https:\\\/\\\/jornaldasoficinas.com\\\/pt\\\/portugueses-dispostos-a-gastar-300e-mensais-por-um-renting\\\/#primaryimage\"},\"image\":{\"@id\":\"https:\\\/\\\/jornaldasoficinas.com\\\/pt\\\/portugueses-dispostos-a-gastar-300e-mensais-por-um-renting\\\/#primaryimage\"},\"thumbnailUrl\":\"https:\\\/\\\/jornaldasoficinas.com\\\/pt\\\/wp-content\\\/uploads\\\/2022\\\/10\\\/Portugueses-dispostos-a-gastar-300E-mensais-por-um-renting.jpg\",\"datePublished\":\"2022-10-27T11:00:56+00:00\",\"breadcrumb\":{\"@id\":\"https:\\\/\\\/jornaldasoficinas.com\\\/pt\\\/portugueses-dispostos-a-gastar-300e-mensais-por-um-renting\\\/#breadcrumb\"},\"inLanguage\":\"pt-PT\",\"potentialAction\":[{\"@type\":\"ReadAction\",\"target\":[\"https:\\\/\\\/jornaldasoficinas.com\\\/pt\\\/portugueses-dispostos-a-gastar-300e-mensais-por-um-renting\\\/\"]}]},{\"@type\":\"ImageObject\",\"inLanguage\":\"pt-PT\",\"@id\":\"https:\\\/\\\/jornaldasoficinas.com\\\/pt\\\/portugueses-dispostos-a-gastar-300e-mensais-por-um-renting\\\/#primaryimage\",\"url\":\"https:\\\/\\\/jornaldasoficinas.com\\\/pt\\\/wp-content\\\/uploads\\\/2022\\\/10\\\/Portugueses-dispostos-a-gastar-300E-mensais-por-um-renting.jpg\",\"contentUrl\":\"https:\\\/\\\/jornaldasoficinas.com\\\/pt\\\/wp-content\\\/uploads\\\/2022\\\/10\\\/Portugueses-dispostos-a-gastar-300E-mensais-por-um-renting.jpg\",\"width\":1024,\"height\":581,\"caption\":\"10 - Portugueses dispostos a gastar 300E mensais por um renting\"},{\"@type\":\"BreadcrumbList\",\"@id\":\"https:\\\/\\\/jornaldasoficinas.com\\\/pt\\\/portugueses-dispostos-a-gastar-300e-mensais-por-um-renting\\\/#breadcrumb\",\"itemListElement\":[{\"@type\":\"ListItem\",\"position\":1,\"name\":\"In\u00edcio\",\"item\":\"https:\\\/\\\/jornaldasoficinas.com\\\/pt\\\/\"},{\"@type\":\"ListItem\",\"position\":2,\"name\":\"Portugueses dispostos a gastar 300\u20ac mensais por um renting\"}]},{\"@type\":\"WebSite\",\"@id\":\"https:\\\/\\\/jornaldasoficinas.com\\\/pt\\\/#website\",\"url\":\"https:\\\/\\\/jornaldasoficinas.com\\\/pt\\\/\",\"name\":\"Jornal das Oficinas\",\"description\":\"Jornal independente do Aftermarket Autom\u00f3vel em Portugal\",\"publisher\":{\"@id\":\"https:\\\/\\\/jornaldasoficinas.com\\\/pt\\\/#organization\"},\"potentialAction\":[{\"@type\":\"SearchAction\",\"target\":{\"@type\":\"EntryPoint\",\"urlTemplate\":\"https:\\\/\\\/jornaldasoficinas.com\\\/pt\\\/?s={search_term_string}\"},\"query-input\":{\"@type\":\"PropertyValueSpecification\",\"valueRequired\":true,\"valueName\":\"search_term_string\"}}],\"inLanguage\":\"pt-PT\"},{\"@type\":\"Organization\",\"@id\":\"https:\\\/\\\/jornaldasoficinas.com\\\/pt\\\/#organization\",\"name\":\"Jornal das Oficinas\",\"url\":\"https:\\\/\\\/jornaldasoficinas.com\\\/pt\\\/\",\"logo\":{\"@type\":\"ImageObject\",\"inLanguage\":\"pt-PT\",\"@id\":\"https:\\\/\\\/jornaldasoficinas.com\\\/pt\\\/#\\\/schema\\\/logo\\\/image\\\/\",\"url\":\"https:\\\/\\\/jornaldasoficinas.com\\\/pt\\\/wp-content\\\/uploads\\\/logoJO-SEO.png\",\"contentUrl\":\"https:\\\/\\\/jornaldasoficinas.com\\\/pt\\\/wp-content\\\/uploads\\\/logoJO-SEO.png\",\"width\":285,\"height\":450,\"caption\":\"Jornal das Oficinas\"},\"image\":{\"@id\":\"https:\\\/\\\/jornaldasoficinas.com\\\/pt\\\/#\\\/schema\\\/logo\\\/image\\\/\"},\"sameAs\":[\"https:\\\/\\\/www.facebook.com\\\/jornaloficinas\",\"https:\\\/\\\/x.com\\\/jornaloficinas\",\"https:\\\/\\\/www.instagram.com\\\/jornal_oficinas\\\/\",\"https:\\\/\\\/www.linkedin.com\\\/company\\\/jornal-das-oficinas\\\/\",\"https:\\\/\\\/www.youtube.com\\\/channel\\\/UCbQZBqtcvV-oSQrr7RzINGg\"]},{\"@type\":\"Person\",\"@id\":\"https:\\\/\\\/jornaldasoficinas.com\\\/pt\\\/#\\\/schema\\\/person\\\/a38eef5de2c41d9e7c9ac10141afddf3\",\"name\":\"Reda\u00e7\u00e3o JO\",\"image\":{\"@type\":\"ImageObject\",\"inLanguage\":\"pt-PT\",\"@id\":\"https:\\\/\\\/secure.gravatar.com\\\/avatar\\\/71f2fa71737ad68a84fea94bc708ddac8ea5b0c4788dc2ad202f3ccb2887742f?s=96&d=wp_user_avatar&r=g\",\"url\":\"https:\\\/\\\/secure.gravatar.com\\\/avatar\\\/71f2fa71737ad68a84fea94bc708ddac8ea5b0c4788dc2ad202f3ccb2887742f?s=96&d=wp_user_avatar&r=g\",\"contentUrl\":\"https:\\\/\\\/secure.gravatar.com\\\/avatar\\\/71f2fa71737ad68a84fea94bc708ddac8ea5b0c4788dc2ad202f3ccb2887742f?s=96&d=wp_user_avatar&r=g\",\"caption\":\"Reda\u00e7\u00e3o JO\"},\"url\":\"https:\\\/\\\/jornaldasoficinas.com\\\/pt\\\/author\\\/joredacao\\\/\"}]}<\/script>\n<!-- \/ Yoast SEO plugin. -->","yoast_head_json":{"title":"Portugueses dispostos a gastar 300\u20ac mensais por um renting - Jornal das Oficinas","robots":{"index":"index","follow":"follow","max-snippet":"max-snippet:-1","max-image-preview":"max-image-preview:large","max-video-preview":"max-video-preview:-1"},"canonical":"https:\/\/jornaldasoficinas.com\/pt\/portugueses-dispostos-a-gastar-300e-mensais-por-um-renting\/","og_locale":"pt_PT","og_type":"article","og_title":"Portugueses dispostos a gastar 300\u20ac mensais por um renting - Jornal das Oficinas","og_description":"O Standvirtual, apresentou um estudo, realizado...","og_url":"https:\/\/jornaldasoficinas.com\/pt\/portugueses-dispostos-a-gastar-300e-mensais-por-um-renting\/","og_site_name":"Jornal das Oficinas","article_publisher":"https:\/\/www.facebook.com\/jornaloficinas","article_published_time":"2022-10-27T11:00:56+00:00","og_image":[{"width":1024,"height":581,"url":"https:\/\/jornaldasoficinas.com\/pt\/wp-content\/uploads\/2022\/10\/Portugueses-dispostos-a-gastar-300E-mensais-por-um-renting.jpg","type":"image\/jpeg"}],"author":"Reda\u00e7\u00e3o JO","twitter_card":"summary_large_image","twitter_creator":"@jornaloficinas","twitter_site":"@jornaloficinas","twitter_misc":{"Escrito por":"Reda\u00e7\u00e3o JO","Tempo estimado de leitura":"1 minuto"},"schema":{"@context":"https:\/\/schema.org","@graph":[{"@type":"Article","@id":"https:\/\/jornaldasoficinas.com\/pt\/portugueses-dispostos-a-gastar-300e-mensais-por-um-renting\/#article","isPartOf":{"@id":"https:\/\/jornaldasoficinas.com\/pt\/portugueses-dispostos-a-gastar-300e-mensais-por-um-renting\/"},"author":{"name":"Reda\u00e7\u00e3o JO","@id":"https:\/\/jornaldasoficinas.com\/pt\/#\/schema\/person\/a38eef5de2c41d9e7c9ac10141afddf3"},"headline":"Portugueses dispostos a gastar 300\u20ac mensais por um renting","datePublished":"2022-10-27T11:00:56+00:00","mainEntityOfPage":{"@id":"https:\/\/jornaldasoficinas.com\/pt\/portugueses-dispostos-a-gastar-300e-mensais-por-um-renting\/"},"wordCount":280,"publisher":{"@id":"https:\/\/jornaldasoficinas.com\/pt\/#organization"},"image":{"@id":"https:\/\/jornaldasoficinas.com\/pt\/portugueses-dispostos-a-gastar-300e-mensais-por-um-renting\/#primaryimage"},"thumbnailUrl":"https:\/\/jornaldasoficinas.com\/pt\/wp-content\/uploads\/2022\/10\/Portugueses-dispostos-a-gastar-300E-mensais-por-um-renting.jpg","keywords":["Standvirtual"],"articleSection":["Mercado"],"inLanguage":"pt-PT"},{"@type":"WebPage","@id":"https:\/\/jornaldasoficinas.com\/pt\/portugueses-dispostos-a-gastar-300e-mensais-por-um-renting\/","url":"https:\/\/jornaldasoficinas.com\/pt\/portugueses-dispostos-a-gastar-300e-mensais-por-um-renting\/","name":"Portugueses dispostos a gastar 300\u20ac mensais por um renting - Jornal das Oficinas","isPartOf":{"@id":"https:\/\/jornaldasoficinas.com\/pt\/#website"},"primaryImageOfPage":{"@id":"https:\/\/jornaldasoficinas.com\/pt\/portugueses-dispostos-a-gastar-300e-mensais-por-um-renting\/#primaryimage"},"image":{"@id":"https:\/\/jornaldasoficinas.com\/pt\/portugueses-dispostos-a-gastar-300e-mensais-por-um-renting\/#primaryimage"},"thumbnailUrl":"https:\/\/jornaldasoficinas.com\/pt\/wp-content\/uploads\/2022\/10\/Portugueses-dispostos-a-gastar-300E-mensais-por-um-renting.jpg","datePublished":"2022-10-27T11:00:56+00:00","breadcrumb":{"@id":"https:\/\/jornaldasoficinas.com\/pt\/portugueses-dispostos-a-gastar-300e-mensais-por-um-renting\/#breadcrumb"},"inLanguage":"pt-PT","potentialAction":[{"@type":"ReadAction","target":["https:\/\/jornaldasoficinas.com\/pt\/portugueses-dispostos-a-gastar-300e-mensais-por-um-renting\/"]}]},{"@type":"ImageObject","inLanguage":"pt-PT","@id":"https:\/\/jornaldasoficinas.com\/pt\/portugueses-dispostos-a-gastar-300e-mensais-por-um-renting\/#primaryimage","url":"https:\/\/jornaldasoficinas.com\/pt\/wp-content\/uploads\/2022\/10\/Portugueses-dispostos-a-gastar-300E-mensais-por-um-renting.jpg","contentUrl":"https:\/\/jornaldasoficinas.com\/pt\/wp-content\/uploads\/2022\/10\/Portugueses-dispostos-a-gastar-300E-mensais-por-um-renting.jpg","width":1024,"height":581,"caption":"10 - Portugueses dispostos a gastar 300E mensais por um renting"},{"@type":"BreadcrumbList","@id":"https:\/\/jornaldasoficinas.com\/pt\/portugueses-dispostos-a-gastar-300e-mensais-por-um-renting\/#breadcrumb","itemListElement":[{"@type":"ListItem","position":1,"name":"In\u00edcio","item":"https:\/\/jornaldasoficinas.com\/pt\/"},{"@type":"ListItem","position":2,"name":"Portugueses dispostos a gastar 300\u20ac mensais por um renting"}]},{"@type":"WebSite","@id":"https:\/\/jornaldasoficinas.com\/pt\/#website","url":"https:\/\/jornaldasoficinas.com\/pt\/","name":"Jornal das Oficinas","description":"Jornal independente do Aftermarket Autom\u00f3vel em Portugal","publisher":{"@id":"https:\/\/jornaldasoficinas.com\/pt\/#organization"},"potentialAction":[{"@type":"SearchAction","target":{"@type":"EntryPoint","urlTemplate":"https:\/\/jornaldasoficinas.com\/pt\/?s={search_term_string}"},"query-input":{"@type":"PropertyValueSpecification","valueRequired":true,"valueName":"search_term_string"}}],"inLanguage":"pt-PT"},{"@type":"Organization","@id":"https:\/\/jornaldasoficinas.com\/pt\/#organization","name":"Jornal das Oficinas","url":"https:\/\/jornaldasoficinas.com\/pt\/","logo":{"@type":"ImageObject","inLanguage":"pt-PT","@id":"https:\/\/jornaldasoficinas.com\/pt\/#\/schema\/logo\/image\/","url":"https:\/\/jornaldasoficinas.com\/pt\/wp-content\/uploads\/logoJO-SEO.png","contentUrl":"https:\/\/jornaldasoficinas.com\/pt\/wp-content\/uploads\/logoJO-SEO.png","width":285,"height":450,"caption":"Jornal das Oficinas"},"image":{"@id":"https:\/\/jornaldasoficinas.com\/pt\/#\/schema\/logo\/image\/"},"sameAs":["https:\/\/www.facebook.com\/jornaloficinas","https:\/\/x.com\/jornaloficinas","https:\/\/www.instagram.com\/jornal_oficinas\/","https:\/\/www.linkedin.com\/company\/jornal-das-oficinas\/","https:\/\/www.youtube.com\/channel\/UCbQZBqtcvV-oSQrr7RzINGg"]},{"@type":"Person","@id":"https:\/\/jornaldasoficinas.com\/pt\/#\/schema\/person\/a38eef5de2c41d9e7c9ac10141afddf3","name":"Reda\u00e7\u00e3o JO","image":{"@type":"ImageObject","inLanguage":"pt-PT","@id":"https:\/\/secure.gravatar.com\/avatar\/71f2fa71737ad68a84fea94bc708ddac8ea5b0c4788dc2ad202f3ccb2887742f?s=96&d=wp_user_avatar&r=g","url":"https:\/\/secure.gravatar.com\/avatar\/71f2fa71737ad68a84fea94bc708ddac8ea5b0c4788dc2ad202f3ccb2887742f?s=96&d=wp_user_avatar&r=g","contentUrl":"https:\/\/secure.gravatar.com\/avatar\/71f2fa71737ad68a84fea94bc708ddac8ea5b0c4788dc2ad202f3ccb2887742f?s=96&d=wp_user_avatar&r=g","caption":"Reda\u00e7\u00e3o JO"},"url":"https:\/\/jornaldasoficinas.com\/pt\/author\/joredacao\/"}]}},"_links":{"self":[{"href":"https:\/\/jornaldasoficinas.com\/pt\/wp-json\/wp\/v2\/posts\/34034","targetHints":{"allow":["GET"]}}],"collection":[{"href":"https:\/\/jornaldasoficinas.com\/pt\/wp-json\/wp\/v2\/posts"}],"about":[{"href":"https:\/\/jornaldasoficinas.com\/pt\/wp-json\/wp\/v2\/types\/post"}],"author":[{"embeddable":true,"href":"https:\/\/jornaldasoficinas.com\/pt\/wp-json\/wp\/v2\/users\/15"}],"replies":[{"embeddable":true,"href":"https:\/\/jornaldasoficinas.com\/pt\/wp-json\/wp\/v2\/comments?post=34034"}],"version-history":[{"count":0,"href":"https:\/\/jornaldasoficinas.com\/pt\/wp-json\/wp\/v2\/posts\/34034\/revisions"}],"wp:featuredmedia":[{"embeddable":true,"href":"https:\/\/jornaldasoficinas.com\/pt\/wp-json\/wp\/v2\/media\/33976"}],"wp:attachment":[{"href":"https:\/\/jornaldasoficinas.com\/pt\/wp-json\/wp\/v2\/media?parent=34034"}],"wp:term":[{"taxonomy":"category","embeddable":true,"href":"https:\/\/jornaldasoficinas.com\/pt\/wp-json\/wp\/v2\/categories?post=34034"},{"taxonomy":"post_tag","embeddable":true,"href":"https:\/\/jornaldasoficinas.com\/pt\/wp-json\/wp\/v2\/tags?post=34034"}],"curies":[{"name":"wp","href":"https:\/\/api.w.org\/{rel}","templated":true}]}}