{"id":34036,"date":"2022-10-27T14:00:19","date_gmt":"2022-10-27T13:00:19","guid":{"rendered":"https:\/\/jornaldasoficinas.com\/pt\/?p=34036"},"modified":"2022-10-27T10:09:08","modified_gmt":"2022-10-27T09:09:08","slug":"power-dot-e-accor-carregam-1800-hoteis-na-europa","status":"publish","type":"post","link":"https:\/\/jornaldasoficinas.com\/pt\/power-dot-e-accor-carregam-1800-hoteis-na-europa\/","title":{"rendered":"Power Dot e Accor \u201ccarregam\u201d 1800 hot\u00e9is na Europa"},"content":{"rendered":"<p><img loading=\"lazy\" decoding=\"async\" class=\"alignnone size-full wp-image-33978\" src=\"https:\/\/jornaldasoficinas.com\/pt\/wp-content\/uploads\/2022\/10\/Power-Dot-e-Accor-carregam-1800-hote\u0301is-na-Europa1.jpg\" alt=\"10 - Power Dot e Accor carregam 1800 hote\u0301is na Europa1\" width=\"1024\" height=\"581\" srcset=\"https:\/\/jornaldasoficinas.com\/pt\/wp-content\/uploads\/2022\/10\/Power-Dot-e-Accor-carregam-1800-hote\u0301is-na-Europa1.jpg 1024w, https:\/\/jornaldasoficinas.com\/pt\/wp-content\/uploads\/2022\/10\/Power-Dot-e-Accor-carregam-1800-hote\u0301is-na-Europa1-300x170.jpg 300w, https:\/\/jornaldasoficinas.com\/pt\/wp-content\/uploads\/2022\/10\/Power-Dot-e-Accor-carregam-1800-hote\u0301is-na-Europa1-150x85.jpg 150w, https:\/\/jornaldasoficinas.com\/pt\/wp-content\/uploads\/2022\/10\/Power-Dot-e-Accor-carregam-1800-hote\u0301is-na-Europa1-768x436.jpg 768w\" sizes=\"auto, (max-width: 1024px) 100vw, 1024px\" \/><\/p>\n<p><strong>A <a href=\"https:\/\/powerdot.pt\/\" target=\"_blank\" rel=\"noopener\">Power Dot<\/a> acaba de assinar uma parceria com a multinacional francesa Accor, podendo vir a equipar cerca de 1800 dos seus hot\u00e9is em Portugal, Fran\u00e7a, It\u00e1lia e Espanha, tornando-se, assim, no seu bra\u00e7o-direito a n\u00edvel de pontos de carregamento<\/strong><\/p>\n<p>A curto prazo est\u00e1 prevista a entrada em vigor de uma fase-piloto do projeto em todos estes pa\u00edses (exceto na It\u00e1lia), a qual envolve a instala\u00e7\u00e3o de carregadores r\u00e1pidos e ultrarr\u00e1pidos em 114 parques de estacionamento dos hot\u00e9is Ibis, Mercure, Novotel, Pullman e Sofitel.<\/p>\n<p>\u201cEstamos orgulhosos por estabelecer esta parceria com o Grupo Accor, que, tal como n\u00f3s, tamb\u00e9m quer contribuir para uma transi\u00e7\u00e3o energ\u00e9tica mais c\u00e9lere.<\/p>\n<p>Com mais carregadores e com carregadores mais potentes estamos a acelerar a mudan\u00e7a para a eletrifica\u00e7\u00e3o do setor autom\u00f3vel\u201d, sublinha o general manager da Power Dot, Jos\u00e9 Maria Sacadura.<\/p>\n<p>Uma opini\u00e3o partilhada pela diretora do departamento de compras da Accor Europa do Sul, Coline Pont: \u201cEstamos muito satisfeitos com esta parceria com a Power Dot, pois permite-nos antecipar as necessidades dos clientes, oferecendo-lhes cada vez mais servi\u00e7os tendo em conta as nossas metas de responsabilidade social\u201d.<\/p>\n<p>Este an\u00fancio confirma os ambiciosos objetivos de expans\u00e3o da Power Dot estabelecidos ap\u00f3s ter recebido o investimento de 150 milh\u00f5es de euros do fundo franc\u00eas Antin\u00a0 em maio deste ano: instalar mais de 14 000 pontos de carregamento em toda a Europa at\u00e9 2025.<\/p>\n<p>A Power Dot assegura de forma 100% gratuita a instala\u00e7\u00e3o, a gest\u00e3o e a manuten\u00e7\u00e3o de carregadores para ve\u00edculos el\u00e9tricos em parques de estacionamento de acesso p\u00fablico de hot\u00e9is, shoppings, supermercados, retail parks, restaurantes, gin\u00e1sios, hospitais e munic\u00edpios.<\/p>\n<p><img loading=\"lazy\" decoding=\"async\" class=\"alignnone size-full wp-image-33977\" src=\"https:\/\/jornaldasoficinas.com\/pt\/wp-content\/uploads\/2022\/10\/Power-Dot-e-Accor-carregam-1800-hote\u0301is-na-Europa2.jpg\" alt=\"10 - Power Dot e Accor carregam 1800 hote\u0301is na Europa2\" width=\"1024\" height=\"581\" srcset=\"https:\/\/jornaldasoficinas.com\/pt\/wp-content\/uploads\/2022\/10\/Power-Dot-e-Accor-carregam-1800-hote\u0301is-na-Europa2.jpg 1024w, https:\/\/jornaldasoficinas.com\/pt\/wp-content\/uploads\/2022\/10\/Power-Dot-e-Accor-carregam-1800-hote\u0301is-na-Europa2-300x170.jpg 300w, https:\/\/jornaldasoficinas.com\/pt\/wp-content\/uploads\/2022\/10\/Power-Dot-e-Accor-carregam-1800-hote\u0301is-na-Europa2-150x85.jpg 150w, https:\/\/jornaldasoficinas.com\/pt\/wp-content\/uploads\/2022\/10\/Power-Dot-e-Accor-carregam-1800-hote\u0301is-na-Europa2-768x436.jpg 768w\" sizes=\"auto, (max-width: 1024px) 100vw, 1024px\" \/><\/p>\n","protected":false},"excerpt":{"rendered":"<p>A Power Dot acaba de assinar&#8230;<\/p>\n","protected":false},"author":15,"featured_media":33978,"comment_status":"closed","ping_status":"closed","sticky":false,"template":"","format":"standard","meta":{"footnotes":""},"categories":[37],"tags":[932],"class_list":["post-34036","post","type-post","status-publish","format-standard","has-post-thumbnail","hentry","category-mercado","tag-power-dot"],"yoast_head":"<!-- This site is optimized with the Yoast SEO plugin v27.4 - https:\/\/yoast.com\/product\/yoast-seo-wordpress\/ -->\n<title>Power Dot e Accor \u201ccarregam\u201d 1800 hot\u00e9is na Europa - Jornal das Oficinas<\/title>\n<meta name=\"robots\" content=\"index, follow, max-snippet:-1, max-image-preview:large, max-video-preview:-1\" \/>\n<link rel=\"canonical\" href=\"https:\/\/jornaldasoficinas.com\/pt\/power-dot-e-accor-carregam-1800-hoteis-na-europa\/\" \/>\n<meta property=\"og:locale\" content=\"pt_PT\" \/>\n<meta property=\"og:type\" content=\"article\" \/>\n<meta property=\"og:title\" content=\"Power Dot e Accor \u201ccarregam\u201d 1800 hot\u00e9is na Europa - Jornal das Oficinas\" \/>\n<meta property=\"og:description\" content=\"A Power Dot acaba de assinar...\" \/>\n<meta property=\"og:url\" content=\"https:\/\/jornaldasoficinas.com\/pt\/power-dot-e-accor-carregam-1800-hoteis-na-europa\/\" \/>\n<meta property=\"og:site_name\" content=\"Jornal das Oficinas\" \/>\n<meta property=\"article:publisher\" content=\"https:\/\/www.facebook.com\/jornaloficinas\" \/>\n<meta property=\"article:published_time\" content=\"2022-10-27T13:00:19+00:00\" \/>\n<meta property=\"og:image\" content=\"https:\/\/jornaldasoficinas.com\/pt\/wp-content\/uploads\/2022\/10\/Power-Dot-e-Accor-carregam-1800-hote\u0301is-na-Europa1.jpg\" \/>\n\t<meta property=\"og:image:width\" content=\"1024\" \/>\n\t<meta property=\"og:image:height\" content=\"581\" \/>\n\t<meta property=\"og:image:type\" content=\"image\/jpeg\" \/>\n<meta name=\"author\" content=\"Reda\u00e7\u00e3o JO\" \/>\n<meta name=\"twitter:card\" content=\"summary_large_image\" \/>\n<meta name=\"twitter:creator\" content=\"@jornaloficinas\" \/>\n<meta name=\"twitter:site\" content=\"@jornaloficinas\" \/>\n<meta name=\"twitter:label1\" content=\"Escrito por\" \/>\n\t<meta name=\"twitter:data1\" content=\"Reda\u00e7\u00e3o JO\" \/>\n\t<meta name=\"twitter:label2\" content=\"Tempo estimado de leitura\" \/>\n\t<meta name=\"twitter:data2\" content=\"1 minuto\" \/>\n<script type=\"application\/ld+json\" class=\"yoast-schema-graph\">{\"@context\":\"https:\\\/\\\/schema.org\",\"@graph\":[{\"@type\":\"Article\",\"@id\":\"https:\\\/\\\/jornaldasoficinas.com\\\/pt\\\/power-dot-e-accor-carregam-1800-hoteis-na-europa\\\/#article\",\"isPartOf\":{\"@id\":\"https:\\\/\\\/jornaldasoficinas.com\\\/pt\\\/power-dot-e-accor-carregam-1800-hoteis-na-europa\\\/\"},\"author\":{\"name\":\"Reda\u00e7\u00e3o JO\",\"@id\":\"https:\\\/\\\/jornaldasoficinas.com\\\/pt\\\/#\\\/schema\\\/person\\\/a38eef5de2c41d9e7c9ac10141afddf3\"},\"headline\":\"Power Dot e Accor \u201ccarregam\u201d 1800 hot\u00e9is na Europa\",\"datePublished\":\"2022-10-27T13:00:19+00:00\",\"mainEntityOfPage\":{\"@id\":\"https:\\\/\\\/jornaldasoficinas.com\\\/pt\\\/power-dot-e-accor-carregam-1800-hoteis-na-europa\\\/\"},\"wordCount\":302,\"publisher\":{\"@id\":\"https:\\\/\\\/jornaldasoficinas.com\\\/pt\\\/#organization\"},\"image\":{\"@id\":\"https:\\\/\\\/jornaldasoficinas.com\\\/pt\\\/power-dot-e-accor-carregam-1800-hoteis-na-europa\\\/#primaryimage\"},\"thumbnailUrl\":\"https:\\\/\\\/jornaldasoficinas.com\\\/pt\\\/wp-content\\\/uploads\\\/2022\\\/10\\\/Power-Dot-e-Accor-carregam-1800-hote\u0301is-na-Europa1.jpg\",\"keywords\":[\"Power Dot\"],\"articleSection\":[\"Mercado\"],\"inLanguage\":\"pt-PT\"},{\"@type\":\"WebPage\",\"@id\":\"https:\\\/\\\/jornaldasoficinas.com\\\/pt\\\/power-dot-e-accor-carregam-1800-hoteis-na-europa\\\/\",\"url\":\"https:\\\/\\\/jornaldasoficinas.com\\\/pt\\\/power-dot-e-accor-carregam-1800-hoteis-na-europa\\\/\",\"name\":\"Power Dot e Accor \u201ccarregam\u201d 1800 hot\u00e9is na Europa - Jornal das Oficinas\",\"isPartOf\":{\"@id\":\"https:\\\/\\\/jornaldasoficinas.com\\\/pt\\\/#website\"},\"primaryImageOfPage\":{\"@id\":\"https:\\\/\\\/jornaldasoficinas.com\\\/pt\\\/power-dot-e-accor-carregam-1800-hoteis-na-europa\\\/#primaryimage\"},\"image\":{\"@id\":\"https:\\\/\\\/jornaldasoficinas.com\\\/pt\\\/power-dot-e-accor-carregam-1800-hoteis-na-europa\\\/#primaryimage\"},\"thumbnailUrl\":\"https:\\\/\\\/jornaldasoficinas.com\\\/pt\\\/wp-content\\\/uploads\\\/2022\\\/10\\\/Power-Dot-e-Accor-carregam-1800-hote\u0301is-na-Europa1.jpg\",\"datePublished\":\"2022-10-27T13:00:19+00:00\",\"breadcrumb\":{\"@id\":\"https:\\\/\\\/jornaldasoficinas.com\\\/pt\\\/power-dot-e-accor-carregam-1800-hoteis-na-europa\\\/#breadcrumb\"},\"inLanguage\":\"pt-PT\",\"potentialAction\":[{\"@type\":\"ReadAction\",\"target\":[\"https:\\\/\\\/jornaldasoficinas.com\\\/pt\\\/power-dot-e-accor-carregam-1800-hoteis-na-europa\\\/\"]}]},{\"@type\":\"ImageObject\",\"inLanguage\":\"pt-PT\",\"@id\":\"https:\\\/\\\/jornaldasoficinas.com\\\/pt\\\/power-dot-e-accor-carregam-1800-hoteis-na-europa\\\/#primaryimage\",\"url\":\"https:\\\/\\\/jornaldasoficinas.com\\\/pt\\\/wp-content\\\/uploads\\\/2022\\\/10\\\/Power-Dot-e-Accor-carregam-1800-hote\u0301is-na-Europa1.jpg\",\"contentUrl\":\"https:\\\/\\\/jornaldasoficinas.com\\\/pt\\\/wp-content\\\/uploads\\\/2022\\\/10\\\/Power-Dot-e-Accor-carregam-1800-hote\u0301is-na-Europa1.jpg\",\"width\":1024,\"height\":581,\"caption\":\"10 - Power Dot e Accor carregam 1800 hote\u0301is na Europa1\"},{\"@type\":\"BreadcrumbList\",\"@id\":\"https:\\\/\\\/jornaldasoficinas.com\\\/pt\\\/power-dot-e-accor-carregam-1800-hoteis-na-europa\\\/#breadcrumb\",\"itemListElement\":[{\"@type\":\"ListItem\",\"position\":1,\"name\":\"In\u00edcio\",\"item\":\"https:\\\/\\\/jornaldasoficinas.com\\\/pt\\\/\"},{\"@type\":\"ListItem\",\"position\":2,\"name\":\"Power Dot e Accor \u201ccarregam\u201d 1800 hot\u00e9is na Europa\"}]},{\"@type\":\"WebSite\",\"@id\":\"https:\\\/\\\/jornaldasoficinas.com\\\/pt\\\/#website\",\"url\":\"https:\\\/\\\/jornaldasoficinas.com\\\/pt\\\/\",\"name\":\"Jornal das Oficinas\",\"description\":\"Jornal independente do Aftermarket Autom\u00f3vel em Portugal\",\"publisher\":{\"@id\":\"https:\\\/\\\/jornaldasoficinas.com\\\/pt\\\/#organization\"},\"potentialAction\":[{\"@type\":\"SearchAction\",\"target\":{\"@type\":\"EntryPoint\",\"urlTemplate\":\"https:\\\/\\\/jornaldasoficinas.com\\\/pt\\\/?s={search_term_string}\"},\"query-input\":{\"@type\":\"PropertyValueSpecification\",\"valueRequired\":true,\"valueName\":\"search_term_string\"}}],\"inLanguage\":\"pt-PT\"},{\"@type\":\"Organization\",\"@id\":\"https:\\\/\\\/jornaldasoficinas.com\\\/pt\\\/#organization\",\"name\":\"Jornal das Oficinas\",\"url\":\"https:\\\/\\\/jornaldasoficinas.com\\\/pt\\\/\",\"logo\":{\"@type\":\"ImageObject\",\"inLanguage\":\"pt-PT\",\"@id\":\"https:\\\/\\\/jornaldasoficinas.com\\\/pt\\\/#\\\/schema\\\/logo\\\/image\\\/\",\"url\":\"https:\\\/\\\/jornaldasoficinas.com\\\/pt\\\/wp-content\\\/uploads\\\/logoJO-SEO.png\",\"contentUrl\":\"https:\\\/\\\/jornaldasoficinas.com\\\/pt\\\/wp-content\\\/uploads\\\/logoJO-SEO.png\",\"width\":285,\"height\":450,\"caption\":\"Jornal das Oficinas\"},\"image\":{\"@id\":\"https:\\\/\\\/jornaldasoficinas.com\\\/pt\\\/#\\\/schema\\\/logo\\\/image\\\/\"},\"sameAs\":[\"https:\\\/\\\/www.facebook.com\\\/jornaloficinas\",\"https:\\\/\\\/x.com\\\/jornaloficinas\",\"https:\\\/\\\/www.instagram.com\\\/jornal_oficinas\\\/\",\"https:\\\/\\\/www.linkedin.com\\\/company\\\/jornal-das-oficinas\\\/\",\"https:\\\/\\\/www.youtube.com\\\/channel\\\/UCbQZBqtcvV-oSQrr7RzINGg\"]},{\"@type\":\"Person\",\"@id\":\"https:\\\/\\\/jornaldasoficinas.com\\\/pt\\\/#\\\/schema\\\/person\\\/a38eef5de2c41d9e7c9ac10141afddf3\",\"name\":\"Reda\u00e7\u00e3o JO\",\"image\":{\"@type\":\"ImageObject\",\"inLanguage\":\"pt-PT\",\"@id\":\"https:\\\/\\\/secure.gravatar.com\\\/avatar\\\/71f2fa71737ad68a84fea94bc708ddac8ea5b0c4788dc2ad202f3ccb2887742f?s=96&d=wp_user_avatar&r=g\",\"url\":\"https:\\\/\\\/secure.gravatar.com\\\/avatar\\\/71f2fa71737ad68a84fea94bc708ddac8ea5b0c4788dc2ad202f3ccb2887742f?s=96&d=wp_user_avatar&r=g\",\"contentUrl\":\"https:\\\/\\\/secure.gravatar.com\\\/avatar\\\/71f2fa71737ad68a84fea94bc708ddac8ea5b0c4788dc2ad202f3ccb2887742f?s=96&d=wp_user_avatar&r=g\",\"caption\":\"Reda\u00e7\u00e3o JO\"},\"url\":\"https:\\\/\\\/jornaldasoficinas.com\\\/pt\\\/author\\\/joredacao\\\/\"}]}<\/script>\n<!-- \/ Yoast SEO plugin. -->","yoast_head_json":{"title":"Power Dot e Accor \u201ccarregam\u201d 1800 hot\u00e9is na Europa - Jornal das Oficinas","robots":{"index":"index","follow":"follow","max-snippet":"max-snippet:-1","max-image-preview":"max-image-preview:large","max-video-preview":"max-video-preview:-1"},"canonical":"https:\/\/jornaldasoficinas.com\/pt\/power-dot-e-accor-carregam-1800-hoteis-na-europa\/","og_locale":"pt_PT","og_type":"article","og_title":"Power Dot e Accor \u201ccarregam\u201d 1800 hot\u00e9is na Europa - Jornal das Oficinas","og_description":"A Power Dot acaba de assinar...","og_url":"https:\/\/jornaldasoficinas.com\/pt\/power-dot-e-accor-carregam-1800-hoteis-na-europa\/","og_site_name":"Jornal das Oficinas","article_publisher":"https:\/\/www.facebook.com\/jornaloficinas","article_published_time":"2022-10-27T13:00:19+00:00","og_image":[{"width":1024,"height":581,"url":"https:\/\/jornaldasoficinas.com\/pt\/wp-content\/uploads\/2022\/10\/Power-Dot-e-Accor-carregam-1800-hote\u0301is-na-Europa1.jpg","type":"image\/jpeg"}],"author":"Reda\u00e7\u00e3o JO","twitter_card":"summary_large_image","twitter_creator":"@jornaloficinas","twitter_site":"@jornaloficinas","twitter_misc":{"Escrito por":"Reda\u00e7\u00e3o JO","Tempo estimado de leitura":"1 minuto"},"schema":{"@context":"https:\/\/schema.org","@graph":[{"@type":"Article","@id":"https:\/\/jornaldasoficinas.com\/pt\/power-dot-e-accor-carregam-1800-hoteis-na-europa\/#article","isPartOf":{"@id":"https:\/\/jornaldasoficinas.com\/pt\/power-dot-e-accor-carregam-1800-hoteis-na-europa\/"},"author":{"name":"Reda\u00e7\u00e3o JO","@id":"https:\/\/jornaldasoficinas.com\/pt\/#\/schema\/person\/a38eef5de2c41d9e7c9ac10141afddf3"},"headline":"Power Dot e Accor \u201ccarregam\u201d 1800 hot\u00e9is na Europa","datePublished":"2022-10-27T13:00:19+00:00","mainEntityOfPage":{"@id":"https:\/\/jornaldasoficinas.com\/pt\/power-dot-e-accor-carregam-1800-hoteis-na-europa\/"},"wordCount":302,"publisher":{"@id":"https:\/\/jornaldasoficinas.com\/pt\/#organization"},"image":{"@id":"https:\/\/jornaldasoficinas.com\/pt\/power-dot-e-accor-carregam-1800-hoteis-na-europa\/#primaryimage"},"thumbnailUrl":"https:\/\/jornaldasoficinas.com\/pt\/wp-content\/uploads\/2022\/10\/Power-Dot-e-Accor-carregam-1800-hote\u0301is-na-Europa1.jpg","keywords":["Power Dot"],"articleSection":["Mercado"],"inLanguage":"pt-PT"},{"@type":"WebPage","@id":"https:\/\/jornaldasoficinas.com\/pt\/power-dot-e-accor-carregam-1800-hoteis-na-europa\/","url":"https:\/\/jornaldasoficinas.com\/pt\/power-dot-e-accor-carregam-1800-hoteis-na-europa\/","name":"Power Dot e Accor \u201ccarregam\u201d 1800 hot\u00e9is na Europa - Jornal das Oficinas","isPartOf":{"@id":"https:\/\/jornaldasoficinas.com\/pt\/#website"},"primaryImageOfPage":{"@id":"https:\/\/jornaldasoficinas.com\/pt\/power-dot-e-accor-carregam-1800-hoteis-na-europa\/#primaryimage"},"image":{"@id":"https:\/\/jornaldasoficinas.com\/pt\/power-dot-e-accor-carregam-1800-hoteis-na-europa\/#primaryimage"},"thumbnailUrl":"https:\/\/jornaldasoficinas.com\/pt\/wp-content\/uploads\/2022\/10\/Power-Dot-e-Accor-carregam-1800-hote\u0301is-na-Europa1.jpg","datePublished":"2022-10-27T13:00:19+00:00","breadcrumb":{"@id":"https:\/\/jornaldasoficinas.com\/pt\/power-dot-e-accor-carregam-1800-hoteis-na-europa\/#breadcrumb"},"inLanguage":"pt-PT","potentialAction":[{"@type":"ReadAction","target":["https:\/\/jornaldasoficinas.com\/pt\/power-dot-e-accor-carregam-1800-hoteis-na-europa\/"]}]},{"@type":"ImageObject","inLanguage":"pt-PT","@id":"https:\/\/jornaldasoficinas.com\/pt\/power-dot-e-accor-carregam-1800-hoteis-na-europa\/#primaryimage","url":"https:\/\/jornaldasoficinas.com\/pt\/wp-content\/uploads\/2022\/10\/Power-Dot-e-Accor-carregam-1800-hote\u0301is-na-Europa1.jpg","contentUrl":"https:\/\/jornaldasoficinas.com\/pt\/wp-content\/uploads\/2022\/10\/Power-Dot-e-Accor-carregam-1800-hote\u0301is-na-Europa1.jpg","width":1024,"height":581,"caption":"10 - Power Dot e Accor carregam 1800 hote\u0301is na Europa1"},{"@type":"BreadcrumbList","@id":"https:\/\/jornaldasoficinas.com\/pt\/power-dot-e-accor-carregam-1800-hoteis-na-europa\/#breadcrumb","itemListElement":[{"@type":"ListItem","position":1,"name":"In\u00edcio","item":"https:\/\/jornaldasoficinas.com\/pt\/"},{"@type":"ListItem","position":2,"name":"Power Dot e Accor \u201ccarregam\u201d 1800 hot\u00e9is na Europa"}]},{"@type":"WebSite","@id":"https:\/\/jornaldasoficinas.com\/pt\/#website","url":"https:\/\/jornaldasoficinas.com\/pt\/","name":"Jornal das Oficinas","description":"Jornal independente do Aftermarket Autom\u00f3vel em Portugal","publisher":{"@id":"https:\/\/jornaldasoficinas.com\/pt\/#organization"},"potentialAction":[{"@type":"SearchAction","target":{"@type":"EntryPoint","urlTemplate":"https:\/\/jornaldasoficinas.com\/pt\/?s={search_term_string}"},"query-input":{"@type":"PropertyValueSpecification","valueRequired":true,"valueName":"search_term_string"}}],"inLanguage":"pt-PT"},{"@type":"Organization","@id":"https:\/\/jornaldasoficinas.com\/pt\/#organization","name":"Jornal das Oficinas","url":"https:\/\/jornaldasoficinas.com\/pt\/","logo":{"@type":"ImageObject","inLanguage":"pt-PT","@id":"https:\/\/jornaldasoficinas.com\/pt\/#\/schema\/logo\/image\/","url":"https:\/\/jornaldasoficinas.com\/pt\/wp-content\/uploads\/logoJO-SEO.png","contentUrl":"https:\/\/jornaldasoficinas.com\/pt\/wp-content\/uploads\/logoJO-SEO.png","width":285,"height":450,"caption":"Jornal das Oficinas"},"image":{"@id":"https:\/\/jornaldasoficinas.com\/pt\/#\/schema\/logo\/image\/"},"sameAs":["https:\/\/www.facebook.com\/jornaloficinas","https:\/\/x.com\/jornaloficinas","https:\/\/www.instagram.com\/jornal_oficinas\/","https:\/\/www.linkedin.com\/company\/jornal-das-oficinas\/","https:\/\/www.youtube.com\/channel\/UCbQZBqtcvV-oSQrr7RzINGg"]},{"@type":"Person","@id":"https:\/\/jornaldasoficinas.com\/pt\/#\/schema\/person\/a38eef5de2c41d9e7c9ac10141afddf3","name":"Reda\u00e7\u00e3o JO","image":{"@type":"ImageObject","inLanguage":"pt-PT","@id":"https:\/\/secure.gravatar.com\/avatar\/71f2fa71737ad68a84fea94bc708ddac8ea5b0c4788dc2ad202f3ccb2887742f?s=96&d=wp_user_avatar&r=g","url":"https:\/\/secure.gravatar.com\/avatar\/71f2fa71737ad68a84fea94bc708ddac8ea5b0c4788dc2ad202f3ccb2887742f?s=96&d=wp_user_avatar&r=g","contentUrl":"https:\/\/secure.gravatar.com\/avatar\/71f2fa71737ad68a84fea94bc708ddac8ea5b0c4788dc2ad202f3ccb2887742f?s=96&d=wp_user_avatar&r=g","caption":"Reda\u00e7\u00e3o JO"},"url":"https:\/\/jornaldasoficinas.com\/pt\/author\/joredacao\/"}]}},"_links":{"self":[{"href":"https:\/\/jornaldasoficinas.com\/pt\/wp-json\/wp\/v2\/posts\/34036","targetHints":{"allow":["GET"]}}],"collection":[{"href":"https:\/\/jornaldasoficinas.com\/pt\/wp-json\/wp\/v2\/posts"}],"about":[{"href":"https:\/\/jornaldasoficinas.com\/pt\/wp-json\/wp\/v2\/types\/post"}],"author":[{"embeddable":true,"href":"https:\/\/jornaldasoficinas.com\/pt\/wp-json\/wp\/v2\/users\/15"}],"replies":[{"embeddable":true,"href":"https:\/\/jornaldasoficinas.com\/pt\/wp-json\/wp\/v2\/comments?post=34036"}],"version-history":[{"count":0,"href":"https:\/\/jornaldasoficinas.com\/pt\/wp-json\/wp\/v2\/posts\/34036\/revisions"}],"wp:featuredmedia":[{"embeddable":true,"href":"https:\/\/jornaldasoficinas.com\/pt\/wp-json\/wp\/v2\/media\/33978"}],"wp:attachment":[{"href":"https:\/\/jornaldasoficinas.com\/pt\/wp-json\/wp\/v2\/media?parent=34036"}],"wp:term":[{"taxonomy":"category","embeddable":true,"href":"https:\/\/jornaldasoficinas.com\/pt\/wp-json\/wp\/v2\/categories?post=34036"},{"taxonomy":"post_tag","embeddable":true,"href":"https:\/\/jornaldasoficinas.com\/pt\/wp-json\/wp\/v2\/tags?post=34036"}],"curies":[{"name":"wp","href":"https:\/\/api.w.org\/{rel}","templated":true}]}}