{"id":34091,"date":"2022-10-28T14:00:33","date_gmt":"2022-10-28T13:00:33","guid":{"rendered":"https:\/\/jornaldasoficinas.com\/pt\/?p=34091"},"modified":"2022-10-28T09:01:24","modified_gmt":"2022-10-28T08:01:24","slug":"55-portugueses-prefere-credito-automovel-na-aquisicao","status":"publish","type":"post","link":"https:\/\/jornaldasoficinas.com\/pt\/55-portugueses-prefere-credito-automovel-na-aquisicao\/","title":{"rendered":"55% Portugueses prefere cr\u00e9dito autom\u00f3vel na aquisi\u00e7\u00e3o"},"content":{"rendered":"<p><img loading=\"lazy\" decoding=\"async\" class=\"alignnone size-full wp-image-34075\" src=\"https:\/\/jornaldasoficinas.com\/pt\/wp-content\/uploads\/2022\/10\/55-Portugueses-prefere-cre\u0301dito-automo\u0301vel-na-aquisic\u0327a\u0303o-1.png\" alt=\"10 - 55 Portugueses prefere cre\u0301dito automo\u0301vel na aquisic\u0327a\u0303o 1\" width=\"1024\" height=\"581\" srcset=\"https:\/\/jornaldasoficinas.com\/pt\/wp-content\/uploads\/2022\/10\/55-Portugueses-prefere-cre\u0301dito-automo\u0301vel-na-aquisic\u0327a\u0303o-1.png 1024w, https:\/\/jornaldasoficinas.com\/pt\/wp-content\/uploads\/2022\/10\/55-Portugueses-prefere-cre\u0301dito-automo\u0301vel-na-aquisic\u0327a\u0303o-1-300x170.png 300w, https:\/\/jornaldasoficinas.com\/pt\/wp-content\/uploads\/2022\/10\/55-Portugueses-prefere-cre\u0301dito-automo\u0301vel-na-aquisic\u0327a\u0303o-1-150x85.png 150w, https:\/\/jornaldasoficinas.com\/pt\/wp-content\/uploads\/2022\/10\/55-Portugueses-prefere-cre\u0301dito-automo\u0301vel-na-aquisic\u0327a\u0303o-1-768x436.png 768w\" sizes=\"auto, (max-width: 1024px) 100vw, 1024px\" \/><\/p>\n<p><strong>O <a href=\"https:\/\/www.standvirtual.com\/\" target=\"_blank\" rel=\"noopener\">Standvirtual<\/a>, apresentou um estudo, realizado em parceria com a <a href=\"https:\/\/www.marktest.com\/wap\/\" target=\"_blank\" rel=\"noopener\">Marktest<\/a>, sobre\u00a0\u201cServi\u00e7os Complementares na aquisi\u00e7\u00e3o de um ve\u00edculo\u201d, com dados sobre cr\u00e9dito, seguro e garantia. Segundo o estudo, enquanto 55% dos poss\u00edveis compradores consideraria um cr\u00e9dito autom\u00f3vel, cerca de 48% consideraria o pronto pagamento<\/strong><\/p>\n<p>Caso avan\u00e7assem com um\u00a0cr\u00e9dito autom\u00f3vel, 42% dos inquiridos recorreria diretamente a um banco, 33% iria adquirir este produto financeiro atrav\u00e9s do concession\u00e1rio\/stand e 10% atrav\u00e9s de uma institui\u00e7\u00e3o de cr\u00e9dito n\u00e3o banc\u00e1rio, enquanto 8% afirmam que n\u00e3o utilizariam cr\u00e9dito. Quatro anos (48 meses) \u00e9 o prazo preferencial de pagamento do cr\u00e9dito autom\u00f3vel para 46% dos inquiridos, seguido pelo pagamento a cinco anos (60 meses), que seria a escolha de 29%.<\/p>\n<p>No que diz respeito \u00e0\u00a0garantia autom\u00f3vel, no caso de um autom\u00f3vel em segunda-m\u00e3o, 88,7% dos poss\u00edveis compradores menciona que este \u00e9 um fator que influencia a decis\u00e3o de compra. Nessa situa\u00e7\u00e3o, mais de metade dos inquiridos (51,9%) refere que consideraria comprar uma extens\u00e3o da garantia autom\u00f3vel, com 30,2% a responder que n\u00e3o faria a extens\u00e3o e 18% a assumir-se indecisos.<\/p>\n<p>Sobre o\u00a0seguro autom\u00f3vel, \u00e9 evidente a prefer\u00eancia pelo seguro com cobertura de danos pr\u00f3prios (todos os riscos) no caso da compra de um ve\u00edculo novo, com 68% dos inquiridos a responder que optaria por esta modalidade. Pelo contr\u00e1rio, apenas 29% dos inquiridos optaria por um seguro com cobertura de todos os riscos se comprasse um ve\u00edculo usado.<\/p>\n<p>Praticamente metade (47%) dos poss\u00edveis compradores faria o seguro diretamente na seguradora, com 41% a optar pelo mediador de seguros. 7% fariam o seguro no concession\u00e1rio\/stand e 4% no banco. O pre\u00e7o (42%), mas tamb\u00e9m a prote\u00e7\u00e3o abrangente (15%) e o valor da franquia (12%) s\u00e3o os fatores mais valorizados na aquisi\u00e7\u00e3o de um seguro autom\u00f3vel.<\/p>\n","protected":false},"excerpt":{"rendered":"<p>O Standvirtual, apresentou um estudo, realizado&#8230;<\/p>\n","protected":false},"author":15,"featured_media":34075,"comment_status":"closed","ping_status":"closed","sticky":false,"template":"","format":"standard","meta":{"footnotes":""},"categories":[37],"tags":[2198],"class_list":["post-34091","post","type-post","status-publish","format-standard","has-post-thumbnail","hentry","category-mercado","tag-standvirtual"],"yoast_head":"<!-- This site is optimized with the Yoast SEO plugin v27.4 - https:\/\/yoast.com\/product\/yoast-seo-wordpress\/ -->\n<title>55% Portugueses prefere cr\u00e9dito autom\u00f3vel na aquisi\u00e7\u00e3o - Jornal das Oficinas<\/title>\n<meta name=\"robots\" content=\"index, follow, max-snippet:-1, max-image-preview:large, max-video-preview:-1\" \/>\n<link rel=\"canonical\" href=\"https:\/\/jornaldasoficinas.com\/pt\/55-portugueses-prefere-credito-automovel-na-aquisicao\/\" \/>\n<meta property=\"og:locale\" content=\"pt_PT\" \/>\n<meta property=\"og:type\" content=\"article\" \/>\n<meta property=\"og:title\" content=\"55% Portugueses prefere cr\u00e9dito autom\u00f3vel na aquisi\u00e7\u00e3o - Jornal das Oficinas\" \/>\n<meta property=\"og:description\" content=\"O Standvirtual, apresentou um estudo, realizado...\" \/>\n<meta property=\"og:url\" content=\"https:\/\/jornaldasoficinas.com\/pt\/55-portugueses-prefere-credito-automovel-na-aquisicao\/\" \/>\n<meta property=\"og:site_name\" content=\"Jornal das Oficinas\" \/>\n<meta property=\"article:publisher\" content=\"https:\/\/www.facebook.com\/jornaloficinas\" \/>\n<meta property=\"article:published_time\" content=\"2022-10-28T13:00:33+00:00\" \/>\n<meta property=\"og:image\" content=\"https:\/\/jornaldasoficinas.com\/pt\/wp-content\/uploads\/2022\/10\/55-Portugueses-prefere-cre\u0301dito-automo\u0301vel-na-aquisic\u0327a\u0303o-1.png\" \/>\n\t<meta property=\"og:image:width\" content=\"1024\" \/>\n\t<meta property=\"og:image:height\" content=\"581\" \/>\n\t<meta property=\"og:image:type\" content=\"image\/png\" \/>\n<meta name=\"author\" content=\"Reda\u00e7\u00e3o JO\" \/>\n<meta name=\"twitter:card\" content=\"summary_large_image\" \/>\n<meta name=\"twitter:creator\" content=\"@jornaloficinas\" \/>\n<meta name=\"twitter:site\" content=\"@jornaloficinas\" \/>\n<meta name=\"twitter:label1\" content=\"Escrito por\" \/>\n\t<meta name=\"twitter:data1\" content=\"Reda\u00e7\u00e3o JO\" \/>\n\t<meta name=\"twitter:label2\" content=\"Tempo estimado de leitura\" \/>\n\t<meta name=\"twitter:data2\" content=\"2 minutos\" \/>\n<script type=\"application\/ld+json\" class=\"yoast-schema-graph\">{\"@context\":\"https:\\\/\\\/schema.org\",\"@graph\":[{\"@type\":\"Article\",\"@id\":\"https:\\\/\\\/jornaldasoficinas.com\\\/pt\\\/55-portugueses-prefere-credito-automovel-na-aquisicao\\\/#article\",\"isPartOf\":{\"@id\":\"https:\\\/\\\/jornaldasoficinas.com\\\/pt\\\/55-portugueses-prefere-credito-automovel-na-aquisicao\\\/\"},\"author\":{\"name\":\"Reda\u00e7\u00e3o JO\",\"@id\":\"https:\\\/\\\/jornaldasoficinas.com\\\/pt\\\/#\\\/schema\\\/person\\\/a38eef5de2c41d9e7c9ac10141afddf3\"},\"headline\":\"55% Portugueses prefere cr\u00e9dito autom\u00f3vel na aquisi\u00e7\u00e3o\",\"datePublished\":\"2022-10-28T13:00:33+00:00\",\"mainEntityOfPage\":{\"@id\":\"https:\\\/\\\/jornaldasoficinas.com\\\/pt\\\/55-portugueses-prefere-credito-automovel-na-aquisicao\\\/\"},\"wordCount\":320,\"publisher\":{\"@id\":\"https:\\\/\\\/jornaldasoficinas.com\\\/pt\\\/#organization\"},\"image\":{\"@id\":\"https:\\\/\\\/jornaldasoficinas.com\\\/pt\\\/55-portugueses-prefere-credito-automovel-na-aquisicao\\\/#primaryimage\"},\"thumbnailUrl\":\"https:\\\/\\\/jornaldasoficinas.com\\\/pt\\\/wp-content\\\/uploads\\\/2022\\\/10\\\/55-Portugueses-prefere-cre\u0301dito-automo\u0301vel-na-aquisic\u0327a\u0303o-1.png\",\"keywords\":[\"Standvirtual\"],\"articleSection\":[\"Mercado\"],\"inLanguage\":\"pt-PT\"},{\"@type\":\"WebPage\",\"@id\":\"https:\\\/\\\/jornaldasoficinas.com\\\/pt\\\/55-portugueses-prefere-credito-automovel-na-aquisicao\\\/\",\"url\":\"https:\\\/\\\/jornaldasoficinas.com\\\/pt\\\/55-portugueses-prefere-credito-automovel-na-aquisicao\\\/\",\"name\":\"55% Portugueses prefere cr\u00e9dito autom\u00f3vel na aquisi\u00e7\u00e3o - Jornal das Oficinas\",\"isPartOf\":{\"@id\":\"https:\\\/\\\/jornaldasoficinas.com\\\/pt\\\/#website\"},\"primaryImageOfPage\":{\"@id\":\"https:\\\/\\\/jornaldasoficinas.com\\\/pt\\\/55-portugueses-prefere-credito-automovel-na-aquisicao\\\/#primaryimage\"},\"image\":{\"@id\":\"https:\\\/\\\/jornaldasoficinas.com\\\/pt\\\/55-portugueses-prefere-credito-automovel-na-aquisicao\\\/#primaryimage\"},\"thumbnailUrl\":\"https:\\\/\\\/jornaldasoficinas.com\\\/pt\\\/wp-content\\\/uploads\\\/2022\\\/10\\\/55-Portugueses-prefere-cre\u0301dito-automo\u0301vel-na-aquisic\u0327a\u0303o-1.png\",\"datePublished\":\"2022-10-28T13:00:33+00:00\",\"breadcrumb\":{\"@id\":\"https:\\\/\\\/jornaldasoficinas.com\\\/pt\\\/55-portugueses-prefere-credito-automovel-na-aquisicao\\\/#breadcrumb\"},\"inLanguage\":\"pt-PT\",\"potentialAction\":[{\"@type\":\"ReadAction\",\"target\":[\"https:\\\/\\\/jornaldasoficinas.com\\\/pt\\\/55-portugueses-prefere-credito-automovel-na-aquisicao\\\/\"]}]},{\"@type\":\"ImageObject\",\"inLanguage\":\"pt-PT\",\"@id\":\"https:\\\/\\\/jornaldasoficinas.com\\\/pt\\\/55-portugueses-prefere-credito-automovel-na-aquisicao\\\/#primaryimage\",\"url\":\"https:\\\/\\\/jornaldasoficinas.com\\\/pt\\\/wp-content\\\/uploads\\\/2022\\\/10\\\/55-Portugueses-prefere-cre\u0301dito-automo\u0301vel-na-aquisic\u0327a\u0303o-1.png\",\"contentUrl\":\"https:\\\/\\\/jornaldasoficinas.com\\\/pt\\\/wp-content\\\/uploads\\\/2022\\\/10\\\/55-Portugueses-prefere-cre\u0301dito-automo\u0301vel-na-aquisic\u0327a\u0303o-1.png\",\"width\":1024,\"height\":581,\"caption\":\"10 - 55 Portugueses prefere cre\u0301dito automo\u0301vel na aquisic\u0327a\u0303o 1\"},{\"@type\":\"BreadcrumbList\",\"@id\":\"https:\\\/\\\/jornaldasoficinas.com\\\/pt\\\/55-portugueses-prefere-credito-automovel-na-aquisicao\\\/#breadcrumb\",\"itemListElement\":[{\"@type\":\"ListItem\",\"position\":1,\"name\":\"In\u00edcio\",\"item\":\"https:\\\/\\\/jornaldasoficinas.com\\\/pt\\\/\"},{\"@type\":\"ListItem\",\"position\":2,\"name\":\"55% Portugueses prefere cr\u00e9dito autom\u00f3vel na aquisi\u00e7\u00e3o\"}]},{\"@type\":\"WebSite\",\"@id\":\"https:\\\/\\\/jornaldasoficinas.com\\\/pt\\\/#website\",\"url\":\"https:\\\/\\\/jornaldasoficinas.com\\\/pt\\\/\",\"name\":\"Jornal das Oficinas\",\"description\":\"Jornal independente do Aftermarket Autom\u00f3vel em Portugal\",\"publisher\":{\"@id\":\"https:\\\/\\\/jornaldasoficinas.com\\\/pt\\\/#organization\"},\"potentialAction\":[{\"@type\":\"SearchAction\",\"target\":{\"@type\":\"EntryPoint\",\"urlTemplate\":\"https:\\\/\\\/jornaldasoficinas.com\\\/pt\\\/?s={search_term_string}\"},\"query-input\":{\"@type\":\"PropertyValueSpecification\",\"valueRequired\":true,\"valueName\":\"search_term_string\"}}],\"inLanguage\":\"pt-PT\"},{\"@type\":\"Organization\",\"@id\":\"https:\\\/\\\/jornaldasoficinas.com\\\/pt\\\/#organization\",\"name\":\"Jornal das Oficinas\",\"url\":\"https:\\\/\\\/jornaldasoficinas.com\\\/pt\\\/\",\"logo\":{\"@type\":\"ImageObject\",\"inLanguage\":\"pt-PT\",\"@id\":\"https:\\\/\\\/jornaldasoficinas.com\\\/pt\\\/#\\\/schema\\\/logo\\\/image\\\/\",\"url\":\"https:\\\/\\\/jornaldasoficinas.com\\\/pt\\\/wp-content\\\/uploads\\\/logoJO-SEO.png\",\"contentUrl\":\"https:\\\/\\\/jornaldasoficinas.com\\\/pt\\\/wp-content\\\/uploads\\\/logoJO-SEO.png\",\"width\":285,\"height\":450,\"caption\":\"Jornal das Oficinas\"},\"image\":{\"@id\":\"https:\\\/\\\/jornaldasoficinas.com\\\/pt\\\/#\\\/schema\\\/logo\\\/image\\\/\"},\"sameAs\":[\"https:\\\/\\\/www.facebook.com\\\/jornaloficinas\",\"https:\\\/\\\/x.com\\\/jornaloficinas\",\"https:\\\/\\\/www.instagram.com\\\/jornal_oficinas\\\/\",\"https:\\\/\\\/www.linkedin.com\\\/company\\\/jornal-das-oficinas\\\/\",\"https:\\\/\\\/www.youtube.com\\\/channel\\\/UCbQZBqtcvV-oSQrr7RzINGg\"]},{\"@type\":\"Person\",\"@id\":\"https:\\\/\\\/jornaldasoficinas.com\\\/pt\\\/#\\\/schema\\\/person\\\/a38eef5de2c41d9e7c9ac10141afddf3\",\"name\":\"Reda\u00e7\u00e3o JO\",\"image\":{\"@type\":\"ImageObject\",\"inLanguage\":\"pt-PT\",\"@id\":\"https:\\\/\\\/secure.gravatar.com\\\/avatar\\\/71f2fa71737ad68a84fea94bc708ddac8ea5b0c4788dc2ad202f3ccb2887742f?s=96&d=wp_user_avatar&r=g\",\"url\":\"https:\\\/\\\/secure.gravatar.com\\\/avatar\\\/71f2fa71737ad68a84fea94bc708ddac8ea5b0c4788dc2ad202f3ccb2887742f?s=96&d=wp_user_avatar&r=g\",\"contentUrl\":\"https:\\\/\\\/secure.gravatar.com\\\/avatar\\\/71f2fa71737ad68a84fea94bc708ddac8ea5b0c4788dc2ad202f3ccb2887742f?s=96&d=wp_user_avatar&r=g\",\"caption\":\"Reda\u00e7\u00e3o JO\"},\"url\":\"https:\\\/\\\/jornaldasoficinas.com\\\/pt\\\/author\\\/joredacao\\\/\"}]}<\/script>\n<!-- \/ Yoast SEO plugin. -->","yoast_head_json":{"title":"55% Portugueses prefere cr\u00e9dito autom\u00f3vel na aquisi\u00e7\u00e3o - Jornal das Oficinas","robots":{"index":"index","follow":"follow","max-snippet":"max-snippet:-1","max-image-preview":"max-image-preview:large","max-video-preview":"max-video-preview:-1"},"canonical":"https:\/\/jornaldasoficinas.com\/pt\/55-portugueses-prefere-credito-automovel-na-aquisicao\/","og_locale":"pt_PT","og_type":"article","og_title":"55% Portugueses prefere cr\u00e9dito autom\u00f3vel na aquisi\u00e7\u00e3o - Jornal das Oficinas","og_description":"O Standvirtual, apresentou um estudo, realizado...","og_url":"https:\/\/jornaldasoficinas.com\/pt\/55-portugueses-prefere-credito-automovel-na-aquisicao\/","og_site_name":"Jornal das Oficinas","article_publisher":"https:\/\/www.facebook.com\/jornaloficinas","article_published_time":"2022-10-28T13:00:33+00:00","og_image":[{"width":1024,"height":581,"url":"https:\/\/jornaldasoficinas.com\/pt\/wp-content\/uploads\/2022\/10\/55-Portugueses-prefere-cre\u0301dito-automo\u0301vel-na-aquisic\u0327a\u0303o-1.png","type":"image\/png"}],"author":"Reda\u00e7\u00e3o JO","twitter_card":"summary_large_image","twitter_creator":"@jornaloficinas","twitter_site":"@jornaloficinas","twitter_misc":{"Escrito por":"Reda\u00e7\u00e3o JO","Tempo estimado de leitura":"2 minutos"},"schema":{"@context":"https:\/\/schema.org","@graph":[{"@type":"Article","@id":"https:\/\/jornaldasoficinas.com\/pt\/55-portugueses-prefere-credito-automovel-na-aquisicao\/#article","isPartOf":{"@id":"https:\/\/jornaldasoficinas.com\/pt\/55-portugueses-prefere-credito-automovel-na-aquisicao\/"},"author":{"name":"Reda\u00e7\u00e3o JO","@id":"https:\/\/jornaldasoficinas.com\/pt\/#\/schema\/person\/a38eef5de2c41d9e7c9ac10141afddf3"},"headline":"55% Portugueses prefere cr\u00e9dito autom\u00f3vel na aquisi\u00e7\u00e3o","datePublished":"2022-10-28T13:00:33+00:00","mainEntityOfPage":{"@id":"https:\/\/jornaldasoficinas.com\/pt\/55-portugueses-prefere-credito-automovel-na-aquisicao\/"},"wordCount":320,"publisher":{"@id":"https:\/\/jornaldasoficinas.com\/pt\/#organization"},"image":{"@id":"https:\/\/jornaldasoficinas.com\/pt\/55-portugueses-prefere-credito-automovel-na-aquisicao\/#primaryimage"},"thumbnailUrl":"https:\/\/jornaldasoficinas.com\/pt\/wp-content\/uploads\/2022\/10\/55-Portugueses-prefere-cre\u0301dito-automo\u0301vel-na-aquisic\u0327a\u0303o-1.png","keywords":["Standvirtual"],"articleSection":["Mercado"],"inLanguage":"pt-PT"},{"@type":"WebPage","@id":"https:\/\/jornaldasoficinas.com\/pt\/55-portugueses-prefere-credito-automovel-na-aquisicao\/","url":"https:\/\/jornaldasoficinas.com\/pt\/55-portugueses-prefere-credito-automovel-na-aquisicao\/","name":"55% Portugueses prefere cr\u00e9dito autom\u00f3vel na aquisi\u00e7\u00e3o - Jornal das Oficinas","isPartOf":{"@id":"https:\/\/jornaldasoficinas.com\/pt\/#website"},"primaryImageOfPage":{"@id":"https:\/\/jornaldasoficinas.com\/pt\/55-portugueses-prefere-credito-automovel-na-aquisicao\/#primaryimage"},"image":{"@id":"https:\/\/jornaldasoficinas.com\/pt\/55-portugueses-prefere-credito-automovel-na-aquisicao\/#primaryimage"},"thumbnailUrl":"https:\/\/jornaldasoficinas.com\/pt\/wp-content\/uploads\/2022\/10\/55-Portugueses-prefere-cre\u0301dito-automo\u0301vel-na-aquisic\u0327a\u0303o-1.png","datePublished":"2022-10-28T13:00:33+00:00","breadcrumb":{"@id":"https:\/\/jornaldasoficinas.com\/pt\/55-portugueses-prefere-credito-automovel-na-aquisicao\/#breadcrumb"},"inLanguage":"pt-PT","potentialAction":[{"@type":"ReadAction","target":["https:\/\/jornaldasoficinas.com\/pt\/55-portugueses-prefere-credito-automovel-na-aquisicao\/"]}]},{"@type":"ImageObject","inLanguage":"pt-PT","@id":"https:\/\/jornaldasoficinas.com\/pt\/55-portugueses-prefere-credito-automovel-na-aquisicao\/#primaryimage","url":"https:\/\/jornaldasoficinas.com\/pt\/wp-content\/uploads\/2022\/10\/55-Portugueses-prefere-cre\u0301dito-automo\u0301vel-na-aquisic\u0327a\u0303o-1.png","contentUrl":"https:\/\/jornaldasoficinas.com\/pt\/wp-content\/uploads\/2022\/10\/55-Portugueses-prefere-cre\u0301dito-automo\u0301vel-na-aquisic\u0327a\u0303o-1.png","width":1024,"height":581,"caption":"10 - 55 Portugueses prefere cre\u0301dito automo\u0301vel na aquisic\u0327a\u0303o 1"},{"@type":"BreadcrumbList","@id":"https:\/\/jornaldasoficinas.com\/pt\/55-portugueses-prefere-credito-automovel-na-aquisicao\/#breadcrumb","itemListElement":[{"@type":"ListItem","position":1,"name":"In\u00edcio","item":"https:\/\/jornaldasoficinas.com\/pt\/"},{"@type":"ListItem","position":2,"name":"55% Portugueses prefere cr\u00e9dito autom\u00f3vel na aquisi\u00e7\u00e3o"}]},{"@type":"WebSite","@id":"https:\/\/jornaldasoficinas.com\/pt\/#website","url":"https:\/\/jornaldasoficinas.com\/pt\/","name":"Jornal das Oficinas","description":"Jornal independente do Aftermarket Autom\u00f3vel em Portugal","publisher":{"@id":"https:\/\/jornaldasoficinas.com\/pt\/#organization"},"potentialAction":[{"@type":"SearchAction","target":{"@type":"EntryPoint","urlTemplate":"https:\/\/jornaldasoficinas.com\/pt\/?s={search_term_string}"},"query-input":{"@type":"PropertyValueSpecification","valueRequired":true,"valueName":"search_term_string"}}],"inLanguage":"pt-PT"},{"@type":"Organization","@id":"https:\/\/jornaldasoficinas.com\/pt\/#organization","name":"Jornal das Oficinas","url":"https:\/\/jornaldasoficinas.com\/pt\/","logo":{"@type":"ImageObject","inLanguage":"pt-PT","@id":"https:\/\/jornaldasoficinas.com\/pt\/#\/schema\/logo\/image\/","url":"https:\/\/jornaldasoficinas.com\/pt\/wp-content\/uploads\/logoJO-SEO.png","contentUrl":"https:\/\/jornaldasoficinas.com\/pt\/wp-content\/uploads\/logoJO-SEO.png","width":285,"height":450,"caption":"Jornal das Oficinas"},"image":{"@id":"https:\/\/jornaldasoficinas.com\/pt\/#\/schema\/logo\/image\/"},"sameAs":["https:\/\/www.facebook.com\/jornaloficinas","https:\/\/x.com\/jornaloficinas","https:\/\/www.instagram.com\/jornal_oficinas\/","https:\/\/www.linkedin.com\/company\/jornal-das-oficinas\/","https:\/\/www.youtube.com\/channel\/UCbQZBqtcvV-oSQrr7RzINGg"]},{"@type":"Person","@id":"https:\/\/jornaldasoficinas.com\/pt\/#\/schema\/person\/a38eef5de2c41d9e7c9ac10141afddf3","name":"Reda\u00e7\u00e3o JO","image":{"@type":"ImageObject","inLanguage":"pt-PT","@id":"https:\/\/secure.gravatar.com\/avatar\/71f2fa71737ad68a84fea94bc708ddac8ea5b0c4788dc2ad202f3ccb2887742f?s=96&d=wp_user_avatar&r=g","url":"https:\/\/secure.gravatar.com\/avatar\/71f2fa71737ad68a84fea94bc708ddac8ea5b0c4788dc2ad202f3ccb2887742f?s=96&d=wp_user_avatar&r=g","contentUrl":"https:\/\/secure.gravatar.com\/avatar\/71f2fa71737ad68a84fea94bc708ddac8ea5b0c4788dc2ad202f3ccb2887742f?s=96&d=wp_user_avatar&r=g","caption":"Reda\u00e7\u00e3o JO"},"url":"https:\/\/jornaldasoficinas.com\/pt\/author\/joredacao\/"}]}},"_links":{"self":[{"href":"https:\/\/jornaldasoficinas.com\/pt\/wp-json\/wp\/v2\/posts\/34091","targetHints":{"allow":["GET"]}}],"collection":[{"href":"https:\/\/jornaldasoficinas.com\/pt\/wp-json\/wp\/v2\/posts"}],"about":[{"href":"https:\/\/jornaldasoficinas.com\/pt\/wp-json\/wp\/v2\/types\/post"}],"author":[{"embeddable":true,"href":"https:\/\/jornaldasoficinas.com\/pt\/wp-json\/wp\/v2\/users\/15"}],"replies":[{"embeddable":true,"href":"https:\/\/jornaldasoficinas.com\/pt\/wp-json\/wp\/v2\/comments?post=34091"}],"version-history":[{"count":0,"href":"https:\/\/jornaldasoficinas.com\/pt\/wp-json\/wp\/v2\/posts\/34091\/revisions"}],"wp:featuredmedia":[{"embeddable":true,"href":"https:\/\/jornaldasoficinas.com\/pt\/wp-json\/wp\/v2\/media\/34075"}],"wp:attachment":[{"href":"https:\/\/jornaldasoficinas.com\/pt\/wp-json\/wp\/v2\/media?parent=34091"}],"wp:term":[{"taxonomy":"category","embeddable":true,"href":"https:\/\/jornaldasoficinas.com\/pt\/wp-json\/wp\/v2\/categories?post=34091"},{"taxonomy":"post_tag","embeddable":true,"href":"https:\/\/jornaldasoficinas.com\/pt\/wp-json\/wp\/v2\/tags?post=34091"}],"curies":[{"name":"wp","href":"https:\/\/api.w.org\/{rel}","templated":true}]}}