{"id":34248,"date":"2022-11-02T21:00:14","date_gmt":"2022-11-02T21:00:14","guid":{"rendered":"https:\/\/jornaldasoficinas.com\/pt\/?p=34248"},"modified":"2022-11-04T15:41:21","modified_gmt":"2022-11-04T15:41:21","slug":"euro-7-sentenca-de-morte-para-os-motores-termicos-tudo-em-aberto","status":"publish","type":"post","link":"https:\/\/jornaldasoficinas.com\/pt\/euro-7-sentenca-de-morte-para-os-motores-termicos-tudo-em-aberto\/","title":{"rendered":"Euro 7: Senten\u00e7a de morte para os motores t\u00e9rmicos? Tudo em aberto!"},"content":{"rendered":"<p><img loading=\"lazy\" decoding=\"async\" class=\"alignnone size-full wp-image-34247\" src=\"https:\/\/jornaldasoficinas.com\/pt\/wp-content\/uploads\/2022\/11\/N1_euro7_jornaldasoficinas.jpeg\" alt=\"11 - N1_euro7_jornaldasoficinas\" width=\"1024\" height=\"581\" srcset=\"https:\/\/jornaldasoficinas.com\/pt\/wp-content\/uploads\/2022\/11\/N1_euro7_jornaldasoficinas.jpeg 1024w, https:\/\/jornaldasoficinas.com\/pt\/wp-content\/uploads\/2022\/11\/N1_euro7_jornaldasoficinas-300x170.jpeg 300w, https:\/\/jornaldasoficinas.com\/pt\/wp-content\/uploads\/2022\/11\/N1_euro7_jornaldasoficinas-150x85.jpeg 150w, https:\/\/jornaldasoficinas.com\/pt\/wp-content\/uploads\/2022\/11\/N1_euro7_jornaldasoficinas-768x436.jpeg 768w\" sizes=\"auto, (max-width: 1024px) 100vw, 1024px\" \/><\/p>\n<p><strong>Rumo \u00e0 neutralidade carb\u00f3nica, a norma Euro 7 dever\u00e1 ser a \u00faltima antes da mudan\u00e7a definitiva para o autom\u00f3vel el\u00e9trico. Est\u00e1 previsto que entre em vigor em 2025, contudo, at\u00e9 agora ainda n\u00e3o h\u00e1 uma defini\u00e7\u00e3o clara de quais ser\u00e3o as exig\u00eancias para os fabricantes e o tempo come\u00e7a a escassear para que se cumpra essa data. Tudo permanece em aberto<\/strong><\/p>\n<p>Essenciais na nossa vida, os ve\u00edculos tal como hoje os conhecemos s\u00e3o uma preocupante fonte de polui\u00e7\u00e3o para o ambiente. Por isso, h\u00e1 muito que vem a ser tra\u00e7ado um plano no sentido da descarboniza\u00e7\u00e3o dos mesmos na Europa. A pr\u00f3xima grande meta \u00e9 o Euro 7, norma que deveria ser implementada j\u00e1 em 2025, mas os sucessivos atrasos na defini\u00e7\u00e3o efetiva do regulamento est\u00e3o a p\u00f4r em causa o cumprimento do mesmo, o que poder\u00e1 ter graves consequ\u00eancias no que ao n\u00famero de ve\u00edculos poluentes a circular nas estradas diz respeito. Al\u00e9m disso, os custos tecnol\u00f3gicos para fabricantes e utilizadores poder\u00e3o ser de tal modo elevados que se teme que cheguem a inviabilizar a exist\u00eancia dos carros a combust\u00e3o, mesmo se apoiados por uma componente eletrificada, os h\u00edbridos. Afinal, o que vai mudar? O que precisam os fabricantes de garantir com a norma Euro 7? Ser\u00e1 mesmo aplicada em 2025? Tentaremos responder a estas e outras quest\u00f5es ao longo deste artigo.<\/p>\n<p><strong>Polui\u00e7\u00e3o autom\u00f3vel<\/strong><br \/>\nO grande problema dos carros com motores a combust\u00e3o \u00e9 o facto de emitirem gases com efeitos de estufa, entre os quais o di\u00f3xido de carbono, o mon\u00f3xido de carbono, di\u00f3xido de enxofre e outros poluentes que prejudicam a qualidade do ar que respiramos e que contribuem n\u00e3o s\u00f3 para o aquecimento global, como podem ser nocivos para a sa\u00fade, podendo resultar em diversas doen\u00e7as. No entanto, a polui\u00e7\u00e3o autom\u00f3vel come\u00e7a muito antes de ligarmos a igni\u00e7\u00e3o. A produ\u00e7\u00e3o de ve\u00edculos consome muita energia, desde os minerais usados na cria\u00e7\u00e3o do metal para o corpo e motor, produtos qu\u00edmicos para desenvolver pl\u00e1sticos, tintas, borrachas e vidros.<\/p>\n<p>Para ler todo o artigo clique <a href=\"https:\/\/www.yumpu.com\/pt\/document\/read\/67336027\/jornal-das-oficinas-202\/6\" target=\"_blank\" rel=\"noopener\">aqui<\/a>.<\/p>\n","protected":false},"excerpt":{"rendered":"<p>Rumo \u00e0 neutralidade carb\u00f3nica, a norma&#8230;<\/p>\n","protected":false},"author":15,"featured_media":34247,"comment_status":"closed","ping_status":"closed","sticky":false,"template":"","format":"standard","meta":{"footnotes":""},"categories":[37],"tags":[2988,2989,2990],"class_list":["post-34248","post","type-post","status-publish","format-standard","has-post-thumbnail","hentry","category-mercado","tag-euro7","tag-motores-termicos","tag-neutralidade-carbonica"],"yoast_head":"<!-- This site is optimized with the Yoast SEO plugin v27.4 - https:\/\/yoast.com\/product\/yoast-seo-wordpress\/ -->\n<title>Euro 7: Senten\u00e7a de morte para os motores t\u00e9rmicos? Tudo em aberto! - Jornal das Oficinas<\/title>\n<meta name=\"description\" content=\"Rumo \u00e0 neutralidade carb\u00f3nica, a norma Euro 7 dever\u00e1 ser a \u00faltima antes da mudan\u00e7a definitiva para o autom\u00f3vel el\u00e9trico\" \/>\n<meta name=\"robots\" content=\"index, follow, max-snippet:-1, max-image-preview:large, max-video-preview:-1\" \/>\n<link rel=\"canonical\" href=\"https:\/\/jornaldasoficinas.com\/pt\/euro-7-sentenca-de-morte-para-os-motores-termicos-tudo-em-aberto\/\" \/>\n<meta property=\"og:locale\" content=\"pt_PT\" \/>\n<meta property=\"og:type\" content=\"article\" \/>\n<meta property=\"og:title\" content=\"Euro 7: Senten\u00e7a de morte para os motores t\u00e9rmicos? Tudo em aberto! - Jornal das Oficinas\" \/>\n<meta property=\"og:description\" content=\"Rumo \u00e0 neutralidade carb\u00f3nica, a norma Euro 7 dever\u00e1 ser a \u00faltima antes da mudan\u00e7a definitiva para o autom\u00f3vel el\u00e9trico\" \/>\n<meta property=\"og:url\" content=\"https:\/\/jornaldasoficinas.com\/pt\/euro-7-sentenca-de-morte-para-os-motores-termicos-tudo-em-aberto\/\" \/>\n<meta property=\"og:site_name\" content=\"Jornal das Oficinas\" \/>\n<meta property=\"article:publisher\" content=\"https:\/\/www.facebook.com\/jornaloficinas\" \/>\n<meta property=\"article:published_time\" content=\"2022-11-02T21:00:14+00:00\" \/>\n<meta property=\"article:modified_time\" content=\"2022-11-04T15:41:21+00:00\" \/>\n<meta property=\"og:image\" content=\"https:\/\/jornaldasoficinas.com\/pt\/wp-content\/uploads\/2022\/11\/N1_euro7_jornaldasoficinas.jpeg\" \/>\n\t<meta property=\"og:image:width\" content=\"1024\" \/>\n\t<meta property=\"og:image:height\" content=\"581\" \/>\n\t<meta property=\"og:image:type\" content=\"image\/jpeg\" \/>\n<meta name=\"author\" content=\"Reda\u00e7\u00e3o JO\" \/>\n<meta name=\"twitter:card\" content=\"summary_large_image\" \/>\n<meta name=\"twitter:creator\" content=\"@jornaloficinas\" \/>\n<meta name=\"twitter:site\" content=\"@jornaloficinas\" \/>\n<meta name=\"twitter:label1\" content=\"Escrito por\" \/>\n\t<meta name=\"twitter:data1\" content=\"Reda\u00e7\u00e3o JO\" \/>\n\t<meta name=\"twitter:label2\" content=\"Tempo estimado de leitura\" \/>\n\t<meta name=\"twitter:data2\" content=\"2 minutos\" \/>\n<script type=\"application\/ld+json\" class=\"yoast-schema-graph\">{\"@context\":\"https:\\\/\\\/schema.org\",\"@graph\":[{\"@type\":\"Article\",\"@id\":\"https:\\\/\\\/jornaldasoficinas.com\\\/pt\\\/euro-7-sentenca-de-morte-para-os-motores-termicos-tudo-em-aberto\\\/#article\",\"isPartOf\":{\"@id\":\"https:\\\/\\\/jornaldasoficinas.com\\\/pt\\\/euro-7-sentenca-de-morte-para-os-motores-termicos-tudo-em-aberto\\\/\"},\"author\":{\"name\":\"Reda\u00e7\u00e3o JO\",\"@id\":\"https:\\\/\\\/jornaldasoficinas.com\\\/pt\\\/#\\\/schema\\\/person\\\/a38eef5de2c41d9e7c9ac10141afddf3\"},\"headline\":\"Euro 7: Senten\u00e7a de morte para os motores t\u00e9rmicos? Tudo em aberto!\",\"datePublished\":\"2022-11-02T21:00:14+00:00\",\"dateModified\":\"2022-11-04T15:41:21+00:00\",\"mainEntityOfPage\":{\"@id\":\"https:\\\/\\\/jornaldasoficinas.com\\\/pt\\\/euro-7-sentenca-de-morte-para-os-motores-termicos-tudo-em-aberto\\\/\"},\"wordCount\":388,\"publisher\":{\"@id\":\"https:\\\/\\\/jornaldasoficinas.com\\\/pt\\\/#organization\"},\"image\":{\"@id\":\"https:\\\/\\\/jornaldasoficinas.com\\\/pt\\\/euro-7-sentenca-de-morte-para-os-motores-termicos-tudo-em-aberto\\\/#primaryimage\"},\"thumbnailUrl\":\"https:\\\/\\\/jornaldasoficinas.com\\\/pt\\\/wp-content\\\/uploads\\\/2022\\\/11\\\/N1_euro7_jornaldasoficinas.jpeg\",\"keywords\":[\"Euro7\",\"motores t\u00e9rmicos\",\"neutralidade carbonica\"],\"articleSection\":[\"Mercado\"],\"inLanguage\":\"pt-PT\"},{\"@type\":\"WebPage\",\"@id\":\"https:\\\/\\\/jornaldasoficinas.com\\\/pt\\\/euro-7-sentenca-de-morte-para-os-motores-termicos-tudo-em-aberto\\\/\",\"url\":\"https:\\\/\\\/jornaldasoficinas.com\\\/pt\\\/euro-7-sentenca-de-morte-para-os-motores-termicos-tudo-em-aberto\\\/\",\"name\":\"Euro 7: Senten\u00e7a de morte para os motores t\u00e9rmicos? Tudo em aberto! - Jornal das Oficinas\",\"isPartOf\":{\"@id\":\"https:\\\/\\\/jornaldasoficinas.com\\\/pt\\\/#website\"},\"primaryImageOfPage\":{\"@id\":\"https:\\\/\\\/jornaldasoficinas.com\\\/pt\\\/euro-7-sentenca-de-morte-para-os-motores-termicos-tudo-em-aberto\\\/#primaryimage\"},\"image\":{\"@id\":\"https:\\\/\\\/jornaldasoficinas.com\\\/pt\\\/euro-7-sentenca-de-morte-para-os-motores-termicos-tudo-em-aberto\\\/#primaryimage\"},\"thumbnailUrl\":\"https:\\\/\\\/jornaldasoficinas.com\\\/pt\\\/wp-content\\\/uploads\\\/2022\\\/11\\\/N1_euro7_jornaldasoficinas.jpeg\",\"datePublished\":\"2022-11-02T21:00:14+00:00\",\"dateModified\":\"2022-11-04T15:41:21+00:00\",\"description\":\"Rumo \u00e0 neutralidade carb\u00f3nica, a norma Euro 7 dever\u00e1 ser a \u00faltima antes da mudan\u00e7a definitiva para o autom\u00f3vel el\u00e9trico\",\"breadcrumb\":{\"@id\":\"https:\\\/\\\/jornaldasoficinas.com\\\/pt\\\/euro-7-sentenca-de-morte-para-os-motores-termicos-tudo-em-aberto\\\/#breadcrumb\"},\"inLanguage\":\"pt-PT\",\"potentialAction\":[{\"@type\":\"ReadAction\",\"target\":[\"https:\\\/\\\/jornaldasoficinas.com\\\/pt\\\/euro-7-sentenca-de-morte-para-os-motores-termicos-tudo-em-aberto\\\/\"]}]},{\"@type\":\"ImageObject\",\"inLanguage\":\"pt-PT\",\"@id\":\"https:\\\/\\\/jornaldasoficinas.com\\\/pt\\\/euro-7-sentenca-de-morte-para-os-motores-termicos-tudo-em-aberto\\\/#primaryimage\",\"url\":\"https:\\\/\\\/jornaldasoficinas.com\\\/pt\\\/wp-content\\\/uploads\\\/2022\\\/11\\\/N1_euro7_jornaldasoficinas.jpeg\",\"contentUrl\":\"https:\\\/\\\/jornaldasoficinas.com\\\/pt\\\/wp-content\\\/uploads\\\/2022\\\/11\\\/N1_euro7_jornaldasoficinas.jpeg\",\"width\":1024,\"height\":581,\"caption\":\"11 - N1_euro7_jornaldasoficinas\"},{\"@type\":\"BreadcrumbList\",\"@id\":\"https:\\\/\\\/jornaldasoficinas.com\\\/pt\\\/euro-7-sentenca-de-morte-para-os-motores-termicos-tudo-em-aberto\\\/#breadcrumb\",\"itemListElement\":[{\"@type\":\"ListItem\",\"position\":1,\"name\":\"In\u00edcio\",\"item\":\"https:\\\/\\\/jornaldasoficinas.com\\\/pt\\\/\"},{\"@type\":\"ListItem\",\"position\":2,\"name\":\"Euro 7: Senten\u00e7a de morte para os motores t\u00e9rmicos? Tudo em aberto!\"}]},{\"@type\":\"WebSite\",\"@id\":\"https:\\\/\\\/jornaldasoficinas.com\\\/pt\\\/#website\",\"url\":\"https:\\\/\\\/jornaldasoficinas.com\\\/pt\\\/\",\"name\":\"Jornal das Oficinas\",\"description\":\"Jornal independente do Aftermarket Autom\u00f3vel em Portugal\",\"publisher\":{\"@id\":\"https:\\\/\\\/jornaldasoficinas.com\\\/pt\\\/#organization\"},\"potentialAction\":[{\"@type\":\"SearchAction\",\"target\":{\"@type\":\"EntryPoint\",\"urlTemplate\":\"https:\\\/\\\/jornaldasoficinas.com\\\/pt\\\/?s={search_term_string}\"},\"query-input\":{\"@type\":\"PropertyValueSpecification\",\"valueRequired\":true,\"valueName\":\"search_term_string\"}}],\"inLanguage\":\"pt-PT\"},{\"@type\":\"Organization\",\"@id\":\"https:\\\/\\\/jornaldasoficinas.com\\\/pt\\\/#organization\",\"name\":\"Jornal das Oficinas\",\"url\":\"https:\\\/\\\/jornaldasoficinas.com\\\/pt\\\/\",\"logo\":{\"@type\":\"ImageObject\",\"inLanguage\":\"pt-PT\",\"@id\":\"https:\\\/\\\/jornaldasoficinas.com\\\/pt\\\/#\\\/schema\\\/logo\\\/image\\\/\",\"url\":\"https:\\\/\\\/jornaldasoficinas.com\\\/pt\\\/wp-content\\\/uploads\\\/logoJO-SEO.png\",\"contentUrl\":\"https:\\\/\\\/jornaldasoficinas.com\\\/pt\\\/wp-content\\\/uploads\\\/logoJO-SEO.png\",\"width\":285,\"height\":450,\"caption\":\"Jornal das Oficinas\"},\"image\":{\"@id\":\"https:\\\/\\\/jornaldasoficinas.com\\\/pt\\\/#\\\/schema\\\/logo\\\/image\\\/\"},\"sameAs\":[\"https:\\\/\\\/www.facebook.com\\\/jornaloficinas\",\"https:\\\/\\\/x.com\\\/jornaloficinas\",\"https:\\\/\\\/www.instagram.com\\\/jornal_oficinas\\\/\",\"https:\\\/\\\/www.linkedin.com\\\/company\\\/jornal-das-oficinas\\\/\",\"https:\\\/\\\/www.youtube.com\\\/channel\\\/UCbQZBqtcvV-oSQrr7RzINGg\"]},{\"@type\":\"Person\",\"@id\":\"https:\\\/\\\/jornaldasoficinas.com\\\/pt\\\/#\\\/schema\\\/person\\\/a38eef5de2c41d9e7c9ac10141afddf3\",\"name\":\"Reda\u00e7\u00e3o JO\",\"image\":{\"@type\":\"ImageObject\",\"inLanguage\":\"pt-PT\",\"@id\":\"https:\\\/\\\/secure.gravatar.com\\\/avatar\\\/71f2fa71737ad68a84fea94bc708ddac8ea5b0c4788dc2ad202f3ccb2887742f?s=96&d=wp_user_avatar&r=g\",\"url\":\"https:\\\/\\\/secure.gravatar.com\\\/avatar\\\/71f2fa71737ad68a84fea94bc708ddac8ea5b0c4788dc2ad202f3ccb2887742f?s=96&d=wp_user_avatar&r=g\",\"contentUrl\":\"https:\\\/\\\/secure.gravatar.com\\\/avatar\\\/71f2fa71737ad68a84fea94bc708ddac8ea5b0c4788dc2ad202f3ccb2887742f?s=96&d=wp_user_avatar&r=g\",\"caption\":\"Reda\u00e7\u00e3o JO\"},\"url\":\"https:\\\/\\\/jornaldasoficinas.com\\\/pt\\\/author\\\/joredacao\\\/\"}]}<\/script>\n<!-- \/ Yoast SEO plugin. -->","yoast_head_json":{"title":"Euro 7: Senten\u00e7a de morte para os motores t\u00e9rmicos? Tudo em aberto! - Jornal das Oficinas","description":"Rumo \u00e0 neutralidade carb\u00f3nica, a norma Euro 7 dever\u00e1 ser a \u00faltima antes da mudan\u00e7a definitiva para o autom\u00f3vel el\u00e9trico","robots":{"index":"index","follow":"follow","max-snippet":"max-snippet:-1","max-image-preview":"max-image-preview:large","max-video-preview":"max-video-preview:-1"},"canonical":"https:\/\/jornaldasoficinas.com\/pt\/euro-7-sentenca-de-morte-para-os-motores-termicos-tudo-em-aberto\/","og_locale":"pt_PT","og_type":"article","og_title":"Euro 7: Senten\u00e7a de morte para os motores t\u00e9rmicos? Tudo em aberto! - Jornal das Oficinas","og_description":"Rumo \u00e0 neutralidade carb\u00f3nica, a norma Euro 7 dever\u00e1 ser a \u00faltima antes da mudan\u00e7a definitiva para o autom\u00f3vel el\u00e9trico","og_url":"https:\/\/jornaldasoficinas.com\/pt\/euro-7-sentenca-de-morte-para-os-motores-termicos-tudo-em-aberto\/","og_site_name":"Jornal das Oficinas","article_publisher":"https:\/\/www.facebook.com\/jornaloficinas","article_published_time":"2022-11-02T21:00:14+00:00","article_modified_time":"2022-11-04T15:41:21+00:00","og_image":[{"width":1024,"height":581,"url":"https:\/\/jornaldasoficinas.com\/pt\/wp-content\/uploads\/2022\/11\/N1_euro7_jornaldasoficinas.jpeg","type":"image\/jpeg"}],"author":"Reda\u00e7\u00e3o JO","twitter_card":"summary_large_image","twitter_creator":"@jornaloficinas","twitter_site":"@jornaloficinas","twitter_misc":{"Escrito por":"Reda\u00e7\u00e3o JO","Tempo estimado de leitura":"2 minutos"},"schema":{"@context":"https:\/\/schema.org","@graph":[{"@type":"Article","@id":"https:\/\/jornaldasoficinas.com\/pt\/euro-7-sentenca-de-morte-para-os-motores-termicos-tudo-em-aberto\/#article","isPartOf":{"@id":"https:\/\/jornaldasoficinas.com\/pt\/euro-7-sentenca-de-morte-para-os-motores-termicos-tudo-em-aberto\/"},"author":{"name":"Reda\u00e7\u00e3o JO","@id":"https:\/\/jornaldasoficinas.com\/pt\/#\/schema\/person\/a38eef5de2c41d9e7c9ac10141afddf3"},"headline":"Euro 7: Senten\u00e7a de morte para os motores t\u00e9rmicos? Tudo em aberto!","datePublished":"2022-11-02T21:00:14+00:00","dateModified":"2022-11-04T15:41:21+00:00","mainEntityOfPage":{"@id":"https:\/\/jornaldasoficinas.com\/pt\/euro-7-sentenca-de-morte-para-os-motores-termicos-tudo-em-aberto\/"},"wordCount":388,"publisher":{"@id":"https:\/\/jornaldasoficinas.com\/pt\/#organization"},"image":{"@id":"https:\/\/jornaldasoficinas.com\/pt\/euro-7-sentenca-de-morte-para-os-motores-termicos-tudo-em-aberto\/#primaryimage"},"thumbnailUrl":"https:\/\/jornaldasoficinas.com\/pt\/wp-content\/uploads\/2022\/11\/N1_euro7_jornaldasoficinas.jpeg","keywords":["Euro7","motores t\u00e9rmicos","neutralidade carbonica"],"articleSection":["Mercado"],"inLanguage":"pt-PT"},{"@type":"WebPage","@id":"https:\/\/jornaldasoficinas.com\/pt\/euro-7-sentenca-de-morte-para-os-motores-termicos-tudo-em-aberto\/","url":"https:\/\/jornaldasoficinas.com\/pt\/euro-7-sentenca-de-morte-para-os-motores-termicos-tudo-em-aberto\/","name":"Euro 7: Senten\u00e7a de morte para os motores t\u00e9rmicos? Tudo em aberto! - Jornal das Oficinas","isPartOf":{"@id":"https:\/\/jornaldasoficinas.com\/pt\/#website"},"primaryImageOfPage":{"@id":"https:\/\/jornaldasoficinas.com\/pt\/euro-7-sentenca-de-morte-para-os-motores-termicos-tudo-em-aberto\/#primaryimage"},"image":{"@id":"https:\/\/jornaldasoficinas.com\/pt\/euro-7-sentenca-de-morte-para-os-motores-termicos-tudo-em-aberto\/#primaryimage"},"thumbnailUrl":"https:\/\/jornaldasoficinas.com\/pt\/wp-content\/uploads\/2022\/11\/N1_euro7_jornaldasoficinas.jpeg","datePublished":"2022-11-02T21:00:14+00:00","dateModified":"2022-11-04T15:41:21+00:00","description":"Rumo \u00e0 neutralidade carb\u00f3nica, a norma Euro 7 dever\u00e1 ser a \u00faltima antes da mudan\u00e7a definitiva para o autom\u00f3vel el\u00e9trico","breadcrumb":{"@id":"https:\/\/jornaldasoficinas.com\/pt\/euro-7-sentenca-de-morte-para-os-motores-termicos-tudo-em-aberto\/#breadcrumb"},"inLanguage":"pt-PT","potentialAction":[{"@type":"ReadAction","target":["https:\/\/jornaldasoficinas.com\/pt\/euro-7-sentenca-de-morte-para-os-motores-termicos-tudo-em-aberto\/"]}]},{"@type":"ImageObject","inLanguage":"pt-PT","@id":"https:\/\/jornaldasoficinas.com\/pt\/euro-7-sentenca-de-morte-para-os-motores-termicos-tudo-em-aberto\/#primaryimage","url":"https:\/\/jornaldasoficinas.com\/pt\/wp-content\/uploads\/2022\/11\/N1_euro7_jornaldasoficinas.jpeg","contentUrl":"https:\/\/jornaldasoficinas.com\/pt\/wp-content\/uploads\/2022\/11\/N1_euro7_jornaldasoficinas.jpeg","width":1024,"height":581,"caption":"11 - N1_euro7_jornaldasoficinas"},{"@type":"BreadcrumbList","@id":"https:\/\/jornaldasoficinas.com\/pt\/euro-7-sentenca-de-morte-para-os-motores-termicos-tudo-em-aberto\/#breadcrumb","itemListElement":[{"@type":"ListItem","position":1,"name":"In\u00edcio","item":"https:\/\/jornaldasoficinas.com\/pt\/"},{"@type":"ListItem","position":2,"name":"Euro 7: Senten\u00e7a de morte para os motores t\u00e9rmicos? Tudo em aberto!"}]},{"@type":"WebSite","@id":"https:\/\/jornaldasoficinas.com\/pt\/#website","url":"https:\/\/jornaldasoficinas.com\/pt\/","name":"Jornal das Oficinas","description":"Jornal independente do Aftermarket Autom\u00f3vel em Portugal","publisher":{"@id":"https:\/\/jornaldasoficinas.com\/pt\/#organization"},"potentialAction":[{"@type":"SearchAction","target":{"@type":"EntryPoint","urlTemplate":"https:\/\/jornaldasoficinas.com\/pt\/?s={search_term_string}"},"query-input":{"@type":"PropertyValueSpecification","valueRequired":true,"valueName":"search_term_string"}}],"inLanguage":"pt-PT"},{"@type":"Organization","@id":"https:\/\/jornaldasoficinas.com\/pt\/#organization","name":"Jornal das Oficinas","url":"https:\/\/jornaldasoficinas.com\/pt\/","logo":{"@type":"ImageObject","inLanguage":"pt-PT","@id":"https:\/\/jornaldasoficinas.com\/pt\/#\/schema\/logo\/image\/","url":"https:\/\/jornaldasoficinas.com\/pt\/wp-content\/uploads\/logoJO-SEO.png","contentUrl":"https:\/\/jornaldasoficinas.com\/pt\/wp-content\/uploads\/logoJO-SEO.png","width":285,"height":450,"caption":"Jornal das Oficinas"},"image":{"@id":"https:\/\/jornaldasoficinas.com\/pt\/#\/schema\/logo\/image\/"},"sameAs":["https:\/\/www.facebook.com\/jornaloficinas","https:\/\/x.com\/jornaloficinas","https:\/\/www.instagram.com\/jornal_oficinas\/","https:\/\/www.linkedin.com\/company\/jornal-das-oficinas\/","https:\/\/www.youtube.com\/channel\/UCbQZBqtcvV-oSQrr7RzINGg"]},{"@type":"Person","@id":"https:\/\/jornaldasoficinas.com\/pt\/#\/schema\/person\/a38eef5de2c41d9e7c9ac10141afddf3","name":"Reda\u00e7\u00e3o JO","image":{"@type":"ImageObject","inLanguage":"pt-PT","@id":"https:\/\/secure.gravatar.com\/avatar\/71f2fa71737ad68a84fea94bc708ddac8ea5b0c4788dc2ad202f3ccb2887742f?s=96&d=wp_user_avatar&r=g","url":"https:\/\/secure.gravatar.com\/avatar\/71f2fa71737ad68a84fea94bc708ddac8ea5b0c4788dc2ad202f3ccb2887742f?s=96&d=wp_user_avatar&r=g","contentUrl":"https:\/\/secure.gravatar.com\/avatar\/71f2fa71737ad68a84fea94bc708ddac8ea5b0c4788dc2ad202f3ccb2887742f?s=96&d=wp_user_avatar&r=g","caption":"Reda\u00e7\u00e3o JO"},"url":"https:\/\/jornaldasoficinas.com\/pt\/author\/joredacao\/"}]}},"_links":{"self":[{"href":"https:\/\/jornaldasoficinas.com\/pt\/wp-json\/wp\/v2\/posts\/34248","targetHints":{"allow":["GET"]}}],"collection":[{"href":"https:\/\/jornaldasoficinas.com\/pt\/wp-json\/wp\/v2\/posts"}],"about":[{"href":"https:\/\/jornaldasoficinas.com\/pt\/wp-json\/wp\/v2\/types\/post"}],"author":[{"embeddable":true,"href":"https:\/\/jornaldasoficinas.com\/pt\/wp-json\/wp\/v2\/users\/15"}],"replies":[{"embeddable":true,"href":"https:\/\/jornaldasoficinas.com\/pt\/wp-json\/wp\/v2\/comments?post=34248"}],"version-history":[{"count":0,"href":"https:\/\/jornaldasoficinas.com\/pt\/wp-json\/wp\/v2\/posts\/34248\/revisions"}],"wp:featuredmedia":[{"embeddable":true,"href":"https:\/\/jornaldasoficinas.com\/pt\/wp-json\/wp\/v2\/media\/34247"}],"wp:attachment":[{"href":"https:\/\/jornaldasoficinas.com\/pt\/wp-json\/wp\/v2\/media?parent=34248"}],"wp:term":[{"taxonomy":"category","embeddable":true,"href":"https:\/\/jornaldasoficinas.com\/pt\/wp-json\/wp\/v2\/categories?post=34248"},{"taxonomy":"post_tag","embeddable":true,"href":"https:\/\/jornaldasoficinas.com\/pt\/wp-json\/wp\/v2\/tags?post=34248"}],"curies":[{"name":"wp","href":"https:\/\/api.w.org\/{rel}","templated":true}]}}