{"id":34300,"date":"2022-11-03T10:00:49","date_gmt":"2022-11-03T10:00:49","guid":{"rendered":"https:\/\/jornaldasoficinas.com\/pt\/?p=34300"},"modified":"2023-07-19T15:42:44","modified_gmt":"2023-07-19T14:42:44","slug":"33a-convencao-anecra-discute-novos-caminhos-para-o-setor-automovel","status":"publish","type":"post","link":"https:\/\/jornaldasoficinas.com\/pt\/33a-convencao-anecra-discute-novos-caminhos-para-o-setor-automovel\/","title":{"rendered":"33\u00aa Conven\u00e7\u00e3o ANECRA discute novos caminhos para o setor autom\u00f3vel"},"content":{"rendered":"<p><strong><img loading=\"lazy\" decoding=\"async\" class=\"alignnone size-full wp-image-34294\" src=\"https:\/\/jornaldasoficinas.com\/pt\/wp-content\/uploads\/2022\/11\/33a-Convenc\u0327a\u0303o-ANECRA-discute-novos-caminhos-para-o-setor-automo\u0301vel.jpg\" alt=\"11 - 33a Convenc\u0327a\u0303o ANECRA discute novos caminhos para o setor automo\u0301vel\" width=\"1024\" height=\"581\" srcset=\"https:\/\/jornaldasoficinas.com\/pt\/wp-content\/uploads\/2022\/11\/33a-Convenc\u0327a\u0303o-ANECRA-discute-novos-caminhos-para-o-setor-automo\u0301vel.jpg 1024w, https:\/\/jornaldasoficinas.com\/pt\/wp-content\/uploads\/2022\/11\/33a-Convenc\u0327a\u0303o-ANECRA-discute-novos-caminhos-para-o-setor-automo\u0301vel-300x170.jpg 300w, https:\/\/jornaldasoficinas.com\/pt\/wp-content\/uploads\/2022\/11\/33a-Convenc\u0327a\u0303o-ANECRA-discute-novos-caminhos-para-o-setor-automo\u0301vel-150x85.jpg 150w, https:\/\/jornaldasoficinas.com\/pt\/wp-content\/uploads\/2022\/11\/33a-Convenc\u0327a\u0303o-ANECRA-discute-novos-caminhos-para-o-setor-automo\u0301vel-768x436.jpg 768w\" sizes=\"auto, (max-width: 1024px) 100vw, 1024px\" \/><\/strong><\/p>\n<p><strong>O Centro de Congressos de Lisboa foi palco da 33\u00aa Conven\u00e7\u00e3o Anual da <a href=\"https:\/\/www.anecra.pt\/\" target=\"_blank\" rel=\"noopener\">ANECRA<\/a>, subordinada ao tema \u201cUm Admir\u00e1vel Mundo Novo\u201d. O evento juntou os mais relevantes players do setor, que protagonizaram diversos momentos de partilha, numa sala com lota\u00e7\u00e3o esgotada, para ouvir as interven\u00e7\u00f5es e os debates onde foram abordados diversos temas da atualidade do setor<\/strong><\/p>\n<p>No per\u00edodo da manh\u00e3, o foco da 33\u00aa Conven\u00e7\u00e3o Anual da ANECRA esteve centrado num dos principais desafios da atualidade no setor, concretamente na profunda crise com que o sector se depara: a falta de m\u00e3o de obra e a necessidade de atrair e reter as novas gera\u00e7\u00f5es, contando com o contributo de Ant\u00f3nio Caldeira, Diretor da CEPRA, Manuel Valadas, Consultor em Business Management, entre outras participa\u00e7\u00f5es.<\/p>\n<p>Por sua vez, Ant\u00f3nio Comprido apresentou a rec\u00e9m-criada Plataforma de Combust\u00edveis de Baixo Teor de Carbono (PCBC), da qual a ANECRA \u00e9 entidade fundadora, e que integra j\u00e1 oito entidades de relev\u00e2ncia para o setor autom\u00f3vel. A PCBC nasce da necessidade de defender, em Portugal e na Europa, uma solu\u00e7\u00e3o que vise uma transi\u00e7\u00e3o energ\u00e9tica dos autom\u00f3veis de forma sustent\u00e1vel, tendo em conta que esse caminho ter\u00e1 que ser percorrido, tamb\u00e9m, como recurso aos combust\u00edveis alternativos de baixo carbono, fator determinante para a manuten\u00e7\u00e3o do que \u00e9 denominado como o direito \u00e0 mobilidade individual.<\/p>\n<p>A fechar o per\u00edodo da manh\u00e3, Ricardo Carvalho, CEO do Grupo Lisbon Project, abordou as novas tend\u00eancias de consumo do setor e a necessidade de as empresas saberem interpretar e adaptar-se aos novos h\u00e1bitos de consumo, tendo para tal apresentado dois casos de estudo.<\/p>\n<p>Os debates deste encontro centraram-se nos desafios do ap\u00f3s-venda, do com\u00e9rcio de usados e do com\u00e9rcio autom\u00f3vel. Ra\u00fal Gonzalez Martin, a representar a World Shopper, Emanuel Proen\u00e7a, Administrador da Prio, Nuno Castel-Branco, CEO do Standvirtual, e Pedro Gon\u00e7alves, Director-Geral da MGCAR, foram alguns dos oradores de pain\u00e9is onde se falou do estado do setor e de estrat\u00e9gias que consigam o consigam alavancar.<\/p>\n<p>Destes debates devem destacar-se, entre outros, o tema da necessidade premente do incremento do pre\u00e7o de m\u00e3o de obra praticado no p\u00f3s-venda, que em Portugal \u00e9 estruturalmente muito baixo quando comparado com os nossos cong\u00e9neres europeus, assim como o enorme desafio com que o retalho autom\u00f3vel se depara com o anunciado modelo de agenciamento, em detrimento dos conhecidos concession\u00e1rios de autom\u00f3veis.<\/p>\n<p>Ao final da tarde, Pedro Siza Vieira, ex-Ministro da Economia e da Transi\u00e7\u00e3o Digital e Partner na PLMJ Advogados, fez a sua interven\u00e7\u00e3o em palco caracterizando os tempos que vivemos, como sendo de muita incerteza, no entanto, identifica oportunidades neste contexto de mudan\u00e7a para as empresas nas \u00e1reas de comercializa\u00e7\u00e3o, manuten\u00e7\u00e3o e repara\u00e7\u00e3o autom\u00f3veis por via dos novos modelos de neg\u00f3cio que se aproximam.<\/p>\n<p>Ap\u00f3s o discurso de Pedro Siza Vieira subordinado ao tema das altera\u00e7\u00f5es do Modelo Econ\u00f3mico seguiu-se uma mensagem de Rita Marques, Secret\u00e1ria de Estado do Turismo, Com\u00e9rcio e Servi\u00e7os que enfatizou a import\u00e2ncia que entidades como a ANECRA t\u00eam no nosso tecido Economico e reiterando a confian\u00e7a com os parceiros do setor autom\u00f3vel.<\/p>\n<p>Alexandre Ferreira, Presente da Dire\u00e7\u00e3o da ANECRA fez um balan\u00e7o extremamente positivo deste evento e indicou uma nova data para a 34\u00aa Conven\u00e7\u00e3o Anual da ANECRA: dia 27 de outubro de 2023.<\/p>\n<div class=\"wonderplugingallery-container\" id=\"wonderplugingallery-container-120\" style=\"max-width:960px;margin:0 auto;\"><div class=\"wonderplugingallery\" id=\"wonderplugingallery-120\" data-galleryid=\"120\" data-width=\"960\" data-height=\"540\" data-skin=\"gallery\" data-playsinline=\"false\" data-mutevideo=\"false\" data-random=\"false\" data-autoslide=\"false\" data-autoplayvideo=\"false\" data-schemamarkup=\"false\" data-stopallplaying=\"false\" data-reloadonvideoend=\"false\" data-donotuseposter=\"false\" data-enabletabindex=\"false\" data-loadnextonvideoend=\"false\" data-hidetitlewhenvideoisplaying=\"false\" data-disablehovereventontouch=\"false\" data-autoslideandplayafterfirstplayed=\"false\" data-html5player=\"true\" data-responsive=\"true\" data-fullwidth=\"false\" data-showtitle=\"true\" data-showdescription=\"true\" data-showplaybutton=\"true\" data-showfullscreenbutton=\"true\" data-showtimer=\"true\" data-showcarousel=\"true\" data-galleryshadow=\"false\" data-slideshadow=\"true\" data-thumbshowtitle=\"false\" data-thumbshowimage=\"true\" data-thumbshadow=\"true\" data-lightboxshowtitle=\"true\" data-lightboxshowdescription=\"true\" data-specifyid=\"true\" data-donotinit=\"false\" data-addinitscript=\"false\" data-triggerresize=\"false\" data-thumbcolumnsresponsive=\"false\" data-thumbverticalmiddle=\"true\" data-removeinlinecss=\"true\" data-switchonmouseover=\"false\" data-showcategory=\"true\" data-carouselpagination=\"false\" data-showimgtitle=\"false\" data-titlesmallscreen=\"false\" data-initsocial=\"true\" data-showsocial=\"false\" data-showemail=\"false\" data-showfacebook=\"true\" data-showtwitter=\"true\" data-showpinterest=\"true\" data-socialrotateeffect=\"true\" data-doshortcodeontext=\"false\" data-loop=\"0\" data-duration=\"1500\" data-slideduration=\"1000\" data-slideshowinterval=\"6000\" data-googleanalyticsaccount=\"\" data-ga4account=\"\" data-resizemode=\"fill\" data-imagetoolboxmode=\"mouseover\" data-effect=\"fade\" data-padding=\"12\" data-bgcolor=\"\" data-bgimage=\"\" data-thumbwidth=\"120\" data-thumbheight=\"60\" data-thumbgap=\"8\" data-thumbrowgap=\"16\" data-lightboxtextheight=\"72\" data-lightboxtitlecss=\"{color:#333333; font:bold 12px Arial,Helvetica,sans-serif; overflow:hidden; white-space:normal; line-height:18px;}\" data-lightboxdescriptioncss=\"{color:#333333; font:normal 12px Arial,Helvetica,sans-serif; overflow:hidden; white-space:normal; line-height:14px;}\" data-titlecss=\"{color:#ffffff; font-size:14px; font-family:Armata, sans-serif, Arial; overflow:hidden; text-align:left; padding:10px 0px 10px 10px; background:rgb(102, 102, 102) transparent; background:rgba(102, 102, 102, 0.6);}\" data-descriptioncss=\"{color:#ffffff; font-size:13px; font-family:Armata, sans-serif, Arial; overflow:hidden; text-align:left; padding:0px 0px 10px 10px; background:rgb(102, 102, 102) transparent; background:rgba(102, 102, 102, 0.6);}\" data-titleheight=\"72\" data-titlesmallscreenwidth=\"640\" data-titleheightsmallscreen=\"148\" data-socialmode=\"mouseover\" data-socialposition=\"position:absolute;top:8px;right:8px;\" data-socialpositionlightbox=\"position:absolute;top:8px;right:8px;\" data-socialdirection=\"horizontal\" data-socialbuttonsize=\"32\" data-socialbuttonfontsize=\"18\" data-defaultvideovolume=\"1\" data-thumbtitleheight=\"24\" data-thumbmediumtitleheight=\"48\" data-thumbsmalltitleheight=\"72\" data-categoryheight=\"48\" data-categorydefault=\"all\" data-triggerresizedelay=\"100\" data-thumbmediumsize=\"800\" data-thumbsmallsize=\"480\" data-thumbmediumwidth=\"64\" data-thumbmediumheight=\"64\" data-thumbsmallwidth=\"48\" data-thumbsmallheight=\"48\" data-imgtitle=\"title\" data-carouselpaginationrow=\"3\" data-categorystyle=\"dropdown\" data-categorylist=\"[{&quot;slug&quot;:&quot;all&quot;,&quot;caption&quot;:&quot;Show All&quot;}]\" data-jsfolder=\"https:\/\/jornaldasoficinas.com\/pt\/wp-content\/plugins\/wonderplugin-gallery\/engine\/\" style=\"display:none;\" ><a class=\"html5galleryimglink\" href=\"https:\/\/jornaldasoficinas.com\/pt\/wp-content\/uploads\/2022\/11\/33-Convenccao-ANECRA\/Anecra_0027.jpg\" data-mediatype=1><img decoding=\"async\" class=\"html5galleryimg html5gallery-tn-image\" src=\"https:\/\/jornaldasoficinas.com\/pt\/wp-content\/uploads\/2022\/11\/33-Convenccao-ANECRA\/Anecra_0027.jpg\" alt=\"\"><\/a><div class=\"html5gallery-info\"><\/div><a class=\"html5galleryimglink\" href=\"https:\/\/jornaldasoficinas.com\/pt\/wp-content\/uploads\/2022\/11\/33-Convenccao-ANECRA\/Anecra_0131.jpg\" data-mediatype=1><img decoding=\"async\" class=\"html5galleryimg html5gallery-tn-image\" src=\"https:\/\/jornaldasoficinas.com\/pt\/wp-content\/uploads\/2022\/11\/33-Convenccao-ANECRA\/Anecra_0131.jpg\" alt=\"\"><\/a><div class=\"html5gallery-info\"><\/div><a class=\"html5galleryimglink\" href=\"https:\/\/jornaldasoficinas.com\/pt\/wp-content\/uploads\/2022\/11\/33-Convenccao-ANECRA\/Anecra_0172.jpg\" data-mediatype=1><img decoding=\"async\" class=\"html5galleryimg html5gallery-tn-image\" src=\"https:\/\/jornaldasoficinas.com\/pt\/wp-content\/uploads\/2022\/11\/33-Convenccao-ANECRA\/Anecra_0172.jpg\" alt=\"\"><\/a><div class=\"html5gallery-info\"><\/div><a class=\"html5galleryimglink\" href=\"https:\/\/jornaldasoficinas.com\/pt\/wp-content\/uploads\/2022\/11\/33-Convenccao-ANECRA\/Anecra_0205.jpg\" data-mediatype=1><img decoding=\"async\" class=\"html5galleryimg html5gallery-tn-image\" src=\"https:\/\/jornaldasoficinas.com\/pt\/wp-content\/uploads\/2022\/11\/33-Convenccao-ANECRA\/Anecra_0205.jpg\" alt=\"\"><\/a><div class=\"html5gallery-info\"><\/div><a class=\"html5galleryimglink\" href=\"https:\/\/jornaldasoficinas.com\/pt\/wp-content\/uploads\/2022\/11\/33-Convenccao-ANECRA\/Anecra_0213.jpg\" data-mediatype=1><img decoding=\"async\" class=\"html5galleryimg html5gallery-tn-image\" src=\"https:\/\/jornaldasoficinas.com\/pt\/wp-content\/uploads\/2022\/11\/33-Convenccao-ANECRA\/Anecra_0213.jpg\" alt=\"\"><\/a><div class=\"html5gallery-info\"><\/div><a class=\"html5galleryimglink\" href=\"https:\/\/jornaldasoficinas.com\/pt\/wp-content\/uploads\/2022\/11\/33-Convenccao-ANECRA\/Anecra_0244.jpg\" data-mediatype=1><img decoding=\"async\" class=\"html5galleryimg html5gallery-tn-image\" src=\"https:\/\/jornaldasoficinas.com\/pt\/wp-content\/uploads\/2022\/11\/33-Convenccao-ANECRA\/Anecra_0244.jpg\" alt=\"\"><\/a><div class=\"html5gallery-info\"><\/div><a class=\"html5galleryimglink\" href=\"https:\/\/jornaldasoficinas.com\/pt\/wp-content\/uploads\/2022\/11\/33-Convenccao-ANECRA\/Anecra_0260.jpg\" data-mediatype=1><img decoding=\"async\" class=\"html5galleryimg html5gallery-tn-image\" src=\"https:\/\/jornaldasoficinas.com\/pt\/wp-content\/uploads\/2022\/11\/33-Convenccao-ANECRA\/Anecra_0260.jpg\" alt=\"\"><\/a><div class=\"html5gallery-info\"><\/div><a class=\"html5galleryimglink\" href=\"https:\/\/jornaldasoficinas.com\/pt\/wp-content\/uploads\/2022\/11\/33-Convenccao-ANECRA\/Anecra_0292.jpg\" data-mediatype=1><img decoding=\"async\" class=\"html5galleryimg html5gallery-tn-image\" src=\"https:\/\/jornaldasoficinas.com\/pt\/wp-content\/uploads\/2022\/11\/33-Convenccao-ANECRA\/Anecra_0292.jpg\" alt=\"\"><\/a><div class=\"html5gallery-info\"><\/div><a class=\"html5galleryimglink\" href=\"https:\/\/jornaldasoficinas.com\/pt\/wp-content\/uploads\/2022\/11\/33-Convenccao-ANECRA\/Anecra_0309.jpg\" data-mediatype=1><img decoding=\"async\" class=\"html5galleryimg html5gallery-tn-image\" src=\"https:\/\/jornaldasoficinas.com\/pt\/wp-content\/uploads\/2022\/11\/33-Convenccao-ANECRA\/Anecra_0309.jpg\" alt=\"\"><\/a><div class=\"html5gallery-info\"><\/div><a class=\"html5galleryimglink\" href=\"https:\/\/jornaldasoficinas.com\/pt\/wp-content\/uploads\/2022\/11\/33-Convenccao-ANECRA\/Anecra_0317.jpg\" data-mediatype=1><img decoding=\"async\" class=\"html5galleryimg html5gallery-tn-image\" src=\"https:\/\/jornaldasoficinas.com\/pt\/wp-content\/uploads\/2022\/11\/33-Convenccao-ANECRA\/Anecra_0317.jpg\" alt=\"\"><\/a><div class=\"html5gallery-info\"><\/div><a class=\"html5galleryimglink\" href=\"https:\/\/jornaldasoficinas.com\/pt\/wp-content\/uploads\/2022\/11\/33-Convenccao-ANECRA\/Anecra_0335.jpg\" data-mediatype=1><img decoding=\"async\" class=\"html5galleryimg html5gallery-tn-image\" src=\"https:\/\/jornaldasoficinas.com\/pt\/wp-content\/uploads\/2022\/11\/33-Convenccao-ANECRA\/Anecra_0335.jpg\" alt=\"\"><\/a><div class=\"html5gallery-info\"><\/div><a class=\"html5galleryimglink\" href=\"https:\/\/jornaldasoficinas.com\/pt\/wp-content\/uploads\/2022\/11\/33-Convenccao-ANECRA\/Anecra_0337.jpg\" data-mediatype=1><img decoding=\"async\" class=\"html5galleryimg html5gallery-tn-image\" src=\"https:\/\/jornaldasoficinas.com\/pt\/wp-content\/uploads\/2022\/11\/33-Convenccao-ANECRA\/Anecra_0337.jpg\" alt=\"\"><\/a><div class=\"html5gallery-info\"><\/div><a class=\"html5galleryimglink\" href=\"https:\/\/jornaldasoficinas.com\/pt\/wp-content\/uploads\/2022\/11\/33-Convenccao-ANECRA\/Anecra_0343.jpg\" data-mediatype=1><img decoding=\"async\" class=\"html5galleryimg html5gallery-tn-image\" src=\"https:\/\/jornaldasoficinas.com\/pt\/wp-content\/uploads\/2022\/11\/33-Convenccao-ANECRA\/Anecra_0343.jpg\" alt=\"\"><\/a><div class=\"html5gallery-info\"><\/div><a class=\"html5galleryimglink\" href=\"https:\/\/jornaldasoficinas.com\/pt\/wp-content\/uploads\/2022\/11\/33-Convenccao-ANECRA\/Anecra_0349.jpg\" data-mediatype=1><img decoding=\"async\" class=\"html5galleryimg html5gallery-tn-image\" src=\"https:\/\/jornaldasoficinas.com\/pt\/wp-content\/uploads\/2022\/11\/33-Convenccao-ANECRA\/Anecra_0349.jpg\" alt=\"\"><\/a><div class=\"html5gallery-info\"><\/div><a class=\"html5galleryimglink\" href=\"https:\/\/jornaldasoficinas.com\/pt\/wp-content\/uploads\/2022\/11\/33-Convenccao-ANECRA\/Anecra_0353.jpg\" data-mediatype=1><img decoding=\"async\" class=\"html5galleryimg html5gallery-tn-image\" src=\"https:\/\/jornaldasoficinas.com\/pt\/wp-content\/uploads\/2022\/11\/33-Convenccao-ANECRA\/Anecra_0353.jpg\" alt=\"\"><\/a><div class=\"html5gallery-info\"><\/div><a class=\"html5galleryimglink\" href=\"https:\/\/jornaldasoficinas.com\/pt\/wp-content\/uploads\/2022\/11\/33-Convenccao-ANECRA\/Anecra_0369.jpg\" data-mediatype=1><img decoding=\"async\" class=\"html5galleryimg html5gallery-tn-image\" src=\"https:\/\/jornaldasoficinas.com\/pt\/wp-content\/uploads\/2022\/11\/33-Convenccao-ANECRA\/Anecra_0369.jpg\" alt=\"\"><\/a><div class=\"html5gallery-info\"><\/div><a class=\"html5galleryimglink\" href=\"https:\/\/jornaldasoficinas.com\/pt\/wp-content\/uploads\/2022\/11\/33-Convenccao-ANECRA\/Anecra_0389.jpg\" data-mediatype=1><img decoding=\"async\" class=\"html5galleryimg html5gallery-tn-image\" src=\"https:\/\/jornaldasoficinas.com\/pt\/wp-content\/uploads\/2022\/11\/33-Convenccao-ANECRA\/Anecra_0389.jpg\" alt=\"\"><\/a><div class=\"html5gallery-info\"><\/div><a class=\"html5galleryimglink\" href=\"https:\/\/jornaldasoficinas.com\/pt\/wp-content\/uploads\/2022\/11\/33-Convenccao-ANECRA\/Anecra_0422.jpg\" data-mediatype=1><img decoding=\"async\" class=\"html5galleryimg html5gallery-tn-image\" src=\"https:\/\/jornaldasoficinas.com\/pt\/wp-content\/uploads\/2022\/11\/33-Convenccao-ANECRA\/Anecra_0422.jpg\" alt=\"\"><\/a><div class=\"html5gallery-info\"><\/div><a class=\"html5galleryimglink\" href=\"https:\/\/jornaldasoficinas.com\/pt\/wp-content\/uploads\/2022\/11\/33-Convenccao-ANECRA\/Anecra_0455.jpg\" data-mediatype=1><img decoding=\"async\" class=\"html5galleryimg html5gallery-tn-image\" src=\"https:\/\/jornaldasoficinas.com\/pt\/wp-content\/uploads\/2022\/11\/33-Convenccao-ANECRA\/Anecra_0455.jpg\" alt=\"\"><\/a><div class=\"html5gallery-info\"><\/div><a class=\"html5galleryimglink\" href=\"https:\/\/jornaldasoficinas.com\/pt\/wp-content\/uploads\/2022\/11\/33-Convenccao-ANECRA\/Anecra_0480.jpg\" data-mediatype=1><img decoding=\"async\" class=\"html5galleryimg html5gallery-tn-image\" src=\"https:\/\/jornaldasoficinas.com\/pt\/wp-content\/uploads\/2022\/11\/33-Convenccao-ANECRA\/Anecra_0480.jpg\" alt=\"\"><\/a><div class=\"html5gallery-info\"><\/div><a class=\"html5galleryimglink\" href=\"https:\/\/jornaldasoficinas.com\/pt\/wp-content\/uploads\/2022\/11\/33-Convenccao-ANECRA\/Anecra_0494.jpg\" data-mediatype=1><img decoding=\"async\" class=\"html5galleryimg html5gallery-tn-image\" src=\"https:\/\/jornaldasoficinas.com\/pt\/wp-content\/uploads\/2022\/11\/33-Convenccao-ANECRA\/Anecra_0494.jpg\" alt=\"\"><\/a><div class=\"html5gallery-info\"><\/div><a class=\"html5galleryimglink\" href=\"https:\/\/jornaldasoficinas.com\/pt\/wp-content\/uploads\/2022\/11\/33-Convenccao-ANECRA\/IMG_6548.jpg\" data-mediatype=1><img decoding=\"async\" class=\"html5galleryimg html5gallery-tn-image\" src=\"https:\/\/jornaldasoficinas.com\/pt\/wp-content\/uploads\/2022\/11\/33-Convenccao-ANECRA\/IMG_6548.jpg\" alt=\"\"><\/a><div class=\"html5gallery-info\"><\/div><a class=\"html5galleryimglink\" href=\"https:\/\/jornaldasoficinas.com\/pt\/wp-content\/uploads\/2022\/11\/33-Convenccao-ANECRA\/IMG_6554.jpg\" data-mediatype=1><img decoding=\"async\" class=\"html5galleryimg html5gallery-tn-image\" src=\"https:\/\/jornaldasoficinas.com\/pt\/wp-content\/uploads\/2022\/11\/33-Convenccao-ANECRA\/IMG_6554.jpg\" alt=\"\"><\/a><div class=\"html5gallery-info\"><\/div><a class=\"html5galleryimglink\" href=\"https:\/\/jornaldasoficinas.com\/pt\/wp-content\/uploads\/2022\/11\/33-Convenccao-ANECRA\/IMG_6557.jpg\" data-mediatype=1><img decoding=\"async\" class=\"html5galleryimg html5gallery-tn-image\" src=\"https:\/\/jornaldasoficinas.com\/pt\/wp-content\/uploads\/2022\/11\/33-Convenccao-ANECRA\/IMG_6557.jpg\" alt=\"\"><\/a><div class=\"html5gallery-info\"><\/div><a class=\"html5galleryimglink\" href=\"https:\/\/jornaldasoficinas.com\/pt\/wp-content\/uploads\/2022\/11\/33-Convenccao-ANECRA\/IMG_6558.jpg\" data-mediatype=1><img decoding=\"async\" class=\"html5galleryimg html5gallery-tn-image\" src=\"https:\/\/jornaldasoficinas.com\/pt\/wp-content\/uploads\/2022\/11\/33-Convenccao-ANECRA\/IMG_6558.jpg\" alt=\"\"><\/a><div class=\"html5gallery-info\"><\/div><a class=\"html5galleryimglink\" href=\"https:\/\/jornaldasoficinas.com\/pt\/wp-content\/uploads\/2022\/11\/33-Convenccao-ANECRA\/IMG_6575.jpg\" data-mediatype=1><img decoding=\"async\" class=\"html5galleryimg html5gallery-tn-image\" src=\"https:\/\/jornaldasoficinas.com\/pt\/wp-content\/uploads\/2022\/11\/33-Convenccao-ANECRA\/IMG_6575.jpg\" alt=\"\"><\/a><div class=\"html5gallery-info\"><\/div><a class=\"html5galleryimglink\" href=\"https:\/\/jornaldasoficinas.com\/pt\/wp-content\/uploads\/2022\/11\/33-Convenccao-ANECRA\/IMG_6586.jpg\" data-mediatype=1><img decoding=\"async\" class=\"html5galleryimg html5gallery-tn-image\" src=\"https:\/\/jornaldasoficinas.com\/pt\/wp-content\/uploads\/2022\/11\/33-Convenccao-ANECRA\/IMG_6586.jpg\" alt=\"\"><\/a><div class=\"html5gallery-info\"><\/div><a class=\"html5galleryimglink\" href=\"https:\/\/jornaldasoficinas.com\/pt\/wp-content\/uploads\/2022\/11\/33-Convenccao-ANECRA\/IMG_6605.jpg\" data-mediatype=1><img decoding=\"async\" class=\"html5galleryimg html5gallery-tn-image\" src=\"https:\/\/jornaldasoficinas.com\/pt\/wp-content\/uploads\/2022\/11\/33-Convenccao-ANECRA\/IMG_6605.jpg\" alt=\"\"><\/a><div class=\"html5gallery-info\"><\/div><a class=\"html5galleryimglink\" href=\"https:\/\/jornaldasoficinas.com\/pt\/wp-content\/uploads\/2022\/11\/33-Convenccao-ANECRA\/IMG_6609.jpg\" data-mediatype=1><img decoding=\"async\" class=\"html5galleryimg html5gallery-tn-image\" src=\"https:\/\/jornaldasoficinas.com\/pt\/wp-content\/uploads\/2022\/11\/33-Convenccao-ANECRA\/IMG_6609.jpg\" alt=\"\"><\/a><div class=\"html5gallery-info\"><\/div><a class=\"html5galleryimglink\" href=\"https:\/\/jornaldasoficinas.com\/pt\/wp-content\/uploads\/2022\/11\/33-Convenccao-ANECRA\/IMG_6615.jpg\" data-mediatype=1><img decoding=\"async\" class=\"html5galleryimg html5gallery-tn-image\" src=\"https:\/\/jornaldasoficinas.com\/pt\/wp-content\/uploads\/2022\/11\/33-Convenccao-ANECRA\/IMG_6615.jpg\" alt=\"\"><\/a><div class=\"html5gallery-info\"><\/div><a class=\"html5galleryimglink\" href=\"https:\/\/jornaldasoficinas.com\/pt\/wp-content\/uploads\/2022\/11\/33-Convenccao-ANECRA\/IMG_6617.jpg\" data-mediatype=1><img decoding=\"async\" class=\"html5galleryimg html5gallery-tn-image\" src=\"https:\/\/jornaldasoficinas.com\/pt\/wp-content\/uploads\/2022\/11\/33-Convenccao-ANECRA\/IMG_6617.jpg\" alt=\"\"><\/a><div class=\"html5gallery-info\"><\/div><a class=\"html5galleryimglink\" href=\"https:\/\/jornaldasoficinas.com\/pt\/wp-content\/uploads\/2022\/11\/33-Convenccao-ANECRA\/IMG_6619.jpg\" data-mediatype=1><img decoding=\"async\" class=\"html5galleryimg html5gallery-tn-image\" src=\"https:\/\/jornaldasoficinas.com\/pt\/wp-content\/uploads\/2022\/11\/33-Convenccao-ANECRA\/IMG_6619.jpg\" alt=\"\"><\/a><div class=\"html5gallery-info\"><\/div><a class=\"html5galleryimglink\" href=\"https:\/\/jornaldasoficinas.com\/pt\/wp-content\/uploads\/2022\/11\/33-Convenccao-ANECRA\/IMG_6622.jpg\" data-mediatype=1><img decoding=\"async\" class=\"html5galleryimg html5gallery-tn-image\" src=\"https:\/\/jornaldasoficinas.com\/pt\/wp-content\/uploads\/2022\/11\/33-Convenccao-ANECRA\/IMG_6622.jpg\" alt=\"\"><\/a><div class=\"html5gallery-info\"><\/div><a class=\"html5galleryimglink\" href=\"https:\/\/jornaldasoficinas.com\/pt\/wp-content\/uploads\/2022\/11\/33-Convenccao-ANECRA\/IMG_6637.jpg\" data-mediatype=1><img decoding=\"async\" class=\"html5galleryimg html5gallery-tn-image\" src=\"https:\/\/jornaldasoficinas.com\/pt\/wp-content\/uploads\/2022\/11\/33-Convenccao-ANECRA\/IMG_6637.jpg\" alt=\"\"><\/a><div class=\"html5gallery-info\"><\/div><a class=\"html5galleryimglink\" href=\"https:\/\/jornaldasoficinas.com\/pt\/wp-content\/uploads\/2022\/11\/33-Convenccao-ANECRA\/IMG_6644.jpg\" data-mediatype=1><img decoding=\"async\" class=\"html5galleryimg html5gallery-tn-image\" src=\"https:\/\/jornaldasoficinas.com\/pt\/wp-content\/uploads\/2022\/11\/33-Convenccao-ANECRA\/IMG_6644.jpg\" alt=\"\"><\/a><div class=\"html5gallery-info\"><\/div><a class=\"html5galleryimglink\" href=\"https:\/\/jornaldasoficinas.com\/pt\/wp-content\/uploads\/2022\/11\/33-Convenccao-ANECRA\/IMG_6665.jpg\" data-mediatype=1><img decoding=\"async\" class=\"html5galleryimg html5gallery-tn-image\" src=\"https:\/\/jornaldasoficinas.com\/pt\/wp-content\/uploads\/2022\/11\/33-Convenccao-ANECRA\/IMG_6665.jpg\" alt=\"\"><\/a><div class=\"html5gallery-info\"><\/div><a class=\"html5galleryimglink\" href=\"https:\/\/jornaldasoficinas.com\/pt\/wp-content\/uploads\/2022\/11\/33-Convenccao-ANECRA\/IMG_6666.jpg\" data-mediatype=1><img decoding=\"async\" class=\"html5galleryimg html5gallery-tn-image\" src=\"https:\/\/jornaldasoficinas.com\/pt\/wp-content\/uploads\/2022\/11\/33-Convenccao-ANECRA\/IMG_6666.jpg\" alt=\"\"><\/a><div class=\"html5gallery-info\"><\/div><a class=\"html5galleryimglink\" href=\"https:\/\/jornaldasoficinas.com\/pt\/wp-content\/uploads\/2022\/11\/33-Convenccao-ANECRA\/IMG_6672.jpg\" data-mediatype=1><img decoding=\"async\" class=\"html5galleryimg html5gallery-tn-image\" src=\"https:\/\/jornaldasoficinas.com\/pt\/wp-content\/uploads\/2022\/11\/33-Convenccao-ANECRA\/IMG_6672.jpg\" alt=\"\"><\/a><div class=\"html5gallery-info\"><\/div><a class=\"html5galleryimglink\" href=\"https:\/\/jornaldasoficinas.com\/pt\/wp-content\/uploads\/2022\/11\/33-Convenccao-ANECRA\/IMG_6676.jpg\" data-mediatype=1><img decoding=\"async\" class=\"html5galleryimg html5gallery-tn-image\" src=\"https:\/\/jornaldasoficinas.com\/pt\/wp-content\/uploads\/2022\/11\/33-Convenccao-ANECRA\/IMG_6676.jpg\" alt=\"\"><\/a><div class=\"html5gallery-info\"><\/div><\/div><\/div><script>function wondergallery_120_appendcss(csscode) {var head=document.head || document.getElementsByTagName(\"head\")[0];var style=document.createElement(\"style\");head.appendChild(style);style.type=\"text\/css\";if (style.styleSheet){style.styleSheet.cssText=csscode;} else {style.appendChild(document.createTextNode(csscode));}};wondergallery_120_appendcss(\"#wonderplugingallery-120 .html5gallery-cat-selection-120 { \tbox-sizing: border-box; \ttext-align: center; }  #wonderplugingallery-120 .html5gallery-cat-selection-120 select { \tbox-sizing: border-box; \tmargin: 4px auto; }\");<\/script>\n","protected":false},"excerpt":{"rendered":"<p>O Centro de Congressos de Lisboa&#8230;<\/p>\n","protected":false},"author":15,"featured_media":34294,"comment_status":"closed","ping_status":"closed","sticky":false,"template":"","format":"standard","meta":{"footnotes":""},"categories":[29],"tags":[2986,137,2987,1497],"class_list":["post-34300","post","type-post","status-publish","format-standard","has-post-thumbnail","hentry","category-empresas","tag-33a-convencao","tag-anecra","tag-novos-caminhos","tag-setor-automovel"],"yoast_head":"<!-- This site is optimized with the Yoast SEO plugin v27.4 - https:\/\/yoast.com\/product\/yoast-seo-wordpress\/ -->\n<title>33\u00aa Conven\u00e7\u00e3o ANECRA discute novos caminhos para o setor autom\u00f3vel - Jornal das Oficinas<\/title>\n<meta name=\"description\" content=\"O Centro de Congressos de Lisboa foi palco da 33\u00aa Conven\u00e7\u00e3o Anual da ANECRA, subordinada ao tema \u201cUm Admir\u00e1vel Mundo Novo\u201d.\" \/>\n<meta name=\"robots\" content=\"index, follow, max-snippet:-1, max-image-preview:large, max-video-preview:-1\" \/>\n<link rel=\"canonical\" href=\"https:\/\/jornaldasoficinas.com\/pt\/33a-convencao-anecra-discute-novos-caminhos-para-o-setor-automovel\/\" \/>\n<meta property=\"og:locale\" content=\"pt_PT\" \/>\n<meta property=\"og:type\" content=\"article\" \/>\n<meta property=\"og:title\" content=\"33\u00aa Conven\u00e7\u00e3o ANECRA discute novos caminhos para o setor autom\u00f3vel - Jornal das Oficinas\" \/>\n<meta property=\"og:description\" content=\"O Centro de Congressos de Lisboa foi palco da 33\u00aa Conven\u00e7\u00e3o Anual da ANECRA, subordinada ao tema \u201cUm Admir\u00e1vel Mundo Novo\u201d.\" \/>\n<meta property=\"og:url\" content=\"https:\/\/jornaldasoficinas.com\/pt\/33a-convencao-anecra-discute-novos-caminhos-para-o-setor-automovel\/\" \/>\n<meta property=\"og:site_name\" content=\"Jornal das Oficinas\" \/>\n<meta property=\"article:publisher\" content=\"https:\/\/www.facebook.com\/jornaloficinas\" \/>\n<meta property=\"article:published_time\" content=\"2022-11-03T10:00:49+00:00\" \/>\n<meta property=\"article:modified_time\" content=\"2023-07-19T14:42:44+00:00\" \/>\n<meta property=\"og:image\" content=\"https:\/\/jornaldasoficinas.com\/pt\/wp-content\/uploads\/2022\/11\/33a-Convenc\u0327a\u0303o-ANECRA-discute-novos-caminhos-para-o-setor-automo\u0301vel.jpg\" \/>\n\t<meta property=\"og:image:width\" content=\"1024\" \/>\n\t<meta property=\"og:image:height\" content=\"581\" \/>\n\t<meta property=\"og:image:type\" content=\"image\/jpeg\" \/>\n<meta name=\"author\" content=\"Reda\u00e7\u00e3o JO\" \/>\n<meta name=\"twitter:card\" content=\"summary_large_image\" \/>\n<meta name=\"twitter:creator\" content=\"@jornaloficinas\" \/>\n<meta name=\"twitter:site\" content=\"@jornaloficinas\" \/>\n<meta name=\"twitter:label1\" content=\"Escrito por\" \/>\n\t<meta name=\"twitter:data1\" content=\"Reda\u00e7\u00e3o JO\" \/>\n\t<meta name=\"twitter:label2\" content=\"Tempo estimado de leitura\" \/>\n\t<meta name=\"twitter:data2\" content=\"3 minutos\" \/>\n<script type=\"application\/ld+json\" class=\"yoast-schema-graph\">{\"@context\":\"https:\\\/\\\/schema.org\",\"@graph\":[{\"@type\":\"Article\",\"@id\":\"https:\\\/\\\/jornaldasoficinas.com\\\/pt\\\/33a-convencao-anecra-discute-novos-caminhos-para-o-setor-automovel\\\/#article\",\"isPartOf\":{\"@id\":\"https:\\\/\\\/jornaldasoficinas.com\\\/pt\\\/33a-convencao-anecra-discute-novos-caminhos-para-o-setor-automovel\\\/\"},\"author\":{\"name\":\"Reda\u00e7\u00e3o JO\",\"@id\":\"https:\\\/\\\/jornaldasoficinas.com\\\/pt\\\/#\\\/schema\\\/person\\\/a38eef5de2c41d9e7c9ac10141afddf3\"},\"headline\":\"33\u00aa Conven\u00e7\u00e3o ANECRA discute novos caminhos para o setor autom\u00f3vel\",\"datePublished\":\"2022-11-03T10:00:49+00:00\",\"dateModified\":\"2023-07-19T14:42:44+00:00\",\"mainEntityOfPage\":{\"@id\":\"https:\\\/\\\/jornaldasoficinas.com\\\/pt\\\/33a-convencao-anecra-discute-novos-caminhos-para-o-setor-automovel\\\/\"},\"wordCount\":602,\"publisher\":{\"@id\":\"https:\\\/\\\/jornaldasoficinas.com\\\/pt\\\/#organization\"},\"image\":{\"@id\":\"https:\\\/\\\/jornaldasoficinas.com\\\/pt\\\/33a-convencao-anecra-discute-novos-caminhos-para-o-setor-automovel\\\/#primaryimage\"},\"thumbnailUrl\":\"https:\\\/\\\/jornaldasoficinas.com\\\/pt\\\/wp-content\\\/uploads\\\/2022\\\/11\\\/33a-Convenc\u0327a\u0303o-ANECRA-discute-novos-caminhos-para-o-setor-automo\u0301vel.jpg\",\"keywords\":[\"33\u00aa Convencao\",\"ANECRA\",\"novos caminhos\",\"Setor Autom\u00f3vel\"],\"articleSection\":[\"Empresas\"],\"inLanguage\":\"pt-PT\"},{\"@type\":\"WebPage\",\"@id\":\"https:\\\/\\\/jornaldasoficinas.com\\\/pt\\\/33a-convencao-anecra-discute-novos-caminhos-para-o-setor-automovel\\\/\",\"url\":\"https:\\\/\\\/jornaldasoficinas.com\\\/pt\\\/33a-convencao-anecra-discute-novos-caminhos-para-o-setor-automovel\\\/\",\"name\":\"33\u00aa Conven\u00e7\u00e3o ANECRA discute novos caminhos para o setor autom\u00f3vel - Jornal das Oficinas\",\"isPartOf\":{\"@id\":\"https:\\\/\\\/jornaldasoficinas.com\\\/pt\\\/#website\"},\"primaryImageOfPage\":{\"@id\":\"https:\\\/\\\/jornaldasoficinas.com\\\/pt\\\/33a-convencao-anecra-discute-novos-caminhos-para-o-setor-automovel\\\/#primaryimage\"},\"image\":{\"@id\":\"https:\\\/\\\/jornaldasoficinas.com\\\/pt\\\/33a-convencao-anecra-discute-novos-caminhos-para-o-setor-automovel\\\/#primaryimage\"},\"thumbnailUrl\":\"https:\\\/\\\/jornaldasoficinas.com\\\/pt\\\/wp-content\\\/uploads\\\/2022\\\/11\\\/33a-Convenc\u0327a\u0303o-ANECRA-discute-novos-caminhos-para-o-setor-automo\u0301vel.jpg\",\"datePublished\":\"2022-11-03T10:00:49+00:00\",\"dateModified\":\"2023-07-19T14:42:44+00:00\",\"description\":\"O Centro de Congressos de Lisboa foi palco da 33\u00aa Conven\u00e7\u00e3o Anual da ANECRA, subordinada ao tema \u201cUm Admir\u00e1vel Mundo Novo\u201d.\",\"breadcrumb\":{\"@id\":\"https:\\\/\\\/jornaldasoficinas.com\\\/pt\\\/33a-convencao-anecra-discute-novos-caminhos-para-o-setor-automovel\\\/#breadcrumb\"},\"inLanguage\":\"pt-PT\",\"potentialAction\":[{\"@type\":\"ReadAction\",\"target\":[\"https:\\\/\\\/jornaldasoficinas.com\\\/pt\\\/33a-convencao-anecra-discute-novos-caminhos-para-o-setor-automovel\\\/\"]}]},{\"@type\":\"ImageObject\",\"inLanguage\":\"pt-PT\",\"@id\":\"https:\\\/\\\/jornaldasoficinas.com\\\/pt\\\/33a-convencao-anecra-discute-novos-caminhos-para-o-setor-automovel\\\/#primaryimage\",\"url\":\"https:\\\/\\\/jornaldasoficinas.com\\\/pt\\\/wp-content\\\/uploads\\\/2022\\\/11\\\/33a-Convenc\u0327a\u0303o-ANECRA-discute-novos-caminhos-para-o-setor-automo\u0301vel.jpg\",\"contentUrl\":\"https:\\\/\\\/jornaldasoficinas.com\\\/pt\\\/wp-content\\\/uploads\\\/2022\\\/11\\\/33a-Convenc\u0327a\u0303o-ANECRA-discute-novos-caminhos-para-o-setor-automo\u0301vel.jpg\",\"width\":1024,\"height\":581,\"caption\":\"11 - 33a Convenc\u0327a\u0303o ANECRA discute novos caminhos para o setor automo\u0301vel\"},{\"@type\":\"BreadcrumbList\",\"@id\":\"https:\\\/\\\/jornaldasoficinas.com\\\/pt\\\/33a-convencao-anecra-discute-novos-caminhos-para-o-setor-automovel\\\/#breadcrumb\",\"itemListElement\":[{\"@type\":\"ListItem\",\"position\":1,\"name\":\"In\u00edcio\",\"item\":\"https:\\\/\\\/jornaldasoficinas.com\\\/pt\\\/\"},{\"@type\":\"ListItem\",\"position\":2,\"name\":\"33\u00aa Conven\u00e7\u00e3o ANECRA discute novos caminhos para o setor autom\u00f3vel\"}]},{\"@type\":\"WebSite\",\"@id\":\"https:\\\/\\\/jornaldasoficinas.com\\\/pt\\\/#website\",\"url\":\"https:\\\/\\\/jornaldasoficinas.com\\\/pt\\\/\",\"name\":\"Jornal das Oficinas\",\"description\":\"Jornal independente do Aftermarket Autom\u00f3vel em Portugal\",\"publisher\":{\"@id\":\"https:\\\/\\\/jornaldasoficinas.com\\\/pt\\\/#organization\"},\"potentialAction\":[{\"@type\":\"SearchAction\",\"target\":{\"@type\":\"EntryPoint\",\"urlTemplate\":\"https:\\\/\\\/jornaldasoficinas.com\\\/pt\\\/?s={search_term_string}\"},\"query-input\":{\"@type\":\"PropertyValueSpecification\",\"valueRequired\":true,\"valueName\":\"search_term_string\"}}],\"inLanguage\":\"pt-PT\"},{\"@type\":\"Organization\",\"@id\":\"https:\\\/\\\/jornaldasoficinas.com\\\/pt\\\/#organization\",\"name\":\"Jornal das Oficinas\",\"url\":\"https:\\\/\\\/jornaldasoficinas.com\\\/pt\\\/\",\"logo\":{\"@type\":\"ImageObject\",\"inLanguage\":\"pt-PT\",\"@id\":\"https:\\\/\\\/jornaldasoficinas.com\\\/pt\\\/#\\\/schema\\\/logo\\\/image\\\/\",\"url\":\"https:\\\/\\\/jornaldasoficinas.com\\\/pt\\\/wp-content\\\/uploads\\\/logoJO-SEO.png\",\"contentUrl\":\"https:\\\/\\\/jornaldasoficinas.com\\\/pt\\\/wp-content\\\/uploads\\\/logoJO-SEO.png\",\"width\":285,\"height\":450,\"caption\":\"Jornal das Oficinas\"},\"image\":{\"@id\":\"https:\\\/\\\/jornaldasoficinas.com\\\/pt\\\/#\\\/schema\\\/logo\\\/image\\\/\"},\"sameAs\":[\"https:\\\/\\\/www.facebook.com\\\/jornaloficinas\",\"https:\\\/\\\/x.com\\\/jornaloficinas\",\"https:\\\/\\\/www.instagram.com\\\/jornal_oficinas\\\/\",\"https:\\\/\\\/www.linkedin.com\\\/company\\\/jornal-das-oficinas\\\/\",\"https:\\\/\\\/www.youtube.com\\\/channel\\\/UCbQZBqtcvV-oSQrr7RzINGg\"]},{\"@type\":\"Person\",\"@id\":\"https:\\\/\\\/jornaldasoficinas.com\\\/pt\\\/#\\\/schema\\\/person\\\/a38eef5de2c41d9e7c9ac10141afddf3\",\"name\":\"Reda\u00e7\u00e3o JO\",\"image\":{\"@type\":\"ImageObject\",\"inLanguage\":\"pt-PT\",\"@id\":\"https:\\\/\\\/secure.gravatar.com\\\/avatar\\\/71f2fa71737ad68a84fea94bc708ddac8ea5b0c4788dc2ad202f3ccb2887742f?s=96&d=wp_user_avatar&r=g\",\"url\":\"https:\\\/\\\/secure.gravatar.com\\\/avatar\\\/71f2fa71737ad68a84fea94bc708ddac8ea5b0c4788dc2ad202f3ccb2887742f?s=96&d=wp_user_avatar&r=g\",\"contentUrl\":\"https:\\\/\\\/secure.gravatar.com\\\/avatar\\\/71f2fa71737ad68a84fea94bc708ddac8ea5b0c4788dc2ad202f3ccb2887742f?s=96&d=wp_user_avatar&r=g\",\"caption\":\"Reda\u00e7\u00e3o JO\"},\"url\":\"https:\\\/\\\/jornaldasoficinas.com\\\/pt\\\/author\\\/joredacao\\\/\"}]}<\/script>\n<!-- \/ Yoast SEO plugin. -->","yoast_head_json":{"title":"33\u00aa Conven\u00e7\u00e3o ANECRA discute novos caminhos para o setor autom\u00f3vel - Jornal das Oficinas","description":"O Centro de Congressos de Lisboa foi palco da 33\u00aa Conven\u00e7\u00e3o Anual da ANECRA, subordinada ao tema \u201cUm Admir\u00e1vel Mundo Novo\u201d.","robots":{"index":"index","follow":"follow","max-snippet":"max-snippet:-1","max-image-preview":"max-image-preview:large","max-video-preview":"max-video-preview:-1"},"canonical":"https:\/\/jornaldasoficinas.com\/pt\/33a-convencao-anecra-discute-novos-caminhos-para-o-setor-automovel\/","og_locale":"pt_PT","og_type":"article","og_title":"33\u00aa Conven\u00e7\u00e3o ANECRA discute novos caminhos para o setor autom\u00f3vel - Jornal das Oficinas","og_description":"O Centro de Congressos de Lisboa foi palco da 33\u00aa Conven\u00e7\u00e3o Anual da ANECRA, subordinada ao tema \u201cUm Admir\u00e1vel Mundo Novo\u201d.","og_url":"https:\/\/jornaldasoficinas.com\/pt\/33a-convencao-anecra-discute-novos-caminhos-para-o-setor-automovel\/","og_site_name":"Jornal das Oficinas","article_publisher":"https:\/\/www.facebook.com\/jornaloficinas","article_published_time":"2022-11-03T10:00:49+00:00","article_modified_time":"2023-07-19T14:42:44+00:00","og_image":[{"width":1024,"height":581,"url":"https:\/\/jornaldasoficinas.com\/pt\/wp-content\/uploads\/2022\/11\/33a-Convenc\u0327a\u0303o-ANECRA-discute-novos-caminhos-para-o-setor-automo\u0301vel.jpg","type":"image\/jpeg"}],"author":"Reda\u00e7\u00e3o JO","twitter_card":"summary_large_image","twitter_creator":"@jornaloficinas","twitter_site":"@jornaloficinas","twitter_misc":{"Escrito por":"Reda\u00e7\u00e3o JO","Tempo estimado de leitura":"3 minutos"},"schema":{"@context":"https:\/\/schema.org","@graph":[{"@type":"Article","@id":"https:\/\/jornaldasoficinas.com\/pt\/33a-convencao-anecra-discute-novos-caminhos-para-o-setor-automovel\/#article","isPartOf":{"@id":"https:\/\/jornaldasoficinas.com\/pt\/33a-convencao-anecra-discute-novos-caminhos-para-o-setor-automovel\/"},"author":{"name":"Reda\u00e7\u00e3o JO","@id":"https:\/\/jornaldasoficinas.com\/pt\/#\/schema\/person\/a38eef5de2c41d9e7c9ac10141afddf3"},"headline":"33\u00aa Conven\u00e7\u00e3o ANECRA discute novos caminhos para o setor autom\u00f3vel","datePublished":"2022-11-03T10:00:49+00:00","dateModified":"2023-07-19T14:42:44+00:00","mainEntityOfPage":{"@id":"https:\/\/jornaldasoficinas.com\/pt\/33a-convencao-anecra-discute-novos-caminhos-para-o-setor-automovel\/"},"wordCount":602,"publisher":{"@id":"https:\/\/jornaldasoficinas.com\/pt\/#organization"},"image":{"@id":"https:\/\/jornaldasoficinas.com\/pt\/33a-convencao-anecra-discute-novos-caminhos-para-o-setor-automovel\/#primaryimage"},"thumbnailUrl":"https:\/\/jornaldasoficinas.com\/pt\/wp-content\/uploads\/2022\/11\/33a-Convenc\u0327a\u0303o-ANECRA-discute-novos-caminhos-para-o-setor-automo\u0301vel.jpg","keywords":["33\u00aa Convencao","ANECRA","novos caminhos","Setor Autom\u00f3vel"],"articleSection":["Empresas"],"inLanguage":"pt-PT"},{"@type":"WebPage","@id":"https:\/\/jornaldasoficinas.com\/pt\/33a-convencao-anecra-discute-novos-caminhos-para-o-setor-automovel\/","url":"https:\/\/jornaldasoficinas.com\/pt\/33a-convencao-anecra-discute-novos-caminhos-para-o-setor-automovel\/","name":"33\u00aa Conven\u00e7\u00e3o ANECRA discute novos caminhos para o setor autom\u00f3vel - Jornal das Oficinas","isPartOf":{"@id":"https:\/\/jornaldasoficinas.com\/pt\/#website"},"primaryImageOfPage":{"@id":"https:\/\/jornaldasoficinas.com\/pt\/33a-convencao-anecra-discute-novos-caminhos-para-o-setor-automovel\/#primaryimage"},"image":{"@id":"https:\/\/jornaldasoficinas.com\/pt\/33a-convencao-anecra-discute-novos-caminhos-para-o-setor-automovel\/#primaryimage"},"thumbnailUrl":"https:\/\/jornaldasoficinas.com\/pt\/wp-content\/uploads\/2022\/11\/33a-Convenc\u0327a\u0303o-ANECRA-discute-novos-caminhos-para-o-setor-automo\u0301vel.jpg","datePublished":"2022-11-03T10:00:49+00:00","dateModified":"2023-07-19T14:42:44+00:00","description":"O Centro de Congressos de Lisboa foi palco da 33\u00aa Conven\u00e7\u00e3o Anual da ANECRA, subordinada ao tema \u201cUm Admir\u00e1vel Mundo Novo\u201d.","breadcrumb":{"@id":"https:\/\/jornaldasoficinas.com\/pt\/33a-convencao-anecra-discute-novos-caminhos-para-o-setor-automovel\/#breadcrumb"},"inLanguage":"pt-PT","potentialAction":[{"@type":"ReadAction","target":["https:\/\/jornaldasoficinas.com\/pt\/33a-convencao-anecra-discute-novos-caminhos-para-o-setor-automovel\/"]}]},{"@type":"ImageObject","inLanguage":"pt-PT","@id":"https:\/\/jornaldasoficinas.com\/pt\/33a-convencao-anecra-discute-novos-caminhos-para-o-setor-automovel\/#primaryimage","url":"https:\/\/jornaldasoficinas.com\/pt\/wp-content\/uploads\/2022\/11\/33a-Convenc\u0327a\u0303o-ANECRA-discute-novos-caminhos-para-o-setor-automo\u0301vel.jpg","contentUrl":"https:\/\/jornaldasoficinas.com\/pt\/wp-content\/uploads\/2022\/11\/33a-Convenc\u0327a\u0303o-ANECRA-discute-novos-caminhos-para-o-setor-automo\u0301vel.jpg","width":1024,"height":581,"caption":"11 - 33a Convenc\u0327a\u0303o ANECRA discute novos caminhos para o setor automo\u0301vel"},{"@type":"BreadcrumbList","@id":"https:\/\/jornaldasoficinas.com\/pt\/33a-convencao-anecra-discute-novos-caminhos-para-o-setor-automovel\/#breadcrumb","itemListElement":[{"@type":"ListItem","position":1,"name":"In\u00edcio","item":"https:\/\/jornaldasoficinas.com\/pt\/"},{"@type":"ListItem","position":2,"name":"33\u00aa Conven\u00e7\u00e3o ANECRA discute novos caminhos para o setor autom\u00f3vel"}]},{"@type":"WebSite","@id":"https:\/\/jornaldasoficinas.com\/pt\/#website","url":"https:\/\/jornaldasoficinas.com\/pt\/","name":"Jornal das Oficinas","description":"Jornal independente do Aftermarket Autom\u00f3vel em Portugal","publisher":{"@id":"https:\/\/jornaldasoficinas.com\/pt\/#organization"},"potentialAction":[{"@type":"SearchAction","target":{"@type":"EntryPoint","urlTemplate":"https:\/\/jornaldasoficinas.com\/pt\/?s={search_term_string}"},"query-input":{"@type":"PropertyValueSpecification","valueRequired":true,"valueName":"search_term_string"}}],"inLanguage":"pt-PT"},{"@type":"Organization","@id":"https:\/\/jornaldasoficinas.com\/pt\/#organization","name":"Jornal das Oficinas","url":"https:\/\/jornaldasoficinas.com\/pt\/","logo":{"@type":"ImageObject","inLanguage":"pt-PT","@id":"https:\/\/jornaldasoficinas.com\/pt\/#\/schema\/logo\/image\/","url":"https:\/\/jornaldasoficinas.com\/pt\/wp-content\/uploads\/logoJO-SEO.png","contentUrl":"https:\/\/jornaldasoficinas.com\/pt\/wp-content\/uploads\/logoJO-SEO.png","width":285,"height":450,"caption":"Jornal das Oficinas"},"image":{"@id":"https:\/\/jornaldasoficinas.com\/pt\/#\/schema\/logo\/image\/"},"sameAs":["https:\/\/www.facebook.com\/jornaloficinas","https:\/\/x.com\/jornaloficinas","https:\/\/www.instagram.com\/jornal_oficinas\/","https:\/\/www.linkedin.com\/company\/jornal-das-oficinas\/","https:\/\/www.youtube.com\/channel\/UCbQZBqtcvV-oSQrr7RzINGg"]},{"@type":"Person","@id":"https:\/\/jornaldasoficinas.com\/pt\/#\/schema\/person\/a38eef5de2c41d9e7c9ac10141afddf3","name":"Reda\u00e7\u00e3o JO","image":{"@type":"ImageObject","inLanguage":"pt-PT","@id":"https:\/\/secure.gravatar.com\/avatar\/71f2fa71737ad68a84fea94bc708ddac8ea5b0c4788dc2ad202f3ccb2887742f?s=96&d=wp_user_avatar&r=g","url":"https:\/\/secure.gravatar.com\/avatar\/71f2fa71737ad68a84fea94bc708ddac8ea5b0c4788dc2ad202f3ccb2887742f?s=96&d=wp_user_avatar&r=g","contentUrl":"https:\/\/secure.gravatar.com\/avatar\/71f2fa71737ad68a84fea94bc708ddac8ea5b0c4788dc2ad202f3ccb2887742f?s=96&d=wp_user_avatar&r=g","caption":"Reda\u00e7\u00e3o JO"},"url":"https:\/\/jornaldasoficinas.com\/pt\/author\/joredacao\/"}]}},"_links":{"self":[{"href":"https:\/\/jornaldasoficinas.com\/pt\/wp-json\/wp\/v2\/posts\/34300","targetHints":{"allow":["GET"]}}],"collection":[{"href":"https:\/\/jornaldasoficinas.com\/pt\/wp-json\/wp\/v2\/posts"}],"about":[{"href":"https:\/\/jornaldasoficinas.com\/pt\/wp-json\/wp\/v2\/types\/post"}],"author":[{"embeddable":true,"href":"https:\/\/jornaldasoficinas.com\/pt\/wp-json\/wp\/v2\/users\/15"}],"replies":[{"embeddable":true,"href":"https:\/\/jornaldasoficinas.com\/pt\/wp-json\/wp\/v2\/comments?post=34300"}],"version-history":[{"count":0,"href":"https:\/\/jornaldasoficinas.com\/pt\/wp-json\/wp\/v2\/posts\/34300\/revisions"}],"wp:featuredmedia":[{"embeddable":true,"href":"https:\/\/jornaldasoficinas.com\/pt\/wp-json\/wp\/v2\/media\/34294"}],"wp:attachment":[{"href":"https:\/\/jornaldasoficinas.com\/pt\/wp-json\/wp\/v2\/media?parent=34300"}],"wp:term":[{"taxonomy":"category","embeddable":true,"href":"https:\/\/jornaldasoficinas.com\/pt\/wp-json\/wp\/v2\/categories?post=34300"},{"taxonomy":"post_tag","embeddable":true,"href":"https:\/\/jornaldasoficinas.com\/pt\/wp-json\/wp\/v2\/tags?post=34300"}],"curies":[{"name":"wp","href":"https:\/\/api.w.org\/{rel}","templated":true}]}}