{"id":3447,"date":"2019-09-25T15:45:24","date_gmt":"2019-09-25T15:45:24","guid":{"rendered":"https:\/\/jornaldasoficinas.com\/pt\/?p=3447"},"modified":"2019-10-01T15:38:27","modified_gmt":"2019-10-01T15:38:27","slug":"gravitypaint-e-r-m-juntas-em-evento-para-dar-a-conhecer-a-sua-oferta-comercial","status":"publish","type":"post","link":"https:\/\/jornaldasoficinas.com\/pt\/gravitypaint-e-r-m-juntas-em-evento-para-dar-a-conhecer-a-sua-oferta-comercial\/","title":{"rendered":"GravityPaint e R-M juntas para dar a conhecer novidades"},"content":{"rendered":"<p><img loading=\"lazy\" decoding=\"async\" class=\"alignnone size-full wp-image-3450\" src=\"https:\/\/jornaldasoficinas.com\/pt\/wp-content\/uploads\/2019\/09\/GravityPaint-R-M-01.jpg\" alt=\"09 - GravityPaint-R-M-01\" width=\"1024\" height=\"581\" srcset=\"https:\/\/jornaldasoficinas.com\/pt\/wp-content\/uploads\/2019\/09\/GravityPaint-R-M-01.jpg 1024w, https:\/\/jornaldasoficinas.com\/pt\/wp-content\/uploads\/2019\/09\/GravityPaint-R-M-01-150x85.jpg 150w, https:\/\/jornaldasoficinas.com\/pt\/wp-content\/uploads\/2019\/09\/GravityPaint-R-M-01-300x170.jpg 300w, https:\/\/jornaldasoficinas.com\/pt\/wp-content\/uploads\/2019\/09\/GravityPaint-R-M-01-768x436.jpg 768w\" sizes=\"auto, (max-width: 1024px) 100vw, 1024px\" \/><\/p>\n<p><strong>Em meados de setembro, a GravityPaint, distribuidor R-M, organizou um evento onde foram apresentadas algumas das \u00faltimas novidades aos mais de 150 clientes que os visitaram nesse dia.<\/strong><\/p>\n<p>O objetivo foi contribuir positivamente para o desenvolvimento e competitividade das oficinas de autom\u00f3veis em Portugal.<\/p>\n<p>A R-M, enquanto marca de pintura <em>premium<\/em> representada pela GravityPaint, n\u00e3o quis perder a oportunidade de estar presente neste evento e de apresentar em primeira m\u00e3o as suas \u00faltimas novidades, assim como partilhar com todos o seu 100\u00ba anivers\u00e1rio, que est\u00e1 a ser celebrado ao longo de 2019.<\/p>\n<p>Atrav\u00e9s das v\u00e1rias demonstra\u00e7\u00f5es realizadas pela equipa presente ao longo desse dia, os participantes do evento puderam conhecer as vantagens do aparelho de secagem ultravioleta, UV Light Filler Grey P2530, lan\u00e7ado pela R-M e que constitui uma das grandes inova\u00e7\u00f5es dos \u00faltimos tempos.<\/p>\n<p>Este produto oferece uma poupan\u00e7a significativa de tempo e tamb\u00e9m de consumos conseguindo ser, assim, a op\u00e7\u00e3o perfeita para todas as oficinas.<\/p>\n<p>Durante o dia foi tamb\u00e9m poss\u00edvel de conhecer mais de perto a hist\u00f3ria de 100 anos da marca, durante os quais v\u00e1rios marcos hist\u00f3ricos posicionam a <a href=\"http:\/\/www.rmpaint.com\/pt\/bem-vindo-ao-mundo-da-pintura-da-r-m\" target=\"_blank\" rel=\"noopener noreferrer\">R-M<\/a> como uma das marcas mais inovadoras do setor, seja pela sua g\u00e9nese inventiva e solucionadora, ou pela aposta em novas tecnologias, antecipando solu\u00e7\u00f5es pr\u00e1ticas e diferenciadoras, adaptadas \u00e0s necessidades dos seus parceiros e clientes.<\/p>\n<p>Leia mais na edi\u00e7\u00e3o de outubro do Jornal das Oficinas e veja <a href=\"https:\/\/www.youtube.com\/watch?v=0q_y7b28yNo\" target=\"_blank\" rel=\"noopener noreferrer\">aqui<\/a> a entrevista do s\u00f3cio-gerente da GravityPaint, M\u00e1rio Rui Ferreira.<\/p>\n","protected":false},"excerpt":{"rendered":"<p>Em meados de setembro, a GravityPaint,&#8230;<\/p>\n","protected":false},"author":15,"featured_media":3450,"comment_status":"closed","ping_status":"closed","sticky":false,"template":"","format":"standard","meta":{"footnotes":""},"categories":[2],"tags":[186,210,148],"class_list":["post-3447","post","type-post","status-publish","format-standard","has-post-thumbnail","hentry","category-repintura","tag-gravitypaint","tag-r-m-paint","tag-repintura"],"yoast_head":"<!-- This site is optimized with the Yoast SEO plugin v27.4 - https:\/\/yoast.com\/product\/yoast-seo-wordpress\/ -->\n<title>GravityPaint e R-M juntas para dar a conhecer novidades - Jornal das Oficinas<\/title>\n<meta name=\"robots\" content=\"index, follow, max-snippet:-1, max-image-preview:large, max-video-preview:-1\" \/>\n<link rel=\"canonical\" href=\"https:\/\/jornaldasoficinas.com\/pt\/gravitypaint-e-r-m-juntas-em-evento-para-dar-a-conhecer-a-sua-oferta-comercial\/\" \/>\n<meta property=\"og:locale\" content=\"pt_PT\" \/>\n<meta property=\"og:type\" content=\"article\" \/>\n<meta property=\"og:title\" content=\"GravityPaint e R-M juntas para dar a conhecer novidades - Jornal das Oficinas\" \/>\n<meta property=\"og:description\" content=\"Em meados de setembro, a GravityPaint,...\" \/>\n<meta property=\"og:url\" content=\"https:\/\/jornaldasoficinas.com\/pt\/gravitypaint-e-r-m-juntas-em-evento-para-dar-a-conhecer-a-sua-oferta-comercial\/\" \/>\n<meta property=\"og:site_name\" content=\"Jornal das Oficinas\" \/>\n<meta property=\"article:publisher\" content=\"https:\/\/www.facebook.com\/jornaloficinas\" \/>\n<meta property=\"article:published_time\" content=\"2019-09-25T15:45:24+00:00\" \/>\n<meta property=\"article:modified_time\" content=\"2019-10-01T15:38:27+00:00\" \/>\n<meta property=\"og:image\" content=\"https:\/\/jornaldasoficinas.com\/pt\/wp-content\/uploads\/2019\/09\/GravityPaint-R-M-01.jpg\" \/>\n\t<meta property=\"og:image:width\" content=\"1024\" \/>\n\t<meta property=\"og:image:height\" content=\"581\" \/>\n\t<meta property=\"og:image:type\" content=\"image\/jpeg\" \/>\n<meta name=\"author\" content=\"Reda\u00e7\u00e3o JO\" \/>\n<meta name=\"twitter:card\" content=\"summary_large_image\" \/>\n<meta name=\"twitter:creator\" content=\"@jornaloficinas\" \/>\n<meta name=\"twitter:site\" content=\"@jornaloficinas\" \/>\n<meta name=\"twitter:label1\" content=\"Escrito por\" \/>\n\t<meta name=\"twitter:data1\" content=\"Reda\u00e7\u00e3o JO\" \/>\n\t<meta name=\"twitter:label2\" content=\"Tempo estimado de leitura\" \/>\n\t<meta name=\"twitter:data2\" content=\"1 minuto\" \/>\n<script type=\"application\/ld+json\" class=\"yoast-schema-graph\">{\"@context\":\"https:\\\/\\\/schema.org\",\"@graph\":[{\"@type\":\"Article\",\"@id\":\"https:\\\/\\\/jornaldasoficinas.com\\\/pt\\\/gravitypaint-e-r-m-juntas-em-evento-para-dar-a-conhecer-a-sua-oferta-comercial\\\/#article\",\"isPartOf\":{\"@id\":\"https:\\\/\\\/jornaldasoficinas.com\\\/pt\\\/gravitypaint-e-r-m-juntas-em-evento-para-dar-a-conhecer-a-sua-oferta-comercial\\\/\"},\"author\":{\"name\":\"Reda\u00e7\u00e3o JO\",\"@id\":\"https:\\\/\\\/jornaldasoficinas.com\\\/pt\\\/#\\\/schema\\\/person\\\/a38eef5de2c41d9e7c9ac10141afddf3\"},\"headline\":\"GravityPaint e R-M juntas para dar a conhecer novidades\",\"datePublished\":\"2019-09-25T15:45:24+00:00\",\"dateModified\":\"2019-10-01T15:38:27+00:00\",\"mainEntityOfPage\":{\"@id\":\"https:\\\/\\\/jornaldasoficinas.com\\\/pt\\\/gravitypaint-e-r-m-juntas-em-evento-para-dar-a-conhecer-a-sua-oferta-comercial\\\/\"},\"wordCount\":268,\"publisher\":{\"@id\":\"https:\\\/\\\/jornaldasoficinas.com\\\/pt\\\/#organization\"},\"image\":{\"@id\":\"https:\\\/\\\/jornaldasoficinas.com\\\/pt\\\/gravitypaint-e-r-m-juntas-em-evento-para-dar-a-conhecer-a-sua-oferta-comercial\\\/#primaryimage\"},\"thumbnailUrl\":\"https:\\\/\\\/jornaldasoficinas.com\\\/pt\\\/wp-content\\\/uploads\\\/2019\\\/09\\\/GravityPaint-R-M-01.jpg\",\"keywords\":[\"GravityPaint\",\"R-M Paint\",\"Repintura\"],\"articleSection\":[\"Repintura\"],\"inLanguage\":\"pt-PT\"},{\"@type\":\"WebPage\",\"@id\":\"https:\\\/\\\/jornaldasoficinas.com\\\/pt\\\/gravitypaint-e-r-m-juntas-em-evento-para-dar-a-conhecer-a-sua-oferta-comercial\\\/\",\"url\":\"https:\\\/\\\/jornaldasoficinas.com\\\/pt\\\/gravitypaint-e-r-m-juntas-em-evento-para-dar-a-conhecer-a-sua-oferta-comercial\\\/\",\"name\":\"GravityPaint e R-M juntas para dar a conhecer novidades - Jornal das Oficinas\",\"isPartOf\":{\"@id\":\"https:\\\/\\\/jornaldasoficinas.com\\\/pt\\\/#website\"},\"primaryImageOfPage\":{\"@id\":\"https:\\\/\\\/jornaldasoficinas.com\\\/pt\\\/gravitypaint-e-r-m-juntas-em-evento-para-dar-a-conhecer-a-sua-oferta-comercial\\\/#primaryimage\"},\"image\":{\"@id\":\"https:\\\/\\\/jornaldasoficinas.com\\\/pt\\\/gravitypaint-e-r-m-juntas-em-evento-para-dar-a-conhecer-a-sua-oferta-comercial\\\/#primaryimage\"},\"thumbnailUrl\":\"https:\\\/\\\/jornaldasoficinas.com\\\/pt\\\/wp-content\\\/uploads\\\/2019\\\/09\\\/GravityPaint-R-M-01.jpg\",\"datePublished\":\"2019-09-25T15:45:24+00:00\",\"dateModified\":\"2019-10-01T15:38:27+00:00\",\"breadcrumb\":{\"@id\":\"https:\\\/\\\/jornaldasoficinas.com\\\/pt\\\/gravitypaint-e-r-m-juntas-em-evento-para-dar-a-conhecer-a-sua-oferta-comercial\\\/#breadcrumb\"},\"inLanguage\":\"pt-PT\",\"potentialAction\":[{\"@type\":\"ReadAction\",\"target\":[\"https:\\\/\\\/jornaldasoficinas.com\\\/pt\\\/gravitypaint-e-r-m-juntas-em-evento-para-dar-a-conhecer-a-sua-oferta-comercial\\\/\"]}]},{\"@type\":\"ImageObject\",\"inLanguage\":\"pt-PT\",\"@id\":\"https:\\\/\\\/jornaldasoficinas.com\\\/pt\\\/gravitypaint-e-r-m-juntas-em-evento-para-dar-a-conhecer-a-sua-oferta-comercial\\\/#primaryimage\",\"url\":\"https:\\\/\\\/jornaldasoficinas.com\\\/pt\\\/wp-content\\\/uploads\\\/2019\\\/09\\\/GravityPaint-R-M-01.jpg\",\"contentUrl\":\"https:\\\/\\\/jornaldasoficinas.com\\\/pt\\\/wp-content\\\/uploads\\\/2019\\\/09\\\/GravityPaint-R-M-01.jpg\",\"width\":1024,\"height\":581,\"caption\":\"09 - GravityPaint-R-M-01\"},{\"@type\":\"BreadcrumbList\",\"@id\":\"https:\\\/\\\/jornaldasoficinas.com\\\/pt\\\/gravitypaint-e-r-m-juntas-em-evento-para-dar-a-conhecer-a-sua-oferta-comercial\\\/#breadcrumb\",\"itemListElement\":[{\"@type\":\"ListItem\",\"position\":1,\"name\":\"In\u00edcio\",\"item\":\"https:\\\/\\\/jornaldasoficinas.com\\\/pt\\\/\"},{\"@type\":\"ListItem\",\"position\":2,\"name\":\"GravityPaint e R-M juntas para dar a conhecer novidades\"}]},{\"@type\":\"WebSite\",\"@id\":\"https:\\\/\\\/jornaldasoficinas.com\\\/pt\\\/#website\",\"url\":\"https:\\\/\\\/jornaldasoficinas.com\\\/pt\\\/\",\"name\":\"Jornal das Oficinas\",\"description\":\"Jornal independente do Aftermarket Autom\u00f3vel em Portugal\",\"publisher\":{\"@id\":\"https:\\\/\\\/jornaldasoficinas.com\\\/pt\\\/#organization\"},\"potentialAction\":[{\"@type\":\"SearchAction\",\"target\":{\"@type\":\"EntryPoint\",\"urlTemplate\":\"https:\\\/\\\/jornaldasoficinas.com\\\/pt\\\/?s={search_term_string}\"},\"query-input\":{\"@type\":\"PropertyValueSpecification\",\"valueRequired\":true,\"valueName\":\"search_term_string\"}}],\"inLanguage\":\"pt-PT\"},{\"@type\":\"Organization\",\"@id\":\"https:\\\/\\\/jornaldasoficinas.com\\\/pt\\\/#organization\",\"name\":\"Jornal das Oficinas\",\"url\":\"https:\\\/\\\/jornaldasoficinas.com\\\/pt\\\/\",\"logo\":{\"@type\":\"ImageObject\",\"inLanguage\":\"pt-PT\",\"@id\":\"https:\\\/\\\/jornaldasoficinas.com\\\/pt\\\/#\\\/schema\\\/logo\\\/image\\\/\",\"url\":\"https:\\\/\\\/jornaldasoficinas.com\\\/pt\\\/wp-content\\\/uploads\\\/logoJO-SEO.png\",\"contentUrl\":\"https:\\\/\\\/jornaldasoficinas.com\\\/pt\\\/wp-content\\\/uploads\\\/logoJO-SEO.png\",\"width\":285,\"height\":450,\"caption\":\"Jornal das Oficinas\"},\"image\":{\"@id\":\"https:\\\/\\\/jornaldasoficinas.com\\\/pt\\\/#\\\/schema\\\/logo\\\/image\\\/\"},\"sameAs\":[\"https:\\\/\\\/www.facebook.com\\\/jornaloficinas\",\"https:\\\/\\\/x.com\\\/jornaloficinas\",\"https:\\\/\\\/www.instagram.com\\\/jornal_oficinas\\\/\",\"https:\\\/\\\/www.linkedin.com\\\/company\\\/jornal-das-oficinas\\\/\",\"https:\\\/\\\/www.youtube.com\\\/channel\\\/UCbQZBqtcvV-oSQrr7RzINGg\"]},{\"@type\":\"Person\",\"@id\":\"https:\\\/\\\/jornaldasoficinas.com\\\/pt\\\/#\\\/schema\\\/person\\\/a38eef5de2c41d9e7c9ac10141afddf3\",\"name\":\"Reda\u00e7\u00e3o JO\",\"image\":{\"@type\":\"ImageObject\",\"inLanguage\":\"pt-PT\",\"@id\":\"https:\\\/\\\/secure.gravatar.com\\\/avatar\\\/71f2fa71737ad68a84fea94bc708ddac8ea5b0c4788dc2ad202f3ccb2887742f?s=96&d=wp_user_avatar&r=g\",\"url\":\"https:\\\/\\\/secure.gravatar.com\\\/avatar\\\/71f2fa71737ad68a84fea94bc708ddac8ea5b0c4788dc2ad202f3ccb2887742f?s=96&d=wp_user_avatar&r=g\",\"contentUrl\":\"https:\\\/\\\/secure.gravatar.com\\\/avatar\\\/71f2fa71737ad68a84fea94bc708ddac8ea5b0c4788dc2ad202f3ccb2887742f?s=96&d=wp_user_avatar&r=g\",\"caption\":\"Reda\u00e7\u00e3o JO\"},\"url\":\"https:\\\/\\\/jornaldasoficinas.com\\\/pt\\\/author\\\/joredacao\\\/\"}]}<\/script>\n<!-- \/ Yoast SEO plugin. -->","yoast_head_json":{"title":"GravityPaint e R-M juntas para dar a conhecer novidades - Jornal das Oficinas","robots":{"index":"index","follow":"follow","max-snippet":"max-snippet:-1","max-image-preview":"max-image-preview:large","max-video-preview":"max-video-preview:-1"},"canonical":"https:\/\/jornaldasoficinas.com\/pt\/gravitypaint-e-r-m-juntas-em-evento-para-dar-a-conhecer-a-sua-oferta-comercial\/","og_locale":"pt_PT","og_type":"article","og_title":"GravityPaint e R-M juntas para dar a conhecer novidades - Jornal das Oficinas","og_description":"Em meados de setembro, a GravityPaint,...","og_url":"https:\/\/jornaldasoficinas.com\/pt\/gravitypaint-e-r-m-juntas-em-evento-para-dar-a-conhecer-a-sua-oferta-comercial\/","og_site_name":"Jornal das Oficinas","article_publisher":"https:\/\/www.facebook.com\/jornaloficinas","article_published_time":"2019-09-25T15:45:24+00:00","article_modified_time":"2019-10-01T15:38:27+00:00","og_image":[{"width":1024,"height":581,"url":"https:\/\/jornaldasoficinas.com\/pt\/wp-content\/uploads\/2019\/09\/GravityPaint-R-M-01.jpg","type":"image\/jpeg"}],"author":"Reda\u00e7\u00e3o JO","twitter_card":"summary_large_image","twitter_creator":"@jornaloficinas","twitter_site":"@jornaloficinas","twitter_misc":{"Escrito por":"Reda\u00e7\u00e3o JO","Tempo estimado de leitura":"1 minuto"},"schema":{"@context":"https:\/\/schema.org","@graph":[{"@type":"Article","@id":"https:\/\/jornaldasoficinas.com\/pt\/gravitypaint-e-r-m-juntas-em-evento-para-dar-a-conhecer-a-sua-oferta-comercial\/#article","isPartOf":{"@id":"https:\/\/jornaldasoficinas.com\/pt\/gravitypaint-e-r-m-juntas-em-evento-para-dar-a-conhecer-a-sua-oferta-comercial\/"},"author":{"name":"Reda\u00e7\u00e3o JO","@id":"https:\/\/jornaldasoficinas.com\/pt\/#\/schema\/person\/a38eef5de2c41d9e7c9ac10141afddf3"},"headline":"GravityPaint e R-M juntas para dar a conhecer novidades","datePublished":"2019-09-25T15:45:24+00:00","dateModified":"2019-10-01T15:38:27+00:00","mainEntityOfPage":{"@id":"https:\/\/jornaldasoficinas.com\/pt\/gravitypaint-e-r-m-juntas-em-evento-para-dar-a-conhecer-a-sua-oferta-comercial\/"},"wordCount":268,"publisher":{"@id":"https:\/\/jornaldasoficinas.com\/pt\/#organization"},"image":{"@id":"https:\/\/jornaldasoficinas.com\/pt\/gravitypaint-e-r-m-juntas-em-evento-para-dar-a-conhecer-a-sua-oferta-comercial\/#primaryimage"},"thumbnailUrl":"https:\/\/jornaldasoficinas.com\/pt\/wp-content\/uploads\/2019\/09\/GravityPaint-R-M-01.jpg","keywords":["GravityPaint","R-M Paint","Repintura"],"articleSection":["Repintura"],"inLanguage":"pt-PT"},{"@type":"WebPage","@id":"https:\/\/jornaldasoficinas.com\/pt\/gravitypaint-e-r-m-juntas-em-evento-para-dar-a-conhecer-a-sua-oferta-comercial\/","url":"https:\/\/jornaldasoficinas.com\/pt\/gravitypaint-e-r-m-juntas-em-evento-para-dar-a-conhecer-a-sua-oferta-comercial\/","name":"GravityPaint e R-M juntas para dar a conhecer novidades - Jornal das Oficinas","isPartOf":{"@id":"https:\/\/jornaldasoficinas.com\/pt\/#website"},"primaryImageOfPage":{"@id":"https:\/\/jornaldasoficinas.com\/pt\/gravitypaint-e-r-m-juntas-em-evento-para-dar-a-conhecer-a-sua-oferta-comercial\/#primaryimage"},"image":{"@id":"https:\/\/jornaldasoficinas.com\/pt\/gravitypaint-e-r-m-juntas-em-evento-para-dar-a-conhecer-a-sua-oferta-comercial\/#primaryimage"},"thumbnailUrl":"https:\/\/jornaldasoficinas.com\/pt\/wp-content\/uploads\/2019\/09\/GravityPaint-R-M-01.jpg","datePublished":"2019-09-25T15:45:24+00:00","dateModified":"2019-10-01T15:38:27+00:00","breadcrumb":{"@id":"https:\/\/jornaldasoficinas.com\/pt\/gravitypaint-e-r-m-juntas-em-evento-para-dar-a-conhecer-a-sua-oferta-comercial\/#breadcrumb"},"inLanguage":"pt-PT","potentialAction":[{"@type":"ReadAction","target":["https:\/\/jornaldasoficinas.com\/pt\/gravitypaint-e-r-m-juntas-em-evento-para-dar-a-conhecer-a-sua-oferta-comercial\/"]}]},{"@type":"ImageObject","inLanguage":"pt-PT","@id":"https:\/\/jornaldasoficinas.com\/pt\/gravitypaint-e-r-m-juntas-em-evento-para-dar-a-conhecer-a-sua-oferta-comercial\/#primaryimage","url":"https:\/\/jornaldasoficinas.com\/pt\/wp-content\/uploads\/2019\/09\/GravityPaint-R-M-01.jpg","contentUrl":"https:\/\/jornaldasoficinas.com\/pt\/wp-content\/uploads\/2019\/09\/GravityPaint-R-M-01.jpg","width":1024,"height":581,"caption":"09 - GravityPaint-R-M-01"},{"@type":"BreadcrumbList","@id":"https:\/\/jornaldasoficinas.com\/pt\/gravitypaint-e-r-m-juntas-em-evento-para-dar-a-conhecer-a-sua-oferta-comercial\/#breadcrumb","itemListElement":[{"@type":"ListItem","position":1,"name":"In\u00edcio","item":"https:\/\/jornaldasoficinas.com\/pt\/"},{"@type":"ListItem","position":2,"name":"GravityPaint e R-M juntas para dar a conhecer novidades"}]},{"@type":"WebSite","@id":"https:\/\/jornaldasoficinas.com\/pt\/#website","url":"https:\/\/jornaldasoficinas.com\/pt\/","name":"Jornal das Oficinas","description":"Jornal independente do Aftermarket Autom\u00f3vel em Portugal","publisher":{"@id":"https:\/\/jornaldasoficinas.com\/pt\/#organization"},"potentialAction":[{"@type":"SearchAction","target":{"@type":"EntryPoint","urlTemplate":"https:\/\/jornaldasoficinas.com\/pt\/?s={search_term_string}"},"query-input":{"@type":"PropertyValueSpecification","valueRequired":true,"valueName":"search_term_string"}}],"inLanguage":"pt-PT"},{"@type":"Organization","@id":"https:\/\/jornaldasoficinas.com\/pt\/#organization","name":"Jornal das Oficinas","url":"https:\/\/jornaldasoficinas.com\/pt\/","logo":{"@type":"ImageObject","inLanguage":"pt-PT","@id":"https:\/\/jornaldasoficinas.com\/pt\/#\/schema\/logo\/image\/","url":"https:\/\/jornaldasoficinas.com\/pt\/wp-content\/uploads\/logoJO-SEO.png","contentUrl":"https:\/\/jornaldasoficinas.com\/pt\/wp-content\/uploads\/logoJO-SEO.png","width":285,"height":450,"caption":"Jornal das Oficinas"},"image":{"@id":"https:\/\/jornaldasoficinas.com\/pt\/#\/schema\/logo\/image\/"},"sameAs":["https:\/\/www.facebook.com\/jornaloficinas","https:\/\/x.com\/jornaloficinas","https:\/\/www.instagram.com\/jornal_oficinas\/","https:\/\/www.linkedin.com\/company\/jornal-das-oficinas\/","https:\/\/www.youtube.com\/channel\/UCbQZBqtcvV-oSQrr7RzINGg"]},{"@type":"Person","@id":"https:\/\/jornaldasoficinas.com\/pt\/#\/schema\/person\/a38eef5de2c41d9e7c9ac10141afddf3","name":"Reda\u00e7\u00e3o JO","image":{"@type":"ImageObject","inLanguage":"pt-PT","@id":"https:\/\/secure.gravatar.com\/avatar\/71f2fa71737ad68a84fea94bc708ddac8ea5b0c4788dc2ad202f3ccb2887742f?s=96&d=wp_user_avatar&r=g","url":"https:\/\/secure.gravatar.com\/avatar\/71f2fa71737ad68a84fea94bc708ddac8ea5b0c4788dc2ad202f3ccb2887742f?s=96&d=wp_user_avatar&r=g","contentUrl":"https:\/\/secure.gravatar.com\/avatar\/71f2fa71737ad68a84fea94bc708ddac8ea5b0c4788dc2ad202f3ccb2887742f?s=96&d=wp_user_avatar&r=g","caption":"Reda\u00e7\u00e3o JO"},"url":"https:\/\/jornaldasoficinas.com\/pt\/author\/joredacao\/"}]}},"_links":{"self":[{"href":"https:\/\/jornaldasoficinas.com\/pt\/wp-json\/wp\/v2\/posts\/3447","targetHints":{"allow":["GET"]}}],"collection":[{"href":"https:\/\/jornaldasoficinas.com\/pt\/wp-json\/wp\/v2\/posts"}],"about":[{"href":"https:\/\/jornaldasoficinas.com\/pt\/wp-json\/wp\/v2\/types\/post"}],"author":[{"embeddable":true,"href":"https:\/\/jornaldasoficinas.com\/pt\/wp-json\/wp\/v2\/users\/15"}],"replies":[{"embeddable":true,"href":"https:\/\/jornaldasoficinas.com\/pt\/wp-json\/wp\/v2\/comments?post=3447"}],"version-history":[{"count":0,"href":"https:\/\/jornaldasoficinas.com\/pt\/wp-json\/wp\/v2\/posts\/3447\/revisions"}],"wp:featuredmedia":[{"embeddable":true,"href":"https:\/\/jornaldasoficinas.com\/pt\/wp-json\/wp\/v2\/media\/3450"}],"wp:attachment":[{"href":"https:\/\/jornaldasoficinas.com\/pt\/wp-json\/wp\/v2\/media?parent=3447"}],"wp:term":[{"taxonomy":"category","embeddable":true,"href":"https:\/\/jornaldasoficinas.com\/pt\/wp-json\/wp\/v2\/categories?post=3447"},{"taxonomy":"post_tag","embeddable":true,"href":"https:\/\/jornaldasoficinas.com\/pt\/wp-json\/wp\/v2\/tags?post=3447"}],"curies":[{"name":"wp","href":"https:\/\/api.w.org\/{rel}","templated":true}]}}