{"id":34696,"date":"2022-11-17T10:00:56","date_gmt":"2022-11-17T10:00:56","guid":{"rendered":"https:\/\/jornaldasoficinas.com\/pt\/?p=34696"},"modified":"2023-07-20T16:11:00","modified_gmt":"2023-07-20T15:11:00","slug":"bedriven-apresenta-h2-city-gold-na-web-summit","status":"publish","type":"post","link":"https:\/\/jornaldasoficinas.com\/pt\/bedriven-apresenta-h2-city-gold-na-web-summit\/","title":{"rendered":"Bedriven apresenta H2.City Gold na Web Summit"},"content":{"rendered":"<p><img loading=\"lazy\" decoding=\"async\" class=\"alignnone size-full wp-image-34669\" src=\"https:\/\/jornaldasoficinas.com\/pt\/wp-content\/uploads\/2022\/11\/Bedriven-apresenta-H2.City-Gold-na-Web-Summit.png\" alt=\"11 - Bedriven apresenta H2.City Gold na Web Summit\" width=\"1024\" height=\"581\" srcset=\"https:\/\/jornaldasoficinas.com\/pt\/wp-content\/uploads\/2022\/11\/Bedriven-apresenta-H2.City-Gold-na-Web-Summit.png 1024w, https:\/\/jornaldasoficinas.com\/pt\/wp-content\/uploads\/2022\/11\/Bedriven-apresenta-H2.City-Gold-na-Web-Summit-300x170.png 300w, https:\/\/jornaldasoficinas.com\/pt\/wp-content\/uploads\/2022\/11\/Bedriven-apresenta-H2.City-Gold-na-Web-Summit-150x85.png 150w, https:\/\/jornaldasoficinas.com\/pt\/wp-content\/uploads\/2022\/11\/Bedriven-apresenta-H2.City-Gold-na-Web-Summit-768x436.png 768w\" sizes=\"auto, (max-width: 1024px) 100vw, 1024px\" \/><\/p>\n<p><strong>Para a edi\u00e7\u00e3o de 2022 da <a href=\"https:\/\/www.googleadservices.com\/pagead\/aclk?sa=L&amp;ai=DChcSEwj4_7bE7LP7AhVRj2gJHVbQDbkYABAAGgJ3Zg&amp;ohost=www.google.com&amp;cid=CAESa-D27651oMbeJkLn_Az_UpzxSLkFPW0RO3Gz_3QIrxf355ekIoI3IGWBkThMfxbtrW_SyGTXHG0QV7JTrMrDKrHlsl8sUVDZLBHJAMvGTPqb_nl-SoaQrCNV47x3x6yDfMR_tSskENUjAlr2&amp;sig=AOD64_0XvJQ7FNIG8lIX7o_EbutNRZgQBQ&amp;q&amp;adurl&amp;ved=2ahUKEwi0z7HE7LP7AhXsTaQEHe6XAKQQ0Qx6BAgHEAE\">Web Summit<\/a>, a <a href=\"https:\/\/www.google.com\/url?sa=t&amp;rct=j&amp;q=&amp;esrc=s&amp;source=web&amp;cd=&amp;cad=rja&amp;uact=8&amp;ved=2ahUKEwidsoPP7LP7AhVTQaQEHYS6AVEQFnoECAkQAQ&amp;url=https%3A%2F%2Fbedriven.pt%2F&amp;usg=AOvVaw1i_XsdsML2xGb1BtKvGnxT\">Bedriven<\/a>, marca de mobilidade do <a href=\"https:\/\/www.google.com\/url?sa=t&amp;rct=j&amp;q=&amp;esrc=s&amp;source=web&amp;cd=&amp;cad=rja&amp;uact=8&amp;ved=2ahUKEwjt_rLZ7LP7AhUWUaQEHbEBAuIQFnoECAkQAQ&amp;url=https%3A%2F%2Fsalvadorcaetano.pt%2F&amp;usg=AOvVaw1NT1LxaaA4CRYytooq3sq-\">Grupo Salvador Caetano<\/a>, atrav\u00e9s de sinergias com a <a href=\"https:\/\/www.google.com\/url?sa=t&amp;rct=j&amp;q=&amp;esrc=s&amp;source=web&amp;cd=&amp;cad=rja&amp;uact=8&amp;ved=2ahUKEwjK98Lj7LP7AhXmVqQEHVsvBXQQFnoECAkQAQ&amp;url=https%3A%2F%2Fcaetanobus.pt%2F&amp;usg=AOvVaw1iLmnG0a4zo82D436LEtpL\">CaetanoBus<\/a>, apresentou pela primeira vez um autocarro el\u00e9trico movido a hidrog\u00e9nio, o H2.City Gold na frota que realizou o transporte de convidados, staff e oradores da Web Summit<\/strong><\/p>\n<p>O Caetano H2.City Gold \u00e9 o autocarro el\u00e9trico movido a hidrog\u00e9nio produzido pela CaetanoBus, equipado com a pilha de combust\u00edvel Toyota, com uma autonomia de 450km em circuito urbano e pode ser abastecido em apenas nove minutos. O autocarro foi desenvolvido numa coopera\u00e7\u00e3o entre a marca nip\u00f3nica e a CaetanoBus e conta j\u00e1 com mais de 80 unidades vendidas na Europa. Em Portugal operam duas unidades na cidade de Cascais.<\/p>\n<p>A Bedriven disponibilizou ainda 50 mini-vans, 20 mini-bus, 10 viaturas ligeiras e 20 autocarros inteiramente dedicados ao evento da Web Summit.<\/p>\n<p>Marcello Campos, Senior Operations Coordinator da Web Summit, destaca a forma como a opera\u00e7\u00e3o foi conclu\u00edda: \u201cO evento a n\u00edvel operacional decorreu de acordo com o planeamento e n\u00e3o tivemos qualquer reclama\u00e7\u00e3o ou incid\u00eancia reportada. Gostaria de agradecer \u00e0 bedriven\u201d.<\/p>\n<p>As viaturas, sempre conduzidas por motoristas Bedriven certificados, s\u00e3o disponibilizadas 24 horas por dia com a garantia de monitoriza\u00e7\u00e3o da localiza\u00e7\u00e3o em tempo real atrav\u00e9s de solu\u00e7\u00f5es tecnol\u00f3gicas que a marca j\u00e1 utiliza.<\/p>\n<p>A entrega exclusiva desta opera\u00e7\u00e3o \u00e0 Bedriven, de acordo com Sara Coelho, General Manager da marca de mobilidade, \u00e9 \u201cuma prova da confian\u00e7a que a organiza\u00e7\u00e3o da Web Summit deposita na Bedriven. O orgulho pela decis\u00e3o da Web Summit em voltar a escolher a Bedriven como parceiro \u00e9 proporcional \u00e0 responsabilidade que sentimos na gest\u00e3o da mobilidade deste grande evento.<\/p>\n<p>Esta \u00e9 uma parceria que temos vindo a construir e que esperamos que se prolongue para as pr\u00f3ximas edi\u00e7\u00f5es do evento.\u201d<\/p>\n<p>Para Nuno Carvalho, Chief Commercial Officer da CaetanoBus, \u201csinergias entre empresas do Grupo Salvador Caetano em mat\u00e9ria de mobilidade, provam, uma vez mais, a enorme capacidade e potencial do Grupo na oferta de solu\u00e7\u00f5es inovadoras adaptadas a qualquer tipo de opera\u00e7\u00e3o&#8230; este ano e pela primeira vez na sua hist\u00f3ria, a Web Summit tem um autocarro el\u00e9trico movido a hidrog\u00e9nio a transportar staff e oradores\u201d.<\/p>\n<p>O evento realizou-se em Lisboa de 1 a 4 de novembro, mas os membros da comitiva da WebSummit, tal como o CEO Paddy Cosgrave, chegaram a Portugal ainda durante o m\u00eas de outubro.<\/p>\n<p>Al\u00e9m de toda a estrutura da Bedriven, esta opera\u00e7\u00e3o classificada de alto risco, contou com a colabora\u00e7\u00e3o da Pol\u00edcia de Seguran\u00e7a P\u00fablica e da C\u00e2mara Municipal de Lisboa.<\/p>\n","protected":false},"excerpt":{"rendered":"<p>Para a edi\u00e7\u00e3o de 2022 da&#8230;<\/p>\n","protected":false},"author":15,"featured_media":34669,"comment_status":"closed","ping_status":"closed","sticky":false,"template":"","format":"standard","meta":{"footnotes":""},"categories":[29],"tags":[1128,1976,3069,1173,3070,3080],"class_list":["post-34696","post","type-post","status-publish","format-standard","has-post-thumbnail","hentry","category-empresas","tag-autocarro-eletrico","tag-bedriven","tag-caetano-bus","tag-grupo-salvador-caetano","tag-h2-city-gold","tag-web-summit"],"yoast_head":"<!-- This site is optimized with the Yoast SEO plugin v27.4 - https:\/\/yoast.com\/product\/yoast-seo-wordpress\/ -->\n<title>Bedriven apresenta H2.City Gold na Web Summit - Jornal das Oficinas<\/title>\n<meta name=\"description\" content=\"A Bedriven atrav\u00e9s de sinergias com a CaetanoBus, apresentou pela primeira vez um autocarro el\u00e9trico movido a hidrog\u00e9nio, o H2.City Gold.\" \/>\n<meta name=\"robots\" content=\"index, follow, max-snippet:-1, max-image-preview:large, max-video-preview:-1\" \/>\n<link rel=\"canonical\" href=\"https:\/\/jornaldasoficinas.com\/pt\/bedriven-apresenta-h2-city-gold-na-web-summit\/\" \/>\n<meta property=\"og:locale\" content=\"pt_PT\" \/>\n<meta property=\"og:type\" content=\"article\" \/>\n<meta property=\"og:title\" content=\"Bedriven apresenta H2.City Gold na Web Summit - Jornal das Oficinas\" \/>\n<meta property=\"og:description\" content=\"A Bedriven atrav\u00e9s de sinergias com a CaetanoBus, apresentou pela primeira vez um autocarro el\u00e9trico movido a hidrog\u00e9nio, o H2.City Gold.\" \/>\n<meta property=\"og:url\" content=\"https:\/\/jornaldasoficinas.com\/pt\/bedriven-apresenta-h2-city-gold-na-web-summit\/\" \/>\n<meta property=\"og:site_name\" content=\"Jornal das Oficinas\" \/>\n<meta property=\"article:publisher\" content=\"https:\/\/www.facebook.com\/jornaloficinas\" \/>\n<meta property=\"article:published_time\" content=\"2022-11-17T10:00:56+00:00\" \/>\n<meta property=\"article:modified_time\" content=\"2023-07-20T15:11:00+00:00\" \/>\n<meta property=\"og:image\" content=\"https:\/\/jornaldasoficinas.com\/pt\/wp-content\/uploads\/2022\/11\/Bedriven-apresenta-H2.City-Gold-na-Web-Summit.png\" \/>\n\t<meta property=\"og:image:width\" content=\"1024\" \/>\n\t<meta property=\"og:image:height\" content=\"581\" \/>\n\t<meta property=\"og:image:type\" content=\"image\/png\" \/>\n<meta name=\"author\" content=\"Reda\u00e7\u00e3o JO\" \/>\n<meta name=\"twitter:card\" content=\"summary_large_image\" \/>\n<meta name=\"twitter:creator\" content=\"@jornaloficinas\" \/>\n<meta name=\"twitter:site\" content=\"@jornaloficinas\" \/>\n<meta name=\"twitter:label1\" content=\"Escrito por\" \/>\n\t<meta name=\"twitter:data1\" content=\"Reda\u00e7\u00e3o JO\" \/>\n\t<meta name=\"twitter:label2\" content=\"Tempo estimado de leitura\" \/>\n\t<meta name=\"twitter:data2\" content=\"2 minutos\" \/>\n<script type=\"application\/ld+json\" class=\"yoast-schema-graph\">{\"@context\":\"https:\\\/\\\/schema.org\",\"@graph\":[{\"@type\":\"Article\",\"@id\":\"https:\\\/\\\/jornaldasoficinas.com\\\/pt\\\/bedriven-apresenta-h2-city-gold-na-web-summit\\\/#article\",\"isPartOf\":{\"@id\":\"https:\\\/\\\/jornaldasoficinas.com\\\/pt\\\/bedriven-apresenta-h2-city-gold-na-web-summit\\\/\"},\"author\":{\"name\":\"Reda\u00e7\u00e3o JO\",\"@id\":\"https:\\\/\\\/jornaldasoficinas.com\\\/pt\\\/#\\\/schema\\\/person\\\/a38eef5de2c41d9e7c9ac10141afddf3\"},\"headline\":\"Bedriven apresenta H2.City Gold na Web Summit\",\"datePublished\":\"2022-11-17T10:00:56+00:00\",\"dateModified\":\"2023-07-20T15:11:00+00:00\",\"mainEntityOfPage\":{\"@id\":\"https:\\\/\\\/jornaldasoficinas.com\\\/pt\\\/bedriven-apresenta-h2-city-gold-na-web-summit\\\/\"},\"wordCount\":457,\"publisher\":{\"@id\":\"https:\\\/\\\/jornaldasoficinas.com\\\/pt\\\/#organization\"},\"image\":{\"@id\":\"https:\\\/\\\/jornaldasoficinas.com\\\/pt\\\/bedriven-apresenta-h2-city-gold-na-web-summit\\\/#primaryimage\"},\"thumbnailUrl\":\"https:\\\/\\\/jornaldasoficinas.com\\\/pt\\\/wp-content\\\/uploads\\\/2022\\\/11\\\/Bedriven-apresenta-H2.City-Gold-na-Web-Summit.png\",\"keywords\":[\"Autocarro el\u00e9trico\",\"Bedriven\",\"Caetano Bus\",\"Grupo Salvador Caetano\",\"H2.city Gold\",\"Web Summit\"],\"articleSection\":[\"Empresas\"],\"inLanguage\":\"pt-PT\"},{\"@type\":\"WebPage\",\"@id\":\"https:\\\/\\\/jornaldasoficinas.com\\\/pt\\\/bedriven-apresenta-h2-city-gold-na-web-summit\\\/\",\"url\":\"https:\\\/\\\/jornaldasoficinas.com\\\/pt\\\/bedriven-apresenta-h2-city-gold-na-web-summit\\\/\",\"name\":\"Bedriven apresenta H2.City Gold na Web Summit - Jornal das Oficinas\",\"isPartOf\":{\"@id\":\"https:\\\/\\\/jornaldasoficinas.com\\\/pt\\\/#website\"},\"primaryImageOfPage\":{\"@id\":\"https:\\\/\\\/jornaldasoficinas.com\\\/pt\\\/bedriven-apresenta-h2-city-gold-na-web-summit\\\/#primaryimage\"},\"image\":{\"@id\":\"https:\\\/\\\/jornaldasoficinas.com\\\/pt\\\/bedriven-apresenta-h2-city-gold-na-web-summit\\\/#primaryimage\"},\"thumbnailUrl\":\"https:\\\/\\\/jornaldasoficinas.com\\\/pt\\\/wp-content\\\/uploads\\\/2022\\\/11\\\/Bedriven-apresenta-H2.City-Gold-na-Web-Summit.png\",\"datePublished\":\"2022-11-17T10:00:56+00:00\",\"dateModified\":\"2023-07-20T15:11:00+00:00\",\"description\":\"A Bedriven atrav\u00e9s de sinergias com a CaetanoBus, apresentou pela primeira vez um autocarro el\u00e9trico movido a hidrog\u00e9nio, o H2.City Gold.\",\"breadcrumb\":{\"@id\":\"https:\\\/\\\/jornaldasoficinas.com\\\/pt\\\/bedriven-apresenta-h2-city-gold-na-web-summit\\\/#breadcrumb\"},\"inLanguage\":\"pt-PT\",\"potentialAction\":[{\"@type\":\"ReadAction\",\"target\":[\"https:\\\/\\\/jornaldasoficinas.com\\\/pt\\\/bedriven-apresenta-h2-city-gold-na-web-summit\\\/\"]}]},{\"@type\":\"ImageObject\",\"inLanguage\":\"pt-PT\",\"@id\":\"https:\\\/\\\/jornaldasoficinas.com\\\/pt\\\/bedriven-apresenta-h2-city-gold-na-web-summit\\\/#primaryimage\",\"url\":\"https:\\\/\\\/jornaldasoficinas.com\\\/pt\\\/wp-content\\\/uploads\\\/2022\\\/11\\\/Bedriven-apresenta-H2.City-Gold-na-Web-Summit.png\",\"contentUrl\":\"https:\\\/\\\/jornaldasoficinas.com\\\/pt\\\/wp-content\\\/uploads\\\/2022\\\/11\\\/Bedriven-apresenta-H2.City-Gold-na-Web-Summit.png\",\"width\":1024,\"height\":581,\"caption\":\"11 - Bedriven apresenta H2.City Gold na Web Summit\"},{\"@type\":\"BreadcrumbList\",\"@id\":\"https:\\\/\\\/jornaldasoficinas.com\\\/pt\\\/bedriven-apresenta-h2-city-gold-na-web-summit\\\/#breadcrumb\",\"itemListElement\":[{\"@type\":\"ListItem\",\"position\":1,\"name\":\"In\u00edcio\",\"item\":\"https:\\\/\\\/jornaldasoficinas.com\\\/pt\\\/\"},{\"@type\":\"ListItem\",\"position\":2,\"name\":\"Bedriven apresenta H2.City Gold na Web Summit\"}]},{\"@type\":\"WebSite\",\"@id\":\"https:\\\/\\\/jornaldasoficinas.com\\\/pt\\\/#website\",\"url\":\"https:\\\/\\\/jornaldasoficinas.com\\\/pt\\\/\",\"name\":\"Jornal das Oficinas\",\"description\":\"Jornal independente do Aftermarket Autom\u00f3vel em Portugal\",\"publisher\":{\"@id\":\"https:\\\/\\\/jornaldasoficinas.com\\\/pt\\\/#organization\"},\"potentialAction\":[{\"@type\":\"SearchAction\",\"target\":{\"@type\":\"EntryPoint\",\"urlTemplate\":\"https:\\\/\\\/jornaldasoficinas.com\\\/pt\\\/?s={search_term_string}\"},\"query-input\":{\"@type\":\"PropertyValueSpecification\",\"valueRequired\":true,\"valueName\":\"search_term_string\"}}],\"inLanguage\":\"pt-PT\"},{\"@type\":\"Organization\",\"@id\":\"https:\\\/\\\/jornaldasoficinas.com\\\/pt\\\/#organization\",\"name\":\"Jornal das Oficinas\",\"url\":\"https:\\\/\\\/jornaldasoficinas.com\\\/pt\\\/\",\"logo\":{\"@type\":\"ImageObject\",\"inLanguage\":\"pt-PT\",\"@id\":\"https:\\\/\\\/jornaldasoficinas.com\\\/pt\\\/#\\\/schema\\\/logo\\\/image\\\/\",\"url\":\"https:\\\/\\\/jornaldasoficinas.com\\\/pt\\\/wp-content\\\/uploads\\\/logoJO-SEO.png\",\"contentUrl\":\"https:\\\/\\\/jornaldasoficinas.com\\\/pt\\\/wp-content\\\/uploads\\\/logoJO-SEO.png\",\"width\":285,\"height\":450,\"caption\":\"Jornal das Oficinas\"},\"image\":{\"@id\":\"https:\\\/\\\/jornaldasoficinas.com\\\/pt\\\/#\\\/schema\\\/logo\\\/image\\\/\"},\"sameAs\":[\"https:\\\/\\\/www.facebook.com\\\/jornaloficinas\",\"https:\\\/\\\/x.com\\\/jornaloficinas\",\"https:\\\/\\\/www.instagram.com\\\/jornal_oficinas\\\/\",\"https:\\\/\\\/www.linkedin.com\\\/company\\\/jornal-das-oficinas\\\/\",\"https:\\\/\\\/www.youtube.com\\\/channel\\\/UCbQZBqtcvV-oSQrr7RzINGg\"]},{\"@type\":\"Person\",\"@id\":\"https:\\\/\\\/jornaldasoficinas.com\\\/pt\\\/#\\\/schema\\\/person\\\/a38eef5de2c41d9e7c9ac10141afddf3\",\"name\":\"Reda\u00e7\u00e3o JO\",\"image\":{\"@type\":\"ImageObject\",\"inLanguage\":\"pt-PT\",\"@id\":\"https:\\\/\\\/secure.gravatar.com\\\/avatar\\\/71f2fa71737ad68a84fea94bc708ddac8ea5b0c4788dc2ad202f3ccb2887742f?s=96&d=wp_user_avatar&r=g\",\"url\":\"https:\\\/\\\/secure.gravatar.com\\\/avatar\\\/71f2fa71737ad68a84fea94bc708ddac8ea5b0c4788dc2ad202f3ccb2887742f?s=96&d=wp_user_avatar&r=g\",\"contentUrl\":\"https:\\\/\\\/secure.gravatar.com\\\/avatar\\\/71f2fa71737ad68a84fea94bc708ddac8ea5b0c4788dc2ad202f3ccb2887742f?s=96&d=wp_user_avatar&r=g\",\"caption\":\"Reda\u00e7\u00e3o JO\"},\"url\":\"https:\\\/\\\/jornaldasoficinas.com\\\/pt\\\/author\\\/joredacao\\\/\"}]}<\/script>\n<!-- \/ Yoast SEO plugin. -->","yoast_head_json":{"title":"Bedriven apresenta H2.City Gold na Web Summit - Jornal das Oficinas","description":"A Bedriven atrav\u00e9s de sinergias com a CaetanoBus, apresentou pela primeira vez um autocarro el\u00e9trico movido a hidrog\u00e9nio, o H2.City Gold.","robots":{"index":"index","follow":"follow","max-snippet":"max-snippet:-1","max-image-preview":"max-image-preview:large","max-video-preview":"max-video-preview:-1"},"canonical":"https:\/\/jornaldasoficinas.com\/pt\/bedriven-apresenta-h2-city-gold-na-web-summit\/","og_locale":"pt_PT","og_type":"article","og_title":"Bedriven apresenta H2.City Gold na Web Summit - Jornal das Oficinas","og_description":"A Bedriven atrav\u00e9s de sinergias com a CaetanoBus, apresentou pela primeira vez um autocarro el\u00e9trico movido a hidrog\u00e9nio, o H2.City Gold.","og_url":"https:\/\/jornaldasoficinas.com\/pt\/bedriven-apresenta-h2-city-gold-na-web-summit\/","og_site_name":"Jornal das Oficinas","article_publisher":"https:\/\/www.facebook.com\/jornaloficinas","article_published_time":"2022-11-17T10:00:56+00:00","article_modified_time":"2023-07-20T15:11:00+00:00","og_image":[{"width":1024,"height":581,"url":"https:\/\/jornaldasoficinas.com\/pt\/wp-content\/uploads\/2022\/11\/Bedriven-apresenta-H2.City-Gold-na-Web-Summit.png","type":"image\/png"}],"author":"Reda\u00e7\u00e3o JO","twitter_card":"summary_large_image","twitter_creator":"@jornaloficinas","twitter_site":"@jornaloficinas","twitter_misc":{"Escrito por":"Reda\u00e7\u00e3o JO","Tempo estimado de leitura":"2 minutos"},"schema":{"@context":"https:\/\/schema.org","@graph":[{"@type":"Article","@id":"https:\/\/jornaldasoficinas.com\/pt\/bedriven-apresenta-h2-city-gold-na-web-summit\/#article","isPartOf":{"@id":"https:\/\/jornaldasoficinas.com\/pt\/bedriven-apresenta-h2-city-gold-na-web-summit\/"},"author":{"name":"Reda\u00e7\u00e3o JO","@id":"https:\/\/jornaldasoficinas.com\/pt\/#\/schema\/person\/a38eef5de2c41d9e7c9ac10141afddf3"},"headline":"Bedriven apresenta H2.City Gold na Web Summit","datePublished":"2022-11-17T10:00:56+00:00","dateModified":"2023-07-20T15:11:00+00:00","mainEntityOfPage":{"@id":"https:\/\/jornaldasoficinas.com\/pt\/bedriven-apresenta-h2-city-gold-na-web-summit\/"},"wordCount":457,"publisher":{"@id":"https:\/\/jornaldasoficinas.com\/pt\/#organization"},"image":{"@id":"https:\/\/jornaldasoficinas.com\/pt\/bedriven-apresenta-h2-city-gold-na-web-summit\/#primaryimage"},"thumbnailUrl":"https:\/\/jornaldasoficinas.com\/pt\/wp-content\/uploads\/2022\/11\/Bedriven-apresenta-H2.City-Gold-na-Web-Summit.png","keywords":["Autocarro el\u00e9trico","Bedriven","Caetano Bus","Grupo Salvador Caetano","H2.city Gold","Web Summit"],"articleSection":["Empresas"],"inLanguage":"pt-PT"},{"@type":"WebPage","@id":"https:\/\/jornaldasoficinas.com\/pt\/bedriven-apresenta-h2-city-gold-na-web-summit\/","url":"https:\/\/jornaldasoficinas.com\/pt\/bedriven-apresenta-h2-city-gold-na-web-summit\/","name":"Bedriven apresenta H2.City Gold na Web Summit - Jornal das Oficinas","isPartOf":{"@id":"https:\/\/jornaldasoficinas.com\/pt\/#website"},"primaryImageOfPage":{"@id":"https:\/\/jornaldasoficinas.com\/pt\/bedriven-apresenta-h2-city-gold-na-web-summit\/#primaryimage"},"image":{"@id":"https:\/\/jornaldasoficinas.com\/pt\/bedriven-apresenta-h2-city-gold-na-web-summit\/#primaryimage"},"thumbnailUrl":"https:\/\/jornaldasoficinas.com\/pt\/wp-content\/uploads\/2022\/11\/Bedriven-apresenta-H2.City-Gold-na-Web-Summit.png","datePublished":"2022-11-17T10:00:56+00:00","dateModified":"2023-07-20T15:11:00+00:00","description":"A Bedriven atrav\u00e9s de sinergias com a CaetanoBus, apresentou pela primeira vez um autocarro el\u00e9trico movido a hidrog\u00e9nio, o H2.City Gold.","breadcrumb":{"@id":"https:\/\/jornaldasoficinas.com\/pt\/bedriven-apresenta-h2-city-gold-na-web-summit\/#breadcrumb"},"inLanguage":"pt-PT","potentialAction":[{"@type":"ReadAction","target":["https:\/\/jornaldasoficinas.com\/pt\/bedriven-apresenta-h2-city-gold-na-web-summit\/"]}]},{"@type":"ImageObject","inLanguage":"pt-PT","@id":"https:\/\/jornaldasoficinas.com\/pt\/bedriven-apresenta-h2-city-gold-na-web-summit\/#primaryimage","url":"https:\/\/jornaldasoficinas.com\/pt\/wp-content\/uploads\/2022\/11\/Bedriven-apresenta-H2.City-Gold-na-Web-Summit.png","contentUrl":"https:\/\/jornaldasoficinas.com\/pt\/wp-content\/uploads\/2022\/11\/Bedriven-apresenta-H2.City-Gold-na-Web-Summit.png","width":1024,"height":581,"caption":"11 - Bedriven apresenta H2.City Gold na Web Summit"},{"@type":"BreadcrumbList","@id":"https:\/\/jornaldasoficinas.com\/pt\/bedriven-apresenta-h2-city-gold-na-web-summit\/#breadcrumb","itemListElement":[{"@type":"ListItem","position":1,"name":"In\u00edcio","item":"https:\/\/jornaldasoficinas.com\/pt\/"},{"@type":"ListItem","position":2,"name":"Bedriven apresenta H2.City Gold na Web Summit"}]},{"@type":"WebSite","@id":"https:\/\/jornaldasoficinas.com\/pt\/#website","url":"https:\/\/jornaldasoficinas.com\/pt\/","name":"Jornal das Oficinas","description":"Jornal independente do Aftermarket Autom\u00f3vel em Portugal","publisher":{"@id":"https:\/\/jornaldasoficinas.com\/pt\/#organization"},"potentialAction":[{"@type":"SearchAction","target":{"@type":"EntryPoint","urlTemplate":"https:\/\/jornaldasoficinas.com\/pt\/?s={search_term_string}"},"query-input":{"@type":"PropertyValueSpecification","valueRequired":true,"valueName":"search_term_string"}}],"inLanguage":"pt-PT"},{"@type":"Organization","@id":"https:\/\/jornaldasoficinas.com\/pt\/#organization","name":"Jornal das Oficinas","url":"https:\/\/jornaldasoficinas.com\/pt\/","logo":{"@type":"ImageObject","inLanguage":"pt-PT","@id":"https:\/\/jornaldasoficinas.com\/pt\/#\/schema\/logo\/image\/","url":"https:\/\/jornaldasoficinas.com\/pt\/wp-content\/uploads\/logoJO-SEO.png","contentUrl":"https:\/\/jornaldasoficinas.com\/pt\/wp-content\/uploads\/logoJO-SEO.png","width":285,"height":450,"caption":"Jornal das Oficinas"},"image":{"@id":"https:\/\/jornaldasoficinas.com\/pt\/#\/schema\/logo\/image\/"},"sameAs":["https:\/\/www.facebook.com\/jornaloficinas","https:\/\/x.com\/jornaloficinas","https:\/\/www.instagram.com\/jornal_oficinas\/","https:\/\/www.linkedin.com\/company\/jornal-das-oficinas\/","https:\/\/www.youtube.com\/channel\/UCbQZBqtcvV-oSQrr7RzINGg"]},{"@type":"Person","@id":"https:\/\/jornaldasoficinas.com\/pt\/#\/schema\/person\/a38eef5de2c41d9e7c9ac10141afddf3","name":"Reda\u00e7\u00e3o JO","image":{"@type":"ImageObject","inLanguage":"pt-PT","@id":"https:\/\/secure.gravatar.com\/avatar\/71f2fa71737ad68a84fea94bc708ddac8ea5b0c4788dc2ad202f3ccb2887742f?s=96&d=wp_user_avatar&r=g","url":"https:\/\/secure.gravatar.com\/avatar\/71f2fa71737ad68a84fea94bc708ddac8ea5b0c4788dc2ad202f3ccb2887742f?s=96&d=wp_user_avatar&r=g","contentUrl":"https:\/\/secure.gravatar.com\/avatar\/71f2fa71737ad68a84fea94bc708ddac8ea5b0c4788dc2ad202f3ccb2887742f?s=96&d=wp_user_avatar&r=g","caption":"Reda\u00e7\u00e3o JO"},"url":"https:\/\/jornaldasoficinas.com\/pt\/author\/joredacao\/"}]}},"_links":{"self":[{"href":"https:\/\/jornaldasoficinas.com\/pt\/wp-json\/wp\/v2\/posts\/34696","targetHints":{"allow":["GET"]}}],"collection":[{"href":"https:\/\/jornaldasoficinas.com\/pt\/wp-json\/wp\/v2\/posts"}],"about":[{"href":"https:\/\/jornaldasoficinas.com\/pt\/wp-json\/wp\/v2\/types\/post"}],"author":[{"embeddable":true,"href":"https:\/\/jornaldasoficinas.com\/pt\/wp-json\/wp\/v2\/users\/15"}],"replies":[{"embeddable":true,"href":"https:\/\/jornaldasoficinas.com\/pt\/wp-json\/wp\/v2\/comments?post=34696"}],"version-history":[{"count":0,"href":"https:\/\/jornaldasoficinas.com\/pt\/wp-json\/wp\/v2\/posts\/34696\/revisions"}],"wp:featuredmedia":[{"embeddable":true,"href":"https:\/\/jornaldasoficinas.com\/pt\/wp-json\/wp\/v2\/media\/34669"}],"wp:attachment":[{"href":"https:\/\/jornaldasoficinas.com\/pt\/wp-json\/wp\/v2\/media?parent=34696"}],"wp:term":[{"taxonomy":"category","embeddable":true,"href":"https:\/\/jornaldasoficinas.com\/pt\/wp-json\/wp\/v2\/categories?post=34696"},{"taxonomy":"post_tag","embeddable":true,"href":"https:\/\/jornaldasoficinas.com\/pt\/wp-json\/wp\/v2\/tags?post=34696"}],"curies":[{"name":"wp","href":"https:\/\/api.w.org\/{rel}","templated":true}]}}