{"id":34799,"date":"2022-11-22T10:00:50","date_gmt":"2022-11-22T10:00:50","guid":{"rendered":"https:\/\/jornaldasoficinas.com\/pt\/?p=34799"},"modified":"2022-11-21T22:33:10","modified_gmt":"2022-11-21T22:33:10","slug":"zf-na-vanguarda-da-direcao-assistida-eletrica","status":"publish","type":"post","link":"https:\/\/jornaldasoficinas.com\/pt\/zf-na-vanguarda-da-direcao-assistida-eletrica\/","title":{"rendered":"ZF na vanguarda da Dire\u00e7\u00e3o Assistida El\u00e9trica"},"content":{"rendered":"<p><img loading=\"lazy\" decoding=\"async\" class=\"alignnone size-full wp-image-34754\" src=\"https:\/\/jornaldasoficinas.com\/pt\/wp-content\/uploads\/2022\/11\/ZF-na-vanguarda-da-Direc\u0327a\u0303o-Assistida-Ele\u0301trica.jpg\" alt=\"11 - ZF na vanguarda da Direc\u0327a\u0303o Assistida Ele\u0301trica\" width=\"1024\" height=\"581\" srcset=\"https:\/\/jornaldasoficinas.com\/pt\/wp-content\/uploads\/2022\/11\/ZF-na-vanguarda-da-Direc\u0327a\u0303o-Assistida-Ele\u0301trica.jpg 1024w, https:\/\/jornaldasoficinas.com\/pt\/wp-content\/uploads\/2022\/11\/ZF-na-vanguarda-da-Direc\u0327a\u0303o-Assistida-Ele\u0301trica-300x170.jpg 300w, https:\/\/jornaldasoficinas.com\/pt\/wp-content\/uploads\/2022\/11\/ZF-na-vanguarda-da-Direc\u0327a\u0303o-Assistida-Ele\u0301trica-150x85.jpg 150w, https:\/\/jornaldasoficinas.com\/pt\/wp-content\/uploads\/2022\/11\/ZF-na-vanguarda-da-Direc\u0327a\u0303o-Assistida-Ele\u0301trica-768x436.jpg 768w\" sizes=\"auto, (max-width: 1024px) 100vw, 1024px\" \/><\/p>\n<p><strong>A Dire\u00e7\u00e3o Assistida El\u00e9trica (EPS) est\u00e1 agora estabelecida em todos os segmentos de ve\u00edculos, desde os de menor dimens\u00e3o, at\u00e9 SUVs mais pesados e furg\u00f5es. Como fornecedora da ind\u00fastria autom\u00f3vel, a <a href=\"https:\/\/www.zf.com\/mobile\/en\/homepage\/homepage.html?\" target=\"_blank\" rel=\"noopener\">ZF<\/a> desempenha um papel de lideran\u00e7a em todos estes desenvolvimentos e tamb\u00e9m disponibiliza a sua experi\u00eancia para o mercado de p\u00f3s-venda, bem como uma vasta gama de caixas de dire\u00e7\u00e3o reconstru\u00eddas<\/strong><\/p>\n<p>At\u00e9 aos anos 90 ainda era necess\u00e1rio aplicar for\u00e7a muscular para manobrar os ve\u00edculos, mas o desenvolvimento t\u00e9cnico nesta \u00e1rea desde ent\u00e3o acelerou muito. Os sistemas de dire\u00e7\u00e3o assistida hidr\u00e1ulica tradicionais, que dominaram no passado, est\u00e3o a ser substitu\u00eddos pela dire\u00e7\u00e3o eletromec\u00e2nica em cada vez mais classes de ve\u00edculos. Os sistemas de dire\u00e7\u00e3o do eixo traseiro emergem como uma nova tend\u00eancia t\u00e9cnica.<\/p>\n<p>Com in\u00fameros benef\u00edcios que v\u00e3o muito para al\u00e9m da sua antecessora, a dire\u00e7\u00e3o assistida el\u00e9trica (EPS) tornou-se o padr\u00e3o da ind\u00fastria nos ve\u00edculos que saem da linha de produ\u00e7\u00e3o. Por\u00e9m, os sistemas de dire\u00e7\u00e3o assistida el\u00e9trica j\u00e1 n\u00e3o s\u00e3o apenas respons\u00e1veis pelo conforto, fazem parte integrante do conceito de seguran\u00e7a de condu\u00e7\u00e3o e constituem um pr\u00e9-requisito essencial para as fun\u00e7\u00f5es de condu\u00e7\u00e3o assistida e, no futuro, automatizada.<\/p>\n<p>Estas fun\u00e7\u00f5es s\u00f3 s\u00e3o poss\u00edveis com sistemas de dire\u00e7\u00e3o assistida el\u00e9trica que podem originar um bin\u00e1rio de dire\u00e7\u00e3o independentemente do condutor. E este design tem outra vantagem: economiza energia visto que s\u00f3 requer eletricidade quando est\u00e1 a ser efetuado um movimento de dire\u00e7\u00e3o. Por estas duas raz\u00f5es, a dire\u00e7\u00e3o assistida eletromec\u00e2nica j\u00e1 se estabeleceu em praticamente todos os segmentos dos autom\u00f3veis de passageiros. Este design de dire\u00e7\u00e3o at\u00e9 est\u00e1 a ser instalado em SUVs e sed\u00e3s mais pesados, assim como em furg\u00f5es.<\/p>\n<p>Nesse sentido, as oficinas autom\u00f3veis necessitam de mais e mais compet\u00eancias eletr\u00f3nicas para trabalhar nos sistemas de dire\u00e7\u00e3o. Isto come\u00e7a logo com a resolu\u00e7\u00e3o de problemas. Afinal, a falha da dire\u00e7\u00e3o tamb\u00e9m pode ser causada por falhas noutros componentes do ve\u00edculo, como flutua\u00e7\u00f5es na fonte de alimenta\u00e7\u00e3o. Os t\u00e9cnicos em mecatr\u00f3nica autom\u00f3vel devem, por conseguinte, verificar as liga\u00e7\u00f5es el\u00e9tricas, os pontos de terra, a bateria e a pot\u00eancia do alternador antes de substitu\u00edrem a caixa de dire\u00e7\u00e3o. Os sensores ou unidades de controlo no ve\u00edculo, que comunicam com o sistema de dire\u00e7\u00e3o, tamb\u00e9m podem ser a causa das avarias ou mau funcionamento. Assim, estes tamb\u00e9m devem ser verificados, especialmente se o diagn\u00f3stico da avaria n\u00e3o for claro.<\/p>\n<p><strong>V\u00e1rias etapas de trabalho necess\u00e1rias ap\u00f3s a instala\u00e7\u00e3o da caixa de dire\u00e7\u00e3o<br \/>\n<\/strong>A prop\u00f3sito, n\u00e3o s\u00e3o poss\u00edveis repara\u00e7\u00f5es na pr\u00f3pria caixa de dire\u00e7\u00e3o; tem de ser completamente substitu\u00edda. \u00c9 importante ter aten\u00e7\u00e3o \u00e0s diversas variantes poss\u00edveis. Existem tamb\u00e9m diferentes vers\u00f5es de software e mapas para cada variante de ve\u00edculo. Consequentemente, dependendo da arquitetura do ve\u00edculo, podem tamb\u00e9m ser necess\u00e1rios os seguintes passos na realiza\u00e7\u00e3o do trabalho ap\u00f3s a instala\u00e7\u00e3o mec\u00e2nica:<\/p>\n<ul>\n<li>Calibra\u00e7\u00e3o dos sensores;<\/li>\n<li>Registo do sistema de dire\u00e7\u00e3o nas diferentes unidades de controlo do ve\u00edculo;<\/li>\n<li>Codifica\u00e7\u00e3o das variantes de equipamento correspondentes;<\/li>\n<li>Sele\u00e7\u00e3o do mapa de assist\u00eancia de dire\u00e7\u00e3o;<\/li>\n<li>Instala\u00e7\u00e3o ou atualiza\u00e7\u00e3o do software do sistema de dire\u00e7\u00e3o ou tamb\u00e9m de outras unidades de controlo do ve\u00edculo.<\/li>\n<\/ul>\n<p><strong>Gama crescente de sistemas de dire\u00e7\u00e3o reconstru\u00eddos<br \/>\n<\/strong>A ZF Aftermarket disponibiliza \u00e0s oficinas todas as informa\u00e7\u00f5es t\u00e9cnicas necess\u00e1rias para a resolu\u00e7\u00e3o de problemas e substitui\u00e7\u00e3o de sistemas de dire\u00e7\u00e3o assistida el\u00e9trica atrav\u00e9s do seu portal aftermarket.zf.com.<\/p>\n<p>Al\u00e9m disso, a empresa fornece uma ampla gama de pe\u00e7as de substitui\u00e7\u00e3o sob a sua marca TRW. Isto tamb\u00e9m inclui caixas de dire\u00e7\u00e3o reconstru\u00eddas, que as oficinas podem utilizar para propor aos seus clientes repara\u00e7\u00f5es de acordo com o valor atual do ve\u00edculo. Estes componentes s\u00e3o reconstru\u00eddos industrialmente na pr\u00f3pria f\u00e1brica da ZF, de acordo com as diretrizes do equipamento original e s\u00e3o equivalentes a pe\u00e7as novas em termos de desempenho e qualidade.<\/p>\n<p>A partir de agora, as caixas de dire\u00e7\u00e3o est\u00e3o dispon\u00edveis para os seguintes modelos de ve\u00edculos de alto volume, entre outros:<\/p>\n<ul>\n<li>Audi A3<\/li>\n<li>Skoda Octavia<\/li>\n<li>Volkswagen Golf V<\/li>\n<li>Volkswagen Passat<strong><br \/>\n<\/strong><\/li>\n<\/ul>\n","protected":false},"excerpt":{"rendered":"<p>A Dire\u00e7\u00e3o Assistida El\u00e9trica (EPS) est\u00e1&#8230;<\/p>\n","protected":false},"author":15,"featured_media":34754,"comment_status":"closed","ping_status":"closed","sticky":false,"template":"","format":"standard","meta":{"footnotes":""},"categories":[29],"tags":[3100,3098,1407,3101,181],"class_list":["post-34799","post","type-post","status-publish","format-standard","has-post-thumbnail","hentry","category-empresas","tag-direcao-assistida","tag-direcao-assistida-eletrica","tag-sensores","tag-suvs","tag-zf-aftermarket"],"yoast_head":"<!-- This site is optimized with the Yoast SEO plugin v27.4 - https:\/\/yoast.com\/product\/yoast-seo-wordpress\/ -->\n<title>ZF na vanguarda da Dire\u00e7\u00e3o Assistida El\u00e9trica - Jornal das Oficinas<\/title>\n<meta name=\"description\" content=\"A Dire\u00e7\u00e3o Assistida El\u00e9trica est\u00e1 agora em todos os segmentos de ve\u00edculos, desde os de menor dimens\u00e3o, at\u00e9 SUVs mais pesados e furg\u00f5es\" \/>\n<meta name=\"robots\" content=\"index, follow, max-snippet:-1, max-image-preview:large, max-video-preview:-1\" \/>\n<link rel=\"canonical\" href=\"https:\/\/jornaldasoficinas.com\/pt\/zf-na-vanguarda-da-direcao-assistida-eletrica\/\" \/>\n<meta property=\"og:locale\" content=\"pt_PT\" \/>\n<meta property=\"og:type\" content=\"article\" \/>\n<meta property=\"og:title\" content=\"ZF na vanguarda da Dire\u00e7\u00e3o Assistida El\u00e9trica - Jornal das Oficinas\" \/>\n<meta property=\"og:description\" content=\"A Dire\u00e7\u00e3o Assistida El\u00e9trica est\u00e1 agora em todos os segmentos de ve\u00edculos, desde os de menor dimens\u00e3o, at\u00e9 SUVs mais pesados e furg\u00f5es\" \/>\n<meta property=\"og:url\" content=\"https:\/\/jornaldasoficinas.com\/pt\/zf-na-vanguarda-da-direcao-assistida-eletrica\/\" \/>\n<meta property=\"og:site_name\" content=\"Jornal das Oficinas\" \/>\n<meta property=\"article:publisher\" content=\"https:\/\/www.facebook.com\/jornaloficinas\" \/>\n<meta property=\"article:published_time\" content=\"2022-11-22T10:00:50+00:00\" \/>\n<meta property=\"og:image\" content=\"https:\/\/jornaldasoficinas.com\/pt\/wp-content\/uploads\/2022\/11\/ZF-na-vanguarda-da-Direc\u0327a\u0303o-Assistida-Ele\u0301trica.jpg\" \/>\n\t<meta property=\"og:image:width\" content=\"1024\" \/>\n\t<meta property=\"og:image:height\" content=\"581\" \/>\n\t<meta property=\"og:image:type\" content=\"image\/jpeg\" \/>\n<meta name=\"author\" content=\"Reda\u00e7\u00e3o JO\" \/>\n<meta name=\"twitter:card\" content=\"summary_large_image\" \/>\n<meta name=\"twitter:creator\" content=\"@jornaloficinas\" \/>\n<meta name=\"twitter:site\" content=\"@jornaloficinas\" \/>\n<meta name=\"twitter:label1\" content=\"Escrito por\" \/>\n\t<meta name=\"twitter:data1\" content=\"Reda\u00e7\u00e3o JO\" \/>\n\t<meta name=\"twitter:label2\" content=\"Tempo estimado de leitura\" \/>\n\t<meta name=\"twitter:data2\" content=\"4 minutos\" \/>\n<script type=\"application\/ld+json\" class=\"yoast-schema-graph\">{\"@context\":\"https:\\\/\\\/schema.org\",\"@graph\":[{\"@type\":\"Article\",\"@id\":\"https:\\\/\\\/jornaldasoficinas.com\\\/pt\\\/zf-na-vanguarda-da-direcao-assistida-eletrica\\\/#article\",\"isPartOf\":{\"@id\":\"https:\\\/\\\/jornaldasoficinas.com\\\/pt\\\/zf-na-vanguarda-da-direcao-assistida-eletrica\\\/\"},\"author\":{\"name\":\"Reda\u00e7\u00e3o JO\",\"@id\":\"https:\\\/\\\/jornaldasoficinas.com\\\/pt\\\/#\\\/schema\\\/person\\\/a38eef5de2c41d9e7c9ac10141afddf3\"},\"headline\":\"ZF na vanguarda da Dire\u00e7\u00e3o Assistida El\u00e9trica\",\"datePublished\":\"2022-11-22T10:00:50+00:00\",\"mainEntityOfPage\":{\"@id\":\"https:\\\/\\\/jornaldasoficinas.com\\\/pt\\\/zf-na-vanguarda-da-direcao-assistida-eletrica\\\/\"},\"wordCount\":808,\"publisher\":{\"@id\":\"https:\\\/\\\/jornaldasoficinas.com\\\/pt\\\/#organization\"},\"image\":{\"@id\":\"https:\\\/\\\/jornaldasoficinas.com\\\/pt\\\/zf-na-vanguarda-da-direcao-assistida-eletrica\\\/#primaryimage\"},\"thumbnailUrl\":\"https:\\\/\\\/jornaldasoficinas.com\\\/pt\\\/wp-content\\\/uploads\\\/2022\\\/11\\\/ZF-na-vanguarda-da-Direc\u0327a\u0303o-Assistida-Ele\u0301trica.jpg\",\"keywords\":[\"Dire\u00e7\u00e3o assistida\",\"Dire\u00e7\u00e3o Assistida El\u00e9trica\",\"Sensores\",\"SUVs\",\"ZF Aftermarket\"],\"articleSection\":[\"Empresas\"],\"inLanguage\":\"pt-PT\"},{\"@type\":\"WebPage\",\"@id\":\"https:\\\/\\\/jornaldasoficinas.com\\\/pt\\\/zf-na-vanguarda-da-direcao-assistida-eletrica\\\/\",\"url\":\"https:\\\/\\\/jornaldasoficinas.com\\\/pt\\\/zf-na-vanguarda-da-direcao-assistida-eletrica\\\/\",\"name\":\"ZF na vanguarda da Dire\u00e7\u00e3o Assistida El\u00e9trica - Jornal das Oficinas\",\"isPartOf\":{\"@id\":\"https:\\\/\\\/jornaldasoficinas.com\\\/pt\\\/#website\"},\"primaryImageOfPage\":{\"@id\":\"https:\\\/\\\/jornaldasoficinas.com\\\/pt\\\/zf-na-vanguarda-da-direcao-assistida-eletrica\\\/#primaryimage\"},\"image\":{\"@id\":\"https:\\\/\\\/jornaldasoficinas.com\\\/pt\\\/zf-na-vanguarda-da-direcao-assistida-eletrica\\\/#primaryimage\"},\"thumbnailUrl\":\"https:\\\/\\\/jornaldasoficinas.com\\\/pt\\\/wp-content\\\/uploads\\\/2022\\\/11\\\/ZF-na-vanguarda-da-Direc\u0327a\u0303o-Assistida-Ele\u0301trica.jpg\",\"datePublished\":\"2022-11-22T10:00:50+00:00\",\"description\":\"A Dire\u00e7\u00e3o Assistida El\u00e9trica est\u00e1 agora em todos os segmentos de ve\u00edculos, desde os de menor dimens\u00e3o, at\u00e9 SUVs mais pesados e furg\u00f5es\",\"breadcrumb\":{\"@id\":\"https:\\\/\\\/jornaldasoficinas.com\\\/pt\\\/zf-na-vanguarda-da-direcao-assistida-eletrica\\\/#breadcrumb\"},\"inLanguage\":\"pt-PT\",\"potentialAction\":[{\"@type\":\"ReadAction\",\"target\":[\"https:\\\/\\\/jornaldasoficinas.com\\\/pt\\\/zf-na-vanguarda-da-direcao-assistida-eletrica\\\/\"]}]},{\"@type\":\"ImageObject\",\"inLanguage\":\"pt-PT\",\"@id\":\"https:\\\/\\\/jornaldasoficinas.com\\\/pt\\\/zf-na-vanguarda-da-direcao-assistida-eletrica\\\/#primaryimage\",\"url\":\"https:\\\/\\\/jornaldasoficinas.com\\\/pt\\\/wp-content\\\/uploads\\\/2022\\\/11\\\/ZF-na-vanguarda-da-Direc\u0327a\u0303o-Assistida-Ele\u0301trica.jpg\",\"contentUrl\":\"https:\\\/\\\/jornaldasoficinas.com\\\/pt\\\/wp-content\\\/uploads\\\/2022\\\/11\\\/ZF-na-vanguarda-da-Direc\u0327a\u0303o-Assistida-Ele\u0301trica.jpg\",\"width\":1024,\"height\":581,\"caption\":\"11 - ZF na vanguarda da Direc\u0327a\u0303o Assistida Ele\u0301trica\"},{\"@type\":\"BreadcrumbList\",\"@id\":\"https:\\\/\\\/jornaldasoficinas.com\\\/pt\\\/zf-na-vanguarda-da-direcao-assistida-eletrica\\\/#breadcrumb\",\"itemListElement\":[{\"@type\":\"ListItem\",\"position\":1,\"name\":\"In\u00edcio\",\"item\":\"https:\\\/\\\/jornaldasoficinas.com\\\/pt\\\/\"},{\"@type\":\"ListItem\",\"position\":2,\"name\":\"ZF na vanguarda da Dire\u00e7\u00e3o Assistida El\u00e9trica\"}]},{\"@type\":\"WebSite\",\"@id\":\"https:\\\/\\\/jornaldasoficinas.com\\\/pt\\\/#website\",\"url\":\"https:\\\/\\\/jornaldasoficinas.com\\\/pt\\\/\",\"name\":\"Jornal das Oficinas\",\"description\":\"Jornal independente do Aftermarket Autom\u00f3vel em Portugal\",\"publisher\":{\"@id\":\"https:\\\/\\\/jornaldasoficinas.com\\\/pt\\\/#organization\"},\"potentialAction\":[{\"@type\":\"SearchAction\",\"target\":{\"@type\":\"EntryPoint\",\"urlTemplate\":\"https:\\\/\\\/jornaldasoficinas.com\\\/pt\\\/?s={search_term_string}\"},\"query-input\":{\"@type\":\"PropertyValueSpecification\",\"valueRequired\":true,\"valueName\":\"search_term_string\"}}],\"inLanguage\":\"pt-PT\"},{\"@type\":\"Organization\",\"@id\":\"https:\\\/\\\/jornaldasoficinas.com\\\/pt\\\/#organization\",\"name\":\"Jornal das Oficinas\",\"url\":\"https:\\\/\\\/jornaldasoficinas.com\\\/pt\\\/\",\"logo\":{\"@type\":\"ImageObject\",\"inLanguage\":\"pt-PT\",\"@id\":\"https:\\\/\\\/jornaldasoficinas.com\\\/pt\\\/#\\\/schema\\\/logo\\\/image\\\/\",\"url\":\"https:\\\/\\\/jornaldasoficinas.com\\\/pt\\\/wp-content\\\/uploads\\\/logoJO-SEO.png\",\"contentUrl\":\"https:\\\/\\\/jornaldasoficinas.com\\\/pt\\\/wp-content\\\/uploads\\\/logoJO-SEO.png\",\"width\":285,\"height\":450,\"caption\":\"Jornal das Oficinas\"},\"image\":{\"@id\":\"https:\\\/\\\/jornaldasoficinas.com\\\/pt\\\/#\\\/schema\\\/logo\\\/image\\\/\"},\"sameAs\":[\"https:\\\/\\\/www.facebook.com\\\/jornaloficinas\",\"https:\\\/\\\/x.com\\\/jornaloficinas\",\"https:\\\/\\\/www.instagram.com\\\/jornal_oficinas\\\/\",\"https:\\\/\\\/www.linkedin.com\\\/company\\\/jornal-das-oficinas\\\/\",\"https:\\\/\\\/www.youtube.com\\\/channel\\\/UCbQZBqtcvV-oSQrr7RzINGg\"]},{\"@type\":\"Person\",\"@id\":\"https:\\\/\\\/jornaldasoficinas.com\\\/pt\\\/#\\\/schema\\\/person\\\/a38eef5de2c41d9e7c9ac10141afddf3\",\"name\":\"Reda\u00e7\u00e3o JO\",\"image\":{\"@type\":\"ImageObject\",\"inLanguage\":\"pt-PT\",\"@id\":\"https:\\\/\\\/secure.gravatar.com\\\/avatar\\\/71f2fa71737ad68a84fea94bc708ddac8ea5b0c4788dc2ad202f3ccb2887742f?s=96&d=wp_user_avatar&r=g\",\"url\":\"https:\\\/\\\/secure.gravatar.com\\\/avatar\\\/71f2fa71737ad68a84fea94bc708ddac8ea5b0c4788dc2ad202f3ccb2887742f?s=96&d=wp_user_avatar&r=g\",\"contentUrl\":\"https:\\\/\\\/secure.gravatar.com\\\/avatar\\\/71f2fa71737ad68a84fea94bc708ddac8ea5b0c4788dc2ad202f3ccb2887742f?s=96&d=wp_user_avatar&r=g\",\"caption\":\"Reda\u00e7\u00e3o JO\"},\"url\":\"https:\\\/\\\/jornaldasoficinas.com\\\/pt\\\/author\\\/joredacao\\\/\"}]}<\/script>\n<!-- \/ Yoast SEO plugin. -->","yoast_head_json":{"title":"ZF na vanguarda da Dire\u00e7\u00e3o Assistida El\u00e9trica - Jornal das Oficinas","description":"A Dire\u00e7\u00e3o Assistida El\u00e9trica est\u00e1 agora em todos os segmentos de ve\u00edculos, desde os de menor dimens\u00e3o, at\u00e9 SUVs mais pesados e furg\u00f5es","robots":{"index":"index","follow":"follow","max-snippet":"max-snippet:-1","max-image-preview":"max-image-preview:large","max-video-preview":"max-video-preview:-1"},"canonical":"https:\/\/jornaldasoficinas.com\/pt\/zf-na-vanguarda-da-direcao-assistida-eletrica\/","og_locale":"pt_PT","og_type":"article","og_title":"ZF na vanguarda da Dire\u00e7\u00e3o Assistida El\u00e9trica - Jornal das Oficinas","og_description":"A Dire\u00e7\u00e3o Assistida El\u00e9trica est\u00e1 agora em todos os segmentos de ve\u00edculos, desde os de menor dimens\u00e3o, at\u00e9 SUVs mais pesados e furg\u00f5es","og_url":"https:\/\/jornaldasoficinas.com\/pt\/zf-na-vanguarda-da-direcao-assistida-eletrica\/","og_site_name":"Jornal das Oficinas","article_publisher":"https:\/\/www.facebook.com\/jornaloficinas","article_published_time":"2022-11-22T10:00:50+00:00","og_image":[{"width":1024,"height":581,"url":"https:\/\/jornaldasoficinas.com\/pt\/wp-content\/uploads\/2022\/11\/ZF-na-vanguarda-da-Direc\u0327a\u0303o-Assistida-Ele\u0301trica.jpg","type":"image\/jpeg"}],"author":"Reda\u00e7\u00e3o JO","twitter_card":"summary_large_image","twitter_creator":"@jornaloficinas","twitter_site":"@jornaloficinas","twitter_misc":{"Escrito por":"Reda\u00e7\u00e3o JO","Tempo estimado de leitura":"4 minutos"},"schema":{"@context":"https:\/\/schema.org","@graph":[{"@type":"Article","@id":"https:\/\/jornaldasoficinas.com\/pt\/zf-na-vanguarda-da-direcao-assistida-eletrica\/#article","isPartOf":{"@id":"https:\/\/jornaldasoficinas.com\/pt\/zf-na-vanguarda-da-direcao-assistida-eletrica\/"},"author":{"name":"Reda\u00e7\u00e3o JO","@id":"https:\/\/jornaldasoficinas.com\/pt\/#\/schema\/person\/a38eef5de2c41d9e7c9ac10141afddf3"},"headline":"ZF na vanguarda da Dire\u00e7\u00e3o Assistida El\u00e9trica","datePublished":"2022-11-22T10:00:50+00:00","mainEntityOfPage":{"@id":"https:\/\/jornaldasoficinas.com\/pt\/zf-na-vanguarda-da-direcao-assistida-eletrica\/"},"wordCount":808,"publisher":{"@id":"https:\/\/jornaldasoficinas.com\/pt\/#organization"},"image":{"@id":"https:\/\/jornaldasoficinas.com\/pt\/zf-na-vanguarda-da-direcao-assistida-eletrica\/#primaryimage"},"thumbnailUrl":"https:\/\/jornaldasoficinas.com\/pt\/wp-content\/uploads\/2022\/11\/ZF-na-vanguarda-da-Direc\u0327a\u0303o-Assistida-Ele\u0301trica.jpg","keywords":["Dire\u00e7\u00e3o assistida","Dire\u00e7\u00e3o Assistida El\u00e9trica","Sensores","SUVs","ZF Aftermarket"],"articleSection":["Empresas"],"inLanguage":"pt-PT"},{"@type":"WebPage","@id":"https:\/\/jornaldasoficinas.com\/pt\/zf-na-vanguarda-da-direcao-assistida-eletrica\/","url":"https:\/\/jornaldasoficinas.com\/pt\/zf-na-vanguarda-da-direcao-assistida-eletrica\/","name":"ZF na vanguarda da Dire\u00e7\u00e3o Assistida El\u00e9trica - Jornal das Oficinas","isPartOf":{"@id":"https:\/\/jornaldasoficinas.com\/pt\/#website"},"primaryImageOfPage":{"@id":"https:\/\/jornaldasoficinas.com\/pt\/zf-na-vanguarda-da-direcao-assistida-eletrica\/#primaryimage"},"image":{"@id":"https:\/\/jornaldasoficinas.com\/pt\/zf-na-vanguarda-da-direcao-assistida-eletrica\/#primaryimage"},"thumbnailUrl":"https:\/\/jornaldasoficinas.com\/pt\/wp-content\/uploads\/2022\/11\/ZF-na-vanguarda-da-Direc\u0327a\u0303o-Assistida-Ele\u0301trica.jpg","datePublished":"2022-11-22T10:00:50+00:00","description":"A Dire\u00e7\u00e3o Assistida El\u00e9trica est\u00e1 agora em todos os segmentos de ve\u00edculos, desde os de menor dimens\u00e3o, at\u00e9 SUVs mais pesados e furg\u00f5es","breadcrumb":{"@id":"https:\/\/jornaldasoficinas.com\/pt\/zf-na-vanguarda-da-direcao-assistida-eletrica\/#breadcrumb"},"inLanguage":"pt-PT","potentialAction":[{"@type":"ReadAction","target":["https:\/\/jornaldasoficinas.com\/pt\/zf-na-vanguarda-da-direcao-assistida-eletrica\/"]}]},{"@type":"ImageObject","inLanguage":"pt-PT","@id":"https:\/\/jornaldasoficinas.com\/pt\/zf-na-vanguarda-da-direcao-assistida-eletrica\/#primaryimage","url":"https:\/\/jornaldasoficinas.com\/pt\/wp-content\/uploads\/2022\/11\/ZF-na-vanguarda-da-Direc\u0327a\u0303o-Assistida-Ele\u0301trica.jpg","contentUrl":"https:\/\/jornaldasoficinas.com\/pt\/wp-content\/uploads\/2022\/11\/ZF-na-vanguarda-da-Direc\u0327a\u0303o-Assistida-Ele\u0301trica.jpg","width":1024,"height":581,"caption":"11 - ZF na vanguarda da Direc\u0327a\u0303o Assistida Ele\u0301trica"},{"@type":"BreadcrumbList","@id":"https:\/\/jornaldasoficinas.com\/pt\/zf-na-vanguarda-da-direcao-assistida-eletrica\/#breadcrumb","itemListElement":[{"@type":"ListItem","position":1,"name":"In\u00edcio","item":"https:\/\/jornaldasoficinas.com\/pt\/"},{"@type":"ListItem","position":2,"name":"ZF na vanguarda da Dire\u00e7\u00e3o Assistida El\u00e9trica"}]},{"@type":"WebSite","@id":"https:\/\/jornaldasoficinas.com\/pt\/#website","url":"https:\/\/jornaldasoficinas.com\/pt\/","name":"Jornal das Oficinas","description":"Jornal independente do Aftermarket Autom\u00f3vel em Portugal","publisher":{"@id":"https:\/\/jornaldasoficinas.com\/pt\/#organization"},"potentialAction":[{"@type":"SearchAction","target":{"@type":"EntryPoint","urlTemplate":"https:\/\/jornaldasoficinas.com\/pt\/?s={search_term_string}"},"query-input":{"@type":"PropertyValueSpecification","valueRequired":true,"valueName":"search_term_string"}}],"inLanguage":"pt-PT"},{"@type":"Organization","@id":"https:\/\/jornaldasoficinas.com\/pt\/#organization","name":"Jornal das Oficinas","url":"https:\/\/jornaldasoficinas.com\/pt\/","logo":{"@type":"ImageObject","inLanguage":"pt-PT","@id":"https:\/\/jornaldasoficinas.com\/pt\/#\/schema\/logo\/image\/","url":"https:\/\/jornaldasoficinas.com\/pt\/wp-content\/uploads\/logoJO-SEO.png","contentUrl":"https:\/\/jornaldasoficinas.com\/pt\/wp-content\/uploads\/logoJO-SEO.png","width":285,"height":450,"caption":"Jornal das Oficinas"},"image":{"@id":"https:\/\/jornaldasoficinas.com\/pt\/#\/schema\/logo\/image\/"},"sameAs":["https:\/\/www.facebook.com\/jornaloficinas","https:\/\/x.com\/jornaloficinas","https:\/\/www.instagram.com\/jornal_oficinas\/","https:\/\/www.linkedin.com\/company\/jornal-das-oficinas\/","https:\/\/www.youtube.com\/channel\/UCbQZBqtcvV-oSQrr7RzINGg"]},{"@type":"Person","@id":"https:\/\/jornaldasoficinas.com\/pt\/#\/schema\/person\/a38eef5de2c41d9e7c9ac10141afddf3","name":"Reda\u00e7\u00e3o JO","image":{"@type":"ImageObject","inLanguage":"pt-PT","@id":"https:\/\/secure.gravatar.com\/avatar\/71f2fa71737ad68a84fea94bc708ddac8ea5b0c4788dc2ad202f3ccb2887742f?s=96&d=wp_user_avatar&r=g","url":"https:\/\/secure.gravatar.com\/avatar\/71f2fa71737ad68a84fea94bc708ddac8ea5b0c4788dc2ad202f3ccb2887742f?s=96&d=wp_user_avatar&r=g","contentUrl":"https:\/\/secure.gravatar.com\/avatar\/71f2fa71737ad68a84fea94bc708ddac8ea5b0c4788dc2ad202f3ccb2887742f?s=96&d=wp_user_avatar&r=g","caption":"Reda\u00e7\u00e3o JO"},"url":"https:\/\/jornaldasoficinas.com\/pt\/author\/joredacao\/"}]}},"_links":{"self":[{"href":"https:\/\/jornaldasoficinas.com\/pt\/wp-json\/wp\/v2\/posts\/34799","targetHints":{"allow":["GET"]}}],"collection":[{"href":"https:\/\/jornaldasoficinas.com\/pt\/wp-json\/wp\/v2\/posts"}],"about":[{"href":"https:\/\/jornaldasoficinas.com\/pt\/wp-json\/wp\/v2\/types\/post"}],"author":[{"embeddable":true,"href":"https:\/\/jornaldasoficinas.com\/pt\/wp-json\/wp\/v2\/users\/15"}],"replies":[{"embeddable":true,"href":"https:\/\/jornaldasoficinas.com\/pt\/wp-json\/wp\/v2\/comments?post=34799"}],"version-history":[{"count":0,"href":"https:\/\/jornaldasoficinas.com\/pt\/wp-json\/wp\/v2\/posts\/34799\/revisions"}],"wp:featuredmedia":[{"embeddable":true,"href":"https:\/\/jornaldasoficinas.com\/pt\/wp-json\/wp\/v2\/media\/34754"}],"wp:attachment":[{"href":"https:\/\/jornaldasoficinas.com\/pt\/wp-json\/wp\/v2\/media?parent=34799"}],"wp:term":[{"taxonomy":"category","embeddable":true,"href":"https:\/\/jornaldasoficinas.com\/pt\/wp-json\/wp\/v2\/categories?post=34799"},{"taxonomy":"post_tag","embeddable":true,"href":"https:\/\/jornaldasoficinas.com\/pt\/wp-json\/wp\/v2\/tags?post=34799"}],"curies":[{"name":"wp","href":"https:\/\/api.w.org\/{rel}","templated":true}]}}