{"id":34804,"date":"2022-11-22T12:00:35","date_gmt":"2022-11-22T12:00:35","guid":{"rendered":"https:\/\/jornaldasoficinas.com\/pt\/?p=34804"},"modified":"2022-11-21T22:31:44","modified_gmt":"2022-11-21T22:31:44","slug":"cepsa-apresentou-solucoes-para-gestao-de-frotas","status":"publish","type":"post","link":"https:\/\/jornaldasoficinas.com\/pt\/cepsa-apresentou-solucoes-para-gestao-de-frotas\/","title":{"rendered":"Cepsa apresentou solu\u00e7\u00f5es para gest\u00e3o de frotas"},"content":{"rendered":"<p><img loading=\"lazy\" decoding=\"async\" class=\"alignnone size-full wp-image-34805\" src=\"https:\/\/jornaldasoficinas.com\/pt\/wp-content\/uploads\/2022\/11\/Cepsa-apresentou-soluc\u0327o\u0303es-para-gesta\u0303o-de-frotas.png\" alt=\"11 - Cepsa apresentou soluc\u0327o\u0303es para gesta\u0303o de frotas\" width=\"1024\" height=\"581\" srcset=\"https:\/\/jornaldasoficinas.com\/pt\/wp-content\/uploads\/2022\/11\/Cepsa-apresentou-soluc\u0327o\u0303es-para-gesta\u0303o-de-frotas.png 1024w, https:\/\/jornaldasoficinas.com\/pt\/wp-content\/uploads\/2022\/11\/Cepsa-apresentou-soluc\u0327o\u0303es-para-gesta\u0303o-de-frotas-300x170.png 300w, https:\/\/jornaldasoficinas.com\/pt\/wp-content\/uploads\/2022\/11\/Cepsa-apresentou-soluc\u0327o\u0303es-para-gesta\u0303o-de-frotas-150x85.png 150w, https:\/\/jornaldasoficinas.com\/pt\/wp-content\/uploads\/2022\/11\/Cepsa-apresentou-soluc\u0327o\u0303es-para-gesta\u0303o-de-frotas-768x436.png 768w\" sizes=\"auto, (max-width: 1024px) 100vw, 1024px\" \/><\/p>\n<p><strong>A <a href=\"https:\/\/www.google.com\/url?sa=t&amp;rct=j&amp;q=&amp;esrc=s&amp;source=web&amp;cd=&amp;cad=rja&amp;uact=8&amp;ved=2ahUKEwjtu7faqcD7AhU9UaQEHXtYChUQFnoECAoQAQ&amp;url=https%3A%2F%2Fpt.cepsa.com%2Fpt%2Fparticular&amp;usg=AOvVaw15nMCkG8qmaEk5Lb0JRL1D\">Cepsa<\/a> apresentou no\u00a0 Congresso da <a href=\"https:\/\/www.google.com\/url?sa=t&amp;rct=j&amp;q=&amp;esrc=s&amp;source=web&amp;cd=&amp;cad=rja&amp;uact=8&amp;ved=2ahUKEwif4c_jqcD7AhUsQaQEHXkkD0EQFnoECAkQAQ&amp;url=https%3A%2F%2Fwww.antram.pt%2F&amp;usg=AOvVaw0fA2Ct_KDtjRDpF-DcTraf\">ANTRAM<\/a> as novas solu\u00e7\u00f5es que a companhia est\u00e1 a desenvolver para facilitar e melhorar a gest\u00e3o das frotas, e assim dar resposta \u00e0s expetativas de um setor do transporte de mercadorias em constante evolu\u00e7\u00e3o<\/strong><\/p>\n<p>Na 21\u00aa edi\u00e7\u00e3o do evento, que decorreu no Algarve nos dias 18 e 19 de novembro, a Cepsa pretendeu refor\u00e7ar a parceria com a ANTRAM e com os seus associados. Paralelamente, a companhia apresentou os seus projetos inovadores que ir\u00e3o contribuir para ajudar as empresas na transi\u00e7\u00e3o energ\u00e9tica e na consequente redu\u00e7\u00e3o das emiss\u00f5es de carbono.<\/p>\n<p>De acordo com o seu plano Positive Motion, nos pr\u00f3ximos dois anos a companhia vai assegurar a maior rede de carga ultrarr\u00e1pida de ve\u00edculos el\u00e9tricos que permita ter pelo menos um carregador ultrarr\u00e1pido a cada 200 km nas principais vias ib\u00e9ricas. Por outro lado, ir\u00e1 criar uma rede ib\u00e9rica em \u00e1reas de servi\u00e7o e postos de abastecimento estrat\u00e9gicos, equipados com carregadores ultrarr\u00e1pidos dedicados exclusivamente ao Transporte Pesado Rodovi\u00e1rio.<\/p>\n<p>\u201cNa Cepsa, j\u00e1 h\u00e1 muito tempo que as preocupa\u00e7\u00f5es ambientais e as novas energias s\u00e3o para n\u00f3s uma prioridade. Temos, por isso, uma estrat\u00e9gia bem definida no nosso plano Positive Motion, com o objetivo de liderar a mobilidade e as energias sustent\u00e1veis na Pen\u00ednsula Ib\u00e9rica at\u00e9 2030\u201d, afirma Telmo In\u00e1cio, Respons\u00e1vel Comercial Cart\u00f5es Frota em Portugal.<\/p>\n<p>O respons\u00e1vel salienta que a companhia \u201ccontinua a trabalhar e a tudo fazer para oferecer aos seus parceiros sempre as melhores solu\u00e7\u00f5es do mercado, com proximidade e profissionalismo, pois temos consci\u00eancia de que para quem gere uma frota \u00e9 fundamental saber que pode sempre contar com algu\u00e9m do outro lado para o ajudar a resolver e a ultrapassar as quest\u00f5es do dia a dia.\u201d<\/p>\n<p>No congresso, a Cepsa apresentou ainda as in\u00fameras vantagens que o seu Cart\u00e3o Frota oferece aos profissionais. Al\u00e9m dos descontos em combust\u00edveis e a assist\u00eancia em viagem, o cart\u00e3o disponibiliza informa\u00e7\u00e3o referente \u00e0 opera\u00e7\u00e3o de cada viatura, permitindo assim aos clientes controlar e otimizar os custos com as suas frotas de forma r\u00e1pida e c\u00f3moda.<\/p>\n<p>O cart\u00e3o disponibiliza ainda servi\u00e7os de apoio \u00e0 gest\u00e3o das frotas, como fatura\u00e7\u00e3o eletr\u00f3nica, recupera\u00e7\u00e3o do Gas\u00f3leo Profissional (em todos os pa\u00edses onde existe essa possibilidade), Net Invoice (em Espanha) e seguros para os ve\u00edculos que comp\u00f5em a frota da empresa.<\/p>\n<p>Por outro lado, a muito valorizada fun\u00e7\u00e3o DUAL do Cart\u00e3o Frota permite aos clientes, em caso de esgotamento de plafond, pagar os abastecimentos com outro meio de pagamento sem perder nenhuma das vantagens associadas ao cart\u00e3o.<\/p>\n<p>Para al\u00e9m destas vantagens, o cart\u00e3o oferece ainda aos clientes servi\u00e7os complementares, como o acesso a uma ampla rede de oficinas, pagamento de portagens e ferrys, e pagamento de multas.<\/p>\n","protected":false},"excerpt":{"rendered":"<p>A Cepsa apresentou no\u00a0 Congresso da&#8230;<\/p>\n","protected":false},"author":15,"featured_media":34805,"comment_status":"closed","ping_status":"closed","sticky":false,"template":"","format":"standard","meta":{"footnotes":""},"categories":[29],"tags":[103,3106,3107,199,3105,89],"class_list":["post-34804","post","type-post","status-publish","format-standard","has-post-thumbnail","hentry","category-empresas","tag-antram","tag-carregador-ultra-rapido","tag-cartao-frota","tag-cepsa","tag-positive-motion","tag-veiculos-eletricos"],"yoast_head":"<!-- This site is optimized with the Yoast SEO plugin v27.4 - https:\/\/yoast.com\/product\/yoast-seo-wordpress\/ -->\n<title>Cepsa apresentou solu\u00e7\u00f5es para gest\u00e3o de frotas - Jornal das Oficinas<\/title>\n<meta name=\"description\" content=\"A Cepsa apresentou no\u00a0Congresso da ANTRAM as novas solu\u00e7\u00f5es que a companhia est\u00e1 a desenvolver para facilitar e melhorar a gest\u00e3o das frotas\" \/>\n<meta name=\"robots\" content=\"index, follow, max-snippet:-1, max-image-preview:large, max-video-preview:-1\" \/>\n<link rel=\"canonical\" href=\"https:\/\/jornaldasoficinas.com\/pt\/cepsa-apresentou-solucoes-para-gestao-de-frotas\/\" \/>\n<meta property=\"og:locale\" content=\"pt_PT\" \/>\n<meta property=\"og:type\" content=\"article\" \/>\n<meta property=\"og:title\" content=\"Cepsa apresentou solu\u00e7\u00f5es para gest\u00e3o de frotas - Jornal das Oficinas\" \/>\n<meta property=\"og:description\" content=\"A Cepsa apresentou no\u00a0Congresso da ANTRAM as novas solu\u00e7\u00f5es que a companhia est\u00e1 a desenvolver para facilitar e melhorar a gest\u00e3o das frotas\" \/>\n<meta property=\"og:url\" content=\"https:\/\/jornaldasoficinas.com\/pt\/cepsa-apresentou-solucoes-para-gestao-de-frotas\/\" \/>\n<meta property=\"og:site_name\" content=\"Jornal das Oficinas\" \/>\n<meta property=\"article:publisher\" content=\"https:\/\/www.facebook.com\/jornaloficinas\" \/>\n<meta property=\"article:published_time\" content=\"2022-11-22T12:00:35+00:00\" \/>\n<meta property=\"og:image\" content=\"https:\/\/jornaldasoficinas.com\/pt\/wp-content\/uploads\/2022\/11\/Cepsa-apresentou-soluc\u0327o\u0303es-para-gesta\u0303o-de-frotas.png\" \/>\n\t<meta property=\"og:image:width\" content=\"1024\" \/>\n\t<meta property=\"og:image:height\" content=\"581\" \/>\n\t<meta property=\"og:image:type\" content=\"image\/png\" \/>\n<meta name=\"author\" content=\"Reda\u00e7\u00e3o JO\" \/>\n<meta name=\"twitter:card\" content=\"summary_large_image\" \/>\n<meta name=\"twitter:creator\" content=\"@jornaloficinas\" \/>\n<meta name=\"twitter:site\" content=\"@jornaloficinas\" \/>\n<meta name=\"twitter:label1\" content=\"Escrito por\" \/>\n\t<meta name=\"twitter:data1\" content=\"Reda\u00e7\u00e3o JO\" \/>\n\t<meta name=\"twitter:label2\" content=\"Tempo estimado de leitura\" \/>\n\t<meta name=\"twitter:data2\" content=\"3 minutos\" \/>\n<script type=\"application\/ld+json\" class=\"yoast-schema-graph\">{\"@context\":\"https:\\\/\\\/schema.org\",\"@graph\":[{\"@type\":\"Article\",\"@id\":\"https:\\\/\\\/jornaldasoficinas.com\\\/pt\\\/cepsa-apresentou-solucoes-para-gestao-de-frotas\\\/#article\",\"isPartOf\":{\"@id\":\"https:\\\/\\\/jornaldasoficinas.com\\\/pt\\\/cepsa-apresentou-solucoes-para-gestao-de-frotas\\\/\"},\"author\":{\"name\":\"Reda\u00e7\u00e3o JO\",\"@id\":\"https:\\\/\\\/jornaldasoficinas.com\\\/pt\\\/#\\\/schema\\\/person\\\/a38eef5de2c41d9e7c9ac10141afddf3\"},\"headline\":\"Cepsa apresentou solu\u00e7\u00f5es para gest\u00e3o de frotas\",\"datePublished\":\"2022-11-22T12:00:35+00:00\",\"mainEntityOfPage\":{\"@id\":\"https:\\\/\\\/jornaldasoficinas.com\\\/pt\\\/cepsa-apresentou-solucoes-para-gestao-de-frotas\\\/\"},\"wordCount\":509,\"publisher\":{\"@id\":\"https:\\\/\\\/jornaldasoficinas.com\\\/pt\\\/#organization\"},\"image\":{\"@id\":\"https:\\\/\\\/jornaldasoficinas.com\\\/pt\\\/cepsa-apresentou-solucoes-para-gestao-de-frotas\\\/#primaryimage\"},\"thumbnailUrl\":\"https:\\\/\\\/jornaldasoficinas.com\\\/pt\\\/wp-content\\\/uploads\\\/2022\\\/11\\\/Cepsa-apresentou-soluc\u0327o\u0303es-para-gesta\u0303o-de-frotas.png\",\"keywords\":[\"ANTRAM\",\"Carregador ultra r\u00e1pido\",\"Cart\u00e3o frota\",\"Cepsa\",\"Positive Motion\",\"Ve\u00edculos el\u00e9tricos\"],\"articleSection\":[\"Empresas\"],\"inLanguage\":\"pt-PT\"},{\"@type\":\"WebPage\",\"@id\":\"https:\\\/\\\/jornaldasoficinas.com\\\/pt\\\/cepsa-apresentou-solucoes-para-gestao-de-frotas\\\/\",\"url\":\"https:\\\/\\\/jornaldasoficinas.com\\\/pt\\\/cepsa-apresentou-solucoes-para-gestao-de-frotas\\\/\",\"name\":\"Cepsa apresentou solu\u00e7\u00f5es para gest\u00e3o de frotas - Jornal das Oficinas\",\"isPartOf\":{\"@id\":\"https:\\\/\\\/jornaldasoficinas.com\\\/pt\\\/#website\"},\"primaryImageOfPage\":{\"@id\":\"https:\\\/\\\/jornaldasoficinas.com\\\/pt\\\/cepsa-apresentou-solucoes-para-gestao-de-frotas\\\/#primaryimage\"},\"image\":{\"@id\":\"https:\\\/\\\/jornaldasoficinas.com\\\/pt\\\/cepsa-apresentou-solucoes-para-gestao-de-frotas\\\/#primaryimage\"},\"thumbnailUrl\":\"https:\\\/\\\/jornaldasoficinas.com\\\/pt\\\/wp-content\\\/uploads\\\/2022\\\/11\\\/Cepsa-apresentou-soluc\u0327o\u0303es-para-gesta\u0303o-de-frotas.png\",\"datePublished\":\"2022-11-22T12:00:35+00:00\",\"description\":\"A Cepsa apresentou no\u00a0Congresso da ANTRAM as novas solu\u00e7\u00f5es que a companhia est\u00e1 a desenvolver para facilitar e melhorar a gest\u00e3o das frotas\",\"breadcrumb\":{\"@id\":\"https:\\\/\\\/jornaldasoficinas.com\\\/pt\\\/cepsa-apresentou-solucoes-para-gestao-de-frotas\\\/#breadcrumb\"},\"inLanguage\":\"pt-PT\",\"potentialAction\":[{\"@type\":\"ReadAction\",\"target\":[\"https:\\\/\\\/jornaldasoficinas.com\\\/pt\\\/cepsa-apresentou-solucoes-para-gestao-de-frotas\\\/\"]}]},{\"@type\":\"ImageObject\",\"inLanguage\":\"pt-PT\",\"@id\":\"https:\\\/\\\/jornaldasoficinas.com\\\/pt\\\/cepsa-apresentou-solucoes-para-gestao-de-frotas\\\/#primaryimage\",\"url\":\"https:\\\/\\\/jornaldasoficinas.com\\\/pt\\\/wp-content\\\/uploads\\\/2022\\\/11\\\/Cepsa-apresentou-soluc\u0327o\u0303es-para-gesta\u0303o-de-frotas.png\",\"contentUrl\":\"https:\\\/\\\/jornaldasoficinas.com\\\/pt\\\/wp-content\\\/uploads\\\/2022\\\/11\\\/Cepsa-apresentou-soluc\u0327o\u0303es-para-gesta\u0303o-de-frotas.png\",\"width\":1024,\"height\":581,\"caption\":\"11 - Cepsa apresentou soluc\u0327o\u0303es para gesta\u0303o de frotas\"},{\"@type\":\"BreadcrumbList\",\"@id\":\"https:\\\/\\\/jornaldasoficinas.com\\\/pt\\\/cepsa-apresentou-solucoes-para-gestao-de-frotas\\\/#breadcrumb\",\"itemListElement\":[{\"@type\":\"ListItem\",\"position\":1,\"name\":\"In\u00edcio\",\"item\":\"https:\\\/\\\/jornaldasoficinas.com\\\/pt\\\/\"},{\"@type\":\"ListItem\",\"position\":2,\"name\":\"Cepsa apresentou solu\u00e7\u00f5es para gest\u00e3o de frotas\"}]},{\"@type\":\"WebSite\",\"@id\":\"https:\\\/\\\/jornaldasoficinas.com\\\/pt\\\/#website\",\"url\":\"https:\\\/\\\/jornaldasoficinas.com\\\/pt\\\/\",\"name\":\"Jornal das Oficinas\",\"description\":\"Jornal independente do Aftermarket Autom\u00f3vel em Portugal\",\"publisher\":{\"@id\":\"https:\\\/\\\/jornaldasoficinas.com\\\/pt\\\/#organization\"},\"potentialAction\":[{\"@type\":\"SearchAction\",\"target\":{\"@type\":\"EntryPoint\",\"urlTemplate\":\"https:\\\/\\\/jornaldasoficinas.com\\\/pt\\\/?s={search_term_string}\"},\"query-input\":{\"@type\":\"PropertyValueSpecification\",\"valueRequired\":true,\"valueName\":\"search_term_string\"}}],\"inLanguage\":\"pt-PT\"},{\"@type\":\"Organization\",\"@id\":\"https:\\\/\\\/jornaldasoficinas.com\\\/pt\\\/#organization\",\"name\":\"Jornal das Oficinas\",\"url\":\"https:\\\/\\\/jornaldasoficinas.com\\\/pt\\\/\",\"logo\":{\"@type\":\"ImageObject\",\"inLanguage\":\"pt-PT\",\"@id\":\"https:\\\/\\\/jornaldasoficinas.com\\\/pt\\\/#\\\/schema\\\/logo\\\/image\\\/\",\"url\":\"https:\\\/\\\/jornaldasoficinas.com\\\/pt\\\/wp-content\\\/uploads\\\/logoJO-SEO.png\",\"contentUrl\":\"https:\\\/\\\/jornaldasoficinas.com\\\/pt\\\/wp-content\\\/uploads\\\/logoJO-SEO.png\",\"width\":285,\"height\":450,\"caption\":\"Jornal das Oficinas\"},\"image\":{\"@id\":\"https:\\\/\\\/jornaldasoficinas.com\\\/pt\\\/#\\\/schema\\\/logo\\\/image\\\/\"},\"sameAs\":[\"https:\\\/\\\/www.facebook.com\\\/jornaloficinas\",\"https:\\\/\\\/x.com\\\/jornaloficinas\",\"https:\\\/\\\/www.instagram.com\\\/jornal_oficinas\\\/\",\"https:\\\/\\\/www.linkedin.com\\\/company\\\/jornal-das-oficinas\\\/\",\"https:\\\/\\\/www.youtube.com\\\/channel\\\/UCbQZBqtcvV-oSQrr7RzINGg\"]},{\"@type\":\"Person\",\"@id\":\"https:\\\/\\\/jornaldasoficinas.com\\\/pt\\\/#\\\/schema\\\/person\\\/a38eef5de2c41d9e7c9ac10141afddf3\",\"name\":\"Reda\u00e7\u00e3o JO\",\"image\":{\"@type\":\"ImageObject\",\"inLanguage\":\"pt-PT\",\"@id\":\"https:\\\/\\\/secure.gravatar.com\\\/avatar\\\/71f2fa71737ad68a84fea94bc708ddac8ea5b0c4788dc2ad202f3ccb2887742f?s=96&d=wp_user_avatar&r=g\",\"url\":\"https:\\\/\\\/secure.gravatar.com\\\/avatar\\\/71f2fa71737ad68a84fea94bc708ddac8ea5b0c4788dc2ad202f3ccb2887742f?s=96&d=wp_user_avatar&r=g\",\"contentUrl\":\"https:\\\/\\\/secure.gravatar.com\\\/avatar\\\/71f2fa71737ad68a84fea94bc708ddac8ea5b0c4788dc2ad202f3ccb2887742f?s=96&d=wp_user_avatar&r=g\",\"caption\":\"Reda\u00e7\u00e3o JO\"},\"url\":\"https:\\\/\\\/jornaldasoficinas.com\\\/pt\\\/author\\\/joredacao\\\/\"}]}<\/script>\n<!-- \/ Yoast SEO plugin. -->","yoast_head_json":{"title":"Cepsa apresentou solu\u00e7\u00f5es para gest\u00e3o de frotas - Jornal das Oficinas","description":"A Cepsa apresentou no\u00a0Congresso da ANTRAM as novas solu\u00e7\u00f5es que a companhia est\u00e1 a desenvolver para facilitar e melhorar a gest\u00e3o das frotas","robots":{"index":"index","follow":"follow","max-snippet":"max-snippet:-1","max-image-preview":"max-image-preview:large","max-video-preview":"max-video-preview:-1"},"canonical":"https:\/\/jornaldasoficinas.com\/pt\/cepsa-apresentou-solucoes-para-gestao-de-frotas\/","og_locale":"pt_PT","og_type":"article","og_title":"Cepsa apresentou solu\u00e7\u00f5es para gest\u00e3o de frotas - Jornal das Oficinas","og_description":"A Cepsa apresentou no\u00a0Congresso da ANTRAM as novas solu\u00e7\u00f5es que a companhia est\u00e1 a desenvolver para facilitar e melhorar a gest\u00e3o das frotas","og_url":"https:\/\/jornaldasoficinas.com\/pt\/cepsa-apresentou-solucoes-para-gestao-de-frotas\/","og_site_name":"Jornal das Oficinas","article_publisher":"https:\/\/www.facebook.com\/jornaloficinas","article_published_time":"2022-11-22T12:00:35+00:00","og_image":[{"width":1024,"height":581,"url":"https:\/\/jornaldasoficinas.com\/pt\/wp-content\/uploads\/2022\/11\/Cepsa-apresentou-soluc\u0327o\u0303es-para-gesta\u0303o-de-frotas.png","type":"image\/png"}],"author":"Reda\u00e7\u00e3o JO","twitter_card":"summary_large_image","twitter_creator":"@jornaloficinas","twitter_site":"@jornaloficinas","twitter_misc":{"Escrito por":"Reda\u00e7\u00e3o JO","Tempo estimado de leitura":"3 minutos"},"schema":{"@context":"https:\/\/schema.org","@graph":[{"@type":"Article","@id":"https:\/\/jornaldasoficinas.com\/pt\/cepsa-apresentou-solucoes-para-gestao-de-frotas\/#article","isPartOf":{"@id":"https:\/\/jornaldasoficinas.com\/pt\/cepsa-apresentou-solucoes-para-gestao-de-frotas\/"},"author":{"name":"Reda\u00e7\u00e3o JO","@id":"https:\/\/jornaldasoficinas.com\/pt\/#\/schema\/person\/a38eef5de2c41d9e7c9ac10141afddf3"},"headline":"Cepsa apresentou solu\u00e7\u00f5es para gest\u00e3o de frotas","datePublished":"2022-11-22T12:00:35+00:00","mainEntityOfPage":{"@id":"https:\/\/jornaldasoficinas.com\/pt\/cepsa-apresentou-solucoes-para-gestao-de-frotas\/"},"wordCount":509,"publisher":{"@id":"https:\/\/jornaldasoficinas.com\/pt\/#organization"},"image":{"@id":"https:\/\/jornaldasoficinas.com\/pt\/cepsa-apresentou-solucoes-para-gestao-de-frotas\/#primaryimage"},"thumbnailUrl":"https:\/\/jornaldasoficinas.com\/pt\/wp-content\/uploads\/2022\/11\/Cepsa-apresentou-soluc\u0327o\u0303es-para-gesta\u0303o-de-frotas.png","keywords":["ANTRAM","Carregador ultra r\u00e1pido","Cart\u00e3o frota","Cepsa","Positive Motion","Ve\u00edculos el\u00e9tricos"],"articleSection":["Empresas"],"inLanguage":"pt-PT"},{"@type":"WebPage","@id":"https:\/\/jornaldasoficinas.com\/pt\/cepsa-apresentou-solucoes-para-gestao-de-frotas\/","url":"https:\/\/jornaldasoficinas.com\/pt\/cepsa-apresentou-solucoes-para-gestao-de-frotas\/","name":"Cepsa apresentou solu\u00e7\u00f5es para gest\u00e3o de frotas - Jornal das Oficinas","isPartOf":{"@id":"https:\/\/jornaldasoficinas.com\/pt\/#website"},"primaryImageOfPage":{"@id":"https:\/\/jornaldasoficinas.com\/pt\/cepsa-apresentou-solucoes-para-gestao-de-frotas\/#primaryimage"},"image":{"@id":"https:\/\/jornaldasoficinas.com\/pt\/cepsa-apresentou-solucoes-para-gestao-de-frotas\/#primaryimage"},"thumbnailUrl":"https:\/\/jornaldasoficinas.com\/pt\/wp-content\/uploads\/2022\/11\/Cepsa-apresentou-soluc\u0327o\u0303es-para-gesta\u0303o-de-frotas.png","datePublished":"2022-11-22T12:00:35+00:00","description":"A Cepsa apresentou no\u00a0Congresso da ANTRAM as novas solu\u00e7\u00f5es que a companhia est\u00e1 a desenvolver para facilitar e melhorar a gest\u00e3o das frotas","breadcrumb":{"@id":"https:\/\/jornaldasoficinas.com\/pt\/cepsa-apresentou-solucoes-para-gestao-de-frotas\/#breadcrumb"},"inLanguage":"pt-PT","potentialAction":[{"@type":"ReadAction","target":["https:\/\/jornaldasoficinas.com\/pt\/cepsa-apresentou-solucoes-para-gestao-de-frotas\/"]}]},{"@type":"ImageObject","inLanguage":"pt-PT","@id":"https:\/\/jornaldasoficinas.com\/pt\/cepsa-apresentou-solucoes-para-gestao-de-frotas\/#primaryimage","url":"https:\/\/jornaldasoficinas.com\/pt\/wp-content\/uploads\/2022\/11\/Cepsa-apresentou-soluc\u0327o\u0303es-para-gesta\u0303o-de-frotas.png","contentUrl":"https:\/\/jornaldasoficinas.com\/pt\/wp-content\/uploads\/2022\/11\/Cepsa-apresentou-soluc\u0327o\u0303es-para-gesta\u0303o-de-frotas.png","width":1024,"height":581,"caption":"11 - Cepsa apresentou soluc\u0327o\u0303es para gesta\u0303o de frotas"},{"@type":"BreadcrumbList","@id":"https:\/\/jornaldasoficinas.com\/pt\/cepsa-apresentou-solucoes-para-gestao-de-frotas\/#breadcrumb","itemListElement":[{"@type":"ListItem","position":1,"name":"In\u00edcio","item":"https:\/\/jornaldasoficinas.com\/pt\/"},{"@type":"ListItem","position":2,"name":"Cepsa apresentou solu\u00e7\u00f5es para gest\u00e3o de frotas"}]},{"@type":"WebSite","@id":"https:\/\/jornaldasoficinas.com\/pt\/#website","url":"https:\/\/jornaldasoficinas.com\/pt\/","name":"Jornal das Oficinas","description":"Jornal independente do Aftermarket Autom\u00f3vel em Portugal","publisher":{"@id":"https:\/\/jornaldasoficinas.com\/pt\/#organization"},"potentialAction":[{"@type":"SearchAction","target":{"@type":"EntryPoint","urlTemplate":"https:\/\/jornaldasoficinas.com\/pt\/?s={search_term_string}"},"query-input":{"@type":"PropertyValueSpecification","valueRequired":true,"valueName":"search_term_string"}}],"inLanguage":"pt-PT"},{"@type":"Organization","@id":"https:\/\/jornaldasoficinas.com\/pt\/#organization","name":"Jornal das Oficinas","url":"https:\/\/jornaldasoficinas.com\/pt\/","logo":{"@type":"ImageObject","inLanguage":"pt-PT","@id":"https:\/\/jornaldasoficinas.com\/pt\/#\/schema\/logo\/image\/","url":"https:\/\/jornaldasoficinas.com\/pt\/wp-content\/uploads\/logoJO-SEO.png","contentUrl":"https:\/\/jornaldasoficinas.com\/pt\/wp-content\/uploads\/logoJO-SEO.png","width":285,"height":450,"caption":"Jornal das Oficinas"},"image":{"@id":"https:\/\/jornaldasoficinas.com\/pt\/#\/schema\/logo\/image\/"},"sameAs":["https:\/\/www.facebook.com\/jornaloficinas","https:\/\/x.com\/jornaloficinas","https:\/\/www.instagram.com\/jornal_oficinas\/","https:\/\/www.linkedin.com\/company\/jornal-das-oficinas\/","https:\/\/www.youtube.com\/channel\/UCbQZBqtcvV-oSQrr7RzINGg"]},{"@type":"Person","@id":"https:\/\/jornaldasoficinas.com\/pt\/#\/schema\/person\/a38eef5de2c41d9e7c9ac10141afddf3","name":"Reda\u00e7\u00e3o JO","image":{"@type":"ImageObject","inLanguage":"pt-PT","@id":"https:\/\/secure.gravatar.com\/avatar\/71f2fa71737ad68a84fea94bc708ddac8ea5b0c4788dc2ad202f3ccb2887742f?s=96&d=wp_user_avatar&r=g","url":"https:\/\/secure.gravatar.com\/avatar\/71f2fa71737ad68a84fea94bc708ddac8ea5b0c4788dc2ad202f3ccb2887742f?s=96&d=wp_user_avatar&r=g","contentUrl":"https:\/\/secure.gravatar.com\/avatar\/71f2fa71737ad68a84fea94bc708ddac8ea5b0c4788dc2ad202f3ccb2887742f?s=96&d=wp_user_avatar&r=g","caption":"Reda\u00e7\u00e3o JO"},"url":"https:\/\/jornaldasoficinas.com\/pt\/author\/joredacao\/"}]}},"_links":{"self":[{"href":"https:\/\/jornaldasoficinas.com\/pt\/wp-json\/wp\/v2\/posts\/34804","targetHints":{"allow":["GET"]}}],"collection":[{"href":"https:\/\/jornaldasoficinas.com\/pt\/wp-json\/wp\/v2\/posts"}],"about":[{"href":"https:\/\/jornaldasoficinas.com\/pt\/wp-json\/wp\/v2\/types\/post"}],"author":[{"embeddable":true,"href":"https:\/\/jornaldasoficinas.com\/pt\/wp-json\/wp\/v2\/users\/15"}],"replies":[{"embeddable":true,"href":"https:\/\/jornaldasoficinas.com\/pt\/wp-json\/wp\/v2\/comments?post=34804"}],"version-history":[{"count":0,"href":"https:\/\/jornaldasoficinas.com\/pt\/wp-json\/wp\/v2\/posts\/34804\/revisions"}],"wp:featuredmedia":[{"embeddable":true,"href":"https:\/\/jornaldasoficinas.com\/pt\/wp-json\/wp\/v2\/media\/34805"}],"wp:attachment":[{"href":"https:\/\/jornaldasoficinas.com\/pt\/wp-json\/wp\/v2\/media?parent=34804"}],"wp:term":[{"taxonomy":"category","embeddable":true,"href":"https:\/\/jornaldasoficinas.com\/pt\/wp-json\/wp\/v2\/categories?post=34804"},{"taxonomy":"post_tag","embeddable":true,"href":"https:\/\/jornaldasoficinas.com\/pt\/wp-json\/wp\/v2\/tags?post=34804"}],"curies":[{"name":"wp","href":"https:\/\/api.w.org\/{rel}","templated":true}]}}