{"id":34944,"date":"2022-11-23T22:00:54","date_gmt":"2022-11-23T22:00:54","guid":{"rendered":"https:\/\/jornaldasoficinas.com\/pt\/?p=34944"},"modified":"2022-11-23T20:31:06","modified_gmt":"2022-11-23T20:31:06","slug":"tempos-desafiantes","status":"publish","type":"post","link":"https:\/\/jornaldasoficinas.com\/pt\/tempos-desafiantes\/","title":{"rendered":"Tempos desafiantes para as empresas do aftermarket"},"content":{"rendered":"<p><img loading=\"lazy\" decoding=\"async\" class=\"alignnone size-full wp-image-34947\" src=\"https:\/\/jornaldasoficinas.com\/pt\/wp-content\/uploads\/2022\/11\/tempos_desafiantes_.jpeg\" alt=\"11 - tempos_desafiantes_\" width=\"1024\" height=\"581\" srcset=\"https:\/\/jornaldasoficinas.com\/pt\/wp-content\/uploads\/2022\/11\/tempos_desafiantes_.jpeg 1024w, https:\/\/jornaldasoficinas.com\/pt\/wp-content\/uploads\/2022\/11\/tempos_desafiantes_-300x170.jpeg 300w, https:\/\/jornaldasoficinas.com\/pt\/wp-content\/uploads\/2022\/11\/tempos_desafiantes_-150x85.jpeg 150w, https:\/\/jornaldasoficinas.com\/pt\/wp-content\/uploads\/2022\/11\/tempos_desafiantes_-768x436.jpeg 768w\" sizes=\"auto, (max-width: 1024px) 100vw, 1024px\" \/><\/p>\n<p><strong>Antes do surto da pandemia da COVID-19, o nego\u0301cio da distribuic\u0327a\u0303o de pec\u0327as em Portugal desfrutava de uma de\u0301cada de margens elevadas e de um crescimento constante num ambiente esta\u0301vel. Agora o setor deve preparar-se para a mudanc\u0327a em va\u0301rias frentes. Muitas tende\u0302ncias ameac\u0327am abrandar o crescimento e reduzir as margens de lucro na pro\u0301xima de\u0301cada.<\/strong><\/p>\n<p>As arquiteturas de vei\u0301culos esta\u0303o a mudar para transmisso\u0303es ele\u0301tricas que requerem menos manutenc\u0327a\u0303o. As pessoas esta\u0303o a conduzir menos. A tecnologia de assiste\u0302ncia ao condutor ira\u0301 reduzir coliso\u0303es e portanto a necessidade de pec\u0327as de substituic\u0327a\u0303o. Embora os nego\u0301cios estejam a recuperar da pandemia e cresc\u0327am tanto para empresas do mercado po\u0301s-venda independente e de fabricantes de equipamento original e revendedores autorizados, a transformac\u0327a\u0303o conti\u0301nua do mercado e a crescente concorre\u0302ncia deixam as empresas numa encruzilhada.<\/p>\n<p>Em 2021, apesar dos desafios colocados pela pandemia que ainda condicionou muitas atividades, o af- termarket conseguiu reagir e afirmar-se como um setor dina\u0302mico, demonstrando possuir bons ni\u0301veis de gesta\u0303o, contribuindo para uma maior estabilidade do mercado. Os cem maiores distribuidores de pec\u0327as para ligeiros faturaram em 2021 quase 1.065 milho\u0303es de euros, crescendo 13,8% sobre 2020 e 8% sobre 2019. Sa\u0303o dados sem du\u0301vida positivos e encorajadores para o sector, no entanto, o aumento do volume de nego\u0301cios na\u0303o implica necessariamente um aumento da atividade e da rentabilidade das empresas.<\/p>\n<p>Para 2022, apesar da atual incerteza, espera-se que o setor encerre o ano com um crescimento no volume de nego\u0301cios, em grande parte devido a\u0300 inflac\u0327a\u0303o. Os fornecedores de pec\u0327as automo\u0301veis sa\u0303o afetados por muitos aspetos diferentes, tais como presso\u0303es inflaciona\u0301rias e tenso\u0303es na cadeia de fornecimento devido a questo\u0303es geopoli\u0301ticas. Para ale\u0301m de um quadro regulamentar incerto, existe uma falta de oferta devido a\u0300 escassez de certos componentes, a\u0300 escalada dos prec\u0327os das mate\u0301rias-primas, aos custos energe\u0301ticos e logi\u0301sticos, o que cria um clima de incerteza que leva os consumidores a adiar a sua decisa\u0303o de comprar um vei\u0301culo novo. Hoje temos uma frota com mais de 13 anos em me\u0301dia, que afeta a seguranc\u0327a rodovia\u0301ria e o ambiente devido a\u0300s suas emisso\u0303es.<\/p>\n<p>Falando dos desafios dos pro\u0301ximos tempos, um dos principais que as empresas enfrentam atualmente e\u0301 a falta de ma\u0303o de obra especializada, nomeadamente nas a\u0301reas da mecatro\u0301nica e repintura. Com o aumento da procura, encontrar profissionais especializados mante\u0301m-se uma grande dificuldade para muitas empresas, e e\u0301 muito prova\u0301vel que assim continue a ser num futuro pro\u0301ximo. E\u0301 tambe\u0301m determinante a formac\u0327a\u0303o de elevada qualidade de empresa\u0301rios e gestores para a reorganizac\u0327a\u0303o e melhoria das capacidades de gesta\u0303o das suas empresas.<\/p>\n<p>Na\u0303o ha\u0301 du\u0301vida de que os desafios esta\u0303o a aumentar, mas o aftermarket e\u0301 um setor que, como um todo, sai sempre mais forte das crises. Enfrentar as contrariedades, a\u0300s vezes, sa\u0303o os momentos mais ricos da nossa vida e onde fazemos mais progressos.<\/p>\n<p>Num setor com tantas mudanc\u0327as, na\u0303o podemos nunca esquecer que a u\u0301nica realidade que na\u0303o muda e\u0301 que as empresas vivem de clientes e nego\u0301cios.<\/p>\n","protected":false},"excerpt":{"rendered":"<p>Antes do surto da pandemia da&#8230;<\/p>\n","protected":false},"author":15,"featured_media":34947,"comment_status":"closed","ping_status":"closed","sticky":false,"template":"","format":"standard","meta":{"footnotes":""},"categories":[37],"tags":[3160,3159,3157,3158],"class_list":["post-34944","post","type-post","status-publish","format-standard","has-post-thumbnail","hentry","category-mercado","tag-ambiente-estavel","tag-crescimento-constante","tag-distribuicao-de-pecas","tag-margens-elevadas"],"yoast_head":"<!-- This site is optimized with the Yoast SEO plugin v27.5 - https:\/\/yoast.com\/product\/yoast-seo-wordpress\/ -->\n<title>Tempos desafiantes para as empresas do aftermarket - Jornal das Oficinas<\/title>\n<meta name=\"description\" content=\"Antes do surto da pandemia da COVID-19, o nego\u0301cio da distribuic\u0327a\u0303o de pec\u0327as em Portugal desfrutava de uma de\u0301cada de margens elevadas e de um crescimento constante num ambiente esta\u0301vel.\" \/>\n<meta name=\"robots\" content=\"index, follow, max-snippet:-1, max-image-preview:large, max-video-preview:-1\" \/>\n<link rel=\"canonical\" href=\"https:\/\/jornaldasoficinas.com\/pt\/tempos-desafiantes\/\" \/>\n<meta property=\"og:locale\" content=\"pt_PT\" \/>\n<meta property=\"og:type\" content=\"article\" \/>\n<meta property=\"og:title\" content=\"Tempos desafiantes para as empresas do aftermarket - Jornal das Oficinas\" \/>\n<meta property=\"og:description\" content=\"Antes do surto da pandemia da COVID-19, o nego\u0301cio da distribuic\u0327a\u0303o de pec\u0327as em Portugal desfrutava de uma de\u0301cada de margens elevadas e de um crescimento constante num ambiente esta\u0301vel.\" \/>\n<meta property=\"og:url\" content=\"https:\/\/jornaldasoficinas.com\/pt\/tempos-desafiantes\/\" \/>\n<meta property=\"og:site_name\" content=\"Jornal das Oficinas\" \/>\n<meta property=\"article:publisher\" content=\"https:\/\/www.facebook.com\/jornaloficinas\" \/>\n<meta property=\"article:published_time\" content=\"2022-11-23T22:00:54+00:00\" \/>\n<meta property=\"og:image\" content=\"https:\/\/jornaldasoficinas.com\/pt\/wp-content\/uploads\/2022\/11\/tempos_desafiantes_.jpeg\" \/>\n\t<meta property=\"og:image:width\" content=\"1024\" \/>\n\t<meta property=\"og:image:height\" content=\"581\" \/>\n\t<meta property=\"og:image:type\" content=\"image\/jpeg\" \/>\n<meta name=\"author\" content=\"Reda\u00e7\u00e3o JO\" \/>\n<meta name=\"twitter:card\" content=\"summary_large_image\" \/>\n<meta name=\"twitter:creator\" content=\"@jornaloficinas\" \/>\n<meta name=\"twitter:site\" content=\"@jornaloficinas\" \/>\n<meta name=\"twitter:label1\" content=\"Escrito por\" \/>\n\t<meta name=\"twitter:data1\" content=\"Reda\u00e7\u00e3o JO\" \/>\n\t<meta name=\"twitter:label2\" content=\"Tempo estimado de leitura\" \/>\n\t<meta name=\"twitter:data2\" content=\"3 minutos\" \/>\n<script type=\"application\/ld+json\" class=\"yoast-schema-graph\">{\"@context\":\"https:\\\/\\\/schema.org\",\"@graph\":[{\"@type\":\"Article\",\"@id\":\"https:\\\/\\\/jornaldasoficinas.com\\\/pt\\\/tempos-desafiantes\\\/#article\",\"isPartOf\":{\"@id\":\"https:\\\/\\\/jornaldasoficinas.com\\\/pt\\\/tempos-desafiantes\\\/\"},\"author\":{\"name\":\"Reda\u00e7\u00e3o JO\",\"@id\":\"https:\\\/\\\/jornaldasoficinas.com\\\/pt\\\/#\\\/schema\\\/person\\\/a38eef5de2c41d9e7c9ac10141afddf3\"},\"headline\":\"Tempos desafiantes para as empresas do aftermarket\",\"datePublished\":\"2022-11-23T22:00:54+00:00\",\"mainEntityOfPage\":{\"@id\":\"https:\\\/\\\/jornaldasoficinas.com\\\/pt\\\/tempos-desafiantes\\\/\"},\"wordCount\":582,\"publisher\":{\"@id\":\"https:\\\/\\\/jornaldasoficinas.com\\\/pt\\\/#organization\"},\"image\":{\"@id\":\"https:\\\/\\\/jornaldasoficinas.com\\\/pt\\\/tempos-desafiantes\\\/#primaryimage\"},\"thumbnailUrl\":\"https:\\\/\\\/jornaldasoficinas.com\\\/pt\\\/wp-content\\\/uploads\\\/2022\\\/11\\\/tempos_desafiantes_.jpeg\",\"keywords\":[\"Ambiente est\u00e1vel\",\"Crescimento constante\",\"Distribui\u00e7\u00e3o de pe\u00e7as\",\"Margens elevadas\"],\"articleSection\":[\"Mercado\"],\"inLanguage\":\"pt-PT\"},{\"@type\":\"WebPage\",\"@id\":\"https:\\\/\\\/jornaldasoficinas.com\\\/pt\\\/tempos-desafiantes\\\/\",\"url\":\"https:\\\/\\\/jornaldasoficinas.com\\\/pt\\\/tempos-desafiantes\\\/\",\"name\":\"Tempos desafiantes para as empresas do aftermarket - Jornal das Oficinas\",\"isPartOf\":{\"@id\":\"https:\\\/\\\/jornaldasoficinas.com\\\/pt\\\/#website\"},\"primaryImageOfPage\":{\"@id\":\"https:\\\/\\\/jornaldasoficinas.com\\\/pt\\\/tempos-desafiantes\\\/#primaryimage\"},\"image\":{\"@id\":\"https:\\\/\\\/jornaldasoficinas.com\\\/pt\\\/tempos-desafiantes\\\/#primaryimage\"},\"thumbnailUrl\":\"https:\\\/\\\/jornaldasoficinas.com\\\/pt\\\/wp-content\\\/uploads\\\/2022\\\/11\\\/tempos_desafiantes_.jpeg\",\"datePublished\":\"2022-11-23T22:00:54+00:00\",\"description\":\"Antes do surto da pandemia da COVID-19, o nego\u0301cio da distribuic\u0327a\u0303o de pec\u0327as em Portugal desfrutava de uma de\u0301cada de margens elevadas e de um crescimento constante num ambiente esta\u0301vel.\",\"breadcrumb\":{\"@id\":\"https:\\\/\\\/jornaldasoficinas.com\\\/pt\\\/tempos-desafiantes\\\/#breadcrumb\"},\"inLanguage\":\"pt-PT\",\"potentialAction\":[{\"@type\":\"ReadAction\",\"target\":[\"https:\\\/\\\/jornaldasoficinas.com\\\/pt\\\/tempos-desafiantes\\\/\"]}]},{\"@type\":\"ImageObject\",\"inLanguage\":\"pt-PT\",\"@id\":\"https:\\\/\\\/jornaldasoficinas.com\\\/pt\\\/tempos-desafiantes\\\/#primaryimage\",\"url\":\"https:\\\/\\\/jornaldasoficinas.com\\\/pt\\\/wp-content\\\/uploads\\\/2022\\\/11\\\/tempos_desafiantes_.jpeg\",\"contentUrl\":\"https:\\\/\\\/jornaldasoficinas.com\\\/pt\\\/wp-content\\\/uploads\\\/2022\\\/11\\\/tempos_desafiantes_.jpeg\",\"width\":1024,\"height\":581,\"caption\":\"11 - tempos_desafiantes_\"},{\"@type\":\"BreadcrumbList\",\"@id\":\"https:\\\/\\\/jornaldasoficinas.com\\\/pt\\\/tempos-desafiantes\\\/#breadcrumb\",\"itemListElement\":[{\"@type\":\"ListItem\",\"position\":1,\"name\":\"In\u00edcio\",\"item\":\"https:\\\/\\\/jornaldasoficinas.com\\\/pt\\\/\"},{\"@type\":\"ListItem\",\"position\":2,\"name\":\"Tempos desafiantes para as empresas do aftermarket\"}]},{\"@type\":\"WebSite\",\"@id\":\"https:\\\/\\\/jornaldasoficinas.com\\\/pt\\\/#website\",\"url\":\"https:\\\/\\\/jornaldasoficinas.com\\\/pt\\\/\",\"name\":\"Jornal das Oficinas\",\"description\":\"Jornal independente do Aftermarket Autom\u00f3vel em Portugal\",\"publisher\":{\"@id\":\"https:\\\/\\\/jornaldasoficinas.com\\\/pt\\\/#organization\"},\"potentialAction\":[{\"@type\":\"SearchAction\",\"target\":{\"@type\":\"EntryPoint\",\"urlTemplate\":\"https:\\\/\\\/jornaldasoficinas.com\\\/pt\\\/?s={search_term_string}\"},\"query-input\":{\"@type\":\"PropertyValueSpecification\",\"valueRequired\":true,\"valueName\":\"search_term_string\"}}],\"inLanguage\":\"pt-PT\"},{\"@type\":\"Organization\",\"@id\":\"https:\\\/\\\/jornaldasoficinas.com\\\/pt\\\/#organization\",\"name\":\"Jornal das Oficinas\",\"url\":\"https:\\\/\\\/jornaldasoficinas.com\\\/pt\\\/\",\"logo\":{\"@type\":\"ImageObject\",\"inLanguage\":\"pt-PT\",\"@id\":\"https:\\\/\\\/jornaldasoficinas.com\\\/pt\\\/#\\\/schema\\\/logo\\\/image\\\/\",\"url\":\"https:\\\/\\\/jornaldasoficinas.com\\\/pt\\\/wp-content\\\/uploads\\\/logoJO-SEO.png\",\"contentUrl\":\"https:\\\/\\\/jornaldasoficinas.com\\\/pt\\\/wp-content\\\/uploads\\\/logoJO-SEO.png\",\"width\":285,\"height\":450,\"caption\":\"Jornal das Oficinas\"},\"image\":{\"@id\":\"https:\\\/\\\/jornaldasoficinas.com\\\/pt\\\/#\\\/schema\\\/logo\\\/image\\\/\"},\"sameAs\":[\"https:\\\/\\\/www.facebook.com\\\/jornaloficinas\",\"https:\\\/\\\/x.com\\\/jornaloficinas\",\"https:\\\/\\\/www.instagram.com\\\/jornal_oficinas\\\/\",\"https:\\\/\\\/www.linkedin.com\\\/company\\\/jornal-das-oficinas\\\/\",\"https:\\\/\\\/www.youtube.com\\\/channel\\\/UCbQZBqtcvV-oSQrr7RzINGg\"]},{\"@type\":\"Person\",\"@id\":\"https:\\\/\\\/jornaldasoficinas.com\\\/pt\\\/#\\\/schema\\\/person\\\/a38eef5de2c41d9e7c9ac10141afddf3\",\"name\":\"Reda\u00e7\u00e3o JO\",\"image\":{\"@type\":\"ImageObject\",\"inLanguage\":\"pt-PT\",\"@id\":\"https:\\\/\\\/secure.gravatar.com\\\/avatar\\\/71f2fa71737ad68a84fea94bc708ddac8ea5b0c4788dc2ad202f3ccb2887742f?s=96&d=wp_user_avatar&r=g\",\"url\":\"https:\\\/\\\/secure.gravatar.com\\\/avatar\\\/71f2fa71737ad68a84fea94bc708ddac8ea5b0c4788dc2ad202f3ccb2887742f?s=96&d=wp_user_avatar&r=g\",\"contentUrl\":\"https:\\\/\\\/secure.gravatar.com\\\/avatar\\\/71f2fa71737ad68a84fea94bc708ddac8ea5b0c4788dc2ad202f3ccb2887742f?s=96&d=wp_user_avatar&r=g\",\"caption\":\"Reda\u00e7\u00e3o JO\"},\"url\":\"https:\\\/\\\/jornaldasoficinas.com\\\/pt\\\/author\\\/joredacao\\\/\"}]}<\/script>\n<!-- \/ Yoast SEO plugin. -->","yoast_head_json":{"title":"Tempos desafiantes para as empresas do aftermarket - Jornal das Oficinas","description":"Antes do surto da pandemia da COVID-19, o nego\u0301cio da distribuic\u0327a\u0303o de pec\u0327as em Portugal desfrutava de uma de\u0301cada de margens elevadas e de um crescimento constante num ambiente esta\u0301vel.","robots":{"index":"index","follow":"follow","max-snippet":"max-snippet:-1","max-image-preview":"max-image-preview:large","max-video-preview":"max-video-preview:-1"},"canonical":"https:\/\/jornaldasoficinas.com\/pt\/tempos-desafiantes\/","og_locale":"pt_PT","og_type":"article","og_title":"Tempos desafiantes para as empresas do aftermarket - Jornal das Oficinas","og_description":"Antes do surto da pandemia da COVID-19, o nego\u0301cio da distribuic\u0327a\u0303o de pec\u0327as em Portugal desfrutava de uma de\u0301cada de margens elevadas e de um crescimento constante num ambiente esta\u0301vel.","og_url":"https:\/\/jornaldasoficinas.com\/pt\/tempos-desafiantes\/","og_site_name":"Jornal das Oficinas","article_publisher":"https:\/\/www.facebook.com\/jornaloficinas","article_published_time":"2022-11-23T22:00:54+00:00","og_image":[{"width":1024,"height":581,"url":"https:\/\/jornaldasoficinas.com\/pt\/wp-content\/uploads\/2022\/11\/tempos_desafiantes_.jpeg","type":"image\/jpeg"}],"author":"Reda\u00e7\u00e3o JO","twitter_card":"summary_large_image","twitter_creator":"@jornaloficinas","twitter_site":"@jornaloficinas","twitter_misc":{"Escrito por":"Reda\u00e7\u00e3o JO","Tempo estimado de leitura":"3 minutos"},"schema":{"@context":"https:\/\/schema.org","@graph":[{"@type":"Article","@id":"https:\/\/jornaldasoficinas.com\/pt\/tempos-desafiantes\/#article","isPartOf":{"@id":"https:\/\/jornaldasoficinas.com\/pt\/tempos-desafiantes\/"},"author":{"name":"Reda\u00e7\u00e3o JO","@id":"https:\/\/jornaldasoficinas.com\/pt\/#\/schema\/person\/a38eef5de2c41d9e7c9ac10141afddf3"},"headline":"Tempos desafiantes para as empresas do aftermarket","datePublished":"2022-11-23T22:00:54+00:00","mainEntityOfPage":{"@id":"https:\/\/jornaldasoficinas.com\/pt\/tempos-desafiantes\/"},"wordCount":582,"publisher":{"@id":"https:\/\/jornaldasoficinas.com\/pt\/#organization"},"image":{"@id":"https:\/\/jornaldasoficinas.com\/pt\/tempos-desafiantes\/#primaryimage"},"thumbnailUrl":"https:\/\/jornaldasoficinas.com\/pt\/wp-content\/uploads\/2022\/11\/tempos_desafiantes_.jpeg","keywords":["Ambiente est\u00e1vel","Crescimento constante","Distribui\u00e7\u00e3o de pe\u00e7as","Margens elevadas"],"articleSection":["Mercado"],"inLanguage":"pt-PT"},{"@type":"WebPage","@id":"https:\/\/jornaldasoficinas.com\/pt\/tempos-desafiantes\/","url":"https:\/\/jornaldasoficinas.com\/pt\/tempos-desafiantes\/","name":"Tempos desafiantes para as empresas do aftermarket - Jornal das Oficinas","isPartOf":{"@id":"https:\/\/jornaldasoficinas.com\/pt\/#website"},"primaryImageOfPage":{"@id":"https:\/\/jornaldasoficinas.com\/pt\/tempos-desafiantes\/#primaryimage"},"image":{"@id":"https:\/\/jornaldasoficinas.com\/pt\/tempos-desafiantes\/#primaryimage"},"thumbnailUrl":"https:\/\/jornaldasoficinas.com\/pt\/wp-content\/uploads\/2022\/11\/tempos_desafiantes_.jpeg","datePublished":"2022-11-23T22:00:54+00:00","description":"Antes do surto da pandemia da COVID-19, o nego\u0301cio da distribuic\u0327a\u0303o de pec\u0327as em Portugal desfrutava de uma de\u0301cada de margens elevadas e de um crescimento constante num ambiente esta\u0301vel.","breadcrumb":{"@id":"https:\/\/jornaldasoficinas.com\/pt\/tempos-desafiantes\/#breadcrumb"},"inLanguage":"pt-PT","potentialAction":[{"@type":"ReadAction","target":["https:\/\/jornaldasoficinas.com\/pt\/tempos-desafiantes\/"]}]},{"@type":"ImageObject","inLanguage":"pt-PT","@id":"https:\/\/jornaldasoficinas.com\/pt\/tempos-desafiantes\/#primaryimage","url":"https:\/\/jornaldasoficinas.com\/pt\/wp-content\/uploads\/2022\/11\/tempos_desafiantes_.jpeg","contentUrl":"https:\/\/jornaldasoficinas.com\/pt\/wp-content\/uploads\/2022\/11\/tempos_desafiantes_.jpeg","width":1024,"height":581,"caption":"11 - tempos_desafiantes_"},{"@type":"BreadcrumbList","@id":"https:\/\/jornaldasoficinas.com\/pt\/tempos-desafiantes\/#breadcrumb","itemListElement":[{"@type":"ListItem","position":1,"name":"In\u00edcio","item":"https:\/\/jornaldasoficinas.com\/pt\/"},{"@type":"ListItem","position":2,"name":"Tempos desafiantes para as empresas do aftermarket"}]},{"@type":"WebSite","@id":"https:\/\/jornaldasoficinas.com\/pt\/#website","url":"https:\/\/jornaldasoficinas.com\/pt\/","name":"Jornal das Oficinas","description":"Jornal independente do Aftermarket Autom\u00f3vel em Portugal","publisher":{"@id":"https:\/\/jornaldasoficinas.com\/pt\/#organization"},"potentialAction":[{"@type":"SearchAction","target":{"@type":"EntryPoint","urlTemplate":"https:\/\/jornaldasoficinas.com\/pt\/?s={search_term_string}"},"query-input":{"@type":"PropertyValueSpecification","valueRequired":true,"valueName":"search_term_string"}}],"inLanguage":"pt-PT"},{"@type":"Organization","@id":"https:\/\/jornaldasoficinas.com\/pt\/#organization","name":"Jornal das Oficinas","url":"https:\/\/jornaldasoficinas.com\/pt\/","logo":{"@type":"ImageObject","inLanguage":"pt-PT","@id":"https:\/\/jornaldasoficinas.com\/pt\/#\/schema\/logo\/image\/","url":"https:\/\/jornaldasoficinas.com\/pt\/wp-content\/uploads\/logoJO-SEO.png","contentUrl":"https:\/\/jornaldasoficinas.com\/pt\/wp-content\/uploads\/logoJO-SEO.png","width":285,"height":450,"caption":"Jornal das Oficinas"},"image":{"@id":"https:\/\/jornaldasoficinas.com\/pt\/#\/schema\/logo\/image\/"},"sameAs":["https:\/\/www.facebook.com\/jornaloficinas","https:\/\/x.com\/jornaloficinas","https:\/\/www.instagram.com\/jornal_oficinas\/","https:\/\/www.linkedin.com\/company\/jornal-das-oficinas\/","https:\/\/www.youtube.com\/channel\/UCbQZBqtcvV-oSQrr7RzINGg"]},{"@type":"Person","@id":"https:\/\/jornaldasoficinas.com\/pt\/#\/schema\/person\/a38eef5de2c41d9e7c9ac10141afddf3","name":"Reda\u00e7\u00e3o JO","image":{"@type":"ImageObject","inLanguage":"pt-PT","@id":"https:\/\/secure.gravatar.com\/avatar\/71f2fa71737ad68a84fea94bc708ddac8ea5b0c4788dc2ad202f3ccb2887742f?s=96&d=wp_user_avatar&r=g","url":"https:\/\/secure.gravatar.com\/avatar\/71f2fa71737ad68a84fea94bc708ddac8ea5b0c4788dc2ad202f3ccb2887742f?s=96&d=wp_user_avatar&r=g","contentUrl":"https:\/\/secure.gravatar.com\/avatar\/71f2fa71737ad68a84fea94bc708ddac8ea5b0c4788dc2ad202f3ccb2887742f?s=96&d=wp_user_avatar&r=g","caption":"Reda\u00e7\u00e3o JO"},"url":"https:\/\/jornaldasoficinas.com\/pt\/author\/joredacao\/"}]}},"_links":{"self":[{"href":"https:\/\/jornaldasoficinas.com\/pt\/wp-json\/wp\/v2\/posts\/34944","targetHints":{"allow":["GET"]}}],"collection":[{"href":"https:\/\/jornaldasoficinas.com\/pt\/wp-json\/wp\/v2\/posts"}],"about":[{"href":"https:\/\/jornaldasoficinas.com\/pt\/wp-json\/wp\/v2\/types\/post"}],"author":[{"embeddable":true,"href":"https:\/\/jornaldasoficinas.com\/pt\/wp-json\/wp\/v2\/users\/15"}],"replies":[{"embeddable":true,"href":"https:\/\/jornaldasoficinas.com\/pt\/wp-json\/wp\/v2\/comments?post=34944"}],"version-history":[{"count":0,"href":"https:\/\/jornaldasoficinas.com\/pt\/wp-json\/wp\/v2\/posts\/34944\/revisions"}],"wp:featuredmedia":[{"embeddable":true,"href":"https:\/\/jornaldasoficinas.com\/pt\/wp-json\/wp\/v2\/media\/34947"}],"wp:attachment":[{"href":"https:\/\/jornaldasoficinas.com\/pt\/wp-json\/wp\/v2\/media?parent=34944"}],"wp:term":[{"taxonomy":"category","embeddable":true,"href":"https:\/\/jornaldasoficinas.com\/pt\/wp-json\/wp\/v2\/categories?post=34944"},{"taxonomy":"post_tag","embeddable":true,"href":"https:\/\/jornaldasoficinas.com\/pt\/wp-json\/wp\/v2\/tags?post=34944"}],"curies":[{"name":"wp","href":"https:\/\/api.w.org\/{rel}","templated":true}]}}