{"id":34951,"date":"2022-11-23T21:00:38","date_gmt":"2022-11-23T21:00:38","guid":{"rendered":"https:\/\/jornaldasoficinas.com\/pt\/?p=34951"},"modified":"2022-11-23T19:45:48","modified_gmt":"2022-11-23T19:45:48","slug":"a-aparencia-muda-mas-a-essencia-fica-luis-almeida-japopecas","status":"publish","type":"post","link":"https:\/\/jornaldasoficinas.com\/pt\/a-aparencia-muda-mas-a-essencia-fica-luis-almeida-japopecas\/","title":{"rendered":"\u201cA apar\u00eancia muda, mas a ess\u00eancia fica\u201d, Lu\u00eds Almeida, Japope\u00e7as"},"content":{"rendered":"<p><img loading=\"lazy\" decoding=\"async\" class=\"alignnone size-full wp-image-34945\" src=\"https:\/\/jornaldasoficinas.com\/pt\/wp-content\/uploads\/2022\/11\/luis_almeida_japopecas.jpeg\" alt=\"11 - luis_almeida_japopecas\" width=\"1024\" height=\"581\" srcset=\"https:\/\/jornaldasoficinas.com\/pt\/wp-content\/uploads\/2022\/11\/luis_almeida_japopecas.jpeg 1024w, https:\/\/jornaldasoficinas.com\/pt\/wp-content\/uploads\/2022\/11\/luis_almeida_japopecas-300x170.jpeg 300w, https:\/\/jornaldasoficinas.com\/pt\/wp-content\/uploads\/2022\/11\/luis_almeida_japopecas-150x85.jpeg 150w, https:\/\/jornaldasoficinas.com\/pt\/wp-content\/uploads\/2022\/11\/luis_almeida_japopecas-768x436.jpeg 768w\" sizes=\"auto, (max-width: 1024px) 100vw, 1024px\" \/><\/p>\n<p><strong>A <a href=\"http:\/\/www.japopecas.pt\/\" target=\"_blank\" rel=\"noopener\">Japope\u00e7as<\/a> distingue-se como uma empresa \u201cOriginal no Aftermarket\u201d n\u00e3o fosse a oferta atual da empresa composta por estes dois ramos. No \u00faltimo ano a empresa tem consolidado a sua imagem corporativa, lan\u00e7ada em mar\u00e7o de 2020, sob o lema \u201cA apar\u00eancia muda com o tempo, a ess\u00eancia permanece\u201d.<\/strong><\/p>\n<p>Dentro do segmento aftermarket tem uma cobertura total no asi\u00e1tico e parcial no Europeu no que a mec\u00e2nica diz respeito, representadas por marcas tais como: Aisin, KYB, Ashika, Kavo, Exedy, FBK, NKS Parts, entre outras. J\u00e1 no segmento original a oferta \u00e9 composta exclusivamente por marcas asi\u00e1ticas tais como: Toyota, Mitsubishi, Nissan, Hyundai, Kia, Suzuki e Honda.<\/p>\n<p>Marcar a diferen\u00e7a sem nunca esquecer os seus valores, \u00e9 outro dos objetivos da empresa, para isso, a Japope\u00e7as prepara-se para fazer uma altera\u00e7\u00e3o total \u00e0 sua plataforma online, com o objetivo, de proporcionar aos seus clientes e fornecedores uma melhor experi\u00eancia.<\/p>\n<p><strong>Como tem corrido a consolida\u00e7\u00e3o da vossa nova imagem corporativa que foi lan\u00e7ada em plena pandemia? Porque decidiram alterar a vossa imagem?<br \/>\n<\/strong>A decis\u00e3o de atualizar a nossa imagem partiu da vontade de refrescar e modernizar a comunica\u00e7\u00e3o transmitindo dinamismo, vitalidade e horizonte de futuro sob o lema \u201cA apar\u00eancia muda com o tempo, a ess\u00eancia permanece\u201d, porque nos princ\u00edpios e valores queremos manter o que sempre fomos.<\/p>\n<p>A nova imagem foi lan\u00e7ada em Mar\u00e7o de 2020, precisamente aquando do surgimento da pandemia em Portugal, o que foi particularmente desafiante.<\/p>\n<p>Estamos muito satisfeitos com o resultado elegendo como marco o nosso stand na Expomec\u00e2nica 2021 que nos permitiu finalmente revelar toda a amplitude visual da marca.<\/p>\n<p><strong>O aumento do n\u00famero de marcas e de refer\u00eancias exige mais espa\u00e7o de armazenamento. Como est\u00e3o a resolver esta situa\u00e7\u00e3o para aumentar o vosso stock?<br \/>\n<\/strong>A Japope\u00e7as inaugurou o seu novo armaz\u00e9m em Outubro de 2016, pensado e constru\u00eddo para acomodar a oferta ent\u00e3o existente j\u00e1 com espa\u00e7o suficiente para o desenvolvimento de novos projetos. Ainda n\u00e3o esgot\u00e1mos a capacidade instalada pelo que este aspeto estava acautelado n\u00e3o criando dificuldades no presente.<\/p>\n<p><strong>Est\u00e1 previsto o lan\u00e7amento de mais marcas e novas linhas de produto?<br \/>\n<\/strong>O passado recente tem sido marcado pela introdu\u00e7\u00e3o de novas linhas de produto de marcas que j\u00e1 fazem parte da nossa oferta, e esse \u00e9 o foco e objetivo num futuro pr\u00f3ximo.<div class='yrm-content yrm-content-2 yrm-content-hide  ' id='yrm-21m56' data-id='2' data-show-status='false' data-after-action='' style=\"visibility: hidden;height: 0;\">\n\t\t\t<div id='yrm-inner-content-yrm-21m56' class='yrm-inner-content-wrapper yrm-cntent-2'><\/p>\n<p>Desenvolvemos um trabalho personalizado com as marcas de 1\u00ba equipamento, pelo que mais do que a quantidade de marcas no nosso portf\u00f3lio, apostamos na profundidade e disponibilidade das que representamos.<\/p>\n<p>Nunca fechamos a porta a novas oportunidades, marcas ou linhas de produtos desde que as mesmas assegurem a qualidade das existentes e que acrescentem valor pela sua diferencia\u00e7\u00e3o.<\/p>\n<p><strong>O custo m\u00e9dio das pe\u00e7as vai continuar a aumentar em 2022. Que efeitos esta situa\u00e7\u00e3o poder\u00e1 trazer para o mercado?<br \/>\n<\/strong>Antes de tudo o mais, \u00e9 um contexto que penaliza os consumidores que s\u00e3o confrontados com um custo de vida cada vez maior enfrentando dificuldades adicionais.<\/p>\n<p>O efeito no mercado \u00e9 ambivalente, se por um lado o aumento dos pre\u00e7os se pode traduzir em maior volume de fatura\u00e7\u00e3o, por outro lado quantitativamente n\u00e3o percecionamos que o mercado esteja a crescer por for\u00e7a do contexto econ\u00f3mico global. Qual dos dois fatores pesar\u00e1 mais s\u00f3 o tempo dir\u00e1.<\/p>\n<p><strong>Considera que os utilizadores v\u00e3o privilegiar as marcas low-cost em detrimento das premium, como alternativa \u00e0 escalada de pre\u00e7os?<br \/>\n<\/strong>Com o envelhecimento do parque autom\u00f3vel circulante o valor residual das viaturas \u00e9 cada vez menor, sendo esse um fator determinante quanto \u00e0 decis\u00e3o na hora da repara\u00e7\u00e3o\/manuten\u00e7\u00e3o. Em consequ\u00eancia, acreditamos que a apet\u00eancia pelas marcas \u201clow-cost\u201d poder\u00e1 aumentar.<\/p>\n<p><strong>Face \u00e0s dificuldades com os transportes e \u00e0 falta de mat\u00e9rias primas, at\u00e9 quando poder\u00e1 haver escassez de oferta de produto?<br \/>\n<\/strong>Vemos sinais no mercado de que o pico da situa\u00e7\u00e3o de escassez de produto j\u00e1 tenha sido ultrapassado, as cadeias de abastecimento n\u00e3o tendo ultrapassado todas as dificuldades j\u00e1 asseguram n\u00edveis m\u00ednimos de servi\u00e7o, pelo que estamos convictos que 2023 trar\u00e1 maior estabiliza\u00e7\u00e3o da oferta.<\/p>\n<p><strong>Quais s\u00e3o os pontos chave que definem a atividade do p\u00f3s-venda autom\u00f3vel em Portugal neste per\u00edodo p\u00f3s-pandemia que agora<\/strong> <strong>estamos a viver?<br \/>\n<\/strong>Stock dispon\u00edvel, rapidez de resposta, agilidade e capacidade de adapta\u00e7\u00e3o constante.<\/p>\n<p><strong>A idade m\u00e9dia do parque autom\u00f3vel continua a aumentar. Considera que esta situa\u00e7\u00e3o \u00e9 ben\u00e9fica para a venda de pe\u00e7as?<br \/>\n<\/strong>Sim, existe uma correla\u00e7\u00e3o positiva entre a idade do parque autom\u00f3vel e a necessidade de manuten\u00e7\u00e3o\/repara\u00e7\u00e3o das viaturas, que \u00e9 ben\u00e9fica para a venda de pe\u00e7as.<\/p>\n<p><strong>Os carros el\u00e9tricos t\u00eam menos 60 a 70% da manuten\u00e7\u00e3o da que t\u00eam atualmente os carros com motor a combust\u00e3o. O que est\u00e1 a fazer a sua empresa para compensar esta quebra de neg\u00f3cio?<br \/>\n<\/strong>No presente em virtude do aumento da idade m\u00e9dia do parque autom\u00f3vel e da escassez de viaturas novas para entrega a quebra de neg\u00f3cio ainda n\u00e3o \u00e9 not\u00f3ria, contudo, o n\u00famero atual da venda de carros novos j\u00e1 releva um crescimento exponencial dos el\u00e9tricos, HEV e PHEV que impactar\u00e1 a curto\/m\u00e9dio prazo o neg\u00f3cio atual. O caminho passar\u00e1 necessariamente por novas \u00e1reas de neg\u00f3cio diferentes das relacionadas com a combust\u00e3o.<\/p>\n<p><strong>No atual panorama financeiro e econ\u00f3mico ganhar\u00e1 protagonismo a solu\u00e7\u00e3o pe\u00e7as reconstru\u00eddas?<br \/>\n<\/strong>Temos pouco conhecimento sobre esta mat\u00e9ria especificamente, consideramos que as mesmas t\u00eam o seu espa\u00e7o e que do ponto de vista ambiental a reconstru\u00e7\u00e3o de alguns componentes faz todo o sentido.<\/p>\n<p><strong>O custo log\u00edstico da entrega das pe\u00e7as nas oficinas tem vindo a aumentar. Compensa ao distribuidor\/retalhista suportar este custo?<br \/>\n<\/strong>A Japope\u00e7as enquanto distribuidor apenas desenvolve o seu neg\u00f3cio para o retalho pelo que \u00e9 uma quest\u00e3o com a qual n\u00e3o somos confrontados porque n\u00e3o fazemos entregas por meios pr\u00f3prios. Isto n\u00e3o invalida que conhe\u00e7amos a realidade dos nossos clientes e que tenhamos uma opini\u00e3o sobre os custos que os mesmos suportam com o sistema de entregas \u00e0s oficinas que \u00e9 cada vez maior.<\/p>\n<p>Julgamos ser dif\u00edcil haver margem para sustentar esse servi\u00e7o de entrega, especialmente com a quantidade de entregas a que assistimos em diversos mercados regionais.<\/p>\n<p>Assegurar este servi\u00e7o de entregas requer muitos recursos materiais e humanos que acarretam um custo operacional muito elevado, a nosso ver dif\u00edcil de compatibilizar com as margens de comercializa\u00e7\u00e3o que o mercado imp\u00f5e atualmente.<\/p>\n<p><strong>Sabemos que v\u00e3o fazer uma altera\u00e7\u00e3o \u00e0 vossa plataforma online, quais os novos aspetos?<br \/>\n<\/strong>Efetivamente trata-se do maior projeto e aposta que temos no horizonte. Teremos como base a plataforma atual que cumpre o seu prop\u00f3sito ainda hoje adicionando novas funcionalidades e melhorando as existentes. Desde logo, procuraremos melhorar a experi\u00eancia do utilizador no cat\u00e1logo online desde a identifica\u00e7\u00e3o de material at\u00e9 \u00e0 execu\u00e7\u00e3o da encomenda.<\/p>\n<p>Procuraremos tamb\u00e9m aprimorar a \u00e1rea de devolu\u00e7\u00f5es e garantias, a \u00e1rea administrativa entre outras funcionalidades que tornem a experi\u00eancia do utilizador mais interativa e automatizada.<\/p>\n<p><strong>Como definem a vossa plataforma B2B a n\u00edvel de rapidez e efici\u00eancia?<br \/>\n<\/strong>Em 2016, aquando do seu lan\u00e7amento fic\u00e1mos satisfeitos com o resultado. Naturalmente passados 6 anos e com a evolu\u00e7\u00e3o do digital reconhecemos que a plataforma atual est\u00e1 aqu\u00e9m dos padr\u00f5es que desejamos, motivo pelo qual esse ser\u00e1 o foco de desenvolvimento da Japope\u00e7as a breve trecho.<\/p>\n<p>O seu desenvolvimento j\u00e1 estava planeado para 2020 tendo sido atropelado pelos acontecimentos relacionados com a pandemia pelo que contamos ter condi\u00e7\u00f5es para dar in\u00edcio a esta empreitada em Janeiro de 2023.<\/p>\n<p><strong>Como est\u00e3o a conseguir fidelizar os vossos clientes numa altura em que a concorr\u00eancia \u00e9 cada vez maior?<br \/>\n<\/strong>A Japope\u00e7as, desde a sua funda\u00e7\u00e3o, procura prestar um servi\u00e7o altamente profissional, competente, r\u00e1pido e eficaz suportado por uma elevada disponibilidade de stock. De igual forma, sempre demos primazia \u00e0 qualidade dos produtos comercializados patente nas marcas de 1\u00ba equipamento que representamos. Por fim pautamos a nossa pol\u00edtica comercial por princ\u00edpios e valores claros, transparentes e p\u00fablicos que t\u00eam merecido o reconhecimento e a confian\u00e7a dos nossos parceiros.<\/p>\n<p>N\u00e3o damos nada por adquirido, pelo que todos os dias, com profissionalismo, trabalho e dedica\u00e7\u00e3o procuramos merecer a prefer\u00eancia e confian\u00e7a dos nossos clientes.<\/p>\n<p><strong>Com o atual contexto de infla\u00e7\u00e3o em que vivemos, qual tem sido o impacto na pol\u00edtica comercial, no presente e no futuro da Japope\u00e7as?<br \/>\n<\/strong>A nossa pol\u00edtica comercial em nada mudou estando assente em crit\u00e9rios est\u00e1veis, transparentes e p\u00fablicos, sendo do conhecimento de todos os nossos parceiros. O presente contexto inflacion\u00e1rio para n\u00f3s j\u00e1 come\u00e7ou em 2020 com sucessivos aumentos dos fabricantes que nem sempre fomos imputando a par e passo, contudo, necessariamente esse ajuste \u00e9 e foi sendo feito, sob pena de comprometer a sustentabilidade do neg\u00f3cio e de garantir a cada momento o melhor servi\u00e7o ao cliente.<\/p>\n<p><strong>Que desafios se colocam mais no futuro da vossa empresa?<br \/>\n<\/strong>Na \u00faltima d\u00e9cada convivemos com mudan\u00e7as significativas no nosso mercado por via de aquisi\u00e7\u00f5es e\/ou fus\u00f5es, de forma\u00e7\u00e3o de grupos e redes tanto de retalho como oficinas e todos estes fen\u00f3menos acrescentam competitividade.<\/p>\n<p>Pese este \u201cestado da arte\u201d destacamos claramente o fim anunciado dos ve\u00edculos a combust\u00e3o que mudar\u00e3o por completo o paradigma do nosso mercado, e necessariamente, da Japope\u00e7as.<\/p>\n<p><strong>Como est\u00e1 a ser o desempenho da vossa empresa em 2022?<br \/>\n<\/strong>Invariavelmente procuramos em primeiro lugar igualar o desempenho do ano anterior procurando crescer sustentadamente ano ap\u00f3s ano. Temos sido capazes de o fazer nos anos transatos num contexto muito dif\u00edcil que se mant\u00e9m, nomeadamente a escassez de produto que ainda teve impacto no primeiro semestre de 2022 que fechou praticamente em linha com 2021.<\/p>\n<p><\/div>\n\t\t<\/div><div class='yrm-btn-wrapper yrm-btn-wrapper-2 yrm-more-button-wrapper  '\n\t\tdata-custom-more-class-name='' data-custom-less-class-name=''><span title='' data-less-title='' data-more-title='' class='yrm-toggle-expand  yrm-toggle-expand-2 ' data-rel='yrm-21m56' data-more='Continue a ler' data-less='Menos texto'><span class='yrm-text-wrapper yrm-text-wrapper-custom-dimensions'><span class=\"yrm-button-text-2 yrm-button-text-span\">Continue a ler<\/span><\/span><\/span><\/div><\/p>\n","protected":false},"excerpt":{"rendered":"<p>A Japope\u00e7as distingue-se como uma empresa&#8230;<\/p>\n","protected":false},"author":15,"featured_media":34945,"comment_status":"closed","ping_status":"closed","sticky":false,"template":"","format":"standard","meta":{"footnotes":""},"categories":[38],"tags":[616],"class_list":["post-34951","post","type-post","status-publish","format-standard","has-post-thumbnail","hentry","category-entrevistas","tag-japopecas"],"yoast_head":"<!-- This site is optimized with the Yoast SEO plugin v27.4 - https:\/\/yoast.com\/product\/yoast-seo-wordpress\/ -->\n<title>\u201cA apar\u00eancia muda, mas a ess\u00eancia fica\u201d, Lu\u00eds Almeida, Japope\u00e7as - Jornal das Oficinas<\/title>\n<meta name=\"description\" content=\"A Japope\u00e7as distingue-se como uma empresa \u201cOriginal no Aftermarket\u201d n\u00e3o fosse a oferta atual da empresa composta por estes dois ramos\" \/>\n<meta name=\"robots\" content=\"index, follow, max-snippet:-1, max-image-preview:large, max-video-preview:-1\" \/>\n<link rel=\"canonical\" href=\"https:\/\/jornaldasoficinas.com\/pt\/a-aparencia-muda-mas-a-essencia-fica-luis-almeida-japopecas\/\" \/>\n<meta property=\"og:locale\" content=\"pt_PT\" \/>\n<meta property=\"og:type\" content=\"article\" \/>\n<meta property=\"og:title\" content=\"\u201cA apar\u00eancia muda, mas a ess\u00eancia fica\u201d, Lu\u00eds Almeida, Japope\u00e7as - Jornal das Oficinas\" \/>\n<meta property=\"og:description\" content=\"A Japope\u00e7as distingue-se como uma empresa \u201cOriginal no Aftermarket\u201d n\u00e3o fosse a oferta atual da empresa composta por estes dois ramos\" \/>\n<meta property=\"og:url\" content=\"https:\/\/jornaldasoficinas.com\/pt\/a-aparencia-muda-mas-a-essencia-fica-luis-almeida-japopecas\/\" \/>\n<meta property=\"og:site_name\" content=\"Jornal das Oficinas\" \/>\n<meta property=\"article:publisher\" content=\"https:\/\/www.facebook.com\/jornaloficinas\" \/>\n<meta property=\"article:published_time\" content=\"2022-11-23T21:00:38+00:00\" \/>\n<meta property=\"og:image\" content=\"https:\/\/jornaldasoficinas.com\/pt\/wp-content\/uploads\/2022\/11\/luis_almeida_japopecas.jpeg\" \/>\n\t<meta property=\"og:image:width\" content=\"1024\" \/>\n\t<meta property=\"og:image:height\" content=\"581\" \/>\n\t<meta property=\"og:image:type\" content=\"image\/jpeg\" \/>\n<meta name=\"author\" content=\"Reda\u00e7\u00e3o JO\" \/>\n<meta name=\"twitter:card\" content=\"summary_large_image\" \/>\n<meta name=\"twitter:creator\" content=\"@jornaloficinas\" \/>\n<meta name=\"twitter:site\" content=\"@jornaloficinas\" \/>\n<meta name=\"twitter:label1\" content=\"Escrito por\" \/>\n\t<meta name=\"twitter:data1\" content=\"Reda\u00e7\u00e3o JO\" \/>\n\t<meta name=\"twitter:label2\" content=\"Tempo estimado de leitura\" \/>\n\t<meta name=\"twitter:data2\" content=\"9 minutos\" \/>\n<script type=\"application\/ld+json\" class=\"yoast-schema-graph\">{\"@context\":\"https:\\\/\\\/schema.org\",\"@graph\":[{\"@type\":\"Article\",\"@id\":\"https:\\\/\\\/jornaldasoficinas.com\\\/pt\\\/a-aparencia-muda-mas-a-essencia-fica-luis-almeida-japopecas\\\/#article\",\"isPartOf\":{\"@id\":\"https:\\\/\\\/jornaldasoficinas.com\\\/pt\\\/a-aparencia-muda-mas-a-essencia-fica-luis-almeida-japopecas\\\/\"},\"author\":{\"name\":\"Reda\u00e7\u00e3o JO\",\"@id\":\"https:\\\/\\\/jornaldasoficinas.com\\\/pt\\\/#\\\/schema\\\/person\\\/a38eef5de2c41d9e7c9ac10141afddf3\"},\"headline\":\"\u201cA apar\u00eancia muda, mas a ess\u00eancia fica\u201d, Lu\u00eds Almeida, Japope\u00e7as\",\"datePublished\":\"2022-11-23T21:00:38+00:00\",\"mainEntityOfPage\":{\"@id\":\"https:\\\/\\\/jornaldasoficinas.com\\\/pt\\\/a-aparencia-muda-mas-a-essencia-fica-luis-almeida-japopecas\\\/\"},\"wordCount\":1722,\"publisher\":{\"@id\":\"https:\\\/\\\/jornaldasoficinas.com\\\/pt\\\/#organization\"},\"image\":{\"@id\":\"https:\\\/\\\/jornaldasoficinas.com\\\/pt\\\/a-aparencia-muda-mas-a-essencia-fica-luis-almeida-japopecas\\\/#primaryimage\"},\"thumbnailUrl\":\"https:\\\/\\\/jornaldasoficinas.com\\\/pt\\\/wp-content\\\/uploads\\\/2022\\\/11\\\/luis_almeida_japopecas.jpeg\",\"keywords\":[\"japope\u00e7as\"],\"articleSection\":[\"Entrevistas\"],\"inLanguage\":\"pt-PT\"},{\"@type\":\"WebPage\",\"@id\":\"https:\\\/\\\/jornaldasoficinas.com\\\/pt\\\/a-aparencia-muda-mas-a-essencia-fica-luis-almeida-japopecas\\\/\",\"url\":\"https:\\\/\\\/jornaldasoficinas.com\\\/pt\\\/a-aparencia-muda-mas-a-essencia-fica-luis-almeida-japopecas\\\/\",\"name\":\"\u201cA apar\u00eancia muda, mas a ess\u00eancia fica\u201d, Lu\u00eds Almeida, Japope\u00e7as - Jornal das Oficinas\",\"isPartOf\":{\"@id\":\"https:\\\/\\\/jornaldasoficinas.com\\\/pt\\\/#website\"},\"primaryImageOfPage\":{\"@id\":\"https:\\\/\\\/jornaldasoficinas.com\\\/pt\\\/a-aparencia-muda-mas-a-essencia-fica-luis-almeida-japopecas\\\/#primaryimage\"},\"image\":{\"@id\":\"https:\\\/\\\/jornaldasoficinas.com\\\/pt\\\/a-aparencia-muda-mas-a-essencia-fica-luis-almeida-japopecas\\\/#primaryimage\"},\"thumbnailUrl\":\"https:\\\/\\\/jornaldasoficinas.com\\\/pt\\\/wp-content\\\/uploads\\\/2022\\\/11\\\/luis_almeida_japopecas.jpeg\",\"datePublished\":\"2022-11-23T21:00:38+00:00\",\"description\":\"A Japope\u00e7as distingue-se como uma empresa \u201cOriginal no Aftermarket\u201d n\u00e3o fosse a oferta atual da empresa composta por estes dois ramos\",\"breadcrumb\":{\"@id\":\"https:\\\/\\\/jornaldasoficinas.com\\\/pt\\\/a-aparencia-muda-mas-a-essencia-fica-luis-almeida-japopecas\\\/#breadcrumb\"},\"inLanguage\":\"pt-PT\",\"potentialAction\":[{\"@type\":\"ReadAction\",\"target\":[\"https:\\\/\\\/jornaldasoficinas.com\\\/pt\\\/a-aparencia-muda-mas-a-essencia-fica-luis-almeida-japopecas\\\/\"]}]},{\"@type\":\"ImageObject\",\"inLanguage\":\"pt-PT\",\"@id\":\"https:\\\/\\\/jornaldasoficinas.com\\\/pt\\\/a-aparencia-muda-mas-a-essencia-fica-luis-almeida-japopecas\\\/#primaryimage\",\"url\":\"https:\\\/\\\/jornaldasoficinas.com\\\/pt\\\/wp-content\\\/uploads\\\/2022\\\/11\\\/luis_almeida_japopecas.jpeg\",\"contentUrl\":\"https:\\\/\\\/jornaldasoficinas.com\\\/pt\\\/wp-content\\\/uploads\\\/2022\\\/11\\\/luis_almeida_japopecas.jpeg\",\"width\":1024,\"height\":581,\"caption\":\"11 - luis_almeida_japopecas\"},{\"@type\":\"BreadcrumbList\",\"@id\":\"https:\\\/\\\/jornaldasoficinas.com\\\/pt\\\/a-aparencia-muda-mas-a-essencia-fica-luis-almeida-japopecas\\\/#breadcrumb\",\"itemListElement\":[{\"@type\":\"ListItem\",\"position\":1,\"name\":\"In\u00edcio\",\"item\":\"https:\\\/\\\/jornaldasoficinas.com\\\/pt\\\/\"},{\"@type\":\"ListItem\",\"position\":2,\"name\":\"\u201cA apar\u00eancia muda, mas a ess\u00eancia fica\u201d, Lu\u00eds Almeida, Japope\u00e7as\"}]},{\"@type\":\"WebSite\",\"@id\":\"https:\\\/\\\/jornaldasoficinas.com\\\/pt\\\/#website\",\"url\":\"https:\\\/\\\/jornaldasoficinas.com\\\/pt\\\/\",\"name\":\"Jornal das Oficinas\",\"description\":\"Jornal independente do Aftermarket Autom\u00f3vel em Portugal\",\"publisher\":{\"@id\":\"https:\\\/\\\/jornaldasoficinas.com\\\/pt\\\/#organization\"},\"potentialAction\":[{\"@type\":\"SearchAction\",\"target\":{\"@type\":\"EntryPoint\",\"urlTemplate\":\"https:\\\/\\\/jornaldasoficinas.com\\\/pt\\\/?s={search_term_string}\"},\"query-input\":{\"@type\":\"PropertyValueSpecification\",\"valueRequired\":true,\"valueName\":\"search_term_string\"}}],\"inLanguage\":\"pt-PT\"},{\"@type\":\"Organization\",\"@id\":\"https:\\\/\\\/jornaldasoficinas.com\\\/pt\\\/#organization\",\"name\":\"Jornal das Oficinas\",\"url\":\"https:\\\/\\\/jornaldasoficinas.com\\\/pt\\\/\",\"logo\":{\"@type\":\"ImageObject\",\"inLanguage\":\"pt-PT\",\"@id\":\"https:\\\/\\\/jornaldasoficinas.com\\\/pt\\\/#\\\/schema\\\/logo\\\/image\\\/\",\"url\":\"https:\\\/\\\/jornaldasoficinas.com\\\/pt\\\/wp-content\\\/uploads\\\/logoJO-SEO.png\",\"contentUrl\":\"https:\\\/\\\/jornaldasoficinas.com\\\/pt\\\/wp-content\\\/uploads\\\/logoJO-SEO.png\",\"width\":285,\"height\":450,\"caption\":\"Jornal das Oficinas\"},\"image\":{\"@id\":\"https:\\\/\\\/jornaldasoficinas.com\\\/pt\\\/#\\\/schema\\\/logo\\\/image\\\/\"},\"sameAs\":[\"https:\\\/\\\/www.facebook.com\\\/jornaloficinas\",\"https:\\\/\\\/x.com\\\/jornaloficinas\",\"https:\\\/\\\/www.instagram.com\\\/jornal_oficinas\\\/\",\"https:\\\/\\\/www.linkedin.com\\\/company\\\/jornal-das-oficinas\\\/\",\"https:\\\/\\\/www.youtube.com\\\/channel\\\/UCbQZBqtcvV-oSQrr7RzINGg\"]},{\"@type\":\"Person\",\"@id\":\"https:\\\/\\\/jornaldasoficinas.com\\\/pt\\\/#\\\/schema\\\/person\\\/a38eef5de2c41d9e7c9ac10141afddf3\",\"name\":\"Reda\u00e7\u00e3o JO\",\"image\":{\"@type\":\"ImageObject\",\"inLanguage\":\"pt-PT\",\"@id\":\"https:\\\/\\\/secure.gravatar.com\\\/avatar\\\/71f2fa71737ad68a84fea94bc708ddac8ea5b0c4788dc2ad202f3ccb2887742f?s=96&d=wp_user_avatar&r=g\",\"url\":\"https:\\\/\\\/secure.gravatar.com\\\/avatar\\\/71f2fa71737ad68a84fea94bc708ddac8ea5b0c4788dc2ad202f3ccb2887742f?s=96&d=wp_user_avatar&r=g\",\"contentUrl\":\"https:\\\/\\\/secure.gravatar.com\\\/avatar\\\/71f2fa71737ad68a84fea94bc708ddac8ea5b0c4788dc2ad202f3ccb2887742f?s=96&d=wp_user_avatar&r=g\",\"caption\":\"Reda\u00e7\u00e3o JO\"},\"url\":\"https:\\\/\\\/jornaldasoficinas.com\\\/pt\\\/author\\\/joredacao\\\/\"}]}<\/script>\n<!-- \/ Yoast SEO plugin. -->","yoast_head_json":{"title":"\u201cA apar\u00eancia muda, mas a ess\u00eancia fica\u201d, Lu\u00eds Almeida, Japope\u00e7as - Jornal das Oficinas","description":"A Japope\u00e7as distingue-se como uma empresa \u201cOriginal no Aftermarket\u201d n\u00e3o fosse a oferta atual da empresa composta por estes dois ramos","robots":{"index":"index","follow":"follow","max-snippet":"max-snippet:-1","max-image-preview":"max-image-preview:large","max-video-preview":"max-video-preview:-1"},"canonical":"https:\/\/jornaldasoficinas.com\/pt\/a-aparencia-muda-mas-a-essencia-fica-luis-almeida-japopecas\/","og_locale":"pt_PT","og_type":"article","og_title":"\u201cA apar\u00eancia muda, mas a ess\u00eancia fica\u201d, Lu\u00eds Almeida, Japope\u00e7as - Jornal das Oficinas","og_description":"A Japope\u00e7as distingue-se como uma empresa \u201cOriginal no Aftermarket\u201d n\u00e3o fosse a oferta atual da empresa composta por estes dois ramos","og_url":"https:\/\/jornaldasoficinas.com\/pt\/a-aparencia-muda-mas-a-essencia-fica-luis-almeida-japopecas\/","og_site_name":"Jornal das Oficinas","article_publisher":"https:\/\/www.facebook.com\/jornaloficinas","article_published_time":"2022-11-23T21:00:38+00:00","og_image":[{"width":1024,"height":581,"url":"https:\/\/jornaldasoficinas.com\/pt\/wp-content\/uploads\/2022\/11\/luis_almeida_japopecas.jpeg","type":"image\/jpeg"}],"author":"Reda\u00e7\u00e3o JO","twitter_card":"summary_large_image","twitter_creator":"@jornaloficinas","twitter_site":"@jornaloficinas","twitter_misc":{"Escrito por":"Reda\u00e7\u00e3o JO","Tempo estimado de leitura":"9 minutos"},"schema":{"@context":"https:\/\/schema.org","@graph":[{"@type":"Article","@id":"https:\/\/jornaldasoficinas.com\/pt\/a-aparencia-muda-mas-a-essencia-fica-luis-almeida-japopecas\/#article","isPartOf":{"@id":"https:\/\/jornaldasoficinas.com\/pt\/a-aparencia-muda-mas-a-essencia-fica-luis-almeida-japopecas\/"},"author":{"name":"Reda\u00e7\u00e3o JO","@id":"https:\/\/jornaldasoficinas.com\/pt\/#\/schema\/person\/a38eef5de2c41d9e7c9ac10141afddf3"},"headline":"\u201cA apar\u00eancia muda, mas a ess\u00eancia fica\u201d, Lu\u00eds Almeida, Japope\u00e7as","datePublished":"2022-11-23T21:00:38+00:00","mainEntityOfPage":{"@id":"https:\/\/jornaldasoficinas.com\/pt\/a-aparencia-muda-mas-a-essencia-fica-luis-almeida-japopecas\/"},"wordCount":1722,"publisher":{"@id":"https:\/\/jornaldasoficinas.com\/pt\/#organization"},"image":{"@id":"https:\/\/jornaldasoficinas.com\/pt\/a-aparencia-muda-mas-a-essencia-fica-luis-almeida-japopecas\/#primaryimage"},"thumbnailUrl":"https:\/\/jornaldasoficinas.com\/pt\/wp-content\/uploads\/2022\/11\/luis_almeida_japopecas.jpeg","keywords":["japope\u00e7as"],"articleSection":["Entrevistas"],"inLanguage":"pt-PT"},{"@type":"WebPage","@id":"https:\/\/jornaldasoficinas.com\/pt\/a-aparencia-muda-mas-a-essencia-fica-luis-almeida-japopecas\/","url":"https:\/\/jornaldasoficinas.com\/pt\/a-aparencia-muda-mas-a-essencia-fica-luis-almeida-japopecas\/","name":"\u201cA apar\u00eancia muda, mas a ess\u00eancia fica\u201d, Lu\u00eds Almeida, Japope\u00e7as - Jornal das Oficinas","isPartOf":{"@id":"https:\/\/jornaldasoficinas.com\/pt\/#website"},"primaryImageOfPage":{"@id":"https:\/\/jornaldasoficinas.com\/pt\/a-aparencia-muda-mas-a-essencia-fica-luis-almeida-japopecas\/#primaryimage"},"image":{"@id":"https:\/\/jornaldasoficinas.com\/pt\/a-aparencia-muda-mas-a-essencia-fica-luis-almeida-japopecas\/#primaryimage"},"thumbnailUrl":"https:\/\/jornaldasoficinas.com\/pt\/wp-content\/uploads\/2022\/11\/luis_almeida_japopecas.jpeg","datePublished":"2022-11-23T21:00:38+00:00","description":"A Japope\u00e7as distingue-se como uma empresa \u201cOriginal no Aftermarket\u201d n\u00e3o fosse a oferta atual da empresa composta por estes dois ramos","breadcrumb":{"@id":"https:\/\/jornaldasoficinas.com\/pt\/a-aparencia-muda-mas-a-essencia-fica-luis-almeida-japopecas\/#breadcrumb"},"inLanguage":"pt-PT","potentialAction":[{"@type":"ReadAction","target":["https:\/\/jornaldasoficinas.com\/pt\/a-aparencia-muda-mas-a-essencia-fica-luis-almeida-japopecas\/"]}]},{"@type":"ImageObject","inLanguage":"pt-PT","@id":"https:\/\/jornaldasoficinas.com\/pt\/a-aparencia-muda-mas-a-essencia-fica-luis-almeida-japopecas\/#primaryimage","url":"https:\/\/jornaldasoficinas.com\/pt\/wp-content\/uploads\/2022\/11\/luis_almeida_japopecas.jpeg","contentUrl":"https:\/\/jornaldasoficinas.com\/pt\/wp-content\/uploads\/2022\/11\/luis_almeida_japopecas.jpeg","width":1024,"height":581,"caption":"11 - luis_almeida_japopecas"},{"@type":"BreadcrumbList","@id":"https:\/\/jornaldasoficinas.com\/pt\/a-aparencia-muda-mas-a-essencia-fica-luis-almeida-japopecas\/#breadcrumb","itemListElement":[{"@type":"ListItem","position":1,"name":"In\u00edcio","item":"https:\/\/jornaldasoficinas.com\/pt\/"},{"@type":"ListItem","position":2,"name":"\u201cA apar\u00eancia muda, mas a ess\u00eancia fica\u201d, Lu\u00eds Almeida, Japope\u00e7as"}]},{"@type":"WebSite","@id":"https:\/\/jornaldasoficinas.com\/pt\/#website","url":"https:\/\/jornaldasoficinas.com\/pt\/","name":"Jornal das Oficinas","description":"Jornal independente do Aftermarket Autom\u00f3vel em Portugal","publisher":{"@id":"https:\/\/jornaldasoficinas.com\/pt\/#organization"},"potentialAction":[{"@type":"SearchAction","target":{"@type":"EntryPoint","urlTemplate":"https:\/\/jornaldasoficinas.com\/pt\/?s={search_term_string}"},"query-input":{"@type":"PropertyValueSpecification","valueRequired":true,"valueName":"search_term_string"}}],"inLanguage":"pt-PT"},{"@type":"Organization","@id":"https:\/\/jornaldasoficinas.com\/pt\/#organization","name":"Jornal das Oficinas","url":"https:\/\/jornaldasoficinas.com\/pt\/","logo":{"@type":"ImageObject","inLanguage":"pt-PT","@id":"https:\/\/jornaldasoficinas.com\/pt\/#\/schema\/logo\/image\/","url":"https:\/\/jornaldasoficinas.com\/pt\/wp-content\/uploads\/logoJO-SEO.png","contentUrl":"https:\/\/jornaldasoficinas.com\/pt\/wp-content\/uploads\/logoJO-SEO.png","width":285,"height":450,"caption":"Jornal das Oficinas"},"image":{"@id":"https:\/\/jornaldasoficinas.com\/pt\/#\/schema\/logo\/image\/"},"sameAs":["https:\/\/www.facebook.com\/jornaloficinas","https:\/\/x.com\/jornaloficinas","https:\/\/www.instagram.com\/jornal_oficinas\/","https:\/\/www.linkedin.com\/company\/jornal-das-oficinas\/","https:\/\/www.youtube.com\/channel\/UCbQZBqtcvV-oSQrr7RzINGg"]},{"@type":"Person","@id":"https:\/\/jornaldasoficinas.com\/pt\/#\/schema\/person\/a38eef5de2c41d9e7c9ac10141afddf3","name":"Reda\u00e7\u00e3o JO","image":{"@type":"ImageObject","inLanguage":"pt-PT","@id":"https:\/\/secure.gravatar.com\/avatar\/71f2fa71737ad68a84fea94bc708ddac8ea5b0c4788dc2ad202f3ccb2887742f?s=96&d=wp_user_avatar&r=g","url":"https:\/\/secure.gravatar.com\/avatar\/71f2fa71737ad68a84fea94bc708ddac8ea5b0c4788dc2ad202f3ccb2887742f?s=96&d=wp_user_avatar&r=g","contentUrl":"https:\/\/secure.gravatar.com\/avatar\/71f2fa71737ad68a84fea94bc708ddac8ea5b0c4788dc2ad202f3ccb2887742f?s=96&d=wp_user_avatar&r=g","caption":"Reda\u00e7\u00e3o JO"},"url":"https:\/\/jornaldasoficinas.com\/pt\/author\/joredacao\/"}]}},"_links":{"self":[{"href":"https:\/\/jornaldasoficinas.com\/pt\/wp-json\/wp\/v2\/posts\/34951","targetHints":{"allow":["GET"]}}],"collection":[{"href":"https:\/\/jornaldasoficinas.com\/pt\/wp-json\/wp\/v2\/posts"}],"about":[{"href":"https:\/\/jornaldasoficinas.com\/pt\/wp-json\/wp\/v2\/types\/post"}],"author":[{"embeddable":true,"href":"https:\/\/jornaldasoficinas.com\/pt\/wp-json\/wp\/v2\/users\/15"}],"replies":[{"embeddable":true,"href":"https:\/\/jornaldasoficinas.com\/pt\/wp-json\/wp\/v2\/comments?post=34951"}],"version-history":[{"count":0,"href":"https:\/\/jornaldasoficinas.com\/pt\/wp-json\/wp\/v2\/posts\/34951\/revisions"}],"wp:featuredmedia":[{"embeddable":true,"href":"https:\/\/jornaldasoficinas.com\/pt\/wp-json\/wp\/v2\/media\/34945"}],"wp:attachment":[{"href":"https:\/\/jornaldasoficinas.com\/pt\/wp-json\/wp\/v2\/media?parent=34951"}],"wp:term":[{"taxonomy":"category","embeddable":true,"href":"https:\/\/jornaldasoficinas.com\/pt\/wp-json\/wp\/v2\/categories?post=34951"},{"taxonomy":"post_tag","embeddable":true,"href":"https:\/\/jornaldasoficinas.com\/pt\/wp-json\/wp\/v2\/tags?post=34951"}],"curies":[{"name":"wp","href":"https:\/\/api.w.org\/{rel}","templated":true}]}}