{"id":34957,"date":"2022-11-23T21:30:26","date_gmt":"2022-11-23T21:30:26","guid":{"rendered":"https:\/\/jornaldasoficinas.com\/pt\/?p=34957"},"modified":"2022-11-23T21:13:54","modified_gmt":"2022-11-23T21:13:54","slug":"ambiente-de-trabalho-cultura-motivacional","status":"publish","type":"post","link":"https:\/\/jornaldasoficinas.com\/pt\/ambiente-de-trabalho-cultura-motivacional\/","title":{"rendered":"Ambiente de trabalho: Cultura motivacional"},"content":{"rendered":"<p><img loading=\"lazy\" decoding=\"async\" class=\"alignnone size-full wp-image-34946\" src=\"https:\/\/jornaldasoficinas.com\/pt\/wp-content\/uploads\/2022\/11\/N3_ambiente_oficina.jpeg\" alt=\"11 - N3_ambiente_oficina\" width=\"1024\" height=\"581\" srcset=\"https:\/\/jornaldasoficinas.com\/pt\/wp-content\/uploads\/2022\/11\/N3_ambiente_oficina.jpeg 1024w, https:\/\/jornaldasoficinas.com\/pt\/wp-content\/uploads\/2022\/11\/N3_ambiente_oficina-300x170.jpeg 300w, https:\/\/jornaldasoficinas.com\/pt\/wp-content\/uploads\/2022\/11\/N3_ambiente_oficina-150x85.jpeg 150w, https:\/\/jornaldasoficinas.com\/pt\/wp-content\/uploads\/2022\/11\/N3_ambiente_oficina-768x436.jpeg 768w\" sizes=\"auto, (max-width: 1024px) 100vw, 1024px\" \/><\/p>\n<p><strong>Neste artigo abordamos como os propriet\u00e1rios de oficinas podem criar uma cultura motivacional e estimulante no ambiente do local de trabalho. A cultura consiste em ter um local de trabalho onde cada membro da equipa se sente valorizado e respeitado<\/strong><\/p>\n<p>N\u00e3o basta proporcionar aos funcion\u00e1rios festas de Natal, b\u00f3nus de produtividade ou pequenos almo\u00e7os gr\u00e1tis. Estas coisas s\u00e3o importantes, mas n\u00e3o s\u00e3o suficientes. Precisa de analisar o lado emocional da for\u00e7a de trabalho.<\/p>\n<p><strong>Tenha uma vis\u00e3o<\/strong><br \/>\nUma vis\u00e3o ir\u00e1 defini-lo, a sua paix\u00e3o e os seus valores, ao mesmo tempo que dar\u00e1 a cada membro da equipa a motiva\u00e7\u00e3o para corresponder \u00e0 sua \u00e9tica de trabalho e ao seu compromisso para com os seus clientes. \u00c9 fundamental que tenha uma cultura positiva da empresa se pretende que a equipa d\u00ea o seu melhor. Ter uma vis\u00e3o define os padr\u00f5es.<\/p>\n<p><strong>Aprendizagem cont\u00ednua<\/strong><br \/>\nA repara\u00e7\u00e3o autom\u00f3vel est\u00e1 a evoluir rapidamente e ningu\u00e9m pode dizer que \u00e9 totalmente qualificado. H\u00e1 sempre algo a aprender e \u00e9 importante certificar-se de que a sua equipa compreende isso. Deve dar o seu melhor para que os seus funcion\u00e1rios continuem a aprender, dando-lhes todas as oportunidades para receberem forma\u00e7\u00e3o e adquirirem novas compet\u00eancias. Se necess\u00e1rio, deixe-os faz\u00ea-lo durante o seu tempo. Porque n\u00e3o? Afinal, \u00e9 para seu benef\u00edcio.<\/p>\n<p><strong>Estipular par\u00e2metros e processos<\/strong><br \/>\nSe n\u00e3o puder confiar em algu\u00e9m para fazer o trabalho para o qual foi contratado, ent\u00e3o tem a pessoa errada. Contudo, assegure-se de que cria condi\u00e7\u00f5es que d\u00e3o autonomia \u00e0 equipa. Poderia at\u00e9 pedir para que definam os seus pr\u00f3prios objetivos. Esta medida fortalece-os e a equipa ter\u00e1 maior probabilidade de se empenhar para alcan\u00e7ar os objetivos que eles pr\u00f3prios definiram em vez de lhes ter sido dito para o fazerem.<\/p>\n<p><strong>Escute sempre <\/strong><br \/>\nA equipa desempenha as suas fun\u00e7\u00f5es diariamente. S\u00e3o os que t\u00eam o melhor conhecimento dos processos e, portanto, entendem o que est\u00e1 a funcionar ou n\u00e3o. Deste modo, um gestor deve escutar as suas opini\u00f5es e admitir que nem sempre sabe o que \u00e9 melhor.<br \/>\nAceite ideias e pontos de vista, permita que a equipa alcan\u00e7a o seu pleno potencial. Al\u00e9m de os fazer sentir valorizados, permite tamb\u00e9m poupar tempo e dinheiro no processo.<\/p>\n<p><strong>Comunique<\/strong><br \/>\nN\u00e3o existe comunica\u00e7\u00e3o em demasia. \u00c9 importante e motivador saber como est\u00e1 o desempenho do neg\u00f3cio, mesmo que n\u00e3o esteja a correr bem. Caso contr\u00e1rio, a for\u00e7a de trabalho s\u00f3 especular\u00e1. Al\u00e9m disso, agrade\u00e7a! S\u00e3o duas palavras curtas, mas que fazem toda a diferen\u00e7a. Pequenos gestos, como dizer \u201cobrigado\u201d, mostram que \u00e9 emp\u00e1tico e acess\u00edvel. \u00c9 poss\u00edvel ficar agradavelmente surpreendido com os resultados destes simples passos.<\/p>\n<p><strong>Os erros acontecem<\/strong><br \/>\n\u00c9 natural que ocorram erros, mas \u00e9 a forma como lidamos com eles que \u00e9 crucial.\u00a0Adote o conceito \u00abAssumir uma inten\u00e7\u00e3o positiva\u00bb. Deseja que a equipa tenha medo a ponto de tentar encobrir os seus erros? A alternativa \u00e9 criar um ambiente positivo para os seus funcion\u00e1rios serem abertos e honestos acerca dos erros e assegure que utilizem essas ocasi\u00f5es como oportunidades para aprender.<\/p>\n<p><strong>Confie nas pessoas<\/strong><br \/>\nAlguns dos leitores poder\u00e3o pensar que tem funcion\u00e1rios que iriam aproveitar-se. Isso pode acontecer, mas ao possu\u00edrem uma boa cultura, essas pessoas rapidamente mostram quem s\u00e3o na verdade. A verdadeira pergunta \u00e9: Quer um membro da equipa que possui todas as compet\u00eancias, mas que tem uma abordagem negativa? Ou quer um membro que se enquadra na sua cultura? \u00c9 poss\u00edvel aprender novas compet\u00eancias, mas alterar a mentalidade de uma pessoa, s\u00f3 ela o pode fazer.<\/p>\n","protected":false},"excerpt":{"rendered":"<p>Neste artigo abordamos como os propriet\u00e1rios&#8230;<\/p>\n","protected":false},"author":15,"featured_media":34946,"comment_status":"closed","ping_status":"closed","sticky":false,"template":"","format":"standard","meta":{"footnotes":""},"categories":[37],"tags":[],"class_list":["post-34957","post","type-post","status-publish","format-standard","has-post-thumbnail","hentry","category-mercado"],"yoast_head":"<!-- This site is optimized with the Yoast SEO plugin v27.4 - https:\/\/yoast.com\/product\/yoast-seo-wordpress\/ -->\n<title>Ambiente de trabalho: Cultura motivacional - Jornal das Oficinas<\/title>\n<meta name=\"description\" content=\"Neste artigo abordamos como os propriet\u00e1rios de oficinas podem criar uma cultura motivacional e estimulante no ambiente do local de trabalho.\" \/>\n<meta name=\"robots\" content=\"index, follow, max-snippet:-1, max-image-preview:large, max-video-preview:-1\" \/>\n<link rel=\"canonical\" href=\"https:\/\/jornaldasoficinas.com\/pt\/ambiente-de-trabalho-cultura-motivacional\/\" \/>\n<meta property=\"og:locale\" content=\"pt_PT\" \/>\n<meta property=\"og:type\" content=\"article\" \/>\n<meta property=\"og:title\" content=\"Ambiente de trabalho: Cultura motivacional - Jornal das Oficinas\" \/>\n<meta property=\"og:description\" content=\"Neste artigo abordamos como os propriet\u00e1rios de oficinas podem criar uma cultura motivacional e estimulante no ambiente do local de trabalho.\" \/>\n<meta property=\"og:url\" content=\"https:\/\/jornaldasoficinas.com\/pt\/ambiente-de-trabalho-cultura-motivacional\/\" \/>\n<meta property=\"og:site_name\" content=\"Jornal das Oficinas\" \/>\n<meta property=\"article:publisher\" content=\"https:\/\/www.facebook.com\/jornaloficinas\" \/>\n<meta property=\"article:published_time\" content=\"2022-11-23T21:30:26+00:00\" \/>\n<meta property=\"og:image\" content=\"https:\/\/jornaldasoficinas.com\/pt\/wp-content\/uploads\/2022\/11\/N3_ambiente_oficina.jpeg\" \/>\n\t<meta property=\"og:image:width\" content=\"1024\" \/>\n\t<meta property=\"og:image:height\" content=\"581\" \/>\n\t<meta property=\"og:image:type\" content=\"image\/jpeg\" \/>\n<meta name=\"author\" content=\"Reda\u00e7\u00e3o JO\" \/>\n<meta name=\"twitter:card\" content=\"summary_large_image\" \/>\n<meta name=\"twitter:creator\" content=\"@jornaloficinas\" \/>\n<meta name=\"twitter:site\" content=\"@jornaloficinas\" \/>\n<meta name=\"twitter:label1\" content=\"Escrito por\" \/>\n\t<meta name=\"twitter:data1\" content=\"Reda\u00e7\u00e3o JO\" \/>\n\t<meta name=\"twitter:label2\" content=\"Tempo estimado de leitura\" \/>\n\t<meta name=\"twitter:data2\" content=\"3 minutos\" \/>\n<script type=\"application\/ld+json\" class=\"yoast-schema-graph\">{\"@context\":\"https:\\\/\\\/schema.org\",\"@graph\":[{\"@type\":\"Article\",\"@id\":\"https:\\\/\\\/jornaldasoficinas.com\\\/pt\\\/ambiente-de-trabalho-cultura-motivacional\\\/#article\",\"isPartOf\":{\"@id\":\"https:\\\/\\\/jornaldasoficinas.com\\\/pt\\\/ambiente-de-trabalho-cultura-motivacional\\\/\"},\"author\":{\"name\":\"Reda\u00e7\u00e3o JO\",\"@id\":\"https:\\\/\\\/jornaldasoficinas.com\\\/pt\\\/#\\\/schema\\\/person\\\/a38eef5de2c41d9e7c9ac10141afddf3\"},\"headline\":\"Ambiente de trabalho: Cultura motivacional\",\"datePublished\":\"2022-11-23T21:30:26+00:00\",\"mainEntityOfPage\":{\"@id\":\"https:\\\/\\\/jornaldasoficinas.com\\\/pt\\\/ambiente-de-trabalho-cultura-motivacional\\\/\"},\"wordCount\":631,\"publisher\":{\"@id\":\"https:\\\/\\\/jornaldasoficinas.com\\\/pt\\\/#organization\"},\"image\":{\"@id\":\"https:\\\/\\\/jornaldasoficinas.com\\\/pt\\\/ambiente-de-trabalho-cultura-motivacional\\\/#primaryimage\"},\"thumbnailUrl\":\"https:\\\/\\\/jornaldasoficinas.com\\\/pt\\\/wp-content\\\/uploads\\\/2022\\\/11\\\/N3_ambiente_oficina.jpeg\",\"articleSection\":[\"Mercado\"],\"inLanguage\":\"pt-PT\"},{\"@type\":\"WebPage\",\"@id\":\"https:\\\/\\\/jornaldasoficinas.com\\\/pt\\\/ambiente-de-trabalho-cultura-motivacional\\\/\",\"url\":\"https:\\\/\\\/jornaldasoficinas.com\\\/pt\\\/ambiente-de-trabalho-cultura-motivacional\\\/\",\"name\":\"Ambiente de trabalho: Cultura motivacional - Jornal das Oficinas\",\"isPartOf\":{\"@id\":\"https:\\\/\\\/jornaldasoficinas.com\\\/pt\\\/#website\"},\"primaryImageOfPage\":{\"@id\":\"https:\\\/\\\/jornaldasoficinas.com\\\/pt\\\/ambiente-de-trabalho-cultura-motivacional\\\/#primaryimage\"},\"image\":{\"@id\":\"https:\\\/\\\/jornaldasoficinas.com\\\/pt\\\/ambiente-de-trabalho-cultura-motivacional\\\/#primaryimage\"},\"thumbnailUrl\":\"https:\\\/\\\/jornaldasoficinas.com\\\/pt\\\/wp-content\\\/uploads\\\/2022\\\/11\\\/N3_ambiente_oficina.jpeg\",\"datePublished\":\"2022-11-23T21:30:26+00:00\",\"description\":\"Neste artigo abordamos como os propriet\u00e1rios de oficinas podem criar uma cultura motivacional e estimulante no ambiente do local de trabalho.\",\"breadcrumb\":{\"@id\":\"https:\\\/\\\/jornaldasoficinas.com\\\/pt\\\/ambiente-de-trabalho-cultura-motivacional\\\/#breadcrumb\"},\"inLanguage\":\"pt-PT\",\"potentialAction\":[{\"@type\":\"ReadAction\",\"target\":[\"https:\\\/\\\/jornaldasoficinas.com\\\/pt\\\/ambiente-de-trabalho-cultura-motivacional\\\/\"]}]},{\"@type\":\"ImageObject\",\"inLanguage\":\"pt-PT\",\"@id\":\"https:\\\/\\\/jornaldasoficinas.com\\\/pt\\\/ambiente-de-trabalho-cultura-motivacional\\\/#primaryimage\",\"url\":\"https:\\\/\\\/jornaldasoficinas.com\\\/pt\\\/wp-content\\\/uploads\\\/2022\\\/11\\\/N3_ambiente_oficina.jpeg\",\"contentUrl\":\"https:\\\/\\\/jornaldasoficinas.com\\\/pt\\\/wp-content\\\/uploads\\\/2022\\\/11\\\/N3_ambiente_oficina.jpeg\",\"width\":1024,\"height\":581,\"caption\":\"11 - N3_ambiente_oficina\"},{\"@type\":\"BreadcrumbList\",\"@id\":\"https:\\\/\\\/jornaldasoficinas.com\\\/pt\\\/ambiente-de-trabalho-cultura-motivacional\\\/#breadcrumb\",\"itemListElement\":[{\"@type\":\"ListItem\",\"position\":1,\"name\":\"In\u00edcio\",\"item\":\"https:\\\/\\\/jornaldasoficinas.com\\\/pt\\\/\"},{\"@type\":\"ListItem\",\"position\":2,\"name\":\"Ambiente de trabalho: Cultura motivacional\"}]},{\"@type\":\"WebSite\",\"@id\":\"https:\\\/\\\/jornaldasoficinas.com\\\/pt\\\/#website\",\"url\":\"https:\\\/\\\/jornaldasoficinas.com\\\/pt\\\/\",\"name\":\"Jornal das Oficinas\",\"description\":\"Jornal independente do Aftermarket Autom\u00f3vel em Portugal\",\"publisher\":{\"@id\":\"https:\\\/\\\/jornaldasoficinas.com\\\/pt\\\/#organization\"},\"potentialAction\":[{\"@type\":\"SearchAction\",\"target\":{\"@type\":\"EntryPoint\",\"urlTemplate\":\"https:\\\/\\\/jornaldasoficinas.com\\\/pt\\\/?s={search_term_string}\"},\"query-input\":{\"@type\":\"PropertyValueSpecification\",\"valueRequired\":true,\"valueName\":\"search_term_string\"}}],\"inLanguage\":\"pt-PT\"},{\"@type\":\"Organization\",\"@id\":\"https:\\\/\\\/jornaldasoficinas.com\\\/pt\\\/#organization\",\"name\":\"Jornal das Oficinas\",\"url\":\"https:\\\/\\\/jornaldasoficinas.com\\\/pt\\\/\",\"logo\":{\"@type\":\"ImageObject\",\"inLanguage\":\"pt-PT\",\"@id\":\"https:\\\/\\\/jornaldasoficinas.com\\\/pt\\\/#\\\/schema\\\/logo\\\/image\\\/\",\"url\":\"https:\\\/\\\/jornaldasoficinas.com\\\/pt\\\/wp-content\\\/uploads\\\/logoJO-SEO.png\",\"contentUrl\":\"https:\\\/\\\/jornaldasoficinas.com\\\/pt\\\/wp-content\\\/uploads\\\/logoJO-SEO.png\",\"width\":285,\"height\":450,\"caption\":\"Jornal das Oficinas\"},\"image\":{\"@id\":\"https:\\\/\\\/jornaldasoficinas.com\\\/pt\\\/#\\\/schema\\\/logo\\\/image\\\/\"},\"sameAs\":[\"https:\\\/\\\/www.facebook.com\\\/jornaloficinas\",\"https:\\\/\\\/x.com\\\/jornaloficinas\",\"https:\\\/\\\/www.instagram.com\\\/jornal_oficinas\\\/\",\"https:\\\/\\\/www.linkedin.com\\\/company\\\/jornal-das-oficinas\\\/\",\"https:\\\/\\\/www.youtube.com\\\/channel\\\/UCbQZBqtcvV-oSQrr7RzINGg\"]},{\"@type\":\"Person\",\"@id\":\"https:\\\/\\\/jornaldasoficinas.com\\\/pt\\\/#\\\/schema\\\/person\\\/a38eef5de2c41d9e7c9ac10141afddf3\",\"name\":\"Reda\u00e7\u00e3o JO\",\"image\":{\"@type\":\"ImageObject\",\"inLanguage\":\"pt-PT\",\"@id\":\"https:\\\/\\\/secure.gravatar.com\\\/avatar\\\/71f2fa71737ad68a84fea94bc708ddac8ea5b0c4788dc2ad202f3ccb2887742f?s=96&d=wp_user_avatar&r=g\",\"url\":\"https:\\\/\\\/secure.gravatar.com\\\/avatar\\\/71f2fa71737ad68a84fea94bc708ddac8ea5b0c4788dc2ad202f3ccb2887742f?s=96&d=wp_user_avatar&r=g\",\"contentUrl\":\"https:\\\/\\\/secure.gravatar.com\\\/avatar\\\/71f2fa71737ad68a84fea94bc708ddac8ea5b0c4788dc2ad202f3ccb2887742f?s=96&d=wp_user_avatar&r=g\",\"caption\":\"Reda\u00e7\u00e3o JO\"},\"url\":\"https:\\\/\\\/jornaldasoficinas.com\\\/pt\\\/author\\\/joredacao\\\/\"}]}<\/script>\n<!-- \/ Yoast SEO plugin. -->","yoast_head_json":{"title":"Ambiente de trabalho: Cultura motivacional - Jornal das Oficinas","description":"Neste artigo abordamos como os propriet\u00e1rios de oficinas podem criar uma cultura motivacional e estimulante no ambiente do local de trabalho.","robots":{"index":"index","follow":"follow","max-snippet":"max-snippet:-1","max-image-preview":"max-image-preview:large","max-video-preview":"max-video-preview:-1"},"canonical":"https:\/\/jornaldasoficinas.com\/pt\/ambiente-de-trabalho-cultura-motivacional\/","og_locale":"pt_PT","og_type":"article","og_title":"Ambiente de trabalho: Cultura motivacional - Jornal das Oficinas","og_description":"Neste artigo abordamos como os propriet\u00e1rios de oficinas podem criar uma cultura motivacional e estimulante no ambiente do local de trabalho.","og_url":"https:\/\/jornaldasoficinas.com\/pt\/ambiente-de-trabalho-cultura-motivacional\/","og_site_name":"Jornal das Oficinas","article_publisher":"https:\/\/www.facebook.com\/jornaloficinas","article_published_time":"2022-11-23T21:30:26+00:00","og_image":[{"width":1024,"height":581,"url":"https:\/\/jornaldasoficinas.com\/pt\/wp-content\/uploads\/2022\/11\/N3_ambiente_oficina.jpeg","type":"image\/jpeg"}],"author":"Reda\u00e7\u00e3o JO","twitter_card":"summary_large_image","twitter_creator":"@jornaloficinas","twitter_site":"@jornaloficinas","twitter_misc":{"Escrito por":"Reda\u00e7\u00e3o JO","Tempo estimado de leitura":"3 minutos"},"schema":{"@context":"https:\/\/schema.org","@graph":[{"@type":"Article","@id":"https:\/\/jornaldasoficinas.com\/pt\/ambiente-de-trabalho-cultura-motivacional\/#article","isPartOf":{"@id":"https:\/\/jornaldasoficinas.com\/pt\/ambiente-de-trabalho-cultura-motivacional\/"},"author":{"name":"Reda\u00e7\u00e3o JO","@id":"https:\/\/jornaldasoficinas.com\/pt\/#\/schema\/person\/a38eef5de2c41d9e7c9ac10141afddf3"},"headline":"Ambiente de trabalho: Cultura motivacional","datePublished":"2022-11-23T21:30:26+00:00","mainEntityOfPage":{"@id":"https:\/\/jornaldasoficinas.com\/pt\/ambiente-de-trabalho-cultura-motivacional\/"},"wordCount":631,"publisher":{"@id":"https:\/\/jornaldasoficinas.com\/pt\/#organization"},"image":{"@id":"https:\/\/jornaldasoficinas.com\/pt\/ambiente-de-trabalho-cultura-motivacional\/#primaryimage"},"thumbnailUrl":"https:\/\/jornaldasoficinas.com\/pt\/wp-content\/uploads\/2022\/11\/N3_ambiente_oficina.jpeg","articleSection":["Mercado"],"inLanguage":"pt-PT"},{"@type":"WebPage","@id":"https:\/\/jornaldasoficinas.com\/pt\/ambiente-de-trabalho-cultura-motivacional\/","url":"https:\/\/jornaldasoficinas.com\/pt\/ambiente-de-trabalho-cultura-motivacional\/","name":"Ambiente de trabalho: Cultura motivacional - Jornal das Oficinas","isPartOf":{"@id":"https:\/\/jornaldasoficinas.com\/pt\/#website"},"primaryImageOfPage":{"@id":"https:\/\/jornaldasoficinas.com\/pt\/ambiente-de-trabalho-cultura-motivacional\/#primaryimage"},"image":{"@id":"https:\/\/jornaldasoficinas.com\/pt\/ambiente-de-trabalho-cultura-motivacional\/#primaryimage"},"thumbnailUrl":"https:\/\/jornaldasoficinas.com\/pt\/wp-content\/uploads\/2022\/11\/N3_ambiente_oficina.jpeg","datePublished":"2022-11-23T21:30:26+00:00","description":"Neste artigo abordamos como os propriet\u00e1rios de oficinas podem criar uma cultura motivacional e estimulante no ambiente do local de trabalho.","breadcrumb":{"@id":"https:\/\/jornaldasoficinas.com\/pt\/ambiente-de-trabalho-cultura-motivacional\/#breadcrumb"},"inLanguage":"pt-PT","potentialAction":[{"@type":"ReadAction","target":["https:\/\/jornaldasoficinas.com\/pt\/ambiente-de-trabalho-cultura-motivacional\/"]}]},{"@type":"ImageObject","inLanguage":"pt-PT","@id":"https:\/\/jornaldasoficinas.com\/pt\/ambiente-de-trabalho-cultura-motivacional\/#primaryimage","url":"https:\/\/jornaldasoficinas.com\/pt\/wp-content\/uploads\/2022\/11\/N3_ambiente_oficina.jpeg","contentUrl":"https:\/\/jornaldasoficinas.com\/pt\/wp-content\/uploads\/2022\/11\/N3_ambiente_oficina.jpeg","width":1024,"height":581,"caption":"11 - N3_ambiente_oficina"},{"@type":"BreadcrumbList","@id":"https:\/\/jornaldasoficinas.com\/pt\/ambiente-de-trabalho-cultura-motivacional\/#breadcrumb","itemListElement":[{"@type":"ListItem","position":1,"name":"In\u00edcio","item":"https:\/\/jornaldasoficinas.com\/pt\/"},{"@type":"ListItem","position":2,"name":"Ambiente de trabalho: Cultura motivacional"}]},{"@type":"WebSite","@id":"https:\/\/jornaldasoficinas.com\/pt\/#website","url":"https:\/\/jornaldasoficinas.com\/pt\/","name":"Jornal das Oficinas","description":"Jornal independente do Aftermarket Autom\u00f3vel em Portugal","publisher":{"@id":"https:\/\/jornaldasoficinas.com\/pt\/#organization"},"potentialAction":[{"@type":"SearchAction","target":{"@type":"EntryPoint","urlTemplate":"https:\/\/jornaldasoficinas.com\/pt\/?s={search_term_string}"},"query-input":{"@type":"PropertyValueSpecification","valueRequired":true,"valueName":"search_term_string"}}],"inLanguage":"pt-PT"},{"@type":"Organization","@id":"https:\/\/jornaldasoficinas.com\/pt\/#organization","name":"Jornal das Oficinas","url":"https:\/\/jornaldasoficinas.com\/pt\/","logo":{"@type":"ImageObject","inLanguage":"pt-PT","@id":"https:\/\/jornaldasoficinas.com\/pt\/#\/schema\/logo\/image\/","url":"https:\/\/jornaldasoficinas.com\/pt\/wp-content\/uploads\/logoJO-SEO.png","contentUrl":"https:\/\/jornaldasoficinas.com\/pt\/wp-content\/uploads\/logoJO-SEO.png","width":285,"height":450,"caption":"Jornal das Oficinas"},"image":{"@id":"https:\/\/jornaldasoficinas.com\/pt\/#\/schema\/logo\/image\/"},"sameAs":["https:\/\/www.facebook.com\/jornaloficinas","https:\/\/x.com\/jornaloficinas","https:\/\/www.instagram.com\/jornal_oficinas\/","https:\/\/www.linkedin.com\/company\/jornal-das-oficinas\/","https:\/\/www.youtube.com\/channel\/UCbQZBqtcvV-oSQrr7RzINGg"]},{"@type":"Person","@id":"https:\/\/jornaldasoficinas.com\/pt\/#\/schema\/person\/a38eef5de2c41d9e7c9ac10141afddf3","name":"Reda\u00e7\u00e3o JO","image":{"@type":"ImageObject","inLanguage":"pt-PT","@id":"https:\/\/secure.gravatar.com\/avatar\/71f2fa71737ad68a84fea94bc708ddac8ea5b0c4788dc2ad202f3ccb2887742f?s=96&d=wp_user_avatar&r=g","url":"https:\/\/secure.gravatar.com\/avatar\/71f2fa71737ad68a84fea94bc708ddac8ea5b0c4788dc2ad202f3ccb2887742f?s=96&d=wp_user_avatar&r=g","contentUrl":"https:\/\/secure.gravatar.com\/avatar\/71f2fa71737ad68a84fea94bc708ddac8ea5b0c4788dc2ad202f3ccb2887742f?s=96&d=wp_user_avatar&r=g","caption":"Reda\u00e7\u00e3o JO"},"url":"https:\/\/jornaldasoficinas.com\/pt\/author\/joredacao\/"}]}},"_links":{"self":[{"href":"https:\/\/jornaldasoficinas.com\/pt\/wp-json\/wp\/v2\/posts\/34957","targetHints":{"allow":["GET"]}}],"collection":[{"href":"https:\/\/jornaldasoficinas.com\/pt\/wp-json\/wp\/v2\/posts"}],"about":[{"href":"https:\/\/jornaldasoficinas.com\/pt\/wp-json\/wp\/v2\/types\/post"}],"author":[{"embeddable":true,"href":"https:\/\/jornaldasoficinas.com\/pt\/wp-json\/wp\/v2\/users\/15"}],"replies":[{"embeddable":true,"href":"https:\/\/jornaldasoficinas.com\/pt\/wp-json\/wp\/v2\/comments?post=34957"}],"version-history":[{"count":0,"href":"https:\/\/jornaldasoficinas.com\/pt\/wp-json\/wp\/v2\/posts\/34957\/revisions"}],"wp:featuredmedia":[{"embeddable":true,"href":"https:\/\/jornaldasoficinas.com\/pt\/wp-json\/wp\/v2\/media\/34946"}],"wp:attachment":[{"href":"https:\/\/jornaldasoficinas.com\/pt\/wp-json\/wp\/v2\/media?parent=34957"}],"wp:term":[{"taxonomy":"category","embeddable":true,"href":"https:\/\/jornaldasoficinas.com\/pt\/wp-json\/wp\/v2\/categories?post=34957"},{"taxonomy":"post_tag","embeddable":true,"href":"https:\/\/jornaldasoficinas.com\/pt\/wp-json\/wp\/v2\/tags?post=34957"}],"curies":[{"name":"wp","href":"https:\/\/api.w.org\/{rel}","templated":true}]}}