{"id":35000,"date":"2022-11-27T20:00:05","date_gmt":"2022-11-27T20:00:05","guid":{"rendered":"https:\/\/jornaldasoficinas.com\/pt\/?p=35000"},"modified":"2022-11-27T14:01:07","modified_gmt":"2022-11-27T14:01:07","slug":"temos-orgulho-no-que-alcancamos-nestes-25-anos-de-atividade-nuno-guerra-polibaterias","status":"publish","type":"post","link":"https:\/\/jornaldasoficinas.com\/pt\/temos-orgulho-no-que-alcancamos-nestes-25-anos-de-atividade-nuno-guerra-polibaterias\/","title":{"rendered":"\u201cTemos orgulho no que alcan\u00e7\u00e1mos nestes 25 anos de atividade\u201d, Nuno Guerra, Polibaterias"},"content":{"rendered":"<p><strong><img loading=\"lazy\" decoding=\"async\" class=\"alignnone size-full wp-image-34990\" src=\"https:\/\/jornaldasoficinas.com\/pt\/wp-content\/uploads\/2022\/11\/AutopecasCAB.jpeg\" alt=\"11 - AutopecasCAB\" width=\"1024\" height=\"581\" srcset=\"https:\/\/jornaldasoficinas.com\/pt\/wp-content\/uploads\/2022\/11\/AutopecasCAB.jpeg 1024w, https:\/\/jornaldasoficinas.com\/pt\/wp-content\/uploads\/2022\/11\/AutopecasCAB-300x170.jpeg 300w, https:\/\/jornaldasoficinas.com\/pt\/wp-content\/uploads\/2022\/11\/AutopecasCAB-150x85.jpeg 150w, https:\/\/jornaldasoficinas.com\/pt\/wp-content\/uploads\/2022\/11\/AutopecasCAB-768x436.jpeg 768w\" sizes=\"auto, (max-width: 1024px) 100vw, 1024px\" \/><\/strong><\/p>\n<p><strong>Cada neg\u00f3cio tem a sua hist\u00f3ria e a da Polibaterias \u00e9 daquelas que n\u00e3o passa despercebida. Fundada por Nuno Guerra, come\u00e7ou por ser um neg\u00f3cio local e regional, e hoje det\u00e9m a representa\u00e7\u00e3o de marcas como a Fiamm e Eurocell<\/strong><\/p>\n<p>Para completar a gama de produtos, distribui os aparelhos de teste e an\u00e1lise de baterias, carregadores e Boosters\/Arrancadores para baterias do fabricante italiano Electromem.<\/p>\n<p>Sempre atenta \u00e0s tend\u00eancias atuais e futuras, a Polibaterias tem vindo a consolidar a sua gama Eurocell e mais recentemente, renovou o \u201clook\u201d da Xtreme, a sua gama premium.<\/p>\n<p><strong>Como \u00e9 constitu\u00edda a oferta atual da sua empresa, a n\u00edvel de marcas e gamas de produtos?<br \/>\n<\/strong>A Polibaterias \u00e9 o representante para Portugal das baterias de arranque FIAMM, com origem em It\u00e1lia, o terceiro maior fabricante europeu de baterias de arranque, e fornecedor das principais marcas autom\u00f3veis (OEM). Distribu\u00edmos tamb\u00e9m a EUROCELL, marca portuguesa registada pela empresa, com quase 20 anos de presen\u00e7a no mercado e com produtos de qualidade comprovada de origem certificada e controlada pela nossa empresa.<\/p>\n<p>Para al\u00e9m das baterias de arranque, em que somos especialistas e onde disponibilizamos uma vasta gama de baterias, com produtos exclusivos no mercado que outros distribuidores\/importadores n\u00e3o comercializam, tamb\u00e9m procuramos dar resposta a outras vertentes da \u00e1rea dos acumuladores, onde se incluem as Baterias Industriais (Estacion\u00e1rias- Agm, Vrla, Gel, Deep Cycle e tamb\u00e9m Baterias de Tra\u00e7\u00e3o \u2013 Tubulares, Monoblocos, Agm, Gel) para as mais diversas aplica\u00e7\u00f5es: Ups, centrais telef\u00f3nicas, cadeiras de rodas motorizadas, carros e troleys de golfe, scooters el\u00e9tricas, equipamentos hospitalares, alarmes, sistemas fotovoltaicos e e\u00f3licos, empilhadores, m\u00e1quinas elevadoras e lavadoras, varredouras, etc.<\/p>\n<p>Para completar a nossa gama de produtos, distribu\u00edmos toda a gama de Aparelhos de Teste e An\u00e1lise de Baterias, Carregadores e Boosters\/Arrancadores para baterias do fabricante italiano ELECTROMEM.<div class='yrm-content yrm-content-2 yrm-content-hide  ' id='yrm-LvYHn' data-id='2' data-show-status='false' data-after-action='' style=\"visibility: hidden;height: 0;\">\n\t\t\t<div id='yrm-inner-content-yrm-LvYHn' class='yrm-inner-content-wrapper yrm-cntent-2'><\/p>\n<p><strong>Celebraram 25 anos em 2021, e lan\u00e7aram um livro, pelo qu\u00ea que \u00e9 composto este livro e o que representa para a empresa?<br \/>\n<\/strong>25 anos s\u00e3o um marco na vida de qualquer institui\u00e7\u00e3o. Temos orgulho no que alcan\u00e7\u00e1mos nestes 25 anos, e, tamb\u00e9m em virtude de estarmos em confinamento por altura desse anivers\u00e1rio, surgiu a ideia de o comemorar com o lan\u00e7amento deste livro.<\/p>\n<p>No mesmo pode conhecer-se a hist\u00f3ria da Polibaterias, dos seus colaboradores, das marcas que representa, de v\u00e1rias perip\u00e9cias, momentos bons, outros mais dif\u00edceis, mas tamb\u00e9m decisivos e marcantes na vida da mesma.<\/p>\n<p><strong>Considera que para crescer t\u00eam de aumentar o vosso portf\u00f3lio de marcas?<br \/>\n<\/strong>O crescimento nem sempre est\u00e1 associado a um aumento de disponibilidade de produtos ou marcas. Por vezes, basta estar preparado e ter ao nosso lado parceiros que nos permitam estar sempre na vanguarda da tecnologia e ter uma oferta adequada para as diversas \u00e1reas em que operamos. No entanto mantemo-nos atentos a essa possibilidade.<\/p>\n<p><strong>O aumento do n\u00famero de marcas e de refer\u00eancias exige mais espa\u00e7o de armazenamento. Como est\u00e3o a resolver esta situa\u00e7\u00e3o para aumentar o vosso stock?<br \/>\n<\/strong>Os armaz\u00e9ns da Polibaterias est\u00e3o dimensionados para as necessidades de stocks da empresa. No entanto temos previsto a m\u00e9dio prazo, e se necess\u00e1rio, antecipar a amplia\u00e7\u00e3o das instala\u00e7\u00f5es do Seixal.<\/p>\n<p><strong>Est\u00e1 previsto o lan\u00e7amento de mais marcas e novas linhas de produto?<br \/>\n<\/strong>Neste momento estamos ainda em fase de lan\u00e7amento da renovada gama da EUROCELL Xtreme, a nossa gama premium. Com um novo look, bloco em cinza, seladas e sem manuten\u00e7\u00e3o com sistema de \u201colho m\u00e1gico\u201d, nova imagem em vermelho e negro, e capacidades superiores. Estamos a oferecer polos na aquisi\u00e7\u00e3o de baterias desta gama.<\/p>\n<p><strong>Qual o desempenho da vossa marca EUROCELL?<br \/>\n<\/strong>A EUROCELL tem vindo a consolidar a sua posi\u00e7\u00e3o no nosso mercado, e tamb\u00e9m no exterior com alguma exporta\u00e7\u00e3o. \u00c9 um produto reconhecido pelos nossos parceiros e clientes como sendo de qualidade acima da m\u00e9dia, e com uma oferta muito completa, que inclusive supera a de grandes fabricantes europeus. Al\u00e9m disso possui duas gamas, uma standard (STD) e outra Premium (Xtreme) que se adequam perfeitamente \u00e0s necessidades do nosso parque autom\u00f3vel.<\/p>\n<p><strong>O custo m\u00e9dio dos componentes vai continuar a aumentar em 2022. Que efeitos esta situa\u00e7\u00e3o poder\u00e1 trazer para o mercado?<br \/>\n<\/strong>\u00c9 do conhecimento geral que a infla\u00e7\u00e3o na zona Euro est\u00e1 a chegar aos 9% e no nosso pa\u00eds em particular quase aos 10%. Os custos de produ\u00e7\u00e3o, nomeadamente ao n\u00edvel das energias e transportes, subiram vertiginosamente e n\u00e3o parecem abrandar. Obviamente que esse facto vai penalizar todo o mercado, e as pe\u00e7as e baterias n\u00e3o ser\u00e3o exce\u00e7\u00e3o. No caso da produ\u00e7\u00e3o de baterias, os custos com energia s\u00e3o tremendos (desde a produ\u00e7\u00e3o em si at\u00e9 a carga final das mesmas), mas existem outros fatores como o pre\u00e7o do chumbo e das restantes mat\u00e9rias primas que constituem uma bateria. Por exemplo o eletr\u00f3lito (vulgo \u00e1cido) subiu mais de 100% o seu custo no espa\u00e7o de 1 ano!<\/p>\n<p><strong>Considera que os utilizadores v\u00e3o privilegiar as marcas low-cost em detrimento das premium, como alternativa \u00e0 escalada de pre\u00e7os?<br \/>\n<\/strong>Sim, essa \u00e9 uma realidade que j\u00e1 se sente, e que sempre sucedeu noutros per\u00edodos de crise e infla\u00e7\u00e3o. Estamos obviamente cientes disso e temos uma oferta adequada na nossa marca EUROCELL, no entanto tentamos dinamizar as vendas e o mercado premium, neste caso da FIAMM, com a\u00e7\u00f5es espec\u00edficas, promo\u00e7\u00f5es e campanhas de marketing e merchandising.<\/p>\n<p><strong>Face \u00e0s dificuldades com os transportes e \u00e0 falta de mat\u00e9rias primas, at\u00e9 quando poder\u00e1 haver escassez de oferta de produto?<br \/>\n<\/strong>Essa \u00e9 uma pergunta que deveria ser transmitida aos mais altos organismos do estado, quer portugu\u00eas quer tamb\u00e9m da Uni\u00e3o Europeia. No entanto a incerteza quanto ao desfecho da guerra na Ucr\u00e2nia cria um estado de inseguran\u00e7a tamb\u00e9m ao n\u00edvel do abastecimento de produtos. Pela nossa parte temos procurado canais e rotas alternativas por forma a minimizar estas condicionantes.<\/p>\n<p><strong>Quais s\u00e3o os pontos chave que definem a atividade do p\u00f3s-venda autom\u00f3vel em Portugal neste per\u00edodo p\u00f3s-pandemia que agora estamos a viver?<br \/>\n<\/strong>Julgamos que o neg\u00f3cio ir\u00e1 manter uma elevada competitividade, quer por a\u00e7\u00e3o da grande quantidade de intervenientes, quer pela entrada de novas marcas low-cost no mercado. Todavia, a falta de qualidade de muitas delas, tem levado a que estes ciclos sejam moment\u00e2neos, pois os distribuidores de baterias e acess\u00f3rios procuram produtos competitivos, mas que lhes assegurem uma boa qualidade, sin\u00f3nimo de continuidade de neg\u00f3cio.<\/p>\n<p>A infla\u00e7\u00e3o ter\u00e1 tamb\u00e9m um papel determinante no desempenho deste e de outros mercados. Determinante ser\u00e1 tamb\u00e9m o final da guerra da Ucr\u00e2nia, e da depend\u00eancia Europeia dos combust\u00edveis e g\u00e1s russos, encontrando uma forma urgente de colmatar esta sujei\u00e7\u00e3o.<\/p>\n<p><strong>A idade m\u00e9dia do parque autom\u00f3vel continua a aumentar. Considera que esta situa\u00e7\u00e3o \u00e9 ben\u00e9fica para a venda de pe\u00e7as?<br \/>\n<\/strong>Em algumas situa\u00e7\u00f5es poder-se-ia dizer que sim, pois um parque mais velho \u00e9 sin\u00f3nimo de mais pe\u00e7as. Mas esse parque ter\u00e1 tend\u00eancia a diminuir por for\u00e7a do abate de VFV, sendo que n\u00e3o h\u00e1 novos ve\u00edculos para compensar esses abates.<\/p>\n<p>Por outro lado, os operadores s\u00e3o obrigados a ter stocks de pe\u00e7as com mais refer\u00eancias para continuar a cobrir o parque autom\u00f3vel mais antigo, mas, ter\u00e3o igualmente de colocar em stock novas refer\u00eancia para viaturas mais recentes, o que obriga a um maior esfor\u00e7o log\u00edstico e financeiro.<\/p>\n<p><strong>Os carros el\u00e9tricos t\u00eam menos 60 a 70% da manuten\u00e7\u00e3o da que t\u00eam atualmente os carros com motor a combust\u00e3o. O que est\u00e1 a fazer a sua empresa para compensar esta quebra de neg\u00f3cio?<br \/>\n<\/strong>Os ve\u00edculos el\u00e9tricos t\u00eam realmente uma menor necessidade de manuten\u00e7\u00e3o. No entanto, os motores de combust\u00e3o n\u00e3o t\u00eam os dias contados. Ainda teremos essa tecnologia por muitas d\u00e9cadas. Al\u00e9m disso, no que a baterias diz respeito, esses ve\u00edculos, v\u00eam equipados para al\u00e9m da bateria para alimenta\u00e7\u00e3o do motor el\u00e9trico (l\u00edtio), com uma bateria AGM para alimentar as unidades de comando e outros equipamentos de 12V, pelo que existe uma continuidade para esta \u00e1rea de produto. No entanto temos desenvolvido com maior din\u00e2mica a \u00e1rea Industrial por forma a equilibrar uma poss\u00edvel quebra nas baterias de arranque.<\/p>\n<p><strong>O custo log\u00edstico da entrega das pe\u00e7as nas oficinas tem vindo a aumentar. Compensa ao distribuidor\/retalhista suportar este custo?<br \/>\n<\/strong>Infelizmente esse acr\u00e9scimo de custos \u00e9 uma realidade que os distribuidores n\u00e3o poder\u00e3o suportar, sob pena de entrarem em dificuldades financeiras a curto ou m\u00e9dio prazo. Esse custo\/aumento, como todos os outros, devem, numa l\u00f3gica macroecon\u00f3mica, ser refletidos no pre\u00e7o final ao cliente.<\/p>\n<p><strong>Como est\u00e3o a conseguir fidelizar os vossos clientes numa altura em que a concorr\u00eancia \u00e9 cada vez maior?<br \/>\n<\/strong>Felizmente temos criado v\u00e1rias parcerias com os nossos clientes ao longo dos anos, que t\u00eam vindo a ser fortalecidas com muito empenho, atrav\u00e9s de forma\u00e7\u00e3o constante e o devido apoio comercial, t\u00e9cnico e de marketing a esses mesmos clientes.<\/p>\n<p><strong>Que desafios se colocam ao futuro da sua empresa?<br \/>\n<\/strong>No futuro, e numa perspetiva de m\u00e9dio prazo, prevemos que as baterias convencionais de chumbo \u00e1cido mantenham o seu dom\u00ednio no mercado, em virtude do elevado envelhecimento do parque autom\u00f3vel, mas tamb\u00e9m pela baixa ado\u00e7\u00e3o por parte dos condutores portugueses de ve\u00edculos el\u00e9tricos e h\u00edbridos.<\/p>\n<p>As baterias para sistemas com Start-Stop t\u00eam vindo a representar o maior crescimento, entre todas as \u00e1reas de arranque, sendo que j\u00e1 representam 15% do volume total de vendas. O mercado dos ve\u00edculos el\u00e9tricos apresenta ainda uma possibilidade de grande desenvolvimento ao n\u00edvel das baterias e das tecnologias, sejam l\u00edtio ou hidrog\u00e9nio.<\/p>\n<p>Iremos continuar atentos a estes desenvolvimentos e continuar a aposta na forma\u00e7\u00e3o e em produtos inovadores, sempre com um olhar atento a novas tecnologias e oportunidades.<\/p>\n<p><strong>Como est\u00e1 a ser o desempenho da sua empresa neste ano 2022?<br \/>\n<\/strong>O mercado de 2022, e em particular o primeiro semestre, foram sin\u00f3nimo de alguma inconst\u00e2ncia, mas no c\u00f4mputo geral estamos a conseguir atingir os nossos objetivos, pelo que, esperamos conseguir terminar o ano com o sucesso pretendido, pese embora a incerteza quanto ao futuro, e a diversos fatores que referi anteriormente, que poder\u00e3o sem d\u00favida ter o seu impacto.<\/p>\n<p><\/div>\n\t\t<\/div><div class='yrm-btn-wrapper yrm-btn-wrapper-2 yrm-more-button-wrapper  '\n\t\tdata-custom-more-class-name='' data-custom-less-class-name=''><span title='' data-less-title='' data-more-title='' class='yrm-toggle-expand  yrm-toggle-expand-2 ' data-rel='yrm-LvYHn' data-more='Continue a ler' data-less='Menos texto'><span class='yrm-text-wrapper yrm-text-wrapper-custom-dimensions'><span class=\"yrm-button-text-2 yrm-button-text-span\">Continue a ler<\/span><\/span><\/span><\/div><\/p>\n","protected":false},"excerpt":{"rendered":"<p>Cada neg\u00f3cio tem a sua hist\u00f3ria&#8230;<\/p>\n","protected":false},"author":15,"featured_media":34990,"comment_status":"closed","ping_status":"closed","sticky":false,"template":"","format":"standard","meta":{"footnotes":""},"categories":[38],"tags":[512,1662,392,394],"class_list":["post-35000","post","type-post","status-publish","format-standard","has-post-thumbnail","hentry","category-entrevistas","tag-baterias","tag-eurocell","tag-fiamm","tag-polibaterias"],"yoast_head":"<!-- This site is optimized with the Yoast SEO plugin v27.5 - https:\/\/yoast.com\/product\/yoast-seo-wordpress\/ -->\n<title>\u201cTemos orgulho no que alcan\u00e7\u00e1mos nestes 25 anos de atividade\u201d, Nuno Guerra, Polibaterias - Jornal das Oficinas<\/title>\n<meta name=\"description\" content=\"Cada neg\u00f3cio tem a sua hist\u00f3ria e a da Polibaterias \u00e9 daquelas que n\u00e3o passa despercebida. Come\u00e7ou por ser um neg\u00f3cio local e regional, e hoje det\u00e9m a representa\u00e7\u00e3o de marcas como a Fiamm e Eurocell\" \/>\n<meta name=\"robots\" content=\"index, follow, max-snippet:-1, max-image-preview:large, max-video-preview:-1\" \/>\n<link rel=\"canonical\" href=\"https:\/\/jornaldasoficinas.com\/pt\/temos-orgulho-no-que-alcancamos-nestes-25-anos-de-atividade-nuno-guerra-polibaterias\/\" \/>\n<meta property=\"og:locale\" content=\"pt_PT\" \/>\n<meta property=\"og:type\" content=\"article\" \/>\n<meta property=\"og:title\" content=\"\u201cTemos orgulho no que alcan\u00e7\u00e1mos nestes 25 anos de atividade\u201d, Nuno Guerra, Polibaterias - Jornal das Oficinas\" \/>\n<meta property=\"og:description\" content=\"Cada neg\u00f3cio tem a sua hist\u00f3ria e a da Polibaterias \u00e9 daquelas que n\u00e3o passa despercebida. Come\u00e7ou por ser um neg\u00f3cio local e regional, e hoje det\u00e9m a representa\u00e7\u00e3o de marcas como a Fiamm e Eurocell\" \/>\n<meta property=\"og:url\" content=\"https:\/\/jornaldasoficinas.com\/pt\/temos-orgulho-no-que-alcancamos-nestes-25-anos-de-atividade-nuno-guerra-polibaterias\/\" \/>\n<meta property=\"og:site_name\" content=\"Jornal das Oficinas\" \/>\n<meta property=\"article:publisher\" content=\"https:\/\/www.facebook.com\/jornaloficinas\" \/>\n<meta property=\"article:published_time\" content=\"2022-11-27T20:00:05+00:00\" \/>\n<meta property=\"og:image\" content=\"https:\/\/jornaldasoficinas.com\/pt\/wp-content\/uploads\/2022\/11\/AutopecasCAB.jpeg\" \/>\n\t<meta property=\"og:image:width\" content=\"1024\" \/>\n\t<meta property=\"og:image:height\" content=\"581\" \/>\n\t<meta property=\"og:image:type\" content=\"image\/jpeg\" \/>\n<meta name=\"author\" content=\"Reda\u00e7\u00e3o JO\" \/>\n<meta name=\"twitter:card\" content=\"summary_large_image\" \/>\n<meta name=\"twitter:creator\" content=\"@jornaloficinas\" \/>\n<meta name=\"twitter:site\" content=\"@jornaloficinas\" \/>\n<meta name=\"twitter:label1\" content=\"Escrito por\" \/>\n\t<meta name=\"twitter:data1\" content=\"Reda\u00e7\u00e3o JO\" \/>\n\t<meta name=\"twitter:label2\" content=\"Tempo estimado de leitura\" \/>\n\t<meta name=\"twitter:data2\" content=\"9 minutos\" \/>\n<script type=\"application\/ld+json\" class=\"yoast-schema-graph\">{\"@context\":\"https:\\\/\\\/schema.org\",\"@graph\":[{\"@type\":\"Article\",\"@id\":\"https:\\\/\\\/jornaldasoficinas.com\\\/pt\\\/temos-orgulho-no-que-alcancamos-nestes-25-anos-de-atividade-nuno-guerra-polibaterias\\\/#article\",\"isPartOf\":{\"@id\":\"https:\\\/\\\/jornaldasoficinas.com\\\/pt\\\/temos-orgulho-no-que-alcancamos-nestes-25-anos-de-atividade-nuno-guerra-polibaterias\\\/\"},\"author\":{\"name\":\"Reda\u00e7\u00e3o JO\",\"@id\":\"https:\\\/\\\/jornaldasoficinas.com\\\/pt\\\/#\\\/schema\\\/person\\\/a38eef5de2c41d9e7c9ac10141afddf3\"},\"headline\":\"\u201cTemos orgulho no que alcan\u00e7\u00e1mos nestes 25 anos de atividade\u201d, Nuno Guerra, Polibaterias\",\"datePublished\":\"2022-11-27T20:00:05+00:00\",\"mainEntityOfPage\":{\"@id\":\"https:\\\/\\\/jornaldasoficinas.com\\\/pt\\\/temos-orgulho-no-que-alcancamos-nestes-25-anos-de-atividade-nuno-guerra-polibaterias\\\/\"},\"wordCount\":1821,\"publisher\":{\"@id\":\"https:\\\/\\\/jornaldasoficinas.com\\\/pt\\\/#organization\"},\"image\":{\"@id\":\"https:\\\/\\\/jornaldasoficinas.com\\\/pt\\\/temos-orgulho-no-que-alcancamos-nestes-25-anos-de-atividade-nuno-guerra-polibaterias\\\/#primaryimage\"},\"thumbnailUrl\":\"https:\\\/\\\/jornaldasoficinas.com\\\/pt\\\/wp-content\\\/uploads\\\/2022\\\/11\\\/AutopecasCAB.jpeg\",\"keywords\":[\"Baterias\",\"EUROCELL\",\"FIAMM\",\"Polibaterias\"],\"articleSection\":[\"Entrevistas\"],\"inLanguage\":\"pt-PT\"},{\"@type\":\"WebPage\",\"@id\":\"https:\\\/\\\/jornaldasoficinas.com\\\/pt\\\/temos-orgulho-no-que-alcancamos-nestes-25-anos-de-atividade-nuno-guerra-polibaterias\\\/\",\"url\":\"https:\\\/\\\/jornaldasoficinas.com\\\/pt\\\/temos-orgulho-no-que-alcancamos-nestes-25-anos-de-atividade-nuno-guerra-polibaterias\\\/\",\"name\":\"\u201cTemos orgulho no que alcan\u00e7\u00e1mos nestes 25 anos de atividade\u201d, Nuno Guerra, Polibaterias - Jornal das Oficinas\",\"isPartOf\":{\"@id\":\"https:\\\/\\\/jornaldasoficinas.com\\\/pt\\\/#website\"},\"primaryImageOfPage\":{\"@id\":\"https:\\\/\\\/jornaldasoficinas.com\\\/pt\\\/temos-orgulho-no-que-alcancamos-nestes-25-anos-de-atividade-nuno-guerra-polibaterias\\\/#primaryimage\"},\"image\":{\"@id\":\"https:\\\/\\\/jornaldasoficinas.com\\\/pt\\\/temos-orgulho-no-que-alcancamos-nestes-25-anos-de-atividade-nuno-guerra-polibaterias\\\/#primaryimage\"},\"thumbnailUrl\":\"https:\\\/\\\/jornaldasoficinas.com\\\/pt\\\/wp-content\\\/uploads\\\/2022\\\/11\\\/AutopecasCAB.jpeg\",\"datePublished\":\"2022-11-27T20:00:05+00:00\",\"description\":\"Cada neg\u00f3cio tem a sua hist\u00f3ria e a da Polibaterias \u00e9 daquelas que n\u00e3o passa despercebida. Come\u00e7ou por ser um neg\u00f3cio local e regional, e hoje det\u00e9m a representa\u00e7\u00e3o de marcas como a Fiamm e Eurocell\",\"breadcrumb\":{\"@id\":\"https:\\\/\\\/jornaldasoficinas.com\\\/pt\\\/temos-orgulho-no-que-alcancamos-nestes-25-anos-de-atividade-nuno-guerra-polibaterias\\\/#breadcrumb\"},\"inLanguage\":\"pt-PT\",\"potentialAction\":[{\"@type\":\"ReadAction\",\"target\":[\"https:\\\/\\\/jornaldasoficinas.com\\\/pt\\\/temos-orgulho-no-que-alcancamos-nestes-25-anos-de-atividade-nuno-guerra-polibaterias\\\/\"]}]},{\"@type\":\"ImageObject\",\"inLanguage\":\"pt-PT\",\"@id\":\"https:\\\/\\\/jornaldasoficinas.com\\\/pt\\\/temos-orgulho-no-que-alcancamos-nestes-25-anos-de-atividade-nuno-guerra-polibaterias\\\/#primaryimage\",\"url\":\"https:\\\/\\\/jornaldasoficinas.com\\\/pt\\\/wp-content\\\/uploads\\\/2022\\\/11\\\/AutopecasCAB.jpeg\",\"contentUrl\":\"https:\\\/\\\/jornaldasoficinas.com\\\/pt\\\/wp-content\\\/uploads\\\/2022\\\/11\\\/AutopecasCAB.jpeg\",\"width\":1024,\"height\":581,\"caption\":\"11 - AutopecasCAB\"},{\"@type\":\"BreadcrumbList\",\"@id\":\"https:\\\/\\\/jornaldasoficinas.com\\\/pt\\\/temos-orgulho-no-que-alcancamos-nestes-25-anos-de-atividade-nuno-guerra-polibaterias\\\/#breadcrumb\",\"itemListElement\":[{\"@type\":\"ListItem\",\"position\":1,\"name\":\"In\u00edcio\",\"item\":\"https:\\\/\\\/jornaldasoficinas.com\\\/pt\\\/\"},{\"@type\":\"ListItem\",\"position\":2,\"name\":\"\u201cTemos orgulho no que alcan\u00e7\u00e1mos nestes 25 anos de atividade\u201d, Nuno Guerra, Polibaterias\"}]},{\"@type\":\"WebSite\",\"@id\":\"https:\\\/\\\/jornaldasoficinas.com\\\/pt\\\/#website\",\"url\":\"https:\\\/\\\/jornaldasoficinas.com\\\/pt\\\/\",\"name\":\"Jornal das Oficinas\",\"description\":\"Jornal independente do Aftermarket Autom\u00f3vel em Portugal\",\"publisher\":{\"@id\":\"https:\\\/\\\/jornaldasoficinas.com\\\/pt\\\/#organization\"},\"potentialAction\":[{\"@type\":\"SearchAction\",\"target\":{\"@type\":\"EntryPoint\",\"urlTemplate\":\"https:\\\/\\\/jornaldasoficinas.com\\\/pt\\\/?s={search_term_string}\"},\"query-input\":{\"@type\":\"PropertyValueSpecification\",\"valueRequired\":true,\"valueName\":\"search_term_string\"}}],\"inLanguage\":\"pt-PT\"},{\"@type\":\"Organization\",\"@id\":\"https:\\\/\\\/jornaldasoficinas.com\\\/pt\\\/#organization\",\"name\":\"Jornal das Oficinas\",\"url\":\"https:\\\/\\\/jornaldasoficinas.com\\\/pt\\\/\",\"logo\":{\"@type\":\"ImageObject\",\"inLanguage\":\"pt-PT\",\"@id\":\"https:\\\/\\\/jornaldasoficinas.com\\\/pt\\\/#\\\/schema\\\/logo\\\/image\\\/\",\"url\":\"https:\\\/\\\/jornaldasoficinas.com\\\/pt\\\/wp-content\\\/uploads\\\/logoJO-SEO.png\",\"contentUrl\":\"https:\\\/\\\/jornaldasoficinas.com\\\/pt\\\/wp-content\\\/uploads\\\/logoJO-SEO.png\",\"width\":285,\"height\":450,\"caption\":\"Jornal das Oficinas\"},\"image\":{\"@id\":\"https:\\\/\\\/jornaldasoficinas.com\\\/pt\\\/#\\\/schema\\\/logo\\\/image\\\/\"},\"sameAs\":[\"https:\\\/\\\/www.facebook.com\\\/jornaloficinas\",\"https:\\\/\\\/x.com\\\/jornaloficinas\",\"https:\\\/\\\/www.instagram.com\\\/jornal_oficinas\\\/\",\"https:\\\/\\\/www.linkedin.com\\\/company\\\/jornal-das-oficinas\\\/\",\"https:\\\/\\\/www.youtube.com\\\/channel\\\/UCbQZBqtcvV-oSQrr7RzINGg\"]},{\"@type\":\"Person\",\"@id\":\"https:\\\/\\\/jornaldasoficinas.com\\\/pt\\\/#\\\/schema\\\/person\\\/a38eef5de2c41d9e7c9ac10141afddf3\",\"name\":\"Reda\u00e7\u00e3o JO\",\"image\":{\"@type\":\"ImageObject\",\"inLanguage\":\"pt-PT\",\"@id\":\"https:\\\/\\\/secure.gravatar.com\\\/avatar\\\/71f2fa71737ad68a84fea94bc708ddac8ea5b0c4788dc2ad202f3ccb2887742f?s=96&d=wp_user_avatar&r=g\",\"url\":\"https:\\\/\\\/secure.gravatar.com\\\/avatar\\\/71f2fa71737ad68a84fea94bc708ddac8ea5b0c4788dc2ad202f3ccb2887742f?s=96&d=wp_user_avatar&r=g\",\"contentUrl\":\"https:\\\/\\\/secure.gravatar.com\\\/avatar\\\/71f2fa71737ad68a84fea94bc708ddac8ea5b0c4788dc2ad202f3ccb2887742f?s=96&d=wp_user_avatar&r=g\",\"caption\":\"Reda\u00e7\u00e3o JO\"},\"url\":\"https:\\\/\\\/jornaldasoficinas.com\\\/pt\\\/author\\\/joredacao\\\/\"}]}<\/script>\n<!-- \/ Yoast SEO plugin. -->","yoast_head_json":{"title":"\u201cTemos orgulho no que alcan\u00e7\u00e1mos nestes 25 anos de atividade\u201d, Nuno Guerra, Polibaterias - Jornal das Oficinas","description":"Cada neg\u00f3cio tem a sua hist\u00f3ria e a da Polibaterias \u00e9 daquelas que n\u00e3o passa despercebida. Come\u00e7ou por ser um neg\u00f3cio local e regional, e hoje det\u00e9m a representa\u00e7\u00e3o de marcas como a Fiamm e Eurocell","robots":{"index":"index","follow":"follow","max-snippet":"max-snippet:-1","max-image-preview":"max-image-preview:large","max-video-preview":"max-video-preview:-1"},"canonical":"https:\/\/jornaldasoficinas.com\/pt\/temos-orgulho-no-que-alcancamos-nestes-25-anos-de-atividade-nuno-guerra-polibaterias\/","og_locale":"pt_PT","og_type":"article","og_title":"\u201cTemos orgulho no que alcan\u00e7\u00e1mos nestes 25 anos de atividade\u201d, Nuno Guerra, Polibaterias - Jornal das Oficinas","og_description":"Cada neg\u00f3cio tem a sua hist\u00f3ria e a da Polibaterias \u00e9 daquelas que n\u00e3o passa despercebida. Come\u00e7ou por ser um neg\u00f3cio local e regional, e hoje det\u00e9m a representa\u00e7\u00e3o de marcas como a Fiamm e Eurocell","og_url":"https:\/\/jornaldasoficinas.com\/pt\/temos-orgulho-no-que-alcancamos-nestes-25-anos-de-atividade-nuno-guerra-polibaterias\/","og_site_name":"Jornal das Oficinas","article_publisher":"https:\/\/www.facebook.com\/jornaloficinas","article_published_time":"2022-11-27T20:00:05+00:00","og_image":[{"width":1024,"height":581,"url":"https:\/\/jornaldasoficinas.com\/pt\/wp-content\/uploads\/2022\/11\/AutopecasCAB.jpeg","type":"image\/jpeg"}],"author":"Reda\u00e7\u00e3o JO","twitter_card":"summary_large_image","twitter_creator":"@jornaloficinas","twitter_site":"@jornaloficinas","twitter_misc":{"Escrito por":"Reda\u00e7\u00e3o JO","Tempo estimado de leitura":"9 minutos"},"schema":{"@context":"https:\/\/schema.org","@graph":[{"@type":"Article","@id":"https:\/\/jornaldasoficinas.com\/pt\/temos-orgulho-no-que-alcancamos-nestes-25-anos-de-atividade-nuno-guerra-polibaterias\/#article","isPartOf":{"@id":"https:\/\/jornaldasoficinas.com\/pt\/temos-orgulho-no-que-alcancamos-nestes-25-anos-de-atividade-nuno-guerra-polibaterias\/"},"author":{"name":"Reda\u00e7\u00e3o JO","@id":"https:\/\/jornaldasoficinas.com\/pt\/#\/schema\/person\/a38eef5de2c41d9e7c9ac10141afddf3"},"headline":"\u201cTemos orgulho no que alcan\u00e7\u00e1mos nestes 25 anos de atividade\u201d, Nuno Guerra, Polibaterias","datePublished":"2022-11-27T20:00:05+00:00","mainEntityOfPage":{"@id":"https:\/\/jornaldasoficinas.com\/pt\/temos-orgulho-no-que-alcancamos-nestes-25-anos-de-atividade-nuno-guerra-polibaterias\/"},"wordCount":1821,"publisher":{"@id":"https:\/\/jornaldasoficinas.com\/pt\/#organization"},"image":{"@id":"https:\/\/jornaldasoficinas.com\/pt\/temos-orgulho-no-que-alcancamos-nestes-25-anos-de-atividade-nuno-guerra-polibaterias\/#primaryimage"},"thumbnailUrl":"https:\/\/jornaldasoficinas.com\/pt\/wp-content\/uploads\/2022\/11\/AutopecasCAB.jpeg","keywords":["Baterias","EUROCELL","FIAMM","Polibaterias"],"articleSection":["Entrevistas"],"inLanguage":"pt-PT"},{"@type":"WebPage","@id":"https:\/\/jornaldasoficinas.com\/pt\/temos-orgulho-no-que-alcancamos-nestes-25-anos-de-atividade-nuno-guerra-polibaterias\/","url":"https:\/\/jornaldasoficinas.com\/pt\/temos-orgulho-no-que-alcancamos-nestes-25-anos-de-atividade-nuno-guerra-polibaterias\/","name":"\u201cTemos orgulho no que alcan\u00e7\u00e1mos nestes 25 anos de atividade\u201d, Nuno Guerra, Polibaterias - Jornal das Oficinas","isPartOf":{"@id":"https:\/\/jornaldasoficinas.com\/pt\/#website"},"primaryImageOfPage":{"@id":"https:\/\/jornaldasoficinas.com\/pt\/temos-orgulho-no-que-alcancamos-nestes-25-anos-de-atividade-nuno-guerra-polibaterias\/#primaryimage"},"image":{"@id":"https:\/\/jornaldasoficinas.com\/pt\/temos-orgulho-no-que-alcancamos-nestes-25-anos-de-atividade-nuno-guerra-polibaterias\/#primaryimage"},"thumbnailUrl":"https:\/\/jornaldasoficinas.com\/pt\/wp-content\/uploads\/2022\/11\/AutopecasCAB.jpeg","datePublished":"2022-11-27T20:00:05+00:00","description":"Cada neg\u00f3cio tem a sua hist\u00f3ria e a da Polibaterias \u00e9 daquelas que n\u00e3o passa despercebida. Come\u00e7ou por ser um neg\u00f3cio local e regional, e hoje det\u00e9m a representa\u00e7\u00e3o de marcas como a Fiamm e Eurocell","breadcrumb":{"@id":"https:\/\/jornaldasoficinas.com\/pt\/temos-orgulho-no-que-alcancamos-nestes-25-anos-de-atividade-nuno-guerra-polibaterias\/#breadcrumb"},"inLanguage":"pt-PT","potentialAction":[{"@type":"ReadAction","target":["https:\/\/jornaldasoficinas.com\/pt\/temos-orgulho-no-que-alcancamos-nestes-25-anos-de-atividade-nuno-guerra-polibaterias\/"]}]},{"@type":"ImageObject","inLanguage":"pt-PT","@id":"https:\/\/jornaldasoficinas.com\/pt\/temos-orgulho-no-que-alcancamos-nestes-25-anos-de-atividade-nuno-guerra-polibaterias\/#primaryimage","url":"https:\/\/jornaldasoficinas.com\/pt\/wp-content\/uploads\/2022\/11\/AutopecasCAB.jpeg","contentUrl":"https:\/\/jornaldasoficinas.com\/pt\/wp-content\/uploads\/2022\/11\/AutopecasCAB.jpeg","width":1024,"height":581,"caption":"11 - AutopecasCAB"},{"@type":"BreadcrumbList","@id":"https:\/\/jornaldasoficinas.com\/pt\/temos-orgulho-no-que-alcancamos-nestes-25-anos-de-atividade-nuno-guerra-polibaterias\/#breadcrumb","itemListElement":[{"@type":"ListItem","position":1,"name":"In\u00edcio","item":"https:\/\/jornaldasoficinas.com\/pt\/"},{"@type":"ListItem","position":2,"name":"\u201cTemos orgulho no que alcan\u00e7\u00e1mos nestes 25 anos de atividade\u201d, Nuno Guerra, Polibaterias"}]},{"@type":"WebSite","@id":"https:\/\/jornaldasoficinas.com\/pt\/#website","url":"https:\/\/jornaldasoficinas.com\/pt\/","name":"Jornal das Oficinas","description":"Jornal independente do Aftermarket Autom\u00f3vel em Portugal","publisher":{"@id":"https:\/\/jornaldasoficinas.com\/pt\/#organization"},"potentialAction":[{"@type":"SearchAction","target":{"@type":"EntryPoint","urlTemplate":"https:\/\/jornaldasoficinas.com\/pt\/?s={search_term_string}"},"query-input":{"@type":"PropertyValueSpecification","valueRequired":true,"valueName":"search_term_string"}}],"inLanguage":"pt-PT"},{"@type":"Organization","@id":"https:\/\/jornaldasoficinas.com\/pt\/#organization","name":"Jornal das Oficinas","url":"https:\/\/jornaldasoficinas.com\/pt\/","logo":{"@type":"ImageObject","inLanguage":"pt-PT","@id":"https:\/\/jornaldasoficinas.com\/pt\/#\/schema\/logo\/image\/","url":"https:\/\/jornaldasoficinas.com\/pt\/wp-content\/uploads\/logoJO-SEO.png","contentUrl":"https:\/\/jornaldasoficinas.com\/pt\/wp-content\/uploads\/logoJO-SEO.png","width":285,"height":450,"caption":"Jornal das Oficinas"},"image":{"@id":"https:\/\/jornaldasoficinas.com\/pt\/#\/schema\/logo\/image\/"},"sameAs":["https:\/\/www.facebook.com\/jornaloficinas","https:\/\/x.com\/jornaloficinas","https:\/\/www.instagram.com\/jornal_oficinas\/","https:\/\/www.linkedin.com\/company\/jornal-das-oficinas\/","https:\/\/www.youtube.com\/channel\/UCbQZBqtcvV-oSQrr7RzINGg"]},{"@type":"Person","@id":"https:\/\/jornaldasoficinas.com\/pt\/#\/schema\/person\/a38eef5de2c41d9e7c9ac10141afddf3","name":"Reda\u00e7\u00e3o JO","image":{"@type":"ImageObject","inLanguage":"pt-PT","@id":"https:\/\/secure.gravatar.com\/avatar\/71f2fa71737ad68a84fea94bc708ddac8ea5b0c4788dc2ad202f3ccb2887742f?s=96&d=wp_user_avatar&r=g","url":"https:\/\/secure.gravatar.com\/avatar\/71f2fa71737ad68a84fea94bc708ddac8ea5b0c4788dc2ad202f3ccb2887742f?s=96&d=wp_user_avatar&r=g","contentUrl":"https:\/\/secure.gravatar.com\/avatar\/71f2fa71737ad68a84fea94bc708ddac8ea5b0c4788dc2ad202f3ccb2887742f?s=96&d=wp_user_avatar&r=g","caption":"Reda\u00e7\u00e3o JO"},"url":"https:\/\/jornaldasoficinas.com\/pt\/author\/joredacao\/"}]}},"_links":{"self":[{"href":"https:\/\/jornaldasoficinas.com\/pt\/wp-json\/wp\/v2\/posts\/35000","targetHints":{"allow":["GET"]}}],"collection":[{"href":"https:\/\/jornaldasoficinas.com\/pt\/wp-json\/wp\/v2\/posts"}],"about":[{"href":"https:\/\/jornaldasoficinas.com\/pt\/wp-json\/wp\/v2\/types\/post"}],"author":[{"embeddable":true,"href":"https:\/\/jornaldasoficinas.com\/pt\/wp-json\/wp\/v2\/users\/15"}],"replies":[{"embeddable":true,"href":"https:\/\/jornaldasoficinas.com\/pt\/wp-json\/wp\/v2\/comments?post=35000"}],"version-history":[{"count":0,"href":"https:\/\/jornaldasoficinas.com\/pt\/wp-json\/wp\/v2\/posts\/35000\/revisions"}],"wp:featuredmedia":[{"embeddable":true,"href":"https:\/\/jornaldasoficinas.com\/pt\/wp-json\/wp\/v2\/media\/34990"}],"wp:attachment":[{"href":"https:\/\/jornaldasoficinas.com\/pt\/wp-json\/wp\/v2\/media?parent=35000"}],"wp:term":[{"taxonomy":"category","embeddable":true,"href":"https:\/\/jornaldasoficinas.com\/pt\/wp-json\/wp\/v2\/categories?post=35000"},{"taxonomy":"post_tag","embeddable":true,"href":"https:\/\/jornaldasoficinas.com\/pt\/wp-json\/wp\/v2\/tags?post=35000"}],"curies":[{"name":"wp","href":"https:\/\/api.w.org\/{rel}","templated":true}]}}