{"id":35031,"date":"2022-11-28T14:00:45","date_gmt":"2022-11-28T14:00:45","guid":{"rendered":"https:\/\/jornaldasoficinas.com\/pt\/?p=35031"},"modified":"2022-11-28T09:36:23","modified_gmt":"2022-11-28T09:36:23","slug":"bilstein-desenvolve-amortecedores-para-a-porsche","status":"publish","type":"post","link":"https:\/\/jornaldasoficinas.com\/pt\/bilstein-desenvolve-amortecedores-para-a-porsche\/","title":{"rendered":"BILSTEIN desenvolve amortecedores para a Porsche"},"content":{"rendered":"<p><img loading=\"lazy\" decoding=\"async\" class=\"alignnone size-full wp-image-35017\" src=\"https:\/\/jornaldasoficinas.com\/pt\/wp-content\/uploads\/2022\/11\/BILSTEIN-desenvolve-amortecedores-para-a-Porsche.jpg\" alt=\"11 - BILSTEIN desenvolve amortecedores para a Porsche\" width=\"1024\" height=\"581\" srcset=\"https:\/\/jornaldasoficinas.com\/pt\/wp-content\/uploads\/2022\/11\/BILSTEIN-desenvolve-amortecedores-para-a-Porsche.jpg 1024w, https:\/\/jornaldasoficinas.com\/pt\/wp-content\/uploads\/2022\/11\/BILSTEIN-desenvolve-amortecedores-para-a-Porsche-300x170.jpg 300w, https:\/\/jornaldasoficinas.com\/pt\/wp-content\/uploads\/2022\/11\/BILSTEIN-desenvolve-amortecedores-para-a-Porsche-150x85.jpg 150w, https:\/\/jornaldasoficinas.com\/pt\/wp-content\/uploads\/2022\/11\/BILSTEIN-desenvolve-amortecedores-para-a-Porsche-768x436.jpg 768w\" sizes=\"auto, (max-width: 1024px) 100vw, 1024px\" \/><\/p>\n<p><strong>Os novos amortecedores com suspens\u00f5es ativas reguladas da Porsche s\u00e3o baseados na inovadora tecnologia DampTronic da <a href=\"https:\/\/bilstein.com\/en\/\" target=\"_blank\" rel=\"noopener\">BILSTEIN<\/a><\/strong><\/p>\n<p>Confort\u00e1vel ou desportivo? H\u00e1 apenas alguns anos, os fabricantes de autom\u00f3veis foram obrigados a decidir sobre um destes pontos-chave no in\u00edcio do desenvolvimento dos seus ve\u00edculos. Afinal, os amortecedores passivos cl\u00e1ssicos t\u00eam apenas uma caracter\u00edstica que define o comportamento do amortecimento.<\/p>\n<p>Por isso, a sua adequa\u00e7\u00e3o pode ser apenas um compromisso entre o conforto e o car\u00e1cter desportivo. Por outro lado, a moderna tecnologia de amortecedores com regula\u00e7\u00e3o ativa permite o equil\u00edbrio perfeito, pois a suspens\u00e3o pode ser adaptada \u00e0 situa\u00e7\u00e3o na estrada: de forma totalmente autom\u00e1tica ou pressionando um bot\u00e3o.<\/p>\n<p>Um exemplo disso \u00e9 a &#8220;Porsche Active Suspension Management&#8221; (PASM), baseada na inovadora tecnologia DampTronic da BILSTEIN. Assim, os especialistas em suspens\u00e3o de Ennepetal tamb\u00e9m t\u00eam os produtos certos com total compatibilidade com PASM no mercado p\u00f3s-venda independente (IAM).<\/p>\n<p>&#8220;Na Porsche, somos um dos poucos fornecedores que oferecem estes amortecedores no mercado p\u00f3s-venda&#8221;, revela Mustafa Yavuz, respons\u00e1vel pelo suporte t\u00e9cnico das oficinas do BILSTEIN Technical Support: &#8220;Aqui, naturalmente, n\u00f3s do IAM tamb\u00e9m beneficiamos significativamente dos nossos conhecimentos de equipamentos originais.&#8221;<\/p>\n<p><strong>\u201cDuas suspens\u00f5es em uma&#8221;: por isso, a compatibilidade com PASM \u00e9 importante<br \/>\n<\/strong>Com a PASM, os condutores Porsche podem definir v\u00e1rias caracter\u00edsticas do amortecedor e, portanto, v\u00e1rias configura\u00e7\u00f5es. Quando o quiserem, o sistema ativo combina duas suspens\u00f5es em uma: uma desportiva-confort\u00e1vel para longas dist\u00e2ncias e uma particularmente desportiva para circuitos. Esta distribui\u00e7\u00e3o entre uma din\u00e2mica de condu\u00e7\u00e3o acentuada e um alto n\u00edvel de conforto \u00e9 particularmente importante para a marca Porsche e para a sua clientela exigente.<\/p>\n<p>A instala\u00e7\u00e3o dos componentes da suspens\u00e3o compat\u00edveis com PASM da BILSTEIN \u00e9 muito simples, tal como as pe\u00e7as originais, atrav\u00e9s do princ\u00edpio Plug &amp; Play. O mesmo se aplica para as pe\u00e7as sobresselentes de s\u00e9rie e as pe\u00e7as sobresselentes de s\u00e9rie aperfei\u00e7oadas, bem como ao segmento de Performance. As configura\u00e7\u00f5es harmoniosas dos amortecedores foram desenvolvidas nas bancadas de teste e nos teste de condu\u00e7\u00e3o da BILSTEIN.<\/p>\n<p>No entanto, os amortecedores BILSTEIN n\u00e3o s\u00e3o compat\u00edveis apenas com todas as caracter\u00edsticas de f\u00e1brica da Porsche. Mustafa Yavuz: &#8220;Seja a PASM da Porsche, Dynamic Chassis Control (DCC) da Volkswagen, C.A.T.S. da Jaguar Land Rover ou a suspens\u00e3o adaptativa da BMW ou Mercedes-Benz: connosco, as oficinas encontrar\u00e3o a solu\u00e7\u00e3o certa para cada modelo de ve\u00edculo no setor dos amortecedores regul\u00e1veis.\u201d<\/p>\n","protected":false},"excerpt":{"rendered":"<p>Os novos amortecedores com suspens\u00f5es ativas&#8230;<\/p>\n","protected":false},"author":15,"featured_media":35017,"comment_status":"closed","ping_status":"closed","sticky":false,"template":"","format":"standard","meta":{"footnotes":""},"categories":[29],"tags":[1014,1012,3174,2074,3175],"class_list":["post-35031","post","type-post","status-publish","format-standard","has-post-thumbnail","hentry","category-empresas","tag-amortecedores","tag-bilstein","tag-damptronic","tag-iam","tag-pasm"],"yoast_head":"<!-- This site is optimized with the Yoast SEO plugin v27.4 - https:\/\/yoast.com\/product\/yoast-seo-wordpress\/ -->\n<title>BILSTEIN desenvolve amortecedores para a Porsche - Jornal das Oficinas<\/title>\n<meta name=\"description\" content=\"Os novos amortecedores com suspens\u00f5es ativas reguladas da Porsche s\u00e3o baseados na inovadora tecnologia DampTronic da BILSTEIN\" \/>\n<meta name=\"robots\" content=\"index, follow, max-snippet:-1, max-image-preview:large, max-video-preview:-1\" \/>\n<link rel=\"canonical\" href=\"https:\/\/jornaldasoficinas.com\/pt\/bilstein-desenvolve-amortecedores-para-a-porsche\/\" \/>\n<meta property=\"og:locale\" content=\"pt_PT\" \/>\n<meta property=\"og:type\" content=\"article\" \/>\n<meta property=\"og:title\" content=\"BILSTEIN desenvolve amortecedores para a Porsche - Jornal das Oficinas\" \/>\n<meta property=\"og:description\" content=\"Os novos amortecedores com suspens\u00f5es ativas reguladas da Porsche s\u00e3o baseados na inovadora tecnologia DampTronic da BILSTEIN\" \/>\n<meta property=\"og:url\" content=\"https:\/\/jornaldasoficinas.com\/pt\/bilstein-desenvolve-amortecedores-para-a-porsche\/\" \/>\n<meta property=\"og:site_name\" content=\"Jornal das Oficinas\" \/>\n<meta property=\"article:publisher\" content=\"https:\/\/www.facebook.com\/jornaloficinas\" \/>\n<meta property=\"article:published_time\" content=\"2022-11-28T14:00:45+00:00\" \/>\n<meta property=\"og:image\" content=\"https:\/\/jornaldasoficinas.com\/pt\/wp-content\/uploads\/2022\/11\/BILSTEIN-desenvolve-amortecedores-para-a-Porsche.jpg\" \/>\n\t<meta property=\"og:image:width\" content=\"1024\" \/>\n\t<meta property=\"og:image:height\" content=\"581\" \/>\n\t<meta property=\"og:image:type\" content=\"image\/jpeg\" \/>\n<meta name=\"author\" content=\"Reda\u00e7\u00e3o JO\" \/>\n<meta name=\"twitter:card\" content=\"summary_large_image\" \/>\n<meta name=\"twitter:creator\" content=\"@jornaloficinas\" \/>\n<meta name=\"twitter:site\" content=\"@jornaloficinas\" \/>\n<meta name=\"twitter:label1\" content=\"Escrito por\" \/>\n\t<meta name=\"twitter:data1\" content=\"Reda\u00e7\u00e3o JO\" \/>\n\t<meta name=\"twitter:label2\" content=\"Tempo estimado de leitura\" \/>\n\t<meta name=\"twitter:data2\" content=\"2 minutos\" \/>\n<script type=\"application\/ld+json\" class=\"yoast-schema-graph\">{\"@context\":\"https:\\\/\\\/schema.org\",\"@graph\":[{\"@type\":\"Article\",\"@id\":\"https:\\\/\\\/jornaldasoficinas.com\\\/pt\\\/bilstein-desenvolve-amortecedores-para-a-porsche\\\/#article\",\"isPartOf\":{\"@id\":\"https:\\\/\\\/jornaldasoficinas.com\\\/pt\\\/bilstein-desenvolve-amortecedores-para-a-porsche\\\/\"},\"author\":{\"name\":\"Reda\u00e7\u00e3o JO\",\"@id\":\"https:\\\/\\\/jornaldasoficinas.com\\\/pt\\\/#\\\/schema\\\/person\\\/a38eef5de2c41d9e7c9ac10141afddf3\"},\"headline\":\"BILSTEIN desenvolve amortecedores para a Porsche\",\"datePublished\":\"2022-11-28T14:00:45+00:00\",\"mainEntityOfPage\":{\"@id\":\"https:\\\/\\\/jornaldasoficinas.com\\\/pt\\\/bilstein-desenvolve-amortecedores-para-a-porsche\\\/\"},\"wordCount\":456,\"publisher\":{\"@id\":\"https:\\\/\\\/jornaldasoficinas.com\\\/pt\\\/#organization\"},\"image\":{\"@id\":\"https:\\\/\\\/jornaldasoficinas.com\\\/pt\\\/bilstein-desenvolve-amortecedores-para-a-porsche\\\/#primaryimage\"},\"thumbnailUrl\":\"https:\\\/\\\/jornaldasoficinas.com\\\/pt\\\/wp-content\\\/uploads\\\/2022\\\/11\\\/BILSTEIN-desenvolve-amortecedores-para-a-Porsche.jpg\",\"keywords\":[\"amortecedores\",\"Bilstein\",\"DampTronic\",\"IAM\",\"PASM\"],\"articleSection\":[\"Empresas\"],\"inLanguage\":\"pt-PT\"},{\"@type\":\"WebPage\",\"@id\":\"https:\\\/\\\/jornaldasoficinas.com\\\/pt\\\/bilstein-desenvolve-amortecedores-para-a-porsche\\\/\",\"url\":\"https:\\\/\\\/jornaldasoficinas.com\\\/pt\\\/bilstein-desenvolve-amortecedores-para-a-porsche\\\/\",\"name\":\"BILSTEIN desenvolve amortecedores para a Porsche - Jornal das Oficinas\",\"isPartOf\":{\"@id\":\"https:\\\/\\\/jornaldasoficinas.com\\\/pt\\\/#website\"},\"primaryImageOfPage\":{\"@id\":\"https:\\\/\\\/jornaldasoficinas.com\\\/pt\\\/bilstein-desenvolve-amortecedores-para-a-porsche\\\/#primaryimage\"},\"image\":{\"@id\":\"https:\\\/\\\/jornaldasoficinas.com\\\/pt\\\/bilstein-desenvolve-amortecedores-para-a-porsche\\\/#primaryimage\"},\"thumbnailUrl\":\"https:\\\/\\\/jornaldasoficinas.com\\\/pt\\\/wp-content\\\/uploads\\\/2022\\\/11\\\/BILSTEIN-desenvolve-amortecedores-para-a-Porsche.jpg\",\"datePublished\":\"2022-11-28T14:00:45+00:00\",\"description\":\"Os novos amortecedores com suspens\u00f5es ativas reguladas da Porsche s\u00e3o baseados na inovadora tecnologia DampTronic da BILSTEIN\",\"breadcrumb\":{\"@id\":\"https:\\\/\\\/jornaldasoficinas.com\\\/pt\\\/bilstein-desenvolve-amortecedores-para-a-porsche\\\/#breadcrumb\"},\"inLanguage\":\"pt-PT\",\"potentialAction\":[{\"@type\":\"ReadAction\",\"target\":[\"https:\\\/\\\/jornaldasoficinas.com\\\/pt\\\/bilstein-desenvolve-amortecedores-para-a-porsche\\\/\"]}]},{\"@type\":\"ImageObject\",\"inLanguage\":\"pt-PT\",\"@id\":\"https:\\\/\\\/jornaldasoficinas.com\\\/pt\\\/bilstein-desenvolve-amortecedores-para-a-porsche\\\/#primaryimage\",\"url\":\"https:\\\/\\\/jornaldasoficinas.com\\\/pt\\\/wp-content\\\/uploads\\\/2022\\\/11\\\/BILSTEIN-desenvolve-amortecedores-para-a-Porsche.jpg\",\"contentUrl\":\"https:\\\/\\\/jornaldasoficinas.com\\\/pt\\\/wp-content\\\/uploads\\\/2022\\\/11\\\/BILSTEIN-desenvolve-amortecedores-para-a-Porsche.jpg\",\"width\":1024,\"height\":581,\"caption\":\"11 - BILSTEIN desenvolve amortecedores para a Porsche\"},{\"@type\":\"BreadcrumbList\",\"@id\":\"https:\\\/\\\/jornaldasoficinas.com\\\/pt\\\/bilstein-desenvolve-amortecedores-para-a-porsche\\\/#breadcrumb\",\"itemListElement\":[{\"@type\":\"ListItem\",\"position\":1,\"name\":\"In\u00edcio\",\"item\":\"https:\\\/\\\/jornaldasoficinas.com\\\/pt\\\/\"},{\"@type\":\"ListItem\",\"position\":2,\"name\":\"BILSTEIN desenvolve amortecedores para a Porsche\"}]},{\"@type\":\"WebSite\",\"@id\":\"https:\\\/\\\/jornaldasoficinas.com\\\/pt\\\/#website\",\"url\":\"https:\\\/\\\/jornaldasoficinas.com\\\/pt\\\/\",\"name\":\"Jornal das Oficinas\",\"description\":\"Jornal independente do Aftermarket Autom\u00f3vel em Portugal\",\"publisher\":{\"@id\":\"https:\\\/\\\/jornaldasoficinas.com\\\/pt\\\/#organization\"},\"potentialAction\":[{\"@type\":\"SearchAction\",\"target\":{\"@type\":\"EntryPoint\",\"urlTemplate\":\"https:\\\/\\\/jornaldasoficinas.com\\\/pt\\\/?s={search_term_string}\"},\"query-input\":{\"@type\":\"PropertyValueSpecification\",\"valueRequired\":true,\"valueName\":\"search_term_string\"}}],\"inLanguage\":\"pt-PT\"},{\"@type\":\"Organization\",\"@id\":\"https:\\\/\\\/jornaldasoficinas.com\\\/pt\\\/#organization\",\"name\":\"Jornal das Oficinas\",\"url\":\"https:\\\/\\\/jornaldasoficinas.com\\\/pt\\\/\",\"logo\":{\"@type\":\"ImageObject\",\"inLanguage\":\"pt-PT\",\"@id\":\"https:\\\/\\\/jornaldasoficinas.com\\\/pt\\\/#\\\/schema\\\/logo\\\/image\\\/\",\"url\":\"https:\\\/\\\/jornaldasoficinas.com\\\/pt\\\/wp-content\\\/uploads\\\/logoJO-SEO.png\",\"contentUrl\":\"https:\\\/\\\/jornaldasoficinas.com\\\/pt\\\/wp-content\\\/uploads\\\/logoJO-SEO.png\",\"width\":285,\"height\":450,\"caption\":\"Jornal das Oficinas\"},\"image\":{\"@id\":\"https:\\\/\\\/jornaldasoficinas.com\\\/pt\\\/#\\\/schema\\\/logo\\\/image\\\/\"},\"sameAs\":[\"https:\\\/\\\/www.facebook.com\\\/jornaloficinas\",\"https:\\\/\\\/x.com\\\/jornaloficinas\",\"https:\\\/\\\/www.instagram.com\\\/jornal_oficinas\\\/\",\"https:\\\/\\\/www.linkedin.com\\\/company\\\/jornal-das-oficinas\\\/\",\"https:\\\/\\\/www.youtube.com\\\/channel\\\/UCbQZBqtcvV-oSQrr7RzINGg\"]},{\"@type\":\"Person\",\"@id\":\"https:\\\/\\\/jornaldasoficinas.com\\\/pt\\\/#\\\/schema\\\/person\\\/a38eef5de2c41d9e7c9ac10141afddf3\",\"name\":\"Reda\u00e7\u00e3o JO\",\"image\":{\"@type\":\"ImageObject\",\"inLanguage\":\"pt-PT\",\"@id\":\"https:\\\/\\\/secure.gravatar.com\\\/avatar\\\/71f2fa71737ad68a84fea94bc708ddac8ea5b0c4788dc2ad202f3ccb2887742f?s=96&d=wp_user_avatar&r=g\",\"url\":\"https:\\\/\\\/secure.gravatar.com\\\/avatar\\\/71f2fa71737ad68a84fea94bc708ddac8ea5b0c4788dc2ad202f3ccb2887742f?s=96&d=wp_user_avatar&r=g\",\"contentUrl\":\"https:\\\/\\\/secure.gravatar.com\\\/avatar\\\/71f2fa71737ad68a84fea94bc708ddac8ea5b0c4788dc2ad202f3ccb2887742f?s=96&d=wp_user_avatar&r=g\",\"caption\":\"Reda\u00e7\u00e3o JO\"},\"url\":\"https:\\\/\\\/jornaldasoficinas.com\\\/pt\\\/author\\\/joredacao\\\/\"}]}<\/script>\n<!-- \/ Yoast SEO plugin. -->","yoast_head_json":{"title":"BILSTEIN desenvolve amortecedores para a Porsche - Jornal das Oficinas","description":"Os novos amortecedores com suspens\u00f5es ativas reguladas da Porsche s\u00e3o baseados na inovadora tecnologia DampTronic da BILSTEIN","robots":{"index":"index","follow":"follow","max-snippet":"max-snippet:-1","max-image-preview":"max-image-preview:large","max-video-preview":"max-video-preview:-1"},"canonical":"https:\/\/jornaldasoficinas.com\/pt\/bilstein-desenvolve-amortecedores-para-a-porsche\/","og_locale":"pt_PT","og_type":"article","og_title":"BILSTEIN desenvolve amortecedores para a Porsche - Jornal das Oficinas","og_description":"Os novos amortecedores com suspens\u00f5es ativas reguladas da Porsche s\u00e3o baseados na inovadora tecnologia DampTronic da BILSTEIN","og_url":"https:\/\/jornaldasoficinas.com\/pt\/bilstein-desenvolve-amortecedores-para-a-porsche\/","og_site_name":"Jornal das Oficinas","article_publisher":"https:\/\/www.facebook.com\/jornaloficinas","article_published_time":"2022-11-28T14:00:45+00:00","og_image":[{"width":1024,"height":581,"url":"https:\/\/jornaldasoficinas.com\/pt\/wp-content\/uploads\/2022\/11\/BILSTEIN-desenvolve-amortecedores-para-a-Porsche.jpg","type":"image\/jpeg"}],"author":"Reda\u00e7\u00e3o JO","twitter_card":"summary_large_image","twitter_creator":"@jornaloficinas","twitter_site":"@jornaloficinas","twitter_misc":{"Escrito por":"Reda\u00e7\u00e3o JO","Tempo estimado de leitura":"2 minutos"},"schema":{"@context":"https:\/\/schema.org","@graph":[{"@type":"Article","@id":"https:\/\/jornaldasoficinas.com\/pt\/bilstein-desenvolve-amortecedores-para-a-porsche\/#article","isPartOf":{"@id":"https:\/\/jornaldasoficinas.com\/pt\/bilstein-desenvolve-amortecedores-para-a-porsche\/"},"author":{"name":"Reda\u00e7\u00e3o JO","@id":"https:\/\/jornaldasoficinas.com\/pt\/#\/schema\/person\/a38eef5de2c41d9e7c9ac10141afddf3"},"headline":"BILSTEIN desenvolve amortecedores para a Porsche","datePublished":"2022-11-28T14:00:45+00:00","mainEntityOfPage":{"@id":"https:\/\/jornaldasoficinas.com\/pt\/bilstein-desenvolve-amortecedores-para-a-porsche\/"},"wordCount":456,"publisher":{"@id":"https:\/\/jornaldasoficinas.com\/pt\/#organization"},"image":{"@id":"https:\/\/jornaldasoficinas.com\/pt\/bilstein-desenvolve-amortecedores-para-a-porsche\/#primaryimage"},"thumbnailUrl":"https:\/\/jornaldasoficinas.com\/pt\/wp-content\/uploads\/2022\/11\/BILSTEIN-desenvolve-amortecedores-para-a-Porsche.jpg","keywords":["amortecedores","Bilstein","DampTronic","IAM","PASM"],"articleSection":["Empresas"],"inLanguage":"pt-PT"},{"@type":"WebPage","@id":"https:\/\/jornaldasoficinas.com\/pt\/bilstein-desenvolve-amortecedores-para-a-porsche\/","url":"https:\/\/jornaldasoficinas.com\/pt\/bilstein-desenvolve-amortecedores-para-a-porsche\/","name":"BILSTEIN desenvolve amortecedores para a Porsche - Jornal das Oficinas","isPartOf":{"@id":"https:\/\/jornaldasoficinas.com\/pt\/#website"},"primaryImageOfPage":{"@id":"https:\/\/jornaldasoficinas.com\/pt\/bilstein-desenvolve-amortecedores-para-a-porsche\/#primaryimage"},"image":{"@id":"https:\/\/jornaldasoficinas.com\/pt\/bilstein-desenvolve-amortecedores-para-a-porsche\/#primaryimage"},"thumbnailUrl":"https:\/\/jornaldasoficinas.com\/pt\/wp-content\/uploads\/2022\/11\/BILSTEIN-desenvolve-amortecedores-para-a-Porsche.jpg","datePublished":"2022-11-28T14:00:45+00:00","description":"Os novos amortecedores com suspens\u00f5es ativas reguladas da Porsche s\u00e3o baseados na inovadora tecnologia DampTronic da BILSTEIN","breadcrumb":{"@id":"https:\/\/jornaldasoficinas.com\/pt\/bilstein-desenvolve-amortecedores-para-a-porsche\/#breadcrumb"},"inLanguage":"pt-PT","potentialAction":[{"@type":"ReadAction","target":["https:\/\/jornaldasoficinas.com\/pt\/bilstein-desenvolve-amortecedores-para-a-porsche\/"]}]},{"@type":"ImageObject","inLanguage":"pt-PT","@id":"https:\/\/jornaldasoficinas.com\/pt\/bilstein-desenvolve-amortecedores-para-a-porsche\/#primaryimage","url":"https:\/\/jornaldasoficinas.com\/pt\/wp-content\/uploads\/2022\/11\/BILSTEIN-desenvolve-amortecedores-para-a-Porsche.jpg","contentUrl":"https:\/\/jornaldasoficinas.com\/pt\/wp-content\/uploads\/2022\/11\/BILSTEIN-desenvolve-amortecedores-para-a-Porsche.jpg","width":1024,"height":581,"caption":"11 - BILSTEIN desenvolve amortecedores para a Porsche"},{"@type":"BreadcrumbList","@id":"https:\/\/jornaldasoficinas.com\/pt\/bilstein-desenvolve-amortecedores-para-a-porsche\/#breadcrumb","itemListElement":[{"@type":"ListItem","position":1,"name":"In\u00edcio","item":"https:\/\/jornaldasoficinas.com\/pt\/"},{"@type":"ListItem","position":2,"name":"BILSTEIN desenvolve amortecedores para a Porsche"}]},{"@type":"WebSite","@id":"https:\/\/jornaldasoficinas.com\/pt\/#website","url":"https:\/\/jornaldasoficinas.com\/pt\/","name":"Jornal das Oficinas","description":"Jornal independente do Aftermarket Autom\u00f3vel em Portugal","publisher":{"@id":"https:\/\/jornaldasoficinas.com\/pt\/#organization"},"potentialAction":[{"@type":"SearchAction","target":{"@type":"EntryPoint","urlTemplate":"https:\/\/jornaldasoficinas.com\/pt\/?s={search_term_string}"},"query-input":{"@type":"PropertyValueSpecification","valueRequired":true,"valueName":"search_term_string"}}],"inLanguage":"pt-PT"},{"@type":"Organization","@id":"https:\/\/jornaldasoficinas.com\/pt\/#organization","name":"Jornal das Oficinas","url":"https:\/\/jornaldasoficinas.com\/pt\/","logo":{"@type":"ImageObject","inLanguage":"pt-PT","@id":"https:\/\/jornaldasoficinas.com\/pt\/#\/schema\/logo\/image\/","url":"https:\/\/jornaldasoficinas.com\/pt\/wp-content\/uploads\/logoJO-SEO.png","contentUrl":"https:\/\/jornaldasoficinas.com\/pt\/wp-content\/uploads\/logoJO-SEO.png","width":285,"height":450,"caption":"Jornal das Oficinas"},"image":{"@id":"https:\/\/jornaldasoficinas.com\/pt\/#\/schema\/logo\/image\/"},"sameAs":["https:\/\/www.facebook.com\/jornaloficinas","https:\/\/x.com\/jornaloficinas","https:\/\/www.instagram.com\/jornal_oficinas\/","https:\/\/www.linkedin.com\/company\/jornal-das-oficinas\/","https:\/\/www.youtube.com\/channel\/UCbQZBqtcvV-oSQrr7RzINGg"]},{"@type":"Person","@id":"https:\/\/jornaldasoficinas.com\/pt\/#\/schema\/person\/a38eef5de2c41d9e7c9ac10141afddf3","name":"Reda\u00e7\u00e3o JO","image":{"@type":"ImageObject","inLanguage":"pt-PT","@id":"https:\/\/secure.gravatar.com\/avatar\/71f2fa71737ad68a84fea94bc708ddac8ea5b0c4788dc2ad202f3ccb2887742f?s=96&d=wp_user_avatar&r=g","url":"https:\/\/secure.gravatar.com\/avatar\/71f2fa71737ad68a84fea94bc708ddac8ea5b0c4788dc2ad202f3ccb2887742f?s=96&d=wp_user_avatar&r=g","contentUrl":"https:\/\/secure.gravatar.com\/avatar\/71f2fa71737ad68a84fea94bc708ddac8ea5b0c4788dc2ad202f3ccb2887742f?s=96&d=wp_user_avatar&r=g","caption":"Reda\u00e7\u00e3o JO"},"url":"https:\/\/jornaldasoficinas.com\/pt\/author\/joredacao\/"}]}},"_links":{"self":[{"href":"https:\/\/jornaldasoficinas.com\/pt\/wp-json\/wp\/v2\/posts\/35031","targetHints":{"allow":["GET"]}}],"collection":[{"href":"https:\/\/jornaldasoficinas.com\/pt\/wp-json\/wp\/v2\/posts"}],"about":[{"href":"https:\/\/jornaldasoficinas.com\/pt\/wp-json\/wp\/v2\/types\/post"}],"author":[{"embeddable":true,"href":"https:\/\/jornaldasoficinas.com\/pt\/wp-json\/wp\/v2\/users\/15"}],"replies":[{"embeddable":true,"href":"https:\/\/jornaldasoficinas.com\/pt\/wp-json\/wp\/v2\/comments?post=35031"}],"version-history":[{"count":0,"href":"https:\/\/jornaldasoficinas.com\/pt\/wp-json\/wp\/v2\/posts\/35031\/revisions"}],"wp:featuredmedia":[{"embeddable":true,"href":"https:\/\/jornaldasoficinas.com\/pt\/wp-json\/wp\/v2\/media\/35017"}],"wp:attachment":[{"href":"https:\/\/jornaldasoficinas.com\/pt\/wp-json\/wp\/v2\/media?parent=35031"}],"wp:term":[{"taxonomy":"category","embeddable":true,"href":"https:\/\/jornaldasoficinas.com\/pt\/wp-json\/wp\/v2\/categories?post=35031"},{"taxonomy":"post_tag","embeddable":true,"href":"https:\/\/jornaldasoficinas.com\/pt\/wp-json\/wp\/v2\/tags?post=35031"}],"curies":[{"name":"wp","href":"https:\/\/api.w.org\/{rel}","templated":true}]}}