{"id":35055,"date":"2022-11-29T16:00:45","date_gmt":"2022-11-29T16:00:45","guid":{"rendered":"https:\/\/jornaldasoficinas.com\/pt\/?p=35055"},"modified":"2022-11-30T15:52:08","modified_gmt":"2022-11-30T15:52:08","slug":"rodapecas-com-formacao-interna-shaeffler","status":"publish","type":"post","link":"https:\/\/jornaldasoficinas.com\/pt\/rodapecas-com-formacao-interna-shaeffler\/","title":{"rendered":"Rodape\u00e7as com forma\u00e7\u00e3o interna SCHAEFFLER"},"content":{"rendered":"<p><img loading=\"lazy\" decoding=\"async\" class=\"alignnone size-full wp-image-35024\" src=\"https:\/\/jornaldasoficinas.com\/pt\/wp-content\/uploads\/2022\/11\/Rodapecas-com-formacao-interna-SHAEFFLER.png\" alt=\"11 - Rodapecas com formacao interna SHAEFFLER\" width=\"1024\" height=\"581\" srcset=\"https:\/\/jornaldasoficinas.com\/pt\/wp-content\/uploads\/2022\/11\/Rodapecas-com-formacao-interna-SHAEFFLER.png 1024w, https:\/\/jornaldasoficinas.com\/pt\/wp-content\/uploads\/2022\/11\/Rodapecas-com-formacao-interna-SHAEFFLER-300x170.png 300w, https:\/\/jornaldasoficinas.com\/pt\/wp-content\/uploads\/2022\/11\/Rodapecas-com-formacao-interna-SHAEFFLER-150x85.png 150w, https:\/\/jornaldasoficinas.com\/pt\/wp-content\/uploads\/2022\/11\/Rodapecas-com-formacao-interna-SHAEFFLER-768x436.png 768w\" sizes=\"auto, (max-width: 1024px) 100vw, 1024px\" \/><\/p>\n<p><strong>A <a href=\"https:\/\/www.rodapecas.com\/\" target=\"_blank\" rel=\"noopener\">Rodape\u00e7as<\/a>, recebeu mais uma forma\u00e7\u00e3o do grupo SCHAEFFLER, que contou com a participa\u00e7\u00e3o de 50 pessoas, repartidas por duas turmas. A primeira decorreu em outubro, no Carri\u00e7o (sede), e a segunda forma\u00e7\u00e3o no passado dia 17 de novembro, no centro de forma\u00e7\u00e3o da empresa, na Marinha Grande<\/strong><\/p>\n<p>A SCHAEFFLER, marca com mais de 70 anos no mercado, especializa-se em componentes e sistemas de alta precis\u00e3o para aplica\u00e7\u00f5es de motor, transmiss\u00e3o e chassis, assim como solu\u00e7\u00f5es de rolamentos e casquilhos de fric\u00e7\u00e3o.<\/p>\n<p>Numa forma\u00e7\u00e3o que decorreu durante 2h, os colaboradores foram informados das novidades da marca e ainda, poss\u00edveis solu\u00e7\u00f5es para n\u00e3o s\u00f3 os problemas di\u00e1rios como tamb\u00e9m para os desafios que surgem conforme a transforma\u00e7\u00e3o do mercado.<\/p>\n<p>A decis\u00e3o de fornecer regularmente forma\u00e7\u00f5es prende-se com a estrat\u00e9gia da Rodape\u00e7as em ampliar o conhecimento dos seus colaboradores nos produtos das marcas com que trabalham e capacit\u00e1-los para um servi\u00e7o de excel\u00eancia aos clientes, nas suas sete lojas distribu\u00eddas no litoral-centro do nosso pa\u00eds.<\/p>\n<p>\u201cCom o mercado autom\u00f3vel em constante mudan\u00e7a \u00e9 fundamental conseguirmo-nos adaptar e formarmos os nossos colaboradores, capacitando-os com melhores experi\u00eancias e conte\u00fados, de forma a melhor servir o cliente final\u201d, afirmou Ricardo Fernandes, Gestor de Produto.<\/p>\n","protected":false},"excerpt":{"rendered":"<p>A Rodape\u00e7as, recebeu mais uma forma\u00e7\u00e3o&#8230;<\/p>\n","protected":false},"author":15,"featured_media":35024,"comment_status":"closed","ping_status":"closed","sticky":false,"template":"","format":"standard","meta":{"footnotes":""},"categories":[29],"tags":[610,1840],"class_list":["post-35055","post","type-post","status-publish","format-standard","has-post-thumbnail","hentry","category-empresas","tag-rodapecas","tag-schaeffler"],"yoast_head":"<!-- This site is optimized with the Yoast SEO plugin v27.4 - https:\/\/yoast.com\/product\/yoast-seo-wordpress\/ -->\n<title>Rodape\u00e7as com forma\u00e7\u00e3o interna SCHAEFFLER - Jornal das Oficinas<\/title>\n<meta name=\"description\" content=\"A Rodape\u00e7as, recebeu mais uma forma\u00e7\u00e3o do grupo SHAEFFLER, que contou com a participa\u00e7\u00e3o de 50 pessoas, repartidas por duas turmas\" \/>\n<meta name=\"robots\" content=\"index, follow, max-snippet:-1, max-image-preview:large, max-video-preview:-1\" \/>\n<link rel=\"canonical\" href=\"https:\/\/jornaldasoficinas.com\/pt\/rodapecas-com-formacao-interna-shaeffler\/\" \/>\n<meta property=\"og:locale\" content=\"pt_PT\" \/>\n<meta property=\"og:type\" content=\"article\" \/>\n<meta property=\"og:title\" content=\"Rodape\u00e7as com forma\u00e7\u00e3o interna SCHAEFFLER - Jornal das Oficinas\" \/>\n<meta property=\"og:description\" content=\"A Rodape\u00e7as, recebeu mais uma forma\u00e7\u00e3o do grupo SHAEFFLER, que contou com a participa\u00e7\u00e3o de 50 pessoas, repartidas por duas turmas\" \/>\n<meta property=\"og:url\" content=\"https:\/\/jornaldasoficinas.com\/pt\/rodapecas-com-formacao-interna-shaeffler\/\" \/>\n<meta property=\"og:site_name\" content=\"Jornal das Oficinas\" \/>\n<meta property=\"article:publisher\" content=\"https:\/\/www.facebook.com\/jornaloficinas\" \/>\n<meta property=\"article:published_time\" content=\"2022-11-29T16:00:45+00:00\" \/>\n<meta property=\"article:modified_time\" content=\"2022-11-30T15:52:08+00:00\" \/>\n<meta property=\"og:image\" content=\"https:\/\/jornaldasoficinas.com\/pt\/wp-content\/uploads\/2022\/11\/Rodapecas-com-formacao-interna-SHAEFFLER.png\" \/>\n\t<meta property=\"og:image:width\" content=\"1024\" \/>\n\t<meta property=\"og:image:height\" content=\"581\" \/>\n\t<meta property=\"og:image:type\" content=\"image\/png\" \/>\n<meta name=\"author\" content=\"Reda\u00e7\u00e3o JO\" \/>\n<meta name=\"twitter:card\" content=\"summary_large_image\" \/>\n<meta name=\"twitter:creator\" content=\"@jornaloficinas\" \/>\n<meta name=\"twitter:site\" content=\"@jornaloficinas\" \/>\n<meta name=\"twitter:label1\" content=\"Escrito por\" \/>\n\t<meta name=\"twitter:data1\" content=\"Reda\u00e7\u00e3o JO\" \/>\n\t<meta name=\"twitter:label2\" content=\"Tempo estimado de leitura\" \/>\n\t<meta name=\"twitter:data2\" content=\"1 minuto\" \/>\n<script type=\"application\/ld+json\" class=\"yoast-schema-graph\">{\"@context\":\"https:\\\/\\\/schema.org\",\"@graph\":[{\"@type\":\"Article\",\"@id\":\"https:\\\/\\\/jornaldasoficinas.com\\\/pt\\\/rodapecas-com-formacao-interna-shaeffler\\\/#article\",\"isPartOf\":{\"@id\":\"https:\\\/\\\/jornaldasoficinas.com\\\/pt\\\/rodapecas-com-formacao-interna-shaeffler\\\/\"},\"author\":{\"name\":\"Reda\u00e7\u00e3o JO\",\"@id\":\"https:\\\/\\\/jornaldasoficinas.com\\\/pt\\\/#\\\/schema\\\/person\\\/a38eef5de2c41d9e7c9ac10141afddf3\"},\"headline\":\"Rodape\u00e7as com forma\u00e7\u00e3o interna SCHAEFFLER\",\"datePublished\":\"2022-11-29T16:00:45+00:00\",\"dateModified\":\"2022-11-30T15:52:08+00:00\",\"mainEntityOfPage\":{\"@id\":\"https:\\\/\\\/jornaldasoficinas.com\\\/pt\\\/rodapecas-com-formacao-interna-shaeffler\\\/\"},\"wordCount\":233,\"publisher\":{\"@id\":\"https:\\\/\\\/jornaldasoficinas.com\\\/pt\\\/#organization\"},\"image\":{\"@id\":\"https:\\\/\\\/jornaldasoficinas.com\\\/pt\\\/rodapecas-com-formacao-interna-shaeffler\\\/#primaryimage\"},\"thumbnailUrl\":\"https:\\\/\\\/jornaldasoficinas.com\\\/pt\\\/wp-content\\\/uploads\\\/2022\\\/11\\\/Rodapecas-com-formacao-interna-SHAEFFLER.png\",\"keywords\":[\"Rodape\u00e7as\",\"Schaeffler\"],\"articleSection\":[\"Empresas\"],\"inLanguage\":\"pt-PT\"},{\"@type\":\"WebPage\",\"@id\":\"https:\\\/\\\/jornaldasoficinas.com\\\/pt\\\/rodapecas-com-formacao-interna-shaeffler\\\/\",\"url\":\"https:\\\/\\\/jornaldasoficinas.com\\\/pt\\\/rodapecas-com-formacao-interna-shaeffler\\\/\",\"name\":\"Rodape\u00e7as com forma\u00e7\u00e3o interna SCHAEFFLER - Jornal das Oficinas\",\"isPartOf\":{\"@id\":\"https:\\\/\\\/jornaldasoficinas.com\\\/pt\\\/#website\"},\"primaryImageOfPage\":{\"@id\":\"https:\\\/\\\/jornaldasoficinas.com\\\/pt\\\/rodapecas-com-formacao-interna-shaeffler\\\/#primaryimage\"},\"image\":{\"@id\":\"https:\\\/\\\/jornaldasoficinas.com\\\/pt\\\/rodapecas-com-formacao-interna-shaeffler\\\/#primaryimage\"},\"thumbnailUrl\":\"https:\\\/\\\/jornaldasoficinas.com\\\/pt\\\/wp-content\\\/uploads\\\/2022\\\/11\\\/Rodapecas-com-formacao-interna-SHAEFFLER.png\",\"datePublished\":\"2022-11-29T16:00:45+00:00\",\"dateModified\":\"2022-11-30T15:52:08+00:00\",\"description\":\"A Rodape\u00e7as, recebeu mais uma forma\u00e7\u00e3o do grupo SHAEFFLER, que contou com a participa\u00e7\u00e3o de 50 pessoas, repartidas por duas turmas\",\"breadcrumb\":{\"@id\":\"https:\\\/\\\/jornaldasoficinas.com\\\/pt\\\/rodapecas-com-formacao-interna-shaeffler\\\/#breadcrumb\"},\"inLanguage\":\"pt-PT\",\"potentialAction\":[{\"@type\":\"ReadAction\",\"target\":[\"https:\\\/\\\/jornaldasoficinas.com\\\/pt\\\/rodapecas-com-formacao-interna-shaeffler\\\/\"]}]},{\"@type\":\"ImageObject\",\"inLanguage\":\"pt-PT\",\"@id\":\"https:\\\/\\\/jornaldasoficinas.com\\\/pt\\\/rodapecas-com-formacao-interna-shaeffler\\\/#primaryimage\",\"url\":\"https:\\\/\\\/jornaldasoficinas.com\\\/pt\\\/wp-content\\\/uploads\\\/2022\\\/11\\\/Rodapecas-com-formacao-interna-SHAEFFLER.png\",\"contentUrl\":\"https:\\\/\\\/jornaldasoficinas.com\\\/pt\\\/wp-content\\\/uploads\\\/2022\\\/11\\\/Rodapecas-com-formacao-interna-SHAEFFLER.png\",\"width\":1024,\"height\":581,\"caption\":\"11 - Rodapecas com formacao interna SHAEFFLER\"},{\"@type\":\"BreadcrumbList\",\"@id\":\"https:\\\/\\\/jornaldasoficinas.com\\\/pt\\\/rodapecas-com-formacao-interna-shaeffler\\\/#breadcrumb\",\"itemListElement\":[{\"@type\":\"ListItem\",\"position\":1,\"name\":\"In\u00edcio\",\"item\":\"https:\\\/\\\/jornaldasoficinas.com\\\/pt\\\/\"},{\"@type\":\"ListItem\",\"position\":2,\"name\":\"Rodape\u00e7as com forma\u00e7\u00e3o interna SCHAEFFLER\"}]},{\"@type\":\"WebSite\",\"@id\":\"https:\\\/\\\/jornaldasoficinas.com\\\/pt\\\/#website\",\"url\":\"https:\\\/\\\/jornaldasoficinas.com\\\/pt\\\/\",\"name\":\"Jornal das Oficinas\",\"description\":\"Jornal independente do Aftermarket Autom\u00f3vel em Portugal\",\"publisher\":{\"@id\":\"https:\\\/\\\/jornaldasoficinas.com\\\/pt\\\/#organization\"},\"potentialAction\":[{\"@type\":\"SearchAction\",\"target\":{\"@type\":\"EntryPoint\",\"urlTemplate\":\"https:\\\/\\\/jornaldasoficinas.com\\\/pt\\\/?s={search_term_string}\"},\"query-input\":{\"@type\":\"PropertyValueSpecification\",\"valueRequired\":true,\"valueName\":\"search_term_string\"}}],\"inLanguage\":\"pt-PT\"},{\"@type\":\"Organization\",\"@id\":\"https:\\\/\\\/jornaldasoficinas.com\\\/pt\\\/#organization\",\"name\":\"Jornal das Oficinas\",\"url\":\"https:\\\/\\\/jornaldasoficinas.com\\\/pt\\\/\",\"logo\":{\"@type\":\"ImageObject\",\"inLanguage\":\"pt-PT\",\"@id\":\"https:\\\/\\\/jornaldasoficinas.com\\\/pt\\\/#\\\/schema\\\/logo\\\/image\\\/\",\"url\":\"https:\\\/\\\/jornaldasoficinas.com\\\/pt\\\/wp-content\\\/uploads\\\/logoJO-SEO.png\",\"contentUrl\":\"https:\\\/\\\/jornaldasoficinas.com\\\/pt\\\/wp-content\\\/uploads\\\/logoJO-SEO.png\",\"width\":285,\"height\":450,\"caption\":\"Jornal das Oficinas\"},\"image\":{\"@id\":\"https:\\\/\\\/jornaldasoficinas.com\\\/pt\\\/#\\\/schema\\\/logo\\\/image\\\/\"},\"sameAs\":[\"https:\\\/\\\/www.facebook.com\\\/jornaloficinas\",\"https:\\\/\\\/x.com\\\/jornaloficinas\",\"https:\\\/\\\/www.instagram.com\\\/jornal_oficinas\\\/\",\"https:\\\/\\\/www.linkedin.com\\\/company\\\/jornal-das-oficinas\\\/\",\"https:\\\/\\\/www.youtube.com\\\/channel\\\/UCbQZBqtcvV-oSQrr7RzINGg\"]},{\"@type\":\"Person\",\"@id\":\"https:\\\/\\\/jornaldasoficinas.com\\\/pt\\\/#\\\/schema\\\/person\\\/a38eef5de2c41d9e7c9ac10141afddf3\",\"name\":\"Reda\u00e7\u00e3o JO\",\"image\":{\"@type\":\"ImageObject\",\"inLanguage\":\"pt-PT\",\"@id\":\"https:\\\/\\\/secure.gravatar.com\\\/avatar\\\/71f2fa71737ad68a84fea94bc708ddac8ea5b0c4788dc2ad202f3ccb2887742f?s=96&d=wp_user_avatar&r=g\",\"url\":\"https:\\\/\\\/secure.gravatar.com\\\/avatar\\\/71f2fa71737ad68a84fea94bc708ddac8ea5b0c4788dc2ad202f3ccb2887742f?s=96&d=wp_user_avatar&r=g\",\"contentUrl\":\"https:\\\/\\\/secure.gravatar.com\\\/avatar\\\/71f2fa71737ad68a84fea94bc708ddac8ea5b0c4788dc2ad202f3ccb2887742f?s=96&d=wp_user_avatar&r=g\",\"caption\":\"Reda\u00e7\u00e3o JO\"},\"url\":\"https:\\\/\\\/jornaldasoficinas.com\\\/pt\\\/author\\\/joredacao\\\/\"}]}<\/script>\n<!-- \/ Yoast SEO plugin. -->","yoast_head_json":{"title":"Rodape\u00e7as com forma\u00e7\u00e3o interna SCHAEFFLER - Jornal das Oficinas","description":"A Rodape\u00e7as, recebeu mais uma forma\u00e7\u00e3o do grupo SHAEFFLER, que contou com a participa\u00e7\u00e3o de 50 pessoas, repartidas por duas turmas","robots":{"index":"index","follow":"follow","max-snippet":"max-snippet:-1","max-image-preview":"max-image-preview:large","max-video-preview":"max-video-preview:-1"},"canonical":"https:\/\/jornaldasoficinas.com\/pt\/rodapecas-com-formacao-interna-shaeffler\/","og_locale":"pt_PT","og_type":"article","og_title":"Rodape\u00e7as com forma\u00e7\u00e3o interna SCHAEFFLER - Jornal das Oficinas","og_description":"A Rodape\u00e7as, recebeu mais uma forma\u00e7\u00e3o do grupo SHAEFFLER, que contou com a participa\u00e7\u00e3o de 50 pessoas, repartidas por duas turmas","og_url":"https:\/\/jornaldasoficinas.com\/pt\/rodapecas-com-formacao-interna-shaeffler\/","og_site_name":"Jornal das Oficinas","article_publisher":"https:\/\/www.facebook.com\/jornaloficinas","article_published_time":"2022-11-29T16:00:45+00:00","article_modified_time":"2022-11-30T15:52:08+00:00","og_image":[{"width":1024,"height":581,"url":"https:\/\/jornaldasoficinas.com\/pt\/wp-content\/uploads\/2022\/11\/Rodapecas-com-formacao-interna-SHAEFFLER.png","type":"image\/png"}],"author":"Reda\u00e7\u00e3o JO","twitter_card":"summary_large_image","twitter_creator":"@jornaloficinas","twitter_site":"@jornaloficinas","twitter_misc":{"Escrito por":"Reda\u00e7\u00e3o JO","Tempo estimado de leitura":"1 minuto"},"schema":{"@context":"https:\/\/schema.org","@graph":[{"@type":"Article","@id":"https:\/\/jornaldasoficinas.com\/pt\/rodapecas-com-formacao-interna-shaeffler\/#article","isPartOf":{"@id":"https:\/\/jornaldasoficinas.com\/pt\/rodapecas-com-formacao-interna-shaeffler\/"},"author":{"name":"Reda\u00e7\u00e3o JO","@id":"https:\/\/jornaldasoficinas.com\/pt\/#\/schema\/person\/a38eef5de2c41d9e7c9ac10141afddf3"},"headline":"Rodape\u00e7as com forma\u00e7\u00e3o interna SCHAEFFLER","datePublished":"2022-11-29T16:00:45+00:00","dateModified":"2022-11-30T15:52:08+00:00","mainEntityOfPage":{"@id":"https:\/\/jornaldasoficinas.com\/pt\/rodapecas-com-formacao-interna-shaeffler\/"},"wordCount":233,"publisher":{"@id":"https:\/\/jornaldasoficinas.com\/pt\/#organization"},"image":{"@id":"https:\/\/jornaldasoficinas.com\/pt\/rodapecas-com-formacao-interna-shaeffler\/#primaryimage"},"thumbnailUrl":"https:\/\/jornaldasoficinas.com\/pt\/wp-content\/uploads\/2022\/11\/Rodapecas-com-formacao-interna-SHAEFFLER.png","keywords":["Rodape\u00e7as","Schaeffler"],"articleSection":["Empresas"],"inLanguage":"pt-PT"},{"@type":"WebPage","@id":"https:\/\/jornaldasoficinas.com\/pt\/rodapecas-com-formacao-interna-shaeffler\/","url":"https:\/\/jornaldasoficinas.com\/pt\/rodapecas-com-formacao-interna-shaeffler\/","name":"Rodape\u00e7as com forma\u00e7\u00e3o interna SCHAEFFLER - Jornal das Oficinas","isPartOf":{"@id":"https:\/\/jornaldasoficinas.com\/pt\/#website"},"primaryImageOfPage":{"@id":"https:\/\/jornaldasoficinas.com\/pt\/rodapecas-com-formacao-interna-shaeffler\/#primaryimage"},"image":{"@id":"https:\/\/jornaldasoficinas.com\/pt\/rodapecas-com-formacao-interna-shaeffler\/#primaryimage"},"thumbnailUrl":"https:\/\/jornaldasoficinas.com\/pt\/wp-content\/uploads\/2022\/11\/Rodapecas-com-formacao-interna-SHAEFFLER.png","datePublished":"2022-11-29T16:00:45+00:00","dateModified":"2022-11-30T15:52:08+00:00","description":"A Rodape\u00e7as, recebeu mais uma forma\u00e7\u00e3o do grupo SHAEFFLER, que contou com a participa\u00e7\u00e3o de 50 pessoas, repartidas por duas turmas","breadcrumb":{"@id":"https:\/\/jornaldasoficinas.com\/pt\/rodapecas-com-formacao-interna-shaeffler\/#breadcrumb"},"inLanguage":"pt-PT","potentialAction":[{"@type":"ReadAction","target":["https:\/\/jornaldasoficinas.com\/pt\/rodapecas-com-formacao-interna-shaeffler\/"]}]},{"@type":"ImageObject","inLanguage":"pt-PT","@id":"https:\/\/jornaldasoficinas.com\/pt\/rodapecas-com-formacao-interna-shaeffler\/#primaryimage","url":"https:\/\/jornaldasoficinas.com\/pt\/wp-content\/uploads\/2022\/11\/Rodapecas-com-formacao-interna-SHAEFFLER.png","contentUrl":"https:\/\/jornaldasoficinas.com\/pt\/wp-content\/uploads\/2022\/11\/Rodapecas-com-formacao-interna-SHAEFFLER.png","width":1024,"height":581,"caption":"11 - Rodapecas com formacao interna SHAEFFLER"},{"@type":"BreadcrumbList","@id":"https:\/\/jornaldasoficinas.com\/pt\/rodapecas-com-formacao-interna-shaeffler\/#breadcrumb","itemListElement":[{"@type":"ListItem","position":1,"name":"In\u00edcio","item":"https:\/\/jornaldasoficinas.com\/pt\/"},{"@type":"ListItem","position":2,"name":"Rodape\u00e7as com forma\u00e7\u00e3o interna SCHAEFFLER"}]},{"@type":"WebSite","@id":"https:\/\/jornaldasoficinas.com\/pt\/#website","url":"https:\/\/jornaldasoficinas.com\/pt\/","name":"Jornal das Oficinas","description":"Jornal independente do Aftermarket Autom\u00f3vel em Portugal","publisher":{"@id":"https:\/\/jornaldasoficinas.com\/pt\/#organization"},"potentialAction":[{"@type":"SearchAction","target":{"@type":"EntryPoint","urlTemplate":"https:\/\/jornaldasoficinas.com\/pt\/?s={search_term_string}"},"query-input":{"@type":"PropertyValueSpecification","valueRequired":true,"valueName":"search_term_string"}}],"inLanguage":"pt-PT"},{"@type":"Organization","@id":"https:\/\/jornaldasoficinas.com\/pt\/#organization","name":"Jornal das Oficinas","url":"https:\/\/jornaldasoficinas.com\/pt\/","logo":{"@type":"ImageObject","inLanguage":"pt-PT","@id":"https:\/\/jornaldasoficinas.com\/pt\/#\/schema\/logo\/image\/","url":"https:\/\/jornaldasoficinas.com\/pt\/wp-content\/uploads\/logoJO-SEO.png","contentUrl":"https:\/\/jornaldasoficinas.com\/pt\/wp-content\/uploads\/logoJO-SEO.png","width":285,"height":450,"caption":"Jornal das Oficinas"},"image":{"@id":"https:\/\/jornaldasoficinas.com\/pt\/#\/schema\/logo\/image\/"},"sameAs":["https:\/\/www.facebook.com\/jornaloficinas","https:\/\/x.com\/jornaloficinas","https:\/\/www.instagram.com\/jornal_oficinas\/","https:\/\/www.linkedin.com\/company\/jornal-das-oficinas\/","https:\/\/www.youtube.com\/channel\/UCbQZBqtcvV-oSQrr7RzINGg"]},{"@type":"Person","@id":"https:\/\/jornaldasoficinas.com\/pt\/#\/schema\/person\/a38eef5de2c41d9e7c9ac10141afddf3","name":"Reda\u00e7\u00e3o JO","image":{"@type":"ImageObject","inLanguage":"pt-PT","@id":"https:\/\/secure.gravatar.com\/avatar\/71f2fa71737ad68a84fea94bc708ddac8ea5b0c4788dc2ad202f3ccb2887742f?s=96&d=wp_user_avatar&r=g","url":"https:\/\/secure.gravatar.com\/avatar\/71f2fa71737ad68a84fea94bc708ddac8ea5b0c4788dc2ad202f3ccb2887742f?s=96&d=wp_user_avatar&r=g","contentUrl":"https:\/\/secure.gravatar.com\/avatar\/71f2fa71737ad68a84fea94bc708ddac8ea5b0c4788dc2ad202f3ccb2887742f?s=96&d=wp_user_avatar&r=g","caption":"Reda\u00e7\u00e3o JO"},"url":"https:\/\/jornaldasoficinas.com\/pt\/author\/joredacao\/"}]}},"_links":{"self":[{"href":"https:\/\/jornaldasoficinas.com\/pt\/wp-json\/wp\/v2\/posts\/35055","targetHints":{"allow":["GET"]}}],"collection":[{"href":"https:\/\/jornaldasoficinas.com\/pt\/wp-json\/wp\/v2\/posts"}],"about":[{"href":"https:\/\/jornaldasoficinas.com\/pt\/wp-json\/wp\/v2\/types\/post"}],"author":[{"embeddable":true,"href":"https:\/\/jornaldasoficinas.com\/pt\/wp-json\/wp\/v2\/users\/15"}],"replies":[{"embeddable":true,"href":"https:\/\/jornaldasoficinas.com\/pt\/wp-json\/wp\/v2\/comments?post=35055"}],"version-history":[{"count":0,"href":"https:\/\/jornaldasoficinas.com\/pt\/wp-json\/wp\/v2\/posts\/35055\/revisions"}],"wp:featuredmedia":[{"embeddable":true,"href":"https:\/\/jornaldasoficinas.com\/pt\/wp-json\/wp\/v2\/media\/35024"}],"wp:attachment":[{"href":"https:\/\/jornaldasoficinas.com\/pt\/wp-json\/wp\/v2\/media?parent=35055"}],"wp:term":[{"taxonomy":"category","embeddable":true,"href":"https:\/\/jornaldasoficinas.com\/pt\/wp-json\/wp\/v2\/categories?post=35055"},{"taxonomy":"post_tag","embeddable":true,"href":"https:\/\/jornaldasoficinas.com\/pt\/wp-json\/wp\/v2\/tags?post=35055"}],"curies":[{"name":"wp","href":"https:\/\/api.w.org\/{rel}","templated":true}]}}