{"id":35059,"date":"2022-11-29T18:00:14","date_gmt":"2022-11-29T18:00:14","guid":{"rendered":"https:\/\/jornaldasoficinas.com\/pt\/?p=35059"},"modified":"2022-11-28T17:10:23","modified_gmt":"2022-11-28T17:10:23","slug":"sendys-group-e-watchguard-realizam-webinar-de-ciberseguranca","status":"publish","type":"post","link":"https:\/\/jornaldasoficinas.com\/pt\/sendys-group-e-watchguard-realizam-webinar-de-ciberseguranca\/","title":{"rendered":"Sendys Group e WatchGuard realizam webinar de Ciberseguran\u00e7a"},"content":{"rendered":"<p><img loading=\"lazy\" decoding=\"async\" class=\"alignnone size-full wp-image-35022\" src=\"https:\/\/jornaldasoficinas.com\/pt\/wp-content\/uploads\/2022\/11\/Sendys-Group-e-WatchGuard-realizam-webinar-de-Ciberseguranca.jpeg\" alt=\"11 - Sendys Group e WatchGuard realizam webinar de Ciberseguranca\" width=\"1024\" height=\"581\" srcset=\"https:\/\/jornaldasoficinas.com\/pt\/wp-content\/uploads\/2022\/11\/Sendys-Group-e-WatchGuard-realizam-webinar-de-Ciberseguranca.jpeg 1024w, https:\/\/jornaldasoficinas.com\/pt\/wp-content\/uploads\/2022\/11\/Sendys-Group-e-WatchGuard-realizam-webinar-de-Ciberseguranca-300x170.jpeg 300w, https:\/\/jornaldasoficinas.com\/pt\/wp-content\/uploads\/2022\/11\/Sendys-Group-e-WatchGuard-realizam-webinar-de-Ciberseguranca-150x85.jpeg 150w, https:\/\/jornaldasoficinas.com\/pt\/wp-content\/uploads\/2022\/11\/Sendys-Group-e-WatchGuard-realizam-webinar-de-Ciberseguranca-768x436.jpeg 768w\" sizes=\"auto, (max-width: 1024px) 100vw, 1024px\" \/><\/p>\n<p><strong>O <a href=\"https:\/\/www.sendys.pt\/\" target=\"_blank\" rel=\"noopener\">Sendys Group<\/a>, em parceria com a <a href=\"https:\/\/www.watchguard.com\/br\" target=\"_blank\" rel=\"noopener\">WatchGuard<\/a>, realizou um webinar sobre \u2018Ciberseguran\u00e7a para PME\u2019, no qual participaram clientes e parceiros<\/strong><\/p>\n<p>O evento visou identificar desafios, amea\u00e7as e solu\u00e7\u00f5es para as PME nacionais, particularmente no contexto p\u00f3s-pandemia, per\u00edodo em que as organiza\u00e7\u00f5es se adaptaram em tempo record para encontrar novas maneiras de trabalhar de forma colaborativa.<\/p>\n<p>Disponibilizar acesso remoto a recursos e dados corporativos, de forma a que se mantenha a experi\u00eancia do utilizador, \u00e9 fundamental para a continuidade dos neg\u00f3cios, mas, faz\u00ea-lo com seguran\u00e7a, pode ser uma tarefa \u00e1rdua. Um clique errado pode paralisar o neg\u00f3cio.<\/p>\n<p>Mais do que em qualquer outro momento, as empresas est\u00e3o a repensar como os seus utilizadores podem manter a conex\u00e3o, a produtividade e a seguran\u00e7a num contexto remoto.<\/p>\n<p>Os desafios, hoje, centram-se em manter acessos remotos seguros, no facto de dispositivos pessoais serem usados para trabalho e vice-versa, e os aplicativos na nuvem ser acedidos diretamente, sem prote\u00e7\u00f5es de rede.<\/p>\n<p>Acrescem ainda, neste contexto, outros fatores como a distra\u00e7\u00e3o digital, equipas de TI sobrecarregadas a responder aos desafios da nova realidade, or\u00e7amentos de seguran\u00e7a limitados e escassez de especialistas no mercado.<\/p>\n<p>As quest\u00f5es que se colocam s\u00e3o complexas: qual o custo de ficar um dia, uma semana ou um m\u00eas sem trabalhar? Qual o impacto de um ataque na reputa\u00e7\u00e3o, credibilidade e resultados financeiros de uma empresa\/marca?<\/p>\n<p>As solu\u00e7\u00f5es, aparentemente simples: aumentar a literacia aos colaboradores, dotar as empresas de solu\u00e7\u00f5es de ciberseguran\u00e7a robustas, ter backups atualizados dentro e fora da empresa -quando tudo corre mal, s\u00e3o a \u00fanica sa\u00edda. S\u00f3 assim se garante a continuidade do neg\u00f3cio, com um impacto m\u00ednimo. Como referia Lu\u00eds Nascimento, especialista em ciberseguran\u00e7a da Alidata, \u201cqualquer empresa \u00e9 t\u00e3o forte, quanto o seu elo mais fraco\u201d, e acrescentava: \u201cexistem apenas tr\u00eas tipos de empresas: as que foram atacadas, as que o v\u00e3o ser e as que n\u00e3o sabem que o foram\u201d.<\/p>\n<p><strong>Reconectar com Acesso \u00e0 Rede Zero-Trust<br \/>\n<\/strong>As Redes Privadas Virtuais (VPNs), isoladamente, pressup\u00f5em que qualquer dispositivo que se ligue atrav\u00e9s do seu gateway de rede seja confi\u00e1vel. Embora essa abordagem forne\u00e7a uma liga\u00e7\u00e3o segura e adicione uma camada de seguran\u00e7a a protocolos e servi\u00e7os menos seguros, tamb\u00e9m abre os neg\u00f3cios a ataques que exploram os seus utilizadores remotos e os seus dispositivos. Basta uma senha ou dispositivo de endpoint comprometido e, de repente, essa mesma liga\u00e7\u00e3o VPN torna-se um ponto de entrada para cibercriminosos.<\/p>\n<p>O modelo Zero-Trust elimina esse risco, numa abordagem: \u201cnunca confiar, verificar sempre\u201d. Os acessos s\u00e3o concedidos com base na fun\u00e7\u00e3o do colaborador e do seu status de seguran\u00e7a.<\/p>\n<p><strong>Microssegmenta\u00e7\u00e3o e Zero-Trust<br \/>\n<\/strong>Pol\u00edticas de confian\u00e7a zero abrangem dispositivos, aplica\u00e7\u00f5es e verifica\u00e7\u00e3o e aplica\u00e7\u00e3o de identidade. Isso permite que as equipas de TI apliquem a microssegmenta\u00e7\u00e3o para limitar a oportunidade de amea\u00e7as internas, infiltra\u00e7\u00e3o de rede e movimenta\u00e7\u00e3o lateral. \u00c9 criada uma hierarquia de prote\u00e7\u00e3o para o ambiente corporativo. Diferentes equipas dentro de uma empresa exigem diferentes n\u00edveis de acesso e ainda acesso a aplica\u00e7\u00f5es distintas.<\/p>\n<p><strong>Examinar a seguran\u00e7a<br \/>\n<\/strong>Se lermos apenas as manchetes, pode parecer que defender uma empresa contra ataques requer ferramentas de seguran\u00e7a caras e de ponta, que s\u00f3 s\u00e3o sustent\u00e1veis para equipas de ciberseguran\u00e7a altamente qualificadas e com recursos avultados. Se olharmos mais a fundo, descobriremos que muitas das viola\u00e7\u00f5es come\u00e7aram com explora\u00e7\u00f5es simples de utilizadores, dispositivos e redes, que podem ser evitadas com ferramentas de seguran\u00e7a padr\u00e3o implementadas adequadamente.<\/p>\n<p>Do per\u00edmetro ao endpoint, v\u00e1rias ferramentas diferentes abordam poss\u00edveis vulnerabilidades e detetam viola\u00e7\u00f5es. As abordagens pr\u00e1ticas de confian\u00e7a zero combinam autentica\u00e7\u00e3o, prote\u00e7\u00e3o de endpoint e seguran\u00e7a de rede para limitar o dano potencial de um ataque contra um utilizador.<\/p>\n<p>Essas medidas podem ser tomadas em quatro camadas: bloqueio de amea\u00e7as conhecidas e impedir o acesso n\u00e3o autorizado; controlo do tr\u00e1fego web, simplificando a autentica\u00e7\u00e3o e bloqueio de tentativas de phishing; a terceira camada passa por limitar a exposi\u00e7\u00e3o com base no risco e, finalmente, ado\u00e7\u00e3o de uma abordagem de seguran\u00e7a \u201cnunca confie, verifique sempre\u201d.<\/p>\n<p>O ataque a organiza\u00e7\u00f5es altamente reputadas e globais veio trazer o tema da ciberseguran\u00e7a para a agenda medi\u00e1tica, fazer com que tivesse deixado de ser um tabu empresarial e a virtude de passar a ser um tema discutido abertamente.<\/p>\n<p>Aproveitemos este momento de transi\u00e7\u00e3o e em que o tema est\u00e1 nas diversas agendas, para que as PME nacionais coloquem a ciberseguran\u00e7a no topo das suas prioridades de investimento.<\/p>\n","protected":false},"excerpt":{"rendered":"<p>O Sendys Group, em parceria com&#8230;<\/p>\n","protected":false},"author":15,"featured_media":35022,"comment_status":"closed","ping_status":"closed","sticky":false,"template":"","format":"standard","meta":{"footnotes":""},"categories":[29],"tags":[330,3179],"class_list":["post-35059","post","type-post","status-publish","format-standard","has-post-thumbnail","hentry","category-empresas","tag-sendys-group","tag-watchguard"],"yoast_head":"<!-- This site is optimized with the Yoast SEO plugin v27.4 - https:\/\/yoast.com\/product\/yoast-seo-wordpress\/ -->\n<title>Sendys Group e WatchGuard realizam webinar de Ciberseguran\u00e7a - Jornal das Oficinas<\/title>\n<meta name=\"description\" content=\"O Sendys Group, em parceria com a WatchGuard, realizou um webinar sobre \u2018Ciberseguran\u00e7a para PME\u2019, no qual participaram clientes e parceiros\" \/>\n<meta name=\"robots\" content=\"index, follow, max-snippet:-1, max-image-preview:large, max-video-preview:-1\" \/>\n<link rel=\"canonical\" href=\"https:\/\/jornaldasoficinas.com\/pt\/sendys-group-e-watchguard-realizam-webinar-de-ciberseguranca\/\" \/>\n<meta property=\"og:locale\" content=\"pt_PT\" \/>\n<meta property=\"og:type\" content=\"article\" \/>\n<meta property=\"og:title\" content=\"Sendys Group e WatchGuard realizam webinar de Ciberseguran\u00e7a - Jornal das Oficinas\" \/>\n<meta property=\"og:description\" content=\"O Sendys Group, em parceria com a WatchGuard, realizou um webinar sobre \u2018Ciberseguran\u00e7a para PME\u2019, no qual participaram clientes e parceiros\" \/>\n<meta property=\"og:url\" content=\"https:\/\/jornaldasoficinas.com\/pt\/sendys-group-e-watchguard-realizam-webinar-de-ciberseguranca\/\" \/>\n<meta property=\"og:site_name\" content=\"Jornal das Oficinas\" \/>\n<meta property=\"article:publisher\" content=\"https:\/\/www.facebook.com\/jornaloficinas\" \/>\n<meta property=\"article:published_time\" content=\"2022-11-29T18:00:14+00:00\" \/>\n<meta property=\"og:image\" content=\"https:\/\/jornaldasoficinas.com\/pt\/wp-content\/uploads\/2022\/11\/Sendys-Group-e-WatchGuard-realizam-webinar-de-Ciberseguranca.jpeg\" \/>\n\t<meta property=\"og:image:width\" content=\"1024\" \/>\n\t<meta property=\"og:image:height\" content=\"581\" \/>\n\t<meta property=\"og:image:type\" content=\"image\/jpeg\" \/>\n<meta name=\"author\" content=\"Reda\u00e7\u00e3o JO\" \/>\n<meta name=\"twitter:card\" content=\"summary_large_image\" \/>\n<meta name=\"twitter:creator\" content=\"@jornaloficinas\" \/>\n<meta name=\"twitter:site\" content=\"@jornaloficinas\" \/>\n<meta name=\"twitter:label1\" content=\"Escrito por\" \/>\n\t<meta name=\"twitter:data1\" content=\"Reda\u00e7\u00e3o JO\" \/>\n\t<meta name=\"twitter:label2\" content=\"Tempo estimado de leitura\" \/>\n\t<meta name=\"twitter:data2\" content=\"4 minutos\" \/>\n<script type=\"application\/ld+json\" class=\"yoast-schema-graph\">{\"@context\":\"https:\\\/\\\/schema.org\",\"@graph\":[{\"@type\":\"Article\",\"@id\":\"https:\\\/\\\/jornaldasoficinas.com\\\/pt\\\/sendys-group-e-watchguard-realizam-webinar-de-ciberseguranca\\\/#article\",\"isPartOf\":{\"@id\":\"https:\\\/\\\/jornaldasoficinas.com\\\/pt\\\/sendys-group-e-watchguard-realizam-webinar-de-ciberseguranca\\\/\"},\"author\":{\"name\":\"Reda\u00e7\u00e3o JO\",\"@id\":\"https:\\\/\\\/jornaldasoficinas.com\\\/pt\\\/#\\\/schema\\\/person\\\/a38eef5de2c41d9e7c9ac10141afddf3\"},\"headline\":\"Sendys Group e WatchGuard realizam webinar de Ciberseguran\u00e7a\",\"datePublished\":\"2022-11-29T18:00:14+00:00\",\"mainEntityOfPage\":{\"@id\":\"https:\\\/\\\/jornaldasoficinas.com\\\/pt\\\/sendys-group-e-watchguard-realizam-webinar-de-ciberseguranca\\\/\"},\"wordCount\":820,\"publisher\":{\"@id\":\"https:\\\/\\\/jornaldasoficinas.com\\\/pt\\\/#organization\"},\"image\":{\"@id\":\"https:\\\/\\\/jornaldasoficinas.com\\\/pt\\\/sendys-group-e-watchguard-realizam-webinar-de-ciberseguranca\\\/#primaryimage\"},\"thumbnailUrl\":\"https:\\\/\\\/jornaldasoficinas.com\\\/pt\\\/wp-content\\\/uploads\\\/2022\\\/11\\\/Sendys-Group-e-WatchGuard-realizam-webinar-de-Ciberseguranca.jpeg\",\"keywords\":[\"Sendys Group\",\"WatchGuard\"],\"articleSection\":[\"Empresas\"],\"inLanguage\":\"pt-PT\"},{\"@type\":\"WebPage\",\"@id\":\"https:\\\/\\\/jornaldasoficinas.com\\\/pt\\\/sendys-group-e-watchguard-realizam-webinar-de-ciberseguranca\\\/\",\"url\":\"https:\\\/\\\/jornaldasoficinas.com\\\/pt\\\/sendys-group-e-watchguard-realizam-webinar-de-ciberseguranca\\\/\",\"name\":\"Sendys Group e WatchGuard realizam webinar de Ciberseguran\u00e7a - Jornal das Oficinas\",\"isPartOf\":{\"@id\":\"https:\\\/\\\/jornaldasoficinas.com\\\/pt\\\/#website\"},\"primaryImageOfPage\":{\"@id\":\"https:\\\/\\\/jornaldasoficinas.com\\\/pt\\\/sendys-group-e-watchguard-realizam-webinar-de-ciberseguranca\\\/#primaryimage\"},\"image\":{\"@id\":\"https:\\\/\\\/jornaldasoficinas.com\\\/pt\\\/sendys-group-e-watchguard-realizam-webinar-de-ciberseguranca\\\/#primaryimage\"},\"thumbnailUrl\":\"https:\\\/\\\/jornaldasoficinas.com\\\/pt\\\/wp-content\\\/uploads\\\/2022\\\/11\\\/Sendys-Group-e-WatchGuard-realizam-webinar-de-Ciberseguranca.jpeg\",\"datePublished\":\"2022-11-29T18:00:14+00:00\",\"description\":\"O Sendys Group, em parceria com a WatchGuard, realizou um webinar sobre \u2018Ciberseguran\u00e7a para PME\u2019, no qual participaram clientes e parceiros\",\"breadcrumb\":{\"@id\":\"https:\\\/\\\/jornaldasoficinas.com\\\/pt\\\/sendys-group-e-watchguard-realizam-webinar-de-ciberseguranca\\\/#breadcrumb\"},\"inLanguage\":\"pt-PT\",\"potentialAction\":[{\"@type\":\"ReadAction\",\"target\":[\"https:\\\/\\\/jornaldasoficinas.com\\\/pt\\\/sendys-group-e-watchguard-realizam-webinar-de-ciberseguranca\\\/\"]}]},{\"@type\":\"ImageObject\",\"inLanguage\":\"pt-PT\",\"@id\":\"https:\\\/\\\/jornaldasoficinas.com\\\/pt\\\/sendys-group-e-watchguard-realizam-webinar-de-ciberseguranca\\\/#primaryimage\",\"url\":\"https:\\\/\\\/jornaldasoficinas.com\\\/pt\\\/wp-content\\\/uploads\\\/2022\\\/11\\\/Sendys-Group-e-WatchGuard-realizam-webinar-de-Ciberseguranca.jpeg\",\"contentUrl\":\"https:\\\/\\\/jornaldasoficinas.com\\\/pt\\\/wp-content\\\/uploads\\\/2022\\\/11\\\/Sendys-Group-e-WatchGuard-realizam-webinar-de-Ciberseguranca.jpeg\",\"width\":1024,\"height\":581,\"caption\":\"11 - Sendys Group e WatchGuard realizam webinar de Ciberseguranca\"},{\"@type\":\"BreadcrumbList\",\"@id\":\"https:\\\/\\\/jornaldasoficinas.com\\\/pt\\\/sendys-group-e-watchguard-realizam-webinar-de-ciberseguranca\\\/#breadcrumb\",\"itemListElement\":[{\"@type\":\"ListItem\",\"position\":1,\"name\":\"In\u00edcio\",\"item\":\"https:\\\/\\\/jornaldasoficinas.com\\\/pt\\\/\"},{\"@type\":\"ListItem\",\"position\":2,\"name\":\"Sendys Group e WatchGuard realizam webinar de Ciberseguran\u00e7a\"}]},{\"@type\":\"WebSite\",\"@id\":\"https:\\\/\\\/jornaldasoficinas.com\\\/pt\\\/#website\",\"url\":\"https:\\\/\\\/jornaldasoficinas.com\\\/pt\\\/\",\"name\":\"Jornal das Oficinas\",\"description\":\"Jornal independente do Aftermarket Autom\u00f3vel em Portugal\",\"publisher\":{\"@id\":\"https:\\\/\\\/jornaldasoficinas.com\\\/pt\\\/#organization\"},\"potentialAction\":[{\"@type\":\"SearchAction\",\"target\":{\"@type\":\"EntryPoint\",\"urlTemplate\":\"https:\\\/\\\/jornaldasoficinas.com\\\/pt\\\/?s={search_term_string}\"},\"query-input\":{\"@type\":\"PropertyValueSpecification\",\"valueRequired\":true,\"valueName\":\"search_term_string\"}}],\"inLanguage\":\"pt-PT\"},{\"@type\":\"Organization\",\"@id\":\"https:\\\/\\\/jornaldasoficinas.com\\\/pt\\\/#organization\",\"name\":\"Jornal das Oficinas\",\"url\":\"https:\\\/\\\/jornaldasoficinas.com\\\/pt\\\/\",\"logo\":{\"@type\":\"ImageObject\",\"inLanguage\":\"pt-PT\",\"@id\":\"https:\\\/\\\/jornaldasoficinas.com\\\/pt\\\/#\\\/schema\\\/logo\\\/image\\\/\",\"url\":\"https:\\\/\\\/jornaldasoficinas.com\\\/pt\\\/wp-content\\\/uploads\\\/logoJO-SEO.png\",\"contentUrl\":\"https:\\\/\\\/jornaldasoficinas.com\\\/pt\\\/wp-content\\\/uploads\\\/logoJO-SEO.png\",\"width\":285,\"height\":450,\"caption\":\"Jornal das Oficinas\"},\"image\":{\"@id\":\"https:\\\/\\\/jornaldasoficinas.com\\\/pt\\\/#\\\/schema\\\/logo\\\/image\\\/\"},\"sameAs\":[\"https:\\\/\\\/www.facebook.com\\\/jornaloficinas\",\"https:\\\/\\\/x.com\\\/jornaloficinas\",\"https:\\\/\\\/www.instagram.com\\\/jornal_oficinas\\\/\",\"https:\\\/\\\/www.linkedin.com\\\/company\\\/jornal-das-oficinas\\\/\",\"https:\\\/\\\/www.youtube.com\\\/channel\\\/UCbQZBqtcvV-oSQrr7RzINGg\"]},{\"@type\":\"Person\",\"@id\":\"https:\\\/\\\/jornaldasoficinas.com\\\/pt\\\/#\\\/schema\\\/person\\\/a38eef5de2c41d9e7c9ac10141afddf3\",\"name\":\"Reda\u00e7\u00e3o JO\",\"image\":{\"@type\":\"ImageObject\",\"inLanguage\":\"pt-PT\",\"@id\":\"https:\\\/\\\/secure.gravatar.com\\\/avatar\\\/71f2fa71737ad68a84fea94bc708ddac8ea5b0c4788dc2ad202f3ccb2887742f?s=96&d=wp_user_avatar&r=g\",\"url\":\"https:\\\/\\\/secure.gravatar.com\\\/avatar\\\/71f2fa71737ad68a84fea94bc708ddac8ea5b0c4788dc2ad202f3ccb2887742f?s=96&d=wp_user_avatar&r=g\",\"contentUrl\":\"https:\\\/\\\/secure.gravatar.com\\\/avatar\\\/71f2fa71737ad68a84fea94bc708ddac8ea5b0c4788dc2ad202f3ccb2887742f?s=96&d=wp_user_avatar&r=g\",\"caption\":\"Reda\u00e7\u00e3o JO\"},\"url\":\"https:\\\/\\\/jornaldasoficinas.com\\\/pt\\\/author\\\/joredacao\\\/\"}]}<\/script>\n<!-- \/ Yoast SEO plugin. -->","yoast_head_json":{"title":"Sendys Group e WatchGuard realizam webinar de Ciberseguran\u00e7a - Jornal das Oficinas","description":"O Sendys Group, em parceria com a WatchGuard, realizou um webinar sobre \u2018Ciberseguran\u00e7a para PME\u2019, no qual participaram clientes e parceiros","robots":{"index":"index","follow":"follow","max-snippet":"max-snippet:-1","max-image-preview":"max-image-preview:large","max-video-preview":"max-video-preview:-1"},"canonical":"https:\/\/jornaldasoficinas.com\/pt\/sendys-group-e-watchguard-realizam-webinar-de-ciberseguranca\/","og_locale":"pt_PT","og_type":"article","og_title":"Sendys Group e WatchGuard realizam webinar de Ciberseguran\u00e7a - Jornal das Oficinas","og_description":"O Sendys Group, em parceria com a WatchGuard, realizou um webinar sobre \u2018Ciberseguran\u00e7a para PME\u2019, no qual participaram clientes e parceiros","og_url":"https:\/\/jornaldasoficinas.com\/pt\/sendys-group-e-watchguard-realizam-webinar-de-ciberseguranca\/","og_site_name":"Jornal das Oficinas","article_publisher":"https:\/\/www.facebook.com\/jornaloficinas","article_published_time":"2022-11-29T18:00:14+00:00","og_image":[{"width":1024,"height":581,"url":"https:\/\/jornaldasoficinas.com\/pt\/wp-content\/uploads\/2022\/11\/Sendys-Group-e-WatchGuard-realizam-webinar-de-Ciberseguranca.jpeg","type":"image\/jpeg"}],"author":"Reda\u00e7\u00e3o JO","twitter_card":"summary_large_image","twitter_creator":"@jornaloficinas","twitter_site":"@jornaloficinas","twitter_misc":{"Escrito por":"Reda\u00e7\u00e3o JO","Tempo estimado de leitura":"4 minutos"},"schema":{"@context":"https:\/\/schema.org","@graph":[{"@type":"Article","@id":"https:\/\/jornaldasoficinas.com\/pt\/sendys-group-e-watchguard-realizam-webinar-de-ciberseguranca\/#article","isPartOf":{"@id":"https:\/\/jornaldasoficinas.com\/pt\/sendys-group-e-watchguard-realizam-webinar-de-ciberseguranca\/"},"author":{"name":"Reda\u00e7\u00e3o JO","@id":"https:\/\/jornaldasoficinas.com\/pt\/#\/schema\/person\/a38eef5de2c41d9e7c9ac10141afddf3"},"headline":"Sendys Group e WatchGuard realizam webinar de Ciberseguran\u00e7a","datePublished":"2022-11-29T18:00:14+00:00","mainEntityOfPage":{"@id":"https:\/\/jornaldasoficinas.com\/pt\/sendys-group-e-watchguard-realizam-webinar-de-ciberseguranca\/"},"wordCount":820,"publisher":{"@id":"https:\/\/jornaldasoficinas.com\/pt\/#organization"},"image":{"@id":"https:\/\/jornaldasoficinas.com\/pt\/sendys-group-e-watchguard-realizam-webinar-de-ciberseguranca\/#primaryimage"},"thumbnailUrl":"https:\/\/jornaldasoficinas.com\/pt\/wp-content\/uploads\/2022\/11\/Sendys-Group-e-WatchGuard-realizam-webinar-de-Ciberseguranca.jpeg","keywords":["Sendys Group","WatchGuard"],"articleSection":["Empresas"],"inLanguage":"pt-PT"},{"@type":"WebPage","@id":"https:\/\/jornaldasoficinas.com\/pt\/sendys-group-e-watchguard-realizam-webinar-de-ciberseguranca\/","url":"https:\/\/jornaldasoficinas.com\/pt\/sendys-group-e-watchguard-realizam-webinar-de-ciberseguranca\/","name":"Sendys Group e WatchGuard realizam webinar de Ciberseguran\u00e7a - Jornal das Oficinas","isPartOf":{"@id":"https:\/\/jornaldasoficinas.com\/pt\/#website"},"primaryImageOfPage":{"@id":"https:\/\/jornaldasoficinas.com\/pt\/sendys-group-e-watchguard-realizam-webinar-de-ciberseguranca\/#primaryimage"},"image":{"@id":"https:\/\/jornaldasoficinas.com\/pt\/sendys-group-e-watchguard-realizam-webinar-de-ciberseguranca\/#primaryimage"},"thumbnailUrl":"https:\/\/jornaldasoficinas.com\/pt\/wp-content\/uploads\/2022\/11\/Sendys-Group-e-WatchGuard-realizam-webinar-de-Ciberseguranca.jpeg","datePublished":"2022-11-29T18:00:14+00:00","description":"O Sendys Group, em parceria com a WatchGuard, realizou um webinar sobre \u2018Ciberseguran\u00e7a para PME\u2019, no qual participaram clientes e parceiros","breadcrumb":{"@id":"https:\/\/jornaldasoficinas.com\/pt\/sendys-group-e-watchguard-realizam-webinar-de-ciberseguranca\/#breadcrumb"},"inLanguage":"pt-PT","potentialAction":[{"@type":"ReadAction","target":["https:\/\/jornaldasoficinas.com\/pt\/sendys-group-e-watchguard-realizam-webinar-de-ciberseguranca\/"]}]},{"@type":"ImageObject","inLanguage":"pt-PT","@id":"https:\/\/jornaldasoficinas.com\/pt\/sendys-group-e-watchguard-realizam-webinar-de-ciberseguranca\/#primaryimage","url":"https:\/\/jornaldasoficinas.com\/pt\/wp-content\/uploads\/2022\/11\/Sendys-Group-e-WatchGuard-realizam-webinar-de-Ciberseguranca.jpeg","contentUrl":"https:\/\/jornaldasoficinas.com\/pt\/wp-content\/uploads\/2022\/11\/Sendys-Group-e-WatchGuard-realizam-webinar-de-Ciberseguranca.jpeg","width":1024,"height":581,"caption":"11 - Sendys Group e WatchGuard realizam webinar de Ciberseguranca"},{"@type":"BreadcrumbList","@id":"https:\/\/jornaldasoficinas.com\/pt\/sendys-group-e-watchguard-realizam-webinar-de-ciberseguranca\/#breadcrumb","itemListElement":[{"@type":"ListItem","position":1,"name":"In\u00edcio","item":"https:\/\/jornaldasoficinas.com\/pt\/"},{"@type":"ListItem","position":2,"name":"Sendys Group e WatchGuard realizam webinar de Ciberseguran\u00e7a"}]},{"@type":"WebSite","@id":"https:\/\/jornaldasoficinas.com\/pt\/#website","url":"https:\/\/jornaldasoficinas.com\/pt\/","name":"Jornal das Oficinas","description":"Jornal independente do Aftermarket Autom\u00f3vel em Portugal","publisher":{"@id":"https:\/\/jornaldasoficinas.com\/pt\/#organization"},"potentialAction":[{"@type":"SearchAction","target":{"@type":"EntryPoint","urlTemplate":"https:\/\/jornaldasoficinas.com\/pt\/?s={search_term_string}"},"query-input":{"@type":"PropertyValueSpecification","valueRequired":true,"valueName":"search_term_string"}}],"inLanguage":"pt-PT"},{"@type":"Organization","@id":"https:\/\/jornaldasoficinas.com\/pt\/#organization","name":"Jornal das Oficinas","url":"https:\/\/jornaldasoficinas.com\/pt\/","logo":{"@type":"ImageObject","inLanguage":"pt-PT","@id":"https:\/\/jornaldasoficinas.com\/pt\/#\/schema\/logo\/image\/","url":"https:\/\/jornaldasoficinas.com\/pt\/wp-content\/uploads\/logoJO-SEO.png","contentUrl":"https:\/\/jornaldasoficinas.com\/pt\/wp-content\/uploads\/logoJO-SEO.png","width":285,"height":450,"caption":"Jornal das Oficinas"},"image":{"@id":"https:\/\/jornaldasoficinas.com\/pt\/#\/schema\/logo\/image\/"},"sameAs":["https:\/\/www.facebook.com\/jornaloficinas","https:\/\/x.com\/jornaloficinas","https:\/\/www.instagram.com\/jornal_oficinas\/","https:\/\/www.linkedin.com\/company\/jornal-das-oficinas\/","https:\/\/www.youtube.com\/channel\/UCbQZBqtcvV-oSQrr7RzINGg"]},{"@type":"Person","@id":"https:\/\/jornaldasoficinas.com\/pt\/#\/schema\/person\/a38eef5de2c41d9e7c9ac10141afddf3","name":"Reda\u00e7\u00e3o JO","image":{"@type":"ImageObject","inLanguage":"pt-PT","@id":"https:\/\/secure.gravatar.com\/avatar\/71f2fa71737ad68a84fea94bc708ddac8ea5b0c4788dc2ad202f3ccb2887742f?s=96&d=wp_user_avatar&r=g","url":"https:\/\/secure.gravatar.com\/avatar\/71f2fa71737ad68a84fea94bc708ddac8ea5b0c4788dc2ad202f3ccb2887742f?s=96&d=wp_user_avatar&r=g","contentUrl":"https:\/\/secure.gravatar.com\/avatar\/71f2fa71737ad68a84fea94bc708ddac8ea5b0c4788dc2ad202f3ccb2887742f?s=96&d=wp_user_avatar&r=g","caption":"Reda\u00e7\u00e3o JO"},"url":"https:\/\/jornaldasoficinas.com\/pt\/author\/joredacao\/"}]}},"_links":{"self":[{"href":"https:\/\/jornaldasoficinas.com\/pt\/wp-json\/wp\/v2\/posts\/35059","targetHints":{"allow":["GET"]}}],"collection":[{"href":"https:\/\/jornaldasoficinas.com\/pt\/wp-json\/wp\/v2\/posts"}],"about":[{"href":"https:\/\/jornaldasoficinas.com\/pt\/wp-json\/wp\/v2\/types\/post"}],"author":[{"embeddable":true,"href":"https:\/\/jornaldasoficinas.com\/pt\/wp-json\/wp\/v2\/users\/15"}],"replies":[{"embeddable":true,"href":"https:\/\/jornaldasoficinas.com\/pt\/wp-json\/wp\/v2\/comments?post=35059"}],"version-history":[{"count":0,"href":"https:\/\/jornaldasoficinas.com\/pt\/wp-json\/wp\/v2\/posts\/35059\/revisions"}],"wp:featuredmedia":[{"embeddable":true,"href":"https:\/\/jornaldasoficinas.com\/pt\/wp-json\/wp\/v2\/media\/35022"}],"wp:attachment":[{"href":"https:\/\/jornaldasoficinas.com\/pt\/wp-json\/wp\/v2\/media?parent=35059"}],"wp:term":[{"taxonomy":"category","embeddable":true,"href":"https:\/\/jornaldasoficinas.com\/pt\/wp-json\/wp\/v2\/categories?post=35059"},{"taxonomy":"post_tag","embeddable":true,"href":"https:\/\/jornaldasoficinas.com\/pt\/wp-json\/wp\/v2\/tags?post=35059"}],"curies":[{"name":"wp","href":"https:\/\/api.w.org\/{rel}","templated":true}]}}