{"id":35175,"date":"2022-12-02T16:00:07","date_gmt":"2022-12-02T16:00:07","guid":{"rendered":"https:\/\/jornaldasoficinas.com\/pt\/?p=35175"},"modified":"2022-12-05T12:36:56","modified_gmt":"2022-12-05T12:36:56","slug":"wolf-lubricants-atualiza-gama-hibrida","status":"publish","type":"post","link":"https:\/\/jornaldasoficinas.com\/pt\/wolf-lubricants-atualiza-gama-hibrida\/","title":{"rendered":"Wolf Lubricants atualiza gama h\u00edbrida"},"content":{"rendered":"<p><img loading=\"lazy\" decoding=\"async\" class=\"alignnone size-full wp-image-35176\" src=\"https:\/\/jornaldasoficinas.com\/pt\/wp-content\/uploads\/2022\/12\/Wolf-Lubricants-atualiza-a-gama-hibrida0.png\" alt=\"12 - Wolf Lubricants atualiza a gama hibrida0\" width=\"1024\" height=\"581\" srcset=\"https:\/\/jornaldasoficinas.com\/pt\/wp-content\/uploads\/2022\/12\/Wolf-Lubricants-atualiza-a-gama-hibrida0.png 1024w, https:\/\/jornaldasoficinas.com\/pt\/wp-content\/uploads\/2022\/12\/Wolf-Lubricants-atualiza-a-gama-hibrida0-300x170.png 300w, https:\/\/jornaldasoficinas.com\/pt\/wp-content\/uploads\/2022\/12\/Wolf-Lubricants-atualiza-a-gama-hibrida0-150x85.png 150w, https:\/\/jornaldasoficinas.com\/pt\/wp-content\/uploads\/2022\/12\/Wolf-Lubricants-atualiza-a-gama-hibrida0-768x436.png 768w\" sizes=\"auto, (max-width: 1024px) 100vw, 1024px\" \/><\/p>\n<p><strong>A <a href=\"https:\/\/www.wolflubes.com\/pt-pt\" target=\"_blank\" rel=\"noopener\">Wolf Lubricants<\/a> continua a expandir e atualizar a sua gama h\u00edbrida para equipar o mercado p\u00f3s-venda com as inova\u00e7\u00f5es mais recentes de lubrificantes e fluidos<\/strong><\/p>\n<p>A extensa gama oferece 100 % de cobertura de modelos de ve\u00edculos h\u00edbridos, com 45 produtos inovadores, incluindo 8 \u00f3leos de motor formulados para utiliza\u00e7\u00e3o em aplica\u00e7\u00f5es de ve\u00edculos h\u00edbridos.<\/p>\n<p>Esta atualiza\u00e7\u00e3o demonstra o compromisso da Wolf para com a mobilidade el\u00e9trica e o apoio de manuten\u00e7\u00e3o para os ve\u00edculos h\u00edbridos, consolidando a sua posi\u00e7\u00e3o como um principais participantes da mobilidade el\u00e9trica.<\/p>\n<p>Em 2021, o mercado dos el\u00e9tricos h\u00edbridos global alcan\u00e7ou 5,5 milh\u00f5es de ve\u00edculos e espera-se que alcance 31,2 milh\u00f5es de unidades at\u00e9 2027: uma impressionante CAGR (taxa de crescimento anual composta) de 31,9 %. O forte crescimento \u00e9 impulsionado pelos esfor\u00e7os globais cont\u00ednuos para reduzir as emiss\u00f5es e pela legisla\u00e7\u00e3o que incentivou de forma agressiva os OEM a produzir ve\u00edculos el\u00e9tricos h\u00edbridos com menor consumo de combust\u00edvel e emiss\u00f5es de CO2 em compara\u00e7\u00e3o com os ve\u00edculos alimentados apenas por motores de combust\u00e3o interna (ICE).<\/p>\n<p>Com muitos fabricantes a introduzir rapidamente novas tecnologias h\u00edbridas, a Wolf continua a manter-se na vanguarda. Como uma das primeiras empresas a lan\u00e7ar uma gama especificamente para h\u00edbridos em 2019, a Wolf continuou a apoiar a transi\u00e7\u00e3o energ\u00e9tica com solu\u00e7\u00f5es personalizadas para reduzir as emiss\u00f5es e aumentar o desempenho nestas classes de grupo motopropulsor, oferecendo v\u00e1rias vantagens:<\/p>\n<ul>\n<li>Compatibilidade com componentes el\u00e9tricos<\/li>\n<li>Economia de combust\u00edvel avan\u00e7ada<\/li>\n<li>Redu\u00e7\u00e3o das emiss\u00f5es de CO2<\/li>\n<li>Prote\u00e7\u00e3o contra a LSPI<\/li>\n<li>Prote\u00e7\u00e3o do sistema h\u00edbrido<\/li>\n<li>Cumpre v\u00e1rios requisitos de ve\u00edculos h\u00edbridos de OEM<\/li>\n<\/ul>\n<p>A gama h\u00edbrida de produtos da Wolf inclui 8 \u00f3leos de motor que cumprem as especifica\u00e7\u00f5es dos ve\u00edculos h\u00edbridos. Isto inclui ve\u00edculos el\u00e9tricos h\u00edbridos suaves (MHEV), ve\u00edculos totalmente el\u00e9tricos h\u00edbridos (FHEV) e ve\u00edculos el\u00e9tricos h\u00edbridos recarreg\u00e1veis (PHEV), cada um utilizando uma combina\u00e7\u00e3o de combust\u00e3o e alimenta\u00e7\u00e3o el\u00e9trica.<\/p>\n<p>Para mais informa\u00e7\u00e3o clique <a href=\"https:\/\/www.wolflubes.com\/en-us\/hybrid-range\" target=\"_blank\" rel=\"noopener\">aqui<\/a>.<\/p>\n","protected":false},"excerpt":{"rendered":"<p>A Wolf Lubricants continua a expandir&#8230;<\/p>\n","protected":false},"author":15,"featured_media":35176,"comment_status":"closed","ping_status":"closed","sticky":false,"template":"","format":"standard","meta":{"footnotes":""},"categories":[29],"tags":[3250,155,498,1688],"class_list":["post-35175","post","type-post","status-publish","format-standard","has-post-thumbnail","hentry","category-empresas","tag-gama-hibrida","tag-lubrificantes","tag-veiculos-hibridos","tag-wolf-lubricants"],"yoast_head":"<!-- This site is optimized with the Yoast SEO plugin v27.4 - https:\/\/yoast.com\/product\/yoast-seo-wordpress\/ -->\n<title>Wolf Lubricants atualiza gama h\u00edbrida - Jornal das Oficinas<\/title>\n<meta name=\"description\" content=\"A Wolf Lubricants expandiu a sua gama h\u00edbrida para equipar o mercado p\u00f3s-venda com as inova\u00e7\u00f5es mais recentes de lubrificantes e fluidos\" \/>\n<meta name=\"robots\" content=\"index, follow, max-snippet:-1, max-image-preview:large, max-video-preview:-1\" \/>\n<link rel=\"canonical\" href=\"https:\/\/jornaldasoficinas.com\/pt\/wolf-lubricants-atualiza-gama-hibrida\/\" \/>\n<meta property=\"og:locale\" content=\"pt_PT\" \/>\n<meta property=\"og:type\" content=\"article\" \/>\n<meta property=\"og:title\" content=\"Wolf Lubricants atualiza gama h\u00edbrida - Jornal das Oficinas\" \/>\n<meta property=\"og:description\" content=\"A Wolf Lubricants expandiu a sua gama h\u00edbrida para equipar o mercado p\u00f3s-venda com as inova\u00e7\u00f5es mais recentes de lubrificantes e fluidos\" \/>\n<meta property=\"og:url\" content=\"https:\/\/jornaldasoficinas.com\/pt\/wolf-lubricants-atualiza-gama-hibrida\/\" \/>\n<meta property=\"og:site_name\" content=\"Jornal das Oficinas\" \/>\n<meta property=\"article:publisher\" content=\"https:\/\/www.facebook.com\/jornaloficinas\" \/>\n<meta property=\"article:published_time\" content=\"2022-12-02T16:00:07+00:00\" \/>\n<meta property=\"article:modified_time\" content=\"2022-12-05T12:36:56+00:00\" \/>\n<meta property=\"og:image\" content=\"https:\/\/jornaldasoficinas.com\/pt\/wp-content\/uploads\/2022\/12\/Wolf-Lubricants-atualiza-a-gama-hibrida0.png\" \/>\n\t<meta property=\"og:image:width\" content=\"1024\" \/>\n\t<meta property=\"og:image:height\" content=\"581\" \/>\n\t<meta property=\"og:image:type\" content=\"image\/png\" \/>\n<meta name=\"author\" content=\"Reda\u00e7\u00e3o JO\" \/>\n<meta name=\"twitter:card\" content=\"summary_large_image\" \/>\n<meta name=\"twitter:creator\" content=\"@jornaloficinas\" \/>\n<meta name=\"twitter:site\" content=\"@jornaloficinas\" \/>\n<meta name=\"twitter:label1\" content=\"Escrito por\" \/>\n\t<meta name=\"twitter:data1\" content=\"Reda\u00e7\u00e3o JO\" \/>\n\t<meta name=\"twitter:label2\" content=\"Tempo estimado de leitura\" \/>\n\t<meta name=\"twitter:data2\" content=\"2 minutos\" \/>\n<script type=\"application\/ld+json\" class=\"yoast-schema-graph\">{\"@context\":\"https:\\\/\\\/schema.org\",\"@graph\":[{\"@type\":\"Article\",\"@id\":\"https:\\\/\\\/jornaldasoficinas.com\\\/pt\\\/wolf-lubricants-atualiza-gama-hibrida\\\/#article\",\"isPartOf\":{\"@id\":\"https:\\\/\\\/jornaldasoficinas.com\\\/pt\\\/wolf-lubricants-atualiza-gama-hibrida\\\/\"},\"author\":{\"name\":\"Reda\u00e7\u00e3o JO\",\"@id\":\"https:\\\/\\\/jornaldasoficinas.com\\\/pt\\\/#\\\/schema\\\/person\\\/a38eef5de2c41d9e7c9ac10141afddf3\"},\"headline\":\"Wolf Lubricants atualiza gama h\u00edbrida\",\"datePublished\":\"2022-12-02T16:00:07+00:00\",\"dateModified\":\"2022-12-05T12:36:56+00:00\",\"mainEntityOfPage\":{\"@id\":\"https:\\\/\\\/jornaldasoficinas.com\\\/pt\\\/wolf-lubricants-atualiza-gama-hibrida\\\/\"},\"wordCount\":375,\"publisher\":{\"@id\":\"https:\\\/\\\/jornaldasoficinas.com\\\/pt\\\/#organization\"},\"image\":{\"@id\":\"https:\\\/\\\/jornaldasoficinas.com\\\/pt\\\/wolf-lubricants-atualiza-gama-hibrida\\\/#primaryimage\"},\"thumbnailUrl\":\"https:\\\/\\\/jornaldasoficinas.com\\\/pt\\\/wp-content\\\/uploads\\\/2022\\\/12\\\/Wolf-Lubricants-atualiza-a-gama-hibrida0.png\",\"keywords\":[\"Gama H\u00edbrida\",\"Lubrificantes\",\"Ve\u00edculos h\u00edbridos\",\"Wolf Lubricants\"],\"articleSection\":[\"Empresas\"],\"inLanguage\":\"pt-PT\"},{\"@type\":\"WebPage\",\"@id\":\"https:\\\/\\\/jornaldasoficinas.com\\\/pt\\\/wolf-lubricants-atualiza-gama-hibrida\\\/\",\"url\":\"https:\\\/\\\/jornaldasoficinas.com\\\/pt\\\/wolf-lubricants-atualiza-gama-hibrida\\\/\",\"name\":\"Wolf Lubricants atualiza gama h\u00edbrida - Jornal das Oficinas\",\"isPartOf\":{\"@id\":\"https:\\\/\\\/jornaldasoficinas.com\\\/pt\\\/#website\"},\"primaryImageOfPage\":{\"@id\":\"https:\\\/\\\/jornaldasoficinas.com\\\/pt\\\/wolf-lubricants-atualiza-gama-hibrida\\\/#primaryimage\"},\"image\":{\"@id\":\"https:\\\/\\\/jornaldasoficinas.com\\\/pt\\\/wolf-lubricants-atualiza-gama-hibrida\\\/#primaryimage\"},\"thumbnailUrl\":\"https:\\\/\\\/jornaldasoficinas.com\\\/pt\\\/wp-content\\\/uploads\\\/2022\\\/12\\\/Wolf-Lubricants-atualiza-a-gama-hibrida0.png\",\"datePublished\":\"2022-12-02T16:00:07+00:00\",\"dateModified\":\"2022-12-05T12:36:56+00:00\",\"description\":\"A Wolf Lubricants expandiu a sua gama h\u00edbrida para equipar o mercado p\u00f3s-venda com as inova\u00e7\u00f5es mais recentes de lubrificantes e fluidos\",\"breadcrumb\":{\"@id\":\"https:\\\/\\\/jornaldasoficinas.com\\\/pt\\\/wolf-lubricants-atualiza-gama-hibrida\\\/#breadcrumb\"},\"inLanguage\":\"pt-PT\",\"potentialAction\":[{\"@type\":\"ReadAction\",\"target\":[\"https:\\\/\\\/jornaldasoficinas.com\\\/pt\\\/wolf-lubricants-atualiza-gama-hibrida\\\/\"]}]},{\"@type\":\"ImageObject\",\"inLanguage\":\"pt-PT\",\"@id\":\"https:\\\/\\\/jornaldasoficinas.com\\\/pt\\\/wolf-lubricants-atualiza-gama-hibrida\\\/#primaryimage\",\"url\":\"https:\\\/\\\/jornaldasoficinas.com\\\/pt\\\/wp-content\\\/uploads\\\/2022\\\/12\\\/Wolf-Lubricants-atualiza-a-gama-hibrida0.png\",\"contentUrl\":\"https:\\\/\\\/jornaldasoficinas.com\\\/pt\\\/wp-content\\\/uploads\\\/2022\\\/12\\\/Wolf-Lubricants-atualiza-a-gama-hibrida0.png\",\"width\":1024,\"height\":581,\"caption\":\"12 - Wolf Lubricants atualiza a gama hibrida0\"},{\"@type\":\"BreadcrumbList\",\"@id\":\"https:\\\/\\\/jornaldasoficinas.com\\\/pt\\\/wolf-lubricants-atualiza-gama-hibrida\\\/#breadcrumb\",\"itemListElement\":[{\"@type\":\"ListItem\",\"position\":1,\"name\":\"In\u00edcio\",\"item\":\"https:\\\/\\\/jornaldasoficinas.com\\\/pt\\\/\"},{\"@type\":\"ListItem\",\"position\":2,\"name\":\"Wolf Lubricants atualiza gama h\u00edbrida\"}]},{\"@type\":\"WebSite\",\"@id\":\"https:\\\/\\\/jornaldasoficinas.com\\\/pt\\\/#website\",\"url\":\"https:\\\/\\\/jornaldasoficinas.com\\\/pt\\\/\",\"name\":\"Jornal das Oficinas\",\"description\":\"Jornal independente do Aftermarket Autom\u00f3vel em Portugal\",\"publisher\":{\"@id\":\"https:\\\/\\\/jornaldasoficinas.com\\\/pt\\\/#organization\"},\"potentialAction\":[{\"@type\":\"SearchAction\",\"target\":{\"@type\":\"EntryPoint\",\"urlTemplate\":\"https:\\\/\\\/jornaldasoficinas.com\\\/pt\\\/?s={search_term_string}\"},\"query-input\":{\"@type\":\"PropertyValueSpecification\",\"valueRequired\":true,\"valueName\":\"search_term_string\"}}],\"inLanguage\":\"pt-PT\"},{\"@type\":\"Organization\",\"@id\":\"https:\\\/\\\/jornaldasoficinas.com\\\/pt\\\/#organization\",\"name\":\"Jornal das Oficinas\",\"url\":\"https:\\\/\\\/jornaldasoficinas.com\\\/pt\\\/\",\"logo\":{\"@type\":\"ImageObject\",\"inLanguage\":\"pt-PT\",\"@id\":\"https:\\\/\\\/jornaldasoficinas.com\\\/pt\\\/#\\\/schema\\\/logo\\\/image\\\/\",\"url\":\"https:\\\/\\\/jornaldasoficinas.com\\\/pt\\\/wp-content\\\/uploads\\\/logoJO-SEO.png\",\"contentUrl\":\"https:\\\/\\\/jornaldasoficinas.com\\\/pt\\\/wp-content\\\/uploads\\\/logoJO-SEO.png\",\"width\":285,\"height\":450,\"caption\":\"Jornal das Oficinas\"},\"image\":{\"@id\":\"https:\\\/\\\/jornaldasoficinas.com\\\/pt\\\/#\\\/schema\\\/logo\\\/image\\\/\"},\"sameAs\":[\"https:\\\/\\\/www.facebook.com\\\/jornaloficinas\",\"https:\\\/\\\/x.com\\\/jornaloficinas\",\"https:\\\/\\\/www.instagram.com\\\/jornal_oficinas\\\/\",\"https:\\\/\\\/www.linkedin.com\\\/company\\\/jornal-das-oficinas\\\/\",\"https:\\\/\\\/www.youtube.com\\\/channel\\\/UCbQZBqtcvV-oSQrr7RzINGg\"]},{\"@type\":\"Person\",\"@id\":\"https:\\\/\\\/jornaldasoficinas.com\\\/pt\\\/#\\\/schema\\\/person\\\/a38eef5de2c41d9e7c9ac10141afddf3\",\"name\":\"Reda\u00e7\u00e3o JO\",\"image\":{\"@type\":\"ImageObject\",\"inLanguage\":\"pt-PT\",\"@id\":\"https:\\\/\\\/secure.gravatar.com\\\/avatar\\\/71f2fa71737ad68a84fea94bc708ddac8ea5b0c4788dc2ad202f3ccb2887742f?s=96&d=wp_user_avatar&r=g\",\"url\":\"https:\\\/\\\/secure.gravatar.com\\\/avatar\\\/71f2fa71737ad68a84fea94bc708ddac8ea5b0c4788dc2ad202f3ccb2887742f?s=96&d=wp_user_avatar&r=g\",\"contentUrl\":\"https:\\\/\\\/secure.gravatar.com\\\/avatar\\\/71f2fa71737ad68a84fea94bc708ddac8ea5b0c4788dc2ad202f3ccb2887742f?s=96&d=wp_user_avatar&r=g\",\"caption\":\"Reda\u00e7\u00e3o JO\"},\"url\":\"https:\\\/\\\/jornaldasoficinas.com\\\/pt\\\/author\\\/joredacao\\\/\"}]}<\/script>\n<!-- \/ Yoast SEO plugin. -->","yoast_head_json":{"title":"Wolf Lubricants atualiza gama h\u00edbrida - Jornal das Oficinas","description":"A Wolf Lubricants expandiu a sua gama h\u00edbrida para equipar o mercado p\u00f3s-venda com as inova\u00e7\u00f5es mais recentes de lubrificantes e fluidos","robots":{"index":"index","follow":"follow","max-snippet":"max-snippet:-1","max-image-preview":"max-image-preview:large","max-video-preview":"max-video-preview:-1"},"canonical":"https:\/\/jornaldasoficinas.com\/pt\/wolf-lubricants-atualiza-gama-hibrida\/","og_locale":"pt_PT","og_type":"article","og_title":"Wolf Lubricants atualiza gama h\u00edbrida - Jornal das Oficinas","og_description":"A Wolf Lubricants expandiu a sua gama h\u00edbrida para equipar o mercado p\u00f3s-venda com as inova\u00e7\u00f5es mais recentes de lubrificantes e fluidos","og_url":"https:\/\/jornaldasoficinas.com\/pt\/wolf-lubricants-atualiza-gama-hibrida\/","og_site_name":"Jornal das Oficinas","article_publisher":"https:\/\/www.facebook.com\/jornaloficinas","article_published_time":"2022-12-02T16:00:07+00:00","article_modified_time":"2022-12-05T12:36:56+00:00","og_image":[{"width":1024,"height":581,"url":"https:\/\/jornaldasoficinas.com\/pt\/wp-content\/uploads\/2022\/12\/Wolf-Lubricants-atualiza-a-gama-hibrida0.png","type":"image\/png"}],"author":"Reda\u00e7\u00e3o JO","twitter_card":"summary_large_image","twitter_creator":"@jornaloficinas","twitter_site":"@jornaloficinas","twitter_misc":{"Escrito por":"Reda\u00e7\u00e3o JO","Tempo estimado de leitura":"2 minutos"},"schema":{"@context":"https:\/\/schema.org","@graph":[{"@type":"Article","@id":"https:\/\/jornaldasoficinas.com\/pt\/wolf-lubricants-atualiza-gama-hibrida\/#article","isPartOf":{"@id":"https:\/\/jornaldasoficinas.com\/pt\/wolf-lubricants-atualiza-gama-hibrida\/"},"author":{"name":"Reda\u00e7\u00e3o JO","@id":"https:\/\/jornaldasoficinas.com\/pt\/#\/schema\/person\/a38eef5de2c41d9e7c9ac10141afddf3"},"headline":"Wolf Lubricants atualiza gama h\u00edbrida","datePublished":"2022-12-02T16:00:07+00:00","dateModified":"2022-12-05T12:36:56+00:00","mainEntityOfPage":{"@id":"https:\/\/jornaldasoficinas.com\/pt\/wolf-lubricants-atualiza-gama-hibrida\/"},"wordCount":375,"publisher":{"@id":"https:\/\/jornaldasoficinas.com\/pt\/#organization"},"image":{"@id":"https:\/\/jornaldasoficinas.com\/pt\/wolf-lubricants-atualiza-gama-hibrida\/#primaryimage"},"thumbnailUrl":"https:\/\/jornaldasoficinas.com\/pt\/wp-content\/uploads\/2022\/12\/Wolf-Lubricants-atualiza-a-gama-hibrida0.png","keywords":["Gama H\u00edbrida","Lubrificantes","Ve\u00edculos h\u00edbridos","Wolf Lubricants"],"articleSection":["Empresas"],"inLanguage":"pt-PT"},{"@type":"WebPage","@id":"https:\/\/jornaldasoficinas.com\/pt\/wolf-lubricants-atualiza-gama-hibrida\/","url":"https:\/\/jornaldasoficinas.com\/pt\/wolf-lubricants-atualiza-gama-hibrida\/","name":"Wolf Lubricants atualiza gama h\u00edbrida - Jornal das Oficinas","isPartOf":{"@id":"https:\/\/jornaldasoficinas.com\/pt\/#website"},"primaryImageOfPage":{"@id":"https:\/\/jornaldasoficinas.com\/pt\/wolf-lubricants-atualiza-gama-hibrida\/#primaryimage"},"image":{"@id":"https:\/\/jornaldasoficinas.com\/pt\/wolf-lubricants-atualiza-gama-hibrida\/#primaryimage"},"thumbnailUrl":"https:\/\/jornaldasoficinas.com\/pt\/wp-content\/uploads\/2022\/12\/Wolf-Lubricants-atualiza-a-gama-hibrida0.png","datePublished":"2022-12-02T16:00:07+00:00","dateModified":"2022-12-05T12:36:56+00:00","description":"A Wolf Lubricants expandiu a sua gama h\u00edbrida para equipar o mercado p\u00f3s-venda com as inova\u00e7\u00f5es mais recentes de lubrificantes e fluidos","breadcrumb":{"@id":"https:\/\/jornaldasoficinas.com\/pt\/wolf-lubricants-atualiza-gama-hibrida\/#breadcrumb"},"inLanguage":"pt-PT","potentialAction":[{"@type":"ReadAction","target":["https:\/\/jornaldasoficinas.com\/pt\/wolf-lubricants-atualiza-gama-hibrida\/"]}]},{"@type":"ImageObject","inLanguage":"pt-PT","@id":"https:\/\/jornaldasoficinas.com\/pt\/wolf-lubricants-atualiza-gama-hibrida\/#primaryimage","url":"https:\/\/jornaldasoficinas.com\/pt\/wp-content\/uploads\/2022\/12\/Wolf-Lubricants-atualiza-a-gama-hibrida0.png","contentUrl":"https:\/\/jornaldasoficinas.com\/pt\/wp-content\/uploads\/2022\/12\/Wolf-Lubricants-atualiza-a-gama-hibrida0.png","width":1024,"height":581,"caption":"12 - Wolf Lubricants atualiza a gama hibrida0"},{"@type":"BreadcrumbList","@id":"https:\/\/jornaldasoficinas.com\/pt\/wolf-lubricants-atualiza-gama-hibrida\/#breadcrumb","itemListElement":[{"@type":"ListItem","position":1,"name":"In\u00edcio","item":"https:\/\/jornaldasoficinas.com\/pt\/"},{"@type":"ListItem","position":2,"name":"Wolf Lubricants atualiza gama h\u00edbrida"}]},{"@type":"WebSite","@id":"https:\/\/jornaldasoficinas.com\/pt\/#website","url":"https:\/\/jornaldasoficinas.com\/pt\/","name":"Jornal das Oficinas","description":"Jornal independente do Aftermarket Autom\u00f3vel em Portugal","publisher":{"@id":"https:\/\/jornaldasoficinas.com\/pt\/#organization"},"potentialAction":[{"@type":"SearchAction","target":{"@type":"EntryPoint","urlTemplate":"https:\/\/jornaldasoficinas.com\/pt\/?s={search_term_string}"},"query-input":{"@type":"PropertyValueSpecification","valueRequired":true,"valueName":"search_term_string"}}],"inLanguage":"pt-PT"},{"@type":"Organization","@id":"https:\/\/jornaldasoficinas.com\/pt\/#organization","name":"Jornal das Oficinas","url":"https:\/\/jornaldasoficinas.com\/pt\/","logo":{"@type":"ImageObject","inLanguage":"pt-PT","@id":"https:\/\/jornaldasoficinas.com\/pt\/#\/schema\/logo\/image\/","url":"https:\/\/jornaldasoficinas.com\/pt\/wp-content\/uploads\/logoJO-SEO.png","contentUrl":"https:\/\/jornaldasoficinas.com\/pt\/wp-content\/uploads\/logoJO-SEO.png","width":285,"height":450,"caption":"Jornal das Oficinas"},"image":{"@id":"https:\/\/jornaldasoficinas.com\/pt\/#\/schema\/logo\/image\/"},"sameAs":["https:\/\/www.facebook.com\/jornaloficinas","https:\/\/x.com\/jornaloficinas","https:\/\/www.instagram.com\/jornal_oficinas\/","https:\/\/www.linkedin.com\/company\/jornal-das-oficinas\/","https:\/\/www.youtube.com\/channel\/UCbQZBqtcvV-oSQrr7RzINGg"]},{"@type":"Person","@id":"https:\/\/jornaldasoficinas.com\/pt\/#\/schema\/person\/a38eef5de2c41d9e7c9ac10141afddf3","name":"Reda\u00e7\u00e3o JO","image":{"@type":"ImageObject","inLanguage":"pt-PT","@id":"https:\/\/secure.gravatar.com\/avatar\/71f2fa71737ad68a84fea94bc708ddac8ea5b0c4788dc2ad202f3ccb2887742f?s=96&d=wp_user_avatar&r=g","url":"https:\/\/secure.gravatar.com\/avatar\/71f2fa71737ad68a84fea94bc708ddac8ea5b0c4788dc2ad202f3ccb2887742f?s=96&d=wp_user_avatar&r=g","contentUrl":"https:\/\/secure.gravatar.com\/avatar\/71f2fa71737ad68a84fea94bc708ddac8ea5b0c4788dc2ad202f3ccb2887742f?s=96&d=wp_user_avatar&r=g","caption":"Reda\u00e7\u00e3o JO"},"url":"https:\/\/jornaldasoficinas.com\/pt\/author\/joredacao\/"}]}},"_links":{"self":[{"href":"https:\/\/jornaldasoficinas.com\/pt\/wp-json\/wp\/v2\/posts\/35175","targetHints":{"allow":["GET"]}}],"collection":[{"href":"https:\/\/jornaldasoficinas.com\/pt\/wp-json\/wp\/v2\/posts"}],"about":[{"href":"https:\/\/jornaldasoficinas.com\/pt\/wp-json\/wp\/v2\/types\/post"}],"author":[{"embeddable":true,"href":"https:\/\/jornaldasoficinas.com\/pt\/wp-json\/wp\/v2\/users\/15"}],"replies":[{"embeddable":true,"href":"https:\/\/jornaldasoficinas.com\/pt\/wp-json\/wp\/v2\/comments?post=35175"}],"version-history":[{"count":0,"href":"https:\/\/jornaldasoficinas.com\/pt\/wp-json\/wp\/v2\/posts\/35175\/revisions"}],"wp:featuredmedia":[{"embeddable":true,"href":"https:\/\/jornaldasoficinas.com\/pt\/wp-json\/wp\/v2\/media\/35176"}],"wp:attachment":[{"href":"https:\/\/jornaldasoficinas.com\/pt\/wp-json\/wp\/v2\/media?parent=35175"}],"wp:term":[{"taxonomy":"category","embeddable":true,"href":"https:\/\/jornaldasoficinas.com\/pt\/wp-json\/wp\/v2\/categories?post=35175"},{"taxonomy":"post_tag","embeddable":true,"href":"https:\/\/jornaldasoficinas.com\/pt\/wp-json\/wp\/v2\/tags?post=35175"}],"curies":[{"name":"wp","href":"https:\/\/api.w.org\/{rel}","templated":true}]}}