{"id":35353,"date":"2022-12-08T12:00:55","date_gmt":"2022-12-08T12:00:55","guid":{"rendered":"https:\/\/jornaldasoficinas.com\/pt\/?p=35353"},"modified":"2022-12-09T18:59:24","modified_gmt":"2022-12-09T18:59:24","slug":"bosch-investe-em-investigacao-e-desenvolvimento-em-braga","status":"publish","type":"post","link":"https:\/\/jornaldasoficinas.com\/pt\/bosch-investe-em-investigacao-e-desenvolvimento-em-braga\/","title":{"rendered":"Bosch investe em Investiga\u00e7\u00e3o e Desenvolvimento em Braga"},"content":{"rendered":"<p><img loading=\"lazy\" decoding=\"async\" class=\"alignnone size-full wp-image-35330\" src=\"https:\/\/jornaldasoficinas.com\/pt\/wp-content\/uploads\/2022\/12\/Bosch-investe-em-Investigacao-e-Desenvolvimento-em-Braga.png\" alt=\"12 - Bosch investe em Investigacao e Desenvolvimento em Braga\" width=\"1024\" height=\"581\" srcset=\"https:\/\/jornaldasoficinas.com\/pt\/wp-content\/uploads\/2022\/12\/Bosch-investe-em-Investigacao-e-Desenvolvimento-em-Braga.png 1024w, https:\/\/jornaldasoficinas.com\/pt\/wp-content\/uploads\/2022\/12\/Bosch-investe-em-Investigacao-e-Desenvolvimento-em-Braga-300x170.png 300w, https:\/\/jornaldasoficinas.com\/pt\/wp-content\/uploads\/2022\/12\/Bosch-investe-em-Investigacao-e-Desenvolvimento-em-Braga-150x85.png 150w, https:\/\/jornaldasoficinas.com\/pt\/wp-content\/uploads\/2022\/12\/Bosch-investe-em-Investigacao-e-Desenvolvimento-em-Braga-768x436.png 768w\" sizes=\"auto, (max-width: 1024px) 100vw, 1024px\" \/><\/p>\n<p><strong>A <a href=\"https:\/\/www.boschaftermarket.com\/pt\/pt\" target=\"_blank\" rel=\"noopener\">Bosch<\/a> continua a apostar fortemente na expans\u00e3o das suas atividades de Investiga\u00e7\u00e3o e Desenvolvimento (I&amp;D) em Braga, agora com a cria\u00e7\u00e3o de uma nova equipa de desenvolvimento de software para sistemas de seguran\u00e7a autom\u00f3vel<\/strong><\/p>\n<p>Esta nova equipa vai ser criada no in\u00edcio de 2023 com cerca de 20 engenheiros de software, mas o objetivo passa por recrutar mais 60 perfis especializados at\u00e9 ao final do pr\u00f3ximo ano. \u201cPortugal continua a ser estrat\u00e9gico para a Bosch e a \u00e1rea de I&amp;D tem sido a nossa prioridade nos \u00faltimos anos, e assim pretendemos continuar. Este novo projeto \u00e9 mais um reconhecimento das nossas compet\u00eancias, vai permitir diversificar ainda mais as nossas \u00e1reas de desenvolvimento e continuar a criar a partir de Portugal para o mundo\u201d, afirma Carlos Ribas, Representante da Bosch em Portugal e Administrador T\u00e9cnico da Bosch em Braga.<\/p>\n<p>Esta nova equipa ser\u00e1 respons\u00e1vel por desenvolver sistemas de software embebido (embedded software) para\u00a0airbags e trav\u00f5es\u00a0da \u00faltima gera\u00e7\u00e3o para a mobilidade do futuro, tecnologias que v\u00e3o representar um marco na inova\u00e7\u00e3o e no futuro dos sistemas de seguran\u00e7a de ve\u00edculos de passageiros, bem como nos futuros ve\u00edculos aut\u00f3nomos. \u201cA partir de Braga, vamos contribuir para o objetivo de continuar a salvar vidas, tornando a condu\u00e7\u00e3o mais segura e confort\u00e1vel.<\/p>\n<p>A seguran\u00e7a a bordo dos ve\u00edculos autom\u00f3veis e da sua envolvente continua a ser grande prioridade para a Bosch, e embora os padr\u00f5es de seguran\u00e7a e as estat\u00edsticas de acidentes variem muito de regi\u00e3o para regi\u00e3o, acreditamos na vis\u00e3o da mobilidade sem acidentes e estamos a investir para tornar essa vis\u00e3o uma realidade\u201d, refor\u00e7ou Carlos Ribas.<\/p>\n<p><strong>Recruitment days em Braga nos dias 13 e 14 de janeiro<br \/>\n<\/strong>Para a instala\u00e7\u00e3o desta nova \u00e1rea de I&amp;D em Braga, a Bosch ter\u00e1 necessidade de refor\u00e7ar as suas equipas com perfis especializados nas vertentes de software engineer, software developer, software architect e embedded software engineer.<\/p>\n<p>Nesse sentido, e para acelerar o processo de recrutamento e proporcionar uma experi\u00eancia diferenciadora aos candidatos, a Bosch vai realizar um evento de recrutamento no qual os potenciais novos colaboradores v\u00e3o poder participar em entrevistas e ficar a conhecer os objetivos e desafios do projeto.<\/p>\n<p>Este evento ir\u00e1 decorrer nos dias 13 e 14 de janeiro, em Braga, e os participantes poder\u00e3o sair j\u00e1 com uma proposta de trabalho.<\/p>\n","protected":false},"excerpt":{"rendered":"<p>A Bosch continua a apostar fortemente&#8230;<\/p>\n","protected":false},"author":15,"featured_media":35330,"comment_status":"closed","ping_status":"closed","sticky":false,"template":"","format":"standard","meta":{"footnotes":""},"categories":[29],"tags":[123,3340,3289,3288],"class_list":["post-35353","post","type-post","status-publish","format-standard","has-post-thumbnail","hentry","category-empresas","tag-bosch","tag-braga","tag-desenvolvimento-de-software","tag-investigacao-e-desenvolvimento"],"yoast_head":"<!-- This site is optimized with the Yoast SEO plugin v27.4 - https:\/\/yoast.com\/product\/yoast-seo-wordpress\/ -->\n<title>Bosch investe em Investiga\u00e7\u00e3o e Desenvolvimento em Braga - Jornal das Oficinas<\/title>\n<meta name=\"description\" content=\"A Bosch continua a apostar fortemente na expans\u00e3o das suas atividades de Investiga\u00e7\u00e3o e Desenvolvimento (I&amp;D) em Braga\" \/>\n<meta name=\"robots\" content=\"index, follow, max-snippet:-1, max-image-preview:large, max-video-preview:-1\" \/>\n<link rel=\"canonical\" href=\"https:\/\/jornaldasoficinas.com\/pt\/bosch-investe-em-investigacao-e-desenvolvimento-em-braga\/\" \/>\n<meta property=\"og:locale\" content=\"pt_PT\" \/>\n<meta property=\"og:type\" content=\"article\" \/>\n<meta property=\"og:title\" content=\"Bosch investe em Investiga\u00e7\u00e3o e Desenvolvimento em Braga - Jornal das Oficinas\" \/>\n<meta property=\"og:description\" content=\"A Bosch continua a apostar fortemente na expans\u00e3o das suas atividades de Investiga\u00e7\u00e3o e Desenvolvimento (I&amp;D) em Braga\" \/>\n<meta property=\"og:url\" content=\"https:\/\/jornaldasoficinas.com\/pt\/bosch-investe-em-investigacao-e-desenvolvimento-em-braga\/\" \/>\n<meta property=\"og:site_name\" content=\"Jornal das Oficinas\" \/>\n<meta property=\"article:publisher\" content=\"https:\/\/www.facebook.com\/jornaloficinas\" \/>\n<meta property=\"article:published_time\" content=\"2022-12-08T12:00:55+00:00\" \/>\n<meta property=\"article:modified_time\" content=\"2022-12-09T18:59:24+00:00\" \/>\n<meta property=\"og:image\" content=\"https:\/\/jornaldasoficinas.com\/pt\/wp-content\/uploads\/2022\/12\/Bosch-investe-em-Investigacao-e-Desenvolvimento-em-Braga.png\" \/>\n\t<meta property=\"og:image:width\" content=\"1024\" \/>\n\t<meta property=\"og:image:height\" content=\"581\" \/>\n\t<meta property=\"og:image:type\" content=\"image\/png\" \/>\n<meta name=\"author\" content=\"Reda\u00e7\u00e3o JO\" \/>\n<meta name=\"twitter:card\" content=\"summary_large_image\" \/>\n<meta name=\"twitter:creator\" content=\"@jornaloficinas\" \/>\n<meta name=\"twitter:site\" content=\"@jornaloficinas\" \/>\n<meta name=\"twitter:label1\" content=\"Escrito por\" \/>\n\t<meta name=\"twitter:data1\" content=\"Reda\u00e7\u00e3o JO\" \/>\n\t<meta name=\"twitter:label2\" content=\"Tempo estimado de leitura\" \/>\n\t<meta name=\"twitter:data2\" content=\"2 minutos\" \/>\n<script type=\"application\/ld+json\" class=\"yoast-schema-graph\">{\"@context\":\"https:\\\/\\\/schema.org\",\"@graph\":[{\"@type\":\"Article\",\"@id\":\"https:\\\/\\\/jornaldasoficinas.com\\\/pt\\\/bosch-investe-em-investigacao-e-desenvolvimento-em-braga\\\/#article\",\"isPartOf\":{\"@id\":\"https:\\\/\\\/jornaldasoficinas.com\\\/pt\\\/bosch-investe-em-investigacao-e-desenvolvimento-em-braga\\\/\"},\"author\":{\"name\":\"Reda\u00e7\u00e3o JO\",\"@id\":\"https:\\\/\\\/jornaldasoficinas.com\\\/pt\\\/#\\\/schema\\\/person\\\/a38eef5de2c41d9e7c9ac10141afddf3\"},\"headline\":\"Bosch investe em Investiga\u00e7\u00e3o e Desenvolvimento em Braga\",\"datePublished\":\"2022-12-08T12:00:55+00:00\",\"dateModified\":\"2022-12-09T18:59:24+00:00\",\"mainEntityOfPage\":{\"@id\":\"https:\\\/\\\/jornaldasoficinas.com\\\/pt\\\/bosch-investe-em-investigacao-e-desenvolvimento-em-braga\\\/\"},\"wordCount\":425,\"publisher\":{\"@id\":\"https:\\\/\\\/jornaldasoficinas.com\\\/pt\\\/#organization\"},\"image\":{\"@id\":\"https:\\\/\\\/jornaldasoficinas.com\\\/pt\\\/bosch-investe-em-investigacao-e-desenvolvimento-em-braga\\\/#primaryimage\"},\"thumbnailUrl\":\"https:\\\/\\\/jornaldasoficinas.com\\\/pt\\\/wp-content\\\/uploads\\\/2022\\\/12\\\/Bosch-investe-em-Investigacao-e-Desenvolvimento-em-Braga.png\",\"keywords\":[\"Bosch\",\"Braga\",\"Desenvolvimento de software\",\"Investiga\u00e7\u00e3o e desenvolvimento\"],\"articleSection\":[\"Empresas\"],\"inLanguage\":\"pt-PT\"},{\"@type\":\"WebPage\",\"@id\":\"https:\\\/\\\/jornaldasoficinas.com\\\/pt\\\/bosch-investe-em-investigacao-e-desenvolvimento-em-braga\\\/\",\"url\":\"https:\\\/\\\/jornaldasoficinas.com\\\/pt\\\/bosch-investe-em-investigacao-e-desenvolvimento-em-braga\\\/\",\"name\":\"Bosch investe em Investiga\u00e7\u00e3o e Desenvolvimento em Braga - Jornal das Oficinas\",\"isPartOf\":{\"@id\":\"https:\\\/\\\/jornaldasoficinas.com\\\/pt\\\/#website\"},\"primaryImageOfPage\":{\"@id\":\"https:\\\/\\\/jornaldasoficinas.com\\\/pt\\\/bosch-investe-em-investigacao-e-desenvolvimento-em-braga\\\/#primaryimage\"},\"image\":{\"@id\":\"https:\\\/\\\/jornaldasoficinas.com\\\/pt\\\/bosch-investe-em-investigacao-e-desenvolvimento-em-braga\\\/#primaryimage\"},\"thumbnailUrl\":\"https:\\\/\\\/jornaldasoficinas.com\\\/pt\\\/wp-content\\\/uploads\\\/2022\\\/12\\\/Bosch-investe-em-Investigacao-e-Desenvolvimento-em-Braga.png\",\"datePublished\":\"2022-12-08T12:00:55+00:00\",\"dateModified\":\"2022-12-09T18:59:24+00:00\",\"description\":\"A Bosch continua a apostar fortemente na expans\u00e3o das suas atividades de Investiga\u00e7\u00e3o e Desenvolvimento (I&D) em Braga\",\"breadcrumb\":{\"@id\":\"https:\\\/\\\/jornaldasoficinas.com\\\/pt\\\/bosch-investe-em-investigacao-e-desenvolvimento-em-braga\\\/#breadcrumb\"},\"inLanguage\":\"pt-PT\",\"potentialAction\":[{\"@type\":\"ReadAction\",\"target\":[\"https:\\\/\\\/jornaldasoficinas.com\\\/pt\\\/bosch-investe-em-investigacao-e-desenvolvimento-em-braga\\\/\"]}]},{\"@type\":\"ImageObject\",\"inLanguage\":\"pt-PT\",\"@id\":\"https:\\\/\\\/jornaldasoficinas.com\\\/pt\\\/bosch-investe-em-investigacao-e-desenvolvimento-em-braga\\\/#primaryimage\",\"url\":\"https:\\\/\\\/jornaldasoficinas.com\\\/pt\\\/wp-content\\\/uploads\\\/2022\\\/12\\\/Bosch-investe-em-Investigacao-e-Desenvolvimento-em-Braga.png\",\"contentUrl\":\"https:\\\/\\\/jornaldasoficinas.com\\\/pt\\\/wp-content\\\/uploads\\\/2022\\\/12\\\/Bosch-investe-em-Investigacao-e-Desenvolvimento-em-Braga.png\",\"width\":1024,\"height\":581,\"caption\":\"12 - Bosch investe em Investigacao e Desenvolvimento em Braga\"},{\"@type\":\"BreadcrumbList\",\"@id\":\"https:\\\/\\\/jornaldasoficinas.com\\\/pt\\\/bosch-investe-em-investigacao-e-desenvolvimento-em-braga\\\/#breadcrumb\",\"itemListElement\":[{\"@type\":\"ListItem\",\"position\":1,\"name\":\"In\u00edcio\",\"item\":\"https:\\\/\\\/jornaldasoficinas.com\\\/pt\\\/\"},{\"@type\":\"ListItem\",\"position\":2,\"name\":\"Bosch investe em Investiga\u00e7\u00e3o e Desenvolvimento em Braga\"}]},{\"@type\":\"WebSite\",\"@id\":\"https:\\\/\\\/jornaldasoficinas.com\\\/pt\\\/#website\",\"url\":\"https:\\\/\\\/jornaldasoficinas.com\\\/pt\\\/\",\"name\":\"Jornal das Oficinas\",\"description\":\"Jornal independente do Aftermarket Autom\u00f3vel em Portugal\",\"publisher\":{\"@id\":\"https:\\\/\\\/jornaldasoficinas.com\\\/pt\\\/#organization\"},\"potentialAction\":[{\"@type\":\"SearchAction\",\"target\":{\"@type\":\"EntryPoint\",\"urlTemplate\":\"https:\\\/\\\/jornaldasoficinas.com\\\/pt\\\/?s={search_term_string}\"},\"query-input\":{\"@type\":\"PropertyValueSpecification\",\"valueRequired\":true,\"valueName\":\"search_term_string\"}}],\"inLanguage\":\"pt-PT\"},{\"@type\":\"Organization\",\"@id\":\"https:\\\/\\\/jornaldasoficinas.com\\\/pt\\\/#organization\",\"name\":\"Jornal das Oficinas\",\"url\":\"https:\\\/\\\/jornaldasoficinas.com\\\/pt\\\/\",\"logo\":{\"@type\":\"ImageObject\",\"inLanguage\":\"pt-PT\",\"@id\":\"https:\\\/\\\/jornaldasoficinas.com\\\/pt\\\/#\\\/schema\\\/logo\\\/image\\\/\",\"url\":\"https:\\\/\\\/jornaldasoficinas.com\\\/pt\\\/wp-content\\\/uploads\\\/logoJO-SEO.png\",\"contentUrl\":\"https:\\\/\\\/jornaldasoficinas.com\\\/pt\\\/wp-content\\\/uploads\\\/logoJO-SEO.png\",\"width\":285,\"height\":450,\"caption\":\"Jornal das Oficinas\"},\"image\":{\"@id\":\"https:\\\/\\\/jornaldasoficinas.com\\\/pt\\\/#\\\/schema\\\/logo\\\/image\\\/\"},\"sameAs\":[\"https:\\\/\\\/www.facebook.com\\\/jornaloficinas\",\"https:\\\/\\\/x.com\\\/jornaloficinas\",\"https:\\\/\\\/www.instagram.com\\\/jornal_oficinas\\\/\",\"https:\\\/\\\/www.linkedin.com\\\/company\\\/jornal-das-oficinas\\\/\",\"https:\\\/\\\/www.youtube.com\\\/channel\\\/UCbQZBqtcvV-oSQrr7RzINGg\"]},{\"@type\":\"Person\",\"@id\":\"https:\\\/\\\/jornaldasoficinas.com\\\/pt\\\/#\\\/schema\\\/person\\\/a38eef5de2c41d9e7c9ac10141afddf3\",\"name\":\"Reda\u00e7\u00e3o JO\",\"image\":{\"@type\":\"ImageObject\",\"inLanguage\":\"pt-PT\",\"@id\":\"https:\\\/\\\/secure.gravatar.com\\\/avatar\\\/71f2fa71737ad68a84fea94bc708ddac8ea5b0c4788dc2ad202f3ccb2887742f?s=96&d=wp_user_avatar&r=g\",\"url\":\"https:\\\/\\\/secure.gravatar.com\\\/avatar\\\/71f2fa71737ad68a84fea94bc708ddac8ea5b0c4788dc2ad202f3ccb2887742f?s=96&d=wp_user_avatar&r=g\",\"contentUrl\":\"https:\\\/\\\/secure.gravatar.com\\\/avatar\\\/71f2fa71737ad68a84fea94bc708ddac8ea5b0c4788dc2ad202f3ccb2887742f?s=96&d=wp_user_avatar&r=g\",\"caption\":\"Reda\u00e7\u00e3o JO\"},\"url\":\"https:\\\/\\\/jornaldasoficinas.com\\\/pt\\\/author\\\/joredacao\\\/\"}]}<\/script>\n<!-- \/ Yoast SEO plugin. -->","yoast_head_json":{"title":"Bosch investe em Investiga\u00e7\u00e3o e Desenvolvimento em Braga - Jornal das Oficinas","description":"A Bosch continua a apostar fortemente na expans\u00e3o das suas atividades de Investiga\u00e7\u00e3o e Desenvolvimento (I&D) em Braga","robots":{"index":"index","follow":"follow","max-snippet":"max-snippet:-1","max-image-preview":"max-image-preview:large","max-video-preview":"max-video-preview:-1"},"canonical":"https:\/\/jornaldasoficinas.com\/pt\/bosch-investe-em-investigacao-e-desenvolvimento-em-braga\/","og_locale":"pt_PT","og_type":"article","og_title":"Bosch investe em Investiga\u00e7\u00e3o e Desenvolvimento em Braga - Jornal das Oficinas","og_description":"A Bosch continua a apostar fortemente na expans\u00e3o das suas atividades de Investiga\u00e7\u00e3o e Desenvolvimento (I&D) em Braga","og_url":"https:\/\/jornaldasoficinas.com\/pt\/bosch-investe-em-investigacao-e-desenvolvimento-em-braga\/","og_site_name":"Jornal das Oficinas","article_publisher":"https:\/\/www.facebook.com\/jornaloficinas","article_published_time":"2022-12-08T12:00:55+00:00","article_modified_time":"2022-12-09T18:59:24+00:00","og_image":[{"width":1024,"height":581,"url":"https:\/\/jornaldasoficinas.com\/pt\/wp-content\/uploads\/2022\/12\/Bosch-investe-em-Investigacao-e-Desenvolvimento-em-Braga.png","type":"image\/png"}],"author":"Reda\u00e7\u00e3o JO","twitter_card":"summary_large_image","twitter_creator":"@jornaloficinas","twitter_site":"@jornaloficinas","twitter_misc":{"Escrito por":"Reda\u00e7\u00e3o JO","Tempo estimado de leitura":"2 minutos"},"schema":{"@context":"https:\/\/schema.org","@graph":[{"@type":"Article","@id":"https:\/\/jornaldasoficinas.com\/pt\/bosch-investe-em-investigacao-e-desenvolvimento-em-braga\/#article","isPartOf":{"@id":"https:\/\/jornaldasoficinas.com\/pt\/bosch-investe-em-investigacao-e-desenvolvimento-em-braga\/"},"author":{"name":"Reda\u00e7\u00e3o JO","@id":"https:\/\/jornaldasoficinas.com\/pt\/#\/schema\/person\/a38eef5de2c41d9e7c9ac10141afddf3"},"headline":"Bosch investe em Investiga\u00e7\u00e3o e Desenvolvimento em Braga","datePublished":"2022-12-08T12:00:55+00:00","dateModified":"2022-12-09T18:59:24+00:00","mainEntityOfPage":{"@id":"https:\/\/jornaldasoficinas.com\/pt\/bosch-investe-em-investigacao-e-desenvolvimento-em-braga\/"},"wordCount":425,"publisher":{"@id":"https:\/\/jornaldasoficinas.com\/pt\/#organization"},"image":{"@id":"https:\/\/jornaldasoficinas.com\/pt\/bosch-investe-em-investigacao-e-desenvolvimento-em-braga\/#primaryimage"},"thumbnailUrl":"https:\/\/jornaldasoficinas.com\/pt\/wp-content\/uploads\/2022\/12\/Bosch-investe-em-Investigacao-e-Desenvolvimento-em-Braga.png","keywords":["Bosch","Braga","Desenvolvimento de software","Investiga\u00e7\u00e3o e desenvolvimento"],"articleSection":["Empresas"],"inLanguage":"pt-PT"},{"@type":"WebPage","@id":"https:\/\/jornaldasoficinas.com\/pt\/bosch-investe-em-investigacao-e-desenvolvimento-em-braga\/","url":"https:\/\/jornaldasoficinas.com\/pt\/bosch-investe-em-investigacao-e-desenvolvimento-em-braga\/","name":"Bosch investe em Investiga\u00e7\u00e3o e Desenvolvimento em Braga - Jornal das Oficinas","isPartOf":{"@id":"https:\/\/jornaldasoficinas.com\/pt\/#website"},"primaryImageOfPage":{"@id":"https:\/\/jornaldasoficinas.com\/pt\/bosch-investe-em-investigacao-e-desenvolvimento-em-braga\/#primaryimage"},"image":{"@id":"https:\/\/jornaldasoficinas.com\/pt\/bosch-investe-em-investigacao-e-desenvolvimento-em-braga\/#primaryimage"},"thumbnailUrl":"https:\/\/jornaldasoficinas.com\/pt\/wp-content\/uploads\/2022\/12\/Bosch-investe-em-Investigacao-e-Desenvolvimento-em-Braga.png","datePublished":"2022-12-08T12:00:55+00:00","dateModified":"2022-12-09T18:59:24+00:00","description":"A Bosch continua a apostar fortemente na expans\u00e3o das suas atividades de Investiga\u00e7\u00e3o e Desenvolvimento (I&D) em Braga","breadcrumb":{"@id":"https:\/\/jornaldasoficinas.com\/pt\/bosch-investe-em-investigacao-e-desenvolvimento-em-braga\/#breadcrumb"},"inLanguage":"pt-PT","potentialAction":[{"@type":"ReadAction","target":["https:\/\/jornaldasoficinas.com\/pt\/bosch-investe-em-investigacao-e-desenvolvimento-em-braga\/"]}]},{"@type":"ImageObject","inLanguage":"pt-PT","@id":"https:\/\/jornaldasoficinas.com\/pt\/bosch-investe-em-investigacao-e-desenvolvimento-em-braga\/#primaryimage","url":"https:\/\/jornaldasoficinas.com\/pt\/wp-content\/uploads\/2022\/12\/Bosch-investe-em-Investigacao-e-Desenvolvimento-em-Braga.png","contentUrl":"https:\/\/jornaldasoficinas.com\/pt\/wp-content\/uploads\/2022\/12\/Bosch-investe-em-Investigacao-e-Desenvolvimento-em-Braga.png","width":1024,"height":581,"caption":"12 - Bosch investe em Investigacao e Desenvolvimento em Braga"},{"@type":"BreadcrumbList","@id":"https:\/\/jornaldasoficinas.com\/pt\/bosch-investe-em-investigacao-e-desenvolvimento-em-braga\/#breadcrumb","itemListElement":[{"@type":"ListItem","position":1,"name":"In\u00edcio","item":"https:\/\/jornaldasoficinas.com\/pt\/"},{"@type":"ListItem","position":2,"name":"Bosch investe em Investiga\u00e7\u00e3o e Desenvolvimento em Braga"}]},{"@type":"WebSite","@id":"https:\/\/jornaldasoficinas.com\/pt\/#website","url":"https:\/\/jornaldasoficinas.com\/pt\/","name":"Jornal das Oficinas","description":"Jornal independente do Aftermarket Autom\u00f3vel em Portugal","publisher":{"@id":"https:\/\/jornaldasoficinas.com\/pt\/#organization"},"potentialAction":[{"@type":"SearchAction","target":{"@type":"EntryPoint","urlTemplate":"https:\/\/jornaldasoficinas.com\/pt\/?s={search_term_string}"},"query-input":{"@type":"PropertyValueSpecification","valueRequired":true,"valueName":"search_term_string"}}],"inLanguage":"pt-PT"},{"@type":"Organization","@id":"https:\/\/jornaldasoficinas.com\/pt\/#organization","name":"Jornal das Oficinas","url":"https:\/\/jornaldasoficinas.com\/pt\/","logo":{"@type":"ImageObject","inLanguage":"pt-PT","@id":"https:\/\/jornaldasoficinas.com\/pt\/#\/schema\/logo\/image\/","url":"https:\/\/jornaldasoficinas.com\/pt\/wp-content\/uploads\/logoJO-SEO.png","contentUrl":"https:\/\/jornaldasoficinas.com\/pt\/wp-content\/uploads\/logoJO-SEO.png","width":285,"height":450,"caption":"Jornal das Oficinas"},"image":{"@id":"https:\/\/jornaldasoficinas.com\/pt\/#\/schema\/logo\/image\/"},"sameAs":["https:\/\/www.facebook.com\/jornaloficinas","https:\/\/x.com\/jornaloficinas","https:\/\/www.instagram.com\/jornal_oficinas\/","https:\/\/www.linkedin.com\/company\/jornal-das-oficinas\/","https:\/\/www.youtube.com\/channel\/UCbQZBqtcvV-oSQrr7RzINGg"]},{"@type":"Person","@id":"https:\/\/jornaldasoficinas.com\/pt\/#\/schema\/person\/a38eef5de2c41d9e7c9ac10141afddf3","name":"Reda\u00e7\u00e3o JO","image":{"@type":"ImageObject","inLanguage":"pt-PT","@id":"https:\/\/secure.gravatar.com\/avatar\/71f2fa71737ad68a84fea94bc708ddac8ea5b0c4788dc2ad202f3ccb2887742f?s=96&d=wp_user_avatar&r=g","url":"https:\/\/secure.gravatar.com\/avatar\/71f2fa71737ad68a84fea94bc708ddac8ea5b0c4788dc2ad202f3ccb2887742f?s=96&d=wp_user_avatar&r=g","contentUrl":"https:\/\/secure.gravatar.com\/avatar\/71f2fa71737ad68a84fea94bc708ddac8ea5b0c4788dc2ad202f3ccb2887742f?s=96&d=wp_user_avatar&r=g","caption":"Reda\u00e7\u00e3o JO"},"url":"https:\/\/jornaldasoficinas.com\/pt\/author\/joredacao\/"}]}},"_links":{"self":[{"href":"https:\/\/jornaldasoficinas.com\/pt\/wp-json\/wp\/v2\/posts\/35353","targetHints":{"allow":["GET"]}}],"collection":[{"href":"https:\/\/jornaldasoficinas.com\/pt\/wp-json\/wp\/v2\/posts"}],"about":[{"href":"https:\/\/jornaldasoficinas.com\/pt\/wp-json\/wp\/v2\/types\/post"}],"author":[{"embeddable":true,"href":"https:\/\/jornaldasoficinas.com\/pt\/wp-json\/wp\/v2\/users\/15"}],"replies":[{"embeddable":true,"href":"https:\/\/jornaldasoficinas.com\/pt\/wp-json\/wp\/v2\/comments?post=35353"}],"version-history":[{"count":0,"href":"https:\/\/jornaldasoficinas.com\/pt\/wp-json\/wp\/v2\/posts\/35353\/revisions"}],"wp:featuredmedia":[{"embeddable":true,"href":"https:\/\/jornaldasoficinas.com\/pt\/wp-json\/wp\/v2\/media\/35330"}],"wp:attachment":[{"href":"https:\/\/jornaldasoficinas.com\/pt\/wp-json\/wp\/v2\/media?parent=35353"}],"wp:term":[{"taxonomy":"category","embeddable":true,"href":"https:\/\/jornaldasoficinas.com\/pt\/wp-json\/wp\/v2\/categories?post=35353"},{"taxonomy":"post_tag","embeddable":true,"href":"https:\/\/jornaldasoficinas.com\/pt\/wp-json\/wp\/v2\/tags?post=35353"}],"curies":[{"name":"wp","href":"https:\/\/api.w.org\/{rel}","templated":true}]}}