{"id":35421,"date":"2022-12-11T19:00:15","date_gmt":"2022-12-11T19:00:15","guid":{"rendered":"https:\/\/jornaldasoficinas.com\/pt\/?p=35421"},"modified":"2022-12-09T19:07:13","modified_gmt":"2022-12-09T19:07:13","slug":"parque-automovel-a-envelhecer-e-a-crescer-lentamente","status":"publish","type":"post","link":"https:\/\/jornaldasoficinas.com\/pt\/parque-automovel-a-envelhecer-e-a-crescer-lentamente\/","title":{"rendered":"Parque autom\u00f3vel a envelhecer e a crescer lentamente"},"content":{"rendered":"<p><strong><img loading=\"lazy\" decoding=\"async\" class=\"alignnone size-full wp-image-35422\" src=\"https:\/\/jornaldasoficinas.com\/pt\/wp-content\/uploads\/2022\/12\/parque_automovel.jpeg\" alt=\"12 - parque_automovel\" width=\"1024\" height=\"581\" srcset=\"https:\/\/jornaldasoficinas.com\/pt\/wp-content\/uploads\/2022\/12\/parque_automovel.jpeg 1024w, https:\/\/jornaldasoficinas.com\/pt\/wp-content\/uploads\/2022\/12\/parque_automovel-300x170.jpeg 300w, https:\/\/jornaldasoficinas.com\/pt\/wp-content\/uploads\/2022\/12\/parque_automovel-150x85.jpeg 150w, https:\/\/jornaldasoficinas.com\/pt\/wp-content\/uploads\/2022\/12\/parque_automovel-768x436.jpeg 768w\" sizes=\"auto, (max-width: 1024px) 100vw, 1024px\" \/><\/strong><strong><br \/>\n<\/strong><\/p>\n<p><strong>Nos u\u0301ltimos 10 anos, a idade me\u0301dia da frota de automo\u0301veis de passageiros aumentou. O vei\u0301culo me\u0301dio na Europa Ocidental tem 11 anos; na Europa Central e Oriental e\u0301 ainda mais velho<\/strong><\/p>\n<p>Isto tem um efeito substancial no mercado da reparac\u0327a\u0303o, uma vez que os vei\u0301culos mais antigos sa\u0303o mais propensos de necessitar de manutenc\u0327a\u0303o e pec\u0327as de substituic\u0327a\u0303o. A idade da frota tambe\u0301m muda o mix de nego\u0301cios entre os canais de abastecimento autorizados e independentes.<\/p>\n<p>Os proprieta\u0301rios tendem a levar os seus vei\u0301culos a oficinas de reparac\u0327a\u0303o autorizadas quando ainda esta\u0303o sob garantia ou relativamente novos. Mas a\u0300 medida que os seus automo\u0301veis envelhecem, sa\u0303o mais propensos a ir a uma oficina independente oferecendo soluc\u0327o\u0303es renta\u0301veis. Isto e\u0301 especialmente verdade para o segundo e terceiro proprieta\u0301rios.<\/p>\n<p>Na Europa Ocidental, a quota de vei\u0301culos com mais de oito anos &#8211; conhecida como automo\u0301veis do segmento 3 &#8211; aumentou de 50% em 2011 para 65% em 2020. A indu\u0301stria espera que continue, com a quota do segmento 3 a chegar aos 75% ate\u0301 2030.<\/p>\n<p>A tende\u0302ncia e\u0301 ainda mais pronunciada nos pai\u0301ses da Europa Central e Oriental onde o rendimento disponi\u0301vel baixo limita a compra de novos vei\u0301culos. O parque automo\u0301vel ou o nu\u0301mero de vei\u0301culos de passageiros e vei\u0301culos comerciais ligeiros em uso na Europa, cresceu a uma taxa anual de 1,6% entre 2011 e 2020, proporcionando um dos principais condutores de expansa\u0303o no mercado po\u0301s-venda.<\/p>\n<p>Mas com a crescente saturac\u0327a\u0303o, especialmente nas economias da Europa Ocidental, a taxa caira\u0301 para menos de 1% entre 2020 e 2025 e ainda mais lento na u\u0301ltima metade da de\u0301cada.<\/p>\n","protected":false},"excerpt":{"rendered":"<p>Nos u\u0301ltimos 10 anos, a idade&#8230;<\/p>\n","protected":false},"author":15,"featured_media":35422,"comment_status":"closed","ping_status":"closed","sticky":false,"template":"","format":"standard","meta":{"footnotes":""},"categories":[37],"tags":[34,3332,3334,3333],"class_list":["post-35421","post","type-post","status-publish","format-standard","has-post-thumbnail","hentry","category-mercado","tag-manutencao","tag-mercado-da-reparacao","tag-parque-automovel-esta-a-envelhecer","tag-pecas-de-substituicao"],"yoast_head":"<!-- This site is optimized with the Yoast SEO plugin v27.5 - https:\/\/yoast.com\/product\/yoast-seo-wordpress\/ -->\n<title>Parque autom\u00f3vel a envelhecer e a crescer lentamente - Jornal das Oficinas<\/title>\n<meta name=\"description\" content=\"Nos u\u0301ltimos 10 anos, a idade me\u0301dia da frota de automo\u0301veis de passageiros aumentou. O vei\u0301culo me\u0301dio na Europa Ocidental tem 11 anos\" \/>\n<meta name=\"robots\" content=\"index, follow, max-snippet:-1, max-image-preview:large, max-video-preview:-1\" \/>\n<link rel=\"canonical\" href=\"https:\/\/jornaldasoficinas.com\/pt\/parque-automovel-a-envelhecer-e-a-crescer-lentamente\/\" \/>\n<meta property=\"og:locale\" content=\"pt_PT\" \/>\n<meta property=\"og:type\" content=\"article\" \/>\n<meta property=\"og:title\" content=\"Parque autom\u00f3vel a envelhecer e a crescer lentamente - Jornal das Oficinas\" \/>\n<meta property=\"og:description\" content=\"Nos u\u0301ltimos 10 anos, a idade me\u0301dia da frota de automo\u0301veis de passageiros aumentou. O vei\u0301culo me\u0301dio na Europa Ocidental tem 11 anos\" \/>\n<meta property=\"og:url\" content=\"https:\/\/jornaldasoficinas.com\/pt\/parque-automovel-a-envelhecer-e-a-crescer-lentamente\/\" \/>\n<meta property=\"og:site_name\" content=\"Jornal das Oficinas\" \/>\n<meta property=\"article:publisher\" content=\"https:\/\/www.facebook.com\/jornaloficinas\" \/>\n<meta property=\"article:published_time\" content=\"2022-12-11T19:00:15+00:00\" \/>\n<meta property=\"og:image\" content=\"https:\/\/jornaldasoficinas.com\/pt\/wp-content\/uploads\/2022\/12\/parque_automovel.jpeg\" \/>\n\t<meta property=\"og:image:width\" content=\"1024\" \/>\n\t<meta property=\"og:image:height\" content=\"581\" \/>\n\t<meta property=\"og:image:type\" content=\"image\/jpeg\" \/>\n<meta name=\"author\" content=\"Reda\u00e7\u00e3o JO\" \/>\n<meta name=\"twitter:card\" content=\"summary_large_image\" \/>\n<meta name=\"twitter:creator\" content=\"@jornaloficinas\" \/>\n<meta name=\"twitter:site\" content=\"@jornaloficinas\" \/>\n<meta name=\"twitter:label1\" content=\"Escrito por\" \/>\n\t<meta name=\"twitter:data1\" content=\"Reda\u00e7\u00e3o JO\" \/>\n\t<meta name=\"twitter:label2\" content=\"Tempo estimado de leitura\" \/>\n\t<meta name=\"twitter:data2\" content=\"1 minuto\" \/>\n<script type=\"application\/ld+json\" class=\"yoast-schema-graph\">{\"@context\":\"https:\\\/\\\/schema.org\",\"@graph\":[{\"@type\":\"Article\",\"@id\":\"https:\\\/\\\/jornaldasoficinas.com\\\/pt\\\/parque-automovel-a-envelhecer-e-a-crescer-lentamente\\\/#article\",\"isPartOf\":{\"@id\":\"https:\\\/\\\/jornaldasoficinas.com\\\/pt\\\/parque-automovel-a-envelhecer-e-a-crescer-lentamente\\\/\"},\"author\":{\"name\":\"Reda\u00e7\u00e3o JO\",\"@id\":\"https:\\\/\\\/jornaldasoficinas.com\\\/pt\\\/#\\\/schema\\\/person\\\/a38eef5de2c41d9e7c9ac10141afddf3\"},\"headline\":\"Parque autom\u00f3vel a envelhecer e a crescer lentamente\",\"datePublished\":\"2022-12-11T19:00:15+00:00\",\"mainEntityOfPage\":{\"@id\":\"https:\\\/\\\/jornaldasoficinas.com\\\/pt\\\/parque-automovel-a-envelhecer-e-a-crescer-lentamente\\\/\"},\"wordCount\":305,\"publisher\":{\"@id\":\"https:\\\/\\\/jornaldasoficinas.com\\\/pt\\\/#organization\"},\"image\":{\"@id\":\"https:\\\/\\\/jornaldasoficinas.com\\\/pt\\\/parque-automovel-a-envelhecer-e-a-crescer-lentamente\\\/#primaryimage\"},\"thumbnailUrl\":\"https:\\\/\\\/jornaldasoficinas.com\\\/pt\\\/wp-content\\\/uploads\\\/2022\\\/12\\\/parque_automovel.jpeg\",\"keywords\":[\"Manuten\u00e7\u00e3o\",\"Mercado da reparac\u0327a\u0303o\",\"Parque autom\u00f3vel est\u00e1 a envelhecer\",\"Pe\u00e7as de substitui\u00e7\u00e3o\"],\"articleSection\":[\"Mercado\"],\"inLanguage\":\"pt-PT\"},{\"@type\":\"WebPage\",\"@id\":\"https:\\\/\\\/jornaldasoficinas.com\\\/pt\\\/parque-automovel-a-envelhecer-e-a-crescer-lentamente\\\/\",\"url\":\"https:\\\/\\\/jornaldasoficinas.com\\\/pt\\\/parque-automovel-a-envelhecer-e-a-crescer-lentamente\\\/\",\"name\":\"Parque autom\u00f3vel a envelhecer e a crescer lentamente - Jornal das Oficinas\",\"isPartOf\":{\"@id\":\"https:\\\/\\\/jornaldasoficinas.com\\\/pt\\\/#website\"},\"primaryImageOfPage\":{\"@id\":\"https:\\\/\\\/jornaldasoficinas.com\\\/pt\\\/parque-automovel-a-envelhecer-e-a-crescer-lentamente\\\/#primaryimage\"},\"image\":{\"@id\":\"https:\\\/\\\/jornaldasoficinas.com\\\/pt\\\/parque-automovel-a-envelhecer-e-a-crescer-lentamente\\\/#primaryimage\"},\"thumbnailUrl\":\"https:\\\/\\\/jornaldasoficinas.com\\\/pt\\\/wp-content\\\/uploads\\\/2022\\\/12\\\/parque_automovel.jpeg\",\"datePublished\":\"2022-12-11T19:00:15+00:00\",\"description\":\"Nos u\u0301ltimos 10 anos, a idade me\u0301dia da frota de automo\u0301veis de passageiros aumentou. O vei\u0301culo me\u0301dio na Europa Ocidental tem 11 anos\",\"breadcrumb\":{\"@id\":\"https:\\\/\\\/jornaldasoficinas.com\\\/pt\\\/parque-automovel-a-envelhecer-e-a-crescer-lentamente\\\/#breadcrumb\"},\"inLanguage\":\"pt-PT\",\"potentialAction\":[{\"@type\":\"ReadAction\",\"target\":[\"https:\\\/\\\/jornaldasoficinas.com\\\/pt\\\/parque-automovel-a-envelhecer-e-a-crescer-lentamente\\\/\"]}]},{\"@type\":\"ImageObject\",\"inLanguage\":\"pt-PT\",\"@id\":\"https:\\\/\\\/jornaldasoficinas.com\\\/pt\\\/parque-automovel-a-envelhecer-e-a-crescer-lentamente\\\/#primaryimage\",\"url\":\"https:\\\/\\\/jornaldasoficinas.com\\\/pt\\\/wp-content\\\/uploads\\\/2022\\\/12\\\/parque_automovel.jpeg\",\"contentUrl\":\"https:\\\/\\\/jornaldasoficinas.com\\\/pt\\\/wp-content\\\/uploads\\\/2022\\\/12\\\/parque_automovel.jpeg\",\"width\":1024,\"height\":581,\"caption\":\"12 - parque_automovel\"},{\"@type\":\"BreadcrumbList\",\"@id\":\"https:\\\/\\\/jornaldasoficinas.com\\\/pt\\\/parque-automovel-a-envelhecer-e-a-crescer-lentamente\\\/#breadcrumb\",\"itemListElement\":[{\"@type\":\"ListItem\",\"position\":1,\"name\":\"In\u00edcio\",\"item\":\"https:\\\/\\\/jornaldasoficinas.com\\\/pt\\\/\"},{\"@type\":\"ListItem\",\"position\":2,\"name\":\"Parque autom\u00f3vel a envelhecer e a crescer lentamente\"}]},{\"@type\":\"WebSite\",\"@id\":\"https:\\\/\\\/jornaldasoficinas.com\\\/pt\\\/#website\",\"url\":\"https:\\\/\\\/jornaldasoficinas.com\\\/pt\\\/\",\"name\":\"Jornal das Oficinas\",\"description\":\"Jornal independente do Aftermarket Autom\u00f3vel em Portugal\",\"publisher\":{\"@id\":\"https:\\\/\\\/jornaldasoficinas.com\\\/pt\\\/#organization\"},\"potentialAction\":[{\"@type\":\"SearchAction\",\"target\":{\"@type\":\"EntryPoint\",\"urlTemplate\":\"https:\\\/\\\/jornaldasoficinas.com\\\/pt\\\/?s={search_term_string}\"},\"query-input\":{\"@type\":\"PropertyValueSpecification\",\"valueRequired\":true,\"valueName\":\"search_term_string\"}}],\"inLanguage\":\"pt-PT\"},{\"@type\":\"Organization\",\"@id\":\"https:\\\/\\\/jornaldasoficinas.com\\\/pt\\\/#organization\",\"name\":\"Jornal das Oficinas\",\"url\":\"https:\\\/\\\/jornaldasoficinas.com\\\/pt\\\/\",\"logo\":{\"@type\":\"ImageObject\",\"inLanguage\":\"pt-PT\",\"@id\":\"https:\\\/\\\/jornaldasoficinas.com\\\/pt\\\/#\\\/schema\\\/logo\\\/image\\\/\",\"url\":\"https:\\\/\\\/jornaldasoficinas.com\\\/pt\\\/wp-content\\\/uploads\\\/logoJO-SEO.png\",\"contentUrl\":\"https:\\\/\\\/jornaldasoficinas.com\\\/pt\\\/wp-content\\\/uploads\\\/logoJO-SEO.png\",\"width\":285,\"height\":450,\"caption\":\"Jornal das Oficinas\"},\"image\":{\"@id\":\"https:\\\/\\\/jornaldasoficinas.com\\\/pt\\\/#\\\/schema\\\/logo\\\/image\\\/\"},\"sameAs\":[\"https:\\\/\\\/www.facebook.com\\\/jornaloficinas\",\"https:\\\/\\\/x.com\\\/jornaloficinas\",\"https:\\\/\\\/www.instagram.com\\\/jornal_oficinas\\\/\",\"https:\\\/\\\/www.linkedin.com\\\/company\\\/jornal-das-oficinas\\\/\",\"https:\\\/\\\/www.youtube.com\\\/channel\\\/UCbQZBqtcvV-oSQrr7RzINGg\"]},{\"@type\":\"Person\",\"@id\":\"https:\\\/\\\/jornaldasoficinas.com\\\/pt\\\/#\\\/schema\\\/person\\\/a38eef5de2c41d9e7c9ac10141afddf3\",\"name\":\"Reda\u00e7\u00e3o JO\",\"image\":{\"@type\":\"ImageObject\",\"inLanguage\":\"pt-PT\",\"@id\":\"https:\\\/\\\/secure.gravatar.com\\\/avatar\\\/71f2fa71737ad68a84fea94bc708ddac8ea5b0c4788dc2ad202f3ccb2887742f?s=96&d=wp_user_avatar&r=g\",\"url\":\"https:\\\/\\\/secure.gravatar.com\\\/avatar\\\/71f2fa71737ad68a84fea94bc708ddac8ea5b0c4788dc2ad202f3ccb2887742f?s=96&d=wp_user_avatar&r=g\",\"contentUrl\":\"https:\\\/\\\/secure.gravatar.com\\\/avatar\\\/71f2fa71737ad68a84fea94bc708ddac8ea5b0c4788dc2ad202f3ccb2887742f?s=96&d=wp_user_avatar&r=g\",\"caption\":\"Reda\u00e7\u00e3o JO\"},\"url\":\"https:\\\/\\\/jornaldasoficinas.com\\\/pt\\\/author\\\/joredacao\\\/\"}]}<\/script>\n<!-- \/ Yoast SEO plugin. -->","yoast_head_json":{"title":"Parque autom\u00f3vel a envelhecer e a crescer lentamente - Jornal das Oficinas","description":"Nos u\u0301ltimos 10 anos, a idade me\u0301dia da frota de automo\u0301veis de passageiros aumentou. O vei\u0301culo me\u0301dio na Europa Ocidental tem 11 anos","robots":{"index":"index","follow":"follow","max-snippet":"max-snippet:-1","max-image-preview":"max-image-preview:large","max-video-preview":"max-video-preview:-1"},"canonical":"https:\/\/jornaldasoficinas.com\/pt\/parque-automovel-a-envelhecer-e-a-crescer-lentamente\/","og_locale":"pt_PT","og_type":"article","og_title":"Parque autom\u00f3vel a envelhecer e a crescer lentamente - Jornal das Oficinas","og_description":"Nos u\u0301ltimos 10 anos, a idade me\u0301dia da frota de automo\u0301veis de passageiros aumentou. O vei\u0301culo me\u0301dio na Europa Ocidental tem 11 anos","og_url":"https:\/\/jornaldasoficinas.com\/pt\/parque-automovel-a-envelhecer-e-a-crescer-lentamente\/","og_site_name":"Jornal das Oficinas","article_publisher":"https:\/\/www.facebook.com\/jornaloficinas","article_published_time":"2022-12-11T19:00:15+00:00","og_image":[{"width":1024,"height":581,"url":"https:\/\/jornaldasoficinas.com\/pt\/wp-content\/uploads\/2022\/12\/parque_automovel.jpeg","type":"image\/jpeg"}],"author":"Reda\u00e7\u00e3o JO","twitter_card":"summary_large_image","twitter_creator":"@jornaloficinas","twitter_site":"@jornaloficinas","twitter_misc":{"Escrito por":"Reda\u00e7\u00e3o JO","Tempo estimado de leitura":"1 minuto"},"schema":{"@context":"https:\/\/schema.org","@graph":[{"@type":"Article","@id":"https:\/\/jornaldasoficinas.com\/pt\/parque-automovel-a-envelhecer-e-a-crescer-lentamente\/#article","isPartOf":{"@id":"https:\/\/jornaldasoficinas.com\/pt\/parque-automovel-a-envelhecer-e-a-crescer-lentamente\/"},"author":{"name":"Reda\u00e7\u00e3o JO","@id":"https:\/\/jornaldasoficinas.com\/pt\/#\/schema\/person\/a38eef5de2c41d9e7c9ac10141afddf3"},"headline":"Parque autom\u00f3vel a envelhecer e a crescer lentamente","datePublished":"2022-12-11T19:00:15+00:00","mainEntityOfPage":{"@id":"https:\/\/jornaldasoficinas.com\/pt\/parque-automovel-a-envelhecer-e-a-crescer-lentamente\/"},"wordCount":305,"publisher":{"@id":"https:\/\/jornaldasoficinas.com\/pt\/#organization"},"image":{"@id":"https:\/\/jornaldasoficinas.com\/pt\/parque-automovel-a-envelhecer-e-a-crescer-lentamente\/#primaryimage"},"thumbnailUrl":"https:\/\/jornaldasoficinas.com\/pt\/wp-content\/uploads\/2022\/12\/parque_automovel.jpeg","keywords":["Manuten\u00e7\u00e3o","Mercado da reparac\u0327a\u0303o","Parque autom\u00f3vel est\u00e1 a envelhecer","Pe\u00e7as de substitui\u00e7\u00e3o"],"articleSection":["Mercado"],"inLanguage":"pt-PT"},{"@type":"WebPage","@id":"https:\/\/jornaldasoficinas.com\/pt\/parque-automovel-a-envelhecer-e-a-crescer-lentamente\/","url":"https:\/\/jornaldasoficinas.com\/pt\/parque-automovel-a-envelhecer-e-a-crescer-lentamente\/","name":"Parque autom\u00f3vel a envelhecer e a crescer lentamente - Jornal das Oficinas","isPartOf":{"@id":"https:\/\/jornaldasoficinas.com\/pt\/#website"},"primaryImageOfPage":{"@id":"https:\/\/jornaldasoficinas.com\/pt\/parque-automovel-a-envelhecer-e-a-crescer-lentamente\/#primaryimage"},"image":{"@id":"https:\/\/jornaldasoficinas.com\/pt\/parque-automovel-a-envelhecer-e-a-crescer-lentamente\/#primaryimage"},"thumbnailUrl":"https:\/\/jornaldasoficinas.com\/pt\/wp-content\/uploads\/2022\/12\/parque_automovel.jpeg","datePublished":"2022-12-11T19:00:15+00:00","description":"Nos u\u0301ltimos 10 anos, a idade me\u0301dia da frota de automo\u0301veis de passageiros aumentou. O vei\u0301culo me\u0301dio na Europa Ocidental tem 11 anos","breadcrumb":{"@id":"https:\/\/jornaldasoficinas.com\/pt\/parque-automovel-a-envelhecer-e-a-crescer-lentamente\/#breadcrumb"},"inLanguage":"pt-PT","potentialAction":[{"@type":"ReadAction","target":["https:\/\/jornaldasoficinas.com\/pt\/parque-automovel-a-envelhecer-e-a-crescer-lentamente\/"]}]},{"@type":"ImageObject","inLanguage":"pt-PT","@id":"https:\/\/jornaldasoficinas.com\/pt\/parque-automovel-a-envelhecer-e-a-crescer-lentamente\/#primaryimage","url":"https:\/\/jornaldasoficinas.com\/pt\/wp-content\/uploads\/2022\/12\/parque_automovel.jpeg","contentUrl":"https:\/\/jornaldasoficinas.com\/pt\/wp-content\/uploads\/2022\/12\/parque_automovel.jpeg","width":1024,"height":581,"caption":"12 - parque_automovel"},{"@type":"BreadcrumbList","@id":"https:\/\/jornaldasoficinas.com\/pt\/parque-automovel-a-envelhecer-e-a-crescer-lentamente\/#breadcrumb","itemListElement":[{"@type":"ListItem","position":1,"name":"In\u00edcio","item":"https:\/\/jornaldasoficinas.com\/pt\/"},{"@type":"ListItem","position":2,"name":"Parque autom\u00f3vel a envelhecer e a crescer lentamente"}]},{"@type":"WebSite","@id":"https:\/\/jornaldasoficinas.com\/pt\/#website","url":"https:\/\/jornaldasoficinas.com\/pt\/","name":"Jornal das Oficinas","description":"Jornal independente do Aftermarket Autom\u00f3vel em Portugal","publisher":{"@id":"https:\/\/jornaldasoficinas.com\/pt\/#organization"},"potentialAction":[{"@type":"SearchAction","target":{"@type":"EntryPoint","urlTemplate":"https:\/\/jornaldasoficinas.com\/pt\/?s={search_term_string}"},"query-input":{"@type":"PropertyValueSpecification","valueRequired":true,"valueName":"search_term_string"}}],"inLanguage":"pt-PT"},{"@type":"Organization","@id":"https:\/\/jornaldasoficinas.com\/pt\/#organization","name":"Jornal das Oficinas","url":"https:\/\/jornaldasoficinas.com\/pt\/","logo":{"@type":"ImageObject","inLanguage":"pt-PT","@id":"https:\/\/jornaldasoficinas.com\/pt\/#\/schema\/logo\/image\/","url":"https:\/\/jornaldasoficinas.com\/pt\/wp-content\/uploads\/logoJO-SEO.png","contentUrl":"https:\/\/jornaldasoficinas.com\/pt\/wp-content\/uploads\/logoJO-SEO.png","width":285,"height":450,"caption":"Jornal das Oficinas"},"image":{"@id":"https:\/\/jornaldasoficinas.com\/pt\/#\/schema\/logo\/image\/"},"sameAs":["https:\/\/www.facebook.com\/jornaloficinas","https:\/\/x.com\/jornaloficinas","https:\/\/www.instagram.com\/jornal_oficinas\/","https:\/\/www.linkedin.com\/company\/jornal-das-oficinas\/","https:\/\/www.youtube.com\/channel\/UCbQZBqtcvV-oSQrr7RzINGg"]},{"@type":"Person","@id":"https:\/\/jornaldasoficinas.com\/pt\/#\/schema\/person\/a38eef5de2c41d9e7c9ac10141afddf3","name":"Reda\u00e7\u00e3o JO","image":{"@type":"ImageObject","inLanguage":"pt-PT","@id":"https:\/\/secure.gravatar.com\/avatar\/71f2fa71737ad68a84fea94bc708ddac8ea5b0c4788dc2ad202f3ccb2887742f?s=96&d=wp_user_avatar&r=g","url":"https:\/\/secure.gravatar.com\/avatar\/71f2fa71737ad68a84fea94bc708ddac8ea5b0c4788dc2ad202f3ccb2887742f?s=96&d=wp_user_avatar&r=g","contentUrl":"https:\/\/secure.gravatar.com\/avatar\/71f2fa71737ad68a84fea94bc708ddac8ea5b0c4788dc2ad202f3ccb2887742f?s=96&d=wp_user_avatar&r=g","caption":"Reda\u00e7\u00e3o JO"},"url":"https:\/\/jornaldasoficinas.com\/pt\/author\/joredacao\/"}]}},"_links":{"self":[{"href":"https:\/\/jornaldasoficinas.com\/pt\/wp-json\/wp\/v2\/posts\/35421","targetHints":{"allow":["GET"]}}],"collection":[{"href":"https:\/\/jornaldasoficinas.com\/pt\/wp-json\/wp\/v2\/posts"}],"about":[{"href":"https:\/\/jornaldasoficinas.com\/pt\/wp-json\/wp\/v2\/types\/post"}],"author":[{"embeddable":true,"href":"https:\/\/jornaldasoficinas.com\/pt\/wp-json\/wp\/v2\/users\/15"}],"replies":[{"embeddable":true,"href":"https:\/\/jornaldasoficinas.com\/pt\/wp-json\/wp\/v2\/comments?post=35421"}],"version-history":[{"count":0,"href":"https:\/\/jornaldasoficinas.com\/pt\/wp-json\/wp\/v2\/posts\/35421\/revisions"}],"wp:featuredmedia":[{"embeddable":true,"href":"https:\/\/jornaldasoficinas.com\/pt\/wp-json\/wp\/v2\/media\/35422"}],"wp:attachment":[{"href":"https:\/\/jornaldasoficinas.com\/pt\/wp-json\/wp\/v2\/media?parent=35421"}],"wp:term":[{"taxonomy":"category","embeddable":true,"href":"https:\/\/jornaldasoficinas.com\/pt\/wp-json\/wp\/v2\/categories?post=35421"},{"taxonomy":"post_tag","embeddable":true,"href":"https:\/\/jornaldasoficinas.com\/pt\/wp-json\/wp\/v2\/tags?post=35421"}],"curies":[{"name":"wp","href":"https:\/\/api.w.org\/{rel}","templated":true}]}}