{"id":35428,"date":"2022-12-11T20:00:10","date_gmt":"2022-12-11T20:00:10","guid":{"rendered":"https:\/\/jornaldasoficinas.com\/pt\/?p=35428"},"modified":"2022-12-09T19:05:50","modified_gmt":"2022-12-09T19:05:50","slug":"com-os-olhos-postos-no-futuro-pedro-rodrigues-alecarpecas","status":"publish","type":"post","link":"https:\/\/jornaldasoficinas.com\/pt\/com-os-olhos-postos-no-futuro-pedro-rodrigues-alecarpecas\/","title":{"rendered":"\u201cCom os olhos postos no futuro\u201d, Pedro Rodrigues, AleCarPe\u00e7as"},"content":{"rendered":"<p><strong> <img loading=\"lazy\" decoding=\"async\" class=\"alignnone size-full wp-image-35423\" src=\"https:\/\/jornaldasoficinas.com\/pt\/wp-content\/uploads\/2022\/12\/alecarpecas.jpeg\" alt=\"12 - alecarpecas\" width=\"1024\" height=\"581\" srcset=\"https:\/\/jornaldasoficinas.com\/pt\/wp-content\/uploads\/2022\/12\/alecarpecas.jpeg 1024w, https:\/\/jornaldasoficinas.com\/pt\/wp-content\/uploads\/2022\/12\/alecarpecas-300x170.jpeg 300w, https:\/\/jornaldasoficinas.com\/pt\/wp-content\/uploads\/2022\/12\/alecarpecas-150x85.jpeg 150w, https:\/\/jornaldasoficinas.com\/pt\/wp-content\/uploads\/2022\/12\/alecarpecas-768x436.jpeg 768w\" sizes=\"auto, (max-width: 1024px) 100vw, 1024px\" \/><\/strong><\/p>\n<p><strong>Com os olhos postos no futuro, 2022 foi o ano escolhido pela empresa para lan\u00e7ar n\u00e3o um, mas dois projetos novos. Em outubro foi o lan\u00e7amento do projeto de venda de equipamento de diagn\u00f3stico e software t\u00e9cnico. A segunda aposta da <a href=\"https:\/\/www.alecarpecas.pt\/pt\/home\" target=\"_blank\" rel=\"noopener\">AlecarPe\u00e7as<\/a>, incidiu na cria\u00e7\u00e3o de uma nova aplica\u00e7\u00e3o que permite aos utilizadores terem acesso ao vasto portf\u00f3lio da empresa, tudo \u00e0 dist\u00e2ncia de um clique<\/strong><\/p>\n<p>Para fazer face \u00e0s altera\u00e7\u00f5es e mudan\u00e7as do mercado, a AleCarPe\u00e7as\u00a0 garante estar atenta \u00e0 evolu\u00e7\u00e3o e \u00e0s solu\u00e7\u00f5es que os seus parceiros disponibilizam para o aftermarket, nomeadamente investindo no setor dos ve\u00edculos el\u00e9tricos, que dever\u00e1 ter um impacto progressivo no volume de neg\u00f3cio nos pr\u00f3ximos anos.<\/p>\n<p>Os desafios do futuro s\u00e3o constantes e permanentes, e a evolu\u00e7\u00e3o \u00e9 muito r\u00e1pida e cont\u00ednua, mas a AleCarPe\u00e7as tem conseguido manter o desempenho que o mercado lhe reconhece e vai continuar a caminhar para este futuro incerto com base naqueles que considera ser os seus pontos fortes e indestrut\u00edveis: o servi\u00e7o, profissionalismo de toda a equipa, disponibilidade de stock e oferta de produtos e solu\u00e7\u00f5es de qualidade superior.<\/p>\n<p><strong>Como \u00e9 constitu\u00edda a oferta atual da sua empresa, a n\u00edvel de marcas e gamas de produtos?<br \/>\n<\/strong>\u00c9 uma oferta bastante completa de marcas premium, de produtos de mec\u00e2nica, eletr\u00f3nica, baterias e lubrificantes.<\/p>\n<p><strong>Considera que para crescer t\u00eam de aumentar o vosso portf\u00f3lio de marcas?<br \/>\n<\/strong>A nossa oferta atual n\u00e3o esgotou ainda o seu potencial de crescimento, tendo ainda espa\u00e7o para fazer mais e melhor. Temos a consci\u00eancia que nos faltam algumas linhas de produtos para tornar a nossa oferta mais global e completa. Estamos a trabalhar na an\u00e1lise dessas gamas para que entrem na oferta em breve.<\/p>\n<p><strong>Est\u00e3o a preparar-se para lan\u00e7ar um projeto de venda de equipamento de diagn\u00f3stico e software t\u00e9cnico. Para quando este lan\u00e7amento? Quando perceberam que era importante come\u00e7arem a comercializar este tipo de equipamento?<br \/>\n<\/strong>De facto, temos previsto lan\u00e7ar um projeto de venda de equipamento de diagn\u00f3stico e software t\u00e9cnico, em parceria com um dos maiores e mais conceituados fabricantes mundiais desta \u00e1rea.<\/p>\n<p>Este projeto enquadra-se na diversifica\u00e7\u00e3o da nossa oferta, garantindo mais solu\u00e7\u00f5es de elevada qualidade aos nossos parceiros.<\/p>\n<p>O diagn\u00f3stico e informa\u00e7\u00e3o t\u00e9cnica s\u00e3o \u00e1reas fundamentais para o futuro da repara\u00e7\u00e3o no aftermarket, sendo imprescind\u00edvel estarmos presentes nesta \u00e1rea de neg\u00f3cio.<\/p>\n<p>Este projeto ser\u00e1 implementado nos meses de Setembro\/Outubro.<\/p>\n<p><strong>O aumento do n\u00famero de marcas e de refer\u00eancias exige mais espa\u00e7o de armazenamento. Como est\u00e3o a resolver esta situa\u00e7\u00e3o para aumentar o vosso stock?<br \/>\n<\/strong>O constante aumento do n\u00famero de refer\u00eancias em stock \u00e9 uma realidade que continua a fazer parte da nossa opera\u00e7\u00e3o, sendo absolutamente imprescind\u00edvel garantir que a nossa oferta est\u00e1 sempre atualizada.<\/p>\n<p>Esta realidade resulta na necessidade de ter mais espa\u00e7o de armazenamento dispon\u00edvel, o que \u00e9 conseguido atrav\u00e9s da m\u00e1xima otimiza\u00e7\u00e3o dos nossos armaz\u00e9ns, sendo de prever a necessidade de garantir mais espa\u00e7o de armaz\u00e9m.<\/p>\n<p><strong>Est\u00e3o a desenvolver a rede de retalho OpenStore, pelo que se distingue? Qual a import\u00e2ncia para o vosso neg\u00f3cio?<br \/>\n<\/strong>A rede de retalho OpenStore \u00e9 um projeto de parceria com retalhistas que j\u00e1 tem algum tempo e que concentra os parceiros preferenciais da AleCarPe\u00e7as. \u00c9 um projeto determinante que aglutina retalhistas que tem uma filosofia de distribui\u00e7\u00e3o alinhada com a estrat\u00e9gia que defendemos para o mercado.<\/p>\n<p>Servi\u00e7o, venda de produtos de qualidade original e garantia de rentabilidade s\u00e3o fatores determinantes para o sucesso das organiza\u00e7\u00f5es e futuro das opera\u00e7\u00f5es.<\/p>\n<p><strong>O custo m\u00e9dio das pe\u00e7as vai continuar a aumentar em 2022. Que efeitos esta situa\u00e7\u00e3o poder\u00e1 trazer para o mercado?<br \/>\n<\/strong>Mais que o aumento das pe\u00e7as, o grande impacto ser\u00e1 o do aumento generalizado do custo de vida. Este aumento resultar\u00e1 inevitavelmente numa menor disponibilidade financeira para fazer face aos custos do dia-a-dia, o que por consequ\u00eancia resultar\u00e1 na necessidade de fazer escolhas no momento de adquirir bens e servi\u00e7os.<\/p>\n<p>Na pr\u00e1tica poderemos assistir ao adiar de interven\u00e7\u00f5es nos ve\u00edculos e ao limite na sua paragem. Se tal suceder assistiremos a uma redu\u00e7\u00e3o potencial volume de neg\u00f3cios.<\/p>\n<p><strong>Considera que os utilizadores v\u00e3o privilegiar as marcas low-cost em detrimento das premium, como alternativa \u00e0 escalada de pre\u00e7os?<br \/>\n<\/strong>\u00c9 uma possibilidade real.<\/p>\n<p><strong>Face \u00e0s dificuldades com os transportes e \u00e0 falta de mat\u00e9rias-primas, at\u00e9 quando poder\u00e1 haver escassez de oferta de produto?<br \/>\n<\/strong>\u00c9 uma inc\u00f3gnita. Tudo depende da evolu\u00e7\u00e3o de fatores globais que n\u00e3o s\u00e3o facilmente control\u00e1veis.<\/p>\n<p><strong>A idade m\u00e9dia do parque autom\u00f3vel continua a aumentar. Considera que esta situa\u00e7\u00e3o \u00e9 ben\u00e9fica para a venda de pe\u00e7as?<br \/>\n<\/strong>Por agora estamos a beneficiar desse fator. A m\u00e9dio prazo esta situa\u00e7\u00e3o n\u00e3o \u00e9 ben\u00e9fica, pois sem carros novos o parque autom\u00f3vel torna-se \u201cinvi\u00e1vel\u201d para o nosso neg\u00f3cio.<\/p>\n<p><strong>Os carros el\u00e9tricos t\u00eam menos 60 a 70% da manuten\u00e7\u00e3o da que t\u00eam atualmente os carros com motor a combust\u00e3o. O que est\u00e1 a fazer a sua empresa para compensar esta quebra de neg\u00f3cio?<br \/>\n<\/strong>Mais que tudo estamos atentos \u00e1 evolu\u00e7\u00e3o e as solu\u00e7\u00f5es que os nossos parceiros disponibilizam para o aftermaket, de forma a estar na linha da frente na oferta dessas solu\u00e7\u00f5es ao mercado.<\/p>\n<p>O impacto real dos carros el\u00e9tricos no n\u00edvel de neg\u00f3cio ainda n\u00e3o se verifica e dever\u00e1 ter um impacto progressivo no volume de neg\u00f3cio nos pr\u00f3ximos anos.<\/p>\n<p><strong>No atual panorama financeiro e econ\u00f3mico ganhar\u00e1 protagonismo a solu\u00e7\u00e3o pe\u00e7as reconstru\u00eddas?<br \/>\n<\/strong>N\u00e3o vejo que este cen\u00e1rio potencie a venda de pe\u00e7as reconstru\u00eddas. Fazemos claramente a distin\u00e7\u00e3o entre pe\u00e7as reconstru\u00eddas e usadas. As reconstru\u00eddas pressup\u00f5em a exist\u00eancia de um processo de controlo de qualidade o que resulta num n\u00edvel de pre\u00e7os algo inferior as novas, mas n\u00e3o demasiado distante.<\/p>\n<p>No caso das usadas sim, pode existir uma maior venda, pois a completa falta de qualquer controlo de qualidade ou responsabilidade sobre a sua venda, nomeadamente em pe\u00e7as de seguran\u00e7a, resulta numa diferen\u00e7a de pre\u00e7os significativa.<\/p>\n<p><strong>A digitaliza\u00e7\u00e3o do neg\u00f3cio, atrav\u00e9s de plataformas B2B assume uma import\u00e2ncia cada vez maior na rela\u00e7\u00e3o com as oficinas. Como define a vossa plataforma B2B a n\u00edvel de rapidez e efici\u00eancia?<br \/>\n<\/strong>\u00c9 uma solu\u00e7\u00e3o que permite aos nossos clientes gerir toda a rela\u00e7\u00e3o com a nossa empresa de forma simples, pr\u00e1tica e funcional.<\/p>\n<p><strong>Pelo qu\u00ea que se distingue a vossa nova app da Alecarpe\u00e7as?<br \/>\n<\/strong>Este novo formato que agora lan\u00e7amos pretende acompanhar a tend\u00eancia que o utilizador tem vindo a preferir. O uso de smartphones e a mobilidade s\u00e3o fatores cada vez mais relevantes para os nossos clientes e assim lan\u00e7amos este formato que pretende dar resposta a esta tend\u00eancia.<\/p>\n<p>N\u00e3o inventamos a roda. O formato continua a ser simples, pratico e funcional.<\/p>\n<p><strong>Como est\u00e3o a conseguir fidelizar os vossos clientes numa altura em que a concorr\u00eancia \u00e9 cada vez maior?<br \/>\n<\/strong>Pelo servi\u00e7o, pelo profissionalismo de toda a equipa, pela disponibilidade de stock, pela oferta de produtos e solu\u00e7\u00f5es de qualidade superior.<\/p>\n<p><strong>Que desafios se colocam ao futuro da sua empresa?<br \/>\n<\/strong>Essencialmente garantir uma consolida\u00e7\u00e3o do trabalho que temos vindo a desenvolver nos \u00faltimos anos.<\/p>\n<p>O mercado est\u00e1 a sofrer altera\u00e7\u00f5es relevantes que \u201cmexem\u201d com a sua estrutura, resultando na altera\u00e7\u00e3o da rela\u00e7\u00e3o de for\u00e7as de players de relevo.<\/p>\n<p>Estamos atentos a esta realidade e preparados para evoluir com o mercado.<\/p>\n<p><strong>Como est\u00e1 a ser o desempenho da AleCarPe\u00e7as este ano 2022?<br \/>\n<\/strong>No primeiro semestre tivemos um crescimento de dois d\u00edgitos, que esperamos se venha a verificar no final do ano.<\/p>\n","protected":false},"excerpt":{"rendered":"<p>Com os olhos postos no futuro,&#8230;<\/p>\n","protected":false},"author":15,"featured_media":35423,"comment_status":"closed","ping_status":"closed","sticky":false,"template":"","format":"standard","meta":{"footnotes":""},"categories":[38],"tags":[582,3335,3341,3336],"class_list":["post-35428","post","type-post","status-publish","format-standard","has-post-thumbnail","hentry","category-entrevistas","tag-alecarpecas","tag-equipamento-de-diagnostico","tag-projetos-novos","tag-software-tecnico"],"yoast_head":"<!-- This site is optimized with the Yoast SEO plugin v27.4 - https:\/\/yoast.com\/product\/yoast-seo-wordpress\/ -->\n<title>\u201cCom os olhos postos no futuro\u201d, Pedro Rodrigues, AleCarPe\u00e7as - Jornal das Oficinas<\/title>\n<meta name=\"description\" content=\"Com os olhos postos no futuro, 2022 foi o ano escolhido pela Alecarpe\u00e7as para lan\u00e7ar n\u00e3o um, mas dois projetos novos\" \/>\n<meta name=\"robots\" content=\"index, follow, max-snippet:-1, max-image-preview:large, max-video-preview:-1\" \/>\n<link rel=\"canonical\" href=\"https:\/\/jornaldasoficinas.com\/pt\/com-os-olhos-postos-no-futuro-pedro-rodrigues-alecarpecas\/\" \/>\n<meta property=\"og:locale\" content=\"pt_PT\" \/>\n<meta property=\"og:type\" content=\"article\" \/>\n<meta property=\"og:title\" content=\"\u201cCom os olhos postos no futuro\u201d, Pedro Rodrigues, AleCarPe\u00e7as - Jornal das Oficinas\" \/>\n<meta property=\"og:description\" content=\"Com os olhos postos no futuro, 2022 foi o ano escolhido pela Alecarpe\u00e7as para lan\u00e7ar n\u00e3o um, mas dois projetos novos\" \/>\n<meta property=\"og:url\" content=\"https:\/\/jornaldasoficinas.com\/pt\/com-os-olhos-postos-no-futuro-pedro-rodrigues-alecarpecas\/\" \/>\n<meta property=\"og:site_name\" content=\"Jornal das Oficinas\" \/>\n<meta property=\"article:publisher\" content=\"https:\/\/www.facebook.com\/jornaloficinas\" \/>\n<meta property=\"article:published_time\" content=\"2022-12-11T20:00:10+00:00\" \/>\n<meta property=\"og:image\" content=\"https:\/\/jornaldasoficinas.com\/pt\/wp-content\/uploads\/2022\/12\/alecarpecas.jpeg\" \/>\n\t<meta property=\"og:image:width\" content=\"1024\" \/>\n\t<meta property=\"og:image:height\" content=\"581\" \/>\n\t<meta property=\"og:image:type\" content=\"image\/jpeg\" \/>\n<meta name=\"author\" content=\"Reda\u00e7\u00e3o JO\" \/>\n<meta name=\"twitter:card\" content=\"summary_large_image\" \/>\n<meta name=\"twitter:creator\" content=\"@jornaloficinas\" \/>\n<meta name=\"twitter:site\" content=\"@jornaloficinas\" \/>\n<meta name=\"twitter:label1\" content=\"Escrito por\" \/>\n\t<meta name=\"twitter:data1\" content=\"Reda\u00e7\u00e3o JO\" \/>\n\t<meta name=\"twitter:label2\" content=\"Tempo estimado de leitura\" \/>\n\t<meta name=\"twitter:data2\" content=\"7 minutos\" \/>\n<script type=\"application\/ld+json\" class=\"yoast-schema-graph\">{\"@context\":\"https:\\\/\\\/schema.org\",\"@graph\":[{\"@type\":\"Article\",\"@id\":\"https:\\\/\\\/jornaldasoficinas.com\\\/pt\\\/com-os-olhos-postos-no-futuro-pedro-rodrigues-alecarpecas\\\/#article\",\"isPartOf\":{\"@id\":\"https:\\\/\\\/jornaldasoficinas.com\\\/pt\\\/com-os-olhos-postos-no-futuro-pedro-rodrigues-alecarpecas\\\/\"},\"author\":{\"name\":\"Reda\u00e7\u00e3o JO\",\"@id\":\"https:\\\/\\\/jornaldasoficinas.com\\\/pt\\\/#\\\/schema\\\/person\\\/a38eef5de2c41d9e7c9ac10141afddf3\"},\"headline\":\"\u201cCom os olhos postos no futuro\u201d, Pedro Rodrigues, AleCarPe\u00e7as\",\"datePublished\":\"2022-12-11T20:00:10+00:00\",\"mainEntityOfPage\":{\"@id\":\"https:\\\/\\\/jornaldasoficinas.com\\\/pt\\\/com-os-olhos-postos-no-futuro-pedro-rodrigues-alecarpecas\\\/\"},\"wordCount\":1377,\"publisher\":{\"@id\":\"https:\\\/\\\/jornaldasoficinas.com\\\/pt\\\/#organization\"},\"image\":{\"@id\":\"https:\\\/\\\/jornaldasoficinas.com\\\/pt\\\/com-os-olhos-postos-no-futuro-pedro-rodrigues-alecarpecas\\\/#primaryimage\"},\"thumbnailUrl\":\"https:\\\/\\\/jornaldasoficinas.com\\\/pt\\\/wp-content\\\/uploads\\\/2022\\\/12\\\/alecarpecas.jpeg\",\"keywords\":[\"AleCarPe\u00e7as\",\"Equipamento de diagn\u00f3stico\",\"Projetos Novos\",\"Software t\u00e9cnico\"],\"articleSection\":[\"Entrevistas\"],\"inLanguage\":\"pt-PT\"},{\"@type\":\"WebPage\",\"@id\":\"https:\\\/\\\/jornaldasoficinas.com\\\/pt\\\/com-os-olhos-postos-no-futuro-pedro-rodrigues-alecarpecas\\\/\",\"url\":\"https:\\\/\\\/jornaldasoficinas.com\\\/pt\\\/com-os-olhos-postos-no-futuro-pedro-rodrigues-alecarpecas\\\/\",\"name\":\"\u201cCom os olhos postos no futuro\u201d, Pedro Rodrigues, AleCarPe\u00e7as - Jornal das Oficinas\",\"isPartOf\":{\"@id\":\"https:\\\/\\\/jornaldasoficinas.com\\\/pt\\\/#website\"},\"primaryImageOfPage\":{\"@id\":\"https:\\\/\\\/jornaldasoficinas.com\\\/pt\\\/com-os-olhos-postos-no-futuro-pedro-rodrigues-alecarpecas\\\/#primaryimage\"},\"image\":{\"@id\":\"https:\\\/\\\/jornaldasoficinas.com\\\/pt\\\/com-os-olhos-postos-no-futuro-pedro-rodrigues-alecarpecas\\\/#primaryimage\"},\"thumbnailUrl\":\"https:\\\/\\\/jornaldasoficinas.com\\\/pt\\\/wp-content\\\/uploads\\\/2022\\\/12\\\/alecarpecas.jpeg\",\"datePublished\":\"2022-12-11T20:00:10+00:00\",\"description\":\"Com os olhos postos no futuro, 2022 foi o ano escolhido pela Alecarpe\u00e7as para lan\u00e7ar n\u00e3o um, mas dois projetos novos\",\"breadcrumb\":{\"@id\":\"https:\\\/\\\/jornaldasoficinas.com\\\/pt\\\/com-os-olhos-postos-no-futuro-pedro-rodrigues-alecarpecas\\\/#breadcrumb\"},\"inLanguage\":\"pt-PT\",\"potentialAction\":[{\"@type\":\"ReadAction\",\"target\":[\"https:\\\/\\\/jornaldasoficinas.com\\\/pt\\\/com-os-olhos-postos-no-futuro-pedro-rodrigues-alecarpecas\\\/\"]}]},{\"@type\":\"ImageObject\",\"inLanguage\":\"pt-PT\",\"@id\":\"https:\\\/\\\/jornaldasoficinas.com\\\/pt\\\/com-os-olhos-postos-no-futuro-pedro-rodrigues-alecarpecas\\\/#primaryimage\",\"url\":\"https:\\\/\\\/jornaldasoficinas.com\\\/pt\\\/wp-content\\\/uploads\\\/2022\\\/12\\\/alecarpecas.jpeg\",\"contentUrl\":\"https:\\\/\\\/jornaldasoficinas.com\\\/pt\\\/wp-content\\\/uploads\\\/2022\\\/12\\\/alecarpecas.jpeg\",\"width\":1024,\"height\":581,\"caption\":\"12 - alecarpecas\"},{\"@type\":\"BreadcrumbList\",\"@id\":\"https:\\\/\\\/jornaldasoficinas.com\\\/pt\\\/com-os-olhos-postos-no-futuro-pedro-rodrigues-alecarpecas\\\/#breadcrumb\",\"itemListElement\":[{\"@type\":\"ListItem\",\"position\":1,\"name\":\"In\u00edcio\",\"item\":\"https:\\\/\\\/jornaldasoficinas.com\\\/pt\\\/\"},{\"@type\":\"ListItem\",\"position\":2,\"name\":\"\u201cCom os olhos postos no futuro\u201d, Pedro Rodrigues, AleCarPe\u00e7as\"}]},{\"@type\":\"WebSite\",\"@id\":\"https:\\\/\\\/jornaldasoficinas.com\\\/pt\\\/#website\",\"url\":\"https:\\\/\\\/jornaldasoficinas.com\\\/pt\\\/\",\"name\":\"Jornal das Oficinas\",\"description\":\"Jornal independente do Aftermarket Autom\u00f3vel em Portugal\",\"publisher\":{\"@id\":\"https:\\\/\\\/jornaldasoficinas.com\\\/pt\\\/#organization\"},\"potentialAction\":[{\"@type\":\"SearchAction\",\"target\":{\"@type\":\"EntryPoint\",\"urlTemplate\":\"https:\\\/\\\/jornaldasoficinas.com\\\/pt\\\/?s={search_term_string}\"},\"query-input\":{\"@type\":\"PropertyValueSpecification\",\"valueRequired\":true,\"valueName\":\"search_term_string\"}}],\"inLanguage\":\"pt-PT\"},{\"@type\":\"Organization\",\"@id\":\"https:\\\/\\\/jornaldasoficinas.com\\\/pt\\\/#organization\",\"name\":\"Jornal das Oficinas\",\"url\":\"https:\\\/\\\/jornaldasoficinas.com\\\/pt\\\/\",\"logo\":{\"@type\":\"ImageObject\",\"inLanguage\":\"pt-PT\",\"@id\":\"https:\\\/\\\/jornaldasoficinas.com\\\/pt\\\/#\\\/schema\\\/logo\\\/image\\\/\",\"url\":\"https:\\\/\\\/jornaldasoficinas.com\\\/pt\\\/wp-content\\\/uploads\\\/logoJO-SEO.png\",\"contentUrl\":\"https:\\\/\\\/jornaldasoficinas.com\\\/pt\\\/wp-content\\\/uploads\\\/logoJO-SEO.png\",\"width\":285,\"height\":450,\"caption\":\"Jornal das Oficinas\"},\"image\":{\"@id\":\"https:\\\/\\\/jornaldasoficinas.com\\\/pt\\\/#\\\/schema\\\/logo\\\/image\\\/\"},\"sameAs\":[\"https:\\\/\\\/www.facebook.com\\\/jornaloficinas\",\"https:\\\/\\\/x.com\\\/jornaloficinas\",\"https:\\\/\\\/www.instagram.com\\\/jornal_oficinas\\\/\",\"https:\\\/\\\/www.linkedin.com\\\/company\\\/jornal-das-oficinas\\\/\",\"https:\\\/\\\/www.youtube.com\\\/channel\\\/UCbQZBqtcvV-oSQrr7RzINGg\"]},{\"@type\":\"Person\",\"@id\":\"https:\\\/\\\/jornaldasoficinas.com\\\/pt\\\/#\\\/schema\\\/person\\\/a38eef5de2c41d9e7c9ac10141afddf3\",\"name\":\"Reda\u00e7\u00e3o JO\",\"image\":{\"@type\":\"ImageObject\",\"inLanguage\":\"pt-PT\",\"@id\":\"https:\\\/\\\/secure.gravatar.com\\\/avatar\\\/71f2fa71737ad68a84fea94bc708ddac8ea5b0c4788dc2ad202f3ccb2887742f?s=96&d=wp_user_avatar&r=g\",\"url\":\"https:\\\/\\\/secure.gravatar.com\\\/avatar\\\/71f2fa71737ad68a84fea94bc708ddac8ea5b0c4788dc2ad202f3ccb2887742f?s=96&d=wp_user_avatar&r=g\",\"contentUrl\":\"https:\\\/\\\/secure.gravatar.com\\\/avatar\\\/71f2fa71737ad68a84fea94bc708ddac8ea5b0c4788dc2ad202f3ccb2887742f?s=96&d=wp_user_avatar&r=g\",\"caption\":\"Reda\u00e7\u00e3o JO\"},\"url\":\"https:\\\/\\\/jornaldasoficinas.com\\\/pt\\\/author\\\/joredacao\\\/\"}]}<\/script>\n<!-- \/ Yoast SEO plugin. -->","yoast_head_json":{"title":"\u201cCom os olhos postos no futuro\u201d, Pedro Rodrigues, AleCarPe\u00e7as - Jornal das Oficinas","description":"Com os olhos postos no futuro, 2022 foi o ano escolhido pela Alecarpe\u00e7as para lan\u00e7ar n\u00e3o um, mas dois projetos novos","robots":{"index":"index","follow":"follow","max-snippet":"max-snippet:-1","max-image-preview":"max-image-preview:large","max-video-preview":"max-video-preview:-1"},"canonical":"https:\/\/jornaldasoficinas.com\/pt\/com-os-olhos-postos-no-futuro-pedro-rodrigues-alecarpecas\/","og_locale":"pt_PT","og_type":"article","og_title":"\u201cCom os olhos postos no futuro\u201d, Pedro Rodrigues, AleCarPe\u00e7as - Jornal das Oficinas","og_description":"Com os olhos postos no futuro, 2022 foi o ano escolhido pela Alecarpe\u00e7as para lan\u00e7ar n\u00e3o um, mas dois projetos novos","og_url":"https:\/\/jornaldasoficinas.com\/pt\/com-os-olhos-postos-no-futuro-pedro-rodrigues-alecarpecas\/","og_site_name":"Jornal das Oficinas","article_publisher":"https:\/\/www.facebook.com\/jornaloficinas","article_published_time":"2022-12-11T20:00:10+00:00","og_image":[{"width":1024,"height":581,"url":"https:\/\/jornaldasoficinas.com\/pt\/wp-content\/uploads\/2022\/12\/alecarpecas.jpeg","type":"image\/jpeg"}],"author":"Reda\u00e7\u00e3o JO","twitter_card":"summary_large_image","twitter_creator":"@jornaloficinas","twitter_site":"@jornaloficinas","twitter_misc":{"Escrito por":"Reda\u00e7\u00e3o JO","Tempo estimado de leitura":"7 minutos"},"schema":{"@context":"https:\/\/schema.org","@graph":[{"@type":"Article","@id":"https:\/\/jornaldasoficinas.com\/pt\/com-os-olhos-postos-no-futuro-pedro-rodrigues-alecarpecas\/#article","isPartOf":{"@id":"https:\/\/jornaldasoficinas.com\/pt\/com-os-olhos-postos-no-futuro-pedro-rodrigues-alecarpecas\/"},"author":{"name":"Reda\u00e7\u00e3o JO","@id":"https:\/\/jornaldasoficinas.com\/pt\/#\/schema\/person\/a38eef5de2c41d9e7c9ac10141afddf3"},"headline":"\u201cCom os olhos postos no futuro\u201d, Pedro Rodrigues, AleCarPe\u00e7as","datePublished":"2022-12-11T20:00:10+00:00","mainEntityOfPage":{"@id":"https:\/\/jornaldasoficinas.com\/pt\/com-os-olhos-postos-no-futuro-pedro-rodrigues-alecarpecas\/"},"wordCount":1377,"publisher":{"@id":"https:\/\/jornaldasoficinas.com\/pt\/#organization"},"image":{"@id":"https:\/\/jornaldasoficinas.com\/pt\/com-os-olhos-postos-no-futuro-pedro-rodrigues-alecarpecas\/#primaryimage"},"thumbnailUrl":"https:\/\/jornaldasoficinas.com\/pt\/wp-content\/uploads\/2022\/12\/alecarpecas.jpeg","keywords":["AleCarPe\u00e7as","Equipamento de diagn\u00f3stico","Projetos Novos","Software t\u00e9cnico"],"articleSection":["Entrevistas"],"inLanguage":"pt-PT"},{"@type":"WebPage","@id":"https:\/\/jornaldasoficinas.com\/pt\/com-os-olhos-postos-no-futuro-pedro-rodrigues-alecarpecas\/","url":"https:\/\/jornaldasoficinas.com\/pt\/com-os-olhos-postos-no-futuro-pedro-rodrigues-alecarpecas\/","name":"\u201cCom os olhos postos no futuro\u201d, Pedro Rodrigues, AleCarPe\u00e7as - Jornal das Oficinas","isPartOf":{"@id":"https:\/\/jornaldasoficinas.com\/pt\/#website"},"primaryImageOfPage":{"@id":"https:\/\/jornaldasoficinas.com\/pt\/com-os-olhos-postos-no-futuro-pedro-rodrigues-alecarpecas\/#primaryimage"},"image":{"@id":"https:\/\/jornaldasoficinas.com\/pt\/com-os-olhos-postos-no-futuro-pedro-rodrigues-alecarpecas\/#primaryimage"},"thumbnailUrl":"https:\/\/jornaldasoficinas.com\/pt\/wp-content\/uploads\/2022\/12\/alecarpecas.jpeg","datePublished":"2022-12-11T20:00:10+00:00","description":"Com os olhos postos no futuro, 2022 foi o ano escolhido pela Alecarpe\u00e7as para lan\u00e7ar n\u00e3o um, mas dois projetos novos","breadcrumb":{"@id":"https:\/\/jornaldasoficinas.com\/pt\/com-os-olhos-postos-no-futuro-pedro-rodrigues-alecarpecas\/#breadcrumb"},"inLanguage":"pt-PT","potentialAction":[{"@type":"ReadAction","target":["https:\/\/jornaldasoficinas.com\/pt\/com-os-olhos-postos-no-futuro-pedro-rodrigues-alecarpecas\/"]}]},{"@type":"ImageObject","inLanguage":"pt-PT","@id":"https:\/\/jornaldasoficinas.com\/pt\/com-os-olhos-postos-no-futuro-pedro-rodrigues-alecarpecas\/#primaryimage","url":"https:\/\/jornaldasoficinas.com\/pt\/wp-content\/uploads\/2022\/12\/alecarpecas.jpeg","contentUrl":"https:\/\/jornaldasoficinas.com\/pt\/wp-content\/uploads\/2022\/12\/alecarpecas.jpeg","width":1024,"height":581,"caption":"12 - alecarpecas"},{"@type":"BreadcrumbList","@id":"https:\/\/jornaldasoficinas.com\/pt\/com-os-olhos-postos-no-futuro-pedro-rodrigues-alecarpecas\/#breadcrumb","itemListElement":[{"@type":"ListItem","position":1,"name":"In\u00edcio","item":"https:\/\/jornaldasoficinas.com\/pt\/"},{"@type":"ListItem","position":2,"name":"\u201cCom os olhos postos no futuro\u201d, Pedro Rodrigues, AleCarPe\u00e7as"}]},{"@type":"WebSite","@id":"https:\/\/jornaldasoficinas.com\/pt\/#website","url":"https:\/\/jornaldasoficinas.com\/pt\/","name":"Jornal das Oficinas","description":"Jornal independente do Aftermarket Autom\u00f3vel em Portugal","publisher":{"@id":"https:\/\/jornaldasoficinas.com\/pt\/#organization"},"potentialAction":[{"@type":"SearchAction","target":{"@type":"EntryPoint","urlTemplate":"https:\/\/jornaldasoficinas.com\/pt\/?s={search_term_string}"},"query-input":{"@type":"PropertyValueSpecification","valueRequired":true,"valueName":"search_term_string"}}],"inLanguage":"pt-PT"},{"@type":"Organization","@id":"https:\/\/jornaldasoficinas.com\/pt\/#organization","name":"Jornal das Oficinas","url":"https:\/\/jornaldasoficinas.com\/pt\/","logo":{"@type":"ImageObject","inLanguage":"pt-PT","@id":"https:\/\/jornaldasoficinas.com\/pt\/#\/schema\/logo\/image\/","url":"https:\/\/jornaldasoficinas.com\/pt\/wp-content\/uploads\/logoJO-SEO.png","contentUrl":"https:\/\/jornaldasoficinas.com\/pt\/wp-content\/uploads\/logoJO-SEO.png","width":285,"height":450,"caption":"Jornal das Oficinas"},"image":{"@id":"https:\/\/jornaldasoficinas.com\/pt\/#\/schema\/logo\/image\/"},"sameAs":["https:\/\/www.facebook.com\/jornaloficinas","https:\/\/x.com\/jornaloficinas","https:\/\/www.instagram.com\/jornal_oficinas\/","https:\/\/www.linkedin.com\/company\/jornal-das-oficinas\/","https:\/\/www.youtube.com\/channel\/UCbQZBqtcvV-oSQrr7RzINGg"]},{"@type":"Person","@id":"https:\/\/jornaldasoficinas.com\/pt\/#\/schema\/person\/a38eef5de2c41d9e7c9ac10141afddf3","name":"Reda\u00e7\u00e3o JO","image":{"@type":"ImageObject","inLanguage":"pt-PT","@id":"https:\/\/secure.gravatar.com\/avatar\/71f2fa71737ad68a84fea94bc708ddac8ea5b0c4788dc2ad202f3ccb2887742f?s=96&d=wp_user_avatar&r=g","url":"https:\/\/secure.gravatar.com\/avatar\/71f2fa71737ad68a84fea94bc708ddac8ea5b0c4788dc2ad202f3ccb2887742f?s=96&d=wp_user_avatar&r=g","contentUrl":"https:\/\/secure.gravatar.com\/avatar\/71f2fa71737ad68a84fea94bc708ddac8ea5b0c4788dc2ad202f3ccb2887742f?s=96&d=wp_user_avatar&r=g","caption":"Reda\u00e7\u00e3o JO"},"url":"https:\/\/jornaldasoficinas.com\/pt\/author\/joredacao\/"}]}},"_links":{"self":[{"href":"https:\/\/jornaldasoficinas.com\/pt\/wp-json\/wp\/v2\/posts\/35428","targetHints":{"allow":["GET"]}}],"collection":[{"href":"https:\/\/jornaldasoficinas.com\/pt\/wp-json\/wp\/v2\/posts"}],"about":[{"href":"https:\/\/jornaldasoficinas.com\/pt\/wp-json\/wp\/v2\/types\/post"}],"author":[{"embeddable":true,"href":"https:\/\/jornaldasoficinas.com\/pt\/wp-json\/wp\/v2\/users\/15"}],"replies":[{"embeddable":true,"href":"https:\/\/jornaldasoficinas.com\/pt\/wp-json\/wp\/v2\/comments?post=35428"}],"version-history":[{"count":0,"href":"https:\/\/jornaldasoficinas.com\/pt\/wp-json\/wp\/v2\/posts\/35428\/revisions"}],"wp:featuredmedia":[{"embeddable":true,"href":"https:\/\/jornaldasoficinas.com\/pt\/wp-json\/wp\/v2\/media\/35423"}],"wp:attachment":[{"href":"https:\/\/jornaldasoficinas.com\/pt\/wp-json\/wp\/v2\/media?parent=35428"}],"wp:term":[{"taxonomy":"category","embeddable":true,"href":"https:\/\/jornaldasoficinas.com\/pt\/wp-json\/wp\/v2\/categories?post=35428"},{"taxonomy":"post_tag","embeddable":true,"href":"https:\/\/jornaldasoficinas.com\/pt\/wp-json\/wp\/v2\/tags?post=35428"}],"curies":[{"name":"wp","href":"https:\/\/api.w.org\/{rel}","templated":true}]}}