{"id":35434,"date":"2022-12-11T21:00:44","date_gmt":"2022-12-11T21:00:44","guid":{"rendered":"https:\/\/jornaldasoficinas.com\/pt\/?p=35434"},"modified":"2022-12-09T19:01:38","modified_gmt":"2022-12-09T19:01:38","slug":"para-crescer-apostamos-na-descentralizacao-renato-soares-administrador-da-soarauto","status":"publish","type":"post","link":"https:\/\/jornaldasoficinas.com\/pt\/para-crescer-apostamos-na-descentralizacao-renato-soares-administrador-da-soarauto\/","title":{"rendered":"\u201cPara crescer apostamos na descentraliza\u00e7\u00e3o\u201d, Renato Soares, Soarauto"},"content":{"rendered":"<p><strong><img loading=\"lazy\" decoding=\"async\" class=\"alignnone size-full wp-image-35424\" src=\"https:\/\/jornaldasoficinas.com\/pt\/wp-content\/uploads\/2022\/12\/Soarauto.jpeg\" alt=\"12 - Soarauto\" width=\"1024\" height=\"581\" srcset=\"https:\/\/jornaldasoficinas.com\/pt\/wp-content\/uploads\/2022\/12\/Soarauto.jpeg 1024w, https:\/\/jornaldasoficinas.com\/pt\/wp-content\/uploads\/2022\/12\/Soarauto-300x170.jpeg 300w, https:\/\/jornaldasoficinas.com\/pt\/wp-content\/uploads\/2022\/12\/Soarauto-150x85.jpeg 150w, https:\/\/jornaldasoficinas.com\/pt\/wp-content\/uploads\/2022\/12\/Soarauto-768x436.jpeg 768w\" sizes=\"auto, (max-width: 1024px) 100vw, 1024px\" \/><\/strong><\/p>\n<p><strong>A <a href=\"https:\/\/www.soarauto.com\/\" target=\"_blank\" rel=\"noopener\">Soarauto<\/a> est\u00e1 no mercado h\u00e1 39 anos dedicada \u00e0 comercializa\u00e7\u00e3o de pe\u00e7as e acess\u00f3rios para autom\u00f3veis. Experientes no setor aftermarket, o stock cont\u00ednuo e alargado, sempre foi uma aposta certeira para a empresa que pretende estar o mais perto poss\u00edvel dos seus clientes, fornecendo-lhes um servi\u00e7o r\u00e1pido e consistente<\/strong><\/p>\n<p>Enquanto empresa din\u00e2mica que \u00e9, a Soarauto investe continuamente no crescimento do portf\u00f3lio de marcas e de novos tipos de produtos, integrando essencialmente marcas premium, mas tamb\u00e9m alternativas, a pedido do mercado.<\/p>\n<p>Para fazer face a este crescimento exigido pelo mercado, a empresa investiu num novo armaz\u00e9m de 1.100m2 em Braga, para melhoria na rece\u00e7\u00e3o e expedi\u00e7\u00e3o de material, quer para as lojas pr\u00f3prias quer para clientes.<\/p>\n<p>Com 12 lojas e mais de 46.000 refer\u00eancias em stock, na Soarauto trabalham 75 pessoas, disp\u00f5e de 51 viaturas na distribui\u00e7\u00e3o e possuem cerca de 680 clientes ativos mensalmente.<\/p>\n<p>Para continuar a crescer, a empresa aposta na descentraliza\u00e7\u00e3o. Exemplo disso, \u00e9 a abertura da loja de Almada, cujas expetativas foram ultrapassadas.<\/p>\n<p><strong>Como \u00e9 constitu\u00edda a oferta atual da Soarauto?<br \/>\n<\/strong>Oferecemos tudo para o autom\u00f3vel ao n\u00edvel da manuten\u00e7\u00e3o e repara\u00e7\u00e3o bem como equipamento oficinal e de diagn\u00f3stico, lubrificantes e baterias. O stock cont\u00ednuo e alargado sempre foi para n\u00f3s uma aposta, queremos prestar um servi\u00e7o o mais r\u00e1pido poss\u00edvel ao nosso cliente.<\/p>\n<p>Para crescer continuamos a apostar na descentraliza\u00e7\u00e3o, projeto come\u00e7ado no ano 2000. Apostamos na proximidade ao nosso cliente.<\/p>\n<p><strong>H\u00e1 cerca de um ano e meio, decidiram apostar numa loja em Almada, como est\u00e1 a correr o desempenho desta vossa primeira por Lisboa?<br \/>\n<\/strong>Estamos muitos satisfeitos com a aposta na loja de Almada. O sucesso est\u00e1 a ser fruto da boa equipa conseguida. Pela nossa an\u00e1lise o potencial \u00e9 enorme.<\/p>\n<p><strong>\u00a0<\/strong><strong>O aumento do n\u00famero de marcas e de refer\u00eancias exige mais espa\u00e7o de armazenamento, foi por este motivo que decidiram aumentar as vossas instala\u00e7\u00f5es em Braga?<br \/>\n<\/strong>O investimento no novo armaz\u00e9m de 1.100m2 em Braga foi para melhorar a log\u00edstica da empresa. Agora temos uma melhoria na rece\u00e7\u00e3o e expedi\u00e7\u00e3o de material, quer para as lojas pr\u00f3prias quer para clientes.<\/p>\n<p><strong>Est\u00e1 previsto o lan\u00e7amento de mais marcas e novas linhas de produto?<br \/>\n<\/strong>De momento novas marcas n\u00e3o. Continuamos a apostar na disponibilidade de stock de novas linhas de produto das marcas existentes no nosso portf\u00f3lio.<\/p>\n<p><strong>Considera que os utilizadores v\u00e3o privilegiar as marcas low-coast em detrimento das premium, como alternativa \u00e0 escalada de pre\u00e7os?<br \/>\n<\/strong>Poder\u00e1 ser uma hip\u00f3tese a acontecer e temos de estar preparados para tal, de qualquer maneira continuaremos a apostar em marcas premium. Acreditamos mais num prolongar da manuten\u00e7\u00e3o, mas com pe\u00e7as premium. O nosso parceiro oficinal tem muita influ\u00eancia sobre que pe\u00e7a aplicar e sabe que tem muitas vantagens ao aplicar marcas premium.<\/p>\n<p><strong>Face \u00e0s dificuldades com os transportes e \u00e0 falta de mat\u00e9rias primas, at\u00e9 quando poder\u00e1 haver escassez de oferta de produto?<br \/>\n<\/strong>S\u00f3 nos guiamos pelas informa\u00e7\u00f5es reais que obtemos com os nossos fornecedores, a situa\u00e7\u00e3o tem melhorado, mas nunca at\u00e9 ao final deste ano poder\u00e1 estar resolvida.<\/p>\n<p><strong>A idade m\u00e9dia do parque autom\u00f3vel continua a aumentar. Considera que esta situa\u00e7\u00e3o \u00e9 ben\u00e9fica para a venda de pe\u00e7as?<br \/>\n<\/strong>Num primeiro momento sim vai beneficiar a venda de pe\u00e7as aftermarket, a m\u00e9dio prazo j\u00e1 n\u00e3o far\u00e1 tanto sentido.<\/p>\n<p><strong>Os carros el\u00e9tricos t\u00eam menos 60 a 70% da manuten\u00e7\u00e3o da que t\u00eam atualmente os carros com motor a combust\u00e3o. O que est\u00e1 a<\/strong> <strong>fazer a sua empresa para compensar esta quebra de neg\u00f3cio?<br \/>\n<\/strong>A \u00fanica a\u00e7\u00e3o, de momento, que temos em marcha \u00e9 a forma\u00e7\u00e3o t\u00e9cnica para os nossos clientes oficinais.<\/p>\n<p><strong>Como est\u00e3o a conseguir fidelizar os vossos clientes numa altura em que a concorr\u00eancia \u00e9 cada vez maior?<br \/>\n<\/strong>A fideliza\u00e7\u00e3o continua a ser fruto do nosso trabalho nos 39 anos de atividade. Para ajudar \u00e0 notoriedade e credibilidade que constru\u00edmos, oferecemos o programa oficinal da AD Parts em Portugal, onde faz parte o AD360 (cat\u00e1logos eletr\u00f3nicos e informa\u00e7\u00e3o t\u00e9cnica), base de dados de avarias, forma\u00e7\u00e3o t\u00e9cnica certificada, call center de apoio t\u00e9cnico, servi\u00e7o de repara\u00e7\u00f5es de unidades eletr\u00f3nicas, campanhas exclusivas, entre outras vantagens comerciais.<\/p>\n<p><strong>Que desafios se colocam ao futuro da Soarauto?<br \/>\n<\/strong>O desafio ser\u00e1 continuar a ser uma empresa em constante crescimento de neg\u00f3cio e empregabilidade, continuar a ser um parceiro preferencial para os profissionais oficinais das \u00e1reas geogr\u00e1ficas onde estamos presentes.<\/p>\n<p><strong>Como est\u00e1 a ser o desempenho da Soarauto este ano 2022?<br \/>\n<\/strong>A continuar pela presta\u00e7\u00e3o da primeira parte do ano estamos certos que iremos ter um ano bastante positivo, com um crescimento muito interessante.<\/p>\n","protected":false},"excerpt":{"rendered":"<p>A Soarauto est\u00e1 no mercado h\u00e1&#8230;<\/p>\n","protected":false},"author":15,"featured_media":35424,"comment_status":"closed","ping_status":"closed","sticky":false,"template":"","format":"standard","meta":{"footnotes":""},"categories":[38],"tags":[3339,3337,532,3338],"class_list":["post-35434","post","type-post","status-publish","format-standard","has-post-thumbnail","hentry","category-entrevistas","tag-comercializacao-de-acessorios","tag-comercializacao-de-pecas","tag-soarauto","tag-stock-continuo"],"yoast_head":"<!-- This site is optimized with the Yoast SEO plugin v27.4 - https:\/\/yoast.com\/product\/yoast-seo-wordpress\/ -->\n<title>\u201cPara crescer apostamos na descentraliza\u00e7\u00e3o\u201d, Renato Soares, Soarauto - Jornal das Oficinas<\/title>\n<meta name=\"description\" content=\"A Soarauto est\u00e1 no mercado h\u00e1 39 anos dedicada \u00e0 comercializa\u00e7\u00e3o de pe\u00e7as e acess\u00f3rios para autom\u00f3veis com um servi\u00e7o r\u00e1pido e consistente\" \/>\n<meta name=\"robots\" content=\"index, follow, max-snippet:-1, max-image-preview:large, max-video-preview:-1\" \/>\n<link rel=\"canonical\" href=\"https:\/\/jornaldasoficinas.com\/pt\/para-crescer-apostamos-na-descentralizacao-renato-soares-administrador-da-soarauto\/\" \/>\n<meta property=\"og:locale\" content=\"pt_PT\" \/>\n<meta property=\"og:type\" content=\"article\" \/>\n<meta property=\"og:title\" content=\"\u201cPara crescer apostamos na descentraliza\u00e7\u00e3o\u201d, Renato Soares, Soarauto - Jornal das Oficinas\" \/>\n<meta property=\"og:description\" content=\"A Soarauto est\u00e1 no mercado h\u00e1 39 anos dedicada \u00e0 comercializa\u00e7\u00e3o de pe\u00e7as e acess\u00f3rios para autom\u00f3veis com um servi\u00e7o r\u00e1pido e consistente\" \/>\n<meta property=\"og:url\" content=\"https:\/\/jornaldasoficinas.com\/pt\/para-crescer-apostamos-na-descentralizacao-renato-soares-administrador-da-soarauto\/\" \/>\n<meta property=\"og:site_name\" content=\"Jornal das Oficinas\" \/>\n<meta property=\"article:publisher\" content=\"https:\/\/www.facebook.com\/jornaloficinas\" \/>\n<meta property=\"article:published_time\" content=\"2022-12-11T21:00:44+00:00\" \/>\n<meta property=\"og:image\" content=\"https:\/\/jornaldasoficinas.com\/pt\/wp-content\/uploads\/2022\/12\/Soarauto.jpeg\" \/>\n\t<meta property=\"og:image:width\" content=\"1024\" \/>\n\t<meta property=\"og:image:height\" content=\"581\" \/>\n\t<meta property=\"og:image:type\" content=\"image\/jpeg\" \/>\n<meta name=\"author\" content=\"Reda\u00e7\u00e3o JO\" \/>\n<meta name=\"twitter:card\" content=\"summary_large_image\" \/>\n<meta name=\"twitter:creator\" content=\"@jornaloficinas\" \/>\n<meta name=\"twitter:site\" content=\"@jornaloficinas\" \/>\n<meta name=\"twitter:label1\" content=\"Escrito por\" \/>\n\t<meta name=\"twitter:data1\" content=\"Reda\u00e7\u00e3o JO\" \/>\n\t<meta name=\"twitter:label2\" content=\"Tempo estimado de leitura\" \/>\n\t<meta name=\"twitter:data2\" content=\"4 minutos\" \/>\n<script type=\"application\/ld+json\" class=\"yoast-schema-graph\">{\"@context\":\"https:\\\/\\\/schema.org\",\"@graph\":[{\"@type\":\"Article\",\"@id\":\"https:\\\/\\\/jornaldasoficinas.com\\\/pt\\\/para-crescer-apostamos-na-descentralizacao-renato-soares-administrador-da-soarauto\\\/#article\",\"isPartOf\":{\"@id\":\"https:\\\/\\\/jornaldasoficinas.com\\\/pt\\\/para-crescer-apostamos-na-descentralizacao-renato-soares-administrador-da-soarauto\\\/\"},\"author\":{\"name\":\"Reda\u00e7\u00e3o JO\",\"@id\":\"https:\\\/\\\/jornaldasoficinas.com\\\/pt\\\/#\\\/schema\\\/person\\\/a38eef5de2c41d9e7c9ac10141afddf3\"},\"headline\":\"\u201cPara crescer apostamos na descentraliza\u00e7\u00e3o\u201d, Renato Soares, Soarauto\",\"datePublished\":\"2022-12-11T21:00:44+00:00\",\"mainEntityOfPage\":{\"@id\":\"https:\\\/\\\/jornaldasoficinas.com\\\/pt\\\/para-crescer-apostamos-na-descentralizacao-renato-soares-administrador-da-soarauto\\\/\"},\"wordCount\":826,\"publisher\":{\"@id\":\"https:\\\/\\\/jornaldasoficinas.com\\\/pt\\\/#organization\"},\"image\":{\"@id\":\"https:\\\/\\\/jornaldasoficinas.com\\\/pt\\\/para-crescer-apostamos-na-descentralizacao-renato-soares-administrador-da-soarauto\\\/#primaryimage\"},\"thumbnailUrl\":\"https:\\\/\\\/jornaldasoficinas.com\\\/pt\\\/wp-content\\\/uploads\\\/2022\\\/12\\\/Soarauto.jpeg\",\"keywords\":[\"Comercializa\u00e7\u00e3o de acess\u00f3rios\",\"Comercializa\u00e7\u00e3o de pe\u00e7as\",\"Soarauto\",\"Stock cont\u00ednuo\"],\"articleSection\":[\"Entrevistas\"],\"inLanguage\":\"pt-PT\"},{\"@type\":\"WebPage\",\"@id\":\"https:\\\/\\\/jornaldasoficinas.com\\\/pt\\\/para-crescer-apostamos-na-descentralizacao-renato-soares-administrador-da-soarauto\\\/\",\"url\":\"https:\\\/\\\/jornaldasoficinas.com\\\/pt\\\/para-crescer-apostamos-na-descentralizacao-renato-soares-administrador-da-soarauto\\\/\",\"name\":\"\u201cPara crescer apostamos na descentraliza\u00e7\u00e3o\u201d, Renato Soares, Soarauto - Jornal das Oficinas\",\"isPartOf\":{\"@id\":\"https:\\\/\\\/jornaldasoficinas.com\\\/pt\\\/#website\"},\"primaryImageOfPage\":{\"@id\":\"https:\\\/\\\/jornaldasoficinas.com\\\/pt\\\/para-crescer-apostamos-na-descentralizacao-renato-soares-administrador-da-soarauto\\\/#primaryimage\"},\"image\":{\"@id\":\"https:\\\/\\\/jornaldasoficinas.com\\\/pt\\\/para-crescer-apostamos-na-descentralizacao-renato-soares-administrador-da-soarauto\\\/#primaryimage\"},\"thumbnailUrl\":\"https:\\\/\\\/jornaldasoficinas.com\\\/pt\\\/wp-content\\\/uploads\\\/2022\\\/12\\\/Soarauto.jpeg\",\"datePublished\":\"2022-12-11T21:00:44+00:00\",\"description\":\"A Soarauto est\u00e1 no mercado h\u00e1 39 anos dedicada \u00e0 comercializa\u00e7\u00e3o de pe\u00e7as e acess\u00f3rios para autom\u00f3veis com um servi\u00e7o r\u00e1pido e consistente\",\"breadcrumb\":{\"@id\":\"https:\\\/\\\/jornaldasoficinas.com\\\/pt\\\/para-crescer-apostamos-na-descentralizacao-renato-soares-administrador-da-soarauto\\\/#breadcrumb\"},\"inLanguage\":\"pt-PT\",\"potentialAction\":[{\"@type\":\"ReadAction\",\"target\":[\"https:\\\/\\\/jornaldasoficinas.com\\\/pt\\\/para-crescer-apostamos-na-descentralizacao-renato-soares-administrador-da-soarauto\\\/\"]}]},{\"@type\":\"ImageObject\",\"inLanguage\":\"pt-PT\",\"@id\":\"https:\\\/\\\/jornaldasoficinas.com\\\/pt\\\/para-crescer-apostamos-na-descentralizacao-renato-soares-administrador-da-soarauto\\\/#primaryimage\",\"url\":\"https:\\\/\\\/jornaldasoficinas.com\\\/pt\\\/wp-content\\\/uploads\\\/2022\\\/12\\\/Soarauto.jpeg\",\"contentUrl\":\"https:\\\/\\\/jornaldasoficinas.com\\\/pt\\\/wp-content\\\/uploads\\\/2022\\\/12\\\/Soarauto.jpeg\",\"width\":1024,\"height\":581,\"caption\":\"12 - Soarauto\"},{\"@type\":\"BreadcrumbList\",\"@id\":\"https:\\\/\\\/jornaldasoficinas.com\\\/pt\\\/para-crescer-apostamos-na-descentralizacao-renato-soares-administrador-da-soarauto\\\/#breadcrumb\",\"itemListElement\":[{\"@type\":\"ListItem\",\"position\":1,\"name\":\"In\u00edcio\",\"item\":\"https:\\\/\\\/jornaldasoficinas.com\\\/pt\\\/\"},{\"@type\":\"ListItem\",\"position\":2,\"name\":\"\u201cPara crescer apostamos na descentraliza\u00e7\u00e3o\u201d, Renato Soares, Soarauto\"}]},{\"@type\":\"WebSite\",\"@id\":\"https:\\\/\\\/jornaldasoficinas.com\\\/pt\\\/#website\",\"url\":\"https:\\\/\\\/jornaldasoficinas.com\\\/pt\\\/\",\"name\":\"Jornal das Oficinas\",\"description\":\"Jornal independente do Aftermarket Autom\u00f3vel em Portugal\",\"publisher\":{\"@id\":\"https:\\\/\\\/jornaldasoficinas.com\\\/pt\\\/#organization\"},\"potentialAction\":[{\"@type\":\"SearchAction\",\"target\":{\"@type\":\"EntryPoint\",\"urlTemplate\":\"https:\\\/\\\/jornaldasoficinas.com\\\/pt\\\/?s={search_term_string}\"},\"query-input\":{\"@type\":\"PropertyValueSpecification\",\"valueRequired\":true,\"valueName\":\"search_term_string\"}}],\"inLanguage\":\"pt-PT\"},{\"@type\":\"Organization\",\"@id\":\"https:\\\/\\\/jornaldasoficinas.com\\\/pt\\\/#organization\",\"name\":\"Jornal das Oficinas\",\"url\":\"https:\\\/\\\/jornaldasoficinas.com\\\/pt\\\/\",\"logo\":{\"@type\":\"ImageObject\",\"inLanguage\":\"pt-PT\",\"@id\":\"https:\\\/\\\/jornaldasoficinas.com\\\/pt\\\/#\\\/schema\\\/logo\\\/image\\\/\",\"url\":\"https:\\\/\\\/jornaldasoficinas.com\\\/pt\\\/wp-content\\\/uploads\\\/logoJO-SEO.png\",\"contentUrl\":\"https:\\\/\\\/jornaldasoficinas.com\\\/pt\\\/wp-content\\\/uploads\\\/logoJO-SEO.png\",\"width\":285,\"height\":450,\"caption\":\"Jornal das Oficinas\"},\"image\":{\"@id\":\"https:\\\/\\\/jornaldasoficinas.com\\\/pt\\\/#\\\/schema\\\/logo\\\/image\\\/\"},\"sameAs\":[\"https:\\\/\\\/www.facebook.com\\\/jornaloficinas\",\"https:\\\/\\\/x.com\\\/jornaloficinas\",\"https:\\\/\\\/www.instagram.com\\\/jornal_oficinas\\\/\",\"https:\\\/\\\/www.linkedin.com\\\/company\\\/jornal-das-oficinas\\\/\",\"https:\\\/\\\/www.youtube.com\\\/channel\\\/UCbQZBqtcvV-oSQrr7RzINGg\"]},{\"@type\":\"Person\",\"@id\":\"https:\\\/\\\/jornaldasoficinas.com\\\/pt\\\/#\\\/schema\\\/person\\\/a38eef5de2c41d9e7c9ac10141afddf3\",\"name\":\"Reda\u00e7\u00e3o JO\",\"image\":{\"@type\":\"ImageObject\",\"inLanguage\":\"pt-PT\",\"@id\":\"https:\\\/\\\/secure.gravatar.com\\\/avatar\\\/71f2fa71737ad68a84fea94bc708ddac8ea5b0c4788dc2ad202f3ccb2887742f?s=96&d=wp_user_avatar&r=g\",\"url\":\"https:\\\/\\\/secure.gravatar.com\\\/avatar\\\/71f2fa71737ad68a84fea94bc708ddac8ea5b0c4788dc2ad202f3ccb2887742f?s=96&d=wp_user_avatar&r=g\",\"contentUrl\":\"https:\\\/\\\/secure.gravatar.com\\\/avatar\\\/71f2fa71737ad68a84fea94bc708ddac8ea5b0c4788dc2ad202f3ccb2887742f?s=96&d=wp_user_avatar&r=g\",\"caption\":\"Reda\u00e7\u00e3o JO\"},\"url\":\"https:\\\/\\\/jornaldasoficinas.com\\\/pt\\\/author\\\/joredacao\\\/\"}]}<\/script>\n<!-- \/ Yoast SEO plugin. -->","yoast_head_json":{"title":"\u201cPara crescer apostamos na descentraliza\u00e7\u00e3o\u201d, Renato Soares, Soarauto - Jornal das Oficinas","description":"A Soarauto est\u00e1 no mercado h\u00e1 39 anos dedicada \u00e0 comercializa\u00e7\u00e3o de pe\u00e7as e acess\u00f3rios para autom\u00f3veis com um servi\u00e7o r\u00e1pido e consistente","robots":{"index":"index","follow":"follow","max-snippet":"max-snippet:-1","max-image-preview":"max-image-preview:large","max-video-preview":"max-video-preview:-1"},"canonical":"https:\/\/jornaldasoficinas.com\/pt\/para-crescer-apostamos-na-descentralizacao-renato-soares-administrador-da-soarauto\/","og_locale":"pt_PT","og_type":"article","og_title":"\u201cPara crescer apostamos na descentraliza\u00e7\u00e3o\u201d, Renato Soares, Soarauto - Jornal das Oficinas","og_description":"A Soarauto est\u00e1 no mercado h\u00e1 39 anos dedicada \u00e0 comercializa\u00e7\u00e3o de pe\u00e7as e acess\u00f3rios para autom\u00f3veis com um servi\u00e7o r\u00e1pido e consistente","og_url":"https:\/\/jornaldasoficinas.com\/pt\/para-crescer-apostamos-na-descentralizacao-renato-soares-administrador-da-soarauto\/","og_site_name":"Jornal das Oficinas","article_publisher":"https:\/\/www.facebook.com\/jornaloficinas","article_published_time":"2022-12-11T21:00:44+00:00","og_image":[{"width":1024,"height":581,"url":"https:\/\/jornaldasoficinas.com\/pt\/wp-content\/uploads\/2022\/12\/Soarauto.jpeg","type":"image\/jpeg"}],"author":"Reda\u00e7\u00e3o JO","twitter_card":"summary_large_image","twitter_creator":"@jornaloficinas","twitter_site":"@jornaloficinas","twitter_misc":{"Escrito por":"Reda\u00e7\u00e3o JO","Tempo estimado de leitura":"4 minutos"},"schema":{"@context":"https:\/\/schema.org","@graph":[{"@type":"Article","@id":"https:\/\/jornaldasoficinas.com\/pt\/para-crescer-apostamos-na-descentralizacao-renato-soares-administrador-da-soarauto\/#article","isPartOf":{"@id":"https:\/\/jornaldasoficinas.com\/pt\/para-crescer-apostamos-na-descentralizacao-renato-soares-administrador-da-soarauto\/"},"author":{"name":"Reda\u00e7\u00e3o JO","@id":"https:\/\/jornaldasoficinas.com\/pt\/#\/schema\/person\/a38eef5de2c41d9e7c9ac10141afddf3"},"headline":"\u201cPara crescer apostamos na descentraliza\u00e7\u00e3o\u201d, Renato Soares, Soarauto","datePublished":"2022-12-11T21:00:44+00:00","mainEntityOfPage":{"@id":"https:\/\/jornaldasoficinas.com\/pt\/para-crescer-apostamos-na-descentralizacao-renato-soares-administrador-da-soarauto\/"},"wordCount":826,"publisher":{"@id":"https:\/\/jornaldasoficinas.com\/pt\/#organization"},"image":{"@id":"https:\/\/jornaldasoficinas.com\/pt\/para-crescer-apostamos-na-descentralizacao-renato-soares-administrador-da-soarauto\/#primaryimage"},"thumbnailUrl":"https:\/\/jornaldasoficinas.com\/pt\/wp-content\/uploads\/2022\/12\/Soarauto.jpeg","keywords":["Comercializa\u00e7\u00e3o de acess\u00f3rios","Comercializa\u00e7\u00e3o de pe\u00e7as","Soarauto","Stock cont\u00ednuo"],"articleSection":["Entrevistas"],"inLanguage":"pt-PT"},{"@type":"WebPage","@id":"https:\/\/jornaldasoficinas.com\/pt\/para-crescer-apostamos-na-descentralizacao-renato-soares-administrador-da-soarauto\/","url":"https:\/\/jornaldasoficinas.com\/pt\/para-crescer-apostamos-na-descentralizacao-renato-soares-administrador-da-soarauto\/","name":"\u201cPara crescer apostamos na descentraliza\u00e7\u00e3o\u201d, Renato Soares, Soarauto - Jornal das Oficinas","isPartOf":{"@id":"https:\/\/jornaldasoficinas.com\/pt\/#website"},"primaryImageOfPage":{"@id":"https:\/\/jornaldasoficinas.com\/pt\/para-crescer-apostamos-na-descentralizacao-renato-soares-administrador-da-soarauto\/#primaryimage"},"image":{"@id":"https:\/\/jornaldasoficinas.com\/pt\/para-crescer-apostamos-na-descentralizacao-renato-soares-administrador-da-soarauto\/#primaryimage"},"thumbnailUrl":"https:\/\/jornaldasoficinas.com\/pt\/wp-content\/uploads\/2022\/12\/Soarauto.jpeg","datePublished":"2022-12-11T21:00:44+00:00","description":"A Soarauto est\u00e1 no mercado h\u00e1 39 anos dedicada \u00e0 comercializa\u00e7\u00e3o de pe\u00e7as e acess\u00f3rios para autom\u00f3veis com um servi\u00e7o r\u00e1pido e consistente","breadcrumb":{"@id":"https:\/\/jornaldasoficinas.com\/pt\/para-crescer-apostamos-na-descentralizacao-renato-soares-administrador-da-soarauto\/#breadcrumb"},"inLanguage":"pt-PT","potentialAction":[{"@type":"ReadAction","target":["https:\/\/jornaldasoficinas.com\/pt\/para-crescer-apostamos-na-descentralizacao-renato-soares-administrador-da-soarauto\/"]}]},{"@type":"ImageObject","inLanguage":"pt-PT","@id":"https:\/\/jornaldasoficinas.com\/pt\/para-crescer-apostamos-na-descentralizacao-renato-soares-administrador-da-soarauto\/#primaryimage","url":"https:\/\/jornaldasoficinas.com\/pt\/wp-content\/uploads\/2022\/12\/Soarauto.jpeg","contentUrl":"https:\/\/jornaldasoficinas.com\/pt\/wp-content\/uploads\/2022\/12\/Soarauto.jpeg","width":1024,"height":581,"caption":"12 - Soarauto"},{"@type":"BreadcrumbList","@id":"https:\/\/jornaldasoficinas.com\/pt\/para-crescer-apostamos-na-descentralizacao-renato-soares-administrador-da-soarauto\/#breadcrumb","itemListElement":[{"@type":"ListItem","position":1,"name":"In\u00edcio","item":"https:\/\/jornaldasoficinas.com\/pt\/"},{"@type":"ListItem","position":2,"name":"\u201cPara crescer apostamos na descentraliza\u00e7\u00e3o\u201d, Renato Soares, Soarauto"}]},{"@type":"WebSite","@id":"https:\/\/jornaldasoficinas.com\/pt\/#website","url":"https:\/\/jornaldasoficinas.com\/pt\/","name":"Jornal das Oficinas","description":"Jornal independente do Aftermarket Autom\u00f3vel em Portugal","publisher":{"@id":"https:\/\/jornaldasoficinas.com\/pt\/#organization"},"potentialAction":[{"@type":"SearchAction","target":{"@type":"EntryPoint","urlTemplate":"https:\/\/jornaldasoficinas.com\/pt\/?s={search_term_string}"},"query-input":{"@type":"PropertyValueSpecification","valueRequired":true,"valueName":"search_term_string"}}],"inLanguage":"pt-PT"},{"@type":"Organization","@id":"https:\/\/jornaldasoficinas.com\/pt\/#organization","name":"Jornal das Oficinas","url":"https:\/\/jornaldasoficinas.com\/pt\/","logo":{"@type":"ImageObject","inLanguage":"pt-PT","@id":"https:\/\/jornaldasoficinas.com\/pt\/#\/schema\/logo\/image\/","url":"https:\/\/jornaldasoficinas.com\/pt\/wp-content\/uploads\/logoJO-SEO.png","contentUrl":"https:\/\/jornaldasoficinas.com\/pt\/wp-content\/uploads\/logoJO-SEO.png","width":285,"height":450,"caption":"Jornal das Oficinas"},"image":{"@id":"https:\/\/jornaldasoficinas.com\/pt\/#\/schema\/logo\/image\/"},"sameAs":["https:\/\/www.facebook.com\/jornaloficinas","https:\/\/x.com\/jornaloficinas","https:\/\/www.instagram.com\/jornal_oficinas\/","https:\/\/www.linkedin.com\/company\/jornal-das-oficinas\/","https:\/\/www.youtube.com\/channel\/UCbQZBqtcvV-oSQrr7RzINGg"]},{"@type":"Person","@id":"https:\/\/jornaldasoficinas.com\/pt\/#\/schema\/person\/a38eef5de2c41d9e7c9ac10141afddf3","name":"Reda\u00e7\u00e3o JO","image":{"@type":"ImageObject","inLanguage":"pt-PT","@id":"https:\/\/secure.gravatar.com\/avatar\/71f2fa71737ad68a84fea94bc708ddac8ea5b0c4788dc2ad202f3ccb2887742f?s=96&d=wp_user_avatar&r=g","url":"https:\/\/secure.gravatar.com\/avatar\/71f2fa71737ad68a84fea94bc708ddac8ea5b0c4788dc2ad202f3ccb2887742f?s=96&d=wp_user_avatar&r=g","contentUrl":"https:\/\/secure.gravatar.com\/avatar\/71f2fa71737ad68a84fea94bc708ddac8ea5b0c4788dc2ad202f3ccb2887742f?s=96&d=wp_user_avatar&r=g","caption":"Reda\u00e7\u00e3o JO"},"url":"https:\/\/jornaldasoficinas.com\/pt\/author\/joredacao\/"}]}},"_links":{"self":[{"href":"https:\/\/jornaldasoficinas.com\/pt\/wp-json\/wp\/v2\/posts\/35434","targetHints":{"allow":["GET"]}}],"collection":[{"href":"https:\/\/jornaldasoficinas.com\/pt\/wp-json\/wp\/v2\/posts"}],"about":[{"href":"https:\/\/jornaldasoficinas.com\/pt\/wp-json\/wp\/v2\/types\/post"}],"author":[{"embeddable":true,"href":"https:\/\/jornaldasoficinas.com\/pt\/wp-json\/wp\/v2\/users\/15"}],"replies":[{"embeddable":true,"href":"https:\/\/jornaldasoficinas.com\/pt\/wp-json\/wp\/v2\/comments?post=35434"}],"version-history":[{"count":0,"href":"https:\/\/jornaldasoficinas.com\/pt\/wp-json\/wp\/v2\/posts\/35434\/revisions"}],"wp:featuredmedia":[{"embeddable":true,"href":"https:\/\/jornaldasoficinas.com\/pt\/wp-json\/wp\/v2\/media\/35424"}],"wp:attachment":[{"href":"https:\/\/jornaldasoficinas.com\/pt\/wp-json\/wp\/v2\/media?parent=35434"}],"wp:term":[{"taxonomy":"category","embeddable":true,"href":"https:\/\/jornaldasoficinas.com\/pt\/wp-json\/wp\/v2\/categories?post=35434"},{"taxonomy":"post_tag","embeddable":true,"href":"https:\/\/jornaldasoficinas.com\/pt\/wp-json\/wp\/v2\/tags?post=35434"}],"curies":[{"name":"wp","href":"https:\/\/api.w.org\/{rel}","templated":true}]}}