{"id":35453,"date":"2022-12-12T12:00:37","date_gmt":"2022-12-12T12:00:37","guid":{"rendered":"https:\/\/jornaldasoficinas.com\/pt\/?p=35453"},"modified":"2022-12-12T18:06:19","modified_gmt":"2022-12-12T18:06:19","slug":"a-sustentabilidade-comeca-nos-panos-mewa","status":"publish","type":"post","link":"https:\/\/jornaldasoficinas.com\/pt\/a-sustentabilidade-comeca-nos-panos-mewa\/","title":{"rendered":"A sustentabilidade come\u00e7a nos panos Mewa"},"content":{"rendered":"<p><img loading=\"lazy\" decoding=\"async\" class=\"alignnone size-full wp-image-35447\" src=\"https:\/\/jornaldasoficinas.com\/pt\/wp-content\/uploads\/2022\/12\/A-sustentabilidade-comeca-nos-panos-Mewa.jpg\" alt=\"12 - A sustentabilidade comeca nos panos Mewa\" width=\"1024\" height=\"581\" srcset=\"https:\/\/jornaldasoficinas.com\/pt\/wp-content\/uploads\/2022\/12\/A-sustentabilidade-comeca-nos-panos-Mewa.jpg 1024w, https:\/\/jornaldasoficinas.com\/pt\/wp-content\/uploads\/2022\/12\/A-sustentabilidade-comeca-nos-panos-Mewa-300x170.jpg 300w, https:\/\/jornaldasoficinas.com\/pt\/wp-content\/uploads\/2022\/12\/A-sustentabilidade-comeca-nos-panos-Mewa-150x85.jpg 150w, https:\/\/jornaldasoficinas.com\/pt\/wp-content\/uploads\/2022\/12\/A-sustentabilidade-comeca-nos-panos-Mewa-768x436.jpg 768w\" sizes=\"auto, (max-width: 1024px) 100vw, 1024px\" \/><\/p>\n<p><strong>Com a introdu\u00e7\u00e3o do sistema de panos de limpeza da <a href=\"https:\/\/www.mewa.pt\/\" target=\"_blank\" rel=\"noopener\">Mewa<\/a>, os mec\u00e2nicos recebem panos de limpeza de algod\u00e3o de alta qualidade com capacidade de absor\u00e7\u00e3o turbo para a limpeza suave e profunda de componentes, ferramentas e instala\u00e7\u00f5es<\/strong><\/p>\n<p>Estes panos, praticamente n\u00e3o largam cot\u00e3o, absorvem um m\u00faltiplo do seu volume e podem ser reutilizados v\u00e1rias vezes antes de ser armazenados em seguran\u00e7a no contentor SaCon.<\/p>\n<p>Este contentor com fecho herm\u00e9tico faz parte do sistema e \u00e9 fornecido pela Mewa na quantidade necess\u00e1ria. \u00c0 hora combinada, o SaCon \u00e9 recolhido pelo motorista de servi\u00e7o da Mewa que tamb\u00e9m entrega panos de limpeza rec\u00e9m-lavados e prontos a utilizar.<\/p>\n<p>Com os panos de limpeza e o SaCon, no \u00e2mbito de um sistema de servi\u00e7o contempor\u00e2neo, uma oficina autom\u00f3vel comunica interna e externamente: A prote\u00e7\u00e3o ambiental \u00e9 importante para n\u00f3s. O que os clientes n\u00e3o conseguem ver \u00e9 toda a sustentabilidade do sistema da Mewa.<\/p>\n<p>Gra\u00e7as \u00e0s tecnologias inovadoras de lavagem e de tratamento de \u00e1guas residuais, a Mewa atinge um grau de limpeza de 99,8 por cento nos panos e consome at\u00e9 50% menos \u00e1gua. Al\u00e9m disso, 80 por cento da energia necess\u00e1ria para o funcionamento das linhas de lavagem e secagem \u00e9 coberta pelos \u00f3leos usados filtrados dos panos de limpeza usados. Cada pano pode ser lavado at\u00e9 50 vezes pela Mewa. Ap\u00f3s cada lavagem, passa por um controlo de qualidade em v\u00e1rias fases para que apenas os panos impec\u00e1veis regressem aos clientes.<\/p>\n<p><strong>Mantas absorventes para trabalhos de repara\u00e7\u00e3o sustent\u00e1veis<br \/>\n<\/strong>Com o mesmo sistema de Textilsharing que poupa recursos \u2013 utilizar, lavar, reutilizar sem possuir \u2013, a Mewa oferece tamb\u00e9m a manta Multitex particularmente absorvente. Como \u00e9 t\u00eaxtil, \u00e9 flex\u00edvel e pode absorver at\u00e9 tr\u00eas litros de l\u00edquido, enquanto a sua superf\u00edcie permanece praticamente seca.<\/p>\n<p>Tal como os panos de limpeza, \u00e9 lavada pela Mewa de forma amiga do ambiente, sujeita a um rigoroso controlo de qualidade e devolvida aos clientes.<\/p>\n<p>Quer no caso dos panos de limpeza, quer no caso das mantas absorventes, ambos os sistemas da Mewa podem ser integrados sem esfor\u00e7o no quotidiano de uma oficina autom\u00f3vel e assegurar mais sustentabilidade, organiza\u00e7\u00e3o e efici\u00eancia logo a partir do primeiro dia.<\/p>\n<p>Uma vez que se trata de sistemas de aluguer, n\u00e3o h\u00e1 custos de aquisi\u00e7\u00e3o e \u00e9 poss\u00edvel prever os custos exatos. Para al\u00e9m disso, h\u00e1 o efeito motivador para a equipa: D\u00e1 simplesmente mais prazer conseguir realizar um excelente trabalho com os modernos panos de limpeza e mantas absorventes de alta qualidade.<\/p>\n","protected":false},"excerpt":{"rendered":"<p>Com a introdu\u00e7\u00e3o do sistema de&#8230;<\/p>\n","protected":false},"author":15,"featured_media":35447,"comment_status":"closed","ping_status":"closed","sticky":false,"template":"","format":"standard","meta":{"footnotes":""},"categories":[29],"tags":[3352,669,1731,1767],"class_list":["post-35453","post","type-post","status-publish","format-standard","has-post-thumbnail","hentry","category-empresas","tag-capacidade-de-absorcao","tag-mewa","tag-panos-de-limpeza","tag-sustentabilidade"],"yoast_head":"<!-- This site is optimized with the Yoast SEO plugin v27.4 - https:\/\/yoast.com\/product\/yoast-seo-wordpress\/ -->\n<title>A sustentabilidade come\u00e7a nos panos Mewa - Jornal das Oficinas<\/title>\n<meta name=\"description\" content=\"Com a introdu\u00e7\u00e3o do sistema de panos de limpeza da Mewa, os mec\u00e2nicos recebem panos de limpeza de algod\u00e3o de alta qualidade\" \/>\n<meta name=\"robots\" content=\"index, follow, max-snippet:-1, max-image-preview:large, max-video-preview:-1\" \/>\n<link rel=\"canonical\" href=\"https:\/\/jornaldasoficinas.com\/pt\/a-sustentabilidade-comeca-nos-panos-mewa\/\" \/>\n<meta property=\"og:locale\" content=\"pt_PT\" \/>\n<meta property=\"og:type\" content=\"article\" \/>\n<meta property=\"og:title\" content=\"A sustentabilidade come\u00e7a nos panos Mewa - Jornal das Oficinas\" \/>\n<meta property=\"og:description\" content=\"Com a introdu\u00e7\u00e3o do sistema de panos de limpeza da Mewa, os mec\u00e2nicos recebem panos de limpeza de algod\u00e3o de alta qualidade\" \/>\n<meta property=\"og:url\" content=\"https:\/\/jornaldasoficinas.com\/pt\/a-sustentabilidade-comeca-nos-panos-mewa\/\" \/>\n<meta property=\"og:site_name\" content=\"Jornal das Oficinas\" \/>\n<meta property=\"article:publisher\" content=\"https:\/\/www.facebook.com\/jornaloficinas\" \/>\n<meta property=\"article:published_time\" content=\"2022-12-12T12:00:37+00:00\" \/>\n<meta property=\"article:modified_time\" content=\"2022-12-12T18:06:19+00:00\" \/>\n<meta property=\"og:image\" content=\"https:\/\/jornaldasoficinas.com\/pt\/wp-content\/uploads\/2022\/12\/A-sustentabilidade-comeca-nos-panos-Mewa.jpg\" \/>\n\t<meta property=\"og:image:width\" content=\"1024\" \/>\n\t<meta property=\"og:image:height\" content=\"581\" \/>\n\t<meta property=\"og:image:type\" content=\"image\/jpeg\" \/>\n<meta name=\"author\" content=\"Reda\u00e7\u00e3o JO\" \/>\n<meta name=\"twitter:card\" content=\"summary_large_image\" \/>\n<meta name=\"twitter:creator\" content=\"@jornaloficinas\" \/>\n<meta name=\"twitter:site\" content=\"@jornaloficinas\" \/>\n<meta name=\"twitter:label1\" content=\"Escrito por\" \/>\n\t<meta name=\"twitter:data1\" content=\"Reda\u00e7\u00e3o JO\" \/>\n\t<meta name=\"twitter:label2\" content=\"Tempo estimado de leitura\" \/>\n\t<meta name=\"twitter:data2\" content=\"2 minutos\" \/>\n<script type=\"application\/ld+json\" class=\"yoast-schema-graph\">{\"@context\":\"https:\\\/\\\/schema.org\",\"@graph\":[{\"@type\":\"Article\",\"@id\":\"https:\\\/\\\/jornaldasoficinas.com\\\/pt\\\/a-sustentabilidade-comeca-nos-panos-mewa\\\/#article\",\"isPartOf\":{\"@id\":\"https:\\\/\\\/jornaldasoficinas.com\\\/pt\\\/a-sustentabilidade-comeca-nos-panos-mewa\\\/\"},\"author\":{\"name\":\"Reda\u00e7\u00e3o JO\",\"@id\":\"https:\\\/\\\/jornaldasoficinas.com\\\/pt\\\/#\\\/schema\\\/person\\\/a38eef5de2c41d9e7c9ac10141afddf3\"},\"headline\":\"A sustentabilidade come\u00e7a nos panos Mewa\",\"datePublished\":\"2022-12-12T12:00:37+00:00\",\"dateModified\":\"2022-12-12T18:06:19+00:00\",\"mainEntityOfPage\":{\"@id\":\"https:\\\/\\\/jornaldasoficinas.com\\\/pt\\\/a-sustentabilidade-comeca-nos-panos-mewa\\\/\"},\"wordCount\":447,\"publisher\":{\"@id\":\"https:\\\/\\\/jornaldasoficinas.com\\\/pt\\\/#organization\"},\"image\":{\"@id\":\"https:\\\/\\\/jornaldasoficinas.com\\\/pt\\\/a-sustentabilidade-comeca-nos-panos-mewa\\\/#primaryimage\"},\"thumbnailUrl\":\"https:\\\/\\\/jornaldasoficinas.com\\\/pt\\\/wp-content\\\/uploads\\\/2022\\\/12\\\/A-sustentabilidade-comeca-nos-panos-Mewa.jpg\",\"keywords\":[\"Capacidade de absor\u00e7\u00e3o\",\"MEWA\",\"Panos de limpeza\",\"Sustentabilidade\"],\"articleSection\":[\"Empresas\"],\"inLanguage\":\"pt-PT\"},{\"@type\":\"WebPage\",\"@id\":\"https:\\\/\\\/jornaldasoficinas.com\\\/pt\\\/a-sustentabilidade-comeca-nos-panos-mewa\\\/\",\"url\":\"https:\\\/\\\/jornaldasoficinas.com\\\/pt\\\/a-sustentabilidade-comeca-nos-panos-mewa\\\/\",\"name\":\"A sustentabilidade come\u00e7a nos panos Mewa - Jornal das Oficinas\",\"isPartOf\":{\"@id\":\"https:\\\/\\\/jornaldasoficinas.com\\\/pt\\\/#website\"},\"primaryImageOfPage\":{\"@id\":\"https:\\\/\\\/jornaldasoficinas.com\\\/pt\\\/a-sustentabilidade-comeca-nos-panos-mewa\\\/#primaryimage\"},\"image\":{\"@id\":\"https:\\\/\\\/jornaldasoficinas.com\\\/pt\\\/a-sustentabilidade-comeca-nos-panos-mewa\\\/#primaryimage\"},\"thumbnailUrl\":\"https:\\\/\\\/jornaldasoficinas.com\\\/pt\\\/wp-content\\\/uploads\\\/2022\\\/12\\\/A-sustentabilidade-comeca-nos-panos-Mewa.jpg\",\"datePublished\":\"2022-12-12T12:00:37+00:00\",\"dateModified\":\"2022-12-12T18:06:19+00:00\",\"description\":\"Com a introdu\u00e7\u00e3o do sistema de panos de limpeza da Mewa, os mec\u00e2nicos recebem panos de limpeza de algod\u00e3o de alta qualidade\",\"breadcrumb\":{\"@id\":\"https:\\\/\\\/jornaldasoficinas.com\\\/pt\\\/a-sustentabilidade-comeca-nos-panos-mewa\\\/#breadcrumb\"},\"inLanguage\":\"pt-PT\",\"potentialAction\":[{\"@type\":\"ReadAction\",\"target\":[\"https:\\\/\\\/jornaldasoficinas.com\\\/pt\\\/a-sustentabilidade-comeca-nos-panos-mewa\\\/\"]}]},{\"@type\":\"ImageObject\",\"inLanguage\":\"pt-PT\",\"@id\":\"https:\\\/\\\/jornaldasoficinas.com\\\/pt\\\/a-sustentabilidade-comeca-nos-panos-mewa\\\/#primaryimage\",\"url\":\"https:\\\/\\\/jornaldasoficinas.com\\\/pt\\\/wp-content\\\/uploads\\\/2022\\\/12\\\/A-sustentabilidade-comeca-nos-panos-Mewa.jpg\",\"contentUrl\":\"https:\\\/\\\/jornaldasoficinas.com\\\/pt\\\/wp-content\\\/uploads\\\/2022\\\/12\\\/A-sustentabilidade-comeca-nos-panos-Mewa.jpg\",\"width\":1024,\"height\":581,\"caption\":\"12 - A sustentabilidade comeca nos panos Mewa\"},{\"@type\":\"BreadcrumbList\",\"@id\":\"https:\\\/\\\/jornaldasoficinas.com\\\/pt\\\/a-sustentabilidade-comeca-nos-panos-mewa\\\/#breadcrumb\",\"itemListElement\":[{\"@type\":\"ListItem\",\"position\":1,\"name\":\"In\u00edcio\",\"item\":\"https:\\\/\\\/jornaldasoficinas.com\\\/pt\\\/\"},{\"@type\":\"ListItem\",\"position\":2,\"name\":\"A sustentabilidade come\u00e7a nos panos Mewa\"}]},{\"@type\":\"WebSite\",\"@id\":\"https:\\\/\\\/jornaldasoficinas.com\\\/pt\\\/#website\",\"url\":\"https:\\\/\\\/jornaldasoficinas.com\\\/pt\\\/\",\"name\":\"Jornal das Oficinas\",\"description\":\"Jornal independente do Aftermarket Autom\u00f3vel em Portugal\",\"publisher\":{\"@id\":\"https:\\\/\\\/jornaldasoficinas.com\\\/pt\\\/#organization\"},\"potentialAction\":[{\"@type\":\"SearchAction\",\"target\":{\"@type\":\"EntryPoint\",\"urlTemplate\":\"https:\\\/\\\/jornaldasoficinas.com\\\/pt\\\/?s={search_term_string}\"},\"query-input\":{\"@type\":\"PropertyValueSpecification\",\"valueRequired\":true,\"valueName\":\"search_term_string\"}}],\"inLanguage\":\"pt-PT\"},{\"@type\":\"Organization\",\"@id\":\"https:\\\/\\\/jornaldasoficinas.com\\\/pt\\\/#organization\",\"name\":\"Jornal das Oficinas\",\"url\":\"https:\\\/\\\/jornaldasoficinas.com\\\/pt\\\/\",\"logo\":{\"@type\":\"ImageObject\",\"inLanguage\":\"pt-PT\",\"@id\":\"https:\\\/\\\/jornaldasoficinas.com\\\/pt\\\/#\\\/schema\\\/logo\\\/image\\\/\",\"url\":\"https:\\\/\\\/jornaldasoficinas.com\\\/pt\\\/wp-content\\\/uploads\\\/logoJO-SEO.png\",\"contentUrl\":\"https:\\\/\\\/jornaldasoficinas.com\\\/pt\\\/wp-content\\\/uploads\\\/logoJO-SEO.png\",\"width\":285,\"height\":450,\"caption\":\"Jornal das Oficinas\"},\"image\":{\"@id\":\"https:\\\/\\\/jornaldasoficinas.com\\\/pt\\\/#\\\/schema\\\/logo\\\/image\\\/\"},\"sameAs\":[\"https:\\\/\\\/www.facebook.com\\\/jornaloficinas\",\"https:\\\/\\\/x.com\\\/jornaloficinas\",\"https:\\\/\\\/www.instagram.com\\\/jornal_oficinas\\\/\",\"https:\\\/\\\/www.linkedin.com\\\/company\\\/jornal-das-oficinas\\\/\",\"https:\\\/\\\/www.youtube.com\\\/channel\\\/UCbQZBqtcvV-oSQrr7RzINGg\"]},{\"@type\":\"Person\",\"@id\":\"https:\\\/\\\/jornaldasoficinas.com\\\/pt\\\/#\\\/schema\\\/person\\\/a38eef5de2c41d9e7c9ac10141afddf3\",\"name\":\"Reda\u00e7\u00e3o JO\",\"image\":{\"@type\":\"ImageObject\",\"inLanguage\":\"pt-PT\",\"@id\":\"https:\\\/\\\/secure.gravatar.com\\\/avatar\\\/71f2fa71737ad68a84fea94bc708ddac8ea5b0c4788dc2ad202f3ccb2887742f?s=96&d=wp_user_avatar&r=g\",\"url\":\"https:\\\/\\\/secure.gravatar.com\\\/avatar\\\/71f2fa71737ad68a84fea94bc708ddac8ea5b0c4788dc2ad202f3ccb2887742f?s=96&d=wp_user_avatar&r=g\",\"contentUrl\":\"https:\\\/\\\/secure.gravatar.com\\\/avatar\\\/71f2fa71737ad68a84fea94bc708ddac8ea5b0c4788dc2ad202f3ccb2887742f?s=96&d=wp_user_avatar&r=g\",\"caption\":\"Reda\u00e7\u00e3o JO\"},\"url\":\"https:\\\/\\\/jornaldasoficinas.com\\\/pt\\\/author\\\/joredacao\\\/\"}]}<\/script>\n<!-- \/ Yoast SEO plugin. -->","yoast_head_json":{"title":"A sustentabilidade come\u00e7a nos panos Mewa - Jornal das Oficinas","description":"Com a introdu\u00e7\u00e3o do sistema de panos de limpeza da Mewa, os mec\u00e2nicos recebem panos de limpeza de algod\u00e3o de alta qualidade","robots":{"index":"index","follow":"follow","max-snippet":"max-snippet:-1","max-image-preview":"max-image-preview:large","max-video-preview":"max-video-preview:-1"},"canonical":"https:\/\/jornaldasoficinas.com\/pt\/a-sustentabilidade-comeca-nos-panos-mewa\/","og_locale":"pt_PT","og_type":"article","og_title":"A sustentabilidade come\u00e7a nos panos Mewa - Jornal das Oficinas","og_description":"Com a introdu\u00e7\u00e3o do sistema de panos de limpeza da Mewa, os mec\u00e2nicos recebem panos de limpeza de algod\u00e3o de alta qualidade","og_url":"https:\/\/jornaldasoficinas.com\/pt\/a-sustentabilidade-comeca-nos-panos-mewa\/","og_site_name":"Jornal das Oficinas","article_publisher":"https:\/\/www.facebook.com\/jornaloficinas","article_published_time":"2022-12-12T12:00:37+00:00","article_modified_time":"2022-12-12T18:06:19+00:00","og_image":[{"width":1024,"height":581,"url":"https:\/\/jornaldasoficinas.com\/pt\/wp-content\/uploads\/2022\/12\/A-sustentabilidade-comeca-nos-panos-Mewa.jpg","type":"image\/jpeg"}],"author":"Reda\u00e7\u00e3o JO","twitter_card":"summary_large_image","twitter_creator":"@jornaloficinas","twitter_site":"@jornaloficinas","twitter_misc":{"Escrito por":"Reda\u00e7\u00e3o JO","Tempo estimado de leitura":"2 minutos"},"schema":{"@context":"https:\/\/schema.org","@graph":[{"@type":"Article","@id":"https:\/\/jornaldasoficinas.com\/pt\/a-sustentabilidade-comeca-nos-panos-mewa\/#article","isPartOf":{"@id":"https:\/\/jornaldasoficinas.com\/pt\/a-sustentabilidade-comeca-nos-panos-mewa\/"},"author":{"name":"Reda\u00e7\u00e3o JO","@id":"https:\/\/jornaldasoficinas.com\/pt\/#\/schema\/person\/a38eef5de2c41d9e7c9ac10141afddf3"},"headline":"A sustentabilidade come\u00e7a nos panos Mewa","datePublished":"2022-12-12T12:00:37+00:00","dateModified":"2022-12-12T18:06:19+00:00","mainEntityOfPage":{"@id":"https:\/\/jornaldasoficinas.com\/pt\/a-sustentabilidade-comeca-nos-panos-mewa\/"},"wordCount":447,"publisher":{"@id":"https:\/\/jornaldasoficinas.com\/pt\/#organization"},"image":{"@id":"https:\/\/jornaldasoficinas.com\/pt\/a-sustentabilidade-comeca-nos-panos-mewa\/#primaryimage"},"thumbnailUrl":"https:\/\/jornaldasoficinas.com\/pt\/wp-content\/uploads\/2022\/12\/A-sustentabilidade-comeca-nos-panos-Mewa.jpg","keywords":["Capacidade de absor\u00e7\u00e3o","MEWA","Panos de limpeza","Sustentabilidade"],"articleSection":["Empresas"],"inLanguage":"pt-PT"},{"@type":"WebPage","@id":"https:\/\/jornaldasoficinas.com\/pt\/a-sustentabilidade-comeca-nos-panos-mewa\/","url":"https:\/\/jornaldasoficinas.com\/pt\/a-sustentabilidade-comeca-nos-panos-mewa\/","name":"A sustentabilidade come\u00e7a nos panos Mewa - Jornal das Oficinas","isPartOf":{"@id":"https:\/\/jornaldasoficinas.com\/pt\/#website"},"primaryImageOfPage":{"@id":"https:\/\/jornaldasoficinas.com\/pt\/a-sustentabilidade-comeca-nos-panos-mewa\/#primaryimage"},"image":{"@id":"https:\/\/jornaldasoficinas.com\/pt\/a-sustentabilidade-comeca-nos-panos-mewa\/#primaryimage"},"thumbnailUrl":"https:\/\/jornaldasoficinas.com\/pt\/wp-content\/uploads\/2022\/12\/A-sustentabilidade-comeca-nos-panos-Mewa.jpg","datePublished":"2022-12-12T12:00:37+00:00","dateModified":"2022-12-12T18:06:19+00:00","description":"Com a introdu\u00e7\u00e3o do sistema de panos de limpeza da Mewa, os mec\u00e2nicos recebem panos de limpeza de algod\u00e3o de alta qualidade","breadcrumb":{"@id":"https:\/\/jornaldasoficinas.com\/pt\/a-sustentabilidade-comeca-nos-panos-mewa\/#breadcrumb"},"inLanguage":"pt-PT","potentialAction":[{"@type":"ReadAction","target":["https:\/\/jornaldasoficinas.com\/pt\/a-sustentabilidade-comeca-nos-panos-mewa\/"]}]},{"@type":"ImageObject","inLanguage":"pt-PT","@id":"https:\/\/jornaldasoficinas.com\/pt\/a-sustentabilidade-comeca-nos-panos-mewa\/#primaryimage","url":"https:\/\/jornaldasoficinas.com\/pt\/wp-content\/uploads\/2022\/12\/A-sustentabilidade-comeca-nos-panos-Mewa.jpg","contentUrl":"https:\/\/jornaldasoficinas.com\/pt\/wp-content\/uploads\/2022\/12\/A-sustentabilidade-comeca-nos-panos-Mewa.jpg","width":1024,"height":581,"caption":"12 - A sustentabilidade comeca nos panos Mewa"},{"@type":"BreadcrumbList","@id":"https:\/\/jornaldasoficinas.com\/pt\/a-sustentabilidade-comeca-nos-panos-mewa\/#breadcrumb","itemListElement":[{"@type":"ListItem","position":1,"name":"In\u00edcio","item":"https:\/\/jornaldasoficinas.com\/pt\/"},{"@type":"ListItem","position":2,"name":"A sustentabilidade come\u00e7a nos panos Mewa"}]},{"@type":"WebSite","@id":"https:\/\/jornaldasoficinas.com\/pt\/#website","url":"https:\/\/jornaldasoficinas.com\/pt\/","name":"Jornal das Oficinas","description":"Jornal independente do Aftermarket Autom\u00f3vel em Portugal","publisher":{"@id":"https:\/\/jornaldasoficinas.com\/pt\/#organization"},"potentialAction":[{"@type":"SearchAction","target":{"@type":"EntryPoint","urlTemplate":"https:\/\/jornaldasoficinas.com\/pt\/?s={search_term_string}"},"query-input":{"@type":"PropertyValueSpecification","valueRequired":true,"valueName":"search_term_string"}}],"inLanguage":"pt-PT"},{"@type":"Organization","@id":"https:\/\/jornaldasoficinas.com\/pt\/#organization","name":"Jornal das Oficinas","url":"https:\/\/jornaldasoficinas.com\/pt\/","logo":{"@type":"ImageObject","inLanguage":"pt-PT","@id":"https:\/\/jornaldasoficinas.com\/pt\/#\/schema\/logo\/image\/","url":"https:\/\/jornaldasoficinas.com\/pt\/wp-content\/uploads\/logoJO-SEO.png","contentUrl":"https:\/\/jornaldasoficinas.com\/pt\/wp-content\/uploads\/logoJO-SEO.png","width":285,"height":450,"caption":"Jornal das Oficinas"},"image":{"@id":"https:\/\/jornaldasoficinas.com\/pt\/#\/schema\/logo\/image\/"},"sameAs":["https:\/\/www.facebook.com\/jornaloficinas","https:\/\/x.com\/jornaloficinas","https:\/\/www.instagram.com\/jornal_oficinas\/","https:\/\/www.linkedin.com\/company\/jornal-das-oficinas\/","https:\/\/www.youtube.com\/channel\/UCbQZBqtcvV-oSQrr7RzINGg"]},{"@type":"Person","@id":"https:\/\/jornaldasoficinas.com\/pt\/#\/schema\/person\/a38eef5de2c41d9e7c9ac10141afddf3","name":"Reda\u00e7\u00e3o JO","image":{"@type":"ImageObject","inLanguage":"pt-PT","@id":"https:\/\/secure.gravatar.com\/avatar\/71f2fa71737ad68a84fea94bc708ddac8ea5b0c4788dc2ad202f3ccb2887742f?s=96&d=wp_user_avatar&r=g","url":"https:\/\/secure.gravatar.com\/avatar\/71f2fa71737ad68a84fea94bc708ddac8ea5b0c4788dc2ad202f3ccb2887742f?s=96&d=wp_user_avatar&r=g","contentUrl":"https:\/\/secure.gravatar.com\/avatar\/71f2fa71737ad68a84fea94bc708ddac8ea5b0c4788dc2ad202f3ccb2887742f?s=96&d=wp_user_avatar&r=g","caption":"Reda\u00e7\u00e3o JO"},"url":"https:\/\/jornaldasoficinas.com\/pt\/author\/joredacao\/"}]}},"_links":{"self":[{"href":"https:\/\/jornaldasoficinas.com\/pt\/wp-json\/wp\/v2\/posts\/35453","targetHints":{"allow":["GET"]}}],"collection":[{"href":"https:\/\/jornaldasoficinas.com\/pt\/wp-json\/wp\/v2\/posts"}],"about":[{"href":"https:\/\/jornaldasoficinas.com\/pt\/wp-json\/wp\/v2\/types\/post"}],"author":[{"embeddable":true,"href":"https:\/\/jornaldasoficinas.com\/pt\/wp-json\/wp\/v2\/users\/15"}],"replies":[{"embeddable":true,"href":"https:\/\/jornaldasoficinas.com\/pt\/wp-json\/wp\/v2\/comments?post=35453"}],"version-history":[{"count":0,"href":"https:\/\/jornaldasoficinas.com\/pt\/wp-json\/wp\/v2\/posts\/35453\/revisions"}],"wp:featuredmedia":[{"embeddable":true,"href":"https:\/\/jornaldasoficinas.com\/pt\/wp-json\/wp\/v2\/media\/35447"}],"wp:attachment":[{"href":"https:\/\/jornaldasoficinas.com\/pt\/wp-json\/wp\/v2\/media?parent=35453"}],"wp:term":[{"taxonomy":"category","embeddable":true,"href":"https:\/\/jornaldasoficinas.com\/pt\/wp-json\/wp\/v2\/categories?post=35453"},{"taxonomy":"post_tag","embeddable":true,"href":"https:\/\/jornaldasoficinas.com\/pt\/wp-json\/wp\/v2\/tags?post=35453"}],"curies":[{"name":"wp","href":"https:\/\/api.w.org\/{rel}","templated":true}]}}