{"id":35539,"date":"2022-12-16T08:00:15","date_gmt":"2022-12-16T08:00:15","guid":{"rendered":"https:\/\/jornaldasoficinas.com\/pt\/?p=35539"},"modified":"2022-12-15T12:10:20","modified_gmt":"2022-12-15T12:10:20","slug":"midas-continua-a-expandir-e-vai-abrir-em-braga","status":"publish","type":"post","link":"https:\/\/jornaldasoficinas.com\/pt\/midas-continua-a-expandir-e-vai-abrir-em-braga\/","title":{"rendered":"MIDAS continua a expandir e vai abrir em Braga"},"content":{"rendered":"<p><img loading=\"lazy\" decoding=\"async\" class=\"alignnone size-full wp-image-35517\" src=\"https:\/\/jornaldasoficinas.com\/pt\/wp-content\/uploads\/2022\/12\/MIDAS-continua-a-expandir-e-vai-abrir-em-Braga-2.png\" alt=\"12 - MIDAS continua a expandir e vai abrir em Braga 2\" width=\"1024\" height=\"581\" srcset=\"https:\/\/jornaldasoficinas.com\/pt\/wp-content\/uploads\/2022\/12\/MIDAS-continua-a-expandir-e-vai-abrir-em-Braga-2.png 1024w, https:\/\/jornaldasoficinas.com\/pt\/wp-content\/uploads\/2022\/12\/MIDAS-continua-a-expandir-e-vai-abrir-em-Braga-2-300x170.png 300w, https:\/\/jornaldasoficinas.com\/pt\/wp-content\/uploads\/2022\/12\/MIDAS-continua-a-expandir-e-vai-abrir-em-Braga-2-150x85.png 150w, https:\/\/jornaldasoficinas.com\/pt\/wp-content\/uploads\/2022\/12\/MIDAS-continua-a-expandir-e-vai-abrir-em-Braga-2-768x436.png 768w\" sizes=\"auto, (max-width: 1024px) 100vw, 1024px\" \/><\/p>\n<p><strong>A <a href=\"https:\/\/www.midas.pt\/\" target=\"_blank\" rel=\"noopener\">MIDAS<\/a> deu mais um passo na dire\u00e7\u00e3o do plano estrat\u00e9gico de expans\u00e3o da marca, e assina o seu segundo contrato de franquia. A rede Midas vai contar com uma nova oficina em regime de franquia, na cidade de Braga<\/strong><\/p>\n<p>A estrat\u00e9gia nacional da marca alinha-se assim com a estrat\u00e9gia internacional, colocando toda a sua notoriedade, experi\u00eancia e avan\u00e7ada metodologia ao acesso de empreendedores, operadores independentes, gestores e profissionais da \u00e1rea que pretendam associar-se a uma franquia de sucesso comprovado.<\/p>\n<p>Foi no passado dia 24 de novembro de 2022, nas instala\u00e7\u00f5es da sua sede, em Vila Nova de Gaia, que a Midas celebrou a assinatura do segundo contrato de franquia para a abertura de uma nova oficina da marca em Braga.<\/p>\n<p>O momento contou com a presen\u00e7a de Ricardo Sim\u00f5es, COO da Midas Portugal, e de Jorge Dias e Carlos Silva, da empresa Categoria Cred\u00edvel do Grupo Maintarget S.A, parceiros que ir\u00e3o assumir a gest\u00e3o da Midas Braga, estrategicamente localizada numa das mais importantes zonas comerciais da cidade, o Shopping Nova Arcada.<\/p>\n<p>Deixando transparecer a sua satisfa\u00e7\u00e3o com o interesse manifestado pelo mercado na franquia da Midas, e o ritmo a que o processo de negocia\u00e7\u00f5es tem vindo a seguir, Ricardo Sim\u00f5es real\u00e7ou a import\u00e2ncia desta nova oficina: \u201cBraga esteve sempre na mira da Midas. \u00c9 uma cidade incontorn\u00e1vel no panorama nacional, com uma din\u00e2mica de jovialidade e modernidade \u00fanicas e com um grande potencial para o nosso neg\u00f3cio. \u00c9 a primeira vez que os bracarenses ter\u00e3o acesso aos servi\u00e7os da nossa marca, \u00e0 porta de sua casa. Estamos seguros na aposta que fazemos com a Maintarget S.A.. Durante o processo de discuss\u00e3o e conhecimento m\u00fatuo percebemos que \u00e9 um parceiro alinhado com os valores da Marca e focado na chave do conceito Midas, o cliente.\u201d<\/p>\n<p>Jorge Dias, CEO do Grupo Maintarget S.A., e Carlos Silva, Gerente da Categoria Cred\u00edvel, expressaram tamb\u00e9m o seu contentamento com a formaliza\u00e7\u00e3o desta parceria, afirmando: \u201ciniciamos a nossa hist\u00f3ria no setor autom\u00f3vel, que posteriormente evoluiu para o mercado das telecomunica\u00e7\u00f5es e energia, posicionando-nos hoje como um dos principais players em Portugal. Abra\u00e7ar a parceria com a Midas no ano em que celebramos 40 anos, e no distrito que nos viu nascer, \u00e9 um grande motivo de orgulho. A partilha dos mesmos valores, know-how da Midas, prest\u00edgio e credibilidade, foram fatores decisivos para a consolida\u00e7\u00e3o desta parceira. Estamos confiantes no sucesso desta nossa aposta\u201d.<\/p>\n<p>A abertura da Midas Braga \u2013 Nova Arcada est\u00e1 prevista para janeiro de 2023.<\/p>\n","protected":false},"excerpt":{"rendered":"<p>A MIDAS deu mais um passo&#8230;<\/p>\n","protected":false},"author":15,"featured_media":35517,"comment_status":"closed","ping_status":"closed","sticky":false,"template":"","format":"standard","meta":{"footnotes":""},"categories":[29],"tags":[3340,3392,939,3393,3078],"class_list":["post-35539","post","type-post","status-publish","format-standard","has-post-thumbnail","hentry","category-empresas","tag-braga","tag-expansao-da-marca","tag-midas","tag-rede-midas","tag-regime-de-franquia"],"yoast_head":"<!-- This site is optimized with the Yoast SEO plugin v27.4 - https:\/\/yoast.com\/product\/yoast-seo-wordpress\/ -->\n<title>MIDAS continua a expandir e vai abrir em Braga - Jornal das Oficinas<\/title>\n<meta name=\"description\" content=\"A MIDAS deu mais um passo na dire\u00e7\u00e3o do plano estrat\u00e9gico de expans\u00e3o da marca, e assina o seu segundo contrato de franquia\" \/>\n<meta name=\"robots\" content=\"index, follow, max-snippet:-1, max-image-preview:large, max-video-preview:-1\" \/>\n<link rel=\"canonical\" href=\"https:\/\/jornaldasoficinas.com\/pt\/midas-continua-a-expandir-e-vai-abrir-em-braga\/\" \/>\n<meta property=\"og:locale\" content=\"pt_PT\" \/>\n<meta property=\"og:type\" content=\"article\" \/>\n<meta property=\"og:title\" content=\"MIDAS continua a expandir e vai abrir em Braga - Jornal das Oficinas\" \/>\n<meta property=\"og:description\" content=\"A MIDAS deu mais um passo na dire\u00e7\u00e3o do plano estrat\u00e9gico de expans\u00e3o da marca, e assina o seu segundo contrato de franquia\" \/>\n<meta property=\"og:url\" content=\"https:\/\/jornaldasoficinas.com\/pt\/midas-continua-a-expandir-e-vai-abrir-em-braga\/\" \/>\n<meta property=\"og:site_name\" content=\"Jornal das Oficinas\" \/>\n<meta property=\"article:publisher\" content=\"https:\/\/www.facebook.com\/jornaloficinas\" \/>\n<meta property=\"article:published_time\" content=\"2022-12-16T08:00:15+00:00\" \/>\n<meta property=\"og:image\" content=\"https:\/\/jornaldasoficinas.com\/pt\/wp-content\/uploads\/2022\/12\/MIDAS-continua-a-expandir-e-vai-abrir-em-Braga-2.png\" \/>\n\t<meta property=\"og:image:width\" content=\"1024\" \/>\n\t<meta property=\"og:image:height\" content=\"581\" \/>\n\t<meta property=\"og:image:type\" content=\"image\/png\" \/>\n<meta name=\"author\" content=\"Reda\u00e7\u00e3o JO\" \/>\n<meta name=\"twitter:card\" content=\"summary_large_image\" \/>\n<meta name=\"twitter:creator\" content=\"@jornaloficinas\" \/>\n<meta name=\"twitter:site\" content=\"@jornaloficinas\" \/>\n<meta name=\"twitter:label1\" content=\"Escrito por\" \/>\n\t<meta name=\"twitter:data1\" content=\"Reda\u00e7\u00e3o JO\" \/>\n\t<meta name=\"twitter:label2\" content=\"Tempo estimado de leitura\" \/>\n\t<meta name=\"twitter:data2\" content=\"2 minutos\" \/>\n<script type=\"application\/ld+json\" class=\"yoast-schema-graph\">{\"@context\":\"https:\\\/\\\/schema.org\",\"@graph\":[{\"@type\":\"Article\",\"@id\":\"https:\\\/\\\/jornaldasoficinas.com\\\/pt\\\/midas-continua-a-expandir-e-vai-abrir-em-braga\\\/#article\",\"isPartOf\":{\"@id\":\"https:\\\/\\\/jornaldasoficinas.com\\\/pt\\\/midas-continua-a-expandir-e-vai-abrir-em-braga\\\/\"},\"author\":{\"name\":\"Reda\u00e7\u00e3o JO\",\"@id\":\"https:\\\/\\\/jornaldasoficinas.com\\\/pt\\\/#\\\/schema\\\/person\\\/a38eef5de2c41d9e7c9ac10141afddf3\"},\"headline\":\"MIDAS continua a expandir e vai abrir em Braga\",\"datePublished\":\"2022-12-16T08:00:15+00:00\",\"mainEntityOfPage\":{\"@id\":\"https:\\\/\\\/jornaldasoficinas.com\\\/pt\\\/midas-continua-a-expandir-e-vai-abrir-em-braga\\\/\"},\"wordCount\":449,\"publisher\":{\"@id\":\"https:\\\/\\\/jornaldasoficinas.com\\\/pt\\\/#organization\"},\"image\":{\"@id\":\"https:\\\/\\\/jornaldasoficinas.com\\\/pt\\\/midas-continua-a-expandir-e-vai-abrir-em-braga\\\/#primaryimage\"},\"thumbnailUrl\":\"https:\\\/\\\/jornaldasoficinas.com\\\/pt\\\/wp-content\\\/uploads\\\/2022\\\/12\\\/MIDAS-continua-a-expandir-e-vai-abrir-em-Braga-2.png\",\"keywords\":[\"Braga\",\"Expans\u00e3o da marca\",\"Midas\",\"Rede Midas\",\"Regime de franquia\"],\"articleSection\":[\"Empresas\"],\"inLanguage\":\"pt-PT\"},{\"@type\":\"WebPage\",\"@id\":\"https:\\\/\\\/jornaldasoficinas.com\\\/pt\\\/midas-continua-a-expandir-e-vai-abrir-em-braga\\\/\",\"url\":\"https:\\\/\\\/jornaldasoficinas.com\\\/pt\\\/midas-continua-a-expandir-e-vai-abrir-em-braga\\\/\",\"name\":\"MIDAS continua a expandir e vai abrir em Braga - Jornal das Oficinas\",\"isPartOf\":{\"@id\":\"https:\\\/\\\/jornaldasoficinas.com\\\/pt\\\/#website\"},\"primaryImageOfPage\":{\"@id\":\"https:\\\/\\\/jornaldasoficinas.com\\\/pt\\\/midas-continua-a-expandir-e-vai-abrir-em-braga\\\/#primaryimage\"},\"image\":{\"@id\":\"https:\\\/\\\/jornaldasoficinas.com\\\/pt\\\/midas-continua-a-expandir-e-vai-abrir-em-braga\\\/#primaryimage\"},\"thumbnailUrl\":\"https:\\\/\\\/jornaldasoficinas.com\\\/pt\\\/wp-content\\\/uploads\\\/2022\\\/12\\\/MIDAS-continua-a-expandir-e-vai-abrir-em-Braga-2.png\",\"datePublished\":\"2022-12-16T08:00:15+00:00\",\"description\":\"A MIDAS deu mais um passo na dire\u00e7\u00e3o do plano estrat\u00e9gico de expans\u00e3o da marca, e assina o seu segundo contrato de franquia\",\"breadcrumb\":{\"@id\":\"https:\\\/\\\/jornaldasoficinas.com\\\/pt\\\/midas-continua-a-expandir-e-vai-abrir-em-braga\\\/#breadcrumb\"},\"inLanguage\":\"pt-PT\",\"potentialAction\":[{\"@type\":\"ReadAction\",\"target\":[\"https:\\\/\\\/jornaldasoficinas.com\\\/pt\\\/midas-continua-a-expandir-e-vai-abrir-em-braga\\\/\"]}]},{\"@type\":\"ImageObject\",\"inLanguage\":\"pt-PT\",\"@id\":\"https:\\\/\\\/jornaldasoficinas.com\\\/pt\\\/midas-continua-a-expandir-e-vai-abrir-em-braga\\\/#primaryimage\",\"url\":\"https:\\\/\\\/jornaldasoficinas.com\\\/pt\\\/wp-content\\\/uploads\\\/2022\\\/12\\\/MIDAS-continua-a-expandir-e-vai-abrir-em-Braga-2.png\",\"contentUrl\":\"https:\\\/\\\/jornaldasoficinas.com\\\/pt\\\/wp-content\\\/uploads\\\/2022\\\/12\\\/MIDAS-continua-a-expandir-e-vai-abrir-em-Braga-2.png\",\"width\":1024,\"height\":581,\"caption\":\"12 - MIDAS continua a expandir e vai abrir em Braga 2\"},{\"@type\":\"BreadcrumbList\",\"@id\":\"https:\\\/\\\/jornaldasoficinas.com\\\/pt\\\/midas-continua-a-expandir-e-vai-abrir-em-braga\\\/#breadcrumb\",\"itemListElement\":[{\"@type\":\"ListItem\",\"position\":1,\"name\":\"In\u00edcio\",\"item\":\"https:\\\/\\\/jornaldasoficinas.com\\\/pt\\\/\"},{\"@type\":\"ListItem\",\"position\":2,\"name\":\"MIDAS continua a expandir e vai abrir em Braga\"}]},{\"@type\":\"WebSite\",\"@id\":\"https:\\\/\\\/jornaldasoficinas.com\\\/pt\\\/#website\",\"url\":\"https:\\\/\\\/jornaldasoficinas.com\\\/pt\\\/\",\"name\":\"Jornal das Oficinas\",\"description\":\"Jornal independente do Aftermarket Autom\u00f3vel em Portugal\",\"publisher\":{\"@id\":\"https:\\\/\\\/jornaldasoficinas.com\\\/pt\\\/#organization\"},\"potentialAction\":[{\"@type\":\"SearchAction\",\"target\":{\"@type\":\"EntryPoint\",\"urlTemplate\":\"https:\\\/\\\/jornaldasoficinas.com\\\/pt\\\/?s={search_term_string}\"},\"query-input\":{\"@type\":\"PropertyValueSpecification\",\"valueRequired\":true,\"valueName\":\"search_term_string\"}}],\"inLanguage\":\"pt-PT\"},{\"@type\":\"Organization\",\"@id\":\"https:\\\/\\\/jornaldasoficinas.com\\\/pt\\\/#organization\",\"name\":\"Jornal das Oficinas\",\"url\":\"https:\\\/\\\/jornaldasoficinas.com\\\/pt\\\/\",\"logo\":{\"@type\":\"ImageObject\",\"inLanguage\":\"pt-PT\",\"@id\":\"https:\\\/\\\/jornaldasoficinas.com\\\/pt\\\/#\\\/schema\\\/logo\\\/image\\\/\",\"url\":\"https:\\\/\\\/jornaldasoficinas.com\\\/pt\\\/wp-content\\\/uploads\\\/logoJO-SEO.png\",\"contentUrl\":\"https:\\\/\\\/jornaldasoficinas.com\\\/pt\\\/wp-content\\\/uploads\\\/logoJO-SEO.png\",\"width\":285,\"height\":450,\"caption\":\"Jornal das Oficinas\"},\"image\":{\"@id\":\"https:\\\/\\\/jornaldasoficinas.com\\\/pt\\\/#\\\/schema\\\/logo\\\/image\\\/\"},\"sameAs\":[\"https:\\\/\\\/www.facebook.com\\\/jornaloficinas\",\"https:\\\/\\\/x.com\\\/jornaloficinas\",\"https:\\\/\\\/www.instagram.com\\\/jornal_oficinas\\\/\",\"https:\\\/\\\/www.linkedin.com\\\/company\\\/jornal-das-oficinas\\\/\",\"https:\\\/\\\/www.youtube.com\\\/channel\\\/UCbQZBqtcvV-oSQrr7RzINGg\"]},{\"@type\":\"Person\",\"@id\":\"https:\\\/\\\/jornaldasoficinas.com\\\/pt\\\/#\\\/schema\\\/person\\\/a38eef5de2c41d9e7c9ac10141afddf3\",\"name\":\"Reda\u00e7\u00e3o JO\",\"image\":{\"@type\":\"ImageObject\",\"inLanguage\":\"pt-PT\",\"@id\":\"https:\\\/\\\/secure.gravatar.com\\\/avatar\\\/71f2fa71737ad68a84fea94bc708ddac8ea5b0c4788dc2ad202f3ccb2887742f?s=96&d=wp_user_avatar&r=g\",\"url\":\"https:\\\/\\\/secure.gravatar.com\\\/avatar\\\/71f2fa71737ad68a84fea94bc708ddac8ea5b0c4788dc2ad202f3ccb2887742f?s=96&d=wp_user_avatar&r=g\",\"contentUrl\":\"https:\\\/\\\/secure.gravatar.com\\\/avatar\\\/71f2fa71737ad68a84fea94bc708ddac8ea5b0c4788dc2ad202f3ccb2887742f?s=96&d=wp_user_avatar&r=g\",\"caption\":\"Reda\u00e7\u00e3o JO\"},\"url\":\"https:\\\/\\\/jornaldasoficinas.com\\\/pt\\\/author\\\/joredacao\\\/\"}]}<\/script>\n<!-- \/ Yoast SEO plugin. -->","yoast_head_json":{"title":"MIDAS continua a expandir e vai abrir em Braga - Jornal das Oficinas","description":"A MIDAS deu mais um passo na dire\u00e7\u00e3o do plano estrat\u00e9gico de expans\u00e3o da marca, e assina o seu segundo contrato de franquia","robots":{"index":"index","follow":"follow","max-snippet":"max-snippet:-1","max-image-preview":"max-image-preview:large","max-video-preview":"max-video-preview:-1"},"canonical":"https:\/\/jornaldasoficinas.com\/pt\/midas-continua-a-expandir-e-vai-abrir-em-braga\/","og_locale":"pt_PT","og_type":"article","og_title":"MIDAS continua a expandir e vai abrir em Braga - Jornal das Oficinas","og_description":"A MIDAS deu mais um passo na dire\u00e7\u00e3o do plano estrat\u00e9gico de expans\u00e3o da marca, e assina o seu segundo contrato de franquia","og_url":"https:\/\/jornaldasoficinas.com\/pt\/midas-continua-a-expandir-e-vai-abrir-em-braga\/","og_site_name":"Jornal das Oficinas","article_publisher":"https:\/\/www.facebook.com\/jornaloficinas","article_published_time":"2022-12-16T08:00:15+00:00","og_image":[{"width":1024,"height":581,"url":"https:\/\/jornaldasoficinas.com\/pt\/wp-content\/uploads\/2022\/12\/MIDAS-continua-a-expandir-e-vai-abrir-em-Braga-2.png","type":"image\/png"}],"author":"Reda\u00e7\u00e3o JO","twitter_card":"summary_large_image","twitter_creator":"@jornaloficinas","twitter_site":"@jornaloficinas","twitter_misc":{"Escrito por":"Reda\u00e7\u00e3o JO","Tempo estimado de leitura":"2 minutos"},"schema":{"@context":"https:\/\/schema.org","@graph":[{"@type":"Article","@id":"https:\/\/jornaldasoficinas.com\/pt\/midas-continua-a-expandir-e-vai-abrir-em-braga\/#article","isPartOf":{"@id":"https:\/\/jornaldasoficinas.com\/pt\/midas-continua-a-expandir-e-vai-abrir-em-braga\/"},"author":{"name":"Reda\u00e7\u00e3o JO","@id":"https:\/\/jornaldasoficinas.com\/pt\/#\/schema\/person\/a38eef5de2c41d9e7c9ac10141afddf3"},"headline":"MIDAS continua a expandir e vai abrir em Braga","datePublished":"2022-12-16T08:00:15+00:00","mainEntityOfPage":{"@id":"https:\/\/jornaldasoficinas.com\/pt\/midas-continua-a-expandir-e-vai-abrir-em-braga\/"},"wordCount":449,"publisher":{"@id":"https:\/\/jornaldasoficinas.com\/pt\/#organization"},"image":{"@id":"https:\/\/jornaldasoficinas.com\/pt\/midas-continua-a-expandir-e-vai-abrir-em-braga\/#primaryimage"},"thumbnailUrl":"https:\/\/jornaldasoficinas.com\/pt\/wp-content\/uploads\/2022\/12\/MIDAS-continua-a-expandir-e-vai-abrir-em-Braga-2.png","keywords":["Braga","Expans\u00e3o da marca","Midas","Rede Midas","Regime de franquia"],"articleSection":["Empresas"],"inLanguage":"pt-PT"},{"@type":"WebPage","@id":"https:\/\/jornaldasoficinas.com\/pt\/midas-continua-a-expandir-e-vai-abrir-em-braga\/","url":"https:\/\/jornaldasoficinas.com\/pt\/midas-continua-a-expandir-e-vai-abrir-em-braga\/","name":"MIDAS continua a expandir e vai abrir em Braga - Jornal das Oficinas","isPartOf":{"@id":"https:\/\/jornaldasoficinas.com\/pt\/#website"},"primaryImageOfPage":{"@id":"https:\/\/jornaldasoficinas.com\/pt\/midas-continua-a-expandir-e-vai-abrir-em-braga\/#primaryimage"},"image":{"@id":"https:\/\/jornaldasoficinas.com\/pt\/midas-continua-a-expandir-e-vai-abrir-em-braga\/#primaryimage"},"thumbnailUrl":"https:\/\/jornaldasoficinas.com\/pt\/wp-content\/uploads\/2022\/12\/MIDAS-continua-a-expandir-e-vai-abrir-em-Braga-2.png","datePublished":"2022-12-16T08:00:15+00:00","description":"A MIDAS deu mais um passo na dire\u00e7\u00e3o do plano estrat\u00e9gico de expans\u00e3o da marca, e assina o seu segundo contrato de franquia","breadcrumb":{"@id":"https:\/\/jornaldasoficinas.com\/pt\/midas-continua-a-expandir-e-vai-abrir-em-braga\/#breadcrumb"},"inLanguage":"pt-PT","potentialAction":[{"@type":"ReadAction","target":["https:\/\/jornaldasoficinas.com\/pt\/midas-continua-a-expandir-e-vai-abrir-em-braga\/"]}]},{"@type":"ImageObject","inLanguage":"pt-PT","@id":"https:\/\/jornaldasoficinas.com\/pt\/midas-continua-a-expandir-e-vai-abrir-em-braga\/#primaryimage","url":"https:\/\/jornaldasoficinas.com\/pt\/wp-content\/uploads\/2022\/12\/MIDAS-continua-a-expandir-e-vai-abrir-em-Braga-2.png","contentUrl":"https:\/\/jornaldasoficinas.com\/pt\/wp-content\/uploads\/2022\/12\/MIDAS-continua-a-expandir-e-vai-abrir-em-Braga-2.png","width":1024,"height":581,"caption":"12 - MIDAS continua a expandir e vai abrir em Braga 2"},{"@type":"BreadcrumbList","@id":"https:\/\/jornaldasoficinas.com\/pt\/midas-continua-a-expandir-e-vai-abrir-em-braga\/#breadcrumb","itemListElement":[{"@type":"ListItem","position":1,"name":"In\u00edcio","item":"https:\/\/jornaldasoficinas.com\/pt\/"},{"@type":"ListItem","position":2,"name":"MIDAS continua a expandir e vai abrir em Braga"}]},{"@type":"WebSite","@id":"https:\/\/jornaldasoficinas.com\/pt\/#website","url":"https:\/\/jornaldasoficinas.com\/pt\/","name":"Jornal das Oficinas","description":"Jornal independente do Aftermarket Autom\u00f3vel em Portugal","publisher":{"@id":"https:\/\/jornaldasoficinas.com\/pt\/#organization"},"potentialAction":[{"@type":"SearchAction","target":{"@type":"EntryPoint","urlTemplate":"https:\/\/jornaldasoficinas.com\/pt\/?s={search_term_string}"},"query-input":{"@type":"PropertyValueSpecification","valueRequired":true,"valueName":"search_term_string"}}],"inLanguage":"pt-PT"},{"@type":"Organization","@id":"https:\/\/jornaldasoficinas.com\/pt\/#organization","name":"Jornal das Oficinas","url":"https:\/\/jornaldasoficinas.com\/pt\/","logo":{"@type":"ImageObject","inLanguage":"pt-PT","@id":"https:\/\/jornaldasoficinas.com\/pt\/#\/schema\/logo\/image\/","url":"https:\/\/jornaldasoficinas.com\/pt\/wp-content\/uploads\/logoJO-SEO.png","contentUrl":"https:\/\/jornaldasoficinas.com\/pt\/wp-content\/uploads\/logoJO-SEO.png","width":285,"height":450,"caption":"Jornal das Oficinas"},"image":{"@id":"https:\/\/jornaldasoficinas.com\/pt\/#\/schema\/logo\/image\/"},"sameAs":["https:\/\/www.facebook.com\/jornaloficinas","https:\/\/x.com\/jornaloficinas","https:\/\/www.instagram.com\/jornal_oficinas\/","https:\/\/www.linkedin.com\/company\/jornal-das-oficinas\/","https:\/\/www.youtube.com\/channel\/UCbQZBqtcvV-oSQrr7RzINGg"]},{"@type":"Person","@id":"https:\/\/jornaldasoficinas.com\/pt\/#\/schema\/person\/a38eef5de2c41d9e7c9ac10141afddf3","name":"Reda\u00e7\u00e3o JO","image":{"@type":"ImageObject","inLanguage":"pt-PT","@id":"https:\/\/secure.gravatar.com\/avatar\/71f2fa71737ad68a84fea94bc708ddac8ea5b0c4788dc2ad202f3ccb2887742f?s=96&d=wp_user_avatar&r=g","url":"https:\/\/secure.gravatar.com\/avatar\/71f2fa71737ad68a84fea94bc708ddac8ea5b0c4788dc2ad202f3ccb2887742f?s=96&d=wp_user_avatar&r=g","contentUrl":"https:\/\/secure.gravatar.com\/avatar\/71f2fa71737ad68a84fea94bc708ddac8ea5b0c4788dc2ad202f3ccb2887742f?s=96&d=wp_user_avatar&r=g","caption":"Reda\u00e7\u00e3o JO"},"url":"https:\/\/jornaldasoficinas.com\/pt\/author\/joredacao\/"}]}},"_links":{"self":[{"href":"https:\/\/jornaldasoficinas.com\/pt\/wp-json\/wp\/v2\/posts\/35539","targetHints":{"allow":["GET"]}}],"collection":[{"href":"https:\/\/jornaldasoficinas.com\/pt\/wp-json\/wp\/v2\/posts"}],"about":[{"href":"https:\/\/jornaldasoficinas.com\/pt\/wp-json\/wp\/v2\/types\/post"}],"author":[{"embeddable":true,"href":"https:\/\/jornaldasoficinas.com\/pt\/wp-json\/wp\/v2\/users\/15"}],"replies":[{"embeddable":true,"href":"https:\/\/jornaldasoficinas.com\/pt\/wp-json\/wp\/v2\/comments?post=35539"}],"version-history":[{"count":0,"href":"https:\/\/jornaldasoficinas.com\/pt\/wp-json\/wp\/v2\/posts\/35539\/revisions"}],"wp:featuredmedia":[{"embeddable":true,"href":"https:\/\/jornaldasoficinas.com\/pt\/wp-json\/wp\/v2\/media\/35517"}],"wp:attachment":[{"href":"https:\/\/jornaldasoficinas.com\/pt\/wp-json\/wp\/v2\/media?parent=35539"}],"wp:term":[{"taxonomy":"category","embeddable":true,"href":"https:\/\/jornaldasoficinas.com\/pt\/wp-json\/wp\/v2\/categories?post=35539"},{"taxonomy":"post_tag","embeddable":true,"href":"https:\/\/jornaldasoficinas.com\/pt\/wp-json\/wp\/v2\/tags?post=35539"}],"curies":[{"name":"wp","href":"https:\/\/api.w.org\/{rel}","templated":true}]}}