{"id":35611,"date":"2022-12-19T14:00:32","date_gmt":"2022-12-19T14:00:32","guid":{"rendered":"https:\/\/jornaldasoficinas.com\/pt\/?p=35611"},"modified":"2023-07-20T16:10:54","modified_gmt":"2023-07-20T15:10:54","slug":"cojali-marcou-presenca-no-parts-service-world-2022","status":"publish","type":"post","link":"https:\/\/jornaldasoficinas.com\/pt\/cojali-marcou-presenca-no-parts-service-world-2022\/","title":{"rendered":"Cojali marcou presen\u00e7a no Parts &#038; Service World 2022"},"content":{"rendered":"<p><img loading=\"lazy\" decoding=\"async\" class=\"alignnone size-full wp-image-35597\" src=\"https:\/\/jornaldasoficinas.com\/pt\/wp-content\/uploads\/2022\/12\/Cojali-marcou-presenca-no-Parts-Service-World-2022.jpeg\" alt=\"12 - Cojali marcou presenca no Parts Service World 2022\" width=\"1024\" height=\"581\" srcset=\"https:\/\/jornaldasoficinas.com\/pt\/wp-content\/uploads\/2022\/12\/Cojali-marcou-presenca-no-Parts-Service-World-2022.jpeg 1024w, https:\/\/jornaldasoficinas.com\/pt\/wp-content\/uploads\/2022\/12\/Cojali-marcou-presenca-no-Parts-Service-World-2022-300x170.jpeg 300w, https:\/\/jornaldasoficinas.com\/pt\/wp-content\/uploads\/2022\/12\/Cojali-marcou-presenca-no-Parts-Service-World-2022-150x85.jpeg 150w, https:\/\/jornaldasoficinas.com\/pt\/wp-content\/uploads\/2022\/12\/Cojali-marcou-presenca-no-Parts-Service-World-2022-768x436.jpeg 768w\" sizes=\"auto, (max-width: 1024px) 100vw, 1024px\" \/><\/p>\n<p><strong>A <a href=\"https:\/\/www.cojali.com\/pt\/\" target=\"_blank\" rel=\"noopener\">Cojali<\/a> apresentou as suas solu\u00e7\u00f5es tecnol\u00f3gicas para maquinaria agr\u00edcola no Parts &amp; Service World 2022, um evento organizado pela <a href=\"https:\/\/www.google.com\/url?sa=t&amp;rct=j&amp;q=&amp;esrc=s&amp;source=web&amp;cd=&amp;cad=rja&amp;uact=8&amp;ved=2ahUKEwjblvPNuIj8AhUPUaQEHfY8A3sQFnoECA0QAQ&amp;url=https%3A%2F%2Fwww.granit-parts.com%2F&amp;usg=AOvVaw2nWkNrunSzXUsfdp23eP9Q\">GRANIT PARTS<\/a> e <a href=\"https:\/\/www.google.com\/url?sa=t&amp;rct=j&amp;q=&amp;esrc=s&amp;source=web&amp;cd=&amp;cad=rja&amp;uact=8&amp;ved=2ahUKEwi2s9jWuIj8AhW_UaQEHZ-GAAEQFnoECAsQAQ&amp;url=https%3A%2F%2Fat-agrartechnik.de%2Fen%2F&amp;usg=AOvVaw1DZWY8N88qrk6oik2Wlg1s\">AGRARTECHNIK<\/a>, que decorreu em Kassel (Alemanha), entre os dias 25 e 27 de novembro<\/strong><\/p>\n<p>Durante o evento, reuniram-se distribuidores, fornecedores e oficinas mec\u00e2nicas do setor, interessados em conhecer as novas tend\u00eancias em tecnologia para maquinaria agr\u00edcola, maquinaria de constru\u00e7\u00e3o e equipamento de oficina, entre outros.<\/p>\n<p>Muitos deles visitaram o stand da Cojali, para conhecer em primeira m\u00e3o, as capacidades da ferramenta multimarca Jaltest Diagnostics aplicada a maquinaria agr\u00edcola. Durante tr\u00eas dias, foram realizadas in\u00fameras demonstra\u00e7\u00f5es, que geraram grande interesse entre os assistentes.<\/p>\n<p>Mas se o stand da Cojali se destacou por algo, como aconteceu em eventos anteriores ao longo deste ano, foi pela apresenta\u00e7\u00e3o de Jaltest ISOBUS Control, a solu\u00e7\u00e3o para a digitaliza\u00e7\u00e3o de todo o tipo de maquinaria agr\u00edcola, que garante a compatibilidade entre os implementos agr\u00edcolas e o trator, independentemente do fabricante, com o objetivo de obter o m\u00e1ximo desempenho para administrar, com sucesso e conforto, um neg\u00f3cio produtivo, eficiente e adaptado \u00e0s novas tecnologias e exig\u00eancias ambientais.<\/p>\n<p>A Parts &amp; Service World reconheceu a capacidade inovadora desta solu\u00e7\u00e3o ao atribuir o pr\u00e9mio na categoria &#8220;Digitaliza\u00e7\u00e3o e controlo de aplica\u00e7\u00f5es&#8221;, na edi\u00e7\u00e3o dos Pr\u00e9mios de Inova\u00e7\u00e3o 2022 a Jaltest i-Connect, o \u00fanico terminal ISOBUS sem fio do mercado. Este fato, somado \u00e0s atraentes demonstra\u00e7\u00f5es da solu\u00e7\u00e3o realizadas em cen\u00e1rios reais atrav\u00e9s de um carro de simula\u00e7\u00e3o, conseguiu colocar o stand da Cojali como um dos pontos de encontro mais significativos da feira.<\/p>\n<p>Gonzalo L\u00f3pez, diretor de Vendas e Desenvolvimento de Neg\u00f3cios de Jaltest ISOBUS Control, destacou &#8220;na Cojali apostamos sempre pela inova\u00e7\u00e3o e digitaliza\u00e7\u00e3o em maquinaria agr\u00edcola&#8221; admitindo ainda \u201ceste pr\u00e9mio motiva-nos ainda para continuar a avan\u00e7ar nesta linha, junto com os nossos parceiros e clientes\u201d.<\/p>\n<p>Por sua vez, Jos\u00e9 Manuel Guill\u00e9n, Diretor de Vendas da Jaltest Solutions na Europa Central, mostrou-se muito satisfeito com a recep\u00e7\u00e3o das solu\u00e7\u00f5es de Cojali entre os visitantes e indicou que &#8220;tanto Jaltest Diagnostics, como Jaltest ISOBUS Control, receberam um feedback muito positivo, por isso esperamos um 2023 de muito sucesso.\u201d<\/p>\n<p>Por \u00faltimo, ambos quiseram agradecer \u00e0 GRANIT PARTS, distribuidora de Jaltest Solutions na Alemanha e organizadora do evento, pela grande hospitalidade e firme compromisso com as solu\u00e7\u00f5es tecnol\u00f3gicas de Cojali para maquinaria agr\u00edcola ao longo de toda a sua trajet\u00f3ria.<\/p>\n","protected":false},"excerpt":{"rendered":"<p>A Cojali apresentou as suas solu\u00e7\u00f5es&#8230;<\/p>\n","protected":false},"author":15,"featured_media":35597,"comment_status":"closed","ping_status":"closed","sticky":false,"template":"","format":"standard","meta":{"footnotes":""},"categories":[29],"tags":[3426,229,3429,3425,3427,3428,3424],"class_list":["post-35611","post","type-post","status-publish","format-standard","has-post-thumbnail","hentry","category-empresas","tag-agrartechnik","tag-cojali","tag-equipamento-de-oficina","tag-granit-parts","tag-maquinaria-agricola","tag-maquinaria-de-construcao","tag-parts-service-world-2022"],"yoast_head":"<!-- This site is optimized with the Yoast SEO plugin v27.5 - https:\/\/yoast.com\/product\/yoast-seo-wordpress\/ -->\n<title>Cojali marcou presen\u00e7a no Parts &amp; Service World 2022 - Jornal das Oficinas<\/title>\n<meta name=\"description\" content=\"A Cojali apresentou as suas solu\u00e7\u00f5es tecnol\u00f3gicas no Parts &amp; Service World 2022, organizado pela GRANIT PARTS e AGRARTECHNIK\" \/>\n<meta name=\"robots\" content=\"index, follow, max-snippet:-1, max-image-preview:large, max-video-preview:-1\" \/>\n<link rel=\"canonical\" href=\"https:\/\/jornaldasoficinas.com\/pt\/cojali-marcou-presenca-no-parts-service-world-2022\/\" \/>\n<meta property=\"og:locale\" content=\"pt_PT\" \/>\n<meta property=\"og:type\" content=\"article\" \/>\n<meta property=\"og:title\" content=\"Cojali marcou presen\u00e7a no Parts &amp; Service World 2022 - Jornal das Oficinas\" \/>\n<meta property=\"og:description\" content=\"A Cojali apresentou as suas solu\u00e7\u00f5es tecnol\u00f3gicas no Parts &amp; Service World 2022, organizado pela GRANIT PARTS e AGRARTECHNIK\" \/>\n<meta property=\"og:url\" content=\"https:\/\/jornaldasoficinas.com\/pt\/cojali-marcou-presenca-no-parts-service-world-2022\/\" \/>\n<meta property=\"og:site_name\" content=\"Jornal das Oficinas\" \/>\n<meta property=\"article:publisher\" content=\"https:\/\/www.facebook.com\/jornaloficinas\" \/>\n<meta property=\"article:published_time\" content=\"2022-12-19T14:00:32+00:00\" \/>\n<meta property=\"article:modified_time\" content=\"2023-07-20T15:10:54+00:00\" \/>\n<meta property=\"og:image\" content=\"https:\/\/jornaldasoficinas.com\/pt\/wp-content\/uploads\/2022\/12\/Cojali-marcou-presenca-no-Parts-Service-World-2022.jpeg\" \/>\n\t<meta property=\"og:image:width\" content=\"1024\" \/>\n\t<meta property=\"og:image:height\" content=\"581\" \/>\n\t<meta property=\"og:image:type\" content=\"image\/jpeg\" \/>\n<meta name=\"author\" content=\"Reda\u00e7\u00e3o JO\" \/>\n<meta name=\"twitter:card\" content=\"summary_large_image\" \/>\n<meta name=\"twitter:creator\" content=\"@jornaloficinas\" \/>\n<meta name=\"twitter:site\" content=\"@jornaloficinas\" \/>\n<meta name=\"twitter:label1\" content=\"Escrito por\" \/>\n\t<meta name=\"twitter:data1\" content=\"Reda\u00e7\u00e3o JO\" \/>\n\t<meta name=\"twitter:label2\" content=\"Tempo estimado de leitura\" \/>\n\t<meta name=\"twitter:data2\" content=\"2 minutos\" \/>\n<script type=\"application\/ld+json\" class=\"yoast-schema-graph\">{\"@context\":\"https:\\\/\\\/schema.org\",\"@graph\":[{\"@type\":\"Article\",\"@id\":\"https:\\\/\\\/jornaldasoficinas.com\\\/pt\\\/cojali-marcou-presenca-no-parts-service-world-2022\\\/#article\",\"isPartOf\":{\"@id\":\"https:\\\/\\\/jornaldasoficinas.com\\\/pt\\\/cojali-marcou-presenca-no-parts-service-world-2022\\\/\"},\"author\":{\"name\":\"Reda\u00e7\u00e3o JO\",\"@id\":\"https:\\\/\\\/jornaldasoficinas.com\\\/pt\\\/#\\\/schema\\\/person\\\/a38eef5de2c41d9e7c9ac10141afddf3\"},\"headline\":\"Cojali marcou presen\u00e7a no Parts &#038; Service World 2022\",\"datePublished\":\"2022-12-19T14:00:32+00:00\",\"dateModified\":\"2023-07-20T15:10:54+00:00\",\"mainEntityOfPage\":{\"@id\":\"https:\\\/\\\/jornaldasoficinas.com\\\/pt\\\/cojali-marcou-presenca-no-parts-service-world-2022\\\/\"},\"wordCount\":440,\"publisher\":{\"@id\":\"https:\\\/\\\/jornaldasoficinas.com\\\/pt\\\/#organization\"},\"image\":{\"@id\":\"https:\\\/\\\/jornaldasoficinas.com\\\/pt\\\/cojali-marcou-presenca-no-parts-service-world-2022\\\/#primaryimage\"},\"thumbnailUrl\":\"https:\\\/\\\/jornaldasoficinas.com\\\/pt\\\/wp-content\\\/uploads\\\/2022\\\/12\\\/Cojali-marcou-presenca-no-Parts-Service-World-2022.jpeg\",\"keywords\":[\"AGRARTECHNIK\",\"Cojali\",\"Equipamento de oficina\",\"GRANIT PARTS\",\"Maquinaria agr\u00edcola\",\"Maquinaria de constru\u00e7\u00e3o\",\"Parts &amp; Service World 2022\"],\"articleSection\":[\"Empresas\"],\"inLanguage\":\"pt-PT\"},{\"@type\":\"WebPage\",\"@id\":\"https:\\\/\\\/jornaldasoficinas.com\\\/pt\\\/cojali-marcou-presenca-no-parts-service-world-2022\\\/\",\"url\":\"https:\\\/\\\/jornaldasoficinas.com\\\/pt\\\/cojali-marcou-presenca-no-parts-service-world-2022\\\/\",\"name\":\"Cojali marcou presen\u00e7a no Parts & Service World 2022 - Jornal das Oficinas\",\"isPartOf\":{\"@id\":\"https:\\\/\\\/jornaldasoficinas.com\\\/pt\\\/#website\"},\"primaryImageOfPage\":{\"@id\":\"https:\\\/\\\/jornaldasoficinas.com\\\/pt\\\/cojali-marcou-presenca-no-parts-service-world-2022\\\/#primaryimage\"},\"image\":{\"@id\":\"https:\\\/\\\/jornaldasoficinas.com\\\/pt\\\/cojali-marcou-presenca-no-parts-service-world-2022\\\/#primaryimage\"},\"thumbnailUrl\":\"https:\\\/\\\/jornaldasoficinas.com\\\/pt\\\/wp-content\\\/uploads\\\/2022\\\/12\\\/Cojali-marcou-presenca-no-Parts-Service-World-2022.jpeg\",\"datePublished\":\"2022-12-19T14:00:32+00:00\",\"dateModified\":\"2023-07-20T15:10:54+00:00\",\"description\":\"A Cojali apresentou as suas solu\u00e7\u00f5es tecnol\u00f3gicas no Parts & Service World 2022, organizado pela GRANIT PARTS e AGRARTECHNIK\",\"breadcrumb\":{\"@id\":\"https:\\\/\\\/jornaldasoficinas.com\\\/pt\\\/cojali-marcou-presenca-no-parts-service-world-2022\\\/#breadcrumb\"},\"inLanguage\":\"pt-PT\",\"potentialAction\":[{\"@type\":\"ReadAction\",\"target\":[\"https:\\\/\\\/jornaldasoficinas.com\\\/pt\\\/cojali-marcou-presenca-no-parts-service-world-2022\\\/\"]}]},{\"@type\":\"ImageObject\",\"inLanguage\":\"pt-PT\",\"@id\":\"https:\\\/\\\/jornaldasoficinas.com\\\/pt\\\/cojali-marcou-presenca-no-parts-service-world-2022\\\/#primaryimage\",\"url\":\"https:\\\/\\\/jornaldasoficinas.com\\\/pt\\\/wp-content\\\/uploads\\\/2022\\\/12\\\/Cojali-marcou-presenca-no-Parts-Service-World-2022.jpeg\",\"contentUrl\":\"https:\\\/\\\/jornaldasoficinas.com\\\/pt\\\/wp-content\\\/uploads\\\/2022\\\/12\\\/Cojali-marcou-presenca-no-Parts-Service-World-2022.jpeg\",\"width\":1024,\"height\":581,\"caption\":\"12 - Cojali marcou presenca no Parts Service World 2022\"},{\"@type\":\"BreadcrumbList\",\"@id\":\"https:\\\/\\\/jornaldasoficinas.com\\\/pt\\\/cojali-marcou-presenca-no-parts-service-world-2022\\\/#breadcrumb\",\"itemListElement\":[{\"@type\":\"ListItem\",\"position\":1,\"name\":\"In\u00edcio\",\"item\":\"https:\\\/\\\/jornaldasoficinas.com\\\/pt\\\/\"},{\"@type\":\"ListItem\",\"position\":2,\"name\":\"Cojali marcou presen\u00e7a no Parts &#038; Service World 2022\"}]},{\"@type\":\"WebSite\",\"@id\":\"https:\\\/\\\/jornaldasoficinas.com\\\/pt\\\/#website\",\"url\":\"https:\\\/\\\/jornaldasoficinas.com\\\/pt\\\/\",\"name\":\"Jornal das Oficinas\",\"description\":\"Jornal independente do Aftermarket Autom\u00f3vel em Portugal\",\"publisher\":{\"@id\":\"https:\\\/\\\/jornaldasoficinas.com\\\/pt\\\/#organization\"},\"potentialAction\":[{\"@type\":\"SearchAction\",\"target\":{\"@type\":\"EntryPoint\",\"urlTemplate\":\"https:\\\/\\\/jornaldasoficinas.com\\\/pt\\\/?s={search_term_string}\"},\"query-input\":{\"@type\":\"PropertyValueSpecification\",\"valueRequired\":true,\"valueName\":\"search_term_string\"}}],\"inLanguage\":\"pt-PT\"},{\"@type\":\"Organization\",\"@id\":\"https:\\\/\\\/jornaldasoficinas.com\\\/pt\\\/#organization\",\"name\":\"Jornal das Oficinas\",\"url\":\"https:\\\/\\\/jornaldasoficinas.com\\\/pt\\\/\",\"logo\":{\"@type\":\"ImageObject\",\"inLanguage\":\"pt-PT\",\"@id\":\"https:\\\/\\\/jornaldasoficinas.com\\\/pt\\\/#\\\/schema\\\/logo\\\/image\\\/\",\"url\":\"https:\\\/\\\/jornaldasoficinas.com\\\/pt\\\/wp-content\\\/uploads\\\/logoJO-SEO.png\",\"contentUrl\":\"https:\\\/\\\/jornaldasoficinas.com\\\/pt\\\/wp-content\\\/uploads\\\/logoJO-SEO.png\",\"width\":285,\"height\":450,\"caption\":\"Jornal das Oficinas\"},\"image\":{\"@id\":\"https:\\\/\\\/jornaldasoficinas.com\\\/pt\\\/#\\\/schema\\\/logo\\\/image\\\/\"},\"sameAs\":[\"https:\\\/\\\/www.facebook.com\\\/jornaloficinas\",\"https:\\\/\\\/x.com\\\/jornaloficinas\",\"https:\\\/\\\/www.instagram.com\\\/jornal_oficinas\\\/\",\"https:\\\/\\\/www.linkedin.com\\\/company\\\/jornal-das-oficinas\\\/\",\"https:\\\/\\\/www.youtube.com\\\/channel\\\/UCbQZBqtcvV-oSQrr7RzINGg\"]},{\"@type\":\"Person\",\"@id\":\"https:\\\/\\\/jornaldasoficinas.com\\\/pt\\\/#\\\/schema\\\/person\\\/a38eef5de2c41d9e7c9ac10141afddf3\",\"name\":\"Reda\u00e7\u00e3o JO\",\"image\":{\"@type\":\"ImageObject\",\"inLanguage\":\"pt-PT\",\"@id\":\"https:\\\/\\\/secure.gravatar.com\\\/avatar\\\/71f2fa71737ad68a84fea94bc708ddac8ea5b0c4788dc2ad202f3ccb2887742f?s=96&d=wp_user_avatar&r=g\",\"url\":\"https:\\\/\\\/secure.gravatar.com\\\/avatar\\\/71f2fa71737ad68a84fea94bc708ddac8ea5b0c4788dc2ad202f3ccb2887742f?s=96&d=wp_user_avatar&r=g\",\"contentUrl\":\"https:\\\/\\\/secure.gravatar.com\\\/avatar\\\/71f2fa71737ad68a84fea94bc708ddac8ea5b0c4788dc2ad202f3ccb2887742f?s=96&d=wp_user_avatar&r=g\",\"caption\":\"Reda\u00e7\u00e3o JO\"},\"url\":\"https:\\\/\\\/jornaldasoficinas.com\\\/pt\\\/author\\\/joredacao\\\/\"}]}<\/script>\n<!-- \/ Yoast SEO plugin. -->","yoast_head_json":{"title":"Cojali marcou presen\u00e7a no Parts & Service World 2022 - Jornal das Oficinas","description":"A Cojali apresentou as suas solu\u00e7\u00f5es tecnol\u00f3gicas no Parts & Service World 2022, organizado pela GRANIT PARTS e AGRARTECHNIK","robots":{"index":"index","follow":"follow","max-snippet":"max-snippet:-1","max-image-preview":"max-image-preview:large","max-video-preview":"max-video-preview:-1"},"canonical":"https:\/\/jornaldasoficinas.com\/pt\/cojali-marcou-presenca-no-parts-service-world-2022\/","og_locale":"pt_PT","og_type":"article","og_title":"Cojali marcou presen\u00e7a no Parts & Service World 2022 - Jornal das Oficinas","og_description":"A Cojali apresentou as suas solu\u00e7\u00f5es tecnol\u00f3gicas no Parts & Service World 2022, organizado pela GRANIT PARTS e AGRARTECHNIK","og_url":"https:\/\/jornaldasoficinas.com\/pt\/cojali-marcou-presenca-no-parts-service-world-2022\/","og_site_name":"Jornal das Oficinas","article_publisher":"https:\/\/www.facebook.com\/jornaloficinas","article_published_time":"2022-12-19T14:00:32+00:00","article_modified_time":"2023-07-20T15:10:54+00:00","og_image":[{"width":1024,"height":581,"url":"https:\/\/jornaldasoficinas.com\/pt\/wp-content\/uploads\/2022\/12\/Cojali-marcou-presenca-no-Parts-Service-World-2022.jpeg","type":"image\/jpeg"}],"author":"Reda\u00e7\u00e3o JO","twitter_card":"summary_large_image","twitter_creator":"@jornaloficinas","twitter_site":"@jornaloficinas","twitter_misc":{"Escrito por":"Reda\u00e7\u00e3o JO","Tempo estimado de leitura":"2 minutos"},"schema":{"@context":"https:\/\/schema.org","@graph":[{"@type":"Article","@id":"https:\/\/jornaldasoficinas.com\/pt\/cojali-marcou-presenca-no-parts-service-world-2022\/#article","isPartOf":{"@id":"https:\/\/jornaldasoficinas.com\/pt\/cojali-marcou-presenca-no-parts-service-world-2022\/"},"author":{"name":"Reda\u00e7\u00e3o JO","@id":"https:\/\/jornaldasoficinas.com\/pt\/#\/schema\/person\/a38eef5de2c41d9e7c9ac10141afddf3"},"headline":"Cojali marcou presen\u00e7a no Parts &#038; Service World 2022","datePublished":"2022-12-19T14:00:32+00:00","dateModified":"2023-07-20T15:10:54+00:00","mainEntityOfPage":{"@id":"https:\/\/jornaldasoficinas.com\/pt\/cojali-marcou-presenca-no-parts-service-world-2022\/"},"wordCount":440,"publisher":{"@id":"https:\/\/jornaldasoficinas.com\/pt\/#organization"},"image":{"@id":"https:\/\/jornaldasoficinas.com\/pt\/cojali-marcou-presenca-no-parts-service-world-2022\/#primaryimage"},"thumbnailUrl":"https:\/\/jornaldasoficinas.com\/pt\/wp-content\/uploads\/2022\/12\/Cojali-marcou-presenca-no-Parts-Service-World-2022.jpeg","keywords":["AGRARTECHNIK","Cojali","Equipamento de oficina","GRANIT PARTS","Maquinaria agr\u00edcola","Maquinaria de constru\u00e7\u00e3o","Parts &amp; Service World 2022"],"articleSection":["Empresas"],"inLanguage":"pt-PT"},{"@type":"WebPage","@id":"https:\/\/jornaldasoficinas.com\/pt\/cojali-marcou-presenca-no-parts-service-world-2022\/","url":"https:\/\/jornaldasoficinas.com\/pt\/cojali-marcou-presenca-no-parts-service-world-2022\/","name":"Cojali marcou presen\u00e7a no Parts & Service World 2022 - Jornal das Oficinas","isPartOf":{"@id":"https:\/\/jornaldasoficinas.com\/pt\/#website"},"primaryImageOfPage":{"@id":"https:\/\/jornaldasoficinas.com\/pt\/cojali-marcou-presenca-no-parts-service-world-2022\/#primaryimage"},"image":{"@id":"https:\/\/jornaldasoficinas.com\/pt\/cojali-marcou-presenca-no-parts-service-world-2022\/#primaryimage"},"thumbnailUrl":"https:\/\/jornaldasoficinas.com\/pt\/wp-content\/uploads\/2022\/12\/Cojali-marcou-presenca-no-Parts-Service-World-2022.jpeg","datePublished":"2022-12-19T14:00:32+00:00","dateModified":"2023-07-20T15:10:54+00:00","description":"A Cojali apresentou as suas solu\u00e7\u00f5es tecnol\u00f3gicas no Parts & Service World 2022, organizado pela GRANIT PARTS e AGRARTECHNIK","breadcrumb":{"@id":"https:\/\/jornaldasoficinas.com\/pt\/cojali-marcou-presenca-no-parts-service-world-2022\/#breadcrumb"},"inLanguage":"pt-PT","potentialAction":[{"@type":"ReadAction","target":["https:\/\/jornaldasoficinas.com\/pt\/cojali-marcou-presenca-no-parts-service-world-2022\/"]}]},{"@type":"ImageObject","inLanguage":"pt-PT","@id":"https:\/\/jornaldasoficinas.com\/pt\/cojali-marcou-presenca-no-parts-service-world-2022\/#primaryimage","url":"https:\/\/jornaldasoficinas.com\/pt\/wp-content\/uploads\/2022\/12\/Cojali-marcou-presenca-no-Parts-Service-World-2022.jpeg","contentUrl":"https:\/\/jornaldasoficinas.com\/pt\/wp-content\/uploads\/2022\/12\/Cojali-marcou-presenca-no-Parts-Service-World-2022.jpeg","width":1024,"height":581,"caption":"12 - Cojali marcou presenca no Parts Service World 2022"},{"@type":"BreadcrumbList","@id":"https:\/\/jornaldasoficinas.com\/pt\/cojali-marcou-presenca-no-parts-service-world-2022\/#breadcrumb","itemListElement":[{"@type":"ListItem","position":1,"name":"In\u00edcio","item":"https:\/\/jornaldasoficinas.com\/pt\/"},{"@type":"ListItem","position":2,"name":"Cojali marcou presen\u00e7a no Parts &#038; Service World 2022"}]},{"@type":"WebSite","@id":"https:\/\/jornaldasoficinas.com\/pt\/#website","url":"https:\/\/jornaldasoficinas.com\/pt\/","name":"Jornal das Oficinas","description":"Jornal independente do Aftermarket Autom\u00f3vel em Portugal","publisher":{"@id":"https:\/\/jornaldasoficinas.com\/pt\/#organization"},"potentialAction":[{"@type":"SearchAction","target":{"@type":"EntryPoint","urlTemplate":"https:\/\/jornaldasoficinas.com\/pt\/?s={search_term_string}"},"query-input":{"@type":"PropertyValueSpecification","valueRequired":true,"valueName":"search_term_string"}}],"inLanguage":"pt-PT"},{"@type":"Organization","@id":"https:\/\/jornaldasoficinas.com\/pt\/#organization","name":"Jornal das Oficinas","url":"https:\/\/jornaldasoficinas.com\/pt\/","logo":{"@type":"ImageObject","inLanguage":"pt-PT","@id":"https:\/\/jornaldasoficinas.com\/pt\/#\/schema\/logo\/image\/","url":"https:\/\/jornaldasoficinas.com\/pt\/wp-content\/uploads\/logoJO-SEO.png","contentUrl":"https:\/\/jornaldasoficinas.com\/pt\/wp-content\/uploads\/logoJO-SEO.png","width":285,"height":450,"caption":"Jornal das Oficinas"},"image":{"@id":"https:\/\/jornaldasoficinas.com\/pt\/#\/schema\/logo\/image\/"},"sameAs":["https:\/\/www.facebook.com\/jornaloficinas","https:\/\/x.com\/jornaloficinas","https:\/\/www.instagram.com\/jornal_oficinas\/","https:\/\/www.linkedin.com\/company\/jornal-das-oficinas\/","https:\/\/www.youtube.com\/channel\/UCbQZBqtcvV-oSQrr7RzINGg"]},{"@type":"Person","@id":"https:\/\/jornaldasoficinas.com\/pt\/#\/schema\/person\/a38eef5de2c41d9e7c9ac10141afddf3","name":"Reda\u00e7\u00e3o JO","image":{"@type":"ImageObject","inLanguage":"pt-PT","@id":"https:\/\/secure.gravatar.com\/avatar\/71f2fa71737ad68a84fea94bc708ddac8ea5b0c4788dc2ad202f3ccb2887742f?s=96&d=wp_user_avatar&r=g","url":"https:\/\/secure.gravatar.com\/avatar\/71f2fa71737ad68a84fea94bc708ddac8ea5b0c4788dc2ad202f3ccb2887742f?s=96&d=wp_user_avatar&r=g","contentUrl":"https:\/\/secure.gravatar.com\/avatar\/71f2fa71737ad68a84fea94bc708ddac8ea5b0c4788dc2ad202f3ccb2887742f?s=96&d=wp_user_avatar&r=g","caption":"Reda\u00e7\u00e3o JO"},"url":"https:\/\/jornaldasoficinas.com\/pt\/author\/joredacao\/"}]}},"_links":{"self":[{"href":"https:\/\/jornaldasoficinas.com\/pt\/wp-json\/wp\/v2\/posts\/35611","targetHints":{"allow":["GET"]}}],"collection":[{"href":"https:\/\/jornaldasoficinas.com\/pt\/wp-json\/wp\/v2\/posts"}],"about":[{"href":"https:\/\/jornaldasoficinas.com\/pt\/wp-json\/wp\/v2\/types\/post"}],"author":[{"embeddable":true,"href":"https:\/\/jornaldasoficinas.com\/pt\/wp-json\/wp\/v2\/users\/15"}],"replies":[{"embeddable":true,"href":"https:\/\/jornaldasoficinas.com\/pt\/wp-json\/wp\/v2\/comments?post=35611"}],"version-history":[{"count":0,"href":"https:\/\/jornaldasoficinas.com\/pt\/wp-json\/wp\/v2\/posts\/35611\/revisions"}],"wp:featuredmedia":[{"embeddable":true,"href":"https:\/\/jornaldasoficinas.com\/pt\/wp-json\/wp\/v2\/media\/35597"}],"wp:attachment":[{"href":"https:\/\/jornaldasoficinas.com\/pt\/wp-json\/wp\/v2\/media?parent=35611"}],"wp:term":[{"taxonomy":"category","embeddable":true,"href":"https:\/\/jornaldasoficinas.com\/pt\/wp-json\/wp\/v2\/categories?post=35611"},{"taxonomy":"post_tag","embeddable":true,"href":"https:\/\/jornaldasoficinas.com\/pt\/wp-json\/wp\/v2\/tags?post=35611"}],"curies":[{"name":"wp","href":"https:\/\/api.w.org\/{rel}","templated":true}]}}