{"id":35615,"date":"2022-12-19T16:00:49","date_gmt":"2022-12-19T16:00:49","guid":{"rendered":"https:\/\/jornaldasoficinas.com\/pt\/?p=35615"},"modified":"2022-12-20T15:17:48","modified_gmt":"2022-12-20T15:17:48","slug":"denso-conquista-distincao-a-list-pela-cdp","status":"publish","type":"post","link":"https:\/\/jornaldasoficinas.com\/pt\/denso-conquista-distincao-a-list-pela-cdp\/","title":{"rendered":"DENSO conquista distin\u00e7\u00e3o \u201cA-List\u201d pela CDP"},"content":{"rendered":"<p><img loading=\"lazy\" decoding=\"async\" class=\"alignnone size-full wp-image-35599\" src=\"https:\/\/jornaldasoficinas.com\/pt\/wp-content\/uploads\/2022\/12\/DENSO-conquista-distincao-A-List-pela-CDP.png\" alt=\"12 - DENSO conquista distincao A List pela CDP\" width=\"1024\" height=\"581\" srcset=\"https:\/\/jornaldasoficinas.com\/pt\/wp-content\/uploads\/2022\/12\/DENSO-conquista-distincao-A-List-pela-CDP.png 1024w, https:\/\/jornaldasoficinas.com\/pt\/wp-content\/uploads\/2022\/12\/DENSO-conquista-distincao-A-List-pela-CDP-300x170.png 300w, https:\/\/jornaldasoficinas.com\/pt\/wp-content\/uploads\/2022\/12\/DENSO-conquista-distincao-A-List-pela-CDP-150x85.png 150w, https:\/\/jornaldasoficinas.com\/pt\/wp-content\/uploads\/2022\/12\/DENSO-conquista-distincao-A-List-pela-CDP-768x436.png 768w\" sizes=\"auto, (max-width: 1024px) 100vw, 1024px\" \/><\/p>\n<p><strong>A <a href=\"https:\/\/www.denso.com\/pt\/pt\/\" target=\"_blank\" rel=\"noopener\">DENSO Corporation<\/a>, foi selecionada como uma empresa &#8220;A-List&#8221;, na avalia\u00e7\u00e3o de iniciativas ambientais conduzidas pela organiza\u00e7\u00e3o internacional sem fins lucrativos CDP. Esta distin\u00e7\u00e3o surgiu,\u00a0 pelos seus excelentes esfor\u00e7os nas \u00e1reas de mudan\u00e7a clim\u00e1tica e seguran\u00e7a h\u00eddrica, bem como divulga\u00e7\u00e3o de informa\u00e7\u00f5es<\/strong><\/p>\n<p>Na sua pol\u00edtica de longo prazo para 2030, a DENSO integrou o princ\u00edpio de \u201cTrazer esperan\u00e7a para o futuro do nosso planeta, sociedade e todas as pessoas\u201d e est\u00e1 a acelerar a sua gest\u00e3o de sustentabilidade para maximizar o valor que fornece nas \u00e1reas de \u201cGreen &#8221; e &#8220;Paz de esp\u00edrito&#8221;.<\/p>\n<p>Especificamente, na \u00e1rea de &#8220;Verde&#8221;, em apoio aos esfor\u00e7os globais para reduzir os impactos ambientais, a DENSO visa alcan\u00e7ar a neutralidade carb\u00f3nica nas suas atividades produtivas at\u00e9 2035, bem antes de 2050, meta estabelecida pelo governo japon\u00eas. A DENSO tamb\u00e9m promove iniciativas nas tr\u00eas \u00e1reas de &#8220;Monozukuri (manufatura)&#8221;, &#8220;Produtos de mobilidade&#8221; e &#8220;Uso de energia&#8221; para realizar uma sociedade neutra em carbono.<\/p>\n<p>A DENSO acredita que os seus esfor\u00e7os multifacetados contribu\u00edram para a sua sele\u00e7\u00e3o para a &#8220;A-List&#8221;. Como fabricante, que pode consumir muita energia, a DENSO h\u00e1 muito que est\u00e1 comprometida em reduzir o seu impacto ambiental em todas as suas atividades comerciais, incluindo desenvolvimento e produ\u00e7\u00e3o de produtos, para promover ambientes globais e comerciais sustent\u00e1veis.<\/p>\n<p>Em 2022, nas \u00e1reas de promo\u00e7\u00e3o de produtos e sistemas de mobilidade com alto desempenho ambiental e desenvolvimento de novas tecnologias para recuperar e reutilizar CO2, a DENSO tem vindo a utilizar o Green Innovation Fund da New Energy and Industrial Technology Development Organization (NEDO), uma corpora\u00e7\u00e3o nacional de pesquisa e desenvolvimento. A DENSO visa alcan\u00e7ar o crescimento e a expans\u00e3o sustent\u00e1vel dos neg\u00f3cios e contribuir para abordar quest\u00f5es ambientais cada vez maiores.<\/p>\n<p>Al\u00e9m disso, a DENSO implementou uma ampla gama de medidas, incluindo a promo\u00e7\u00e3o de atividades ambientais em toda a sua cadeia de suprimentos e a introdu\u00e7\u00e3o de iniciativas ambientais, sociais e de governan\u00e7a (ESG) em resposta aos crescentes interesses p\u00fablicos.<\/p>\n","protected":false},"excerpt":{"rendered":"<p>A DENSO Corporation, foi selecionada como&#8230;<\/p>\n","protected":false},"author":15,"featured_media":35599,"comment_status":"closed","ping_status":"closed","sticky":false,"template":"","format":"standard","meta":{"footnotes":""},"categories":[29],"tags":[1356,3430,1767],"class_list":["post-35615","post","type-post","status-publish","format-standard","has-post-thumbnail","hentry","category-empresas","tag-denso","tag-iniciativas-ambientais","tag-sustentabilidade"],"yoast_head":"<!-- This site is optimized with the Yoast SEO plugin v27.5 - https:\/\/yoast.com\/product\/yoast-seo-wordpress\/ -->\n<title>DENSO conquista distin\u00e7\u00e3o \u201cA-List\u201d pela CDP - Jornal das Oficinas<\/title>\n<meta name=\"description\" content=\"A DENSO Corporation, foi selecionada como uma empresa &quot;A-List&quot;, na avalia\u00e7\u00e3o de iniciativas ambientais conduzidas pela CDP\" \/>\n<meta name=\"robots\" content=\"index, follow, max-snippet:-1, max-image-preview:large, max-video-preview:-1\" \/>\n<link rel=\"canonical\" href=\"https:\/\/jornaldasoficinas.com\/pt\/denso-conquista-distincao-a-list-pela-cdp\/\" \/>\n<meta property=\"og:locale\" content=\"pt_PT\" \/>\n<meta property=\"og:type\" content=\"article\" \/>\n<meta property=\"og:title\" content=\"DENSO conquista distin\u00e7\u00e3o \u201cA-List\u201d pela CDP - Jornal das Oficinas\" \/>\n<meta property=\"og:description\" content=\"A DENSO Corporation, foi selecionada como uma empresa &quot;A-List&quot;, na avalia\u00e7\u00e3o de iniciativas ambientais conduzidas pela CDP\" \/>\n<meta property=\"og:url\" content=\"https:\/\/jornaldasoficinas.com\/pt\/denso-conquista-distincao-a-list-pela-cdp\/\" \/>\n<meta property=\"og:site_name\" content=\"Jornal das Oficinas\" \/>\n<meta property=\"article:publisher\" content=\"https:\/\/www.facebook.com\/jornaloficinas\" \/>\n<meta property=\"article:published_time\" content=\"2022-12-19T16:00:49+00:00\" \/>\n<meta property=\"article:modified_time\" content=\"2022-12-20T15:17:48+00:00\" \/>\n<meta property=\"og:image\" content=\"https:\/\/jornaldasoficinas.com\/pt\/wp-content\/uploads\/2022\/12\/DENSO-conquista-distincao-A-List-pela-CDP.png\" \/>\n\t<meta property=\"og:image:width\" content=\"1024\" \/>\n\t<meta property=\"og:image:height\" content=\"581\" \/>\n\t<meta property=\"og:image:type\" content=\"image\/png\" \/>\n<meta name=\"author\" content=\"Reda\u00e7\u00e3o JO\" \/>\n<meta name=\"twitter:card\" content=\"summary_large_image\" \/>\n<meta name=\"twitter:creator\" content=\"@jornaloficinas\" \/>\n<meta name=\"twitter:site\" content=\"@jornaloficinas\" \/>\n<meta name=\"twitter:label1\" content=\"Escrito por\" \/>\n\t<meta name=\"twitter:data1\" content=\"Reda\u00e7\u00e3o JO\" \/>\n\t<meta name=\"twitter:label2\" content=\"Tempo estimado de leitura\" \/>\n\t<meta name=\"twitter:data2\" content=\"2 minutos\" \/>\n<script type=\"application\/ld+json\" class=\"yoast-schema-graph\">{\"@context\":\"https:\\\/\\\/schema.org\",\"@graph\":[{\"@type\":\"Article\",\"@id\":\"https:\\\/\\\/jornaldasoficinas.com\\\/pt\\\/denso-conquista-distincao-a-list-pela-cdp\\\/#article\",\"isPartOf\":{\"@id\":\"https:\\\/\\\/jornaldasoficinas.com\\\/pt\\\/denso-conquista-distincao-a-list-pela-cdp\\\/\"},\"author\":{\"name\":\"Reda\u00e7\u00e3o JO\",\"@id\":\"https:\\\/\\\/jornaldasoficinas.com\\\/pt\\\/#\\\/schema\\\/person\\\/a38eef5de2c41d9e7c9ac10141afddf3\"},\"headline\":\"DENSO conquista distin\u00e7\u00e3o \u201cA-List\u201d pela CDP\",\"datePublished\":\"2022-12-19T16:00:49+00:00\",\"dateModified\":\"2022-12-20T15:17:48+00:00\",\"mainEntityOfPage\":{\"@id\":\"https:\\\/\\\/jornaldasoficinas.com\\\/pt\\\/denso-conquista-distincao-a-list-pela-cdp\\\/\"},\"wordCount\":363,\"publisher\":{\"@id\":\"https:\\\/\\\/jornaldasoficinas.com\\\/pt\\\/#organization\"},\"image\":{\"@id\":\"https:\\\/\\\/jornaldasoficinas.com\\\/pt\\\/denso-conquista-distincao-a-list-pela-cdp\\\/#primaryimage\"},\"thumbnailUrl\":\"https:\\\/\\\/jornaldasoficinas.com\\\/pt\\\/wp-content\\\/uploads\\\/2022\\\/12\\\/DENSO-conquista-distincao-A-List-pela-CDP.png\",\"keywords\":[\"Denso\",\"Iniciativas ambientais\",\"Sustentabilidade\"],\"articleSection\":[\"Empresas\"],\"inLanguage\":\"pt-PT\"},{\"@type\":\"WebPage\",\"@id\":\"https:\\\/\\\/jornaldasoficinas.com\\\/pt\\\/denso-conquista-distincao-a-list-pela-cdp\\\/\",\"url\":\"https:\\\/\\\/jornaldasoficinas.com\\\/pt\\\/denso-conquista-distincao-a-list-pela-cdp\\\/\",\"name\":\"DENSO conquista distin\u00e7\u00e3o \u201cA-List\u201d pela CDP - Jornal das Oficinas\",\"isPartOf\":{\"@id\":\"https:\\\/\\\/jornaldasoficinas.com\\\/pt\\\/#website\"},\"primaryImageOfPage\":{\"@id\":\"https:\\\/\\\/jornaldasoficinas.com\\\/pt\\\/denso-conquista-distincao-a-list-pela-cdp\\\/#primaryimage\"},\"image\":{\"@id\":\"https:\\\/\\\/jornaldasoficinas.com\\\/pt\\\/denso-conquista-distincao-a-list-pela-cdp\\\/#primaryimage\"},\"thumbnailUrl\":\"https:\\\/\\\/jornaldasoficinas.com\\\/pt\\\/wp-content\\\/uploads\\\/2022\\\/12\\\/DENSO-conquista-distincao-A-List-pela-CDP.png\",\"datePublished\":\"2022-12-19T16:00:49+00:00\",\"dateModified\":\"2022-12-20T15:17:48+00:00\",\"description\":\"A DENSO Corporation, foi selecionada como uma empresa \\\"A-List\\\", na avalia\u00e7\u00e3o de iniciativas ambientais conduzidas pela CDP\",\"breadcrumb\":{\"@id\":\"https:\\\/\\\/jornaldasoficinas.com\\\/pt\\\/denso-conquista-distincao-a-list-pela-cdp\\\/#breadcrumb\"},\"inLanguage\":\"pt-PT\",\"potentialAction\":[{\"@type\":\"ReadAction\",\"target\":[\"https:\\\/\\\/jornaldasoficinas.com\\\/pt\\\/denso-conquista-distincao-a-list-pela-cdp\\\/\"]}]},{\"@type\":\"ImageObject\",\"inLanguage\":\"pt-PT\",\"@id\":\"https:\\\/\\\/jornaldasoficinas.com\\\/pt\\\/denso-conquista-distincao-a-list-pela-cdp\\\/#primaryimage\",\"url\":\"https:\\\/\\\/jornaldasoficinas.com\\\/pt\\\/wp-content\\\/uploads\\\/2022\\\/12\\\/DENSO-conquista-distincao-A-List-pela-CDP.png\",\"contentUrl\":\"https:\\\/\\\/jornaldasoficinas.com\\\/pt\\\/wp-content\\\/uploads\\\/2022\\\/12\\\/DENSO-conquista-distincao-A-List-pela-CDP.png\",\"width\":1024,\"height\":581,\"caption\":\"12 - DENSO conquista distincao A List pela CDP\"},{\"@type\":\"BreadcrumbList\",\"@id\":\"https:\\\/\\\/jornaldasoficinas.com\\\/pt\\\/denso-conquista-distincao-a-list-pela-cdp\\\/#breadcrumb\",\"itemListElement\":[{\"@type\":\"ListItem\",\"position\":1,\"name\":\"In\u00edcio\",\"item\":\"https:\\\/\\\/jornaldasoficinas.com\\\/pt\\\/\"},{\"@type\":\"ListItem\",\"position\":2,\"name\":\"DENSO conquista distin\u00e7\u00e3o \u201cA-List\u201d pela CDP\"}]},{\"@type\":\"WebSite\",\"@id\":\"https:\\\/\\\/jornaldasoficinas.com\\\/pt\\\/#website\",\"url\":\"https:\\\/\\\/jornaldasoficinas.com\\\/pt\\\/\",\"name\":\"Jornal das Oficinas\",\"description\":\"Jornal independente do Aftermarket Autom\u00f3vel em Portugal\",\"publisher\":{\"@id\":\"https:\\\/\\\/jornaldasoficinas.com\\\/pt\\\/#organization\"},\"potentialAction\":[{\"@type\":\"SearchAction\",\"target\":{\"@type\":\"EntryPoint\",\"urlTemplate\":\"https:\\\/\\\/jornaldasoficinas.com\\\/pt\\\/?s={search_term_string}\"},\"query-input\":{\"@type\":\"PropertyValueSpecification\",\"valueRequired\":true,\"valueName\":\"search_term_string\"}}],\"inLanguage\":\"pt-PT\"},{\"@type\":\"Organization\",\"@id\":\"https:\\\/\\\/jornaldasoficinas.com\\\/pt\\\/#organization\",\"name\":\"Jornal das Oficinas\",\"url\":\"https:\\\/\\\/jornaldasoficinas.com\\\/pt\\\/\",\"logo\":{\"@type\":\"ImageObject\",\"inLanguage\":\"pt-PT\",\"@id\":\"https:\\\/\\\/jornaldasoficinas.com\\\/pt\\\/#\\\/schema\\\/logo\\\/image\\\/\",\"url\":\"https:\\\/\\\/jornaldasoficinas.com\\\/pt\\\/wp-content\\\/uploads\\\/logoJO-SEO.png\",\"contentUrl\":\"https:\\\/\\\/jornaldasoficinas.com\\\/pt\\\/wp-content\\\/uploads\\\/logoJO-SEO.png\",\"width\":285,\"height\":450,\"caption\":\"Jornal das Oficinas\"},\"image\":{\"@id\":\"https:\\\/\\\/jornaldasoficinas.com\\\/pt\\\/#\\\/schema\\\/logo\\\/image\\\/\"},\"sameAs\":[\"https:\\\/\\\/www.facebook.com\\\/jornaloficinas\",\"https:\\\/\\\/x.com\\\/jornaloficinas\",\"https:\\\/\\\/www.instagram.com\\\/jornal_oficinas\\\/\",\"https:\\\/\\\/www.linkedin.com\\\/company\\\/jornal-das-oficinas\\\/\",\"https:\\\/\\\/www.youtube.com\\\/channel\\\/UCbQZBqtcvV-oSQrr7RzINGg\"]},{\"@type\":\"Person\",\"@id\":\"https:\\\/\\\/jornaldasoficinas.com\\\/pt\\\/#\\\/schema\\\/person\\\/a38eef5de2c41d9e7c9ac10141afddf3\",\"name\":\"Reda\u00e7\u00e3o JO\",\"image\":{\"@type\":\"ImageObject\",\"inLanguage\":\"pt-PT\",\"@id\":\"https:\\\/\\\/secure.gravatar.com\\\/avatar\\\/71f2fa71737ad68a84fea94bc708ddac8ea5b0c4788dc2ad202f3ccb2887742f?s=96&d=wp_user_avatar&r=g\",\"url\":\"https:\\\/\\\/secure.gravatar.com\\\/avatar\\\/71f2fa71737ad68a84fea94bc708ddac8ea5b0c4788dc2ad202f3ccb2887742f?s=96&d=wp_user_avatar&r=g\",\"contentUrl\":\"https:\\\/\\\/secure.gravatar.com\\\/avatar\\\/71f2fa71737ad68a84fea94bc708ddac8ea5b0c4788dc2ad202f3ccb2887742f?s=96&d=wp_user_avatar&r=g\",\"caption\":\"Reda\u00e7\u00e3o JO\"},\"url\":\"https:\\\/\\\/jornaldasoficinas.com\\\/pt\\\/author\\\/joredacao\\\/\"}]}<\/script>\n<!-- \/ Yoast SEO plugin. -->","yoast_head_json":{"title":"DENSO conquista distin\u00e7\u00e3o \u201cA-List\u201d pela CDP - Jornal das Oficinas","description":"A DENSO Corporation, foi selecionada como uma empresa \"A-List\", na avalia\u00e7\u00e3o de iniciativas ambientais conduzidas pela CDP","robots":{"index":"index","follow":"follow","max-snippet":"max-snippet:-1","max-image-preview":"max-image-preview:large","max-video-preview":"max-video-preview:-1"},"canonical":"https:\/\/jornaldasoficinas.com\/pt\/denso-conquista-distincao-a-list-pela-cdp\/","og_locale":"pt_PT","og_type":"article","og_title":"DENSO conquista distin\u00e7\u00e3o \u201cA-List\u201d pela CDP - Jornal das Oficinas","og_description":"A DENSO Corporation, foi selecionada como uma empresa \"A-List\", na avalia\u00e7\u00e3o de iniciativas ambientais conduzidas pela CDP","og_url":"https:\/\/jornaldasoficinas.com\/pt\/denso-conquista-distincao-a-list-pela-cdp\/","og_site_name":"Jornal das Oficinas","article_publisher":"https:\/\/www.facebook.com\/jornaloficinas","article_published_time":"2022-12-19T16:00:49+00:00","article_modified_time":"2022-12-20T15:17:48+00:00","og_image":[{"width":1024,"height":581,"url":"https:\/\/jornaldasoficinas.com\/pt\/wp-content\/uploads\/2022\/12\/DENSO-conquista-distincao-A-List-pela-CDP.png","type":"image\/png"}],"author":"Reda\u00e7\u00e3o JO","twitter_card":"summary_large_image","twitter_creator":"@jornaloficinas","twitter_site":"@jornaloficinas","twitter_misc":{"Escrito por":"Reda\u00e7\u00e3o JO","Tempo estimado de leitura":"2 minutos"},"schema":{"@context":"https:\/\/schema.org","@graph":[{"@type":"Article","@id":"https:\/\/jornaldasoficinas.com\/pt\/denso-conquista-distincao-a-list-pela-cdp\/#article","isPartOf":{"@id":"https:\/\/jornaldasoficinas.com\/pt\/denso-conquista-distincao-a-list-pela-cdp\/"},"author":{"name":"Reda\u00e7\u00e3o JO","@id":"https:\/\/jornaldasoficinas.com\/pt\/#\/schema\/person\/a38eef5de2c41d9e7c9ac10141afddf3"},"headline":"DENSO conquista distin\u00e7\u00e3o \u201cA-List\u201d pela CDP","datePublished":"2022-12-19T16:00:49+00:00","dateModified":"2022-12-20T15:17:48+00:00","mainEntityOfPage":{"@id":"https:\/\/jornaldasoficinas.com\/pt\/denso-conquista-distincao-a-list-pela-cdp\/"},"wordCount":363,"publisher":{"@id":"https:\/\/jornaldasoficinas.com\/pt\/#organization"},"image":{"@id":"https:\/\/jornaldasoficinas.com\/pt\/denso-conquista-distincao-a-list-pela-cdp\/#primaryimage"},"thumbnailUrl":"https:\/\/jornaldasoficinas.com\/pt\/wp-content\/uploads\/2022\/12\/DENSO-conquista-distincao-A-List-pela-CDP.png","keywords":["Denso","Iniciativas ambientais","Sustentabilidade"],"articleSection":["Empresas"],"inLanguage":"pt-PT"},{"@type":"WebPage","@id":"https:\/\/jornaldasoficinas.com\/pt\/denso-conquista-distincao-a-list-pela-cdp\/","url":"https:\/\/jornaldasoficinas.com\/pt\/denso-conquista-distincao-a-list-pela-cdp\/","name":"DENSO conquista distin\u00e7\u00e3o \u201cA-List\u201d pela CDP - Jornal das Oficinas","isPartOf":{"@id":"https:\/\/jornaldasoficinas.com\/pt\/#website"},"primaryImageOfPage":{"@id":"https:\/\/jornaldasoficinas.com\/pt\/denso-conquista-distincao-a-list-pela-cdp\/#primaryimage"},"image":{"@id":"https:\/\/jornaldasoficinas.com\/pt\/denso-conquista-distincao-a-list-pela-cdp\/#primaryimage"},"thumbnailUrl":"https:\/\/jornaldasoficinas.com\/pt\/wp-content\/uploads\/2022\/12\/DENSO-conquista-distincao-A-List-pela-CDP.png","datePublished":"2022-12-19T16:00:49+00:00","dateModified":"2022-12-20T15:17:48+00:00","description":"A DENSO Corporation, foi selecionada como uma empresa \"A-List\", na avalia\u00e7\u00e3o de iniciativas ambientais conduzidas pela CDP","breadcrumb":{"@id":"https:\/\/jornaldasoficinas.com\/pt\/denso-conquista-distincao-a-list-pela-cdp\/#breadcrumb"},"inLanguage":"pt-PT","potentialAction":[{"@type":"ReadAction","target":["https:\/\/jornaldasoficinas.com\/pt\/denso-conquista-distincao-a-list-pela-cdp\/"]}]},{"@type":"ImageObject","inLanguage":"pt-PT","@id":"https:\/\/jornaldasoficinas.com\/pt\/denso-conquista-distincao-a-list-pela-cdp\/#primaryimage","url":"https:\/\/jornaldasoficinas.com\/pt\/wp-content\/uploads\/2022\/12\/DENSO-conquista-distincao-A-List-pela-CDP.png","contentUrl":"https:\/\/jornaldasoficinas.com\/pt\/wp-content\/uploads\/2022\/12\/DENSO-conquista-distincao-A-List-pela-CDP.png","width":1024,"height":581,"caption":"12 - DENSO conquista distincao A List pela CDP"},{"@type":"BreadcrumbList","@id":"https:\/\/jornaldasoficinas.com\/pt\/denso-conquista-distincao-a-list-pela-cdp\/#breadcrumb","itemListElement":[{"@type":"ListItem","position":1,"name":"In\u00edcio","item":"https:\/\/jornaldasoficinas.com\/pt\/"},{"@type":"ListItem","position":2,"name":"DENSO conquista distin\u00e7\u00e3o \u201cA-List\u201d pela CDP"}]},{"@type":"WebSite","@id":"https:\/\/jornaldasoficinas.com\/pt\/#website","url":"https:\/\/jornaldasoficinas.com\/pt\/","name":"Jornal das Oficinas","description":"Jornal independente do Aftermarket Autom\u00f3vel em Portugal","publisher":{"@id":"https:\/\/jornaldasoficinas.com\/pt\/#organization"},"potentialAction":[{"@type":"SearchAction","target":{"@type":"EntryPoint","urlTemplate":"https:\/\/jornaldasoficinas.com\/pt\/?s={search_term_string}"},"query-input":{"@type":"PropertyValueSpecification","valueRequired":true,"valueName":"search_term_string"}}],"inLanguage":"pt-PT"},{"@type":"Organization","@id":"https:\/\/jornaldasoficinas.com\/pt\/#organization","name":"Jornal das Oficinas","url":"https:\/\/jornaldasoficinas.com\/pt\/","logo":{"@type":"ImageObject","inLanguage":"pt-PT","@id":"https:\/\/jornaldasoficinas.com\/pt\/#\/schema\/logo\/image\/","url":"https:\/\/jornaldasoficinas.com\/pt\/wp-content\/uploads\/logoJO-SEO.png","contentUrl":"https:\/\/jornaldasoficinas.com\/pt\/wp-content\/uploads\/logoJO-SEO.png","width":285,"height":450,"caption":"Jornal das Oficinas"},"image":{"@id":"https:\/\/jornaldasoficinas.com\/pt\/#\/schema\/logo\/image\/"},"sameAs":["https:\/\/www.facebook.com\/jornaloficinas","https:\/\/x.com\/jornaloficinas","https:\/\/www.instagram.com\/jornal_oficinas\/","https:\/\/www.linkedin.com\/company\/jornal-das-oficinas\/","https:\/\/www.youtube.com\/channel\/UCbQZBqtcvV-oSQrr7RzINGg"]},{"@type":"Person","@id":"https:\/\/jornaldasoficinas.com\/pt\/#\/schema\/person\/a38eef5de2c41d9e7c9ac10141afddf3","name":"Reda\u00e7\u00e3o JO","image":{"@type":"ImageObject","inLanguage":"pt-PT","@id":"https:\/\/secure.gravatar.com\/avatar\/71f2fa71737ad68a84fea94bc708ddac8ea5b0c4788dc2ad202f3ccb2887742f?s=96&d=wp_user_avatar&r=g","url":"https:\/\/secure.gravatar.com\/avatar\/71f2fa71737ad68a84fea94bc708ddac8ea5b0c4788dc2ad202f3ccb2887742f?s=96&d=wp_user_avatar&r=g","contentUrl":"https:\/\/secure.gravatar.com\/avatar\/71f2fa71737ad68a84fea94bc708ddac8ea5b0c4788dc2ad202f3ccb2887742f?s=96&d=wp_user_avatar&r=g","caption":"Reda\u00e7\u00e3o JO"},"url":"https:\/\/jornaldasoficinas.com\/pt\/author\/joredacao\/"}]}},"_links":{"self":[{"href":"https:\/\/jornaldasoficinas.com\/pt\/wp-json\/wp\/v2\/posts\/35615","targetHints":{"allow":["GET"]}}],"collection":[{"href":"https:\/\/jornaldasoficinas.com\/pt\/wp-json\/wp\/v2\/posts"}],"about":[{"href":"https:\/\/jornaldasoficinas.com\/pt\/wp-json\/wp\/v2\/types\/post"}],"author":[{"embeddable":true,"href":"https:\/\/jornaldasoficinas.com\/pt\/wp-json\/wp\/v2\/users\/15"}],"replies":[{"embeddable":true,"href":"https:\/\/jornaldasoficinas.com\/pt\/wp-json\/wp\/v2\/comments?post=35615"}],"version-history":[{"count":0,"href":"https:\/\/jornaldasoficinas.com\/pt\/wp-json\/wp\/v2\/posts\/35615\/revisions"}],"wp:featuredmedia":[{"embeddable":true,"href":"https:\/\/jornaldasoficinas.com\/pt\/wp-json\/wp\/v2\/media\/35599"}],"wp:attachment":[{"href":"https:\/\/jornaldasoficinas.com\/pt\/wp-json\/wp\/v2\/media?parent=35615"}],"wp:term":[{"taxonomy":"category","embeddable":true,"href":"https:\/\/jornaldasoficinas.com\/pt\/wp-json\/wp\/v2\/categories?post=35615"},{"taxonomy":"post_tag","embeddable":true,"href":"https:\/\/jornaldasoficinas.com\/pt\/wp-json\/wp\/v2\/tags?post=35615"}],"curies":[{"name":"wp","href":"https:\/\/api.w.org\/{rel}","templated":true}]}}