{"id":35617,"date":"2022-12-19T18:00:00","date_gmt":"2022-12-19T18:00:00","guid":{"rendered":"https:\/\/jornaldasoficinas.com\/pt\/?p=35617"},"modified":"2022-12-20T15:17:06","modified_gmt":"2022-12-20T15:17:06","slug":"jorge-artime-assume-posicao-head-of-aftermarket-da-zf","status":"publish","type":"post","link":"https:\/\/jornaldasoficinas.com\/pt\/jorge-artime-assume-posicao-head-of-aftermarket-da-zf\/","title":{"rendered":"Jorge Artime assume posi\u00e7\u00e3o Head of Aftermarket da ZF"},"content":{"rendered":"<p><img loading=\"lazy\" decoding=\"async\" class=\"alignnone size-full wp-image-35600\" src=\"https:\/\/jornaldasoficinas.com\/pt\/wp-content\/uploads\/2022\/12\/Jorge-Artime-assume-posicao-Head-of-Aftermarket-da-ZF-.jpg\" alt=\"12 - Jorge Artime assume posicao Head of Aftermarket da ZF \" width=\"1024\" height=\"581\" srcset=\"https:\/\/jornaldasoficinas.com\/pt\/wp-content\/uploads\/2022\/12\/Jorge-Artime-assume-posicao-Head-of-Aftermarket-da-ZF-.jpg 1024w, https:\/\/jornaldasoficinas.com\/pt\/wp-content\/uploads\/2022\/12\/Jorge-Artime-assume-posicao-Head-of-Aftermarket-da-ZF--300x170.jpg 300w, https:\/\/jornaldasoficinas.com\/pt\/wp-content\/uploads\/2022\/12\/Jorge-Artime-assume-posicao-Head-of-Aftermarket-da-ZF--150x85.jpg 150w, https:\/\/jornaldasoficinas.com\/pt\/wp-content\/uploads\/2022\/12\/Jorge-Artime-assume-posicao-Head-of-Aftermarket-da-ZF--768x436.jpg 768w\" sizes=\"auto, (max-width: 1024px) 100vw, 1024px\" \/><\/p>\n<p><strong>A <a href=\"https:\/\/aftermarket.zf.com\/ib\/pt\/portal-da-zf-aftermarket\/\" target=\"_blank\" rel=\"noopener\">ZF<\/a> nomeou Jorge Artime (55 anos) como novo Head of Aftermarket de Espanha e Portugal, que ser\u00e1 efetiva a partir de 1 de janeiro de 2023. A nomea\u00e7\u00e3o de Jorge Artime visa refor\u00e7ar, em Espanha e Portugal, uma das divis\u00f5es estrat\u00e9gicas da empresa, na sequ\u00eancia da integra\u00e7\u00e3o da WABCO no Grupo ZF<\/strong><\/p>\n<p>Jorge tem uma experi\u00eancia de mais de 30 anos no mercado de p\u00f3s-venda europeu, durante os quais adquiriu um profundo conhecimento, tanto do mercado como dos seus clientes. Em particular, vale a pena real\u00e7ar a sua experi\u00eancia na dire\u00e7\u00e3o de empresas l\u00edderes no setor da p\u00f3s-venda no mercado ib\u00e9rico, bem como noutros pa\u00edses, tanto no setor dos ve\u00edculos ligeiros como no setor dos ve\u00edculos comerciais, assim como no neg\u00f3cio dos fabricantes de cami\u00f5es e reboques, onde tamb\u00e9m desempenhou fun\u00e7\u00f5es de dire\u00e7\u00e3o na WABCO durante v\u00e1rios anos.<\/p>\n<p>Como salienta Juri Wagenleitner, respons\u00e1vel pela regi\u00e3o Europa da Divis\u00e3o Aftermarket da ZF: &#8220;A experi\u00eancia, as compet\u00eancias e a personalidade do Jorge fazem dele a pessoa ideal para trazer todas as capacidades da ZF Aftermarket aos nossos clientes no mercado ib\u00e9rico, ap\u00f3s a integra\u00e7\u00e3o da WABCO no Grupo ZF.O Jorge vai liderar uma equipa de especialistas bem estabelecidos no mercado, como H\u00e9ctor L\u00f3pez-Brea, Jos\u00e9 \u00c1ngel Pardo, Armando Esparza ou Pedro D\u00edaz, e continuar\u00e1 a colaborar estreitamente com os nossos l\u00edderes regionais, Javier Rodrigo e Philippe Ancelly. Tenho certeza de que os nossos clientes est\u00e3o em muito boas m\u00e3os\u201d.<\/p>\n<p>At\u00e9 agora, Jorge tem sido o respons\u00e1vel do aftermarket da WABCO para o mercado do Sul da Europa e \u00c1frica ocidental e depois de 24 anos na WABCO, onde desenvolveu diferentes posi\u00e7\u00f5es de lideran\u00e7a nas \u00e1reas da p\u00f3s-venda e do equipamento original, passa a liderar todo o neg\u00f3cio da ZF Aftermarket para o mercado ib\u00e9rico, gerindo todo o portf\u00f3lio de produtos, servi\u00e7os e solu\u00e7\u00f5es que a empresa comercializa sob as marcas ZF, Lemf\u00f6rder, Sachs, TRW e tamb\u00e9m WABCO.<\/p>\n","protected":false},"excerpt":{"rendered":"<p>A ZF nomeou Jorge Artime (55&#8230;<\/p>\n","protected":false},"author":15,"featured_media":35600,"comment_status":"closed","ping_status":"closed","sticky":false,"template":"","format":"standard","meta":{"footnotes":""},"categories":[29],"tags":[3464,3463,3432,3465,181],"class_list":["post-35617","post","type-post","status-publish","format-standard","has-post-thumbnail","hentry","category-empresas","tag-grupo-zf","tag-head-of-aftermarket","tag-jorge-artime","tag-novo-cargo","tag-zf-aftermarket"],"yoast_head":"<!-- This site is optimized with the Yoast SEO plugin v27.5 - https:\/\/yoast.com\/product\/yoast-seo-wordpress\/ -->\n<title>Jorge Artime assume posi\u00e7\u00e3o Head of Aftermarket da ZF - Jornal das Oficinas<\/title>\n<meta name=\"description\" content=\"A ZF nomeou Jorge Artime (55 anos) como novo Head of Aftermarket de Espanha e Portugal, que ser\u00e1 efetiva a partir de 1 de janeiro de 2023\" \/>\n<meta name=\"robots\" content=\"index, follow, max-snippet:-1, max-image-preview:large, max-video-preview:-1\" \/>\n<link rel=\"canonical\" href=\"https:\/\/jornaldasoficinas.com\/pt\/jorge-artime-assume-posicao-head-of-aftermarket-da-zf\/\" \/>\n<meta property=\"og:locale\" content=\"pt_PT\" \/>\n<meta property=\"og:type\" content=\"article\" \/>\n<meta property=\"og:title\" content=\"Jorge Artime assume posi\u00e7\u00e3o Head of Aftermarket da ZF - Jornal das Oficinas\" \/>\n<meta property=\"og:description\" content=\"A ZF nomeou Jorge Artime (55 anos) como novo Head of Aftermarket de Espanha e Portugal, que ser\u00e1 efetiva a partir de 1 de janeiro de 2023\" \/>\n<meta property=\"og:url\" content=\"https:\/\/jornaldasoficinas.com\/pt\/jorge-artime-assume-posicao-head-of-aftermarket-da-zf\/\" \/>\n<meta property=\"og:site_name\" content=\"Jornal das Oficinas\" \/>\n<meta property=\"article:publisher\" content=\"https:\/\/www.facebook.com\/jornaloficinas\" \/>\n<meta property=\"article:published_time\" content=\"2022-12-19T18:00:00+00:00\" \/>\n<meta property=\"article:modified_time\" content=\"2022-12-20T15:17:06+00:00\" \/>\n<meta property=\"og:image\" content=\"https:\/\/jornaldasoficinas.com\/pt\/wp-content\/uploads\/2022\/12\/Jorge-Artime-assume-posicao-Head-of-Aftermarket-da-ZF-.jpg\" \/>\n\t<meta property=\"og:image:width\" content=\"1024\" \/>\n\t<meta property=\"og:image:height\" content=\"581\" \/>\n\t<meta property=\"og:image:type\" content=\"image\/jpeg\" \/>\n<meta name=\"author\" content=\"Reda\u00e7\u00e3o JO\" \/>\n<meta name=\"twitter:card\" content=\"summary_large_image\" \/>\n<meta name=\"twitter:creator\" content=\"@jornaloficinas\" \/>\n<meta name=\"twitter:site\" content=\"@jornaloficinas\" \/>\n<meta name=\"twitter:label1\" content=\"Escrito por\" \/>\n\t<meta name=\"twitter:data1\" content=\"Reda\u00e7\u00e3o JO\" \/>\n\t<meta name=\"twitter:label2\" content=\"Tempo estimado de leitura\" \/>\n\t<meta name=\"twitter:data2\" content=\"2 minutos\" \/>\n<script type=\"application\/ld+json\" class=\"yoast-schema-graph\">{\"@context\":\"https:\\\/\\\/schema.org\",\"@graph\":[{\"@type\":\"Article\",\"@id\":\"https:\\\/\\\/jornaldasoficinas.com\\\/pt\\\/jorge-artime-assume-posicao-head-of-aftermarket-da-zf\\\/#article\",\"isPartOf\":{\"@id\":\"https:\\\/\\\/jornaldasoficinas.com\\\/pt\\\/jorge-artime-assume-posicao-head-of-aftermarket-da-zf\\\/\"},\"author\":{\"name\":\"Reda\u00e7\u00e3o JO\",\"@id\":\"https:\\\/\\\/jornaldasoficinas.com\\\/pt\\\/#\\\/schema\\\/person\\\/a38eef5de2c41d9e7c9ac10141afddf3\"},\"headline\":\"Jorge Artime assume posi\u00e7\u00e3o Head of Aftermarket da ZF\",\"datePublished\":\"2022-12-19T18:00:00+00:00\",\"dateModified\":\"2022-12-20T15:17:06+00:00\",\"mainEntityOfPage\":{\"@id\":\"https:\\\/\\\/jornaldasoficinas.com\\\/pt\\\/jorge-artime-assume-posicao-head-of-aftermarket-da-zf\\\/\"},\"wordCount\":369,\"publisher\":{\"@id\":\"https:\\\/\\\/jornaldasoficinas.com\\\/pt\\\/#organization\"},\"image\":{\"@id\":\"https:\\\/\\\/jornaldasoficinas.com\\\/pt\\\/jorge-artime-assume-posicao-head-of-aftermarket-da-zf\\\/#primaryimage\"},\"thumbnailUrl\":\"https:\\\/\\\/jornaldasoficinas.com\\\/pt\\\/wp-content\\\/uploads\\\/2022\\\/12\\\/Jorge-Artime-assume-posicao-Head-of-Aftermarket-da-ZF-.jpg\",\"keywords\":[\"Grupo ZF\",\"Head of Aftermarket\",\"Jorge Artime\",\"Novo Cargo\",\"ZF Aftermarket\"],\"articleSection\":[\"Empresas\"],\"inLanguage\":\"pt-PT\"},{\"@type\":\"WebPage\",\"@id\":\"https:\\\/\\\/jornaldasoficinas.com\\\/pt\\\/jorge-artime-assume-posicao-head-of-aftermarket-da-zf\\\/\",\"url\":\"https:\\\/\\\/jornaldasoficinas.com\\\/pt\\\/jorge-artime-assume-posicao-head-of-aftermarket-da-zf\\\/\",\"name\":\"Jorge Artime assume posi\u00e7\u00e3o Head of Aftermarket da ZF - Jornal das Oficinas\",\"isPartOf\":{\"@id\":\"https:\\\/\\\/jornaldasoficinas.com\\\/pt\\\/#website\"},\"primaryImageOfPage\":{\"@id\":\"https:\\\/\\\/jornaldasoficinas.com\\\/pt\\\/jorge-artime-assume-posicao-head-of-aftermarket-da-zf\\\/#primaryimage\"},\"image\":{\"@id\":\"https:\\\/\\\/jornaldasoficinas.com\\\/pt\\\/jorge-artime-assume-posicao-head-of-aftermarket-da-zf\\\/#primaryimage\"},\"thumbnailUrl\":\"https:\\\/\\\/jornaldasoficinas.com\\\/pt\\\/wp-content\\\/uploads\\\/2022\\\/12\\\/Jorge-Artime-assume-posicao-Head-of-Aftermarket-da-ZF-.jpg\",\"datePublished\":\"2022-12-19T18:00:00+00:00\",\"dateModified\":\"2022-12-20T15:17:06+00:00\",\"description\":\"A ZF nomeou Jorge Artime (55 anos) como novo Head of Aftermarket de Espanha e Portugal, que ser\u00e1 efetiva a partir de 1 de janeiro de 2023\",\"breadcrumb\":{\"@id\":\"https:\\\/\\\/jornaldasoficinas.com\\\/pt\\\/jorge-artime-assume-posicao-head-of-aftermarket-da-zf\\\/#breadcrumb\"},\"inLanguage\":\"pt-PT\",\"potentialAction\":[{\"@type\":\"ReadAction\",\"target\":[\"https:\\\/\\\/jornaldasoficinas.com\\\/pt\\\/jorge-artime-assume-posicao-head-of-aftermarket-da-zf\\\/\"]}]},{\"@type\":\"ImageObject\",\"inLanguage\":\"pt-PT\",\"@id\":\"https:\\\/\\\/jornaldasoficinas.com\\\/pt\\\/jorge-artime-assume-posicao-head-of-aftermarket-da-zf\\\/#primaryimage\",\"url\":\"https:\\\/\\\/jornaldasoficinas.com\\\/pt\\\/wp-content\\\/uploads\\\/2022\\\/12\\\/Jorge-Artime-assume-posicao-Head-of-Aftermarket-da-ZF-.jpg\",\"contentUrl\":\"https:\\\/\\\/jornaldasoficinas.com\\\/pt\\\/wp-content\\\/uploads\\\/2022\\\/12\\\/Jorge-Artime-assume-posicao-Head-of-Aftermarket-da-ZF-.jpg\",\"width\":1024,\"height\":581,\"caption\":\"12 - Jorge Artime assume posicao Head of Aftermarket da ZF\"},{\"@type\":\"BreadcrumbList\",\"@id\":\"https:\\\/\\\/jornaldasoficinas.com\\\/pt\\\/jorge-artime-assume-posicao-head-of-aftermarket-da-zf\\\/#breadcrumb\",\"itemListElement\":[{\"@type\":\"ListItem\",\"position\":1,\"name\":\"In\u00edcio\",\"item\":\"https:\\\/\\\/jornaldasoficinas.com\\\/pt\\\/\"},{\"@type\":\"ListItem\",\"position\":2,\"name\":\"Jorge Artime assume posi\u00e7\u00e3o Head of Aftermarket da ZF\"}]},{\"@type\":\"WebSite\",\"@id\":\"https:\\\/\\\/jornaldasoficinas.com\\\/pt\\\/#website\",\"url\":\"https:\\\/\\\/jornaldasoficinas.com\\\/pt\\\/\",\"name\":\"Jornal das Oficinas\",\"description\":\"Jornal independente do Aftermarket Autom\u00f3vel em Portugal\",\"publisher\":{\"@id\":\"https:\\\/\\\/jornaldasoficinas.com\\\/pt\\\/#organization\"},\"potentialAction\":[{\"@type\":\"SearchAction\",\"target\":{\"@type\":\"EntryPoint\",\"urlTemplate\":\"https:\\\/\\\/jornaldasoficinas.com\\\/pt\\\/?s={search_term_string}\"},\"query-input\":{\"@type\":\"PropertyValueSpecification\",\"valueRequired\":true,\"valueName\":\"search_term_string\"}}],\"inLanguage\":\"pt-PT\"},{\"@type\":\"Organization\",\"@id\":\"https:\\\/\\\/jornaldasoficinas.com\\\/pt\\\/#organization\",\"name\":\"Jornal das Oficinas\",\"url\":\"https:\\\/\\\/jornaldasoficinas.com\\\/pt\\\/\",\"logo\":{\"@type\":\"ImageObject\",\"inLanguage\":\"pt-PT\",\"@id\":\"https:\\\/\\\/jornaldasoficinas.com\\\/pt\\\/#\\\/schema\\\/logo\\\/image\\\/\",\"url\":\"https:\\\/\\\/jornaldasoficinas.com\\\/pt\\\/wp-content\\\/uploads\\\/logoJO-SEO.png\",\"contentUrl\":\"https:\\\/\\\/jornaldasoficinas.com\\\/pt\\\/wp-content\\\/uploads\\\/logoJO-SEO.png\",\"width\":285,\"height\":450,\"caption\":\"Jornal das Oficinas\"},\"image\":{\"@id\":\"https:\\\/\\\/jornaldasoficinas.com\\\/pt\\\/#\\\/schema\\\/logo\\\/image\\\/\"},\"sameAs\":[\"https:\\\/\\\/www.facebook.com\\\/jornaloficinas\",\"https:\\\/\\\/x.com\\\/jornaloficinas\",\"https:\\\/\\\/www.instagram.com\\\/jornal_oficinas\\\/\",\"https:\\\/\\\/www.linkedin.com\\\/company\\\/jornal-das-oficinas\\\/\",\"https:\\\/\\\/www.youtube.com\\\/channel\\\/UCbQZBqtcvV-oSQrr7RzINGg\"]},{\"@type\":\"Person\",\"@id\":\"https:\\\/\\\/jornaldasoficinas.com\\\/pt\\\/#\\\/schema\\\/person\\\/a38eef5de2c41d9e7c9ac10141afddf3\",\"name\":\"Reda\u00e7\u00e3o JO\",\"image\":{\"@type\":\"ImageObject\",\"inLanguage\":\"pt-PT\",\"@id\":\"https:\\\/\\\/secure.gravatar.com\\\/avatar\\\/71f2fa71737ad68a84fea94bc708ddac8ea5b0c4788dc2ad202f3ccb2887742f?s=96&d=wp_user_avatar&r=g\",\"url\":\"https:\\\/\\\/secure.gravatar.com\\\/avatar\\\/71f2fa71737ad68a84fea94bc708ddac8ea5b0c4788dc2ad202f3ccb2887742f?s=96&d=wp_user_avatar&r=g\",\"contentUrl\":\"https:\\\/\\\/secure.gravatar.com\\\/avatar\\\/71f2fa71737ad68a84fea94bc708ddac8ea5b0c4788dc2ad202f3ccb2887742f?s=96&d=wp_user_avatar&r=g\",\"caption\":\"Reda\u00e7\u00e3o JO\"},\"url\":\"https:\\\/\\\/jornaldasoficinas.com\\\/pt\\\/author\\\/joredacao\\\/\"}]}<\/script>\n<!-- \/ Yoast SEO plugin. -->","yoast_head_json":{"title":"Jorge Artime assume posi\u00e7\u00e3o Head of Aftermarket da ZF - Jornal das Oficinas","description":"A ZF nomeou Jorge Artime (55 anos) como novo Head of Aftermarket de Espanha e Portugal, que ser\u00e1 efetiva a partir de 1 de janeiro de 2023","robots":{"index":"index","follow":"follow","max-snippet":"max-snippet:-1","max-image-preview":"max-image-preview:large","max-video-preview":"max-video-preview:-1"},"canonical":"https:\/\/jornaldasoficinas.com\/pt\/jorge-artime-assume-posicao-head-of-aftermarket-da-zf\/","og_locale":"pt_PT","og_type":"article","og_title":"Jorge Artime assume posi\u00e7\u00e3o Head of Aftermarket da ZF - Jornal das Oficinas","og_description":"A ZF nomeou Jorge Artime (55 anos) como novo Head of Aftermarket de Espanha e Portugal, que ser\u00e1 efetiva a partir de 1 de janeiro de 2023","og_url":"https:\/\/jornaldasoficinas.com\/pt\/jorge-artime-assume-posicao-head-of-aftermarket-da-zf\/","og_site_name":"Jornal das Oficinas","article_publisher":"https:\/\/www.facebook.com\/jornaloficinas","article_published_time":"2022-12-19T18:00:00+00:00","article_modified_time":"2022-12-20T15:17:06+00:00","og_image":[{"width":1024,"height":581,"url":"https:\/\/jornaldasoficinas.com\/pt\/wp-content\/uploads\/2022\/12\/Jorge-Artime-assume-posicao-Head-of-Aftermarket-da-ZF-.jpg","type":"image\/jpeg"}],"author":"Reda\u00e7\u00e3o JO","twitter_card":"summary_large_image","twitter_creator":"@jornaloficinas","twitter_site":"@jornaloficinas","twitter_misc":{"Escrito por":"Reda\u00e7\u00e3o JO","Tempo estimado de leitura":"2 minutos"},"schema":{"@context":"https:\/\/schema.org","@graph":[{"@type":"Article","@id":"https:\/\/jornaldasoficinas.com\/pt\/jorge-artime-assume-posicao-head-of-aftermarket-da-zf\/#article","isPartOf":{"@id":"https:\/\/jornaldasoficinas.com\/pt\/jorge-artime-assume-posicao-head-of-aftermarket-da-zf\/"},"author":{"name":"Reda\u00e7\u00e3o JO","@id":"https:\/\/jornaldasoficinas.com\/pt\/#\/schema\/person\/a38eef5de2c41d9e7c9ac10141afddf3"},"headline":"Jorge Artime assume posi\u00e7\u00e3o Head of Aftermarket da ZF","datePublished":"2022-12-19T18:00:00+00:00","dateModified":"2022-12-20T15:17:06+00:00","mainEntityOfPage":{"@id":"https:\/\/jornaldasoficinas.com\/pt\/jorge-artime-assume-posicao-head-of-aftermarket-da-zf\/"},"wordCount":369,"publisher":{"@id":"https:\/\/jornaldasoficinas.com\/pt\/#organization"},"image":{"@id":"https:\/\/jornaldasoficinas.com\/pt\/jorge-artime-assume-posicao-head-of-aftermarket-da-zf\/#primaryimage"},"thumbnailUrl":"https:\/\/jornaldasoficinas.com\/pt\/wp-content\/uploads\/2022\/12\/Jorge-Artime-assume-posicao-Head-of-Aftermarket-da-ZF-.jpg","keywords":["Grupo ZF","Head of Aftermarket","Jorge Artime","Novo Cargo","ZF Aftermarket"],"articleSection":["Empresas"],"inLanguage":"pt-PT"},{"@type":"WebPage","@id":"https:\/\/jornaldasoficinas.com\/pt\/jorge-artime-assume-posicao-head-of-aftermarket-da-zf\/","url":"https:\/\/jornaldasoficinas.com\/pt\/jorge-artime-assume-posicao-head-of-aftermarket-da-zf\/","name":"Jorge Artime assume posi\u00e7\u00e3o Head of Aftermarket da ZF - Jornal das Oficinas","isPartOf":{"@id":"https:\/\/jornaldasoficinas.com\/pt\/#website"},"primaryImageOfPage":{"@id":"https:\/\/jornaldasoficinas.com\/pt\/jorge-artime-assume-posicao-head-of-aftermarket-da-zf\/#primaryimage"},"image":{"@id":"https:\/\/jornaldasoficinas.com\/pt\/jorge-artime-assume-posicao-head-of-aftermarket-da-zf\/#primaryimage"},"thumbnailUrl":"https:\/\/jornaldasoficinas.com\/pt\/wp-content\/uploads\/2022\/12\/Jorge-Artime-assume-posicao-Head-of-Aftermarket-da-ZF-.jpg","datePublished":"2022-12-19T18:00:00+00:00","dateModified":"2022-12-20T15:17:06+00:00","description":"A ZF nomeou Jorge Artime (55 anos) como novo Head of Aftermarket de Espanha e Portugal, que ser\u00e1 efetiva a partir de 1 de janeiro de 2023","breadcrumb":{"@id":"https:\/\/jornaldasoficinas.com\/pt\/jorge-artime-assume-posicao-head-of-aftermarket-da-zf\/#breadcrumb"},"inLanguage":"pt-PT","potentialAction":[{"@type":"ReadAction","target":["https:\/\/jornaldasoficinas.com\/pt\/jorge-artime-assume-posicao-head-of-aftermarket-da-zf\/"]}]},{"@type":"ImageObject","inLanguage":"pt-PT","@id":"https:\/\/jornaldasoficinas.com\/pt\/jorge-artime-assume-posicao-head-of-aftermarket-da-zf\/#primaryimage","url":"https:\/\/jornaldasoficinas.com\/pt\/wp-content\/uploads\/2022\/12\/Jorge-Artime-assume-posicao-Head-of-Aftermarket-da-ZF-.jpg","contentUrl":"https:\/\/jornaldasoficinas.com\/pt\/wp-content\/uploads\/2022\/12\/Jorge-Artime-assume-posicao-Head-of-Aftermarket-da-ZF-.jpg","width":1024,"height":581,"caption":"12 - Jorge Artime assume posicao Head of Aftermarket da ZF"},{"@type":"BreadcrumbList","@id":"https:\/\/jornaldasoficinas.com\/pt\/jorge-artime-assume-posicao-head-of-aftermarket-da-zf\/#breadcrumb","itemListElement":[{"@type":"ListItem","position":1,"name":"In\u00edcio","item":"https:\/\/jornaldasoficinas.com\/pt\/"},{"@type":"ListItem","position":2,"name":"Jorge Artime assume posi\u00e7\u00e3o Head of Aftermarket da ZF"}]},{"@type":"WebSite","@id":"https:\/\/jornaldasoficinas.com\/pt\/#website","url":"https:\/\/jornaldasoficinas.com\/pt\/","name":"Jornal das Oficinas","description":"Jornal independente do Aftermarket Autom\u00f3vel em Portugal","publisher":{"@id":"https:\/\/jornaldasoficinas.com\/pt\/#organization"},"potentialAction":[{"@type":"SearchAction","target":{"@type":"EntryPoint","urlTemplate":"https:\/\/jornaldasoficinas.com\/pt\/?s={search_term_string}"},"query-input":{"@type":"PropertyValueSpecification","valueRequired":true,"valueName":"search_term_string"}}],"inLanguage":"pt-PT"},{"@type":"Organization","@id":"https:\/\/jornaldasoficinas.com\/pt\/#organization","name":"Jornal das Oficinas","url":"https:\/\/jornaldasoficinas.com\/pt\/","logo":{"@type":"ImageObject","inLanguage":"pt-PT","@id":"https:\/\/jornaldasoficinas.com\/pt\/#\/schema\/logo\/image\/","url":"https:\/\/jornaldasoficinas.com\/pt\/wp-content\/uploads\/logoJO-SEO.png","contentUrl":"https:\/\/jornaldasoficinas.com\/pt\/wp-content\/uploads\/logoJO-SEO.png","width":285,"height":450,"caption":"Jornal das Oficinas"},"image":{"@id":"https:\/\/jornaldasoficinas.com\/pt\/#\/schema\/logo\/image\/"},"sameAs":["https:\/\/www.facebook.com\/jornaloficinas","https:\/\/x.com\/jornaloficinas","https:\/\/www.instagram.com\/jornal_oficinas\/","https:\/\/www.linkedin.com\/company\/jornal-das-oficinas\/","https:\/\/www.youtube.com\/channel\/UCbQZBqtcvV-oSQrr7RzINGg"]},{"@type":"Person","@id":"https:\/\/jornaldasoficinas.com\/pt\/#\/schema\/person\/a38eef5de2c41d9e7c9ac10141afddf3","name":"Reda\u00e7\u00e3o JO","image":{"@type":"ImageObject","inLanguage":"pt-PT","@id":"https:\/\/secure.gravatar.com\/avatar\/71f2fa71737ad68a84fea94bc708ddac8ea5b0c4788dc2ad202f3ccb2887742f?s=96&d=wp_user_avatar&r=g","url":"https:\/\/secure.gravatar.com\/avatar\/71f2fa71737ad68a84fea94bc708ddac8ea5b0c4788dc2ad202f3ccb2887742f?s=96&d=wp_user_avatar&r=g","contentUrl":"https:\/\/secure.gravatar.com\/avatar\/71f2fa71737ad68a84fea94bc708ddac8ea5b0c4788dc2ad202f3ccb2887742f?s=96&d=wp_user_avatar&r=g","caption":"Reda\u00e7\u00e3o JO"},"url":"https:\/\/jornaldasoficinas.com\/pt\/author\/joredacao\/"}]}},"_links":{"self":[{"href":"https:\/\/jornaldasoficinas.com\/pt\/wp-json\/wp\/v2\/posts\/35617","targetHints":{"allow":["GET"]}}],"collection":[{"href":"https:\/\/jornaldasoficinas.com\/pt\/wp-json\/wp\/v2\/posts"}],"about":[{"href":"https:\/\/jornaldasoficinas.com\/pt\/wp-json\/wp\/v2\/types\/post"}],"author":[{"embeddable":true,"href":"https:\/\/jornaldasoficinas.com\/pt\/wp-json\/wp\/v2\/users\/15"}],"replies":[{"embeddable":true,"href":"https:\/\/jornaldasoficinas.com\/pt\/wp-json\/wp\/v2\/comments?post=35617"}],"version-history":[{"count":0,"href":"https:\/\/jornaldasoficinas.com\/pt\/wp-json\/wp\/v2\/posts\/35617\/revisions"}],"wp:featuredmedia":[{"embeddable":true,"href":"https:\/\/jornaldasoficinas.com\/pt\/wp-json\/wp\/v2\/media\/35600"}],"wp:attachment":[{"href":"https:\/\/jornaldasoficinas.com\/pt\/wp-json\/wp\/v2\/media?parent=35617"}],"wp:term":[{"taxonomy":"category","embeddable":true,"href":"https:\/\/jornaldasoficinas.com\/pt\/wp-json\/wp\/v2\/categories?post=35617"},{"taxonomy":"post_tag","embeddable":true,"href":"https:\/\/jornaldasoficinas.com\/pt\/wp-json\/wp\/v2\/tags?post=35617"}],"curies":[{"name":"wp","href":"https:\/\/api.w.org\/{rel}","templated":true}]}}