{"id":35633,"date":"2022-12-20T16:00:25","date_gmt":"2022-12-20T16:00:25","guid":{"rendered":"https:\/\/jornaldasoficinas.com\/pt\/?p=35633"},"modified":"2022-12-20T14:17:25","modified_gmt":"2022-12-20T14:17:25","slug":"portugueses-preferem-transportes-sustentaveis-em-2023","status":"publish","type":"post","link":"https:\/\/jornaldasoficinas.com\/pt\/portugueses-preferem-transportes-sustentaveis-em-2023\/","title":{"rendered":"Portugueses preferem transportes sustent\u00e1veis em 2023"},"content":{"rendered":"<p><img loading=\"lazy\" decoding=\"async\" class=\"alignnone size-full wp-image-35603\" src=\"https:\/\/jornaldasoficinas.com\/pt\/wp-content\/uploads\/2022\/12\/Portugueses-preferem-transportes-mais-sustentaveis-em-2023.jpg\" alt=\"12 - Portugueses preferem transportes mais sustentaveis em 2023\" width=\"1024\" height=\"581\" srcset=\"https:\/\/jornaldasoficinas.com\/pt\/wp-content\/uploads\/2022\/12\/Portugueses-preferem-transportes-mais-sustentaveis-em-2023.jpg 1024w, https:\/\/jornaldasoficinas.com\/pt\/wp-content\/uploads\/2022\/12\/Portugueses-preferem-transportes-mais-sustentaveis-em-2023-300x170.jpg 300w, https:\/\/jornaldasoficinas.com\/pt\/wp-content\/uploads\/2022\/12\/Portugueses-preferem-transportes-mais-sustentaveis-em-2023-150x85.jpg 150w, https:\/\/jornaldasoficinas.com\/pt\/wp-content\/uploads\/2022\/12\/Portugueses-preferem-transportes-mais-sustentaveis-em-2023-768x436.jpg 768w\" sizes=\"auto, (max-width: 1024px) 100vw, 1024px\" \/><\/p>\n<p><strong>A <a href=\"https:\/\/www.free-now.com\/pt\/\" target=\"_blank\" rel=\"noopener\">FREE NOW<\/a> acaba de revelar as principais conclus\u00f5es do seu mais recente estudo que contou com 500 respostas v\u00e1lidas. Segundo o mesmo, 40% dos portugueses assume que a sua resolu\u00e7\u00e3o de Ano Novo passa por substituir o seu carro atual por um novo que utilize energias limpas<\/strong><\/p>\n<p>Os portugueses, no novo ano, tamb\u00e9m esperam que o Governo adote novas medidas para uma mobilidade mais sustent\u00e1vel, nomeadamente atrav\u00e9s da\u00a0melhoria de infraestruturas (35%) e a disponibiliza\u00e7\u00e3o de incentivos para uma transi\u00e7\u00e3o para carros el\u00e9tricos (27%).<\/p>\n<p>Outro dado relevante prende-se com o facto de a\u00a0maioria dos inquiridos admitir reduzir os gastos com transportes devido ao aumento do custo de vida.<\/p>\n<p>Na verdade,\u00a053% dos portugueses admite que est\u00e1 a pensar mudar os seus planos das celebra\u00e7\u00f5es de Natal e Ano Novo, de forma a reduzir os custos associados aos transportes na cidade.<\/p>\n<p>Para al\u00e9m disso,\u00a045% afirma estar atualmente a utilizar diariamente transportes p\u00fablicos devido ao aumento dos custos.<\/p>\n<p>\u201cA principal ila\u00e7\u00e3o a retirar destes dados \u00e9 que existe uma rela\u00e7\u00e3o direta entre a evolu\u00e7\u00e3o do custo de vida e infla\u00e7\u00e3o e as escolhas de mobilidade dos portugueses, acompanhadas por uma maior consciencializa\u00e7\u00e3o \u00e0 import\u00e2ncia de uma mobilidade mais sustent\u00e1vel.<\/p>\n<p>\u00c9 interessante perceber que existe uma preocupa\u00e7\u00e3o cada vez maior por op\u00e7\u00f5es mais limpas de transporte, ainda que o contexto mais adverso possa tamb\u00e9m ser decisivo para precipitar esta mudan\u00e7a de comportamentos e\/ou mentalidades. N\u00e3o \u00e9 por acaso que somos o mercado com maior percentagem, cerca de 20%, de viagens feitas atrav\u00e9s de ve\u00edculos el\u00e9tricos.<\/p>\n<p>Este fen\u00f3meno demonstra que as medidas que temos adotado, nomeadamente a de comiss\u00e3o zero da nossa frota el\u00e9trica, t\u00eam contribu\u00eddo para a transi\u00e7\u00e3o el\u00e9trica, tanto dos utilizadores como dos nossos motoristas\u201d, considera Bruno Borges, General Manager da FREE NOW.<\/p>\n<p>Acrescentou ainda:\u00a0\u201cEsta \u00e9poca festiva para n\u00f3s \u00e9 normalmente marcada por um aumento substancial da procura, sobretudo durante as celebra\u00e7\u00f5es da passagem de ano. Em compara\u00e7\u00e3o com um dia normal de opera\u00e7\u00e3o, nestes dias a procura cresce 30%. Se juntarmos a isto a maior consci\u00eancia dos portugueses para uma mobilidade mais sustent\u00e1vel, resta-nos apenas garantir que, durante os \u00faltimos 15 dias do ano, os nossos utilizadores ter\u00e3o acesso ao servi\u00e7o de qualidade a que os habitu\u00e1mos e, assim, optem por deixar os carros particulares em casa nas suas desloca\u00e7\u00f5es\u201d.<\/p>\n<p>O inqu\u00e9rito foi realizado via online e contou com 500 respostas v\u00e1lidas. Os inquiridos foram na sua maioria mulheres (51%) e as faixas et\u00e1rias mais representadas foram 36 \u2013 45 (23%) e 46 \u2013 55 (24%). A empresa respons\u00e1vel pela aplica\u00e7\u00e3o deste estudo foi a Kantar.<\/p>\n","protected":false},"excerpt":{"rendered":"<p>A FREE NOW acaba de revelar&#8230;<\/p>\n","protected":false},"author":15,"featured_media":35603,"comment_status":"closed","ping_status":"closed","sticky":false,"template":"","format":"standard","meta":{"footnotes":""},"categories":[37],"tags":[3034,1672,2596,1767],"class_list":["post-35633","post","type-post","status-publish","format-standard","has-post-thumbnail","hentry","category-mercado","tag-carros-eletricos","tag-free-now","tag-portugueses","tag-sustentabilidade"],"yoast_head":"<!-- This site is optimized with the Yoast SEO plugin v27.5 - https:\/\/yoast.com\/product\/yoast-seo-wordpress\/ -->\n<title>Portugueses preferem transportes sustent\u00e1veis em 2023 - Jornal das Oficinas<\/title>\n<meta name=\"description\" content=\"A FREE NOW acaba de revelar que 40% dos portugueses assume pretende substituir o seu carro atual por um novo que utilize energias limpas\" \/>\n<meta name=\"robots\" content=\"index, follow, max-snippet:-1, max-image-preview:large, max-video-preview:-1\" \/>\n<link rel=\"canonical\" href=\"https:\/\/jornaldasoficinas.com\/pt\/portugueses-preferem-transportes-sustentaveis-em-2023\/\" \/>\n<meta property=\"og:locale\" content=\"pt_PT\" \/>\n<meta property=\"og:type\" content=\"article\" \/>\n<meta property=\"og:title\" content=\"Portugueses preferem transportes sustent\u00e1veis em 2023 - Jornal das Oficinas\" \/>\n<meta property=\"og:description\" content=\"A FREE NOW acaba de revelar que 40% dos portugueses assume pretende substituir o seu carro atual por um novo que utilize energias limpas\" \/>\n<meta property=\"og:url\" content=\"https:\/\/jornaldasoficinas.com\/pt\/portugueses-preferem-transportes-sustentaveis-em-2023\/\" \/>\n<meta property=\"og:site_name\" content=\"Jornal das Oficinas\" \/>\n<meta property=\"article:publisher\" content=\"https:\/\/www.facebook.com\/jornaloficinas\" \/>\n<meta property=\"article:published_time\" content=\"2022-12-20T16:00:25+00:00\" \/>\n<meta property=\"og:image\" content=\"https:\/\/jornaldasoficinas.com\/pt\/wp-content\/uploads\/2022\/12\/Portugueses-preferem-transportes-mais-sustentaveis-em-2023.jpg\" \/>\n\t<meta property=\"og:image:width\" content=\"1024\" \/>\n\t<meta property=\"og:image:height\" content=\"581\" \/>\n\t<meta property=\"og:image:type\" content=\"image\/jpeg\" \/>\n<meta name=\"author\" content=\"Reda\u00e7\u00e3o JO\" \/>\n<meta name=\"twitter:card\" content=\"summary_large_image\" \/>\n<meta name=\"twitter:creator\" content=\"@jornaloficinas\" \/>\n<meta name=\"twitter:site\" content=\"@jornaloficinas\" \/>\n<meta name=\"twitter:label1\" content=\"Escrito por\" \/>\n\t<meta name=\"twitter:data1\" content=\"Reda\u00e7\u00e3o JO\" \/>\n\t<meta name=\"twitter:label2\" content=\"Tempo estimado de leitura\" \/>\n\t<meta name=\"twitter:data2\" content=\"2 minutos\" \/>\n<script type=\"application\/ld+json\" class=\"yoast-schema-graph\">{\"@context\":\"https:\\\/\\\/schema.org\",\"@graph\":[{\"@type\":\"Article\",\"@id\":\"https:\\\/\\\/jornaldasoficinas.com\\\/pt\\\/portugueses-preferem-transportes-sustentaveis-em-2023\\\/#article\",\"isPartOf\":{\"@id\":\"https:\\\/\\\/jornaldasoficinas.com\\\/pt\\\/portugueses-preferem-transportes-sustentaveis-em-2023\\\/\"},\"author\":{\"name\":\"Reda\u00e7\u00e3o JO\",\"@id\":\"https:\\\/\\\/jornaldasoficinas.com\\\/pt\\\/#\\\/schema\\\/person\\\/a38eef5de2c41d9e7c9ac10141afddf3\"},\"headline\":\"Portugueses preferem transportes sustent\u00e1veis em 2023\",\"datePublished\":\"2022-12-20T16:00:25+00:00\",\"mainEntityOfPage\":{\"@id\":\"https:\\\/\\\/jornaldasoficinas.com\\\/pt\\\/portugueses-preferem-transportes-sustentaveis-em-2023\\\/\"},\"wordCount\":461,\"publisher\":{\"@id\":\"https:\\\/\\\/jornaldasoficinas.com\\\/pt\\\/#organization\"},\"image\":{\"@id\":\"https:\\\/\\\/jornaldasoficinas.com\\\/pt\\\/portugueses-preferem-transportes-sustentaveis-em-2023\\\/#primaryimage\"},\"thumbnailUrl\":\"https:\\\/\\\/jornaldasoficinas.com\\\/pt\\\/wp-content\\\/uploads\\\/2022\\\/12\\\/Portugueses-preferem-transportes-mais-sustentaveis-em-2023.jpg\",\"keywords\":[\"Carros eletricos\",\"FREE NOW\",\"portugueses\",\"Sustentabilidade\"],\"articleSection\":[\"Mercado\"],\"inLanguage\":\"pt-PT\"},{\"@type\":\"WebPage\",\"@id\":\"https:\\\/\\\/jornaldasoficinas.com\\\/pt\\\/portugueses-preferem-transportes-sustentaveis-em-2023\\\/\",\"url\":\"https:\\\/\\\/jornaldasoficinas.com\\\/pt\\\/portugueses-preferem-transportes-sustentaveis-em-2023\\\/\",\"name\":\"Portugueses preferem transportes sustent\u00e1veis em 2023 - Jornal das Oficinas\",\"isPartOf\":{\"@id\":\"https:\\\/\\\/jornaldasoficinas.com\\\/pt\\\/#website\"},\"primaryImageOfPage\":{\"@id\":\"https:\\\/\\\/jornaldasoficinas.com\\\/pt\\\/portugueses-preferem-transportes-sustentaveis-em-2023\\\/#primaryimage\"},\"image\":{\"@id\":\"https:\\\/\\\/jornaldasoficinas.com\\\/pt\\\/portugueses-preferem-transportes-sustentaveis-em-2023\\\/#primaryimage\"},\"thumbnailUrl\":\"https:\\\/\\\/jornaldasoficinas.com\\\/pt\\\/wp-content\\\/uploads\\\/2022\\\/12\\\/Portugueses-preferem-transportes-mais-sustentaveis-em-2023.jpg\",\"datePublished\":\"2022-12-20T16:00:25+00:00\",\"description\":\"A FREE NOW acaba de revelar que 40% dos portugueses assume pretende substituir o seu carro atual por um novo que utilize energias limpas\",\"breadcrumb\":{\"@id\":\"https:\\\/\\\/jornaldasoficinas.com\\\/pt\\\/portugueses-preferem-transportes-sustentaveis-em-2023\\\/#breadcrumb\"},\"inLanguage\":\"pt-PT\",\"potentialAction\":[{\"@type\":\"ReadAction\",\"target\":[\"https:\\\/\\\/jornaldasoficinas.com\\\/pt\\\/portugueses-preferem-transportes-sustentaveis-em-2023\\\/\"]}]},{\"@type\":\"ImageObject\",\"inLanguage\":\"pt-PT\",\"@id\":\"https:\\\/\\\/jornaldasoficinas.com\\\/pt\\\/portugueses-preferem-transportes-sustentaveis-em-2023\\\/#primaryimage\",\"url\":\"https:\\\/\\\/jornaldasoficinas.com\\\/pt\\\/wp-content\\\/uploads\\\/2022\\\/12\\\/Portugueses-preferem-transportes-mais-sustentaveis-em-2023.jpg\",\"contentUrl\":\"https:\\\/\\\/jornaldasoficinas.com\\\/pt\\\/wp-content\\\/uploads\\\/2022\\\/12\\\/Portugueses-preferem-transportes-mais-sustentaveis-em-2023.jpg\",\"width\":1024,\"height\":581,\"caption\":\"12 - Portugueses preferem transportes mais sustentaveis em 2023\"},{\"@type\":\"BreadcrumbList\",\"@id\":\"https:\\\/\\\/jornaldasoficinas.com\\\/pt\\\/portugueses-preferem-transportes-sustentaveis-em-2023\\\/#breadcrumb\",\"itemListElement\":[{\"@type\":\"ListItem\",\"position\":1,\"name\":\"In\u00edcio\",\"item\":\"https:\\\/\\\/jornaldasoficinas.com\\\/pt\\\/\"},{\"@type\":\"ListItem\",\"position\":2,\"name\":\"Portugueses preferem transportes sustent\u00e1veis em 2023\"}]},{\"@type\":\"WebSite\",\"@id\":\"https:\\\/\\\/jornaldasoficinas.com\\\/pt\\\/#website\",\"url\":\"https:\\\/\\\/jornaldasoficinas.com\\\/pt\\\/\",\"name\":\"Jornal das Oficinas\",\"description\":\"Jornal independente do Aftermarket Autom\u00f3vel em Portugal\",\"publisher\":{\"@id\":\"https:\\\/\\\/jornaldasoficinas.com\\\/pt\\\/#organization\"},\"potentialAction\":[{\"@type\":\"SearchAction\",\"target\":{\"@type\":\"EntryPoint\",\"urlTemplate\":\"https:\\\/\\\/jornaldasoficinas.com\\\/pt\\\/?s={search_term_string}\"},\"query-input\":{\"@type\":\"PropertyValueSpecification\",\"valueRequired\":true,\"valueName\":\"search_term_string\"}}],\"inLanguage\":\"pt-PT\"},{\"@type\":\"Organization\",\"@id\":\"https:\\\/\\\/jornaldasoficinas.com\\\/pt\\\/#organization\",\"name\":\"Jornal das Oficinas\",\"url\":\"https:\\\/\\\/jornaldasoficinas.com\\\/pt\\\/\",\"logo\":{\"@type\":\"ImageObject\",\"inLanguage\":\"pt-PT\",\"@id\":\"https:\\\/\\\/jornaldasoficinas.com\\\/pt\\\/#\\\/schema\\\/logo\\\/image\\\/\",\"url\":\"https:\\\/\\\/jornaldasoficinas.com\\\/pt\\\/wp-content\\\/uploads\\\/logoJO-SEO.png\",\"contentUrl\":\"https:\\\/\\\/jornaldasoficinas.com\\\/pt\\\/wp-content\\\/uploads\\\/logoJO-SEO.png\",\"width\":285,\"height\":450,\"caption\":\"Jornal das Oficinas\"},\"image\":{\"@id\":\"https:\\\/\\\/jornaldasoficinas.com\\\/pt\\\/#\\\/schema\\\/logo\\\/image\\\/\"},\"sameAs\":[\"https:\\\/\\\/www.facebook.com\\\/jornaloficinas\",\"https:\\\/\\\/x.com\\\/jornaloficinas\",\"https:\\\/\\\/www.instagram.com\\\/jornal_oficinas\\\/\",\"https:\\\/\\\/www.linkedin.com\\\/company\\\/jornal-das-oficinas\\\/\",\"https:\\\/\\\/www.youtube.com\\\/channel\\\/UCbQZBqtcvV-oSQrr7RzINGg\"]},{\"@type\":\"Person\",\"@id\":\"https:\\\/\\\/jornaldasoficinas.com\\\/pt\\\/#\\\/schema\\\/person\\\/a38eef5de2c41d9e7c9ac10141afddf3\",\"name\":\"Reda\u00e7\u00e3o JO\",\"image\":{\"@type\":\"ImageObject\",\"inLanguage\":\"pt-PT\",\"@id\":\"https:\\\/\\\/secure.gravatar.com\\\/avatar\\\/71f2fa71737ad68a84fea94bc708ddac8ea5b0c4788dc2ad202f3ccb2887742f?s=96&d=wp_user_avatar&r=g\",\"url\":\"https:\\\/\\\/secure.gravatar.com\\\/avatar\\\/71f2fa71737ad68a84fea94bc708ddac8ea5b0c4788dc2ad202f3ccb2887742f?s=96&d=wp_user_avatar&r=g\",\"contentUrl\":\"https:\\\/\\\/secure.gravatar.com\\\/avatar\\\/71f2fa71737ad68a84fea94bc708ddac8ea5b0c4788dc2ad202f3ccb2887742f?s=96&d=wp_user_avatar&r=g\",\"caption\":\"Reda\u00e7\u00e3o JO\"},\"url\":\"https:\\\/\\\/jornaldasoficinas.com\\\/pt\\\/author\\\/joredacao\\\/\"}]}<\/script>\n<!-- \/ Yoast SEO plugin. -->","yoast_head_json":{"title":"Portugueses preferem transportes sustent\u00e1veis em 2023 - Jornal das Oficinas","description":"A FREE NOW acaba de revelar que 40% dos portugueses assume pretende substituir o seu carro atual por um novo que utilize energias limpas","robots":{"index":"index","follow":"follow","max-snippet":"max-snippet:-1","max-image-preview":"max-image-preview:large","max-video-preview":"max-video-preview:-1"},"canonical":"https:\/\/jornaldasoficinas.com\/pt\/portugueses-preferem-transportes-sustentaveis-em-2023\/","og_locale":"pt_PT","og_type":"article","og_title":"Portugueses preferem transportes sustent\u00e1veis em 2023 - Jornal das Oficinas","og_description":"A FREE NOW acaba de revelar que 40% dos portugueses assume pretende substituir o seu carro atual por um novo que utilize energias limpas","og_url":"https:\/\/jornaldasoficinas.com\/pt\/portugueses-preferem-transportes-sustentaveis-em-2023\/","og_site_name":"Jornal das Oficinas","article_publisher":"https:\/\/www.facebook.com\/jornaloficinas","article_published_time":"2022-12-20T16:00:25+00:00","og_image":[{"width":1024,"height":581,"url":"https:\/\/jornaldasoficinas.com\/pt\/wp-content\/uploads\/2022\/12\/Portugueses-preferem-transportes-mais-sustentaveis-em-2023.jpg","type":"image\/jpeg"}],"author":"Reda\u00e7\u00e3o JO","twitter_card":"summary_large_image","twitter_creator":"@jornaloficinas","twitter_site":"@jornaloficinas","twitter_misc":{"Escrito por":"Reda\u00e7\u00e3o JO","Tempo estimado de leitura":"2 minutos"},"schema":{"@context":"https:\/\/schema.org","@graph":[{"@type":"Article","@id":"https:\/\/jornaldasoficinas.com\/pt\/portugueses-preferem-transportes-sustentaveis-em-2023\/#article","isPartOf":{"@id":"https:\/\/jornaldasoficinas.com\/pt\/portugueses-preferem-transportes-sustentaveis-em-2023\/"},"author":{"name":"Reda\u00e7\u00e3o JO","@id":"https:\/\/jornaldasoficinas.com\/pt\/#\/schema\/person\/a38eef5de2c41d9e7c9ac10141afddf3"},"headline":"Portugueses preferem transportes sustent\u00e1veis em 2023","datePublished":"2022-12-20T16:00:25+00:00","mainEntityOfPage":{"@id":"https:\/\/jornaldasoficinas.com\/pt\/portugueses-preferem-transportes-sustentaveis-em-2023\/"},"wordCount":461,"publisher":{"@id":"https:\/\/jornaldasoficinas.com\/pt\/#organization"},"image":{"@id":"https:\/\/jornaldasoficinas.com\/pt\/portugueses-preferem-transportes-sustentaveis-em-2023\/#primaryimage"},"thumbnailUrl":"https:\/\/jornaldasoficinas.com\/pt\/wp-content\/uploads\/2022\/12\/Portugueses-preferem-transportes-mais-sustentaveis-em-2023.jpg","keywords":["Carros eletricos","FREE NOW","portugueses","Sustentabilidade"],"articleSection":["Mercado"],"inLanguage":"pt-PT"},{"@type":"WebPage","@id":"https:\/\/jornaldasoficinas.com\/pt\/portugueses-preferem-transportes-sustentaveis-em-2023\/","url":"https:\/\/jornaldasoficinas.com\/pt\/portugueses-preferem-transportes-sustentaveis-em-2023\/","name":"Portugueses preferem transportes sustent\u00e1veis em 2023 - Jornal das Oficinas","isPartOf":{"@id":"https:\/\/jornaldasoficinas.com\/pt\/#website"},"primaryImageOfPage":{"@id":"https:\/\/jornaldasoficinas.com\/pt\/portugueses-preferem-transportes-sustentaveis-em-2023\/#primaryimage"},"image":{"@id":"https:\/\/jornaldasoficinas.com\/pt\/portugueses-preferem-transportes-sustentaveis-em-2023\/#primaryimage"},"thumbnailUrl":"https:\/\/jornaldasoficinas.com\/pt\/wp-content\/uploads\/2022\/12\/Portugueses-preferem-transportes-mais-sustentaveis-em-2023.jpg","datePublished":"2022-12-20T16:00:25+00:00","description":"A FREE NOW acaba de revelar que 40% dos portugueses assume pretende substituir o seu carro atual por um novo que utilize energias limpas","breadcrumb":{"@id":"https:\/\/jornaldasoficinas.com\/pt\/portugueses-preferem-transportes-sustentaveis-em-2023\/#breadcrumb"},"inLanguage":"pt-PT","potentialAction":[{"@type":"ReadAction","target":["https:\/\/jornaldasoficinas.com\/pt\/portugueses-preferem-transportes-sustentaveis-em-2023\/"]}]},{"@type":"ImageObject","inLanguage":"pt-PT","@id":"https:\/\/jornaldasoficinas.com\/pt\/portugueses-preferem-transportes-sustentaveis-em-2023\/#primaryimage","url":"https:\/\/jornaldasoficinas.com\/pt\/wp-content\/uploads\/2022\/12\/Portugueses-preferem-transportes-mais-sustentaveis-em-2023.jpg","contentUrl":"https:\/\/jornaldasoficinas.com\/pt\/wp-content\/uploads\/2022\/12\/Portugueses-preferem-transportes-mais-sustentaveis-em-2023.jpg","width":1024,"height":581,"caption":"12 - Portugueses preferem transportes mais sustentaveis em 2023"},{"@type":"BreadcrumbList","@id":"https:\/\/jornaldasoficinas.com\/pt\/portugueses-preferem-transportes-sustentaveis-em-2023\/#breadcrumb","itemListElement":[{"@type":"ListItem","position":1,"name":"In\u00edcio","item":"https:\/\/jornaldasoficinas.com\/pt\/"},{"@type":"ListItem","position":2,"name":"Portugueses preferem transportes sustent\u00e1veis em 2023"}]},{"@type":"WebSite","@id":"https:\/\/jornaldasoficinas.com\/pt\/#website","url":"https:\/\/jornaldasoficinas.com\/pt\/","name":"Jornal das Oficinas","description":"Jornal independente do Aftermarket Autom\u00f3vel em Portugal","publisher":{"@id":"https:\/\/jornaldasoficinas.com\/pt\/#organization"},"potentialAction":[{"@type":"SearchAction","target":{"@type":"EntryPoint","urlTemplate":"https:\/\/jornaldasoficinas.com\/pt\/?s={search_term_string}"},"query-input":{"@type":"PropertyValueSpecification","valueRequired":true,"valueName":"search_term_string"}}],"inLanguage":"pt-PT"},{"@type":"Organization","@id":"https:\/\/jornaldasoficinas.com\/pt\/#organization","name":"Jornal das Oficinas","url":"https:\/\/jornaldasoficinas.com\/pt\/","logo":{"@type":"ImageObject","inLanguage":"pt-PT","@id":"https:\/\/jornaldasoficinas.com\/pt\/#\/schema\/logo\/image\/","url":"https:\/\/jornaldasoficinas.com\/pt\/wp-content\/uploads\/logoJO-SEO.png","contentUrl":"https:\/\/jornaldasoficinas.com\/pt\/wp-content\/uploads\/logoJO-SEO.png","width":285,"height":450,"caption":"Jornal das Oficinas"},"image":{"@id":"https:\/\/jornaldasoficinas.com\/pt\/#\/schema\/logo\/image\/"},"sameAs":["https:\/\/www.facebook.com\/jornaloficinas","https:\/\/x.com\/jornaloficinas","https:\/\/www.instagram.com\/jornal_oficinas\/","https:\/\/www.linkedin.com\/company\/jornal-das-oficinas\/","https:\/\/www.youtube.com\/channel\/UCbQZBqtcvV-oSQrr7RzINGg"]},{"@type":"Person","@id":"https:\/\/jornaldasoficinas.com\/pt\/#\/schema\/person\/a38eef5de2c41d9e7c9ac10141afddf3","name":"Reda\u00e7\u00e3o JO","image":{"@type":"ImageObject","inLanguage":"pt-PT","@id":"https:\/\/secure.gravatar.com\/avatar\/71f2fa71737ad68a84fea94bc708ddac8ea5b0c4788dc2ad202f3ccb2887742f?s=96&d=wp_user_avatar&r=g","url":"https:\/\/secure.gravatar.com\/avatar\/71f2fa71737ad68a84fea94bc708ddac8ea5b0c4788dc2ad202f3ccb2887742f?s=96&d=wp_user_avatar&r=g","contentUrl":"https:\/\/secure.gravatar.com\/avatar\/71f2fa71737ad68a84fea94bc708ddac8ea5b0c4788dc2ad202f3ccb2887742f?s=96&d=wp_user_avatar&r=g","caption":"Reda\u00e7\u00e3o JO"},"url":"https:\/\/jornaldasoficinas.com\/pt\/author\/joredacao\/"}]}},"_links":{"self":[{"href":"https:\/\/jornaldasoficinas.com\/pt\/wp-json\/wp\/v2\/posts\/35633","targetHints":{"allow":["GET"]}}],"collection":[{"href":"https:\/\/jornaldasoficinas.com\/pt\/wp-json\/wp\/v2\/posts"}],"about":[{"href":"https:\/\/jornaldasoficinas.com\/pt\/wp-json\/wp\/v2\/types\/post"}],"author":[{"embeddable":true,"href":"https:\/\/jornaldasoficinas.com\/pt\/wp-json\/wp\/v2\/users\/15"}],"replies":[{"embeddable":true,"href":"https:\/\/jornaldasoficinas.com\/pt\/wp-json\/wp\/v2\/comments?post=35633"}],"version-history":[{"count":0,"href":"https:\/\/jornaldasoficinas.com\/pt\/wp-json\/wp\/v2\/posts\/35633\/revisions"}],"wp:featuredmedia":[{"embeddable":true,"href":"https:\/\/jornaldasoficinas.com\/pt\/wp-json\/wp\/v2\/media\/35603"}],"wp:attachment":[{"href":"https:\/\/jornaldasoficinas.com\/pt\/wp-json\/wp\/v2\/media?parent=35633"}],"wp:term":[{"taxonomy":"category","embeddable":true,"href":"https:\/\/jornaldasoficinas.com\/pt\/wp-json\/wp\/v2\/categories?post=35633"},{"taxonomy":"post_tag","embeddable":true,"href":"https:\/\/jornaldasoficinas.com\/pt\/wp-json\/wp\/v2\/tags?post=35633"}],"curies":[{"name":"wp","href":"https:\/\/api.w.org\/{rel}","templated":true}]}}