{"id":35726,"date":"2022-12-22T12:00:46","date_gmt":"2022-12-22T12:00:46","guid":{"rendered":"https:\/\/jornaldasoficinas.com\/pt\/?p=35726"},"modified":"2022-12-21T23:09:11","modified_gmt":"2022-12-21T23:09:11","slug":"norauto-abre-primeira-loja-de-solucoes-urbanas","status":"publish","type":"post","link":"https:\/\/jornaldasoficinas.com\/pt\/norauto-abre-primeira-loja-de-solucoes-urbanas\/","title":{"rendered":"Norauto abre primeira loja de Solu\u00e7\u00f5es Urbanas"},"content":{"rendered":"<p><strong><img loading=\"lazy\" decoding=\"async\" class=\"alignnone size-full wp-image-35721\" src=\"https:\/\/jornaldasoficinas.com\/pt\/wp-content\/uploads\/2022\/12\/Norauto-abre-primeira-loja-de-Solucoes-Urbanas-1.jpeg\" alt=\"12 - Norauto abre primeira loja de Solucoes Urbanas 1\" width=\"1024\" height=\"581\" srcset=\"https:\/\/jornaldasoficinas.com\/pt\/wp-content\/uploads\/2022\/12\/Norauto-abre-primeira-loja-de-Solucoes-Urbanas-1.jpeg 1024w, https:\/\/jornaldasoficinas.com\/pt\/wp-content\/uploads\/2022\/12\/Norauto-abre-primeira-loja-de-Solucoes-Urbanas-1-300x170.jpeg 300w, https:\/\/jornaldasoficinas.com\/pt\/wp-content\/uploads\/2022\/12\/Norauto-abre-primeira-loja-de-Solucoes-Urbanas-1-150x85.jpeg 150w, https:\/\/jornaldasoficinas.com\/pt\/wp-content\/uploads\/2022\/12\/Norauto-abre-primeira-loja-de-Solucoes-Urbanas-1-768x436.jpeg 768w\" sizes=\"auto, (max-width: 1024px) 100vw, 1024px\" \/><\/strong><\/p>\n<p><strong>Realizou-se no passado dia 15 de dezembro a grande inaugura\u00e7\u00e3o da 1\u00aa loja <a href=\"https:\/\/www.norauto.pt\/\" target=\"_blank\" rel=\"noopener\">Norauto<\/a> Solu\u00e7\u00f5es Urbanas, que contou com a presen\u00e7a de diversos convidados prezados pela Norauto, desde parceiros, a fornecedores e figuras p\u00fablicas, que vieram conhecer este novo conceito Norauto<\/strong><\/p>\n<p>O Chef Chakall, embaixador da mobilidade Norauto, DJ Kamala, Carlos Manuel (ex-jogador do Sport Lisboa e Benfica), Francisco Garcia, ator e apresentador de TV, a modelo e apresentadora Vanessa Oliveira, ex-apresentadora e nutricionista Rita Andrade, foram algumas das caras conhecidas que vieram conhecer este novo espa\u00e7o. Tamb\u00e9m parceiros como a Repsol, Oney, CEOs de outras empresas e \u201camigos\u201d da marca Norauto que marcaram presen\u00e7a neste evento.<\/p>\n<p>O momento alto da noite foi o discurso do CEO da Norauto, Jose Luis Barbajosa, que destacou o facto de ser a 1\u00aa loja Norauto dentro da cidade em Portugal, com um modelo inovador que pretende dar resposta \u00e0 constante evolu\u00e7\u00e3o do mundo e consequentemente das necessidades dos clientes. Referiu ainda que \u201ca nossa miss\u00e3o \u00e9 tornar acess\u00edvel solu\u00e7\u00f5es dur\u00e1veis de mobilidade a cada automobilista\u201d, algo para o qual acredita que esta loja \u00e9 um passo muito importante.<\/p>\n<p>De seguida, o Market Manager Ib\u00e9rico Javier Vi\u00f1als referiu que esta \u00e9 \u201cmais que uma loja de mobilidade, \u00e9 uma loja de solu\u00e7\u00f5es!\u201d e que disponibilizar\u00e1 as \u00faltimas novidades no que toca \u00e0s solu\u00e7\u00f5es urbanas.<\/p>\n<p>Para concluir foi a vez do embaixador da mobilidade Norauto &#8211; o Chef Chakall \u2013 fazer uma interven\u00e7\u00e3o, optando por um discurso emocional afirmando \u201cTenho 4 filhos e o futuro \u00e9 hoje, o futuro n\u00e3o \u00e9 amanh\u00e3!\u201d, uma mensagem alinhada com os valores e miss\u00e3o da Norauto que demonstra a consci\u00eancia da import\u00e2ncia das solu\u00e7\u00f5es sustent\u00e1veis de mobilidade.<\/p>\n","protected":false},"excerpt":{"rendered":"<p>Realizou-se no passado dia 15 de&#8230;<\/p>\n","protected":false},"author":15,"featured_media":35721,"comment_status":"closed","ping_status":"closed","sticky":false,"template":"","format":"standard","meta":{"footnotes":""},"categories":[29],"tags":[3501,335,959,3500],"class_list":["post-35726","post","type-post","status-publish","format-standard","has-post-thumbnail","hentry","category-empresas","tag-inauguracao","tag-mobilidade","tag-norauto","tag-norauto-solucoes-urbanas"],"yoast_head":"<!-- This site is optimized with the Yoast SEO plugin v27.5 - https:\/\/yoast.com\/product\/yoast-seo-wordpress\/ -->\n<title>Norauto abre primeira loja de Solu\u00e7\u00f5es Urbanas - Jornal das Oficinas<\/title>\n<meta name=\"description\" content=\"Foi inaugurada a primeira loja Norauto Solu\u00e7\u00f5es Urbanas, em Lisboa, que contou com a presen\u00e7a de parceiros, fornecedores e figuras p\u00fablicas\" \/>\n<meta name=\"robots\" content=\"index, follow, max-snippet:-1, max-image-preview:large, max-video-preview:-1\" \/>\n<link rel=\"canonical\" href=\"https:\/\/jornaldasoficinas.com\/pt\/norauto-abre-primeira-loja-de-solucoes-urbanas\/\" \/>\n<meta property=\"og:locale\" content=\"pt_PT\" \/>\n<meta property=\"og:type\" content=\"article\" \/>\n<meta property=\"og:title\" content=\"Norauto abre primeira loja de Solu\u00e7\u00f5es Urbanas - Jornal das Oficinas\" \/>\n<meta property=\"og:description\" content=\"Foi inaugurada a primeira loja Norauto Solu\u00e7\u00f5es Urbanas, em Lisboa, que contou com a presen\u00e7a de parceiros, fornecedores e figuras p\u00fablicas\" \/>\n<meta property=\"og:url\" content=\"https:\/\/jornaldasoficinas.com\/pt\/norauto-abre-primeira-loja-de-solucoes-urbanas\/\" \/>\n<meta property=\"og:site_name\" content=\"Jornal das Oficinas\" \/>\n<meta property=\"article:publisher\" content=\"https:\/\/www.facebook.com\/jornaloficinas\" \/>\n<meta property=\"article:published_time\" content=\"2022-12-22T12:00:46+00:00\" \/>\n<meta property=\"og:image\" content=\"https:\/\/jornaldasoficinas.com\/pt\/wp-content\/uploads\/2022\/12\/Norauto-abre-primeira-loja-de-Solucoes-Urbanas-1.jpeg\" \/>\n\t<meta property=\"og:image:width\" content=\"1024\" \/>\n\t<meta property=\"og:image:height\" content=\"581\" \/>\n\t<meta property=\"og:image:type\" content=\"image\/jpeg\" \/>\n<meta name=\"author\" content=\"Reda\u00e7\u00e3o JO\" \/>\n<meta name=\"twitter:card\" content=\"summary_large_image\" \/>\n<meta name=\"twitter:creator\" content=\"@jornaloficinas\" \/>\n<meta name=\"twitter:site\" content=\"@jornaloficinas\" \/>\n<meta name=\"twitter:label1\" content=\"Escrito por\" \/>\n\t<meta name=\"twitter:data1\" content=\"Reda\u00e7\u00e3o JO\" \/>\n\t<meta name=\"twitter:label2\" content=\"Tempo estimado de leitura\" \/>\n\t<meta name=\"twitter:data2\" content=\"1 minuto\" \/>\n<script type=\"application\/ld+json\" class=\"yoast-schema-graph\">{\"@context\":\"https:\\\/\\\/schema.org\",\"@graph\":[{\"@type\":\"Article\",\"@id\":\"https:\\\/\\\/jornaldasoficinas.com\\\/pt\\\/norauto-abre-primeira-loja-de-solucoes-urbanas\\\/#article\",\"isPartOf\":{\"@id\":\"https:\\\/\\\/jornaldasoficinas.com\\\/pt\\\/norauto-abre-primeira-loja-de-solucoes-urbanas\\\/\"},\"author\":{\"name\":\"Reda\u00e7\u00e3o JO\",\"@id\":\"https:\\\/\\\/jornaldasoficinas.com\\\/pt\\\/#\\\/schema\\\/person\\\/a38eef5de2c41d9e7c9ac10141afddf3\"},\"headline\":\"Norauto abre primeira loja de Solu\u00e7\u00f5es Urbanas\",\"datePublished\":\"2022-12-22T12:00:46+00:00\",\"mainEntityOfPage\":{\"@id\":\"https:\\\/\\\/jornaldasoficinas.com\\\/pt\\\/norauto-abre-primeira-loja-de-solucoes-urbanas\\\/\"},\"wordCount\":297,\"publisher\":{\"@id\":\"https:\\\/\\\/jornaldasoficinas.com\\\/pt\\\/#organization\"},\"image\":{\"@id\":\"https:\\\/\\\/jornaldasoficinas.com\\\/pt\\\/norauto-abre-primeira-loja-de-solucoes-urbanas\\\/#primaryimage\"},\"thumbnailUrl\":\"https:\\\/\\\/jornaldasoficinas.com\\\/pt\\\/wp-content\\\/uploads\\\/2022\\\/12\\\/Norauto-abre-primeira-loja-de-Solucoes-Urbanas-1.jpeg\",\"keywords\":[\"Inaugura\u00e7\u00e3o\",\"Mobilidade\",\"Norauto\",\"Norauto Solu\u00e7\u00f5es Urbanas\"],\"articleSection\":[\"Empresas\"],\"inLanguage\":\"pt-PT\"},{\"@type\":\"WebPage\",\"@id\":\"https:\\\/\\\/jornaldasoficinas.com\\\/pt\\\/norauto-abre-primeira-loja-de-solucoes-urbanas\\\/\",\"url\":\"https:\\\/\\\/jornaldasoficinas.com\\\/pt\\\/norauto-abre-primeira-loja-de-solucoes-urbanas\\\/\",\"name\":\"Norauto abre primeira loja de Solu\u00e7\u00f5es Urbanas - Jornal das Oficinas\",\"isPartOf\":{\"@id\":\"https:\\\/\\\/jornaldasoficinas.com\\\/pt\\\/#website\"},\"primaryImageOfPage\":{\"@id\":\"https:\\\/\\\/jornaldasoficinas.com\\\/pt\\\/norauto-abre-primeira-loja-de-solucoes-urbanas\\\/#primaryimage\"},\"image\":{\"@id\":\"https:\\\/\\\/jornaldasoficinas.com\\\/pt\\\/norauto-abre-primeira-loja-de-solucoes-urbanas\\\/#primaryimage\"},\"thumbnailUrl\":\"https:\\\/\\\/jornaldasoficinas.com\\\/pt\\\/wp-content\\\/uploads\\\/2022\\\/12\\\/Norauto-abre-primeira-loja-de-Solucoes-Urbanas-1.jpeg\",\"datePublished\":\"2022-12-22T12:00:46+00:00\",\"description\":\"Foi inaugurada a primeira loja Norauto Solu\u00e7\u00f5es Urbanas, em Lisboa, que contou com a presen\u00e7a de parceiros, fornecedores e figuras p\u00fablicas\",\"breadcrumb\":{\"@id\":\"https:\\\/\\\/jornaldasoficinas.com\\\/pt\\\/norauto-abre-primeira-loja-de-solucoes-urbanas\\\/#breadcrumb\"},\"inLanguage\":\"pt-PT\",\"potentialAction\":[{\"@type\":\"ReadAction\",\"target\":[\"https:\\\/\\\/jornaldasoficinas.com\\\/pt\\\/norauto-abre-primeira-loja-de-solucoes-urbanas\\\/\"]}]},{\"@type\":\"ImageObject\",\"inLanguage\":\"pt-PT\",\"@id\":\"https:\\\/\\\/jornaldasoficinas.com\\\/pt\\\/norauto-abre-primeira-loja-de-solucoes-urbanas\\\/#primaryimage\",\"url\":\"https:\\\/\\\/jornaldasoficinas.com\\\/pt\\\/wp-content\\\/uploads\\\/2022\\\/12\\\/Norauto-abre-primeira-loja-de-Solucoes-Urbanas-1.jpeg\",\"contentUrl\":\"https:\\\/\\\/jornaldasoficinas.com\\\/pt\\\/wp-content\\\/uploads\\\/2022\\\/12\\\/Norauto-abre-primeira-loja-de-Solucoes-Urbanas-1.jpeg\",\"width\":1024,\"height\":581,\"caption\":\"12 - Norauto abre primeira loja de Solucoes Urbanas 1\"},{\"@type\":\"BreadcrumbList\",\"@id\":\"https:\\\/\\\/jornaldasoficinas.com\\\/pt\\\/norauto-abre-primeira-loja-de-solucoes-urbanas\\\/#breadcrumb\",\"itemListElement\":[{\"@type\":\"ListItem\",\"position\":1,\"name\":\"In\u00edcio\",\"item\":\"https:\\\/\\\/jornaldasoficinas.com\\\/pt\\\/\"},{\"@type\":\"ListItem\",\"position\":2,\"name\":\"Norauto abre primeira loja de Solu\u00e7\u00f5es Urbanas\"}]},{\"@type\":\"WebSite\",\"@id\":\"https:\\\/\\\/jornaldasoficinas.com\\\/pt\\\/#website\",\"url\":\"https:\\\/\\\/jornaldasoficinas.com\\\/pt\\\/\",\"name\":\"Jornal das Oficinas\",\"description\":\"Jornal independente do Aftermarket Autom\u00f3vel em Portugal\",\"publisher\":{\"@id\":\"https:\\\/\\\/jornaldasoficinas.com\\\/pt\\\/#organization\"},\"potentialAction\":[{\"@type\":\"SearchAction\",\"target\":{\"@type\":\"EntryPoint\",\"urlTemplate\":\"https:\\\/\\\/jornaldasoficinas.com\\\/pt\\\/?s={search_term_string}\"},\"query-input\":{\"@type\":\"PropertyValueSpecification\",\"valueRequired\":true,\"valueName\":\"search_term_string\"}}],\"inLanguage\":\"pt-PT\"},{\"@type\":\"Organization\",\"@id\":\"https:\\\/\\\/jornaldasoficinas.com\\\/pt\\\/#organization\",\"name\":\"Jornal das Oficinas\",\"url\":\"https:\\\/\\\/jornaldasoficinas.com\\\/pt\\\/\",\"logo\":{\"@type\":\"ImageObject\",\"inLanguage\":\"pt-PT\",\"@id\":\"https:\\\/\\\/jornaldasoficinas.com\\\/pt\\\/#\\\/schema\\\/logo\\\/image\\\/\",\"url\":\"https:\\\/\\\/jornaldasoficinas.com\\\/pt\\\/wp-content\\\/uploads\\\/logoJO-SEO.png\",\"contentUrl\":\"https:\\\/\\\/jornaldasoficinas.com\\\/pt\\\/wp-content\\\/uploads\\\/logoJO-SEO.png\",\"width\":285,\"height\":450,\"caption\":\"Jornal das Oficinas\"},\"image\":{\"@id\":\"https:\\\/\\\/jornaldasoficinas.com\\\/pt\\\/#\\\/schema\\\/logo\\\/image\\\/\"},\"sameAs\":[\"https:\\\/\\\/www.facebook.com\\\/jornaloficinas\",\"https:\\\/\\\/x.com\\\/jornaloficinas\",\"https:\\\/\\\/www.instagram.com\\\/jornal_oficinas\\\/\",\"https:\\\/\\\/www.linkedin.com\\\/company\\\/jornal-das-oficinas\\\/\",\"https:\\\/\\\/www.youtube.com\\\/channel\\\/UCbQZBqtcvV-oSQrr7RzINGg\"]},{\"@type\":\"Person\",\"@id\":\"https:\\\/\\\/jornaldasoficinas.com\\\/pt\\\/#\\\/schema\\\/person\\\/a38eef5de2c41d9e7c9ac10141afddf3\",\"name\":\"Reda\u00e7\u00e3o JO\",\"image\":{\"@type\":\"ImageObject\",\"inLanguage\":\"pt-PT\",\"@id\":\"https:\\\/\\\/secure.gravatar.com\\\/avatar\\\/71f2fa71737ad68a84fea94bc708ddac8ea5b0c4788dc2ad202f3ccb2887742f?s=96&d=wp_user_avatar&r=g\",\"url\":\"https:\\\/\\\/secure.gravatar.com\\\/avatar\\\/71f2fa71737ad68a84fea94bc708ddac8ea5b0c4788dc2ad202f3ccb2887742f?s=96&d=wp_user_avatar&r=g\",\"contentUrl\":\"https:\\\/\\\/secure.gravatar.com\\\/avatar\\\/71f2fa71737ad68a84fea94bc708ddac8ea5b0c4788dc2ad202f3ccb2887742f?s=96&d=wp_user_avatar&r=g\",\"caption\":\"Reda\u00e7\u00e3o JO\"},\"url\":\"https:\\\/\\\/jornaldasoficinas.com\\\/pt\\\/author\\\/joredacao\\\/\"}]}<\/script>\n<!-- \/ Yoast SEO plugin. -->","yoast_head_json":{"title":"Norauto abre primeira loja de Solu\u00e7\u00f5es Urbanas - Jornal das Oficinas","description":"Foi inaugurada a primeira loja Norauto Solu\u00e7\u00f5es Urbanas, em Lisboa, que contou com a presen\u00e7a de parceiros, fornecedores e figuras p\u00fablicas","robots":{"index":"index","follow":"follow","max-snippet":"max-snippet:-1","max-image-preview":"max-image-preview:large","max-video-preview":"max-video-preview:-1"},"canonical":"https:\/\/jornaldasoficinas.com\/pt\/norauto-abre-primeira-loja-de-solucoes-urbanas\/","og_locale":"pt_PT","og_type":"article","og_title":"Norauto abre primeira loja de Solu\u00e7\u00f5es Urbanas - Jornal das Oficinas","og_description":"Foi inaugurada a primeira loja Norauto Solu\u00e7\u00f5es Urbanas, em Lisboa, que contou com a presen\u00e7a de parceiros, fornecedores e figuras p\u00fablicas","og_url":"https:\/\/jornaldasoficinas.com\/pt\/norauto-abre-primeira-loja-de-solucoes-urbanas\/","og_site_name":"Jornal das Oficinas","article_publisher":"https:\/\/www.facebook.com\/jornaloficinas","article_published_time":"2022-12-22T12:00:46+00:00","og_image":[{"width":1024,"height":581,"url":"https:\/\/jornaldasoficinas.com\/pt\/wp-content\/uploads\/2022\/12\/Norauto-abre-primeira-loja-de-Solucoes-Urbanas-1.jpeg","type":"image\/jpeg"}],"author":"Reda\u00e7\u00e3o JO","twitter_card":"summary_large_image","twitter_creator":"@jornaloficinas","twitter_site":"@jornaloficinas","twitter_misc":{"Escrito por":"Reda\u00e7\u00e3o JO","Tempo estimado de leitura":"1 minuto"},"schema":{"@context":"https:\/\/schema.org","@graph":[{"@type":"Article","@id":"https:\/\/jornaldasoficinas.com\/pt\/norauto-abre-primeira-loja-de-solucoes-urbanas\/#article","isPartOf":{"@id":"https:\/\/jornaldasoficinas.com\/pt\/norauto-abre-primeira-loja-de-solucoes-urbanas\/"},"author":{"name":"Reda\u00e7\u00e3o JO","@id":"https:\/\/jornaldasoficinas.com\/pt\/#\/schema\/person\/a38eef5de2c41d9e7c9ac10141afddf3"},"headline":"Norauto abre primeira loja de Solu\u00e7\u00f5es Urbanas","datePublished":"2022-12-22T12:00:46+00:00","mainEntityOfPage":{"@id":"https:\/\/jornaldasoficinas.com\/pt\/norauto-abre-primeira-loja-de-solucoes-urbanas\/"},"wordCount":297,"publisher":{"@id":"https:\/\/jornaldasoficinas.com\/pt\/#organization"},"image":{"@id":"https:\/\/jornaldasoficinas.com\/pt\/norauto-abre-primeira-loja-de-solucoes-urbanas\/#primaryimage"},"thumbnailUrl":"https:\/\/jornaldasoficinas.com\/pt\/wp-content\/uploads\/2022\/12\/Norauto-abre-primeira-loja-de-Solucoes-Urbanas-1.jpeg","keywords":["Inaugura\u00e7\u00e3o","Mobilidade","Norauto","Norauto Solu\u00e7\u00f5es Urbanas"],"articleSection":["Empresas"],"inLanguage":"pt-PT"},{"@type":"WebPage","@id":"https:\/\/jornaldasoficinas.com\/pt\/norauto-abre-primeira-loja-de-solucoes-urbanas\/","url":"https:\/\/jornaldasoficinas.com\/pt\/norauto-abre-primeira-loja-de-solucoes-urbanas\/","name":"Norauto abre primeira loja de Solu\u00e7\u00f5es Urbanas - Jornal das Oficinas","isPartOf":{"@id":"https:\/\/jornaldasoficinas.com\/pt\/#website"},"primaryImageOfPage":{"@id":"https:\/\/jornaldasoficinas.com\/pt\/norauto-abre-primeira-loja-de-solucoes-urbanas\/#primaryimage"},"image":{"@id":"https:\/\/jornaldasoficinas.com\/pt\/norauto-abre-primeira-loja-de-solucoes-urbanas\/#primaryimage"},"thumbnailUrl":"https:\/\/jornaldasoficinas.com\/pt\/wp-content\/uploads\/2022\/12\/Norauto-abre-primeira-loja-de-Solucoes-Urbanas-1.jpeg","datePublished":"2022-12-22T12:00:46+00:00","description":"Foi inaugurada a primeira loja Norauto Solu\u00e7\u00f5es Urbanas, em Lisboa, que contou com a presen\u00e7a de parceiros, fornecedores e figuras p\u00fablicas","breadcrumb":{"@id":"https:\/\/jornaldasoficinas.com\/pt\/norauto-abre-primeira-loja-de-solucoes-urbanas\/#breadcrumb"},"inLanguage":"pt-PT","potentialAction":[{"@type":"ReadAction","target":["https:\/\/jornaldasoficinas.com\/pt\/norauto-abre-primeira-loja-de-solucoes-urbanas\/"]}]},{"@type":"ImageObject","inLanguage":"pt-PT","@id":"https:\/\/jornaldasoficinas.com\/pt\/norauto-abre-primeira-loja-de-solucoes-urbanas\/#primaryimage","url":"https:\/\/jornaldasoficinas.com\/pt\/wp-content\/uploads\/2022\/12\/Norauto-abre-primeira-loja-de-Solucoes-Urbanas-1.jpeg","contentUrl":"https:\/\/jornaldasoficinas.com\/pt\/wp-content\/uploads\/2022\/12\/Norauto-abre-primeira-loja-de-Solucoes-Urbanas-1.jpeg","width":1024,"height":581,"caption":"12 - Norauto abre primeira loja de Solucoes Urbanas 1"},{"@type":"BreadcrumbList","@id":"https:\/\/jornaldasoficinas.com\/pt\/norauto-abre-primeira-loja-de-solucoes-urbanas\/#breadcrumb","itemListElement":[{"@type":"ListItem","position":1,"name":"In\u00edcio","item":"https:\/\/jornaldasoficinas.com\/pt\/"},{"@type":"ListItem","position":2,"name":"Norauto abre primeira loja de Solu\u00e7\u00f5es Urbanas"}]},{"@type":"WebSite","@id":"https:\/\/jornaldasoficinas.com\/pt\/#website","url":"https:\/\/jornaldasoficinas.com\/pt\/","name":"Jornal das Oficinas","description":"Jornal independente do Aftermarket Autom\u00f3vel em Portugal","publisher":{"@id":"https:\/\/jornaldasoficinas.com\/pt\/#organization"},"potentialAction":[{"@type":"SearchAction","target":{"@type":"EntryPoint","urlTemplate":"https:\/\/jornaldasoficinas.com\/pt\/?s={search_term_string}"},"query-input":{"@type":"PropertyValueSpecification","valueRequired":true,"valueName":"search_term_string"}}],"inLanguage":"pt-PT"},{"@type":"Organization","@id":"https:\/\/jornaldasoficinas.com\/pt\/#organization","name":"Jornal das Oficinas","url":"https:\/\/jornaldasoficinas.com\/pt\/","logo":{"@type":"ImageObject","inLanguage":"pt-PT","@id":"https:\/\/jornaldasoficinas.com\/pt\/#\/schema\/logo\/image\/","url":"https:\/\/jornaldasoficinas.com\/pt\/wp-content\/uploads\/logoJO-SEO.png","contentUrl":"https:\/\/jornaldasoficinas.com\/pt\/wp-content\/uploads\/logoJO-SEO.png","width":285,"height":450,"caption":"Jornal das Oficinas"},"image":{"@id":"https:\/\/jornaldasoficinas.com\/pt\/#\/schema\/logo\/image\/"},"sameAs":["https:\/\/www.facebook.com\/jornaloficinas","https:\/\/x.com\/jornaloficinas","https:\/\/www.instagram.com\/jornal_oficinas\/","https:\/\/www.linkedin.com\/company\/jornal-das-oficinas\/","https:\/\/www.youtube.com\/channel\/UCbQZBqtcvV-oSQrr7RzINGg"]},{"@type":"Person","@id":"https:\/\/jornaldasoficinas.com\/pt\/#\/schema\/person\/a38eef5de2c41d9e7c9ac10141afddf3","name":"Reda\u00e7\u00e3o JO","image":{"@type":"ImageObject","inLanguage":"pt-PT","@id":"https:\/\/secure.gravatar.com\/avatar\/71f2fa71737ad68a84fea94bc708ddac8ea5b0c4788dc2ad202f3ccb2887742f?s=96&d=wp_user_avatar&r=g","url":"https:\/\/secure.gravatar.com\/avatar\/71f2fa71737ad68a84fea94bc708ddac8ea5b0c4788dc2ad202f3ccb2887742f?s=96&d=wp_user_avatar&r=g","contentUrl":"https:\/\/secure.gravatar.com\/avatar\/71f2fa71737ad68a84fea94bc708ddac8ea5b0c4788dc2ad202f3ccb2887742f?s=96&d=wp_user_avatar&r=g","caption":"Reda\u00e7\u00e3o JO"},"url":"https:\/\/jornaldasoficinas.com\/pt\/author\/joredacao\/"}]}},"_links":{"self":[{"href":"https:\/\/jornaldasoficinas.com\/pt\/wp-json\/wp\/v2\/posts\/35726","targetHints":{"allow":["GET"]}}],"collection":[{"href":"https:\/\/jornaldasoficinas.com\/pt\/wp-json\/wp\/v2\/posts"}],"about":[{"href":"https:\/\/jornaldasoficinas.com\/pt\/wp-json\/wp\/v2\/types\/post"}],"author":[{"embeddable":true,"href":"https:\/\/jornaldasoficinas.com\/pt\/wp-json\/wp\/v2\/users\/15"}],"replies":[{"embeddable":true,"href":"https:\/\/jornaldasoficinas.com\/pt\/wp-json\/wp\/v2\/comments?post=35726"}],"version-history":[{"count":0,"href":"https:\/\/jornaldasoficinas.com\/pt\/wp-json\/wp\/v2\/posts\/35726\/revisions"}],"wp:featuredmedia":[{"embeddable":true,"href":"https:\/\/jornaldasoficinas.com\/pt\/wp-json\/wp\/v2\/media\/35721"}],"wp:attachment":[{"href":"https:\/\/jornaldasoficinas.com\/pt\/wp-json\/wp\/v2\/media?parent=35726"}],"wp:term":[{"taxonomy":"category","embeddable":true,"href":"https:\/\/jornaldasoficinas.com\/pt\/wp-json\/wp\/v2\/categories?post=35726"},{"taxonomy":"post_tag","embeddable":true,"href":"https:\/\/jornaldasoficinas.com\/pt\/wp-json\/wp\/v2\/tags?post=35726"}],"curies":[{"name":"wp","href":"https:\/\/api.w.org\/{rel}","templated":true}]}}