{"id":35731,"date":"2022-12-22T14:00:05","date_gmt":"2022-12-22T14:00:05","guid":{"rendered":"https:\/\/jornaldasoficinas.com\/pt\/?p=35731"},"modified":"2023-07-20T16:10:53","modified_gmt":"2023-07-20T15:10:53","slug":"volvo-fh-com-i-save-consome-menos-18-de-combustivel","status":"publish","type":"post","link":"https:\/\/jornaldasoficinas.com\/pt\/volvo-fh-com-i-save-consome-menos-18-de-combustivel\/","title":{"rendered":"Volvo FH com I-Save consome menos 18% de combust\u00edvel"},"content":{"rendered":"<p><img loading=\"lazy\" decoding=\"async\" class=\"size-full wp-image-35722\" src=\"https:\/\/jornaldasoficinas.com\/pt\/wp-content\/uploads\/2022\/12\/Volvo-FH-com-I-Save-consome-menos-18-de-combustivel.jpg\" alt=\"12 - Volvo FH com I Save consome menos 18 de combustivel\" width=\"1024\" height=\"581\" srcset=\"https:\/\/jornaldasoficinas.com\/pt\/wp-content\/uploads\/2022\/12\/Volvo-FH-com-I-Save-consome-menos-18-de-combustivel.jpg 1024w, https:\/\/jornaldasoficinas.com\/pt\/wp-content\/uploads\/2022\/12\/Volvo-FH-com-I-Save-consome-menos-18-de-combustivel-300x170.jpg 300w, https:\/\/jornaldasoficinas.com\/pt\/wp-content\/uploads\/2022\/12\/Volvo-FH-com-I-Save-consome-menos-18-de-combustivel-150x85.jpg 150w, https:\/\/jornaldasoficinas.com\/pt\/wp-content\/uploads\/2022\/12\/Volvo-FH-com-I-Save-consome-menos-18-de-combustivel-768x436.jpg 768w\" sizes=\"auto, (max-width: 1024px) 100vw, 1024px\" \/><\/p>\n<p><strong>Um novo teste independente feito na Alemanha, focado na efici\u00eancia de combust\u00edvel da <a href=\"https:\/\/www.volvocars.com\/pt\/\" target=\"_blank\" rel=\"noopener\">Volvo,<\/a> com o modelo Volvo FH recentemente atualizado com I-Save, veio mostrar uma redu\u00e7\u00e3o em quase menos 18% de combust\u00edvel em compara\u00e7\u00e3o com o mesmo teste realizado h\u00e1 quatro anos<\/strong><\/p>\n<p>No recente teste realizado pela revista independente alem\u00e3 Trucker, o Volvo FH 460 de 32 toneladas com I-Save foi conduzido numa rota de 343 km de vias p\u00fablicas, incluindo uma variedade de autoestradas, terrenos acidentados e estradas mais estreitas.<\/p>\n<p>Quando comparado com o mesmo teste realizado em 2018 \u2013 antes da Volvo apresentar o pacote de economia de combust\u00edvel I-Save \u2013 o testado Volvo FH 460 com I-Save alcan\u00e7ou uma impressionante redu\u00e7\u00e3o combinada de 18% no consumo de diesel e AdBlue, usando uma m\u00e9dia de apenas 21,48 L \/100km.<\/p>\n<p>\u201cOs efeitos do pacote I-Save, usando melhorias avan\u00e7adas no motor Turbo Compound, novo software mais inteligente e aerodin\u00e2mica refinada, somam-se para proporcionar um uso de combust\u00edvel muito eficiente. Este teste independente \u00e9 mais uma prova s\u00f3lida do grande e positivo impacto que o I-Save tem no consumo de combust\u00edvel\u201d, afirmou Helena Alsi\u00f6, Vice-Presidente de Gest\u00e3o de Produto Linha Motriz da Volvo Trucks.<\/p>\n<p><strong>Baixo consumo de AdBlue cada vez mais importante<br \/>\n<\/strong>Historicamente, o custo do AdBlue tem recebido pouca aten\u00e7\u00e3o. Isso mudou drasticamente, quando os pre\u00e7os deste aditivo aumentaram mais de 100% em muitos mercados. No novo teste, a Volvo tamb\u00e9m conseguiu manter o consumo de AdBlue em 6% do consumo de diesel.<\/p>\n<p>\u201cA economia total de combust\u00edvel, que inclui diesel e AdBlue, tornou-se cada vez mais importante para o custo total da opera\u00e7\u00e3o. Sempre nos concentramos em manter o custo total de combust\u00edvel o mais baixo poss\u00edvel\u201d, continuou Helena Alsi\u00f6.<\/p>\n<p><strong>Motores eficientes \u2013 a chave para reduzir as emiss\u00f5es de CO2<br \/>\n<\/strong>Mesmo que o objetivo da Volvo Trucks seja que os cami\u00f5es el\u00e9tricos representem metade das suas vendas globais de cami\u00f5es em 2030, o motor a diesel continuar\u00e1 a desempenhar um papel importante na redu\u00e7\u00e3o das emiss\u00f5es de CO2. A efici\u00eancia aprimorada proveniente desses novos avan\u00e7os do I-Save no sistema de transmiss\u00e3o \u00e9 uma maneira importante de contribuir para reduzir as emiss\u00f5es de CO2. O motor Turbo Compound tamb\u00e9m est\u00e1 certificado para funcionar com HVO100, um diesel renov\u00e1vel na forma de \u00f3leos vegetais hidrogenados, que reduz drasticamente as emiss\u00f5es de CO2.<\/p>\n<p><strong>Factos sobre o teste e o cami\u00e3o:<\/strong><\/p>\n<ul>\n<li>O teste foi realizado por Jan Burgdorf, das revistas Trucker e VerkehrsRundschau da Alemanha.<\/li>\n<li>Dist\u00e2ncia total da rota de teste: 343 km. A rota \u00e9 usada para testar cami\u00f5es de diferentes fabricantes numa ampla gama de condi\u00e7\u00f5es.<\/li>\n<li>Peso bruto combinado: 32 toneladas.<\/li>\n<li>Velocidade definida no cruise control: 85 km\/h.<\/li>\n<li>Cami\u00e3o testado em 2022: Volvo FH 460 com I-Save, 3\u00aa gera\u00e7\u00e3o. Euro 6.<\/li>\n<li>Cami\u00e3o testado em 2018: Volvo FH 460. Euro 6.<\/li>\n<li>Velocidade m\u00e9dia:<\/li>\n<\/ul>\n<p>&#8211; 2022: 79,9 km\/h<\/p>\n<p>&#8211; 2018: 79,8 km\/h<\/p>\n<ul>\n<li>Consumo de combust\u00edvel incluindo AdBlue:<\/li>\n<\/ul>\n<p>&#8211; 2022: 21,48 L\/100km. Consumo de Ad-Blue em % de diesel: 6,2%<\/p>\n<p>&#8211;\u00a02018: 26,15 L\/100km<\/p>\n","protected":false},"excerpt":{"rendered":"<p>Um novo teste independente feito na&#8230;<\/p>\n","protected":false},"author":15,"featured_media":35722,"comment_status":"closed","ping_status":"closed","sticky":false,"template":"","format":"standard","meta":{"footnotes":""},"categories":[29],"tags":[3504,488,3505,3503],"class_list":["post-35731","post","type-post","status-publish","format-standard","has-post-thumbnail","hentry","category-empresas","tag-eficiencia-de-combustivel","tag-volvo","tag-volvo-fh-460","tag-volvo-fh-com-i-save"],"yoast_head":"<!-- This site is optimized with the Yoast SEO plugin v27.5 - https:\/\/yoast.com\/product\/yoast-seo-wordpress\/ -->\n<title>Volvo FH com I-Save consome menos 18% de combust\u00edvel - Jornal das Oficinas<\/title>\n<meta name=\"description\" content=\"O Volvo FH com I-Save reduz o consumo de combust\u00edvel em quase menos 18% em compara\u00e7\u00e3o com o mesmo realizado h\u00e1 quatro anos\" \/>\n<meta name=\"robots\" content=\"index, follow, max-snippet:-1, max-image-preview:large, max-video-preview:-1\" \/>\n<link rel=\"canonical\" href=\"https:\/\/jornaldasoficinas.com\/pt\/volvo-fh-com-i-save-consome-menos-18-de-combustivel\/\" \/>\n<meta property=\"og:locale\" content=\"pt_PT\" \/>\n<meta property=\"og:type\" content=\"article\" \/>\n<meta property=\"og:title\" content=\"Volvo FH com I-Save consome menos 18% de combust\u00edvel - Jornal das Oficinas\" \/>\n<meta property=\"og:description\" content=\"O Volvo FH com I-Save reduz o consumo de combust\u00edvel em quase menos 18% em compara\u00e7\u00e3o com o mesmo realizado h\u00e1 quatro anos\" \/>\n<meta property=\"og:url\" content=\"https:\/\/jornaldasoficinas.com\/pt\/volvo-fh-com-i-save-consome-menos-18-de-combustivel\/\" \/>\n<meta property=\"og:site_name\" content=\"Jornal das Oficinas\" \/>\n<meta property=\"article:publisher\" content=\"https:\/\/www.facebook.com\/jornaloficinas\" \/>\n<meta property=\"article:published_time\" content=\"2022-12-22T14:00:05+00:00\" \/>\n<meta property=\"article:modified_time\" content=\"2023-07-20T15:10:53+00:00\" \/>\n<meta property=\"og:image\" content=\"https:\/\/jornaldasoficinas.com\/pt\/wp-content\/uploads\/2022\/12\/Volvo-FH-com-I-Save-consome-menos-18-de-combustivel.jpg\" \/>\n\t<meta property=\"og:image:width\" content=\"1024\" \/>\n\t<meta property=\"og:image:height\" content=\"581\" \/>\n\t<meta property=\"og:image:type\" content=\"image\/jpeg\" \/>\n<meta name=\"author\" content=\"Reda\u00e7\u00e3o JO\" \/>\n<meta name=\"twitter:card\" content=\"summary_large_image\" \/>\n<meta name=\"twitter:creator\" content=\"@jornaloficinas\" \/>\n<meta name=\"twitter:site\" content=\"@jornaloficinas\" \/>\n<meta name=\"twitter:label1\" content=\"Escrito por\" \/>\n\t<meta name=\"twitter:data1\" content=\"Reda\u00e7\u00e3o JO\" \/>\n\t<meta name=\"twitter:label2\" content=\"Tempo estimado de leitura\" \/>\n\t<meta name=\"twitter:data2\" content=\"3 minutos\" \/>\n<script type=\"application\/ld+json\" class=\"yoast-schema-graph\">{\"@context\":\"https:\\\/\\\/schema.org\",\"@graph\":[{\"@type\":\"Article\",\"@id\":\"https:\\\/\\\/jornaldasoficinas.com\\\/pt\\\/volvo-fh-com-i-save-consome-menos-18-de-combustivel\\\/#article\",\"isPartOf\":{\"@id\":\"https:\\\/\\\/jornaldasoficinas.com\\\/pt\\\/volvo-fh-com-i-save-consome-menos-18-de-combustivel\\\/\"},\"author\":{\"name\":\"Reda\u00e7\u00e3o JO\",\"@id\":\"https:\\\/\\\/jornaldasoficinas.com\\\/pt\\\/#\\\/schema\\\/person\\\/a38eef5de2c41d9e7c9ac10141afddf3\"},\"headline\":\"Volvo FH com I-Save consome menos 18% de combust\u00edvel\",\"datePublished\":\"2022-12-22T14:00:05+00:00\",\"dateModified\":\"2023-07-20T15:10:53+00:00\",\"mainEntityOfPage\":{\"@id\":\"https:\\\/\\\/jornaldasoficinas.com\\\/pt\\\/volvo-fh-com-i-save-consome-menos-18-de-combustivel\\\/\"},\"wordCount\":514,\"publisher\":{\"@id\":\"https:\\\/\\\/jornaldasoficinas.com\\\/pt\\\/#organization\"},\"image\":{\"@id\":\"https:\\\/\\\/jornaldasoficinas.com\\\/pt\\\/volvo-fh-com-i-save-consome-menos-18-de-combustivel\\\/#primaryimage\"},\"thumbnailUrl\":\"https:\\\/\\\/jornaldasoficinas.com\\\/pt\\\/wp-content\\\/uploads\\\/2022\\\/12\\\/Volvo-FH-com-I-Save-consome-menos-18-de-combustivel.jpg\",\"keywords\":[\"Efici\u00eancia de combust\u00edvel\",\"Volvo\",\"Volvo FH 460\",\"Volvo FH com I-Save\"],\"articleSection\":[\"Empresas\"],\"inLanguage\":\"pt-PT\"},{\"@type\":\"WebPage\",\"@id\":\"https:\\\/\\\/jornaldasoficinas.com\\\/pt\\\/volvo-fh-com-i-save-consome-menos-18-de-combustivel\\\/\",\"url\":\"https:\\\/\\\/jornaldasoficinas.com\\\/pt\\\/volvo-fh-com-i-save-consome-menos-18-de-combustivel\\\/\",\"name\":\"Volvo FH com I-Save consome menos 18% de combust\u00edvel - Jornal das Oficinas\",\"isPartOf\":{\"@id\":\"https:\\\/\\\/jornaldasoficinas.com\\\/pt\\\/#website\"},\"primaryImageOfPage\":{\"@id\":\"https:\\\/\\\/jornaldasoficinas.com\\\/pt\\\/volvo-fh-com-i-save-consome-menos-18-de-combustivel\\\/#primaryimage\"},\"image\":{\"@id\":\"https:\\\/\\\/jornaldasoficinas.com\\\/pt\\\/volvo-fh-com-i-save-consome-menos-18-de-combustivel\\\/#primaryimage\"},\"thumbnailUrl\":\"https:\\\/\\\/jornaldasoficinas.com\\\/pt\\\/wp-content\\\/uploads\\\/2022\\\/12\\\/Volvo-FH-com-I-Save-consome-menos-18-de-combustivel.jpg\",\"datePublished\":\"2022-12-22T14:00:05+00:00\",\"dateModified\":\"2023-07-20T15:10:53+00:00\",\"description\":\"O Volvo FH com I-Save reduz o consumo de combust\u00edvel em quase menos 18% em compara\u00e7\u00e3o com o mesmo realizado h\u00e1 quatro anos\",\"breadcrumb\":{\"@id\":\"https:\\\/\\\/jornaldasoficinas.com\\\/pt\\\/volvo-fh-com-i-save-consome-menos-18-de-combustivel\\\/#breadcrumb\"},\"inLanguage\":\"pt-PT\",\"potentialAction\":[{\"@type\":\"ReadAction\",\"target\":[\"https:\\\/\\\/jornaldasoficinas.com\\\/pt\\\/volvo-fh-com-i-save-consome-menos-18-de-combustivel\\\/\"]}]},{\"@type\":\"ImageObject\",\"inLanguage\":\"pt-PT\",\"@id\":\"https:\\\/\\\/jornaldasoficinas.com\\\/pt\\\/volvo-fh-com-i-save-consome-menos-18-de-combustivel\\\/#primaryimage\",\"url\":\"https:\\\/\\\/jornaldasoficinas.com\\\/pt\\\/wp-content\\\/uploads\\\/2022\\\/12\\\/Volvo-FH-com-I-Save-consome-menos-18-de-combustivel.jpg\",\"contentUrl\":\"https:\\\/\\\/jornaldasoficinas.com\\\/pt\\\/wp-content\\\/uploads\\\/2022\\\/12\\\/Volvo-FH-com-I-Save-consome-menos-18-de-combustivel.jpg\",\"width\":1024,\"height\":581,\"caption\":\"Copyright granted by Thomas Tschackert\"},{\"@type\":\"BreadcrumbList\",\"@id\":\"https:\\\/\\\/jornaldasoficinas.com\\\/pt\\\/volvo-fh-com-i-save-consome-menos-18-de-combustivel\\\/#breadcrumb\",\"itemListElement\":[{\"@type\":\"ListItem\",\"position\":1,\"name\":\"In\u00edcio\",\"item\":\"https:\\\/\\\/jornaldasoficinas.com\\\/pt\\\/\"},{\"@type\":\"ListItem\",\"position\":2,\"name\":\"Volvo FH com I-Save consome menos 18% de combust\u00edvel\"}]},{\"@type\":\"WebSite\",\"@id\":\"https:\\\/\\\/jornaldasoficinas.com\\\/pt\\\/#website\",\"url\":\"https:\\\/\\\/jornaldasoficinas.com\\\/pt\\\/\",\"name\":\"Jornal das Oficinas\",\"description\":\"Jornal independente do Aftermarket Autom\u00f3vel em Portugal\",\"publisher\":{\"@id\":\"https:\\\/\\\/jornaldasoficinas.com\\\/pt\\\/#organization\"},\"potentialAction\":[{\"@type\":\"SearchAction\",\"target\":{\"@type\":\"EntryPoint\",\"urlTemplate\":\"https:\\\/\\\/jornaldasoficinas.com\\\/pt\\\/?s={search_term_string}\"},\"query-input\":{\"@type\":\"PropertyValueSpecification\",\"valueRequired\":true,\"valueName\":\"search_term_string\"}}],\"inLanguage\":\"pt-PT\"},{\"@type\":\"Organization\",\"@id\":\"https:\\\/\\\/jornaldasoficinas.com\\\/pt\\\/#organization\",\"name\":\"Jornal das Oficinas\",\"url\":\"https:\\\/\\\/jornaldasoficinas.com\\\/pt\\\/\",\"logo\":{\"@type\":\"ImageObject\",\"inLanguage\":\"pt-PT\",\"@id\":\"https:\\\/\\\/jornaldasoficinas.com\\\/pt\\\/#\\\/schema\\\/logo\\\/image\\\/\",\"url\":\"https:\\\/\\\/jornaldasoficinas.com\\\/pt\\\/wp-content\\\/uploads\\\/logoJO-SEO.png\",\"contentUrl\":\"https:\\\/\\\/jornaldasoficinas.com\\\/pt\\\/wp-content\\\/uploads\\\/logoJO-SEO.png\",\"width\":285,\"height\":450,\"caption\":\"Jornal das Oficinas\"},\"image\":{\"@id\":\"https:\\\/\\\/jornaldasoficinas.com\\\/pt\\\/#\\\/schema\\\/logo\\\/image\\\/\"},\"sameAs\":[\"https:\\\/\\\/www.facebook.com\\\/jornaloficinas\",\"https:\\\/\\\/x.com\\\/jornaloficinas\",\"https:\\\/\\\/www.instagram.com\\\/jornal_oficinas\\\/\",\"https:\\\/\\\/www.linkedin.com\\\/company\\\/jornal-das-oficinas\\\/\",\"https:\\\/\\\/www.youtube.com\\\/channel\\\/UCbQZBqtcvV-oSQrr7RzINGg\"]},{\"@type\":\"Person\",\"@id\":\"https:\\\/\\\/jornaldasoficinas.com\\\/pt\\\/#\\\/schema\\\/person\\\/a38eef5de2c41d9e7c9ac10141afddf3\",\"name\":\"Reda\u00e7\u00e3o JO\",\"image\":{\"@type\":\"ImageObject\",\"inLanguage\":\"pt-PT\",\"@id\":\"https:\\\/\\\/secure.gravatar.com\\\/avatar\\\/71f2fa71737ad68a84fea94bc708ddac8ea5b0c4788dc2ad202f3ccb2887742f?s=96&d=wp_user_avatar&r=g\",\"url\":\"https:\\\/\\\/secure.gravatar.com\\\/avatar\\\/71f2fa71737ad68a84fea94bc708ddac8ea5b0c4788dc2ad202f3ccb2887742f?s=96&d=wp_user_avatar&r=g\",\"contentUrl\":\"https:\\\/\\\/secure.gravatar.com\\\/avatar\\\/71f2fa71737ad68a84fea94bc708ddac8ea5b0c4788dc2ad202f3ccb2887742f?s=96&d=wp_user_avatar&r=g\",\"caption\":\"Reda\u00e7\u00e3o JO\"},\"url\":\"https:\\\/\\\/jornaldasoficinas.com\\\/pt\\\/author\\\/joredacao\\\/\"}]}<\/script>\n<!-- \/ Yoast SEO plugin. -->","yoast_head_json":{"title":"Volvo FH com I-Save consome menos 18% de combust\u00edvel - Jornal das Oficinas","description":"O Volvo FH com I-Save reduz o consumo de combust\u00edvel em quase menos 18% em compara\u00e7\u00e3o com o mesmo realizado h\u00e1 quatro anos","robots":{"index":"index","follow":"follow","max-snippet":"max-snippet:-1","max-image-preview":"max-image-preview:large","max-video-preview":"max-video-preview:-1"},"canonical":"https:\/\/jornaldasoficinas.com\/pt\/volvo-fh-com-i-save-consome-menos-18-de-combustivel\/","og_locale":"pt_PT","og_type":"article","og_title":"Volvo FH com I-Save consome menos 18% de combust\u00edvel - Jornal das Oficinas","og_description":"O Volvo FH com I-Save reduz o consumo de combust\u00edvel em quase menos 18% em compara\u00e7\u00e3o com o mesmo realizado h\u00e1 quatro anos","og_url":"https:\/\/jornaldasoficinas.com\/pt\/volvo-fh-com-i-save-consome-menos-18-de-combustivel\/","og_site_name":"Jornal das Oficinas","article_publisher":"https:\/\/www.facebook.com\/jornaloficinas","article_published_time":"2022-12-22T14:00:05+00:00","article_modified_time":"2023-07-20T15:10:53+00:00","og_image":[{"width":1024,"height":581,"url":"https:\/\/jornaldasoficinas.com\/pt\/wp-content\/uploads\/2022\/12\/Volvo-FH-com-I-Save-consome-menos-18-de-combustivel.jpg","type":"image\/jpeg"}],"author":"Reda\u00e7\u00e3o JO","twitter_card":"summary_large_image","twitter_creator":"@jornaloficinas","twitter_site":"@jornaloficinas","twitter_misc":{"Escrito por":"Reda\u00e7\u00e3o JO","Tempo estimado de leitura":"3 minutos"},"schema":{"@context":"https:\/\/schema.org","@graph":[{"@type":"Article","@id":"https:\/\/jornaldasoficinas.com\/pt\/volvo-fh-com-i-save-consome-menos-18-de-combustivel\/#article","isPartOf":{"@id":"https:\/\/jornaldasoficinas.com\/pt\/volvo-fh-com-i-save-consome-menos-18-de-combustivel\/"},"author":{"name":"Reda\u00e7\u00e3o JO","@id":"https:\/\/jornaldasoficinas.com\/pt\/#\/schema\/person\/a38eef5de2c41d9e7c9ac10141afddf3"},"headline":"Volvo FH com I-Save consome menos 18% de combust\u00edvel","datePublished":"2022-12-22T14:00:05+00:00","dateModified":"2023-07-20T15:10:53+00:00","mainEntityOfPage":{"@id":"https:\/\/jornaldasoficinas.com\/pt\/volvo-fh-com-i-save-consome-menos-18-de-combustivel\/"},"wordCount":514,"publisher":{"@id":"https:\/\/jornaldasoficinas.com\/pt\/#organization"},"image":{"@id":"https:\/\/jornaldasoficinas.com\/pt\/volvo-fh-com-i-save-consome-menos-18-de-combustivel\/#primaryimage"},"thumbnailUrl":"https:\/\/jornaldasoficinas.com\/pt\/wp-content\/uploads\/2022\/12\/Volvo-FH-com-I-Save-consome-menos-18-de-combustivel.jpg","keywords":["Efici\u00eancia de combust\u00edvel","Volvo","Volvo FH 460","Volvo FH com I-Save"],"articleSection":["Empresas"],"inLanguage":"pt-PT"},{"@type":"WebPage","@id":"https:\/\/jornaldasoficinas.com\/pt\/volvo-fh-com-i-save-consome-menos-18-de-combustivel\/","url":"https:\/\/jornaldasoficinas.com\/pt\/volvo-fh-com-i-save-consome-menos-18-de-combustivel\/","name":"Volvo FH com I-Save consome menos 18% de combust\u00edvel - Jornal das Oficinas","isPartOf":{"@id":"https:\/\/jornaldasoficinas.com\/pt\/#website"},"primaryImageOfPage":{"@id":"https:\/\/jornaldasoficinas.com\/pt\/volvo-fh-com-i-save-consome-menos-18-de-combustivel\/#primaryimage"},"image":{"@id":"https:\/\/jornaldasoficinas.com\/pt\/volvo-fh-com-i-save-consome-menos-18-de-combustivel\/#primaryimage"},"thumbnailUrl":"https:\/\/jornaldasoficinas.com\/pt\/wp-content\/uploads\/2022\/12\/Volvo-FH-com-I-Save-consome-menos-18-de-combustivel.jpg","datePublished":"2022-12-22T14:00:05+00:00","dateModified":"2023-07-20T15:10:53+00:00","description":"O Volvo FH com I-Save reduz o consumo de combust\u00edvel em quase menos 18% em compara\u00e7\u00e3o com o mesmo realizado h\u00e1 quatro anos","breadcrumb":{"@id":"https:\/\/jornaldasoficinas.com\/pt\/volvo-fh-com-i-save-consome-menos-18-de-combustivel\/#breadcrumb"},"inLanguage":"pt-PT","potentialAction":[{"@type":"ReadAction","target":["https:\/\/jornaldasoficinas.com\/pt\/volvo-fh-com-i-save-consome-menos-18-de-combustivel\/"]}]},{"@type":"ImageObject","inLanguage":"pt-PT","@id":"https:\/\/jornaldasoficinas.com\/pt\/volvo-fh-com-i-save-consome-menos-18-de-combustivel\/#primaryimage","url":"https:\/\/jornaldasoficinas.com\/pt\/wp-content\/uploads\/2022\/12\/Volvo-FH-com-I-Save-consome-menos-18-de-combustivel.jpg","contentUrl":"https:\/\/jornaldasoficinas.com\/pt\/wp-content\/uploads\/2022\/12\/Volvo-FH-com-I-Save-consome-menos-18-de-combustivel.jpg","width":1024,"height":581,"caption":"Copyright granted by Thomas Tschackert"},{"@type":"BreadcrumbList","@id":"https:\/\/jornaldasoficinas.com\/pt\/volvo-fh-com-i-save-consome-menos-18-de-combustivel\/#breadcrumb","itemListElement":[{"@type":"ListItem","position":1,"name":"In\u00edcio","item":"https:\/\/jornaldasoficinas.com\/pt\/"},{"@type":"ListItem","position":2,"name":"Volvo FH com I-Save consome menos 18% de combust\u00edvel"}]},{"@type":"WebSite","@id":"https:\/\/jornaldasoficinas.com\/pt\/#website","url":"https:\/\/jornaldasoficinas.com\/pt\/","name":"Jornal das Oficinas","description":"Jornal independente do Aftermarket Autom\u00f3vel em Portugal","publisher":{"@id":"https:\/\/jornaldasoficinas.com\/pt\/#organization"},"potentialAction":[{"@type":"SearchAction","target":{"@type":"EntryPoint","urlTemplate":"https:\/\/jornaldasoficinas.com\/pt\/?s={search_term_string}"},"query-input":{"@type":"PropertyValueSpecification","valueRequired":true,"valueName":"search_term_string"}}],"inLanguage":"pt-PT"},{"@type":"Organization","@id":"https:\/\/jornaldasoficinas.com\/pt\/#organization","name":"Jornal das Oficinas","url":"https:\/\/jornaldasoficinas.com\/pt\/","logo":{"@type":"ImageObject","inLanguage":"pt-PT","@id":"https:\/\/jornaldasoficinas.com\/pt\/#\/schema\/logo\/image\/","url":"https:\/\/jornaldasoficinas.com\/pt\/wp-content\/uploads\/logoJO-SEO.png","contentUrl":"https:\/\/jornaldasoficinas.com\/pt\/wp-content\/uploads\/logoJO-SEO.png","width":285,"height":450,"caption":"Jornal das Oficinas"},"image":{"@id":"https:\/\/jornaldasoficinas.com\/pt\/#\/schema\/logo\/image\/"},"sameAs":["https:\/\/www.facebook.com\/jornaloficinas","https:\/\/x.com\/jornaloficinas","https:\/\/www.instagram.com\/jornal_oficinas\/","https:\/\/www.linkedin.com\/company\/jornal-das-oficinas\/","https:\/\/www.youtube.com\/channel\/UCbQZBqtcvV-oSQrr7RzINGg"]},{"@type":"Person","@id":"https:\/\/jornaldasoficinas.com\/pt\/#\/schema\/person\/a38eef5de2c41d9e7c9ac10141afddf3","name":"Reda\u00e7\u00e3o JO","image":{"@type":"ImageObject","inLanguage":"pt-PT","@id":"https:\/\/secure.gravatar.com\/avatar\/71f2fa71737ad68a84fea94bc708ddac8ea5b0c4788dc2ad202f3ccb2887742f?s=96&d=wp_user_avatar&r=g","url":"https:\/\/secure.gravatar.com\/avatar\/71f2fa71737ad68a84fea94bc708ddac8ea5b0c4788dc2ad202f3ccb2887742f?s=96&d=wp_user_avatar&r=g","contentUrl":"https:\/\/secure.gravatar.com\/avatar\/71f2fa71737ad68a84fea94bc708ddac8ea5b0c4788dc2ad202f3ccb2887742f?s=96&d=wp_user_avatar&r=g","caption":"Reda\u00e7\u00e3o JO"},"url":"https:\/\/jornaldasoficinas.com\/pt\/author\/joredacao\/"}]}},"_links":{"self":[{"href":"https:\/\/jornaldasoficinas.com\/pt\/wp-json\/wp\/v2\/posts\/35731","targetHints":{"allow":["GET"]}}],"collection":[{"href":"https:\/\/jornaldasoficinas.com\/pt\/wp-json\/wp\/v2\/posts"}],"about":[{"href":"https:\/\/jornaldasoficinas.com\/pt\/wp-json\/wp\/v2\/types\/post"}],"author":[{"embeddable":true,"href":"https:\/\/jornaldasoficinas.com\/pt\/wp-json\/wp\/v2\/users\/15"}],"replies":[{"embeddable":true,"href":"https:\/\/jornaldasoficinas.com\/pt\/wp-json\/wp\/v2\/comments?post=35731"}],"version-history":[{"count":0,"href":"https:\/\/jornaldasoficinas.com\/pt\/wp-json\/wp\/v2\/posts\/35731\/revisions"}],"wp:featuredmedia":[{"embeddable":true,"href":"https:\/\/jornaldasoficinas.com\/pt\/wp-json\/wp\/v2\/media\/35722"}],"wp:attachment":[{"href":"https:\/\/jornaldasoficinas.com\/pt\/wp-json\/wp\/v2\/media?parent=35731"}],"wp:term":[{"taxonomy":"category","embeddable":true,"href":"https:\/\/jornaldasoficinas.com\/pt\/wp-json\/wp\/v2\/categories?post=35731"},{"taxonomy":"post_tag","embeddable":true,"href":"https:\/\/jornaldasoficinas.com\/pt\/wp-json\/wp\/v2\/tags?post=35731"}],"curies":[{"name":"wp","href":"https:\/\/api.w.org\/{rel}","templated":true}]}}