{"id":35833,"date":"2022-12-26T10:00:39","date_gmt":"2022-12-26T10:00:39","guid":{"rendered":"https:\/\/jornaldasoficinas.com\/pt\/?p=35833"},"modified":"2022-12-26T20:43:29","modified_gmt":"2022-12-26T20:43:29","slug":"schaeffler-conquista-classificacao-a-pela-cdp","status":"publish","type":"post","link":"https:\/\/jornaldasoficinas.com\/pt\/schaeffler-conquista-classificacao-a-pela-cdp\/","title":{"rendered":"Schaeffler conquista classifica\u00e7\u00e3o \u201cA\u201d pela CDP"},"content":{"rendered":"<p><strong><img loading=\"lazy\" decoding=\"async\" class=\"alignnone size-full wp-image-35830\" src=\"https:\/\/jornaldasoficinas.com\/pt\/wp-content\/uploads\/2022\/12\/Schaeffler-conquista-classificacao-A-pela-CDP.png\" alt=\"12 - Schaeffler conquista classificacao A pela CDP\" width=\"1024\" height=\"581\" srcset=\"https:\/\/jornaldasoficinas.com\/pt\/wp-content\/uploads\/2022\/12\/Schaeffler-conquista-classificacao-A-pela-CDP.png 1024w, https:\/\/jornaldasoficinas.com\/pt\/wp-content\/uploads\/2022\/12\/Schaeffler-conquista-classificacao-A-pela-CDP-300x170.png 300w, https:\/\/jornaldasoficinas.com\/pt\/wp-content\/uploads\/2022\/12\/Schaeffler-conquista-classificacao-A-pela-CDP-150x85.png 150w, https:\/\/jornaldasoficinas.com\/pt\/wp-content\/uploads\/2022\/12\/Schaeffler-conquista-classificacao-A-pela-CDP-768x436.png 768w\" sizes=\"auto, (max-width: 1024px) 100vw, 1024px\" \/><\/strong><\/p>\n<p><strong>A <a href=\"https:\/\/www.schaeffler.es\/pt\/\" target=\"_blank\" rel=\"noopener\">Schaeffler<\/a> foi reconhecido pela <a href=\"https:\/\/www.cdp.net\/en\" target=\"_blank\" rel=\"noopener\">CDP<\/a> pela sua lideran\u00e7a na transpar\u00eancia e atua\u00e7\u00e3o em rela\u00e7\u00e3o \u00e0s altera\u00e7\u00f5es clim\u00e1ticas e \u00e0 seguran\u00e7a h\u00eddrica. A empresa, melhorou a sua classifica\u00e7\u00e3o de \u201cA-\u201d para \u201cA\u201d tanto no que diz respeito \u00e0s altera\u00e7\u00f5es clim\u00e1ticas como \u00e0 seguran\u00e7a h\u00eddrica<\/strong><\/p>\n<p>No total, foram analisados e divulgados dados de mais de 18.700 empresas. O CDP gere a maior base de dados de transpar\u00eancia ambiental do mundo. Todos os anos recolhe dados sobre as emiss\u00f5es de CO2, os perfis de risco clim\u00e1tico e as estrat\u00e9gias e objetivos de redu\u00e7\u00e3o de empresas de todo o mundo. \u201cEste excelente resultado da Schaeffler envia uma mensagem importante a todas as partes interessadas na empresa, que prestam muita aten\u00e7\u00e3o \u00e0s classifica\u00e7\u00f5es do CDP\u201d, disse o CEO da Schaeffler, Klaus Rosenfeld.<\/p>\n<p><strong>A lideran\u00e7a ambiental \u00e9 uma viagem constante<br \/>\n<\/strong>Atingir a categoria A \u00e9 a transi\u00e7\u00e3o mais dif\u00edcil de conseguir no sistema de classifica\u00e7\u00f5es do CDP, um salto que muito poucas empresas conseguem dar.<\/p>\n<p>\u201cDemonstra que estamos no bom caminho, com o nosso foco na sustentabilidade<\/p>\n<p>como parte do nosso Roadmap 2025\u201d, explicou Klaus Rosenfeld. \u201cDito isto, sabemos que temos ainda um longo caminho a percorrer e que implementar a nossa estrat\u00e9gia de sustentabilidade no ambiente atual continuar\u00e1 a ser um desafio consider\u00e1vel\u201d. O sucesso da atua\u00e7\u00e3o da Schaeffler no CDP tamb\u00e9m reflete as melhorias obtidas na recolha de dados ambientais da empresa, a maior integra\u00e7\u00e3o das considera\u00e7\u00f5es clim\u00e1ticas nos processos de neg\u00f3cio e a transpar\u00eancia da sua informa\u00e7\u00e3o.<\/p>\n<p><strong>Cadeia de fornecimento neutra em termos clim\u00e1ticos para 2040<br \/>\n<\/strong>A Schaeffler obteve a sua recente classifica\u00e7\u00e3o do CDP devido a v\u00e1rios fatores,<\/p>\n<p>como o seu objetivo de atingir a neutralidade clim\u00e1tica na sua cadeia de abastecimento em 2040, o seu aproveitamento das oportunidades oferecidas pela mobilidade el\u00e9trica e as medidas que adotou no \u00e2mbito do seu programa de<\/p>\n<p>efici\u00eancia energ\u00e9tica de 2021. O CDP tamb\u00e9m valorizou positivamente o facto de toda a eletricidade consumida em todas as instala\u00e7\u00f5es da Schaeffler na Europa ser proveniente de fontes renov\u00e1veis. Este ano, pela primeira vez, o question\u00e1rio sobre as altera\u00e7\u00f5es clim\u00e1ticas tamb\u00e9m integrou um m\u00f3dulo sobre biodiversidade.<\/p>\n<p>A classifica\u00e7\u00e3o atribu\u00edda na categoria da \u00e1gua baseia-se numa gama de fatores,<\/p>\n<p>como as medidas concretas relacionadas com a \u00e1gua que a Schaeffler implementou em 2021, uma descri\u00e7\u00e3o detalhada dos processos de gest\u00e3o da empresa relativamente aos riscos relacionados com a \u00e1gua e a inclus\u00e3o da \u00e1gua<\/p>\n<p>na remunera\u00e7\u00e3o vari\u00e1vel a curto prazo dos gestores. Foi ainda considerado o uso da an\u00e1lise de cen\u00e1rios clim\u00e1ticos.<\/p>\n<p><strong>O padr\u00e3o de refer\u00eancia na transpar\u00eancia ambiental<\/strong><br \/>\nO sistema de classifica\u00e7\u00f5es do CDP \u00e9 considerado em todo o mundo como padr\u00e3o de refer\u00eancia para a transpar\u00eancia ambiental das empresas. Em 2022 mais de 680 investidores, com mais de 130 mil milh\u00f5es de d\u00f3lares em ativos e mais de 280 grandes compradores, que representam mais de 6,4 mil milh\u00f5es de d\u00f3lares em aquisi\u00e7\u00f5es, solicitaram a milhares de empresas que divulgassem os seus dados ambientais atrav\u00e9s da plataforma CDP. O CDP aplica metodologias detalhadas e independentes para avaliar cada uma das empresas participantes e atribui pontua\u00e7\u00f5es que v\u00e3o desde o A at\u00e9 ao D- com base no n\u00edvel de detalhe e exaustividade da transpar\u00eancia da empresa, no reconhecimento e gest\u00e3o dos<\/p>\n<p>riscos ambientais por parte da referida empresa e na demonstra\u00e7\u00e3o das melhores pr\u00e1ticas de gest\u00e3o ambiental, em combina\u00e7\u00e3o com a lideran\u00e7a em quest\u00f5es ambientais, evidenciado pela ado\u00e7\u00e3o de medidas como o compromisso com objetivos ambiciosos.<\/p>\n","protected":false},"excerpt":{"rendered":"<p>A Schaeffler foi reconhecido pela CDP&#8230;<\/p>\n","protected":false},"author":15,"featured_media":35830,"comment_status":"closed","ping_status":"closed","sticky":false,"template":"","format":"standard","meta":{"footnotes":""},"categories":[29],"tags":[3453,1422,3557,1840,3551],"class_list":["post-35833","post","type-post","status-publish","format-standard","has-post-thumbnail","hentry","category-empresas","tag-alteracoes-climaticas","tag-cdp","tag-classificacao-a","tag-schaeffler","tag-seguranca-hidrica"],"yoast_head":"<!-- This site is optimized with the Yoast SEO plugin v27.5 - https:\/\/yoast.com\/product\/yoast-seo-wordpress\/ -->\n<title>Schaeffler conquista classifica\u00e7\u00e3o \u201cA\u201d pela CDP - Jornal das Oficinas<\/title>\n<meta name=\"description\" content=\"A Schaeffler melhorou a sua classifica\u00e7\u00e3o de \u201cA-\u201d para \u201cA\u201d tanto no que diz respeito \u00e0s altera\u00e7\u00f5es clim\u00e1ticas como \u00e0 seguran\u00e7a h\u00eddrica\" \/>\n<meta name=\"robots\" content=\"index, follow, max-snippet:-1, max-image-preview:large, max-video-preview:-1\" \/>\n<link rel=\"canonical\" href=\"https:\/\/jornaldasoficinas.com\/pt\/schaeffler-conquista-classificacao-a-pela-cdp\/\" \/>\n<meta property=\"og:locale\" content=\"pt_PT\" \/>\n<meta property=\"og:type\" content=\"article\" \/>\n<meta property=\"og:title\" content=\"Schaeffler conquista classifica\u00e7\u00e3o \u201cA\u201d pela CDP - Jornal das Oficinas\" \/>\n<meta property=\"og:description\" content=\"A Schaeffler melhorou a sua classifica\u00e7\u00e3o de \u201cA-\u201d para \u201cA\u201d tanto no que diz respeito \u00e0s altera\u00e7\u00f5es clim\u00e1ticas como \u00e0 seguran\u00e7a h\u00eddrica\" \/>\n<meta property=\"og:url\" content=\"https:\/\/jornaldasoficinas.com\/pt\/schaeffler-conquista-classificacao-a-pela-cdp\/\" \/>\n<meta property=\"og:site_name\" content=\"Jornal das Oficinas\" \/>\n<meta property=\"article:publisher\" content=\"https:\/\/www.facebook.com\/jornaloficinas\" \/>\n<meta property=\"article:published_time\" content=\"2022-12-26T10:00:39+00:00\" \/>\n<meta property=\"article:modified_time\" content=\"2022-12-26T20:43:29+00:00\" \/>\n<meta property=\"og:image\" content=\"https:\/\/jornaldasoficinas.com\/pt\/wp-content\/uploads\/2022\/12\/Schaeffler-conquista-classificacao-A-pela-CDP.png\" \/>\n\t<meta property=\"og:image:width\" content=\"1024\" \/>\n\t<meta property=\"og:image:height\" content=\"581\" \/>\n\t<meta property=\"og:image:type\" content=\"image\/png\" \/>\n<meta name=\"author\" content=\"Reda\u00e7\u00e3o JO\" \/>\n<meta name=\"twitter:card\" content=\"summary_large_image\" \/>\n<meta name=\"twitter:creator\" content=\"@jornaloficinas\" \/>\n<meta name=\"twitter:site\" content=\"@jornaloficinas\" \/>\n<meta name=\"twitter:label1\" content=\"Escrito por\" \/>\n\t<meta name=\"twitter:data1\" content=\"Reda\u00e7\u00e3o JO\" \/>\n\t<meta name=\"twitter:label2\" content=\"Tempo estimado de leitura\" \/>\n\t<meta name=\"twitter:data2\" content=\"3 minutos\" \/>\n<script type=\"application\/ld+json\" class=\"yoast-schema-graph\">{\"@context\":\"https:\\\/\\\/schema.org\",\"@graph\":[{\"@type\":\"Article\",\"@id\":\"https:\\\/\\\/jornaldasoficinas.com\\\/pt\\\/schaeffler-conquista-classificacao-a-pela-cdp\\\/#article\",\"isPartOf\":{\"@id\":\"https:\\\/\\\/jornaldasoficinas.com\\\/pt\\\/schaeffler-conquista-classificacao-a-pela-cdp\\\/\"},\"author\":{\"name\":\"Reda\u00e7\u00e3o JO\",\"@id\":\"https:\\\/\\\/jornaldasoficinas.com\\\/pt\\\/#\\\/schema\\\/person\\\/a38eef5de2c41d9e7c9ac10141afddf3\"},\"headline\":\"Schaeffler conquista classifica\u00e7\u00e3o \u201cA\u201d pela CDP\",\"datePublished\":\"2022-12-26T10:00:39+00:00\",\"dateModified\":\"2022-12-26T20:43:29+00:00\",\"mainEntityOfPage\":{\"@id\":\"https:\\\/\\\/jornaldasoficinas.com\\\/pt\\\/schaeffler-conquista-classificacao-a-pela-cdp\\\/\"},\"wordCount\":643,\"publisher\":{\"@id\":\"https:\\\/\\\/jornaldasoficinas.com\\\/pt\\\/#organization\"},\"image\":{\"@id\":\"https:\\\/\\\/jornaldasoficinas.com\\\/pt\\\/schaeffler-conquista-classificacao-a-pela-cdp\\\/#primaryimage\"},\"thumbnailUrl\":\"https:\\\/\\\/jornaldasoficinas.com\\\/pt\\\/wp-content\\\/uploads\\\/2022\\\/12\\\/Schaeffler-conquista-classificacao-A-pela-CDP.png\",\"keywords\":[\"Altera\u00e7\u00f5es clim\u00e1ticas\",\"CDP\",\"Classifica\u00e7\u00e3o A\",\"Schaeffler\",\"Seguran\u00e7a h\u00eddrica\"],\"articleSection\":[\"Empresas\"],\"inLanguage\":\"pt-PT\"},{\"@type\":\"WebPage\",\"@id\":\"https:\\\/\\\/jornaldasoficinas.com\\\/pt\\\/schaeffler-conquista-classificacao-a-pela-cdp\\\/\",\"url\":\"https:\\\/\\\/jornaldasoficinas.com\\\/pt\\\/schaeffler-conquista-classificacao-a-pela-cdp\\\/\",\"name\":\"Schaeffler conquista classifica\u00e7\u00e3o \u201cA\u201d pela CDP - Jornal das Oficinas\",\"isPartOf\":{\"@id\":\"https:\\\/\\\/jornaldasoficinas.com\\\/pt\\\/#website\"},\"primaryImageOfPage\":{\"@id\":\"https:\\\/\\\/jornaldasoficinas.com\\\/pt\\\/schaeffler-conquista-classificacao-a-pela-cdp\\\/#primaryimage\"},\"image\":{\"@id\":\"https:\\\/\\\/jornaldasoficinas.com\\\/pt\\\/schaeffler-conquista-classificacao-a-pela-cdp\\\/#primaryimage\"},\"thumbnailUrl\":\"https:\\\/\\\/jornaldasoficinas.com\\\/pt\\\/wp-content\\\/uploads\\\/2022\\\/12\\\/Schaeffler-conquista-classificacao-A-pela-CDP.png\",\"datePublished\":\"2022-12-26T10:00:39+00:00\",\"dateModified\":\"2022-12-26T20:43:29+00:00\",\"description\":\"A Schaeffler melhorou a sua classifica\u00e7\u00e3o de \u201cA-\u201d para \u201cA\u201d tanto no que diz respeito \u00e0s altera\u00e7\u00f5es clim\u00e1ticas como \u00e0 seguran\u00e7a h\u00eddrica\",\"breadcrumb\":{\"@id\":\"https:\\\/\\\/jornaldasoficinas.com\\\/pt\\\/schaeffler-conquista-classificacao-a-pela-cdp\\\/#breadcrumb\"},\"inLanguage\":\"pt-PT\",\"potentialAction\":[{\"@type\":\"ReadAction\",\"target\":[\"https:\\\/\\\/jornaldasoficinas.com\\\/pt\\\/schaeffler-conquista-classificacao-a-pela-cdp\\\/\"]}]},{\"@type\":\"ImageObject\",\"inLanguage\":\"pt-PT\",\"@id\":\"https:\\\/\\\/jornaldasoficinas.com\\\/pt\\\/schaeffler-conquista-classificacao-a-pela-cdp\\\/#primaryimage\",\"url\":\"https:\\\/\\\/jornaldasoficinas.com\\\/pt\\\/wp-content\\\/uploads\\\/2022\\\/12\\\/Schaeffler-conquista-classificacao-A-pela-CDP.png\",\"contentUrl\":\"https:\\\/\\\/jornaldasoficinas.com\\\/pt\\\/wp-content\\\/uploads\\\/2022\\\/12\\\/Schaeffler-conquista-classificacao-A-pela-CDP.png\",\"width\":1024,\"height\":581,\"caption\":\"12 - Schaeffler conquista classificacao A pela CDP\"},{\"@type\":\"BreadcrumbList\",\"@id\":\"https:\\\/\\\/jornaldasoficinas.com\\\/pt\\\/schaeffler-conquista-classificacao-a-pela-cdp\\\/#breadcrumb\",\"itemListElement\":[{\"@type\":\"ListItem\",\"position\":1,\"name\":\"In\u00edcio\",\"item\":\"https:\\\/\\\/jornaldasoficinas.com\\\/pt\\\/\"},{\"@type\":\"ListItem\",\"position\":2,\"name\":\"Schaeffler conquista classifica\u00e7\u00e3o \u201cA\u201d pela CDP\"}]},{\"@type\":\"WebSite\",\"@id\":\"https:\\\/\\\/jornaldasoficinas.com\\\/pt\\\/#website\",\"url\":\"https:\\\/\\\/jornaldasoficinas.com\\\/pt\\\/\",\"name\":\"Jornal das Oficinas\",\"description\":\"Jornal independente do Aftermarket Autom\u00f3vel em Portugal\",\"publisher\":{\"@id\":\"https:\\\/\\\/jornaldasoficinas.com\\\/pt\\\/#organization\"},\"potentialAction\":[{\"@type\":\"SearchAction\",\"target\":{\"@type\":\"EntryPoint\",\"urlTemplate\":\"https:\\\/\\\/jornaldasoficinas.com\\\/pt\\\/?s={search_term_string}\"},\"query-input\":{\"@type\":\"PropertyValueSpecification\",\"valueRequired\":true,\"valueName\":\"search_term_string\"}}],\"inLanguage\":\"pt-PT\"},{\"@type\":\"Organization\",\"@id\":\"https:\\\/\\\/jornaldasoficinas.com\\\/pt\\\/#organization\",\"name\":\"Jornal das Oficinas\",\"url\":\"https:\\\/\\\/jornaldasoficinas.com\\\/pt\\\/\",\"logo\":{\"@type\":\"ImageObject\",\"inLanguage\":\"pt-PT\",\"@id\":\"https:\\\/\\\/jornaldasoficinas.com\\\/pt\\\/#\\\/schema\\\/logo\\\/image\\\/\",\"url\":\"https:\\\/\\\/jornaldasoficinas.com\\\/pt\\\/wp-content\\\/uploads\\\/logoJO-SEO.png\",\"contentUrl\":\"https:\\\/\\\/jornaldasoficinas.com\\\/pt\\\/wp-content\\\/uploads\\\/logoJO-SEO.png\",\"width\":285,\"height\":450,\"caption\":\"Jornal das Oficinas\"},\"image\":{\"@id\":\"https:\\\/\\\/jornaldasoficinas.com\\\/pt\\\/#\\\/schema\\\/logo\\\/image\\\/\"},\"sameAs\":[\"https:\\\/\\\/www.facebook.com\\\/jornaloficinas\",\"https:\\\/\\\/x.com\\\/jornaloficinas\",\"https:\\\/\\\/www.instagram.com\\\/jornal_oficinas\\\/\",\"https:\\\/\\\/www.linkedin.com\\\/company\\\/jornal-das-oficinas\\\/\",\"https:\\\/\\\/www.youtube.com\\\/channel\\\/UCbQZBqtcvV-oSQrr7RzINGg\"]},{\"@type\":\"Person\",\"@id\":\"https:\\\/\\\/jornaldasoficinas.com\\\/pt\\\/#\\\/schema\\\/person\\\/a38eef5de2c41d9e7c9ac10141afddf3\",\"name\":\"Reda\u00e7\u00e3o JO\",\"image\":{\"@type\":\"ImageObject\",\"inLanguage\":\"pt-PT\",\"@id\":\"https:\\\/\\\/secure.gravatar.com\\\/avatar\\\/71f2fa71737ad68a84fea94bc708ddac8ea5b0c4788dc2ad202f3ccb2887742f?s=96&d=wp_user_avatar&r=g\",\"url\":\"https:\\\/\\\/secure.gravatar.com\\\/avatar\\\/71f2fa71737ad68a84fea94bc708ddac8ea5b0c4788dc2ad202f3ccb2887742f?s=96&d=wp_user_avatar&r=g\",\"contentUrl\":\"https:\\\/\\\/secure.gravatar.com\\\/avatar\\\/71f2fa71737ad68a84fea94bc708ddac8ea5b0c4788dc2ad202f3ccb2887742f?s=96&d=wp_user_avatar&r=g\",\"caption\":\"Reda\u00e7\u00e3o JO\"},\"url\":\"https:\\\/\\\/jornaldasoficinas.com\\\/pt\\\/author\\\/joredacao\\\/\"}]}<\/script>\n<!-- \/ Yoast SEO plugin. -->","yoast_head_json":{"title":"Schaeffler conquista classifica\u00e7\u00e3o \u201cA\u201d pela CDP - Jornal das Oficinas","description":"A Schaeffler melhorou a sua classifica\u00e7\u00e3o de \u201cA-\u201d para \u201cA\u201d tanto no que diz respeito \u00e0s altera\u00e7\u00f5es clim\u00e1ticas como \u00e0 seguran\u00e7a h\u00eddrica","robots":{"index":"index","follow":"follow","max-snippet":"max-snippet:-1","max-image-preview":"max-image-preview:large","max-video-preview":"max-video-preview:-1"},"canonical":"https:\/\/jornaldasoficinas.com\/pt\/schaeffler-conquista-classificacao-a-pela-cdp\/","og_locale":"pt_PT","og_type":"article","og_title":"Schaeffler conquista classifica\u00e7\u00e3o \u201cA\u201d pela CDP - Jornal das Oficinas","og_description":"A Schaeffler melhorou a sua classifica\u00e7\u00e3o de \u201cA-\u201d para \u201cA\u201d tanto no que diz respeito \u00e0s altera\u00e7\u00f5es clim\u00e1ticas como \u00e0 seguran\u00e7a h\u00eddrica","og_url":"https:\/\/jornaldasoficinas.com\/pt\/schaeffler-conquista-classificacao-a-pela-cdp\/","og_site_name":"Jornal das Oficinas","article_publisher":"https:\/\/www.facebook.com\/jornaloficinas","article_published_time":"2022-12-26T10:00:39+00:00","article_modified_time":"2022-12-26T20:43:29+00:00","og_image":[{"width":1024,"height":581,"url":"https:\/\/jornaldasoficinas.com\/pt\/wp-content\/uploads\/2022\/12\/Schaeffler-conquista-classificacao-A-pela-CDP.png","type":"image\/png"}],"author":"Reda\u00e7\u00e3o JO","twitter_card":"summary_large_image","twitter_creator":"@jornaloficinas","twitter_site":"@jornaloficinas","twitter_misc":{"Escrito por":"Reda\u00e7\u00e3o JO","Tempo estimado de leitura":"3 minutos"},"schema":{"@context":"https:\/\/schema.org","@graph":[{"@type":"Article","@id":"https:\/\/jornaldasoficinas.com\/pt\/schaeffler-conquista-classificacao-a-pela-cdp\/#article","isPartOf":{"@id":"https:\/\/jornaldasoficinas.com\/pt\/schaeffler-conquista-classificacao-a-pela-cdp\/"},"author":{"name":"Reda\u00e7\u00e3o JO","@id":"https:\/\/jornaldasoficinas.com\/pt\/#\/schema\/person\/a38eef5de2c41d9e7c9ac10141afddf3"},"headline":"Schaeffler conquista classifica\u00e7\u00e3o \u201cA\u201d pela CDP","datePublished":"2022-12-26T10:00:39+00:00","dateModified":"2022-12-26T20:43:29+00:00","mainEntityOfPage":{"@id":"https:\/\/jornaldasoficinas.com\/pt\/schaeffler-conquista-classificacao-a-pela-cdp\/"},"wordCount":643,"publisher":{"@id":"https:\/\/jornaldasoficinas.com\/pt\/#organization"},"image":{"@id":"https:\/\/jornaldasoficinas.com\/pt\/schaeffler-conquista-classificacao-a-pela-cdp\/#primaryimage"},"thumbnailUrl":"https:\/\/jornaldasoficinas.com\/pt\/wp-content\/uploads\/2022\/12\/Schaeffler-conquista-classificacao-A-pela-CDP.png","keywords":["Altera\u00e7\u00f5es clim\u00e1ticas","CDP","Classifica\u00e7\u00e3o A","Schaeffler","Seguran\u00e7a h\u00eddrica"],"articleSection":["Empresas"],"inLanguage":"pt-PT"},{"@type":"WebPage","@id":"https:\/\/jornaldasoficinas.com\/pt\/schaeffler-conquista-classificacao-a-pela-cdp\/","url":"https:\/\/jornaldasoficinas.com\/pt\/schaeffler-conquista-classificacao-a-pela-cdp\/","name":"Schaeffler conquista classifica\u00e7\u00e3o \u201cA\u201d pela CDP - Jornal das Oficinas","isPartOf":{"@id":"https:\/\/jornaldasoficinas.com\/pt\/#website"},"primaryImageOfPage":{"@id":"https:\/\/jornaldasoficinas.com\/pt\/schaeffler-conquista-classificacao-a-pela-cdp\/#primaryimage"},"image":{"@id":"https:\/\/jornaldasoficinas.com\/pt\/schaeffler-conquista-classificacao-a-pela-cdp\/#primaryimage"},"thumbnailUrl":"https:\/\/jornaldasoficinas.com\/pt\/wp-content\/uploads\/2022\/12\/Schaeffler-conquista-classificacao-A-pela-CDP.png","datePublished":"2022-12-26T10:00:39+00:00","dateModified":"2022-12-26T20:43:29+00:00","description":"A Schaeffler melhorou a sua classifica\u00e7\u00e3o de \u201cA-\u201d para \u201cA\u201d tanto no que diz respeito \u00e0s altera\u00e7\u00f5es clim\u00e1ticas como \u00e0 seguran\u00e7a h\u00eddrica","breadcrumb":{"@id":"https:\/\/jornaldasoficinas.com\/pt\/schaeffler-conquista-classificacao-a-pela-cdp\/#breadcrumb"},"inLanguage":"pt-PT","potentialAction":[{"@type":"ReadAction","target":["https:\/\/jornaldasoficinas.com\/pt\/schaeffler-conquista-classificacao-a-pela-cdp\/"]}]},{"@type":"ImageObject","inLanguage":"pt-PT","@id":"https:\/\/jornaldasoficinas.com\/pt\/schaeffler-conquista-classificacao-a-pela-cdp\/#primaryimage","url":"https:\/\/jornaldasoficinas.com\/pt\/wp-content\/uploads\/2022\/12\/Schaeffler-conquista-classificacao-A-pela-CDP.png","contentUrl":"https:\/\/jornaldasoficinas.com\/pt\/wp-content\/uploads\/2022\/12\/Schaeffler-conquista-classificacao-A-pela-CDP.png","width":1024,"height":581,"caption":"12 - Schaeffler conquista classificacao A pela CDP"},{"@type":"BreadcrumbList","@id":"https:\/\/jornaldasoficinas.com\/pt\/schaeffler-conquista-classificacao-a-pela-cdp\/#breadcrumb","itemListElement":[{"@type":"ListItem","position":1,"name":"In\u00edcio","item":"https:\/\/jornaldasoficinas.com\/pt\/"},{"@type":"ListItem","position":2,"name":"Schaeffler conquista classifica\u00e7\u00e3o \u201cA\u201d pela CDP"}]},{"@type":"WebSite","@id":"https:\/\/jornaldasoficinas.com\/pt\/#website","url":"https:\/\/jornaldasoficinas.com\/pt\/","name":"Jornal das Oficinas","description":"Jornal independente do Aftermarket Autom\u00f3vel em Portugal","publisher":{"@id":"https:\/\/jornaldasoficinas.com\/pt\/#organization"},"potentialAction":[{"@type":"SearchAction","target":{"@type":"EntryPoint","urlTemplate":"https:\/\/jornaldasoficinas.com\/pt\/?s={search_term_string}"},"query-input":{"@type":"PropertyValueSpecification","valueRequired":true,"valueName":"search_term_string"}}],"inLanguage":"pt-PT"},{"@type":"Organization","@id":"https:\/\/jornaldasoficinas.com\/pt\/#organization","name":"Jornal das Oficinas","url":"https:\/\/jornaldasoficinas.com\/pt\/","logo":{"@type":"ImageObject","inLanguage":"pt-PT","@id":"https:\/\/jornaldasoficinas.com\/pt\/#\/schema\/logo\/image\/","url":"https:\/\/jornaldasoficinas.com\/pt\/wp-content\/uploads\/logoJO-SEO.png","contentUrl":"https:\/\/jornaldasoficinas.com\/pt\/wp-content\/uploads\/logoJO-SEO.png","width":285,"height":450,"caption":"Jornal das Oficinas"},"image":{"@id":"https:\/\/jornaldasoficinas.com\/pt\/#\/schema\/logo\/image\/"},"sameAs":["https:\/\/www.facebook.com\/jornaloficinas","https:\/\/x.com\/jornaloficinas","https:\/\/www.instagram.com\/jornal_oficinas\/","https:\/\/www.linkedin.com\/company\/jornal-das-oficinas\/","https:\/\/www.youtube.com\/channel\/UCbQZBqtcvV-oSQrr7RzINGg"]},{"@type":"Person","@id":"https:\/\/jornaldasoficinas.com\/pt\/#\/schema\/person\/a38eef5de2c41d9e7c9ac10141afddf3","name":"Reda\u00e7\u00e3o JO","image":{"@type":"ImageObject","inLanguage":"pt-PT","@id":"https:\/\/secure.gravatar.com\/avatar\/71f2fa71737ad68a84fea94bc708ddac8ea5b0c4788dc2ad202f3ccb2887742f?s=96&d=wp_user_avatar&r=g","url":"https:\/\/secure.gravatar.com\/avatar\/71f2fa71737ad68a84fea94bc708ddac8ea5b0c4788dc2ad202f3ccb2887742f?s=96&d=wp_user_avatar&r=g","contentUrl":"https:\/\/secure.gravatar.com\/avatar\/71f2fa71737ad68a84fea94bc708ddac8ea5b0c4788dc2ad202f3ccb2887742f?s=96&d=wp_user_avatar&r=g","caption":"Reda\u00e7\u00e3o JO"},"url":"https:\/\/jornaldasoficinas.com\/pt\/author\/joredacao\/"}]}},"_links":{"self":[{"href":"https:\/\/jornaldasoficinas.com\/pt\/wp-json\/wp\/v2\/posts\/35833","targetHints":{"allow":["GET"]}}],"collection":[{"href":"https:\/\/jornaldasoficinas.com\/pt\/wp-json\/wp\/v2\/posts"}],"about":[{"href":"https:\/\/jornaldasoficinas.com\/pt\/wp-json\/wp\/v2\/types\/post"}],"author":[{"embeddable":true,"href":"https:\/\/jornaldasoficinas.com\/pt\/wp-json\/wp\/v2\/users\/15"}],"replies":[{"embeddable":true,"href":"https:\/\/jornaldasoficinas.com\/pt\/wp-json\/wp\/v2\/comments?post=35833"}],"version-history":[{"count":0,"href":"https:\/\/jornaldasoficinas.com\/pt\/wp-json\/wp\/v2\/posts\/35833\/revisions"}],"wp:featuredmedia":[{"embeddable":true,"href":"https:\/\/jornaldasoficinas.com\/pt\/wp-json\/wp\/v2\/media\/35830"}],"wp:attachment":[{"href":"https:\/\/jornaldasoficinas.com\/pt\/wp-json\/wp\/v2\/media?parent=35833"}],"wp:term":[{"taxonomy":"category","embeddable":true,"href":"https:\/\/jornaldasoficinas.com\/pt\/wp-json\/wp\/v2\/categories?post=35833"},{"taxonomy":"post_tag","embeddable":true,"href":"https:\/\/jornaldasoficinas.com\/pt\/wp-json\/wp\/v2\/tags?post=35833"}],"curies":[{"name":"wp","href":"https:\/\/api.w.org\/{rel}","templated":true}]}}