{"id":35883,"date":"2022-12-28T14:00:00","date_gmt":"2022-12-28T14:00:00","guid":{"rendered":"https:\/\/jornaldasoficinas.com\/pt\/?p=35883"},"modified":"2022-12-27T19:48:48","modified_gmt":"2022-12-27T19:48:48","slug":"norauto-compensa-colaboradores-devido-a-inflacao","status":"publish","type":"post","link":"https:\/\/jornaldasoficinas.com\/pt\/norauto-compensa-colaboradores-devido-a-inflacao\/","title":{"rendered":"Norauto compensa colaboradores devido \u00e0 infla\u00e7\u00e3o"},"content":{"rendered":"<p><strong><img loading=\"lazy\" decoding=\"async\" class=\"alignnone size-full wp-image-35877\" src=\"https:\/\/jornaldasoficinas.com\/pt\/wp-content\/uploads\/2022\/12\/Norauto-compensa-colaboradores-devido-a-inflacao-1.jpg\" alt=\"12 - Norauto compensa colaboradores devido a inflacao 1\" width=\"1024\" height=\"581\" srcset=\"https:\/\/jornaldasoficinas.com\/pt\/wp-content\/uploads\/2022\/12\/Norauto-compensa-colaboradores-devido-a-inflacao-1.jpg 1024w, https:\/\/jornaldasoficinas.com\/pt\/wp-content\/uploads\/2022\/12\/Norauto-compensa-colaboradores-devido-a-inflacao-1-300x170.jpg 300w, https:\/\/jornaldasoficinas.com\/pt\/wp-content\/uploads\/2022\/12\/Norauto-compensa-colaboradores-devido-a-inflacao-1-150x85.jpg 150w, https:\/\/jornaldasoficinas.com\/pt\/wp-content\/uploads\/2022\/12\/Norauto-compensa-colaboradores-devido-a-inflacao-1-768x436.jpg 768w\" sizes=\"auto, (max-width: 1024px) 100vw, 1024px\" \/><\/strong><\/p>\n<p><strong>A <a href=\"https:\/\/www.norauto.pt\/\" target=\"_blank\" rel=\"noopener\">Norauto<\/a> decidiu atribuir um pr\u00e9mio extraordin\u00e1rio, de at\u00e9 400 euros, aos seus colaboradores como forma de mitigar os impactos da infla\u00e7\u00e3o nos rendimentos no m\u00eas de dezembro, atrav\u00e9s de um cart\u00e3o pr\u00e9-pago para ser utilizado numa rede retalhista e vem complementar os tradicionais jantares de natal das equipas e os cabazes de Natal<\/strong><\/p>\n<p>Paralelamente a este apoio imediato e para fazer face ao per\u00edodo de infla\u00e7\u00e3o atual, a empresa preparou o PAC Norauto, um Plano de Apoio ao Colaborador, que prev\u00ea apoios espec\u00edficos e especializados em situa\u00e7\u00f5es de dificuldade, sendo estes apoios sempre analisados de forma individualizada. Atualmente a empresa j\u00e1 disponibiliza seguro de vida, seguro de sa\u00fade, consultas de psicologia a todos os colaboradores e fruta gratuita nas \u00e1reas sociais.<\/p>\n<p>Al\u00e9m destas medidas, o pacote de benef\u00edcios extra-salariais para 2023 ser\u00e1 refor\u00e7ado com \u201cday-off\u201d no dia de anivers\u00e1rio, ou seja mais dia de folga que contribuir\u00e1 para uma maior concilia\u00e7\u00e3o com a vida familiar.<\/p>\n<p>As condi\u00e7\u00f5es de trabalho, o bem-estar e a satisfa\u00e7\u00e3o das equipas s\u00e3o compromissos que est\u00e3o na base de diversas decis\u00f5es da empresa e que procuram contribuir para a estabilidade profissional dos quase 620 colaboradores, 93% dos quais com contratos sem termo.<\/p>\n<p>\u201cA Norauto assume-se como uma empresa People Centric e isto significa colocar as pessoas e as fam\u00edlias em primeiro lugar. Face ao aumento do custo de vida provocado pela infla\u00e7\u00e3o, temos no\u00e7\u00e3o que as fam\u00edlias enfrentam grandes desafios e at\u00e9 mesmo poss\u00edveis dificuldades durante esta \u00e9poca festiva, o que nos levou rapidamente a tomar medidas para os mitigar\u201d, afirmou Jos\u00e9 Luis Barbajosa, CEO da Norauto Portugal.<\/p>\n<p>Para Fernanda Correia, Diretora de RH \u201cEste conjunto de medidas, que passa pelo apoio extraordin\u00e1rio mas tamb\u00e9m pela constante preocupa\u00e7\u00e3o com o bem-estar e sa\u00fade das nossas pessoas, s\u00e3o apenas mais uma forma de reconhecer o compromisso e esfor\u00e7o das nossas equipas num contexto econ\u00f3mico menos favor\u00e1vel. As nossas equipas t\u00eam estado sempre presentes e empenhadas em todos os desafios lan\u00e7ados pela empresa, o que nos deixa muito orgulhosos e por esse motivo estas medidas traduzem o nosso reconhecimento por todo o percurso que temos alcan\u00e7ado em equipa, refor\u00e7ando a nossa vontade de continuar a investir no seu bem-estar e no seu bem-estar familiar\u201d.<\/p>\n","protected":false},"excerpt":{"rendered":"<p>A Norauto decidiu atribuir um pr\u00e9mio&#8230;<\/p>\n","protected":false},"author":15,"featured_media":35877,"comment_status":"closed","ping_status":"closed","sticky":false,"template":"","format":"standard","meta":{"footnotes":""},"categories":[29],"tags":[3576,959,3575],"class_list":["post-35883","post","type-post","status-publish","format-standard","has-post-thumbnail","hentry","category-empresas","tag-impactos-da-inflacao","tag-norauto","tag-premio-extraordinario"],"yoast_head":"<!-- This site is optimized with the Yoast SEO plugin v27.5 - https:\/\/yoast.com\/product\/yoast-seo-wordpress\/ -->\n<title>Norauto compensa colaboradores devido \u00e0 infla\u00e7\u00e3o - Jornal das Oficinas<\/title>\n<meta name=\"description\" content=\"A Norauto decidiu atribuir um pr\u00e9mio extraordin\u00e1rio, de at\u00e9 400 euros, aos seus colaboradores como forma de mitigar os impactos da infla\u00e7\u00e3o\" \/>\n<meta name=\"robots\" content=\"index, follow, max-snippet:-1, max-image-preview:large, max-video-preview:-1\" \/>\n<link rel=\"canonical\" href=\"https:\/\/jornaldasoficinas.com\/pt\/norauto-compensa-colaboradores-devido-a-inflacao\/\" \/>\n<meta property=\"og:locale\" content=\"pt_PT\" \/>\n<meta property=\"og:type\" content=\"article\" \/>\n<meta property=\"og:title\" content=\"Norauto compensa colaboradores devido \u00e0 infla\u00e7\u00e3o - Jornal das Oficinas\" \/>\n<meta property=\"og:description\" content=\"A Norauto decidiu atribuir um pr\u00e9mio extraordin\u00e1rio, de at\u00e9 400 euros, aos seus colaboradores como forma de mitigar os impactos da infla\u00e7\u00e3o\" \/>\n<meta property=\"og:url\" content=\"https:\/\/jornaldasoficinas.com\/pt\/norauto-compensa-colaboradores-devido-a-inflacao\/\" \/>\n<meta property=\"og:site_name\" content=\"Jornal das Oficinas\" \/>\n<meta property=\"article:publisher\" content=\"https:\/\/www.facebook.com\/jornaloficinas\" \/>\n<meta property=\"article:published_time\" content=\"2022-12-28T14:00:00+00:00\" \/>\n<meta property=\"og:image\" content=\"https:\/\/jornaldasoficinas.com\/pt\/wp-content\/uploads\/2022\/12\/Norauto-compensa-colaboradores-devido-a-inflacao-1.jpg\" \/>\n\t<meta property=\"og:image:width\" content=\"1024\" \/>\n\t<meta property=\"og:image:height\" content=\"581\" \/>\n\t<meta property=\"og:image:type\" content=\"image\/jpeg\" \/>\n<meta name=\"author\" content=\"Reda\u00e7\u00e3o JO\" \/>\n<meta name=\"twitter:card\" content=\"summary_large_image\" \/>\n<meta name=\"twitter:creator\" content=\"@jornaloficinas\" \/>\n<meta name=\"twitter:site\" content=\"@jornaloficinas\" \/>\n<meta name=\"twitter:label1\" content=\"Escrito por\" \/>\n\t<meta name=\"twitter:data1\" content=\"Reda\u00e7\u00e3o JO\" \/>\n\t<meta name=\"twitter:label2\" content=\"Tempo estimado de leitura\" \/>\n\t<meta name=\"twitter:data2\" content=\"2 minutos\" \/>\n<script type=\"application\/ld+json\" class=\"yoast-schema-graph\">{\"@context\":\"https:\\\/\\\/schema.org\",\"@graph\":[{\"@type\":\"Article\",\"@id\":\"https:\\\/\\\/jornaldasoficinas.com\\\/pt\\\/norauto-compensa-colaboradores-devido-a-inflacao\\\/#article\",\"isPartOf\":{\"@id\":\"https:\\\/\\\/jornaldasoficinas.com\\\/pt\\\/norauto-compensa-colaboradores-devido-a-inflacao\\\/\"},\"author\":{\"name\":\"Reda\u00e7\u00e3o JO\",\"@id\":\"https:\\\/\\\/jornaldasoficinas.com\\\/pt\\\/#\\\/schema\\\/person\\\/a38eef5de2c41d9e7c9ac10141afddf3\"},\"headline\":\"Norauto compensa colaboradores devido \u00e0 infla\u00e7\u00e3o\",\"datePublished\":\"2022-12-28T14:00:00+00:00\",\"mainEntityOfPage\":{\"@id\":\"https:\\\/\\\/jornaldasoficinas.com\\\/pt\\\/norauto-compensa-colaboradores-devido-a-inflacao\\\/\"},\"wordCount\":408,\"publisher\":{\"@id\":\"https:\\\/\\\/jornaldasoficinas.com\\\/pt\\\/#organization\"},\"image\":{\"@id\":\"https:\\\/\\\/jornaldasoficinas.com\\\/pt\\\/norauto-compensa-colaboradores-devido-a-inflacao\\\/#primaryimage\"},\"thumbnailUrl\":\"https:\\\/\\\/jornaldasoficinas.com\\\/pt\\\/wp-content\\\/uploads\\\/2022\\\/12\\\/Norauto-compensa-colaboradores-devido-a-inflacao-1.jpg\",\"keywords\":[\"Impactos da infla\u00e7\u00e3o\",\"Norauto\",\"Pr\u00e9mio extraordin\u00e1rio\"],\"articleSection\":[\"Empresas\"],\"inLanguage\":\"pt-PT\"},{\"@type\":\"WebPage\",\"@id\":\"https:\\\/\\\/jornaldasoficinas.com\\\/pt\\\/norauto-compensa-colaboradores-devido-a-inflacao\\\/\",\"url\":\"https:\\\/\\\/jornaldasoficinas.com\\\/pt\\\/norauto-compensa-colaboradores-devido-a-inflacao\\\/\",\"name\":\"Norauto compensa colaboradores devido \u00e0 infla\u00e7\u00e3o - Jornal das Oficinas\",\"isPartOf\":{\"@id\":\"https:\\\/\\\/jornaldasoficinas.com\\\/pt\\\/#website\"},\"primaryImageOfPage\":{\"@id\":\"https:\\\/\\\/jornaldasoficinas.com\\\/pt\\\/norauto-compensa-colaboradores-devido-a-inflacao\\\/#primaryimage\"},\"image\":{\"@id\":\"https:\\\/\\\/jornaldasoficinas.com\\\/pt\\\/norauto-compensa-colaboradores-devido-a-inflacao\\\/#primaryimage\"},\"thumbnailUrl\":\"https:\\\/\\\/jornaldasoficinas.com\\\/pt\\\/wp-content\\\/uploads\\\/2022\\\/12\\\/Norauto-compensa-colaboradores-devido-a-inflacao-1.jpg\",\"datePublished\":\"2022-12-28T14:00:00+00:00\",\"description\":\"A Norauto decidiu atribuir um pr\u00e9mio extraordin\u00e1rio, de at\u00e9 400 euros, aos seus colaboradores como forma de mitigar os impactos da infla\u00e7\u00e3o\",\"breadcrumb\":{\"@id\":\"https:\\\/\\\/jornaldasoficinas.com\\\/pt\\\/norauto-compensa-colaboradores-devido-a-inflacao\\\/#breadcrumb\"},\"inLanguage\":\"pt-PT\",\"potentialAction\":[{\"@type\":\"ReadAction\",\"target\":[\"https:\\\/\\\/jornaldasoficinas.com\\\/pt\\\/norauto-compensa-colaboradores-devido-a-inflacao\\\/\"]}]},{\"@type\":\"ImageObject\",\"inLanguage\":\"pt-PT\",\"@id\":\"https:\\\/\\\/jornaldasoficinas.com\\\/pt\\\/norauto-compensa-colaboradores-devido-a-inflacao\\\/#primaryimage\",\"url\":\"https:\\\/\\\/jornaldasoficinas.com\\\/pt\\\/wp-content\\\/uploads\\\/2022\\\/12\\\/Norauto-compensa-colaboradores-devido-a-inflacao-1.jpg\",\"contentUrl\":\"https:\\\/\\\/jornaldasoficinas.com\\\/pt\\\/wp-content\\\/uploads\\\/2022\\\/12\\\/Norauto-compensa-colaboradores-devido-a-inflacao-1.jpg\",\"width\":1024,\"height\":581,\"caption\":\"12 - Norauto compensa colaboradores devido a inflacao 1\"},{\"@type\":\"BreadcrumbList\",\"@id\":\"https:\\\/\\\/jornaldasoficinas.com\\\/pt\\\/norauto-compensa-colaboradores-devido-a-inflacao\\\/#breadcrumb\",\"itemListElement\":[{\"@type\":\"ListItem\",\"position\":1,\"name\":\"In\u00edcio\",\"item\":\"https:\\\/\\\/jornaldasoficinas.com\\\/pt\\\/\"},{\"@type\":\"ListItem\",\"position\":2,\"name\":\"Norauto compensa colaboradores devido \u00e0 infla\u00e7\u00e3o\"}]},{\"@type\":\"WebSite\",\"@id\":\"https:\\\/\\\/jornaldasoficinas.com\\\/pt\\\/#website\",\"url\":\"https:\\\/\\\/jornaldasoficinas.com\\\/pt\\\/\",\"name\":\"Jornal das Oficinas\",\"description\":\"Jornal independente do Aftermarket Autom\u00f3vel em Portugal\",\"publisher\":{\"@id\":\"https:\\\/\\\/jornaldasoficinas.com\\\/pt\\\/#organization\"},\"potentialAction\":[{\"@type\":\"SearchAction\",\"target\":{\"@type\":\"EntryPoint\",\"urlTemplate\":\"https:\\\/\\\/jornaldasoficinas.com\\\/pt\\\/?s={search_term_string}\"},\"query-input\":{\"@type\":\"PropertyValueSpecification\",\"valueRequired\":true,\"valueName\":\"search_term_string\"}}],\"inLanguage\":\"pt-PT\"},{\"@type\":\"Organization\",\"@id\":\"https:\\\/\\\/jornaldasoficinas.com\\\/pt\\\/#organization\",\"name\":\"Jornal das Oficinas\",\"url\":\"https:\\\/\\\/jornaldasoficinas.com\\\/pt\\\/\",\"logo\":{\"@type\":\"ImageObject\",\"inLanguage\":\"pt-PT\",\"@id\":\"https:\\\/\\\/jornaldasoficinas.com\\\/pt\\\/#\\\/schema\\\/logo\\\/image\\\/\",\"url\":\"https:\\\/\\\/jornaldasoficinas.com\\\/pt\\\/wp-content\\\/uploads\\\/logoJO-SEO.png\",\"contentUrl\":\"https:\\\/\\\/jornaldasoficinas.com\\\/pt\\\/wp-content\\\/uploads\\\/logoJO-SEO.png\",\"width\":285,\"height\":450,\"caption\":\"Jornal das Oficinas\"},\"image\":{\"@id\":\"https:\\\/\\\/jornaldasoficinas.com\\\/pt\\\/#\\\/schema\\\/logo\\\/image\\\/\"},\"sameAs\":[\"https:\\\/\\\/www.facebook.com\\\/jornaloficinas\",\"https:\\\/\\\/x.com\\\/jornaloficinas\",\"https:\\\/\\\/www.instagram.com\\\/jornal_oficinas\\\/\",\"https:\\\/\\\/www.linkedin.com\\\/company\\\/jornal-das-oficinas\\\/\",\"https:\\\/\\\/www.youtube.com\\\/channel\\\/UCbQZBqtcvV-oSQrr7RzINGg\"]},{\"@type\":\"Person\",\"@id\":\"https:\\\/\\\/jornaldasoficinas.com\\\/pt\\\/#\\\/schema\\\/person\\\/a38eef5de2c41d9e7c9ac10141afddf3\",\"name\":\"Reda\u00e7\u00e3o JO\",\"image\":{\"@type\":\"ImageObject\",\"inLanguage\":\"pt-PT\",\"@id\":\"https:\\\/\\\/secure.gravatar.com\\\/avatar\\\/71f2fa71737ad68a84fea94bc708ddac8ea5b0c4788dc2ad202f3ccb2887742f?s=96&d=wp_user_avatar&r=g\",\"url\":\"https:\\\/\\\/secure.gravatar.com\\\/avatar\\\/71f2fa71737ad68a84fea94bc708ddac8ea5b0c4788dc2ad202f3ccb2887742f?s=96&d=wp_user_avatar&r=g\",\"contentUrl\":\"https:\\\/\\\/secure.gravatar.com\\\/avatar\\\/71f2fa71737ad68a84fea94bc708ddac8ea5b0c4788dc2ad202f3ccb2887742f?s=96&d=wp_user_avatar&r=g\",\"caption\":\"Reda\u00e7\u00e3o JO\"},\"url\":\"https:\\\/\\\/jornaldasoficinas.com\\\/pt\\\/author\\\/joredacao\\\/\"}]}<\/script>\n<!-- \/ Yoast SEO plugin. -->","yoast_head_json":{"title":"Norauto compensa colaboradores devido \u00e0 infla\u00e7\u00e3o - Jornal das Oficinas","description":"A Norauto decidiu atribuir um pr\u00e9mio extraordin\u00e1rio, de at\u00e9 400 euros, aos seus colaboradores como forma de mitigar os impactos da infla\u00e7\u00e3o","robots":{"index":"index","follow":"follow","max-snippet":"max-snippet:-1","max-image-preview":"max-image-preview:large","max-video-preview":"max-video-preview:-1"},"canonical":"https:\/\/jornaldasoficinas.com\/pt\/norauto-compensa-colaboradores-devido-a-inflacao\/","og_locale":"pt_PT","og_type":"article","og_title":"Norauto compensa colaboradores devido \u00e0 infla\u00e7\u00e3o - Jornal das Oficinas","og_description":"A Norauto decidiu atribuir um pr\u00e9mio extraordin\u00e1rio, de at\u00e9 400 euros, aos seus colaboradores como forma de mitigar os impactos da infla\u00e7\u00e3o","og_url":"https:\/\/jornaldasoficinas.com\/pt\/norauto-compensa-colaboradores-devido-a-inflacao\/","og_site_name":"Jornal das Oficinas","article_publisher":"https:\/\/www.facebook.com\/jornaloficinas","article_published_time":"2022-12-28T14:00:00+00:00","og_image":[{"width":1024,"height":581,"url":"https:\/\/jornaldasoficinas.com\/pt\/wp-content\/uploads\/2022\/12\/Norauto-compensa-colaboradores-devido-a-inflacao-1.jpg","type":"image\/jpeg"}],"author":"Reda\u00e7\u00e3o JO","twitter_card":"summary_large_image","twitter_creator":"@jornaloficinas","twitter_site":"@jornaloficinas","twitter_misc":{"Escrito por":"Reda\u00e7\u00e3o JO","Tempo estimado de leitura":"2 minutos"},"schema":{"@context":"https:\/\/schema.org","@graph":[{"@type":"Article","@id":"https:\/\/jornaldasoficinas.com\/pt\/norauto-compensa-colaboradores-devido-a-inflacao\/#article","isPartOf":{"@id":"https:\/\/jornaldasoficinas.com\/pt\/norauto-compensa-colaboradores-devido-a-inflacao\/"},"author":{"name":"Reda\u00e7\u00e3o JO","@id":"https:\/\/jornaldasoficinas.com\/pt\/#\/schema\/person\/a38eef5de2c41d9e7c9ac10141afddf3"},"headline":"Norauto compensa colaboradores devido \u00e0 infla\u00e7\u00e3o","datePublished":"2022-12-28T14:00:00+00:00","mainEntityOfPage":{"@id":"https:\/\/jornaldasoficinas.com\/pt\/norauto-compensa-colaboradores-devido-a-inflacao\/"},"wordCount":408,"publisher":{"@id":"https:\/\/jornaldasoficinas.com\/pt\/#organization"},"image":{"@id":"https:\/\/jornaldasoficinas.com\/pt\/norauto-compensa-colaboradores-devido-a-inflacao\/#primaryimage"},"thumbnailUrl":"https:\/\/jornaldasoficinas.com\/pt\/wp-content\/uploads\/2022\/12\/Norauto-compensa-colaboradores-devido-a-inflacao-1.jpg","keywords":["Impactos da infla\u00e7\u00e3o","Norauto","Pr\u00e9mio extraordin\u00e1rio"],"articleSection":["Empresas"],"inLanguage":"pt-PT"},{"@type":"WebPage","@id":"https:\/\/jornaldasoficinas.com\/pt\/norauto-compensa-colaboradores-devido-a-inflacao\/","url":"https:\/\/jornaldasoficinas.com\/pt\/norauto-compensa-colaboradores-devido-a-inflacao\/","name":"Norauto compensa colaboradores devido \u00e0 infla\u00e7\u00e3o - Jornal das Oficinas","isPartOf":{"@id":"https:\/\/jornaldasoficinas.com\/pt\/#website"},"primaryImageOfPage":{"@id":"https:\/\/jornaldasoficinas.com\/pt\/norauto-compensa-colaboradores-devido-a-inflacao\/#primaryimage"},"image":{"@id":"https:\/\/jornaldasoficinas.com\/pt\/norauto-compensa-colaboradores-devido-a-inflacao\/#primaryimage"},"thumbnailUrl":"https:\/\/jornaldasoficinas.com\/pt\/wp-content\/uploads\/2022\/12\/Norauto-compensa-colaboradores-devido-a-inflacao-1.jpg","datePublished":"2022-12-28T14:00:00+00:00","description":"A Norauto decidiu atribuir um pr\u00e9mio extraordin\u00e1rio, de at\u00e9 400 euros, aos seus colaboradores como forma de mitigar os impactos da infla\u00e7\u00e3o","breadcrumb":{"@id":"https:\/\/jornaldasoficinas.com\/pt\/norauto-compensa-colaboradores-devido-a-inflacao\/#breadcrumb"},"inLanguage":"pt-PT","potentialAction":[{"@type":"ReadAction","target":["https:\/\/jornaldasoficinas.com\/pt\/norauto-compensa-colaboradores-devido-a-inflacao\/"]}]},{"@type":"ImageObject","inLanguage":"pt-PT","@id":"https:\/\/jornaldasoficinas.com\/pt\/norauto-compensa-colaboradores-devido-a-inflacao\/#primaryimage","url":"https:\/\/jornaldasoficinas.com\/pt\/wp-content\/uploads\/2022\/12\/Norauto-compensa-colaboradores-devido-a-inflacao-1.jpg","contentUrl":"https:\/\/jornaldasoficinas.com\/pt\/wp-content\/uploads\/2022\/12\/Norauto-compensa-colaboradores-devido-a-inflacao-1.jpg","width":1024,"height":581,"caption":"12 - Norauto compensa colaboradores devido a inflacao 1"},{"@type":"BreadcrumbList","@id":"https:\/\/jornaldasoficinas.com\/pt\/norauto-compensa-colaboradores-devido-a-inflacao\/#breadcrumb","itemListElement":[{"@type":"ListItem","position":1,"name":"In\u00edcio","item":"https:\/\/jornaldasoficinas.com\/pt\/"},{"@type":"ListItem","position":2,"name":"Norauto compensa colaboradores devido \u00e0 infla\u00e7\u00e3o"}]},{"@type":"WebSite","@id":"https:\/\/jornaldasoficinas.com\/pt\/#website","url":"https:\/\/jornaldasoficinas.com\/pt\/","name":"Jornal das Oficinas","description":"Jornal independente do Aftermarket Autom\u00f3vel em Portugal","publisher":{"@id":"https:\/\/jornaldasoficinas.com\/pt\/#organization"},"potentialAction":[{"@type":"SearchAction","target":{"@type":"EntryPoint","urlTemplate":"https:\/\/jornaldasoficinas.com\/pt\/?s={search_term_string}"},"query-input":{"@type":"PropertyValueSpecification","valueRequired":true,"valueName":"search_term_string"}}],"inLanguage":"pt-PT"},{"@type":"Organization","@id":"https:\/\/jornaldasoficinas.com\/pt\/#organization","name":"Jornal das Oficinas","url":"https:\/\/jornaldasoficinas.com\/pt\/","logo":{"@type":"ImageObject","inLanguage":"pt-PT","@id":"https:\/\/jornaldasoficinas.com\/pt\/#\/schema\/logo\/image\/","url":"https:\/\/jornaldasoficinas.com\/pt\/wp-content\/uploads\/logoJO-SEO.png","contentUrl":"https:\/\/jornaldasoficinas.com\/pt\/wp-content\/uploads\/logoJO-SEO.png","width":285,"height":450,"caption":"Jornal das Oficinas"},"image":{"@id":"https:\/\/jornaldasoficinas.com\/pt\/#\/schema\/logo\/image\/"},"sameAs":["https:\/\/www.facebook.com\/jornaloficinas","https:\/\/x.com\/jornaloficinas","https:\/\/www.instagram.com\/jornal_oficinas\/","https:\/\/www.linkedin.com\/company\/jornal-das-oficinas\/","https:\/\/www.youtube.com\/channel\/UCbQZBqtcvV-oSQrr7RzINGg"]},{"@type":"Person","@id":"https:\/\/jornaldasoficinas.com\/pt\/#\/schema\/person\/a38eef5de2c41d9e7c9ac10141afddf3","name":"Reda\u00e7\u00e3o JO","image":{"@type":"ImageObject","inLanguage":"pt-PT","@id":"https:\/\/secure.gravatar.com\/avatar\/71f2fa71737ad68a84fea94bc708ddac8ea5b0c4788dc2ad202f3ccb2887742f?s=96&d=wp_user_avatar&r=g","url":"https:\/\/secure.gravatar.com\/avatar\/71f2fa71737ad68a84fea94bc708ddac8ea5b0c4788dc2ad202f3ccb2887742f?s=96&d=wp_user_avatar&r=g","contentUrl":"https:\/\/secure.gravatar.com\/avatar\/71f2fa71737ad68a84fea94bc708ddac8ea5b0c4788dc2ad202f3ccb2887742f?s=96&d=wp_user_avatar&r=g","caption":"Reda\u00e7\u00e3o JO"},"url":"https:\/\/jornaldasoficinas.com\/pt\/author\/joredacao\/"}]}},"_links":{"self":[{"href":"https:\/\/jornaldasoficinas.com\/pt\/wp-json\/wp\/v2\/posts\/35883","targetHints":{"allow":["GET"]}}],"collection":[{"href":"https:\/\/jornaldasoficinas.com\/pt\/wp-json\/wp\/v2\/posts"}],"about":[{"href":"https:\/\/jornaldasoficinas.com\/pt\/wp-json\/wp\/v2\/types\/post"}],"author":[{"embeddable":true,"href":"https:\/\/jornaldasoficinas.com\/pt\/wp-json\/wp\/v2\/users\/15"}],"replies":[{"embeddable":true,"href":"https:\/\/jornaldasoficinas.com\/pt\/wp-json\/wp\/v2\/comments?post=35883"}],"version-history":[{"count":0,"href":"https:\/\/jornaldasoficinas.com\/pt\/wp-json\/wp\/v2\/posts\/35883\/revisions"}],"wp:featuredmedia":[{"embeddable":true,"href":"https:\/\/jornaldasoficinas.com\/pt\/wp-json\/wp\/v2\/media\/35877"}],"wp:attachment":[{"href":"https:\/\/jornaldasoficinas.com\/pt\/wp-json\/wp\/v2\/media?parent=35883"}],"wp:term":[{"taxonomy":"category","embeddable":true,"href":"https:\/\/jornaldasoficinas.com\/pt\/wp-json\/wp\/v2\/categories?post=35883"},{"taxonomy":"post_tag","embeddable":true,"href":"https:\/\/jornaldasoficinas.com\/pt\/wp-json\/wp\/v2\/tags?post=35883"}],"curies":[{"name":"wp","href":"https:\/\/api.w.org\/{rel}","templated":true}]}}