{"id":35925,"date":"2023-01-02T16:00:14","date_gmt":"2023-01-02T16:00:14","guid":{"rendered":"https:\/\/jornaldasoficinas.com\/pt\/?p=35925"},"modified":"2023-07-19T15:42:38","modified_gmt":"2023-07-19T14:42:38","slug":"formula-e-estreia-gen3-na-abb-fia-formula-e","status":"publish","type":"post","link":"https:\/\/jornaldasoficinas.com\/pt\/formula-e-estreia-gen3-na-abb-fia-formula-e\/","title":{"rendered":"F\u00f3rmula E estreia Gen3 na ABB FIA Formula E"},"content":{"rendered":"<p><strong><img loading=\"lazy\" decoding=\"async\" class=\"alignnone size-full wp-image-35901\" src=\"https:\/\/jornaldasoficinas.com\/pt\/wp-content\/uploads\/2022\/12\/Formula-E-estreia-Gen3-na-ABB-FIA-Formula-E-.jpeg\" alt=\"12 - Formula E estreia Gen3 na ABB FIA Formula E \" width=\"1024\" height=\"581\" srcset=\"https:\/\/jornaldasoficinas.com\/pt\/wp-content\/uploads\/2022\/12\/Formula-E-estreia-Gen3-na-ABB-FIA-Formula-E-.jpeg 1024w, https:\/\/jornaldasoficinas.com\/pt\/wp-content\/uploads\/2022\/12\/Formula-E-estreia-Gen3-na-ABB-FIA-Formula-E--300x170.jpeg 300w, https:\/\/jornaldasoficinas.com\/pt\/wp-content\/uploads\/2022\/12\/Formula-E-estreia-Gen3-na-ABB-FIA-Formula-E--150x85.jpeg 150w, https:\/\/jornaldasoficinas.com\/pt\/wp-content\/uploads\/2022\/12\/Formula-E-estreia-Gen3-na-ABB-FIA-Formula-E--768x436.jpeg 768w\" sizes=\"auto, (max-width: 1024px) 100vw, 1024px\" \/><\/strong><\/p>\n<p><strong>A F\u00f3rmula E introduz um novo visual e som arrojado para a Temporada 9 e o in\u00edcio da era Gen3 no campeonato<\/strong><\/p>\n<p>A F\u00f3rmula E revelou um novo olhar sobre a Temporada 9 do Campeonato Mundial de F\u00f3rmula E\u00a0<em>(<a href=\"https:\/\/www.google.com\/url?sa=t&amp;rct=j&amp;q=&amp;esrc=s&amp;source=web&amp;cd=&amp;cad=rja&amp;uact=8&amp;ved=2ahUKEwjzwLPKtKz8AhWKTaQEHedmDvAQFnoECA8QAQ&amp;url=https%3A%2F%2Fwww.fiaformulae.com%2Fen%2Fraces&amp;usg=AOvVaw0EMZ9hmsl7w8OROkFxM79L\">ABB FIA Formula E World Championship<\/a><\/em>\u00a0<em>2023)<\/em>, com a estreia do carro Gen3, novas corridas em cidades ic\u00f3nicas do mundo, novas equipas e novos formatos desportivos.<\/p>\n<p>O Gen3 &#8211; o carro de corrida el\u00e9trico mais r\u00e1pido, leve, potente e eficiente alguma vez constru\u00eddo &#8211; far\u00e1 a sua estreia competitiva na primeira ronda na Cidade do M\u00e9xico, a 14 de Janeiro, ap\u00f3s os testes de pr\u00e9-\u00e9poca j\u00e1 realizados, em Val\u00eancia.<\/p>\n<p>O campeonato continuar\u00e1 com tr\u00eas novas cidades a receberem corridas de F\u00f3rmula E pela primeira vez: Hyderabad, \u00cdndia (Ronda 4, 11 de Fevereiro); Cidade do Cabo, \u00c1frica do Sul (Ronda 5, 25 de Fevereiro) e S\u00e3o Paulo, Brasil (Ronda 6, 25 de Mar\u00e7o).<\/p>\n<p>A McLaren e a Maserati s\u00e3o novas equipas na grelha da F\u00f3rmula E da pr\u00f3xima \u00e9poca. V\u00e3o juntar-se a alguns das maiores marcas e nomes do desporto autom\u00f3vel, incluindo Jaguar, Porsche e Nissan, entre as 11 equipas e 22 pilotos que competem pelos t\u00edtulos mundiais.<\/p>\n<p>As atualiza\u00e7\u00f5es do regulamento desportivo incluem um regresso \u00e0s corridas ao longo de voltas; pilotos estreantes a ocuparem um lugar nas equipas nas sess\u00f5es de Treino Livre 1; e um plano para introduzir um &#8220;<em>Attack Charge<\/em>&#8221; de 30 segundos com um\u00a0<em>boost<\/em>\u00a0de 4kWh em corridas selecionadas, tornado poss\u00edvel atrav\u00e9s do desenvolvimento da bateria EV mais avan\u00e7ada do mundo atualmente.<\/p>\n<p>Para coincidir com o in\u00edcio da era Gen3, a F\u00f3rmula E reimaginou a identidade visual e s\u00f3nica da marca do Campeonato Mundial de F\u00f3rmula E.<\/p>\n<p><strong>Novo visual:<br \/>\n<\/strong>A nova identidade \u00e9 inspirada pelo torque instant\u00e2neo da acelera\u00e7\u00e3o el\u00e9trica. O sistema tamb\u00e9m reflete o papel do desporto como catalisador; a ajuda dos fabricantes a acelerar as tecnologias dos ve\u00edculos el\u00e9tricos, o ritmo com que novos adeptos est\u00e3o a entrar no desporto, a velocidade sem precedentes com que o desporto atingiu o estatuto de Campeonato Mundial da FIA e, mais amplamente, a vis\u00e3o do campeonato para acelerar o progresso humano sustent\u00e1vel.<\/p>\n<p>No cora\u00e7\u00e3o do novo sistema est\u00e1 o Torque Loop, que representa o excitamento e a energia que est\u00e3o no centro da marca e do desporto. Este loop auto-sustent\u00e1vel \u00e9 a fonte do novo log\u00f3tipo, do tipo de letra e dos novos princ\u00edpios de anima\u00e7\u00e3o da marca.<\/p>\n<p>A F\u00f3rmula E manteve uma associa\u00e7\u00e3o central com o azul como significante de eletricidade, mas alargou a sua paleta para incluir um sistema de cores mais extenso, permitindo ao campeonato enfatizar a sua oferta \u00fanica em tr\u00eas modos: desporto autom\u00f3vel de classe mundial (Race); tecnologia de ponta e credenciais de sustentabilidade (Reason); e impacto positivo na comunidade global (Culture).<\/p>\n<p><strong>Novo som da F\u00f3rmula E:<br \/>\n<\/strong>O som tem sido uma das qualidades mais distintivas e disrutivas da F\u00f3rmula E desde a primeira corrida, em 2014. Para a temporada 9, foi desenvolvida uma nova identidade sonora para utiliza\u00e7\u00e3o em todos os canais de difus\u00e3o, digitais e de marketing, com o novo som do carro de corrida Gen3.<\/p>\n<p>As grava\u00e7\u00f5es de teste dos carros de corrida foram capturadas para formar a base da identidade s\u00f3nica, com as grava\u00e7\u00f5es remixadas num conjunto de ativos sonoros. A nova m\u00fasica de transmiss\u00e3o e uma partitura completa foi gravada nos Est\u00fadios Abbey Road com uma orquestra de 55 instrumentos.<\/p>\n<p><strong>Calend\u00e1rio ABB FIA Formula E World Championship\u00a02023<\/strong><\/p>\n<p>Ronda 1 &#8211; Cidade do M\u00e9xico (M\u00e9xico) &#8211; 14 de janeiro<\/p>\n<p>Rondas 2 e 3 &#8211; Diriyah (Ar\u00e1bia Saudita), 27 e 28 de janeiro,<\/p>\n<p>Ronda 4 &#8211; Hyderabad (\u00cdndia), 11 de fevereiro<\/p>\n<p>Ronda 5 &#8211; Cidade do Cabo (\u00c1frica do Sul), 25 de fevereiro<\/p>\n<p>Ronda 6 &#8211; S\u00e3o Paulo (Brasil), 25 de mar\u00e7o<\/p>\n<p>Rondas 7 e 8 &#8211; Berlim (Alemanha), 22 e 23 de abril<\/p>\n<p>Ronda 9 \u2013 M\u00f3naco (Principado do M\u00f3naco), 6 de maio<\/p>\n<p>Rondas 10 e 11 \u2013 Jacarta (Indon\u00e9sia), 3 e 4 de junho<\/p>\n<p>Ronda 12 \u2013 Portland (Estados Unidos da Am\u00e9rica), 24 de junho<\/p>\n<p>Rondas 13 e 14 \u2013 Roma (It\u00e1lia), 15 e 16 de julho<\/p>\n<p>Rondas 15 e 16 \u2013 Londres (Reino Unido), 29 e 30 de julho<\/p>\n","protected":false},"excerpt":{"rendered":"<p>A F\u00f3rmula E introduz um novo&#8230;<\/p>\n","protected":false},"author":15,"featured_media":35901,"comment_status":"closed","ping_status":"closed","sticky":false,"template":"","format":"standard","meta":{"footnotes":""},"categories":[29],"tags":[3599,3597,3596,3612,3598],"class_list":["post-35925","post","type-post","status-publish","format-standard","has-post-thumbnail","hentry","category-empresas","tag-calendario-abb-fia","tag-campeonato-mundial-de-formula-e","tag-formula-e","tag-gen3","tag-novo-visual"],"yoast_head":"<!-- This site is optimized with the Yoast SEO plugin v27.5 - https:\/\/yoast.com\/product\/yoast-seo-wordpress\/ -->\n<title>F\u00f3rmula E estreia Gen3 na ABB FIA Formula E - Jornal das Oficinas<\/title>\n<meta name=\"description\" content=\"A F\u00f3rmula E introduziu um novo visual e som arrojado para a Temporada 9 e para o in\u00edcio da era Gen3 no campeonato\" \/>\n<meta name=\"robots\" content=\"index, follow, max-snippet:-1, max-image-preview:large, max-video-preview:-1\" \/>\n<link rel=\"canonical\" href=\"https:\/\/jornaldasoficinas.com\/pt\/formula-e-estreia-gen3-na-abb-fia-formula-e\/\" \/>\n<meta property=\"og:locale\" content=\"pt_PT\" \/>\n<meta property=\"og:type\" content=\"article\" \/>\n<meta property=\"og:title\" content=\"F\u00f3rmula E estreia Gen3 na ABB FIA Formula E - Jornal das Oficinas\" \/>\n<meta property=\"og:description\" content=\"A F\u00f3rmula E introduziu um novo visual e som arrojado para a Temporada 9 e para o in\u00edcio da era Gen3 no campeonato\" \/>\n<meta property=\"og:url\" content=\"https:\/\/jornaldasoficinas.com\/pt\/formula-e-estreia-gen3-na-abb-fia-formula-e\/\" \/>\n<meta property=\"og:site_name\" content=\"Jornal das Oficinas\" \/>\n<meta property=\"article:publisher\" content=\"https:\/\/www.facebook.com\/jornaloficinas\" \/>\n<meta property=\"article:published_time\" content=\"2023-01-02T16:00:14+00:00\" \/>\n<meta property=\"article:modified_time\" content=\"2023-07-19T14:42:38+00:00\" \/>\n<meta property=\"og:image\" content=\"https:\/\/jornaldasoficinas.com\/pt\/wp-content\/uploads\/2022\/12\/Formula-E-estreia-Gen3-na-ABB-FIA-Formula-E-.jpeg\" \/>\n\t<meta property=\"og:image:width\" content=\"1024\" \/>\n\t<meta property=\"og:image:height\" content=\"581\" \/>\n\t<meta property=\"og:image:type\" content=\"image\/jpeg\" \/>\n<meta name=\"author\" content=\"Reda\u00e7\u00e3o JO\" \/>\n<meta name=\"twitter:card\" content=\"summary_large_image\" \/>\n<meta name=\"twitter:creator\" content=\"@jornaloficinas\" \/>\n<meta name=\"twitter:site\" content=\"@jornaloficinas\" \/>\n<meta name=\"twitter:label1\" content=\"Escrito por\" \/>\n\t<meta name=\"twitter:data1\" content=\"Reda\u00e7\u00e3o JO\" \/>\n\t<meta name=\"twitter:label2\" content=\"Tempo estimado de leitura\" \/>\n\t<meta name=\"twitter:data2\" content=\"4 minutos\" \/>\n<script type=\"application\/ld+json\" class=\"yoast-schema-graph\">{\"@context\":\"https:\\\/\\\/schema.org\",\"@graph\":[{\"@type\":\"Article\",\"@id\":\"https:\\\/\\\/jornaldasoficinas.com\\\/pt\\\/formula-e-estreia-gen3-na-abb-fia-formula-e\\\/#article\",\"isPartOf\":{\"@id\":\"https:\\\/\\\/jornaldasoficinas.com\\\/pt\\\/formula-e-estreia-gen3-na-abb-fia-formula-e\\\/\"},\"author\":{\"name\":\"Reda\u00e7\u00e3o JO\",\"@id\":\"https:\\\/\\\/jornaldasoficinas.com\\\/pt\\\/#\\\/schema\\\/person\\\/a38eef5de2c41d9e7c9ac10141afddf3\"},\"headline\":\"F\u00f3rmula E estreia Gen3 na ABB FIA Formula E\",\"datePublished\":\"2023-01-02T16:00:14+00:00\",\"dateModified\":\"2023-07-19T14:42:38+00:00\",\"mainEntityOfPage\":{\"@id\":\"https:\\\/\\\/jornaldasoficinas.com\\\/pt\\\/formula-e-estreia-gen3-na-abb-fia-formula-e\\\/\"},\"wordCount\":719,\"publisher\":{\"@id\":\"https:\\\/\\\/jornaldasoficinas.com\\\/pt\\\/#organization\"},\"image\":{\"@id\":\"https:\\\/\\\/jornaldasoficinas.com\\\/pt\\\/formula-e-estreia-gen3-na-abb-fia-formula-e\\\/#primaryimage\"},\"thumbnailUrl\":\"https:\\\/\\\/jornaldasoficinas.com\\\/pt\\\/wp-content\\\/uploads\\\/2022\\\/12\\\/Formula-E-estreia-Gen3-na-ABB-FIA-Formula-E-.jpeg\",\"keywords\":[\"Calend\u00e1rio ABB FIA\",\"Campeonato Mundial de F\u00f3rmula E\",\"F\u00f3rmula E\",\"Gen3\",\"Novo visual\"],\"articleSection\":[\"Empresas\"],\"inLanguage\":\"pt-PT\"},{\"@type\":\"WebPage\",\"@id\":\"https:\\\/\\\/jornaldasoficinas.com\\\/pt\\\/formula-e-estreia-gen3-na-abb-fia-formula-e\\\/\",\"url\":\"https:\\\/\\\/jornaldasoficinas.com\\\/pt\\\/formula-e-estreia-gen3-na-abb-fia-formula-e\\\/\",\"name\":\"F\u00f3rmula E estreia Gen3 na ABB FIA Formula E - Jornal das Oficinas\",\"isPartOf\":{\"@id\":\"https:\\\/\\\/jornaldasoficinas.com\\\/pt\\\/#website\"},\"primaryImageOfPage\":{\"@id\":\"https:\\\/\\\/jornaldasoficinas.com\\\/pt\\\/formula-e-estreia-gen3-na-abb-fia-formula-e\\\/#primaryimage\"},\"image\":{\"@id\":\"https:\\\/\\\/jornaldasoficinas.com\\\/pt\\\/formula-e-estreia-gen3-na-abb-fia-formula-e\\\/#primaryimage\"},\"thumbnailUrl\":\"https:\\\/\\\/jornaldasoficinas.com\\\/pt\\\/wp-content\\\/uploads\\\/2022\\\/12\\\/Formula-E-estreia-Gen3-na-ABB-FIA-Formula-E-.jpeg\",\"datePublished\":\"2023-01-02T16:00:14+00:00\",\"dateModified\":\"2023-07-19T14:42:38+00:00\",\"description\":\"A F\u00f3rmula E introduziu um novo visual e som arrojado para a Temporada 9 e para o in\u00edcio da era Gen3 no campeonato\",\"breadcrumb\":{\"@id\":\"https:\\\/\\\/jornaldasoficinas.com\\\/pt\\\/formula-e-estreia-gen3-na-abb-fia-formula-e\\\/#breadcrumb\"},\"inLanguage\":\"pt-PT\",\"potentialAction\":[{\"@type\":\"ReadAction\",\"target\":[\"https:\\\/\\\/jornaldasoficinas.com\\\/pt\\\/formula-e-estreia-gen3-na-abb-fia-formula-e\\\/\"]}]},{\"@type\":\"ImageObject\",\"inLanguage\":\"pt-PT\",\"@id\":\"https:\\\/\\\/jornaldasoficinas.com\\\/pt\\\/formula-e-estreia-gen3-na-abb-fia-formula-e\\\/#primaryimage\",\"url\":\"https:\\\/\\\/jornaldasoficinas.com\\\/pt\\\/wp-content\\\/uploads\\\/2022\\\/12\\\/Formula-E-estreia-Gen3-na-ABB-FIA-Formula-E-.jpeg\",\"contentUrl\":\"https:\\\/\\\/jornaldasoficinas.com\\\/pt\\\/wp-content\\\/uploads\\\/2022\\\/12\\\/Formula-E-estreia-Gen3-na-ABB-FIA-Formula-E-.jpeg\",\"width\":1024,\"height\":581,\"caption\":\"12 - Formula E estreia Gen3 na ABB FIA Formula E\"},{\"@type\":\"BreadcrumbList\",\"@id\":\"https:\\\/\\\/jornaldasoficinas.com\\\/pt\\\/formula-e-estreia-gen3-na-abb-fia-formula-e\\\/#breadcrumb\",\"itemListElement\":[{\"@type\":\"ListItem\",\"position\":1,\"name\":\"In\u00edcio\",\"item\":\"https:\\\/\\\/jornaldasoficinas.com\\\/pt\\\/\"},{\"@type\":\"ListItem\",\"position\":2,\"name\":\"F\u00f3rmula E estreia Gen3 na ABB FIA Formula E\"}]},{\"@type\":\"WebSite\",\"@id\":\"https:\\\/\\\/jornaldasoficinas.com\\\/pt\\\/#website\",\"url\":\"https:\\\/\\\/jornaldasoficinas.com\\\/pt\\\/\",\"name\":\"Jornal das Oficinas\",\"description\":\"Jornal independente do Aftermarket Autom\u00f3vel em Portugal\",\"publisher\":{\"@id\":\"https:\\\/\\\/jornaldasoficinas.com\\\/pt\\\/#organization\"},\"potentialAction\":[{\"@type\":\"SearchAction\",\"target\":{\"@type\":\"EntryPoint\",\"urlTemplate\":\"https:\\\/\\\/jornaldasoficinas.com\\\/pt\\\/?s={search_term_string}\"},\"query-input\":{\"@type\":\"PropertyValueSpecification\",\"valueRequired\":true,\"valueName\":\"search_term_string\"}}],\"inLanguage\":\"pt-PT\"},{\"@type\":\"Organization\",\"@id\":\"https:\\\/\\\/jornaldasoficinas.com\\\/pt\\\/#organization\",\"name\":\"Jornal das Oficinas\",\"url\":\"https:\\\/\\\/jornaldasoficinas.com\\\/pt\\\/\",\"logo\":{\"@type\":\"ImageObject\",\"inLanguage\":\"pt-PT\",\"@id\":\"https:\\\/\\\/jornaldasoficinas.com\\\/pt\\\/#\\\/schema\\\/logo\\\/image\\\/\",\"url\":\"https:\\\/\\\/jornaldasoficinas.com\\\/pt\\\/wp-content\\\/uploads\\\/logoJO-SEO.png\",\"contentUrl\":\"https:\\\/\\\/jornaldasoficinas.com\\\/pt\\\/wp-content\\\/uploads\\\/logoJO-SEO.png\",\"width\":285,\"height\":450,\"caption\":\"Jornal das Oficinas\"},\"image\":{\"@id\":\"https:\\\/\\\/jornaldasoficinas.com\\\/pt\\\/#\\\/schema\\\/logo\\\/image\\\/\"},\"sameAs\":[\"https:\\\/\\\/www.facebook.com\\\/jornaloficinas\",\"https:\\\/\\\/x.com\\\/jornaloficinas\",\"https:\\\/\\\/www.instagram.com\\\/jornal_oficinas\\\/\",\"https:\\\/\\\/www.linkedin.com\\\/company\\\/jornal-das-oficinas\\\/\",\"https:\\\/\\\/www.youtube.com\\\/channel\\\/UCbQZBqtcvV-oSQrr7RzINGg\"]},{\"@type\":\"Person\",\"@id\":\"https:\\\/\\\/jornaldasoficinas.com\\\/pt\\\/#\\\/schema\\\/person\\\/a38eef5de2c41d9e7c9ac10141afddf3\",\"name\":\"Reda\u00e7\u00e3o JO\",\"image\":{\"@type\":\"ImageObject\",\"inLanguage\":\"pt-PT\",\"@id\":\"https:\\\/\\\/secure.gravatar.com\\\/avatar\\\/71f2fa71737ad68a84fea94bc708ddac8ea5b0c4788dc2ad202f3ccb2887742f?s=96&d=wp_user_avatar&r=g\",\"url\":\"https:\\\/\\\/secure.gravatar.com\\\/avatar\\\/71f2fa71737ad68a84fea94bc708ddac8ea5b0c4788dc2ad202f3ccb2887742f?s=96&d=wp_user_avatar&r=g\",\"contentUrl\":\"https:\\\/\\\/secure.gravatar.com\\\/avatar\\\/71f2fa71737ad68a84fea94bc708ddac8ea5b0c4788dc2ad202f3ccb2887742f?s=96&d=wp_user_avatar&r=g\",\"caption\":\"Reda\u00e7\u00e3o JO\"},\"url\":\"https:\\\/\\\/jornaldasoficinas.com\\\/pt\\\/author\\\/joredacao\\\/\"}]}<\/script>\n<!-- \/ Yoast SEO plugin. -->","yoast_head_json":{"title":"F\u00f3rmula E estreia Gen3 na ABB FIA Formula E - Jornal das Oficinas","description":"A F\u00f3rmula E introduziu um novo visual e som arrojado para a Temporada 9 e para o in\u00edcio da era Gen3 no campeonato","robots":{"index":"index","follow":"follow","max-snippet":"max-snippet:-1","max-image-preview":"max-image-preview:large","max-video-preview":"max-video-preview:-1"},"canonical":"https:\/\/jornaldasoficinas.com\/pt\/formula-e-estreia-gen3-na-abb-fia-formula-e\/","og_locale":"pt_PT","og_type":"article","og_title":"F\u00f3rmula E estreia Gen3 na ABB FIA Formula E - Jornal das Oficinas","og_description":"A F\u00f3rmula E introduziu um novo visual e som arrojado para a Temporada 9 e para o in\u00edcio da era Gen3 no campeonato","og_url":"https:\/\/jornaldasoficinas.com\/pt\/formula-e-estreia-gen3-na-abb-fia-formula-e\/","og_site_name":"Jornal das Oficinas","article_publisher":"https:\/\/www.facebook.com\/jornaloficinas","article_published_time":"2023-01-02T16:00:14+00:00","article_modified_time":"2023-07-19T14:42:38+00:00","og_image":[{"width":1024,"height":581,"url":"https:\/\/jornaldasoficinas.com\/pt\/wp-content\/uploads\/2022\/12\/Formula-E-estreia-Gen3-na-ABB-FIA-Formula-E-.jpeg","type":"image\/jpeg"}],"author":"Reda\u00e7\u00e3o JO","twitter_card":"summary_large_image","twitter_creator":"@jornaloficinas","twitter_site":"@jornaloficinas","twitter_misc":{"Escrito por":"Reda\u00e7\u00e3o JO","Tempo estimado de leitura":"4 minutos"},"schema":{"@context":"https:\/\/schema.org","@graph":[{"@type":"Article","@id":"https:\/\/jornaldasoficinas.com\/pt\/formula-e-estreia-gen3-na-abb-fia-formula-e\/#article","isPartOf":{"@id":"https:\/\/jornaldasoficinas.com\/pt\/formula-e-estreia-gen3-na-abb-fia-formula-e\/"},"author":{"name":"Reda\u00e7\u00e3o JO","@id":"https:\/\/jornaldasoficinas.com\/pt\/#\/schema\/person\/a38eef5de2c41d9e7c9ac10141afddf3"},"headline":"F\u00f3rmula E estreia Gen3 na ABB FIA Formula E","datePublished":"2023-01-02T16:00:14+00:00","dateModified":"2023-07-19T14:42:38+00:00","mainEntityOfPage":{"@id":"https:\/\/jornaldasoficinas.com\/pt\/formula-e-estreia-gen3-na-abb-fia-formula-e\/"},"wordCount":719,"publisher":{"@id":"https:\/\/jornaldasoficinas.com\/pt\/#organization"},"image":{"@id":"https:\/\/jornaldasoficinas.com\/pt\/formula-e-estreia-gen3-na-abb-fia-formula-e\/#primaryimage"},"thumbnailUrl":"https:\/\/jornaldasoficinas.com\/pt\/wp-content\/uploads\/2022\/12\/Formula-E-estreia-Gen3-na-ABB-FIA-Formula-E-.jpeg","keywords":["Calend\u00e1rio ABB FIA","Campeonato Mundial de F\u00f3rmula E","F\u00f3rmula E","Gen3","Novo visual"],"articleSection":["Empresas"],"inLanguage":"pt-PT"},{"@type":"WebPage","@id":"https:\/\/jornaldasoficinas.com\/pt\/formula-e-estreia-gen3-na-abb-fia-formula-e\/","url":"https:\/\/jornaldasoficinas.com\/pt\/formula-e-estreia-gen3-na-abb-fia-formula-e\/","name":"F\u00f3rmula E estreia Gen3 na ABB FIA Formula E - Jornal das Oficinas","isPartOf":{"@id":"https:\/\/jornaldasoficinas.com\/pt\/#website"},"primaryImageOfPage":{"@id":"https:\/\/jornaldasoficinas.com\/pt\/formula-e-estreia-gen3-na-abb-fia-formula-e\/#primaryimage"},"image":{"@id":"https:\/\/jornaldasoficinas.com\/pt\/formula-e-estreia-gen3-na-abb-fia-formula-e\/#primaryimage"},"thumbnailUrl":"https:\/\/jornaldasoficinas.com\/pt\/wp-content\/uploads\/2022\/12\/Formula-E-estreia-Gen3-na-ABB-FIA-Formula-E-.jpeg","datePublished":"2023-01-02T16:00:14+00:00","dateModified":"2023-07-19T14:42:38+00:00","description":"A F\u00f3rmula E introduziu um novo visual e som arrojado para a Temporada 9 e para o in\u00edcio da era Gen3 no campeonato","breadcrumb":{"@id":"https:\/\/jornaldasoficinas.com\/pt\/formula-e-estreia-gen3-na-abb-fia-formula-e\/#breadcrumb"},"inLanguage":"pt-PT","potentialAction":[{"@type":"ReadAction","target":["https:\/\/jornaldasoficinas.com\/pt\/formula-e-estreia-gen3-na-abb-fia-formula-e\/"]}]},{"@type":"ImageObject","inLanguage":"pt-PT","@id":"https:\/\/jornaldasoficinas.com\/pt\/formula-e-estreia-gen3-na-abb-fia-formula-e\/#primaryimage","url":"https:\/\/jornaldasoficinas.com\/pt\/wp-content\/uploads\/2022\/12\/Formula-E-estreia-Gen3-na-ABB-FIA-Formula-E-.jpeg","contentUrl":"https:\/\/jornaldasoficinas.com\/pt\/wp-content\/uploads\/2022\/12\/Formula-E-estreia-Gen3-na-ABB-FIA-Formula-E-.jpeg","width":1024,"height":581,"caption":"12 - Formula E estreia Gen3 na ABB FIA Formula E"},{"@type":"BreadcrumbList","@id":"https:\/\/jornaldasoficinas.com\/pt\/formula-e-estreia-gen3-na-abb-fia-formula-e\/#breadcrumb","itemListElement":[{"@type":"ListItem","position":1,"name":"In\u00edcio","item":"https:\/\/jornaldasoficinas.com\/pt\/"},{"@type":"ListItem","position":2,"name":"F\u00f3rmula E estreia Gen3 na ABB FIA Formula E"}]},{"@type":"WebSite","@id":"https:\/\/jornaldasoficinas.com\/pt\/#website","url":"https:\/\/jornaldasoficinas.com\/pt\/","name":"Jornal das Oficinas","description":"Jornal independente do Aftermarket Autom\u00f3vel em Portugal","publisher":{"@id":"https:\/\/jornaldasoficinas.com\/pt\/#organization"},"potentialAction":[{"@type":"SearchAction","target":{"@type":"EntryPoint","urlTemplate":"https:\/\/jornaldasoficinas.com\/pt\/?s={search_term_string}"},"query-input":{"@type":"PropertyValueSpecification","valueRequired":true,"valueName":"search_term_string"}}],"inLanguage":"pt-PT"},{"@type":"Organization","@id":"https:\/\/jornaldasoficinas.com\/pt\/#organization","name":"Jornal das Oficinas","url":"https:\/\/jornaldasoficinas.com\/pt\/","logo":{"@type":"ImageObject","inLanguage":"pt-PT","@id":"https:\/\/jornaldasoficinas.com\/pt\/#\/schema\/logo\/image\/","url":"https:\/\/jornaldasoficinas.com\/pt\/wp-content\/uploads\/logoJO-SEO.png","contentUrl":"https:\/\/jornaldasoficinas.com\/pt\/wp-content\/uploads\/logoJO-SEO.png","width":285,"height":450,"caption":"Jornal das Oficinas"},"image":{"@id":"https:\/\/jornaldasoficinas.com\/pt\/#\/schema\/logo\/image\/"},"sameAs":["https:\/\/www.facebook.com\/jornaloficinas","https:\/\/x.com\/jornaloficinas","https:\/\/www.instagram.com\/jornal_oficinas\/","https:\/\/www.linkedin.com\/company\/jornal-das-oficinas\/","https:\/\/www.youtube.com\/channel\/UCbQZBqtcvV-oSQrr7RzINGg"]},{"@type":"Person","@id":"https:\/\/jornaldasoficinas.com\/pt\/#\/schema\/person\/a38eef5de2c41d9e7c9ac10141afddf3","name":"Reda\u00e7\u00e3o JO","image":{"@type":"ImageObject","inLanguage":"pt-PT","@id":"https:\/\/secure.gravatar.com\/avatar\/71f2fa71737ad68a84fea94bc708ddac8ea5b0c4788dc2ad202f3ccb2887742f?s=96&d=wp_user_avatar&r=g","url":"https:\/\/secure.gravatar.com\/avatar\/71f2fa71737ad68a84fea94bc708ddac8ea5b0c4788dc2ad202f3ccb2887742f?s=96&d=wp_user_avatar&r=g","contentUrl":"https:\/\/secure.gravatar.com\/avatar\/71f2fa71737ad68a84fea94bc708ddac8ea5b0c4788dc2ad202f3ccb2887742f?s=96&d=wp_user_avatar&r=g","caption":"Reda\u00e7\u00e3o JO"},"url":"https:\/\/jornaldasoficinas.com\/pt\/author\/joredacao\/"}]}},"_links":{"self":[{"href":"https:\/\/jornaldasoficinas.com\/pt\/wp-json\/wp\/v2\/posts\/35925","targetHints":{"allow":["GET"]}}],"collection":[{"href":"https:\/\/jornaldasoficinas.com\/pt\/wp-json\/wp\/v2\/posts"}],"about":[{"href":"https:\/\/jornaldasoficinas.com\/pt\/wp-json\/wp\/v2\/types\/post"}],"author":[{"embeddable":true,"href":"https:\/\/jornaldasoficinas.com\/pt\/wp-json\/wp\/v2\/users\/15"}],"replies":[{"embeddable":true,"href":"https:\/\/jornaldasoficinas.com\/pt\/wp-json\/wp\/v2\/comments?post=35925"}],"version-history":[{"count":0,"href":"https:\/\/jornaldasoficinas.com\/pt\/wp-json\/wp\/v2\/posts\/35925\/revisions"}],"wp:featuredmedia":[{"embeddable":true,"href":"https:\/\/jornaldasoficinas.com\/pt\/wp-json\/wp\/v2\/media\/35901"}],"wp:attachment":[{"href":"https:\/\/jornaldasoficinas.com\/pt\/wp-json\/wp\/v2\/media?parent=35925"}],"wp:term":[{"taxonomy":"category","embeddable":true,"href":"https:\/\/jornaldasoficinas.com\/pt\/wp-json\/wp\/v2\/categories?post=35925"},{"taxonomy":"post_tag","embeddable":true,"href":"https:\/\/jornaldasoficinas.com\/pt\/wp-json\/wp\/v2\/tags?post=35925"}],"curies":[{"name":"wp","href":"https:\/\/api.w.org\/{rel}","templated":true}]}}