{"id":35927,"date":"2022-12-30T16:00:58","date_gmt":"2022-12-30T16:00:58","guid":{"rendered":"https:\/\/jornaldasoficinas.com\/pt\/?p=35927"},"modified":"2023-07-19T15:42:38","modified_gmt":"2023-07-19T14:42:38","slug":"mario-patrao-no-dakar-apoiado-pela-motul","status":"publish","type":"post","link":"https:\/\/jornaldasoficinas.com\/pt\/mario-patrao-no-dakar-apoiado-pela-motul\/","title":{"rendered":"M\u00e1rio Patr\u00e3o no Dakar apoiado pela Motul"},"content":{"rendered":"<p><strong><img loading=\"lazy\" decoding=\"async\" class=\"alignnone size-full wp-image-35928\" src=\"https:\/\/jornaldasoficinas.com\/pt\/wp-content\/uploads\/2022\/12\/Mario-Patrao-no-Dakar-apoiado-pela-Motul.png\" alt=\"12 - Mario Patrao no Dakar apoiado pela Motul\" width=\"1024\" height=\"581\" srcset=\"https:\/\/jornaldasoficinas.com\/pt\/wp-content\/uploads\/2022\/12\/Mario-Patrao-no-Dakar-apoiado-pela-Motul.png 1024w, https:\/\/jornaldasoficinas.com\/pt\/wp-content\/uploads\/2022\/12\/Mario-Patrao-no-Dakar-apoiado-pela-Motul-300x170.png 300w, https:\/\/jornaldasoficinas.com\/pt\/wp-content\/uploads\/2022\/12\/Mario-Patrao-no-Dakar-apoiado-pela-Motul-150x85.png 150w, https:\/\/jornaldasoficinas.com\/pt\/wp-content\/uploads\/2022\/12\/Mario-Patrao-no-Dakar-apoiado-pela-Motul-768x436.png 768w\" sizes=\"auto, (max-width: 1024px) 100vw, 1024px\" \/><\/strong><strong>\u00a0<\/strong><\/p>\n<p><strong>M\u00e1rio Patr\u00e3o ir\u00e1 competir na 45\u00aa edi\u00e7\u00e3o do <a href=\"https:\/\/www.google.com\/url?sa=t&amp;rct=j&amp;q=&amp;esrc=s&amp;source=web&amp;cd=&amp;cad=rja&amp;uact=8&amp;ved=2ahUKEwja-e-Stqz8AhVDUKQEHe_VBSEQFnoECAsQAQ&amp;url=https%3A%2F%2Fwww.dakar.com%2F&amp;usg=AOvVaw3zTXl1YJC4ugPXSqIyxdC1\">Dakar<\/a> na categoria Original by <a href=\"https:\/\/www.motul.com\/es\/pt\" target=\"_blank\" rel=\"noopener\">Motul<\/a>, a categoria sem assist\u00eancia. De 31 de dezembro a 15 de janeiro de 2023, o piloto enfrentar\u00e1 as dunas do Dakar e ter\u00e1 de enfrentar todos os desafios e imprevistos de forma completamente aut\u00f3noma<\/strong><\/p>\n<p>O piloto, M\u00e1rio Patr\u00e3o, tem um grande historial: quatro medalhas de ouro no ISDE (International Six Days of Enduro).<\/p>\n<p>Entre as suas muitas participa\u00e7\u00f5es no Dakar, destaca-se a edi\u00e7\u00e3o de 2016, na qual encabe\u00e7ou a classe da maratona no 13\u00ba lugar da geral. O piloto demonstrou as suas capacidades em todas as competi\u00e7\u00f5es, o que o torna perfeito para a categoria Original by Motul.<\/p>\n<p>A dificuldade acrescida da Original by Motul d\u00e1 aos pilotos uma verdadeira experi\u00eancia Dakar e p\u00f5e \u00e0 prova todas as suas capacidades. Os participantes s\u00e3o respons\u00e1veis pela manuten\u00e7\u00e3o dos seus ve\u00edculos, demonstrando assim a sua resist\u00eancia f\u00edsica e mental e a sua vontade de supera\u00e7\u00e3o. Tendo participado em 9 edi\u00e7\u00f5es do Dakar, M\u00e1rio Patr\u00e3o afirmou: \u201cFazer esta corrida sem qualquer assist\u00eancia na categoria Original by Motul \u00e9 sem d\u00favida um grande desafio pessoal\u201d.<\/p>\n<p>A Motul apoia os participantes nesta categoria com os seus produtos, bem como a disponibiliza\u00e7\u00e3o do Laborat\u00f3rio Motul Racing. Desta forma, a empresa facilita a manuten\u00e7\u00e3o e o cuidado dos ve\u00edculos etapa ap\u00f3s etapa \u201cPoder contar com o apoio da Motul \u00e9 muito favor\u00e1vel, pois penso que eles t\u00eam os melhores lubrificantes do mundo e, para mim, \u00e9 muito importante que a minha moto corra com o melhor que existe\u201d, referiu o piloto.<\/p>\n<p>Patr\u00e3o explicou os seus objetivos para esta edi\u00e7\u00e3o: \u201cQuero ter um bom Dakar, sem qualquer contratempo, ser regular e tentar manter um bom ritmo. Espero n\u00e3o cometer os erros que cometi no ano passado e, embora seja um Dakar duro, espero ter a sorte que \u00e9 necess\u00e1ria numa corrida desta dimens\u00e3o\u201d, concluiu.<\/p>\n","protected":false},"excerpt":{"rendered":"<p>\u00a0 M\u00e1rio Patr\u00e3o ir\u00e1 competir na&#8230;<\/p>\n","protected":false},"author":15,"featured_media":35928,"comment_status":"closed","ping_status":"closed","sticky":false,"template":"","format":"standard","meta":{"footnotes":""},"categories":[29],"tags":[3601,1063,3600,196],"class_list":["post-35927","post","type-post","status-publish","format-standard","has-post-thumbnail","hentry","category-empresas","tag-45a-edicao-do-dakar","tag-dakar","tag-mario-patrao","tag-motul"],"yoast_head":"<!-- This site is optimized with the Yoast SEO plugin v27.4 - https:\/\/yoast.com\/product\/yoast-seo-wordpress\/ -->\n<title>M\u00e1rio Patr\u00e3o no Dakar apoiado pela Motul - Jornal das Oficinas<\/title>\n<meta name=\"description\" content=\"M\u00e1rio Patr\u00e3o ir\u00e1 competir na 45\u00aa edi\u00e7\u00e3o do Dakar na categoria Original by Motul, a categoria sem assist\u00eancia\" \/>\n<meta name=\"robots\" content=\"index, follow, max-snippet:-1, max-image-preview:large, max-video-preview:-1\" \/>\n<link rel=\"canonical\" href=\"https:\/\/jornaldasoficinas.com\/pt\/mario-patrao-no-dakar-apoiado-pela-motul\/\" \/>\n<meta property=\"og:locale\" content=\"pt_PT\" \/>\n<meta property=\"og:type\" content=\"article\" \/>\n<meta property=\"og:title\" content=\"M\u00e1rio Patr\u00e3o no Dakar apoiado pela Motul - Jornal das Oficinas\" \/>\n<meta property=\"og:description\" content=\"M\u00e1rio Patr\u00e3o ir\u00e1 competir na 45\u00aa edi\u00e7\u00e3o do Dakar na categoria Original by Motul, a categoria sem assist\u00eancia\" \/>\n<meta property=\"og:url\" content=\"https:\/\/jornaldasoficinas.com\/pt\/mario-patrao-no-dakar-apoiado-pela-motul\/\" \/>\n<meta property=\"og:site_name\" content=\"Jornal das Oficinas\" \/>\n<meta property=\"article:publisher\" content=\"https:\/\/www.facebook.com\/jornaloficinas\" \/>\n<meta property=\"article:published_time\" content=\"2022-12-30T16:00:58+00:00\" \/>\n<meta property=\"article:modified_time\" content=\"2023-07-19T14:42:38+00:00\" \/>\n<meta property=\"og:image\" content=\"https:\/\/jornaldasoficinas.com\/pt\/wp-content\/uploads\/2022\/12\/Mario-Patrao-no-Dakar-apoiado-pela-Motul.png\" \/>\n\t<meta property=\"og:image:width\" content=\"1024\" \/>\n\t<meta property=\"og:image:height\" content=\"581\" \/>\n\t<meta property=\"og:image:type\" content=\"image\/png\" \/>\n<meta name=\"author\" content=\"Reda\u00e7\u00e3o JO\" \/>\n<meta name=\"twitter:card\" content=\"summary_large_image\" \/>\n<meta name=\"twitter:creator\" content=\"@jornaloficinas\" \/>\n<meta name=\"twitter:site\" content=\"@jornaloficinas\" \/>\n<meta name=\"twitter:label1\" content=\"Escrito por\" \/>\n\t<meta name=\"twitter:data1\" content=\"Reda\u00e7\u00e3o JO\" \/>\n\t<meta name=\"twitter:label2\" content=\"Tempo estimado de leitura\" \/>\n\t<meta name=\"twitter:data2\" content=\"2 minutos\" \/>\n<script type=\"application\/ld+json\" class=\"yoast-schema-graph\">{\"@context\":\"https:\\\/\\\/schema.org\",\"@graph\":[{\"@type\":\"Article\",\"@id\":\"https:\\\/\\\/jornaldasoficinas.com\\\/pt\\\/mario-patrao-no-dakar-apoiado-pela-motul\\\/#article\",\"isPartOf\":{\"@id\":\"https:\\\/\\\/jornaldasoficinas.com\\\/pt\\\/mario-patrao-no-dakar-apoiado-pela-motul\\\/\"},\"author\":{\"name\":\"Reda\u00e7\u00e3o JO\",\"@id\":\"https:\\\/\\\/jornaldasoficinas.com\\\/pt\\\/#\\\/schema\\\/person\\\/a38eef5de2c41d9e7c9ac10141afddf3\"},\"headline\":\"M\u00e1rio Patr\u00e3o no Dakar apoiado pela Motul\",\"datePublished\":\"2022-12-30T16:00:58+00:00\",\"dateModified\":\"2023-07-19T14:42:38+00:00\",\"mainEntityOfPage\":{\"@id\":\"https:\\\/\\\/jornaldasoficinas.com\\\/pt\\\/mario-patrao-no-dakar-apoiado-pela-motul\\\/\"},\"wordCount\":344,\"publisher\":{\"@id\":\"https:\\\/\\\/jornaldasoficinas.com\\\/pt\\\/#organization\"},\"image\":{\"@id\":\"https:\\\/\\\/jornaldasoficinas.com\\\/pt\\\/mario-patrao-no-dakar-apoiado-pela-motul\\\/#primaryimage\"},\"thumbnailUrl\":\"https:\\\/\\\/jornaldasoficinas.com\\\/pt\\\/wp-content\\\/uploads\\\/2022\\\/12\\\/Mario-Patrao-no-Dakar-apoiado-pela-Motul.png\",\"keywords\":[\"45\u00aa edi\u00e7\u00e3o do Dakar\",\"Dakar\",\"M\u00e1rio Patr\u00e3o\",\"Motul\"],\"articleSection\":[\"Empresas\"],\"inLanguage\":\"pt-PT\"},{\"@type\":\"WebPage\",\"@id\":\"https:\\\/\\\/jornaldasoficinas.com\\\/pt\\\/mario-patrao-no-dakar-apoiado-pela-motul\\\/\",\"url\":\"https:\\\/\\\/jornaldasoficinas.com\\\/pt\\\/mario-patrao-no-dakar-apoiado-pela-motul\\\/\",\"name\":\"M\u00e1rio Patr\u00e3o no Dakar apoiado pela Motul - Jornal das Oficinas\",\"isPartOf\":{\"@id\":\"https:\\\/\\\/jornaldasoficinas.com\\\/pt\\\/#website\"},\"primaryImageOfPage\":{\"@id\":\"https:\\\/\\\/jornaldasoficinas.com\\\/pt\\\/mario-patrao-no-dakar-apoiado-pela-motul\\\/#primaryimage\"},\"image\":{\"@id\":\"https:\\\/\\\/jornaldasoficinas.com\\\/pt\\\/mario-patrao-no-dakar-apoiado-pela-motul\\\/#primaryimage\"},\"thumbnailUrl\":\"https:\\\/\\\/jornaldasoficinas.com\\\/pt\\\/wp-content\\\/uploads\\\/2022\\\/12\\\/Mario-Patrao-no-Dakar-apoiado-pela-Motul.png\",\"datePublished\":\"2022-12-30T16:00:58+00:00\",\"dateModified\":\"2023-07-19T14:42:38+00:00\",\"description\":\"M\u00e1rio Patr\u00e3o ir\u00e1 competir na 45\u00aa edi\u00e7\u00e3o do Dakar na categoria Original by Motul, a categoria sem assist\u00eancia\",\"breadcrumb\":{\"@id\":\"https:\\\/\\\/jornaldasoficinas.com\\\/pt\\\/mario-patrao-no-dakar-apoiado-pela-motul\\\/#breadcrumb\"},\"inLanguage\":\"pt-PT\",\"potentialAction\":[{\"@type\":\"ReadAction\",\"target\":[\"https:\\\/\\\/jornaldasoficinas.com\\\/pt\\\/mario-patrao-no-dakar-apoiado-pela-motul\\\/\"]}]},{\"@type\":\"ImageObject\",\"inLanguage\":\"pt-PT\",\"@id\":\"https:\\\/\\\/jornaldasoficinas.com\\\/pt\\\/mario-patrao-no-dakar-apoiado-pela-motul\\\/#primaryimage\",\"url\":\"https:\\\/\\\/jornaldasoficinas.com\\\/pt\\\/wp-content\\\/uploads\\\/2022\\\/12\\\/Mario-Patrao-no-Dakar-apoiado-pela-Motul.png\",\"contentUrl\":\"https:\\\/\\\/jornaldasoficinas.com\\\/pt\\\/wp-content\\\/uploads\\\/2022\\\/12\\\/Mario-Patrao-no-Dakar-apoiado-pela-Motul.png\",\"width\":1024,\"height\":581,\"caption\":\"12 - Mario Patrao no Dakar apoiado pela Motul\"},{\"@type\":\"BreadcrumbList\",\"@id\":\"https:\\\/\\\/jornaldasoficinas.com\\\/pt\\\/mario-patrao-no-dakar-apoiado-pela-motul\\\/#breadcrumb\",\"itemListElement\":[{\"@type\":\"ListItem\",\"position\":1,\"name\":\"In\u00edcio\",\"item\":\"https:\\\/\\\/jornaldasoficinas.com\\\/pt\\\/\"},{\"@type\":\"ListItem\",\"position\":2,\"name\":\"M\u00e1rio Patr\u00e3o no Dakar apoiado pela Motul\"}]},{\"@type\":\"WebSite\",\"@id\":\"https:\\\/\\\/jornaldasoficinas.com\\\/pt\\\/#website\",\"url\":\"https:\\\/\\\/jornaldasoficinas.com\\\/pt\\\/\",\"name\":\"Jornal das Oficinas\",\"description\":\"Jornal independente do Aftermarket Autom\u00f3vel em Portugal\",\"publisher\":{\"@id\":\"https:\\\/\\\/jornaldasoficinas.com\\\/pt\\\/#organization\"},\"potentialAction\":[{\"@type\":\"SearchAction\",\"target\":{\"@type\":\"EntryPoint\",\"urlTemplate\":\"https:\\\/\\\/jornaldasoficinas.com\\\/pt\\\/?s={search_term_string}\"},\"query-input\":{\"@type\":\"PropertyValueSpecification\",\"valueRequired\":true,\"valueName\":\"search_term_string\"}}],\"inLanguage\":\"pt-PT\"},{\"@type\":\"Organization\",\"@id\":\"https:\\\/\\\/jornaldasoficinas.com\\\/pt\\\/#organization\",\"name\":\"Jornal das Oficinas\",\"url\":\"https:\\\/\\\/jornaldasoficinas.com\\\/pt\\\/\",\"logo\":{\"@type\":\"ImageObject\",\"inLanguage\":\"pt-PT\",\"@id\":\"https:\\\/\\\/jornaldasoficinas.com\\\/pt\\\/#\\\/schema\\\/logo\\\/image\\\/\",\"url\":\"https:\\\/\\\/jornaldasoficinas.com\\\/pt\\\/wp-content\\\/uploads\\\/logoJO-SEO.png\",\"contentUrl\":\"https:\\\/\\\/jornaldasoficinas.com\\\/pt\\\/wp-content\\\/uploads\\\/logoJO-SEO.png\",\"width\":285,\"height\":450,\"caption\":\"Jornal das Oficinas\"},\"image\":{\"@id\":\"https:\\\/\\\/jornaldasoficinas.com\\\/pt\\\/#\\\/schema\\\/logo\\\/image\\\/\"},\"sameAs\":[\"https:\\\/\\\/www.facebook.com\\\/jornaloficinas\",\"https:\\\/\\\/x.com\\\/jornaloficinas\",\"https:\\\/\\\/www.instagram.com\\\/jornal_oficinas\\\/\",\"https:\\\/\\\/www.linkedin.com\\\/company\\\/jornal-das-oficinas\\\/\",\"https:\\\/\\\/www.youtube.com\\\/channel\\\/UCbQZBqtcvV-oSQrr7RzINGg\"]},{\"@type\":\"Person\",\"@id\":\"https:\\\/\\\/jornaldasoficinas.com\\\/pt\\\/#\\\/schema\\\/person\\\/a38eef5de2c41d9e7c9ac10141afddf3\",\"name\":\"Reda\u00e7\u00e3o JO\",\"image\":{\"@type\":\"ImageObject\",\"inLanguage\":\"pt-PT\",\"@id\":\"https:\\\/\\\/secure.gravatar.com\\\/avatar\\\/71f2fa71737ad68a84fea94bc708ddac8ea5b0c4788dc2ad202f3ccb2887742f?s=96&d=wp_user_avatar&r=g\",\"url\":\"https:\\\/\\\/secure.gravatar.com\\\/avatar\\\/71f2fa71737ad68a84fea94bc708ddac8ea5b0c4788dc2ad202f3ccb2887742f?s=96&d=wp_user_avatar&r=g\",\"contentUrl\":\"https:\\\/\\\/secure.gravatar.com\\\/avatar\\\/71f2fa71737ad68a84fea94bc708ddac8ea5b0c4788dc2ad202f3ccb2887742f?s=96&d=wp_user_avatar&r=g\",\"caption\":\"Reda\u00e7\u00e3o JO\"},\"url\":\"https:\\\/\\\/jornaldasoficinas.com\\\/pt\\\/author\\\/joredacao\\\/\"}]}<\/script>\n<!-- \/ Yoast SEO plugin. -->","yoast_head_json":{"title":"M\u00e1rio Patr\u00e3o no Dakar apoiado pela Motul - Jornal das Oficinas","description":"M\u00e1rio Patr\u00e3o ir\u00e1 competir na 45\u00aa edi\u00e7\u00e3o do Dakar na categoria Original by Motul, a categoria sem assist\u00eancia","robots":{"index":"index","follow":"follow","max-snippet":"max-snippet:-1","max-image-preview":"max-image-preview:large","max-video-preview":"max-video-preview:-1"},"canonical":"https:\/\/jornaldasoficinas.com\/pt\/mario-patrao-no-dakar-apoiado-pela-motul\/","og_locale":"pt_PT","og_type":"article","og_title":"M\u00e1rio Patr\u00e3o no Dakar apoiado pela Motul - Jornal das Oficinas","og_description":"M\u00e1rio Patr\u00e3o ir\u00e1 competir na 45\u00aa edi\u00e7\u00e3o do Dakar na categoria Original by Motul, a categoria sem assist\u00eancia","og_url":"https:\/\/jornaldasoficinas.com\/pt\/mario-patrao-no-dakar-apoiado-pela-motul\/","og_site_name":"Jornal das Oficinas","article_publisher":"https:\/\/www.facebook.com\/jornaloficinas","article_published_time":"2022-12-30T16:00:58+00:00","article_modified_time":"2023-07-19T14:42:38+00:00","og_image":[{"width":1024,"height":581,"url":"https:\/\/jornaldasoficinas.com\/pt\/wp-content\/uploads\/2022\/12\/Mario-Patrao-no-Dakar-apoiado-pela-Motul.png","type":"image\/png"}],"author":"Reda\u00e7\u00e3o JO","twitter_card":"summary_large_image","twitter_creator":"@jornaloficinas","twitter_site":"@jornaloficinas","twitter_misc":{"Escrito por":"Reda\u00e7\u00e3o JO","Tempo estimado de leitura":"2 minutos"},"schema":{"@context":"https:\/\/schema.org","@graph":[{"@type":"Article","@id":"https:\/\/jornaldasoficinas.com\/pt\/mario-patrao-no-dakar-apoiado-pela-motul\/#article","isPartOf":{"@id":"https:\/\/jornaldasoficinas.com\/pt\/mario-patrao-no-dakar-apoiado-pela-motul\/"},"author":{"name":"Reda\u00e7\u00e3o JO","@id":"https:\/\/jornaldasoficinas.com\/pt\/#\/schema\/person\/a38eef5de2c41d9e7c9ac10141afddf3"},"headline":"M\u00e1rio Patr\u00e3o no Dakar apoiado pela Motul","datePublished":"2022-12-30T16:00:58+00:00","dateModified":"2023-07-19T14:42:38+00:00","mainEntityOfPage":{"@id":"https:\/\/jornaldasoficinas.com\/pt\/mario-patrao-no-dakar-apoiado-pela-motul\/"},"wordCount":344,"publisher":{"@id":"https:\/\/jornaldasoficinas.com\/pt\/#organization"},"image":{"@id":"https:\/\/jornaldasoficinas.com\/pt\/mario-patrao-no-dakar-apoiado-pela-motul\/#primaryimage"},"thumbnailUrl":"https:\/\/jornaldasoficinas.com\/pt\/wp-content\/uploads\/2022\/12\/Mario-Patrao-no-Dakar-apoiado-pela-Motul.png","keywords":["45\u00aa edi\u00e7\u00e3o do Dakar","Dakar","M\u00e1rio Patr\u00e3o","Motul"],"articleSection":["Empresas"],"inLanguage":"pt-PT"},{"@type":"WebPage","@id":"https:\/\/jornaldasoficinas.com\/pt\/mario-patrao-no-dakar-apoiado-pela-motul\/","url":"https:\/\/jornaldasoficinas.com\/pt\/mario-patrao-no-dakar-apoiado-pela-motul\/","name":"M\u00e1rio Patr\u00e3o no Dakar apoiado pela Motul - Jornal das Oficinas","isPartOf":{"@id":"https:\/\/jornaldasoficinas.com\/pt\/#website"},"primaryImageOfPage":{"@id":"https:\/\/jornaldasoficinas.com\/pt\/mario-patrao-no-dakar-apoiado-pela-motul\/#primaryimage"},"image":{"@id":"https:\/\/jornaldasoficinas.com\/pt\/mario-patrao-no-dakar-apoiado-pela-motul\/#primaryimage"},"thumbnailUrl":"https:\/\/jornaldasoficinas.com\/pt\/wp-content\/uploads\/2022\/12\/Mario-Patrao-no-Dakar-apoiado-pela-Motul.png","datePublished":"2022-12-30T16:00:58+00:00","dateModified":"2023-07-19T14:42:38+00:00","description":"M\u00e1rio Patr\u00e3o ir\u00e1 competir na 45\u00aa edi\u00e7\u00e3o do Dakar na categoria Original by Motul, a categoria sem assist\u00eancia","breadcrumb":{"@id":"https:\/\/jornaldasoficinas.com\/pt\/mario-patrao-no-dakar-apoiado-pela-motul\/#breadcrumb"},"inLanguage":"pt-PT","potentialAction":[{"@type":"ReadAction","target":["https:\/\/jornaldasoficinas.com\/pt\/mario-patrao-no-dakar-apoiado-pela-motul\/"]}]},{"@type":"ImageObject","inLanguage":"pt-PT","@id":"https:\/\/jornaldasoficinas.com\/pt\/mario-patrao-no-dakar-apoiado-pela-motul\/#primaryimage","url":"https:\/\/jornaldasoficinas.com\/pt\/wp-content\/uploads\/2022\/12\/Mario-Patrao-no-Dakar-apoiado-pela-Motul.png","contentUrl":"https:\/\/jornaldasoficinas.com\/pt\/wp-content\/uploads\/2022\/12\/Mario-Patrao-no-Dakar-apoiado-pela-Motul.png","width":1024,"height":581,"caption":"12 - Mario Patrao no Dakar apoiado pela Motul"},{"@type":"BreadcrumbList","@id":"https:\/\/jornaldasoficinas.com\/pt\/mario-patrao-no-dakar-apoiado-pela-motul\/#breadcrumb","itemListElement":[{"@type":"ListItem","position":1,"name":"In\u00edcio","item":"https:\/\/jornaldasoficinas.com\/pt\/"},{"@type":"ListItem","position":2,"name":"M\u00e1rio Patr\u00e3o no Dakar apoiado pela Motul"}]},{"@type":"WebSite","@id":"https:\/\/jornaldasoficinas.com\/pt\/#website","url":"https:\/\/jornaldasoficinas.com\/pt\/","name":"Jornal das Oficinas","description":"Jornal independente do Aftermarket Autom\u00f3vel em Portugal","publisher":{"@id":"https:\/\/jornaldasoficinas.com\/pt\/#organization"},"potentialAction":[{"@type":"SearchAction","target":{"@type":"EntryPoint","urlTemplate":"https:\/\/jornaldasoficinas.com\/pt\/?s={search_term_string}"},"query-input":{"@type":"PropertyValueSpecification","valueRequired":true,"valueName":"search_term_string"}}],"inLanguage":"pt-PT"},{"@type":"Organization","@id":"https:\/\/jornaldasoficinas.com\/pt\/#organization","name":"Jornal das Oficinas","url":"https:\/\/jornaldasoficinas.com\/pt\/","logo":{"@type":"ImageObject","inLanguage":"pt-PT","@id":"https:\/\/jornaldasoficinas.com\/pt\/#\/schema\/logo\/image\/","url":"https:\/\/jornaldasoficinas.com\/pt\/wp-content\/uploads\/logoJO-SEO.png","contentUrl":"https:\/\/jornaldasoficinas.com\/pt\/wp-content\/uploads\/logoJO-SEO.png","width":285,"height":450,"caption":"Jornal das Oficinas"},"image":{"@id":"https:\/\/jornaldasoficinas.com\/pt\/#\/schema\/logo\/image\/"},"sameAs":["https:\/\/www.facebook.com\/jornaloficinas","https:\/\/x.com\/jornaloficinas","https:\/\/www.instagram.com\/jornal_oficinas\/","https:\/\/www.linkedin.com\/company\/jornal-das-oficinas\/","https:\/\/www.youtube.com\/channel\/UCbQZBqtcvV-oSQrr7RzINGg"]},{"@type":"Person","@id":"https:\/\/jornaldasoficinas.com\/pt\/#\/schema\/person\/a38eef5de2c41d9e7c9ac10141afddf3","name":"Reda\u00e7\u00e3o JO","image":{"@type":"ImageObject","inLanguage":"pt-PT","@id":"https:\/\/secure.gravatar.com\/avatar\/71f2fa71737ad68a84fea94bc708ddac8ea5b0c4788dc2ad202f3ccb2887742f?s=96&d=wp_user_avatar&r=g","url":"https:\/\/secure.gravatar.com\/avatar\/71f2fa71737ad68a84fea94bc708ddac8ea5b0c4788dc2ad202f3ccb2887742f?s=96&d=wp_user_avatar&r=g","contentUrl":"https:\/\/secure.gravatar.com\/avatar\/71f2fa71737ad68a84fea94bc708ddac8ea5b0c4788dc2ad202f3ccb2887742f?s=96&d=wp_user_avatar&r=g","caption":"Reda\u00e7\u00e3o JO"},"url":"https:\/\/jornaldasoficinas.com\/pt\/author\/joredacao\/"}]}},"_links":{"self":[{"href":"https:\/\/jornaldasoficinas.com\/pt\/wp-json\/wp\/v2\/posts\/35927","targetHints":{"allow":["GET"]}}],"collection":[{"href":"https:\/\/jornaldasoficinas.com\/pt\/wp-json\/wp\/v2\/posts"}],"about":[{"href":"https:\/\/jornaldasoficinas.com\/pt\/wp-json\/wp\/v2\/types\/post"}],"author":[{"embeddable":true,"href":"https:\/\/jornaldasoficinas.com\/pt\/wp-json\/wp\/v2\/users\/15"}],"replies":[{"embeddable":true,"href":"https:\/\/jornaldasoficinas.com\/pt\/wp-json\/wp\/v2\/comments?post=35927"}],"version-history":[{"count":0,"href":"https:\/\/jornaldasoficinas.com\/pt\/wp-json\/wp\/v2\/posts\/35927\/revisions"}],"wp:featuredmedia":[{"embeddable":true,"href":"https:\/\/jornaldasoficinas.com\/pt\/wp-json\/wp\/v2\/media\/35928"}],"wp:attachment":[{"href":"https:\/\/jornaldasoficinas.com\/pt\/wp-json\/wp\/v2\/media?parent=35927"}],"wp:term":[{"taxonomy":"category","embeddable":true,"href":"https:\/\/jornaldasoficinas.com\/pt\/wp-json\/wp\/v2\/categories?post=35927"},{"taxonomy":"post_tag","embeddable":true,"href":"https:\/\/jornaldasoficinas.com\/pt\/wp-json\/wp\/v2\/tags?post=35927"}],"curies":[{"name":"wp","href":"https:\/\/api.w.org\/{rel}","templated":true}]}}