{"id":35948,"date":"2023-01-02T10:00:29","date_gmt":"2023-01-02T10:00:29","guid":{"rendered":"https:\/\/jornaldasoficinas.com\/pt\/?p=35948"},"modified":"2023-03-16T11:19:20","modified_gmt":"2023-03-16T11:19:20","slug":"160-expositores-ja-confirmados-para-a-expomecanica","status":"publish","type":"post","link":"https:\/\/jornaldasoficinas.com\/pt\/160-expositores-ja-confirmados-para-a-expomecanica\/","title":{"rendered":"160 expositores j\u00e1 confirmados para a ExpoMEC\u00c2NICA"},"content":{"rendered":"<p><strong><img loading=\"lazy\" decoding=\"async\" class=\"alignnone size-full wp-image-35946\" src=\"https:\/\/jornaldasoficinas.com\/pt\/wp-content\/uploads\/2023\/01\/160-expositores-ja-confirmados-para-a-ExpoMECANICA.png\" alt=\"01 - 160 expositores ja confirmados para a ExpoMECANICA\" width=\"1024\" height=\"581\" srcset=\"https:\/\/jornaldasoficinas.com\/pt\/wp-content\/uploads\/2023\/01\/160-expositores-ja-confirmados-para-a-ExpoMECANICA.png 1024w, https:\/\/jornaldasoficinas.com\/pt\/wp-content\/uploads\/2023\/01\/160-expositores-ja-confirmados-para-a-ExpoMECANICA-300x170.png 300w, https:\/\/jornaldasoficinas.com\/pt\/wp-content\/uploads\/2023\/01\/160-expositores-ja-confirmados-para-a-ExpoMECANICA-150x85.png 150w, https:\/\/jornaldasoficinas.com\/pt\/wp-content\/uploads\/2023\/01\/160-expositores-ja-confirmados-para-a-ExpoMECANICA-768x436.png 768w\" sizes=\"auto, (max-width: 1024px) 100vw, 1024px\" \/><\/strong><strong>\u00a0<\/strong><\/p>\n<p><strong>Os organizadores da <a href=\"https:\/\/expomecanica.pt\/pt\/\" target=\"_blank\" rel=\"noopener\">ExpoMEC\u00c2NICA<\/a>, est\u00e3o a acrescentar mais de 8.000 m2 para a edi\u00e7\u00e3o de 2023. Cerca de 75% do espa\u00e7o da 8.\u00aa edi\u00e7\u00e3o da feira j\u00e1 est\u00e1 fechada por empresas do sector. Est\u00e3o j\u00e1 confirmados 160 expositores de 14 a 16 de abril na <a href=\"https:\/\/exponor.pt\/\" target=\"_blank\" rel=\"noopener\">EXPONOR<\/a><\/strong><\/p>\n<p><strong>\u00a0<\/strong>A edi\u00e7\u00e3o 2023 da maior montra do aftermarket portugu\u00eas, expoMEC\u00c2NICA &#8211; Sal\u00e3o de Equipamentos, Servi\u00e7os e Autope\u00e7as, j\u00e1 est\u00e1 em andamento e a carga \u00e9 ainda mais pesada. Tudo porque, com os olhos postos de 14 a 16 de abril, na EXPONOR \u2013 Feira Internacional do Porto, a exposi\u00e7\u00e3o ter\u00e1 mais um pavilh\u00e3o, fruto do crescente interesse pela feira e pelos excelentes resultados alcan\u00e7ados na edi\u00e7\u00e3o de 2021.<\/p>\n<p>Segundo a KIKAI EVENTOS, organizadora do Sal\u00e3o, o novo crescimento reflete \u201co dinamismo do mercado portugu\u00eas de acess\u00f3rios, ferramentas e equipamentos e a aposta que a rede de neg\u00f3cios faz na sua principal feira\u201d, de acordo com Jos\u00e9 Manuel Costa, Diretor Geral.<\/p>\n<p>A oitava edi\u00e7\u00e3o do evento, agora com periodicidade bienal, ser\u00e1 apresentada aos profissionais da ind\u00fastria, com um total de quatro pavilh\u00f5es, quando h\u00e1 dois anos atr\u00e1s, havia apenas tr\u00eas.<\/p>\n<p>Dentro de quatro meses, a expoMEC\u00c2NICA abrir\u00e1 as suas portas com um total de 24.000 metros quadrados de espa\u00e7o de exposi\u00e7\u00e3o, mais 8.000 m2 do que em 2021, com as mais recentes solu\u00e7\u00f5es para os segmentos de Pe\u00e7as e Sistemas, Repara\u00e7\u00e3o e Manuten\u00e7\u00e3o, Tecnologias de Informa\u00e7\u00e3o e Gest\u00e3o, Esta\u00e7\u00f5es de Servi\u00e7o e Limpeza, e, finalmente, Acess\u00f3rios e Personaliza\u00e7\u00e3o.<\/p>\n<p>A campanha comercial arrancou em meados de Maio, mas, no papel, o desenho do acontecimento exibe atualmente 75% do espa\u00e7o reservado. Gra\u00e7as a mais de 160 operadores econ\u00f3micos do p\u00f3s-venda autom\u00f3vel que j\u00e1 confirmaram a respetiva participa\u00e7\u00e3o.<\/p>\n<p><strong>\u00a0<\/strong><strong>Empresas espanholas olham para a expoMEC\u00c2NICA como feira de refer\u00eancia em Portugal<br \/>\n<\/strong>A estrat\u00e9gia da expoMECANICA \u00e9 criar valor gradual para o pr\u00f3prio evento e para o mercado nacional de p\u00f3s-venda autom\u00f3vel. Mas os planos incluem uma internacionaliza\u00e7\u00e3o sustentada, especialmente no espa\u00e7o ib\u00e9rico.<\/p>\n<p>\u201cAno ap\u00f3s ano, a expoMECANICA continua a surpreender pelo seu crescimento sustent\u00e1vel, como pela sua capacidade de atingir e captar novos expositores, de cada vez mais pa\u00edses, tornando a feira cada vez mais internacional. Al\u00e9m disso, \u00e9 gratificante dizer que j\u00e1 temos inscritas as principais empresas do sector e abertos \u00e0 chegada de novas e importantes empresas, sobretudo de Espanha\u201d, afirmou S\u00f3nia Rodrigues, diretora comercial da Kikai.<\/p>\n<p>\u201cDevido ao n\u00famero de empresas e associa\u00e7\u00f5es espanholas que participaram na expoMEC\u00c2NICA, especialmente nas \u00faltimas duas edi\u00e7\u00f5es, podemos falar de um compromisso claro dos agentes sectoriais do pa\u00eds vizinho numa grande feira sectorial em Portugal\u201d, referiu Jos\u00e9 Manuel Costa.<\/p>\n<p>Portanto, os esfor\u00e7os de organiza\u00e7\u00e3o tamb\u00e9m se voltaram para a fronteira, transcendendo mesmo a componente comercial, como os visitantes espanh\u00f3is, cujo n\u00famero e quantidade t\u00eam vindo a crescer e que \u201colham para a expoMEC\u00c2NICA como a feira refer\u00eancia do sector\u201d, em Portugal, argumenta S\u00f3nia Rodrigues.<\/p>\n","protected":false},"excerpt":{"rendered":"<p>\u00a0 Os organizadores da ExpoMEC\u00c2NICA, est\u00e3o&#8230;<\/p>\n","protected":false},"author":15,"featured_media":35946,"comment_status":"closed","ping_status":"closed","sticky":false,"template":"","format":"standard","meta":{"footnotes":""},"categories":[4632],"tags":[3606,3615,78,473,3608],"class_list":["post-35948","post","type-post","status-publish","format-standard","has-post-thumbnail","hentry","category-expomecanica","tag-14-a-16-de-abril","tag-160-expositores","tag-expomecanica","tag-exponor","tag-salao-de-aftermarket"],"yoast_head":"<!-- This site is optimized with the Yoast SEO plugin v27.4 - https:\/\/yoast.com\/product\/yoast-seo-wordpress\/ -->\n<title>160 expositores j\u00e1 confirmados para a ExpoMEC\u00c2NICA - Jornal das Oficinas<\/title>\n<meta name=\"description\" content=\"Cerca de 75% do espa\u00e7o da 8.\u00aa edi\u00e7\u00e3o da feira j\u00e1 est\u00e1 fechada. Est\u00e3o j\u00e1 confirmados 160 expositores de 14 a 16 de abril na EXPONOR\" \/>\n<meta name=\"robots\" content=\"index, follow, max-snippet:-1, max-image-preview:large, max-video-preview:-1\" \/>\n<link rel=\"canonical\" href=\"https:\/\/jornaldasoficinas.com\/pt\/160-expositores-ja-confirmados-para-a-expomecanica\/\" \/>\n<meta property=\"og:locale\" content=\"pt_PT\" \/>\n<meta property=\"og:type\" content=\"article\" \/>\n<meta property=\"og:title\" content=\"160 expositores j\u00e1 confirmados para a ExpoMEC\u00c2NICA - Jornal das Oficinas\" \/>\n<meta property=\"og:description\" content=\"Cerca de 75% do espa\u00e7o da 8.\u00aa edi\u00e7\u00e3o da feira j\u00e1 est\u00e1 fechada. Est\u00e3o j\u00e1 confirmados 160 expositores de 14 a 16 de abril na EXPONOR\" \/>\n<meta property=\"og:url\" content=\"https:\/\/jornaldasoficinas.com\/pt\/160-expositores-ja-confirmados-para-a-expomecanica\/\" \/>\n<meta property=\"og:site_name\" content=\"Jornal das Oficinas\" \/>\n<meta property=\"article:publisher\" content=\"https:\/\/www.facebook.com\/jornaloficinas\" \/>\n<meta property=\"article:published_time\" content=\"2023-01-02T10:00:29+00:00\" \/>\n<meta property=\"article:modified_time\" content=\"2023-03-16T11:19:20+00:00\" \/>\n<meta property=\"og:image\" content=\"https:\/\/jornaldasoficinas.com\/pt\/wp-content\/uploads\/2023\/01\/160-expositores-ja-confirmados-para-a-ExpoMECANICA.png\" \/>\n\t<meta property=\"og:image:width\" content=\"1024\" \/>\n\t<meta property=\"og:image:height\" content=\"581\" \/>\n\t<meta property=\"og:image:type\" content=\"image\/png\" \/>\n<meta name=\"author\" content=\"Reda\u00e7\u00e3o JO\" \/>\n<meta name=\"twitter:card\" content=\"summary_large_image\" \/>\n<meta name=\"twitter:creator\" content=\"@jornaloficinas\" \/>\n<meta name=\"twitter:site\" content=\"@jornaloficinas\" \/>\n<meta name=\"twitter:label1\" content=\"Escrito por\" \/>\n\t<meta name=\"twitter:data1\" content=\"Reda\u00e7\u00e3o JO\" \/>\n\t<meta name=\"twitter:label2\" content=\"Tempo estimado de leitura\" \/>\n\t<meta name=\"twitter:data2\" content=\"3 minutos\" \/>\n<script type=\"application\/ld+json\" class=\"yoast-schema-graph\">{\"@context\":\"https:\\\/\\\/schema.org\",\"@graph\":[{\"@type\":\"Article\",\"@id\":\"https:\\\/\\\/jornaldasoficinas.com\\\/pt\\\/160-expositores-ja-confirmados-para-a-expomecanica\\\/#article\",\"isPartOf\":{\"@id\":\"https:\\\/\\\/jornaldasoficinas.com\\\/pt\\\/160-expositores-ja-confirmados-para-a-expomecanica\\\/\"},\"author\":{\"name\":\"Reda\u00e7\u00e3o JO\",\"@id\":\"https:\\\/\\\/jornaldasoficinas.com\\\/pt\\\/#\\\/schema\\\/person\\\/a38eef5de2c41d9e7c9ac10141afddf3\"},\"headline\":\"160 expositores j\u00e1 confirmados para a ExpoMEC\u00c2NICA\",\"datePublished\":\"2023-01-02T10:00:29+00:00\",\"dateModified\":\"2023-03-16T11:19:20+00:00\",\"mainEntityOfPage\":{\"@id\":\"https:\\\/\\\/jornaldasoficinas.com\\\/pt\\\/160-expositores-ja-confirmados-para-a-expomecanica\\\/\"},\"wordCount\":532,\"publisher\":{\"@id\":\"https:\\\/\\\/jornaldasoficinas.com\\\/pt\\\/#organization\"},\"image\":{\"@id\":\"https:\\\/\\\/jornaldasoficinas.com\\\/pt\\\/160-expositores-ja-confirmados-para-a-expomecanica\\\/#primaryimage\"},\"thumbnailUrl\":\"https:\\\/\\\/jornaldasoficinas.com\\\/pt\\\/wp-content\\\/uploads\\\/2023\\\/01\\\/160-expositores-ja-confirmados-para-a-ExpoMECANICA.png\",\"keywords\":[\"14 a 16 de abril\",\"160 expositores\",\"expoMEC\u00c2NICA\",\"Exponor\",\"Sal\u00e3o de Aftermarket\"],\"articleSection\":[\"expoMEC\u00c2NICA\"],\"inLanguage\":\"pt-PT\"},{\"@type\":\"WebPage\",\"@id\":\"https:\\\/\\\/jornaldasoficinas.com\\\/pt\\\/160-expositores-ja-confirmados-para-a-expomecanica\\\/\",\"url\":\"https:\\\/\\\/jornaldasoficinas.com\\\/pt\\\/160-expositores-ja-confirmados-para-a-expomecanica\\\/\",\"name\":\"160 expositores j\u00e1 confirmados para a ExpoMEC\u00c2NICA - Jornal das Oficinas\",\"isPartOf\":{\"@id\":\"https:\\\/\\\/jornaldasoficinas.com\\\/pt\\\/#website\"},\"primaryImageOfPage\":{\"@id\":\"https:\\\/\\\/jornaldasoficinas.com\\\/pt\\\/160-expositores-ja-confirmados-para-a-expomecanica\\\/#primaryimage\"},\"image\":{\"@id\":\"https:\\\/\\\/jornaldasoficinas.com\\\/pt\\\/160-expositores-ja-confirmados-para-a-expomecanica\\\/#primaryimage\"},\"thumbnailUrl\":\"https:\\\/\\\/jornaldasoficinas.com\\\/pt\\\/wp-content\\\/uploads\\\/2023\\\/01\\\/160-expositores-ja-confirmados-para-a-ExpoMECANICA.png\",\"datePublished\":\"2023-01-02T10:00:29+00:00\",\"dateModified\":\"2023-03-16T11:19:20+00:00\",\"description\":\"Cerca de 75% do espa\u00e7o da 8.\u00aa edi\u00e7\u00e3o da feira j\u00e1 est\u00e1 fechada. Est\u00e3o j\u00e1 confirmados 160 expositores de 14 a 16 de abril na EXPONOR\",\"breadcrumb\":{\"@id\":\"https:\\\/\\\/jornaldasoficinas.com\\\/pt\\\/160-expositores-ja-confirmados-para-a-expomecanica\\\/#breadcrumb\"},\"inLanguage\":\"pt-PT\",\"potentialAction\":[{\"@type\":\"ReadAction\",\"target\":[\"https:\\\/\\\/jornaldasoficinas.com\\\/pt\\\/160-expositores-ja-confirmados-para-a-expomecanica\\\/\"]}]},{\"@type\":\"ImageObject\",\"inLanguage\":\"pt-PT\",\"@id\":\"https:\\\/\\\/jornaldasoficinas.com\\\/pt\\\/160-expositores-ja-confirmados-para-a-expomecanica\\\/#primaryimage\",\"url\":\"https:\\\/\\\/jornaldasoficinas.com\\\/pt\\\/wp-content\\\/uploads\\\/2023\\\/01\\\/160-expositores-ja-confirmados-para-a-ExpoMECANICA.png\",\"contentUrl\":\"https:\\\/\\\/jornaldasoficinas.com\\\/pt\\\/wp-content\\\/uploads\\\/2023\\\/01\\\/160-expositores-ja-confirmados-para-a-ExpoMECANICA.png\",\"width\":1024,\"height\":581,\"caption\":\"01 - 160 expositores ja confirmados para a ExpoMECANICA\"},{\"@type\":\"BreadcrumbList\",\"@id\":\"https:\\\/\\\/jornaldasoficinas.com\\\/pt\\\/160-expositores-ja-confirmados-para-a-expomecanica\\\/#breadcrumb\",\"itemListElement\":[{\"@type\":\"ListItem\",\"position\":1,\"name\":\"In\u00edcio\",\"item\":\"https:\\\/\\\/jornaldasoficinas.com\\\/pt\\\/\"},{\"@type\":\"ListItem\",\"position\":2,\"name\":\"160 expositores j\u00e1 confirmados para a ExpoMEC\u00c2NICA\"}]},{\"@type\":\"WebSite\",\"@id\":\"https:\\\/\\\/jornaldasoficinas.com\\\/pt\\\/#website\",\"url\":\"https:\\\/\\\/jornaldasoficinas.com\\\/pt\\\/\",\"name\":\"Jornal das Oficinas\",\"description\":\"Jornal independente do Aftermarket Autom\u00f3vel em Portugal\",\"publisher\":{\"@id\":\"https:\\\/\\\/jornaldasoficinas.com\\\/pt\\\/#organization\"},\"potentialAction\":[{\"@type\":\"SearchAction\",\"target\":{\"@type\":\"EntryPoint\",\"urlTemplate\":\"https:\\\/\\\/jornaldasoficinas.com\\\/pt\\\/?s={search_term_string}\"},\"query-input\":{\"@type\":\"PropertyValueSpecification\",\"valueRequired\":true,\"valueName\":\"search_term_string\"}}],\"inLanguage\":\"pt-PT\"},{\"@type\":\"Organization\",\"@id\":\"https:\\\/\\\/jornaldasoficinas.com\\\/pt\\\/#organization\",\"name\":\"Jornal das Oficinas\",\"url\":\"https:\\\/\\\/jornaldasoficinas.com\\\/pt\\\/\",\"logo\":{\"@type\":\"ImageObject\",\"inLanguage\":\"pt-PT\",\"@id\":\"https:\\\/\\\/jornaldasoficinas.com\\\/pt\\\/#\\\/schema\\\/logo\\\/image\\\/\",\"url\":\"https:\\\/\\\/jornaldasoficinas.com\\\/pt\\\/wp-content\\\/uploads\\\/logoJO-SEO.png\",\"contentUrl\":\"https:\\\/\\\/jornaldasoficinas.com\\\/pt\\\/wp-content\\\/uploads\\\/logoJO-SEO.png\",\"width\":285,\"height\":450,\"caption\":\"Jornal das Oficinas\"},\"image\":{\"@id\":\"https:\\\/\\\/jornaldasoficinas.com\\\/pt\\\/#\\\/schema\\\/logo\\\/image\\\/\"},\"sameAs\":[\"https:\\\/\\\/www.facebook.com\\\/jornaloficinas\",\"https:\\\/\\\/x.com\\\/jornaloficinas\",\"https:\\\/\\\/www.instagram.com\\\/jornal_oficinas\\\/\",\"https:\\\/\\\/www.linkedin.com\\\/company\\\/jornal-das-oficinas\\\/\",\"https:\\\/\\\/www.youtube.com\\\/channel\\\/UCbQZBqtcvV-oSQrr7RzINGg\"]},{\"@type\":\"Person\",\"@id\":\"https:\\\/\\\/jornaldasoficinas.com\\\/pt\\\/#\\\/schema\\\/person\\\/a38eef5de2c41d9e7c9ac10141afddf3\",\"name\":\"Reda\u00e7\u00e3o JO\",\"image\":{\"@type\":\"ImageObject\",\"inLanguage\":\"pt-PT\",\"@id\":\"https:\\\/\\\/secure.gravatar.com\\\/avatar\\\/71f2fa71737ad68a84fea94bc708ddac8ea5b0c4788dc2ad202f3ccb2887742f?s=96&d=wp_user_avatar&r=g\",\"url\":\"https:\\\/\\\/secure.gravatar.com\\\/avatar\\\/71f2fa71737ad68a84fea94bc708ddac8ea5b0c4788dc2ad202f3ccb2887742f?s=96&d=wp_user_avatar&r=g\",\"contentUrl\":\"https:\\\/\\\/secure.gravatar.com\\\/avatar\\\/71f2fa71737ad68a84fea94bc708ddac8ea5b0c4788dc2ad202f3ccb2887742f?s=96&d=wp_user_avatar&r=g\",\"caption\":\"Reda\u00e7\u00e3o JO\"},\"url\":\"https:\\\/\\\/jornaldasoficinas.com\\\/pt\\\/author\\\/joredacao\\\/\"}]}<\/script>\n<!-- \/ Yoast SEO plugin. -->","yoast_head_json":{"title":"160 expositores j\u00e1 confirmados para a ExpoMEC\u00c2NICA - Jornal das Oficinas","description":"Cerca de 75% do espa\u00e7o da 8.\u00aa edi\u00e7\u00e3o da feira j\u00e1 est\u00e1 fechada. Est\u00e3o j\u00e1 confirmados 160 expositores de 14 a 16 de abril na EXPONOR","robots":{"index":"index","follow":"follow","max-snippet":"max-snippet:-1","max-image-preview":"max-image-preview:large","max-video-preview":"max-video-preview:-1"},"canonical":"https:\/\/jornaldasoficinas.com\/pt\/160-expositores-ja-confirmados-para-a-expomecanica\/","og_locale":"pt_PT","og_type":"article","og_title":"160 expositores j\u00e1 confirmados para a ExpoMEC\u00c2NICA - Jornal das Oficinas","og_description":"Cerca de 75% do espa\u00e7o da 8.\u00aa edi\u00e7\u00e3o da feira j\u00e1 est\u00e1 fechada. Est\u00e3o j\u00e1 confirmados 160 expositores de 14 a 16 de abril na EXPONOR","og_url":"https:\/\/jornaldasoficinas.com\/pt\/160-expositores-ja-confirmados-para-a-expomecanica\/","og_site_name":"Jornal das Oficinas","article_publisher":"https:\/\/www.facebook.com\/jornaloficinas","article_published_time":"2023-01-02T10:00:29+00:00","article_modified_time":"2023-03-16T11:19:20+00:00","og_image":[{"width":1024,"height":581,"url":"https:\/\/jornaldasoficinas.com\/pt\/wp-content\/uploads\/2023\/01\/160-expositores-ja-confirmados-para-a-ExpoMECANICA.png","type":"image\/png"}],"author":"Reda\u00e7\u00e3o JO","twitter_card":"summary_large_image","twitter_creator":"@jornaloficinas","twitter_site":"@jornaloficinas","twitter_misc":{"Escrito por":"Reda\u00e7\u00e3o JO","Tempo estimado de leitura":"3 minutos"},"schema":{"@context":"https:\/\/schema.org","@graph":[{"@type":"Article","@id":"https:\/\/jornaldasoficinas.com\/pt\/160-expositores-ja-confirmados-para-a-expomecanica\/#article","isPartOf":{"@id":"https:\/\/jornaldasoficinas.com\/pt\/160-expositores-ja-confirmados-para-a-expomecanica\/"},"author":{"name":"Reda\u00e7\u00e3o JO","@id":"https:\/\/jornaldasoficinas.com\/pt\/#\/schema\/person\/a38eef5de2c41d9e7c9ac10141afddf3"},"headline":"160 expositores j\u00e1 confirmados para a ExpoMEC\u00c2NICA","datePublished":"2023-01-02T10:00:29+00:00","dateModified":"2023-03-16T11:19:20+00:00","mainEntityOfPage":{"@id":"https:\/\/jornaldasoficinas.com\/pt\/160-expositores-ja-confirmados-para-a-expomecanica\/"},"wordCount":532,"publisher":{"@id":"https:\/\/jornaldasoficinas.com\/pt\/#organization"},"image":{"@id":"https:\/\/jornaldasoficinas.com\/pt\/160-expositores-ja-confirmados-para-a-expomecanica\/#primaryimage"},"thumbnailUrl":"https:\/\/jornaldasoficinas.com\/pt\/wp-content\/uploads\/2023\/01\/160-expositores-ja-confirmados-para-a-ExpoMECANICA.png","keywords":["14 a 16 de abril","160 expositores","expoMEC\u00c2NICA","Exponor","Sal\u00e3o de Aftermarket"],"articleSection":["expoMEC\u00c2NICA"],"inLanguage":"pt-PT"},{"@type":"WebPage","@id":"https:\/\/jornaldasoficinas.com\/pt\/160-expositores-ja-confirmados-para-a-expomecanica\/","url":"https:\/\/jornaldasoficinas.com\/pt\/160-expositores-ja-confirmados-para-a-expomecanica\/","name":"160 expositores j\u00e1 confirmados para a ExpoMEC\u00c2NICA - Jornal das Oficinas","isPartOf":{"@id":"https:\/\/jornaldasoficinas.com\/pt\/#website"},"primaryImageOfPage":{"@id":"https:\/\/jornaldasoficinas.com\/pt\/160-expositores-ja-confirmados-para-a-expomecanica\/#primaryimage"},"image":{"@id":"https:\/\/jornaldasoficinas.com\/pt\/160-expositores-ja-confirmados-para-a-expomecanica\/#primaryimage"},"thumbnailUrl":"https:\/\/jornaldasoficinas.com\/pt\/wp-content\/uploads\/2023\/01\/160-expositores-ja-confirmados-para-a-ExpoMECANICA.png","datePublished":"2023-01-02T10:00:29+00:00","dateModified":"2023-03-16T11:19:20+00:00","description":"Cerca de 75% do espa\u00e7o da 8.\u00aa edi\u00e7\u00e3o da feira j\u00e1 est\u00e1 fechada. Est\u00e3o j\u00e1 confirmados 160 expositores de 14 a 16 de abril na EXPONOR","breadcrumb":{"@id":"https:\/\/jornaldasoficinas.com\/pt\/160-expositores-ja-confirmados-para-a-expomecanica\/#breadcrumb"},"inLanguage":"pt-PT","potentialAction":[{"@type":"ReadAction","target":["https:\/\/jornaldasoficinas.com\/pt\/160-expositores-ja-confirmados-para-a-expomecanica\/"]}]},{"@type":"ImageObject","inLanguage":"pt-PT","@id":"https:\/\/jornaldasoficinas.com\/pt\/160-expositores-ja-confirmados-para-a-expomecanica\/#primaryimage","url":"https:\/\/jornaldasoficinas.com\/pt\/wp-content\/uploads\/2023\/01\/160-expositores-ja-confirmados-para-a-ExpoMECANICA.png","contentUrl":"https:\/\/jornaldasoficinas.com\/pt\/wp-content\/uploads\/2023\/01\/160-expositores-ja-confirmados-para-a-ExpoMECANICA.png","width":1024,"height":581,"caption":"01 - 160 expositores ja confirmados para a ExpoMECANICA"},{"@type":"BreadcrumbList","@id":"https:\/\/jornaldasoficinas.com\/pt\/160-expositores-ja-confirmados-para-a-expomecanica\/#breadcrumb","itemListElement":[{"@type":"ListItem","position":1,"name":"In\u00edcio","item":"https:\/\/jornaldasoficinas.com\/pt\/"},{"@type":"ListItem","position":2,"name":"160 expositores j\u00e1 confirmados para a ExpoMEC\u00c2NICA"}]},{"@type":"WebSite","@id":"https:\/\/jornaldasoficinas.com\/pt\/#website","url":"https:\/\/jornaldasoficinas.com\/pt\/","name":"Jornal das Oficinas","description":"Jornal independente do Aftermarket Autom\u00f3vel em Portugal","publisher":{"@id":"https:\/\/jornaldasoficinas.com\/pt\/#organization"},"potentialAction":[{"@type":"SearchAction","target":{"@type":"EntryPoint","urlTemplate":"https:\/\/jornaldasoficinas.com\/pt\/?s={search_term_string}"},"query-input":{"@type":"PropertyValueSpecification","valueRequired":true,"valueName":"search_term_string"}}],"inLanguage":"pt-PT"},{"@type":"Organization","@id":"https:\/\/jornaldasoficinas.com\/pt\/#organization","name":"Jornal das Oficinas","url":"https:\/\/jornaldasoficinas.com\/pt\/","logo":{"@type":"ImageObject","inLanguage":"pt-PT","@id":"https:\/\/jornaldasoficinas.com\/pt\/#\/schema\/logo\/image\/","url":"https:\/\/jornaldasoficinas.com\/pt\/wp-content\/uploads\/logoJO-SEO.png","contentUrl":"https:\/\/jornaldasoficinas.com\/pt\/wp-content\/uploads\/logoJO-SEO.png","width":285,"height":450,"caption":"Jornal das Oficinas"},"image":{"@id":"https:\/\/jornaldasoficinas.com\/pt\/#\/schema\/logo\/image\/"},"sameAs":["https:\/\/www.facebook.com\/jornaloficinas","https:\/\/x.com\/jornaloficinas","https:\/\/www.instagram.com\/jornal_oficinas\/","https:\/\/www.linkedin.com\/company\/jornal-das-oficinas\/","https:\/\/www.youtube.com\/channel\/UCbQZBqtcvV-oSQrr7RzINGg"]},{"@type":"Person","@id":"https:\/\/jornaldasoficinas.com\/pt\/#\/schema\/person\/a38eef5de2c41d9e7c9ac10141afddf3","name":"Reda\u00e7\u00e3o JO","image":{"@type":"ImageObject","inLanguage":"pt-PT","@id":"https:\/\/secure.gravatar.com\/avatar\/71f2fa71737ad68a84fea94bc708ddac8ea5b0c4788dc2ad202f3ccb2887742f?s=96&d=wp_user_avatar&r=g","url":"https:\/\/secure.gravatar.com\/avatar\/71f2fa71737ad68a84fea94bc708ddac8ea5b0c4788dc2ad202f3ccb2887742f?s=96&d=wp_user_avatar&r=g","contentUrl":"https:\/\/secure.gravatar.com\/avatar\/71f2fa71737ad68a84fea94bc708ddac8ea5b0c4788dc2ad202f3ccb2887742f?s=96&d=wp_user_avatar&r=g","caption":"Reda\u00e7\u00e3o JO"},"url":"https:\/\/jornaldasoficinas.com\/pt\/author\/joredacao\/"}]}},"_links":{"self":[{"href":"https:\/\/jornaldasoficinas.com\/pt\/wp-json\/wp\/v2\/posts\/35948","targetHints":{"allow":["GET"]}}],"collection":[{"href":"https:\/\/jornaldasoficinas.com\/pt\/wp-json\/wp\/v2\/posts"}],"about":[{"href":"https:\/\/jornaldasoficinas.com\/pt\/wp-json\/wp\/v2\/types\/post"}],"author":[{"embeddable":true,"href":"https:\/\/jornaldasoficinas.com\/pt\/wp-json\/wp\/v2\/users\/15"}],"replies":[{"embeddable":true,"href":"https:\/\/jornaldasoficinas.com\/pt\/wp-json\/wp\/v2\/comments?post=35948"}],"version-history":[{"count":0,"href":"https:\/\/jornaldasoficinas.com\/pt\/wp-json\/wp\/v2\/posts\/35948\/revisions"}],"wp:featuredmedia":[{"embeddable":true,"href":"https:\/\/jornaldasoficinas.com\/pt\/wp-json\/wp\/v2\/media\/35946"}],"wp:attachment":[{"href":"https:\/\/jornaldasoficinas.com\/pt\/wp-json\/wp\/v2\/media?parent=35948"}],"wp:term":[{"taxonomy":"category","embeddable":true,"href":"https:\/\/jornaldasoficinas.com\/pt\/wp-json\/wp\/v2\/categories?post=35948"},{"taxonomy":"post_tag","embeddable":true,"href":"https:\/\/jornaldasoficinas.com\/pt\/wp-json\/wp\/v2\/tags?post=35948"}],"curies":[{"name":"wp","href":"https:\/\/api.w.org\/{rel}","templated":true}]}}