{"id":35970,"date":"2023-01-04T16:00:40","date_gmt":"2023-01-04T16:00:40","guid":{"rendered":"https:\/\/jornaldasoficinas.com\/pt\/?p=35970"},"modified":"2023-01-05T16:36:58","modified_gmt":"2023-01-05T16:36:58","slug":"mercado-automovel-caiu-em-2022","status":"publish","type":"post","link":"https:\/\/jornaldasoficinas.com\/pt\/mercado-automovel-caiu-em-2022\/","title":{"rendered":"Mercado Autom\u00f3vel caiu em 2022"},"content":{"rendered":"<p><strong><img loading=\"lazy\" decoding=\"async\" class=\"alignnone size-full wp-image-35966\" src=\"https:\/\/jornaldasoficinas.com\/pt\/wp-content\/uploads\/2023\/01\/Mercado-Automovel-caiu-em-2022.jpg\" alt=\"01 - Mercado Automovel caiu em 2022\" width=\"1024\" height=\"581\" srcset=\"https:\/\/jornaldasoficinas.com\/pt\/wp-content\/uploads\/2023\/01\/Mercado-Automovel-caiu-em-2022.jpg 1024w, https:\/\/jornaldasoficinas.com\/pt\/wp-content\/uploads\/2023\/01\/Mercado-Automovel-caiu-em-2022-300x170.jpg 300w, https:\/\/jornaldasoficinas.com\/pt\/wp-content\/uploads\/2023\/01\/Mercado-Automovel-caiu-em-2022-150x85.jpg 150w, https:\/\/jornaldasoficinas.com\/pt\/wp-content\/uploads\/2023\/01\/Mercado-Automovel-caiu-em-2022-768x436.jpg 768w\" sizes=\"auto, (max-width: 1024px) 100vw, 1024px\" \/><\/strong><\/p>\n<p><strong>Em termos globais, em 2022, o mercado autom\u00f3vel em Portugal, registou uma queda de 30,8 por cento, em compara\u00e7\u00e3o com o ano de 2019. Em compara\u00e7\u00e3o com o ano anterior registou-se um crescimento de 2,8 por cento<\/strong><\/p>\n<p><strong>\u00a0<\/strong>Em dezembro de 2022 foram matriculados pelos representantes legais de marca a operar em Portugal 18.356 ve\u00edculos autom\u00f3veis, ou seja, menos 19,1 por cento que no mesmo m\u00eas de 2019 mas mais 12,4 por cento quando comparado com dezembro de 2021.<\/p>\n<p>Em 2022, foram colocados em circula\u00e7\u00e3o 185.291 novos ve\u00edculos, o que representou uma diminui\u00e7\u00e3o de 30,8 por cento relativamente a 2019, apesar da compara\u00e7\u00e3o com 2021 apresentar um ligeiro aumento de 2,8 por cento.<\/p>\n<p>Por categorias e tipos de ve\u00edculos observou-se a seguinte evolu\u00e7\u00e3o do n\u00famero de unidades matriculadas no nosso pa\u00eds:<\/p>\n<p><strong>Autom\u00f3veis Ligeiros de Passageiros:<br \/>\n<\/strong> No m\u00eas de dezembro de 2022 foram matriculados em Portugal 14.698 autom\u00f3veis ligeiros de passageiros novos, ou seja, menos 17,1 por cento que no mesmo m\u00eas do ano de 2019. Em compara\u00e7\u00e3o com dezembro de 2021 o mercado registou tamb\u00e9m um aumento de 16,6 por cento.<\/p>\n<p>De janeiro a dezembro de 2022 as matr\u00edculas de ve\u00edculos ligeiros de passageiros totalizaram 156.250 unidades, o que se traduziu numa varia\u00e7\u00e3o negativa de 30,2 por cento relativamente a per\u00edodo hom\u00f3logo de 2019. Em compara\u00e7\u00e3o com o ano de 2021, o mercado registou um acr\u00e9scimo de 6,6 por cento.<\/p>\n<p>No caso dos ve\u00edculos ligeiros de passageiros movidos a energias alternativas os dados s\u00e3o apresentados no gr\u00e1fico seguinte:<\/p>\n<p>De janeiro a dezembro de 2022, 40,5 por cento dos ve\u00edculos ligeiros de passageiros matriculados novos eram movidos a outros tipos de energia, nomeadamente el\u00e9tricos e h\u00edbridos.<\/p>\n<p>Em particular, verificou-se que 11,4 por cento nos ve\u00edculos ligeiros de passageiros novos eram el\u00e9tricos.<\/p>\n<p><strong>\u00a0<\/strong><strong>Ve\u00edculos Ligeiros de Mercadorias:<\/strong><br \/>\nO mercado de ligeiros de mercadorias registou, no \u00faltimo m\u00eas de 2022, uma evolu\u00e7\u00e3o negativa de 32,8 por cento face ao m\u00eas hom\u00f3logo do ano de 2019, situando-se em 3.052 unidades matriculadas. Quando comparado com o mesmo m\u00eas de 2021, verifica-se tamb\u00e9m um decr\u00e9scimo de 7,0 por cento.<\/p>\n<p>Em termos acumulados, o mercado atingiu 23.541 unidades, o que representou um<\/p>\n<p>decr\u00e9scimo de 38,8 por cento face ao ano de 2019 e tamb\u00e9m uma queda de 18,2 por cento em compara\u00e7\u00e3o com o ano de 2021.<\/p>\n<p><strong>Ve\u00edculos Pesados:<\/strong> Quanto ao mercado de ve\u00edculos pesados, o qual engloba os tipos de<\/p>\n<p>passageiros e de mercadorias, em dezembro de 2022 verificou-se um aumento de 40,0 por cento em rela\u00e7\u00e3o ao m\u00eas hom\u00f3logo de 2019, tendo sido comercializados 606 ve\u00edculos desta categoria. Em compara\u00e7\u00e3o com o mesmo m\u00eas de 2021, o mercado registou um aumento de 36,5 por cento.<\/p>\n<p>Em 2022 as matr\u00edculas desta categoria totalizaram 5.500 unidades, o que representou um ligeiro decr\u00e9scimo do mercado de 1,3 por cento relativamente a 2019 e um aumento de 13,4 por cento quando comparado com o ano de 2021.<\/p>\n","protected":false},"excerpt":{"rendered":"<p>Em termos globais, em 2022, o&#8230;<\/p>\n","protected":false},"author":15,"featured_media":35966,"comment_status":"closed","ping_status":"closed","sticky":false,"template":"","format":"standard","meta":{"footnotes":""},"categories":[37],"tags":[3284,3283,308,3619,466],"class_list":["post-35970","post","type-post","status-publish","format-standard","has-post-thumbnail","hentry","category-mercado","tag-ligeiros-de-mercadorias","tag-ligeiros-de-passageiros","tag-mercado-automovel","tag-queda-de-308-por-cento","tag-veiculos-pesados"],"yoast_head":"<!-- This site is optimized with the Yoast SEO plugin v27.4 - https:\/\/yoast.com\/product\/yoast-seo-wordpress\/ -->\n<title>Mercado Autom\u00f3vel caiu em 2022 - Jornal das Oficinas<\/title>\n<meta name=\"description\" content=\"Em termos globais, em 2022, o mercado autom\u00f3vel em Portugal, registou uma queda de 30,8 por cento, em compara\u00e7\u00e3o com o ano de 2019.\" \/>\n<meta name=\"robots\" content=\"index, follow, max-snippet:-1, max-image-preview:large, max-video-preview:-1\" \/>\n<link rel=\"canonical\" href=\"https:\/\/jornaldasoficinas.com\/pt\/mercado-automovel-caiu-em-2022\/\" \/>\n<meta property=\"og:locale\" content=\"pt_PT\" \/>\n<meta property=\"og:type\" content=\"article\" \/>\n<meta property=\"og:title\" content=\"Mercado Autom\u00f3vel caiu em 2022 - Jornal das Oficinas\" \/>\n<meta property=\"og:description\" content=\"Em termos globais, em 2022, o mercado autom\u00f3vel em Portugal, registou uma queda de 30,8 por cento, em compara\u00e7\u00e3o com o ano de 2019.\" \/>\n<meta property=\"og:url\" content=\"https:\/\/jornaldasoficinas.com\/pt\/mercado-automovel-caiu-em-2022\/\" \/>\n<meta property=\"og:site_name\" content=\"Jornal das Oficinas\" \/>\n<meta property=\"article:publisher\" content=\"https:\/\/www.facebook.com\/jornaloficinas\" \/>\n<meta property=\"article:published_time\" content=\"2023-01-04T16:00:40+00:00\" \/>\n<meta property=\"article:modified_time\" content=\"2023-01-05T16:36:58+00:00\" \/>\n<meta property=\"og:image\" content=\"https:\/\/jornaldasoficinas.com\/pt\/wp-content\/uploads\/2023\/01\/Mercado-Automovel-caiu-em-2022.jpg\" \/>\n\t<meta property=\"og:image:width\" content=\"1024\" \/>\n\t<meta property=\"og:image:height\" content=\"581\" \/>\n\t<meta property=\"og:image:type\" content=\"image\/jpeg\" \/>\n<meta name=\"author\" content=\"Reda\u00e7\u00e3o JO\" \/>\n<meta name=\"twitter:card\" content=\"summary_large_image\" \/>\n<meta name=\"twitter:creator\" content=\"@jornaloficinas\" \/>\n<meta name=\"twitter:site\" content=\"@jornaloficinas\" \/>\n<meta name=\"twitter:label1\" content=\"Escrito por\" \/>\n\t<meta name=\"twitter:data1\" content=\"Reda\u00e7\u00e3o JO\" \/>\n\t<meta name=\"twitter:label2\" content=\"Tempo estimado de leitura\" \/>\n\t<meta name=\"twitter:data2\" content=\"2 minutos\" \/>\n<script type=\"application\/ld+json\" class=\"yoast-schema-graph\">{\"@context\":\"https:\\\/\\\/schema.org\",\"@graph\":[{\"@type\":\"Article\",\"@id\":\"https:\\\/\\\/jornaldasoficinas.com\\\/pt\\\/mercado-automovel-caiu-em-2022\\\/#article\",\"isPartOf\":{\"@id\":\"https:\\\/\\\/jornaldasoficinas.com\\\/pt\\\/mercado-automovel-caiu-em-2022\\\/\"},\"author\":{\"name\":\"Reda\u00e7\u00e3o JO\",\"@id\":\"https:\\\/\\\/jornaldasoficinas.com\\\/pt\\\/#\\\/schema\\\/person\\\/a38eef5de2c41d9e7c9ac10141afddf3\"},\"headline\":\"Mercado Autom\u00f3vel caiu em 2022\",\"datePublished\":\"2023-01-04T16:00:40+00:00\",\"dateModified\":\"2023-01-05T16:36:58+00:00\",\"mainEntityOfPage\":{\"@id\":\"https:\\\/\\\/jornaldasoficinas.com\\\/pt\\\/mercado-automovel-caiu-em-2022\\\/\"},\"wordCount\":483,\"publisher\":{\"@id\":\"https:\\\/\\\/jornaldasoficinas.com\\\/pt\\\/#organization\"},\"image\":{\"@id\":\"https:\\\/\\\/jornaldasoficinas.com\\\/pt\\\/mercado-automovel-caiu-em-2022\\\/#primaryimage\"},\"thumbnailUrl\":\"https:\\\/\\\/jornaldasoficinas.com\\\/pt\\\/wp-content\\\/uploads\\\/2023\\\/01\\\/Mercado-Automovel-caiu-em-2022.jpg\",\"keywords\":[\"Ligeiros de Mercadorias\",\"Ligeiros de passageiros\",\"Mercado Autom\u00f3vel\",\"queda de 308 por cento\",\"Ve\u00edculos Pesados\"],\"articleSection\":[\"Mercado\"],\"inLanguage\":\"pt-PT\"},{\"@type\":\"WebPage\",\"@id\":\"https:\\\/\\\/jornaldasoficinas.com\\\/pt\\\/mercado-automovel-caiu-em-2022\\\/\",\"url\":\"https:\\\/\\\/jornaldasoficinas.com\\\/pt\\\/mercado-automovel-caiu-em-2022\\\/\",\"name\":\"Mercado Autom\u00f3vel caiu em 2022 - Jornal das Oficinas\",\"isPartOf\":{\"@id\":\"https:\\\/\\\/jornaldasoficinas.com\\\/pt\\\/#website\"},\"primaryImageOfPage\":{\"@id\":\"https:\\\/\\\/jornaldasoficinas.com\\\/pt\\\/mercado-automovel-caiu-em-2022\\\/#primaryimage\"},\"image\":{\"@id\":\"https:\\\/\\\/jornaldasoficinas.com\\\/pt\\\/mercado-automovel-caiu-em-2022\\\/#primaryimage\"},\"thumbnailUrl\":\"https:\\\/\\\/jornaldasoficinas.com\\\/pt\\\/wp-content\\\/uploads\\\/2023\\\/01\\\/Mercado-Automovel-caiu-em-2022.jpg\",\"datePublished\":\"2023-01-04T16:00:40+00:00\",\"dateModified\":\"2023-01-05T16:36:58+00:00\",\"description\":\"Em termos globais, em 2022, o mercado autom\u00f3vel em Portugal, registou uma queda de 30,8 por cento, em compara\u00e7\u00e3o com o ano de 2019.\",\"breadcrumb\":{\"@id\":\"https:\\\/\\\/jornaldasoficinas.com\\\/pt\\\/mercado-automovel-caiu-em-2022\\\/#breadcrumb\"},\"inLanguage\":\"pt-PT\",\"potentialAction\":[{\"@type\":\"ReadAction\",\"target\":[\"https:\\\/\\\/jornaldasoficinas.com\\\/pt\\\/mercado-automovel-caiu-em-2022\\\/\"]}]},{\"@type\":\"ImageObject\",\"inLanguage\":\"pt-PT\",\"@id\":\"https:\\\/\\\/jornaldasoficinas.com\\\/pt\\\/mercado-automovel-caiu-em-2022\\\/#primaryimage\",\"url\":\"https:\\\/\\\/jornaldasoficinas.com\\\/pt\\\/wp-content\\\/uploads\\\/2023\\\/01\\\/Mercado-Automovel-caiu-em-2022.jpg\",\"contentUrl\":\"https:\\\/\\\/jornaldasoficinas.com\\\/pt\\\/wp-content\\\/uploads\\\/2023\\\/01\\\/Mercado-Automovel-caiu-em-2022.jpg\",\"width\":1024,\"height\":581,\"caption\":\"01 - Mercado Automovel caiu em 2022\"},{\"@type\":\"BreadcrumbList\",\"@id\":\"https:\\\/\\\/jornaldasoficinas.com\\\/pt\\\/mercado-automovel-caiu-em-2022\\\/#breadcrumb\",\"itemListElement\":[{\"@type\":\"ListItem\",\"position\":1,\"name\":\"In\u00edcio\",\"item\":\"https:\\\/\\\/jornaldasoficinas.com\\\/pt\\\/\"},{\"@type\":\"ListItem\",\"position\":2,\"name\":\"Mercado Autom\u00f3vel caiu em 2022\"}]},{\"@type\":\"WebSite\",\"@id\":\"https:\\\/\\\/jornaldasoficinas.com\\\/pt\\\/#website\",\"url\":\"https:\\\/\\\/jornaldasoficinas.com\\\/pt\\\/\",\"name\":\"Jornal das Oficinas\",\"description\":\"Jornal independente do Aftermarket Autom\u00f3vel em Portugal\",\"publisher\":{\"@id\":\"https:\\\/\\\/jornaldasoficinas.com\\\/pt\\\/#organization\"},\"potentialAction\":[{\"@type\":\"SearchAction\",\"target\":{\"@type\":\"EntryPoint\",\"urlTemplate\":\"https:\\\/\\\/jornaldasoficinas.com\\\/pt\\\/?s={search_term_string}\"},\"query-input\":{\"@type\":\"PropertyValueSpecification\",\"valueRequired\":true,\"valueName\":\"search_term_string\"}}],\"inLanguage\":\"pt-PT\"},{\"@type\":\"Organization\",\"@id\":\"https:\\\/\\\/jornaldasoficinas.com\\\/pt\\\/#organization\",\"name\":\"Jornal das Oficinas\",\"url\":\"https:\\\/\\\/jornaldasoficinas.com\\\/pt\\\/\",\"logo\":{\"@type\":\"ImageObject\",\"inLanguage\":\"pt-PT\",\"@id\":\"https:\\\/\\\/jornaldasoficinas.com\\\/pt\\\/#\\\/schema\\\/logo\\\/image\\\/\",\"url\":\"https:\\\/\\\/jornaldasoficinas.com\\\/pt\\\/wp-content\\\/uploads\\\/logoJO-SEO.png\",\"contentUrl\":\"https:\\\/\\\/jornaldasoficinas.com\\\/pt\\\/wp-content\\\/uploads\\\/logoJO-SEO.png\",\"width\":285,\"height\":450,\"caption\":\"Jornal das Oficinas\"},\"image\":{\"@id\":\"https:\\\/\\\/jornaldasoficinas.com\\\/pt\\\/#\\\/schema\\\/logo\\\/image\\\/\"},\"sameAs\":[\"https:\\\/\\\/www.facebook.com\\\/jornaloficinas\",\"https:\\\/\\\/x.com\\\/jornaloficinas\",\"https:\\\/\\\/www.instagram.com\\\/jornal_oficinas\\\/\",\"https:\\\/\\\/www.linkedin.com\\\/company\\\/jornal-das-oficinas\\\/\",\"https:\\\/\\\/www.youtube.com\\\/channel\\\/UCbQZBqtcvV-oSQrr7RzINGg\"]},{\"@type\":\"Person\",\"@id\":\"https:\\\/\\\/jornaldasoficinas.com\\\/pt\\\/#\\\/schema\\\/person\\\/a38eef5de2c41d9e7c9ac10141afddf3\",\"name\":\"Reda\u00e7\u00e3o JO\",\"image\":{\"@type\":\"ImageObject\",\"inLanguage\":\"pt-PT\",\"@id\":\"https:\\\/\\\/secure.gravatar.com\\\/avatar\\\/71f2fa71737ad68a84fea94bc708ddac8ea5b0c4788dc2ad202f3ccb2887742f?s=96&d=wp_user_avatar&r=g\",\"url\":\"https:\\\/\\\/secure.gravatar.com\\\/avatar\\\/71f2fa71737ad68a84fea94bc708ddac8ea5b0c4788dc2ad202f3ccb2887742f?s=96&d=wp_user_avatar&r=g\",\"contentUrl\":\"https:\\\/\\\/secure.gravatar.com\\\/avatar\\\/71f2fa71737ad68a84fea94bc708ddac8ea5b0c4788dc2ad202f3ccb2887742f?s=96&d=wp_user_avatar&r=g\",\"caption\":\"Reda\u00e7\u00e3o JO\"},\"url\":\"https:\\\/\\\/jornaldasoficinas.com\\\/pt\\\/author\\\/joredacao\\\/\"}]}<\/script>\n<!-- \/ Yoast SEO plugin. -->","yoast_head_json":{"title":"Mercado Autom\u00f3vel caiu em 2022 - Jornal das Oficinas","description":"Em termos globais, em 2022, o mercado autom\u00f3vel em Portugal, registou uma queda de 30,8 por cento, em compara\u00e7\u00e3o com o ano de 2019.","robots":{"index":"index","follow":"follow","max-snippet":"max-snippet:-1","max-image-preview":"max-image-preview:large","max-video-preview":"max-video-preview:-1"},"canonical":"https:\/\/jornaldasoficinas.com\/pt\/mercado-automovel-caiu-em-2022\/","og_locale":"pt_PT","og_type":"article","og_title":"Mercado Autom\u00f3vel caiu em 2022 - Jornal das Oficinas","og_description":"Em termos globais, em 2022, o mercado autom\u00f3vel em Portugal, registou uma queda de 30,8 por cento, em compara\u00e7\u00e3o com o ano de 2019.","og_url":"https:\/\/jornaldasoficinas.com\/pt\/mercado-automovel-caiu-em-2022\/","og_site_name":"Jornal das Oficinas","article_publisher":"https:\/\/www.facebook.com\/jornaloficinas","article_published_time":"2023-01-04T16:00:40+00:00","article_modified_time":"2023-01-05T16:36:58+00:00","og_image":[{"width":1024,"height":581,"url":"https:\/\/jornaldasoficinas.com\/pt\/wp-content\/uploads\/2023\/01\/Mercado-Automovel-caiu-em-2022.jpg","type":"image\/jpeg"}],"author":"Reda\u00e7\u00e3o JO","twitter_card":"summary_large_image","twitter_creator":"@jornaloficinas","twitter_site":"@jornaloficinas","twitter_misc":{"Escrito por":"Reda\u00e7\u00e3o JO","Tempo estimado de leitura":"2 minutos"},"schema":{"@context":"https:\/\/schema.org","@graph":[{"@type":"Article","@id":"https:\/\/jornaldasoficinas.com\/pt\/mercado-automovel-caiu-em-2022\/#article","isPartOf":{"@id":"https:\/\/jornaldasoficinas.com\/pt\/mercado-automovel-caiu-em-2022\/"},"author":{"name":"Reda\u00e7\u00e3o JO","@id":"https:\/\/jornaldasoficinas.com\/pt\/#\/schema\/person\/a38eef5de2c41d9e7c9ac10141afddf3"},"headline":"Mercado Autom\u00f3vel caiu em 2022","datePublished":"2023-01-04T16:00:40+00:00","dateModified":"2023-01-05T16:36:58+00:00","mainEntityOfPage":{"@id":"https:\/\/jornaldasoficinas.com\/pt\/mercado-automovel-caiu-em-2022\/"},"wordCount":483,"publisher":{"@id":"https:\/\/jornaldasoficinas.com\/pt\/#organization"},"image":{"@id":"https:\/\/jornaldasoficinas.com\/pt\/mercado-automovel-caiu-em-2022\/#primaryimage"},"thumbnailUrl":"https:\/\/jornaldasoficinas.com\/pt\/wp-content\/uploads\/2023\/01\/Mercado-Automovel-caiu-em-2022.jpg","keywords":["Ligeiros de Mercadorias","Ligeiros de passageiros","Mercado Autom\u00f3vel","queda de 308 por cento","Ve\u00edculos Pesados"],"articleSection":["Mercado"],"inLanguage":"pt-PT"},{"@type":"WebPage","@id":"https:\/\/jornaldasoficinas.com\/pt\/mercado-automovel-caiu-em-2022\/","url":"https:\/\/jornaldasoficinas.com\/pt\/mercado-automovel-caiu-em-2022\/","name":"Mercado Autom\u00f3vel caiu em 2022 - Jornal das Oficinas","isPartOf":{"@id":"https:\/\/jornaldasoficinas.com\/pt\/#website"},"primaryImageOfPage":{"@id":"https:\/\/jornaldasoficinas.com\/pt\/mercado-automovel-caiu-em-2022\/#primaryimage"},"image":{"@id":"https:\/\/jornaldasoficinas.com\/pt\/mercado-automovel-caiu-em-2022\/#primaryimage"},"thumbnailUrl":"https:\/\/jornaldasoficinas.com\/pt\/wp-content\/uploads\/2023\/01\/Mercado-Automovel-caiu-em-2022.jpg","datePublished":"2023-01-04T16:00:40+00:00","dateModified":"2023-01-05T16:36:58+00:00","description":"Em termos globais, em 2022, o mercado autom\u00f3vel em Portugal, registou uma queda de 30,8 por cento, em compara\u00e7\u00e3o com o ano de 2019.","breadcrumb":{"@id":"https:\/\/jornaldasoficinas.com\/pt\/mercado-automovel-caiu-em-2022\/#breadcrumb"},"inLanguage":"pt-PT","potentialAction":[{"@type":"ReadAction","target":["https:\/\/jornaldasoficinas.com\/pt\/mercado-automovel-caiu-em-2022\/"]}]},{"@type":"ImageObject","inLanguage":"pt-PT","@id":"https:\/\/jornaldasoficinas.com\/pt\/mercado-automovel-caiu-em-2022\/#primaryimage","url":"https:\/\/jornaldasoficinas.com\/pt\/wp-content\/uploads\/2023\/01\/Mercado-Automovel-caiu-em-2022.jpg","contentUrl":"https:\/\/jornaldasoficinas.com\/pt\/wp-content\/uploads\/2023\/01\/Mercado-Automovel-caiu-em-2022.jpg","width":1024,"height":581,"caption":"01 - Mercado Automovel caiu em 2022"},{"@type":"BreadcrumbList","@id":"https:\/\/jornaldasoficinas.com\/pt\/mercado-automovel-caiu-em-2022\/#breadcrumb","itemListElement":[{"@type":"ListItem","position":1,"name":"In\u00edcio","item":"https:\/\/jornaldasoficinas.com\/pt\/"},{"@type":"ListItem","position":2,"name":"Mercado Autom\u00f3vel caiu em 2022"}]},{"@type":"WebSite","@id":"https:\/\/jornaldasoficinas.com\/pt\/#website","url":"https:\/\/jornaldasoficinas.com\/pt\/","name":"Jornal das Oficinas","description":"Jornal independente do Aftermarket Autom\u00f3vel em Portugal","publisher":{"@id":"https:\/\/jornaldasoficinas.com\/pt\/#organization"},"potentialAction":[{"@type":"SearchAction","target":{"@type":"EntryPoint","urlTemplate":"https:\/\/jornaldasoficinas.com\/pt\/?s={search_term_string}"},"query-input":{"@type":"PropertyValueSpecification","valueRequired":true,"valueName":"search_term_string"}}],"inLanguage":"pt-PT"},{"@type":"Organization","@id":"https:\/\/jornaldasoficinas.com\/pt\/#organization","name":"Jornal das Oficinas","url":"https:\/\/jornaldasoficinas.com\/pt\/","logo":{"@type":"ImageObject","inLanguage":"pt-PT","@id":"https:\/\/jornaldasoficinas.com\/pt\/#\/schema\/logo\/image\/","url":"https:\/\/jornaldasoficinas.com\/pt\/wp-content\/uploads\/logoJO-SEO.png","contentUrl":"https:\/\/jornaldasoficinas.com\/pt\/wp-content\/uploads\/logoJO-SEO.png","width":285,"height":450,"caption":"Jornal das Oficinas"},"image":{"@id":"https:\/\/jornaldasoficinas.com\/pt\/#\/schema\/logo\/image\/"},"sameAs":["https:\/\/www.facebook.com\/jornaloficinas","https:\/\/x.com\/jornaloficinas","https:\/\/www.instagram.com\/jornal_oficinas\/","https:\/\/www.linkedin.com\/company\/jornal-das-oficinas\/","https:\/\/www.youtube.com\/channel\/UCbQZBqtcvV-oSQrr7RzINGg"]},{"@type":"Person","@id":"https:\/\/jornaldasoficinas.com\/pt\/#\/schema\/person\/a38eef5de2c41d9e7c9ac10141afddf3","name":"Reda\u00e7\u00e3o JO","image":{"@type":"ImageObject","inLanguage":"pt-PT","@id":"https:\/\/secure.gravatar.com\/avatar\/71f2fa71737ad68a84fea94bc708ddac8ea5b0c4788dc2ad202f3ccb2887742f?s=96&d=wp_user_avatar&r=g","url":"https:\/\/secure.gravatar.com\/avatar\/71f2fa71737ad68a84fea94bc708ddac8ea5b0c4788dc2ad202f3ccb2887742f?s=96&d=wp_user_avatar&r=g","contentUrl":"https:\/\/secure.gravatar.com\/avatar\/71f2fa71737ad68a84fea94bc708ddac8ea5b0c4788dc2ad202f3ccb2887742f?s=96&d=wp_user_avatar&r=g","caption":"Reda\u00e7\u00e3o JO"},"url":"https:\/\/jornaldasoficinas.com\/pt\/author\/joredacao\/"}]}},"_links":{"self":[{"href":"https:\/\/jornaldasoficinas.com\/pt\/wp-json\/wp\/v2\/posts\/35970","targetHints":{"allow":["GET"]}}],"collection":[{"href":"https:\/\/jornaldasoficinas.com\/pt\/wp-json\/wp\/v2\/posts"}],"about":[{"href":"https:\/\/jornaldasoficinas.com\/pt\/wp-json\/wp\/v2\/types\/post"}],"author":[{"embeddable":true,"href":"https:\/\/jornaldasoficinas.com\/pt\/wp-json\/wp\/v2\/users\/15"}],"replies":[{"embeddable":true,"href":"https:\/\/jornaldasoficinas.com\/pt\/wp-json\/wp\/v2\/comments?post=35970"}],"version-history":[{"count":0,"href":"https:\/\/jornaldasoficinas.com\/pt\/wp-json\/wp\/v2\/posts\/35970\/revisions"}],"wp:featuredmedia":[{"embeddable":true,"href":"https:\/\/jornaldasoficinas.com\/pt\/wp-json\/wp\/v2\/media\/35966"}],"wp:attachment":[{"href":"https:\/\/jornaldasoficinas.com\/pt\/wp-json\/wp\/v2\/media?parent=35970"}],"wp:term":[{"taxonomy":"category","embeddable":true,"href":"https:\/\/jornaldasoficinas.com\/pt\/wp-json\/wp\/v2\/categories?post=35970"},{"taxonomy":"post_tag","embeddable":true,"href":"https:\/\/jornaldasoficinas.com\/pt\/wp-json\/wp\/v2\/tags?post=35970"}],"curies":[{"name":"wp","href":"https:\/\/api.w.org\/{rel}","templated":true}]}}