{"id":3654,"date":"2019-09-26T00:40:04","date_gmt":"2019-09-26T00:40:04","guid":{"rendered":"https:\/\/jornaldasoficinas.com\/pt\/?p=3654"},"modified":"2019-10-01T13:42:38","modified_gmt":"2019-10-01T13:42:38","slug":"mannhummel-apresentou-futuro-da-mobilidade-em-frankfurt","status":"publish","type":"post","link":"https:\/\/jornaldasoficinas.com\/pt\/mannhummel-apresentou-futuro-da-mobilidade-em-frankfurt\/","title":{"rendered":"MANN+HUMMEL apresentou futuro da mobilidade em Frankfurt"},"content":{"rendered":"<p><img loading=\"lazy\" decoding=\"async\" class=\"alignnone wp-image-3653 size-full\" src=\"https:\/\/jornaldasoficinas.com\/pt\/wp-content\/uploads\/2019\/09\/Filtro-de-particulas-de-freno_MANN-HUMMEL.jpg\" alt=\"09 - Filtro-de-particulas-de-freno_MANN-HUMMEL\" width=\"1024\" height=\"580\" srcset=\"https:\/\/jornaldasoficinas.com\/pt\/wp-content\/uploads\/2019\/09\/Filtro-de-particulas-de-freno_MANN-HUMMEL.jpg 1024w, https:\/\/jornaldasoficinas.com\/pt\/wp-content\/uploads\/2019\/09\/Filtro-de-particulas-de-freno_MANN-HUMMEL-150x85.jpg 150w, https:\/\/jornaldasoficinas.com\/pt\/wp-content\/uploads\/2019\/09\/Filtro-de-particulas-de-freno_MANN-HUMMEL-300x170.jpg 300w, https:\/\/jornaldasoficinas.com\/pt\/wp-content\/uploads\/2019\/09\/Filtro-de-particulas-de-freno_MANN-HUMMEL-768x435.jpg 768w\" sizes=\"auto, (max-width: 1024px) 100vw, 1024px\" \/><\/p>\n<p><strong>A empresa escolheu o Sal\u00e3o Autom\u00f3vel de Frankfurt, marcado pela mobilidade el\u00e9trica, para revelar ao mundo as solu\u00e7\u00f5es que ajudar\u00e3o a desenvolver o seu conceito &#8220;Driving Tomorrow&#8221;.<\/strong><\/p>\n<p>Entre as novidades apresentadas, destacou-se o filtro de part\u00edculas de p\u00f3 fino integrado, que ajuda a manter o ar limpo nas cidades, bem como a linha de produtos de mobilidade el\u00e9trica, que protegem a bateria contra press\u00e3o, calor e humidade, aumentando, assim, a sua vida \u00fatil.<\/p>\n<p>O novo filtro de part\u00edculas da <a href=\"https:\/\/www.mann-hummel.com\/de\/\" target=\"_blank\" rel=\"noopener noreferrer\">MANN+HUMMEL<\/a> ret\u00e9m poeira fina do ar, incluindo part\u00edculas de abras\u00e3o de pneus e das estradas, al\u00e9m de poeira de travagem. E ret\u00e9m, tamb\u00e9m, part\u00edculas de outros ve\u00edculos, contribuindo para manter o ar limpo.<\/p>\n<p>Desenvolvido em colabora\u00e7\u00e3o com o especialista de m\u00f3dulos frontais HBPO, este filtro est\u00e1 instalado entre o radiador e o para-choques, permitindo que cada novo ve\u00edculo melhore seu equil\u00edbrio de emiss\u00e3o de poeira fina.<\/p>\n<p>Outra das novidades foi o filtro de part\u00edculas de p\u00f3 de travagem, visto que os trav\u00f5es geram grande parte da poeira fina associada ao tr\u00e1fego.<\/p>\n<p>Cada vez que o ve\u00edculo trava, existe desgaste no disco e nas pastilhas, gerando poeira fina. O filtro de part\u00edculas de p\u00f3 de travagem MANN+HUMMEL, instalado diretamente na pin\u00e7a de trav\u00e3o, ret\u00e9m as emiss\u00f5es de part\u00edculas.<\/p>\n<p>Al\u00e9m disso, adapta-se a todos os tipos de espa\u00e7o de instala\u00e7\u00e3o e a diferentes tamanhos e conceitos de trav\u00f5es.<\/p>\n<p>O filtro FreciousSmart, que atua, sobretudo, no sistema de ar condicionado em modo de recircula\u00e7\u00e3o, tamb\u00e9m esteve em destaque no stand da empresa no Sal\u00e3o Autom\u00f3vel de Frankfurt.<\/p>\n","protected":false},"excerpt":{"rendered":"<p>A empresa escolheu o Sal\u00e3o Autom\u00f3vel&#8230;<\/p>\n","protected":false},"author":15,"featured_media":3653,"comment_status":"closed","ping_status":"closed","sticky":false,"template":"","format":"standard","meta":{"footnotes":""},"categories":[29],"tags":[224,223,225],"class_list":["post-3654","post","type-post","status-publish","format-standard","has-post-thumbnail","hentry","category-empresas","tag-iaa","tag-mannhummel","tag-salao-de-frankfurt"],"yoast_head":"<!-- This site is optimized with the Yoast SEO plugin v27.4 - https:\/\/yoast.com\/product\/yoast-seo-wordpress\/ -->\n<title>MANN+HUMMEL apresentou futuro da mobilidade em Frankfurt - Jornal das Oficinas<\/title>\n<meta name=\"robots\" content=\"index, follow, max-snippet:-1, max-image-preview:large, max-video-preview:-1\" \/>\n<link rel=\"canonical\" href=\"https:\/\/jornaldasoficinas.com\/pt\/mannhummel-apresentou-futuro-da-mobilidade-em-frankfurt\/\" \/>\n<meta property=\"og:locale\" content=\"pt_PT\" \/>\n<meta property=\"og:type\" content=\"article\" \/>\n<meta property=\"og:title\" content=\"MANN+HUMMEL apresentou futuro da mobilidade em Frankfurt - Jornal das Oficinas\" \/>\n<meta property=\"og:description\" content=\"A empresa escolheu o Sal\u00e3o Autom\u00f3vel...\" \/>\n<meta property=\"og:url\" content=\"https:\/\/jornaldasoficinas.com\/pt\/mannhummel-apresentou-futuro-da-mobilidade-em-frankfurt\/\" \/>\n<meta property=\"og:site_name\" content=\"Jornal das Oficinas\" \/>\n<meta property=\"article:publisher\" content=\"https:\/\/www.facebook.com\/jornaloficinas\" \/>\n<meta property=\"article:published_time\" content=\"2019-09-26T00:40:04+00:00\" \/>\n<meta property=\"article:modified_time\" content=\"2019-10-01T13:42:38+00:00\" \/>\n<meta property=\"og:image\" content=\"https:\/\/jornaldasoficinas.com\/pt\/wp-content\/uploads\/2019\/09\/Filtro-de-particulas-de-freno_MANN-HUMMEL.jpg\" \/>\n\t<meta property=\"og:image:width\" content=\"1024\" \/>\n\t<meta property=\"og:image:height\" content=\"580\" \/>\n\t<meta property=\"og:image:type\" content=\"image\/jpeg\" \/>\n<meta name=\"author\" content=\"Reda\u00e7\u00e3o JO\" \/>\n<meta name=\"twitter:card\" content=\"summary_large_image\" \/>\n<meta name=\"twitter:creator\" content=\"@jornaloficinas\" \/>\n<meta name=\"twitter:site\" content=\"@jornaloficinas\" \/>\n<meta name=\"twitter:label1\" content=\"Escrito por\" \/>\n\t<meta name=\"twitter:data1\" content=\"Reda\u00e7\u00e3o JO\" \/>\n\t<meta name=\"twitter:label2\" content=\"Tempo estimado de leitura\" \/>\n\t<meta name=\"twitter:data2\" content=\"1 minuto\" \/>\n<script type=\"application\/ld+json\" class=\"yoast-schema-graph\">{\"@context\":\"https:\\\/\\\/schema.org\",\"@graph\":[{\"@type\":\"Article\",\"@id\":\"https:\\\/\\\/jornaldasoficinas.com\\\/pt\\\/mannhummel-apresentou-futuro-da-mobilidade-em-frankfurt\\\/#article\",\"isPartOf\":{\"@id\":\"https:\\\/\\\/jornaldasoficinas.com\\\/pt\\\/mannhummel-apresentou-futuro-da-mobilidade-em-frankfurt\\\/\"},\"author\":{\"name\":\"Reda\u00e7\u00e3o JO\",\"@id\":\"https:\\\/\\\/jornaldasoficinas.com\\\/pt\\\/#\\\/schema\\\/person\\\/a38eef5de2c41d9e7c9ac10141afddf3\"},\"headline\":\"MANN+HUMMEL apresentou futuro da mobilidade em Frankfurt\",\"datePublished\":\"2019-09-26T00:40:04+00:00\",\"dateModified\":\"2019-10-01T13:42:38+00:00\",\"mainEntityOfPage\":{\"@id\":\"https:\\\/\\\/jornaldasoficinas.com\\\/pt\\\/mannhummel-apresentou-futuro-da-mobilidade-em-frankfurt\\\/\"},\"wordCount\":303,\"publisher\":{\"@id\":\"https:\\\/\\\/jornaldasoficinas.com\\\/pt\\\/#organization\"},\"image\":{\"@id\":\"https:\\\/\\\/jornaldasoficinas.com\\\/pt\\\/mannhummel-apresentou-futuro-da-mobilidade-em-frankfurt\\\/#primaryimage\"},\"thumbnailUrl\":\"https:\\\/\\\/jornaldasoficinas.com\\\/pt\\\/wp-content\\\/uploads\\\/2019\\\/09\\\/Filtro-de-particulas-de-freno_MANN-HUMMEL.jpg\",\"keywords\":[\"IAA\",\"MANN+HUMMEL\",\"Sal\u00e3o de Frankfurt\"],\"articleSection\":[\"Empresas\"],\"inLanguage\":\"pt-PT\"},{\"@type\":\"WebPage\",\"@id\":\"https:\\\/\\\/jornaldasoficinas.com\\\/pt\\\/mannhummel-apresentou-futuro-da-mobilidade-em-frankfurt\\\/\",\"url\":\"https:\\\/\\\/jornaldasoficinas.com\\\/pt\\\/mannhummel-apresentou-futuro-da-mobilidade-em-frankfurt\\\/\",\"name\":\"MANN+HUMMEL apresentou futuro da mobilidade em Frankfurt - Jornal das Oficinas\",\"isPartOf\":{\"@id\":\"https:\\\/\\\/jornaldasoficinas.com\\\/pt\\\/#website\"},\"primaryImageOfPage\":{\"@id\":\"https:\\\/\\\/jornaldasoficinas.com\\\/pt\\\/mannhummel-apresentou-futuro-da-mobilidade-em-frankfurt\\\/#primaryimage\"},\"image\":{\"@id\":\"https:\\\/\\\/jornaldasoficinas.com\\\/pt\\\/mannhummel-apresentou-futuro-da-mobilidade-em-frankfurt\\\/#primaryimage\"},\"thumbnailUrl\":\"https:\\\/\\\/jornaldasoficinas.com\\\/pt\\\/wp-content\\\/uploads\\\/2019\\\/09\\\/Filtro-de-particulas-de-freno_MANN-HUMMEL.jpg\",\"datePublished\":\"2019-09-26T00:40:04+00:00\",\"dateModified\":\"2019-10-01T13:42:38+00:00\",\"breadcrumb\":{\"@id\":\"https:\\\/\\\/jornaldasoficinas.com\\\/pt\\\/mannhummel-apresentou-futuro-da-mobilidade-em-frankfurt\\\/#breadcrumb\"},\"inLanguage\":\"pt-PT\",\"potentialAction\":[{\"@type\":\"ReadAction\",\"target\":[\"https:\\\/\\\/jornaldasoficinas.com\\\/pt\\\/mannhummel-apresentou-futuro-da-mobilidade-em-frankfurt\\\/\"]}]},{\"@type\":\"ImageObject\",\"inLanguage\":\"pt-PT\",\"@id\":\"https:\\\/\\\/jornaldasoficinas.com\\\/pt\\\/mannhummel-apresentou-futuro-da-mobilidade-em-frankfurt\\\/#primaryimage\",\"url\":\"https:\\\/\\\/jornaldasoficinas.com\\\/pt\\\/wp-content\\\/uploads\\\/2019\\\/09\\\/Filtro-de-particulas-de-freno_MANN-HUMMEL.jpg\",\"contentUrl\":\"https:\\\/\\\/jornaldasoficinas.com\\\/pt\\\/wp-content\\\/uploads\\\/2019\\\/09\\\/Filtro-de-particulas-de-freno_MANN-HUMMEL.jpg\",\"width\":1024,\"height\":580,\"caption\":\"09 - Filtro-de-particulas-de-freno_MANN-HUMMEL\"},{\"@type\":\"BreadcrumbList\",\"@id\":\"https:\\\/\\\/jornaldasoficinas.com\\\/pt\\\/mannhummel-apresentou-futuro-da-mobilidade-em-frankfurt\\\/#breadcrumb\",\"itemListElement\":[{\"@type\":\"ListItem\",\"position\":1,\"name\":\"In\u00edcio\",\"item\":\"https:\\\/\\\/jornaldasoficinas.com\\\/pt\\\/\"},{\"@type\":\"ListItem\",\"position\":2,\"name\":\"MANN+HUMMEL apresentou futuro da mobilidade em Frankfurt\"}]},{\"@type\":\"WebSite\",\"@id\":\"https:\\\/\\\/jornaldasoficinas.com\\\/pt\\\/#website\",\"url\":\"https:\\\/\\\/jornaldasoficinas.com\\\/pt\\\/\",\"name\":\"Jornal das Oficinas\",\"description\":\"Jornal independente do Aftermarket Autom\u00f3vel em Portugal\",\"publisher\":{\"@id\":\"https:\\\/\\\/jornaldasoficinas.com\\\/pt\\\/#organization\"},\"potentialAction\":[{\"@type\":\"SearchAction\",\"target\":{\"@type\":\"EntryPoint\",\"urlTemplate\":\"https:\\\/\\\/jornaldasoficinas.com\\\/pt\\\/?s={search_term_string}\"},\"query-input\":{\"@type\":\"PropertyValueSpecification\",\"valueRequired\":true,\"valueName\":\"search_term_string\"}}],\"inLanguage\":\"pt-PT\"},{\"@type\":\"Organization\",\"@id\":\"https:\\\/\\\/jornaldasoficinas.com\\\/pt\\\/#organization\",\"name\":\"Jornal das Oficinas\",\"url\":\"https:\\\/\\\/jornaldasoficinas.com\\\/pt\\\/\",\"logo\":{\"@type\":\"ImageObject\",\"inLanguage\":\"pt-PT\",\"@id\":\"https:\\\/\\\/jornaldasoficinas.com\\\/pt\\\/#\\\/schema\\\/logo\\\/image\\\/\",\"url\":\"https:\\\/\\\/jornaldasoficinas.com\\\/pt\\\/wp-content\\\/uploads\\\/logoJO-SEO.png\",\"contentUrl\":\"https:\\\/\\\/jornaldasoficinas.com\\\/pt\\\/wp-content\\\/uploads\\\/logoJO-SEO.png\",\"width\":285,\"height\":450,\"caption\":\"Jornal das Oficinas\"},\"image\":{\"@id\":\"https:\\\/\\\/jornaldasoficinas.com\\\/pt\\\/#\\\/schema\\\/logo\\\/image\\\/\"},\"sameAs\":[\"https:\\\/\\\/www.facebook.com\\\/jornaloficinas\",\"https:\\\/\\\/x.com\\\/jornaloficinas\",\"https:\\\/\\\/www.instagram.com\\\/jornal_oficinas\\\/\",\"https:\\\/\\\/www.linkedin.com\\\/company\\\/jornal-das-oficinas\\\/\",\"https:\\\/\\\/www.youtube.com\\\/channel\\\/UCbQZBqtcvV-oSQrr7RzINGg\"]},{\"@type\":\"Person\",\"@id\":\"https:\\\/\\\/jornaldasoficinas.com\\\/pt\\\/#\\\/schema\\\/person\\\/a38eef5de2c41d9e7c9ac10141afddf3\",\"name\":\"Reda\u00e7\u00e3o JO\",\"image\":{\"@type\":\"ImageObject\",\"inLanguage\":\"pt-PT\",\"@id\":\"https:\\\/\\\/secure.gravatar.com\\\/avatar\\\/71f2fa71737ad68a84fea94bc708ddac8ea5b0c4788dc2ad202f3ccb2887742f?s=96&d=wp_user_avatar&r=g\",\"url\":\"https:\\\/\\\/secure.gravatar.com\\\/avatar\\\/71f2fa71737ad68a84fea94bc708ddac8ea5b0c4788dc2ad202f3ccb2887742f?s=96&d=wp_user_avatar&r=g\",\"contentUrl\":\"https:\\\/\\\/secure.gravatar.com\\\/avatar\\\/71f2fa71737ad68a84fea94bc708ddac8ea5b0c4788dc2ad202f3ccb2887742f?s=96&d=wp_user_avatar&r=g\",\"caption\":\"Reda\u00e7\u00e3o JO\"},\"url\":\"https:\\\/\\\/jornaldasoficinas.com\\\/pt\\\/author\\\/joredacao\\\/\"}]}<\/script>\n<!-- \/ Yoast SEO plugin. -->","yoast_head_json":{"title":"MANN+HUMMEL apresentou futuro da mobilidade em Frankfurt - Jornal das Oficinas","robots":{"index":"index","follow":"follow","max-snippet":"max-snippet:-1","max-image-preview":"max-image-preview:large","max-video-preview":"max-video-preview:-1"},"canonical":"https:\/\/jornaldasoficinas.com\/pt\/mannhummel-apresentou-futuro-da-mobilidade-em-frankfurt\/","og_locale":"pt_PT","og_type":"article","og_title":"MANN+HUMMEL apresentou futuro da mobilidade em Frankfurt - Jornal das Oficinas","og_description":"A empresa escolheu o Sal\u00e3o Autom\u00f3vel...","og_url":"https:\/\/jornaldasoficinas.com\/pt\/mannhummel-apresentou-futuro-da-mobilidade-em-frankfurt\/","og_site_name":"Jornal das Oficinas","article_publisher":"https:\/\/www.facebook.com\/jornaloficinas","article_published_time":"2019-09-26T00:40:04+00:00","article_modified_time":"2019-10-01T13:42:38+00:00","og_image":[{"width":1024,"height":580,"url":"https:\/\/jornaldasoficinas.com\/pt\/wp-content\/uploads\/2019\/09\/Filtro-de-particulas-de-freno_MANN-HUMMEL.jpg","type":"image\/jpeg"}],"author":"Reda\u00e7\u00e3o JO","twitter_card":"summary_large_image","twitter_creator":"@jornaloficinas","twitter_site":"@jornaloficinas","twitter_misc":{"Escrito por":"Reda\u00e7\u00e3o JO","Tempo estimado de leitura":"1 minuto"},"schema":{"@context":"https:\/\/schema.org","@graph":[{"@type":"Article","@id":"https:\/\/jornaldasoficinas.com\/pt\/mannhummel-apresentou-futuro-da-mobilidade-em-frankfurt\/#article","isPartOf":{"@id":"https:\/\/jornaldasoficinas.com\/pt\/mannhummel-apresentou-futuro-da-mobilidade-em-frankfurt\/"},"author":{"name":"Reda\u00e7\u00e3o JO","@id":"https:\/\/jornaldasoficinas.com\/pt\/#\/schema\/person\/a38eef5de2c41d9e7c9ac10141afddf3"},"headline":"MANN+HUMMEL apresentou futuro da mobilidade em Frankfurt","datePublished":"2019-09-26T00:40:04+00:00","dateModified":"2019-10-01T13:42:38+00:00","mainEntityOfPage":{"@id":"https:\/\/jornaldasoficinas.com\/pt\/mannhummel-apresentou-futuro-da-mobilidade-em-frankfurt\/"},"wordCount":303,"publisher":{"@id":"https:\/\/jornaldasoficinas.com\/pt\/#organization"},"image":{"@id":"https:\/\/jornaldasoficinas.com\/pt\/mannhummel-apresentou-futuro-da-mobilidade-em-frankfurt\/#primaryimage"},"thumbnailUrl":"https:\/\/jornaldasoficinas.com\/pt\/wp-content\/uploads\/2019\/09\/Filtro-de-particulas-de-freno_MANN-HUMMEL.jpg","keywords":["IAA","MANN+HUMMEL","Sal\u00e3o de Frankfurt"],"articleSection":["Empresas"],"inLanguage":"pt-PT"},{"@type":"WebPage","@id":"https:\/\/jornaldasoficinas.com\/pt\/mannhummel-apresentou-futuro-da-mobilidade-em-frankfurt\/","url":"https:\/\/jornaldasoficinas.com\/pt\/mannhummel-apresentou-futuro-da-mobilidade-em-frankfurt\/","name":"MANN+HUMMEL apresentou futuro da mobilidade em Frankfurt - Jornal das Oficinas","isPartOf":{"@id":"https:\/\/jornaldasoficinas.com\/pt\/#website"},"primaryImageOfPage":{"@id":"https:\/\/jornaldasoficinas.com\/pt\/mannhummel-apresentou-futuro-da-mobilidade-em-frankfurt\/#primaryimage"},"image":{"@id":"https:\/\/jornaldasoficinas.com\/pt\/mannhummel-apresentou-futuro-da-mobilidade-em-frankfurt\/#primaryimage"},"thumbnailUrl":"https:\/\/jornaldasoficinas.com\/pt\/wp-content\/uploads\/2019\/09\/Filtro-de-particulas-de-freno_MANN-HUMMEL.jpg","datePublished":"2019-09-26T00:40:04+00:00","dateModified":"2019-10-01T13:42:38+00:00","breadcrumb":{"@id":"https:\/\/jornaldasoficinas.com\/pt\/mannhummel-apresentou-futuro-da-mobilidade-em-frankfurt\/#breadcrumb"},"inLanguage":"pt-PT","potentialAction":[{"@type":"ReadAction","target":["https:\/\/jornaldasoficinas.com\/pt\/mannhummel-apresentou-futuro-da-mobilidade-em-frankfurt\/"]}]},{"@type":"ImageObject","inLanguage":"pt-PT","@id":"https:\/\/jornaldasoficinas.com\/pt\/mannhummel-apresentou-futuro-da-mobilidade-em-frankfurt\/#primaryimage","url":"https:\/\/jornaldasoficinas.com\/pt\/wp-content\/uploads\/2019\/09\/Filtro-de-particulas-de-freno_MANN-HUMMEL.jpg","contentUrl":"https:\/\/jornaldasoficinas.com\/pt\/wp-content\/uploads\/2019\/09\/Filtro-de-particulas-de-freno_MANN-HUMMEL.jpg","width":1024,"height":580,"caption":"09 - Filtro-de-particulas-de-freno_MANN-HUMMEL"},{"@type":"BreadcrumbList","@id":"https:\/\/jornaldasoficinas.com\/pt\/mannhummel-apresentou-futuro-da-mobilidade-em-frankfurt\/#breadcrumb","itemListElement":[{"@type":"ListItem","position":1,"name":"In\u00edcio","item":"https:\/\/jornaldasoficinas.com\/pt\/"},{"@type":"ListItem","position":2,"name":"MANN+HUMMEL apresentou futuro da mobilidade em Frankfurt"}]},{"@type":"WebSite","@id":"https:\/\/jornaldasoficinas.com\/pt\/#website","url":"https:\/\/jornaldasoficinas.com\/pt\/","name":"Jornal das Oficinas","description":"Jornal independente do Aftermarket Autom\u00f3vel em Portugal","publisher":{"@id":"https:\/\/jornaldasoficinas.com\/pt\/#organization"},"potentialAction":[{"@type":"SearchAction","target":{"@type":"EntryPoint","urlTemplate":"https:\/\/jornaldasoficinas.com\/pt\/?s={search_term_string}"},"query-input":{"@type":"PropertyValueSpecification","valueRequired":true,"valueName":"search_term_string"}}],"inLanguage":"pt-PT"},{"@type":"Organization","@id":"https:\/\/jornaldasoficinas.com\/pt\/#organization","name":"Jornal das Oficinas","url":"https:\/\/jornaldasoficinas.com\/pt\/","logo":{"@type":"ImageObject","inLanguage":"pt-PT","@id":"https:\/\/jornaldasoficinas.com\/pt\/#\/schema\/logo\/image\/","url":"https:\/\/jornaldasoficinas.com\/pt\/wp-content\/uploads\/logoJO-SEO.png","contentUrl":"https:\/\/jornaldasoficinas.com\/pt\/wp-content\/uploads\/logoJO-SEO.png","width":285,"height":450,"caption":"Jornal das Oficinas"},"image":{"@id":"https:\/\/jornaldasoficinas.com\/pt\/#\/schema\/logo\/image\/"},"sameAs":["https:\/\/www.facebook.com\/jornaloficinas","https:\/\/x.com\/jornaloficinas","https:\/\/www.instagram.com\/jornal_oficinas\/","https:\/\/www.linkedin.com\/company\/jornal-das-oficinas\/","https:\/\/www.youtube.com\/channel\/UCbQZBqtcvV-oSQrr7RzINGg"]},{"@type":"Person","@id":"https:\/\/jornaldasoficinas.com\/pt\/#\/schema\/person\/a38eef5de2c41d9e7c9ac10141afddf3","name":"Reda\u00e7\u00e3o JO","image":{"@type":"ImageObject","inLanguage":"pt-PT","@id":"https:\/\/secure.gravatar.com\/avatar\/71f2fa71737ad68a84fea94bc708ddac8ea5b0c4788dc2ad202f3ccb2887742f?s=96&d=wp_user_avatar&r=g","url":"https:\/\/secure.gravatar.com\/avatar\/71f2fa71737ad68a84fea94bc708ddac8ea5b0c4788dc2ad202f3ccb2887742f?s=96&d=wp_user_avatar&r=g","contentUrl":"https:\/\/secure.gravatar.com\/avatar\/71f2fa71737ad68a84fea94bc708ddac8ea5b0c4788dc2ad202f3ccb2887742f?s=96&d=wp_user_avatar&r=g","caption":"Reda\u00e7\u00e3o JO"},"url":"https:\/\/jornaldasoficinas.com\/pt\/author\/joredacao\/"}]}},"_links":{"self":[{"href":"https:\/\/jornaldasoficinas.com\/pt\/wp-json\/wp\/v2\/posts\/3654","targetHints":{"allow":["GET"]}}],"collection":[{"href":"https:\/\/jornaldasoficinas.com\/pt\/wp-json\/wp\/v2\/posts"}],"about":[{"href":"https:\/\/jornaldasoficinas.com\/pt\/wp-json\/wp\/v2\/types\/post"}],"author":[{"embeddable":true,"href":"https:\/\/jornaldasoficinas.com\/pt\/wp-json\/wp\/v2\/users\/15"}],"replies":[{"embeddable":true,"href":"https:\/\/jornaldasoficinas.com\/pt\/wp-json\/wp\/v2\/comments?post=3654"}],"version-history":[{"count":0,"href":"https:\/\/jornaldasoficinas.com\/pt\/wp-json\/wp\/v2\/posts\/3654\/revisions"}],"wp:featuredmedia":[{"embeddable":true,"href":"https:\/\/jornaldasoficinas.com\/pt\/wp-json\/wp\/v2\/media\/3653"}],"wp:attachment":[{"href":"https:\/\/jornaldasoficinas.com\/pt\/wp-json\/wp\/v2\/media?parent=3654"}],"wp:term":[{"taxonomy":"category","embeddable":true,"href":"https:\/\/jornaldasoficinas.com\/pt\/wp-json\/wp\/v2\/categories?post=3654"},{"taxonomy":"post_tag","embeddable":true,"href":"https:\/\/jornaldasoficinas.com\/pt\/wp-json\/wp\/v2\/tags?post=3654"}],"curies":[{"name":"wp","href":"https:\/\/api.w.org\/{rel}","templated":true}]}}