{"id":3673,"date":"2019-09-27T08:24:55","date_gmt":"2019-09-27T08:24:55","guid":{"rendered":"https:\/\/jornaldasoficinas.com\/pt\/?p=3673"},"modified":"2023-07-20T16:16:19","modified_gmt":"2023-07-20T15:16:19","slug":"cojali-apresenta-novo-sistema-de-calibracao-adas-da-jaltest","status":"publish","type":"post","link":"https:\/\/jornaldasoficinas.com\/pt\/cojali-apresenta-novo-sistema-de-calibracao-adas-da-jaltest\/","title":{"rendered":"Cojali apresenta novo sistema de calibra\u00e7\u00e3o ADAS da Jaltest"},"content":{"rendered":"<p><img loading=\"lazy\" decoding=\"async\" class=\"alignnone size-full wp-image-3675\" src=\"https:\/\/jornaldasoficinas.com\/pt\/wp-content\/uploads\/2019\/09\/Jornal_Oficinas_Jaltest_ADAS.jpg\" alt=\"09 - Jornal_Oficinas_Jaltest_ADAS\" width=\"1024\" height=\"581\" srcset=\"https:\/\/jornaldasoficinas.com\/pt\/wp-content\/uploads\/2019\/09\/Jornal_Oficinas_Jaltest_ADAS.jpg 1024w, https:\/\/jornaldasoficinas.com\/pt\/wp-content\/uploads\/2019\/09\/Jornal_Oficinas_Jaltest_ADAS-150x85.jpg 150w, https:\/\/jornaldasoficinas.com\/pt\/wp-content\/uploads\/2019\/09\/Jornal_Oficinas_Jaltest_ADAS-300x170.jpg 300w, https:\/\/jornaldasoficinas.com\/pt\/wp-content\/uploads\/2019\/09\/Jornal_Oficinas_Jaltest_ADAS-768x436.jpg 768w\" sizes=\"auto, (max-width: 1024px) 100vw, 1024px\" \/><\/p>\n<p><strong>O Grupo Cojali, empresa l\u00edder em desenvolvimento de componentes, <em>software<\/em> de diagn\u00f3stico e tecnologia para gest\u00e3o de ve\u00edculos industriais, apresenta o Jaltest ADAS Calibration Equipment, a sua solu\u00e7\u00e3o de calibra\u00e7\u00e3o do sistema ADAS (Advanced Driver Assistance Systems) presente no ve\u00edculo industrial<\/strong><\/p>\n<p>Este equipamento de calibra\u00e7\u00e3o, inclu\u00eddo na nova linha de ferramentas de oficina da Jaltest Tools, consiste em duas estruturas m\u00f3veis principais, duas ferramentas de acoplamento central com ponteiros laser e tr\u00eas pain\u00e9is intercambi\u00e1veis, dependendo da marca e do tipo de ve\u00edculo.<\/p>\n<p>Caracteriza-se pela montagem r\u00e1pida e opera\u00e7\u00e3o simples, sendo compat\u00edvel com a ferramenta de diagn\u00f3stico <a href=\"https:\/\/www.jaltest.com\/\" target=\"_blank\" rel=\"noopener noreferrer\">Jaltest<\/a>, que completar\u00e1 o processo de calibra\u00e7\u00e3o.<\/p>\n<p>Os sistemas ADAS, que garantem maior seguran\u00e7a e facilitam a condu\u00e7\u00e3o, s\u00e3o difundidos em autom\u00f3veis de passageiros e est\u00e3o a tornar-se mais frequentes em ve\u00edculos como cami\u00f5es e autocarros, sendo atualmente obrigat\u00f3rio na UE para todas as novas homologa\u00e7\u00f5es.<\/p>\n<p>Segundo a Dire\u00e7\u00e3o Geral de Tr\u00e2nsito (DGT), se todos os carros transportassem sistemas ADAS, haveria uma redu\u00e7\u00e3o de 57% do risco de acidentes em Espanha, ou seja, at\u00e9 51.000 acidentes seriam evitados ou as suas consequ\u00eancias seriam significativamente mitigadas.<\/p>\n<p>Num ve\u00edculo industrial, os componentes dos sistemas ADAS que controlam fun\u00e7\u00f5es como alerta involunt\u00e1rio de sa\u00edda da pista, <em>cruise control <\/em>adaptativo, travagem de emerg\u00eancia ou aviso de colis\u00e3o frontal geralmente est\u00e3o localizados na parte frente do ve\u00edculo na zona do para-brisas.<\/p>\n<p>Isto significa que, cada vez que o ve\u00edculo sofrer qualquer avaria, substitui\u00e7\u00e3o ou manipula\u00e7\u00e3o de qualquer um desses elementos, \u00e9 necess\u00e1rio calibrar esses componentes para garantir o seu bom funcionamento.<\/p>\n<p>&#8220;Para as oficinas, \u00e9 muito importante ter as ferramentas e os meios necess\u00e1rios para atender a esses tipos de solicita\u00e7\u00f5es. Principalmente para os ve\u00edculos que exigem uma calibra\u00e7\u00e3o profissional&#8221;, diz Fernando Rodr\u00edguez, chefe da Divis\u00e3o de Equipamentos para Oficinas, &#8220;Jaltest ADAS Calibration Equipment \u00e9 um complemento perfeito para a ferramenta de diagn\u00f3stico Jaltest, encarregada de concluir o processo de calibra\u00e7\u00e3o da melhor maneira poss\u00edvel&#8221;.<\/p>\n<p>A <a href=\"https:\/\/www.cojali.com\/pt\" target=\"_blank\" rel=\"noopener noreferrer\">Cojali<\/a> oferece duas sess\u00f5es informativas semanais para todas as oficinas interessadas \u200b\u200bno gest\u00e3o e no uso desta ferramenta como fonte de valor para o seu neg\u00f3cio.<\/p>\n","protected":false},"excerpt":{"rendered":"<p>O Grupo Cojali, empresa l\u00edder em&#8230;<\/p>\n","protected":false},"author":15,"featured_media":3675,"comment_status":"closed","ping_status":"closed","sticky":false,"template":"","format":"standard","meta":{"footnotes":""},"categories":[29],"tags":[229,230],"class_list":["post-3673","post","type-post","status-publish","format-standard","has-post-thumbnail","hentry","category-empresas","tag-cojali","tag-jaltest"],"yoast_head":"<!-- This site is optimized with the Yoast SEO plugin v27.4 - https:\/\/yoast.com\/product\/yoast-seo-wordpress\/ -->\n<title>Cojali apresenta novo sistema de calibra\u00e7\u00e3o ADAS da Jaltest - Jornal das Oficinas<\/title>\n<meta name=\"robots\" content=\"index, follow, max-snippet:-1, max-image-preview:large, max-video-preview:-1\" \/>\n<link rel=\"canonical\" href=\"https:\/\/jornaldasoficinas.com\/pt\/cojali-apresenta-novo-sistema-de-calibracao-adas-da-jaltest\/\" \/>\n<meta property=\"og:locale\" content=\"pt_PT\" \/>\n<meta property=\"og:type\" content=\"article\" \/>\n<meta property=\"og:title\" content=\"Cojali apresenta novo sistema de calibra\u00e7\u00e3o ADAS da Jaltest - Jornal das Oficinas\" \/>\n<meta property=\"og:description\" content=\"O Grupo Cojali, empresa l\u00edder em...\" \/>\n<meta property=\"og:url\" content=\"https:\/\/jornaldasoficinas.com\/pt\/cojali-apresenta-novo-sistema-de-calibracao-adas-da-jaltest\/\" \/>\n<meta property=\"og:site_name\" content=\"Jornal das Oficinas\" \/>\n<meta property=\"article:publisher\" content=\"https:\/\/www.facebook.com\/jornaloficinas\" \/>\n<meta property=\"article:published_time\" content=\"2019-09-27T08:24:55+00:00\" \/>\n<meta property=\"article:modified_time\" content=\"2023-07-20T15:16:19+00:00\" \/>\n<meta property=\"og:image\" content=\"https:\/\/jornaldasoficinas.com\/pt\/wp-content\/uploads\/2019\/09\/Jornal_Oficinas_Jaltest_ADAS.jpg\" \/>\n\t<meta property=\"og:image:width\" content=\"1024\" \/>\n\t<meta property=\"og:image:height\" content=\"581\" \/>\n\t<meta property=\"og:image:type\" content=\"image\/jpeg\" \/>\n<meta name=\"author\" content=\"Reda\u00e7\u00e3o JO\" \/>\n<meta name=\"twitter:card\" content=\"summary_large_image\" \/>\n<meta name=\"twitter:creator\" content=\"@jornaloficinas\" \/>\n<meta name=\"twitter:site\" content=\"@jornaloficinas\" \/>\n<meta name=\"twitter:label1\" content=\"Escrito por\" \/>\n\t<meta name=\"twitter:data1\" content=\"Reda\u00e7\u00e3o JO\" \/>\n\t<meta name=\"twitter:label2\" content=\"Tempo estimado de leitura\" \/>\n\t<meta name=\"twitter:data2\" content=\"2 minutos\" \/>\n<script type=\"application\/ld+json\" class=\"yoast-schema-graph\">{\"@context\":\"https:\\\/\\\/schema.org\",\"@graph\":[{\"@type\":\"Article\",\"@id\":\"https:\\\/\\\/jornaldasoficinas.com\\\/pt\\\/cojali-apresenta-novo-sistema-de-calibracao-adas-da-jaltest\\\/#article\",\"isPartOf\":{\"@id\":\"https:\\\/\\\/jornaldasoficinas.com\\\/pt\\\/cojali-apresenta-novo-sistema-de-calibracao-adas-da-jaltest\\\/\"},\"author\":{\"name\":\"Reda\u00e7\u00e3o JO\",\"@id\":\"https:\\\/\\\/jornaldasoficinas.com\\\/pt\\\/#\\\/schema\\\/person\\\/a38eef5de2c41d9e7c9ac10141afddf3\"},\"headline\":\"Cojali apresenta novo sistema de calibra\u00e7\u00e3o ADAS da Jaltest\",\"datePublished\":\"2019-09-27T08:24:55+00:00\",\"dateModified\":\"2023-07-20T15:16:19+00:00\",\"mainEntityOfPage\":{\"@id\":\"https:\\\/\\\/jornaldasoficinas.com\\\/pt\\\/cojali-apresenta-novo-sistema-de-calibracao-adas-da-jaltest\\\/\"},\"wordCount\":404,\"publisher\":{\"@id\":\"https:\\\/\\\/jornaldasoficinas.com\\\/pt\\\/#organization\"},\"image\":{\"@id\":\"https:\\\/\\\/jornaldasoficinas.com\\\/pt\\\/cojali-apresenta-novo-sistema-de-calibracao-adas-da-jaltest\\\/#primaryimage\"},\"thumbnailUrl\":\"https:\\\/\\\/jornaldasoficinas.com\\\/pt\\\/wp-content\\\/uploads\\\/2019\\\/09\\\/Jornal_Oficinas_Jaltest_ADAS.jpg\",\"keywords\":[\"Cojali\",\"Jaltest\"],\"articleSection\":[\"Empresas\"],\"inLanguage\":\"pt-PT\"},{\"@type\":\"WebPage\",\"@id\":\"https:\\\/\\\/jornaldasoficinas.com\\\/pt\\\/cojali-apresenta-novo-sistema-de-calibracao-adas-da-jaltest\\\/\",\"url\":\"https:\\\/\\\/jornaldasoficinas.com\\\/pt\\\/cojali-apresenta-novo-sistema-de-calibracao-adas-da-jaltest\\\/\",\"name\":\"Cojali apresenta novo sistema de calibra\u00e7\u00e3o ADAS da Jaltest - Jornal das Oficinas\",\"isPartOf\":{\"@id\":\"https:\\\/\\\/jornaldasoficinas.com\\\/pt\\\/#website\"},\"primaryImageOfPage\":{\"@id\":\"https:\\\/\\\/jornaldasoficinas.com\\\/pt\\\/cojali-apresenta-novo-sistema-de-calibracao-adas-da-jaltest\\\/#primaryimage\"},\"image\":{\"@id\":\"https:\\\/\\\/jornaldasoficinas.com\\\/pt\\\/cojali-apresenta-novo-sistema-de-calibracao-adas-da-jaltest\\\/#primaryimage\"},\"thumbnailUrl\":\"https:\\\/\\\/jornaldasoficinas.com\\\/pt\\\/wp-content\\\/uploads\\\/2019\\\/09\\\/Jornal_Oficinas_Jaltest_ADAS.jpg\",\"datePublished\":\"2019-09-27T08:24:55+00:00\",\"dateModified\":\"2023-07-20T15:16:19+00:00\",\"breadcrumb\":{\"@id\":\"https:\\\/\\\/jornaldasoficinas.com\\\/pt\\\/cojali-apresenta-novo-sistema-de-calibracao-adas-da-jaltest\\\/#breadcrumb\"},\"inLanguage\":\"pt-PT\",\"potentialAction\":[{\"@type\":\"ReadAction\",\"target\":[\"https:\\\/\\\/jornaldasoficinas.com\\\/pt\\\/cojali-apresenta-novo-sistema-de-calibracao-adas-da-jaltest\\\/\"]}]},{\"@type\":\"ImageObject\",\"inLanguage\":\"pt-PT\",\"@id\":\"https:\\\/\\\/jornaldasoficinas.com\\\/pt\\\/cojali-apresenta-novo-sistema-de-calibracao-adas-da-jaltest\\\/#primaryimage\",\"url\":\"https:\\\/\\\/jornaldasoficinas.com\\\/pt\\\/wp-content\\\/uploads\\\/2019\\\/09\\\/Jornal_Oficinas_Jaltest_ADAS.jpg\",\"contentUrl\":\"https:\\\/\\\/jornaldasoficinas.com\\\/pt\\\/wp-content\\\/uploads\\\/2019\\\/09\\\/Jornal_Oficinas_Jaltest_ADAS.jpg\",\"width\":1024,\"height\":581,\"caption\":\"09 - Jornal_Oficinas_Jaltest_ADAS\"},{\"@type\":\"BreadcrumbList\",\"@id\":\"https:\\\/\\\/jornaldasoficinas.com\\\/pt\\\/cojali-apresenta-novo-sistema-de-calibracao-adas-da-jaltest\\\/#breadcrumb\",\"itemListElement\":[{\"@type\":\"ListItem\",\"position\":1,\"name\":\"In\u00edcio\",\"item\":\"https:\\\/\\\/jornaldasoficinas.com\\\/pt\\\/\"},{\"@type\":\"ListItem\",\"position\":2,\"name\":\"Cojali apresenta novo sistema de calibra\u00e7\u00e3o ADAS da Jaltest\"}]},{\"@type\":\"WebSite\",\"@id\":\"https:\\\/\\\/jornaldasoficinas.com\\\/pt\\\/#website\",\"url\":\"https:\\\/\\\/jornaldasoficinas.com\\\/pt\\\/\",\"name\":\"Jornal das Oficinas\",\"description\":\"Jornal independente do Aftermarket Autom\u00f3vel em Portugal\",\"publisher\":{\"@id\":\"https:\\\/\\\/jornaldasoficinas.com\\\/pt\\\/#organization\"},\"potentialAction\":[{\"@type\":\"SearchAction\",\"target\":{\"@type\":\"EntryPoint\",\"urlTemplate\":\"https:\\\/\\\/jornaldasoficinas.com\\\/pt\\\/?s={search_term_string}\"},\"query-input\":{\"@type\":\"PropertyValueSpecification\",\"valueRequired\":true,\"valueName\":\"search_term_string\"}}],\"inLanguage\":\"pt-PT\"},{\"@type\":\"Organization\",\"@id\":\"https:\\\/\\\/jornaldasoficinas.com\\\/pt\\\/#organization\",\"name\":\"Jornal das Oficinas\",\"url\":\"https:\\\/\\\/jornaldasoficinas.com\\\/pt\\\/\",\"logo\":{\"@type\":\"ImageObject\",\"inLanguage\":\"pt-PT\",\"@id\":\"https:\\\/\\\/jornaldasoficinas.com\\\/pt\\\/#\\\/schema\\\/logo\\\/image\\\/\",\"url\":\"https:\\\/\\\/jornaldasoficinas.com\\\/pt\\\/wp-content\\\/uploads\\\/logoJO-SEO.png\",\"contentUrl\":\"https:\\\/\\\/jornaldasoficinas.com\\\/pt\\\/wp-content\\\/uploads\\\/logoJO-SEO.png\",\"width\":285,\"height\":450,\"caption\":\"Jornal das Oficinas\"},\"image\":{\"@id\":\"https:\\\/\\\/jornaldasoficinas.com\\\/pt\\\/#\\\/schema\\\/logo\\\/image\\\/\"},\"sameAs\":[\"https:\\\/\\\/www.facebook.com\\\/jornaloficinas\",\"https:\\\/\\\/x.com\\\/jornaloficinas\",\"https:\\\/\\\/www.instagram.com\\\/jornal_oficinas\\\/\",\"https:\\\/\\\/www.linkedin.com\\\/company\\\/jornal-das-oficinas\\\/\",\"https:\\\/\\\/www.youtube.com\\\/channel\\\/UCbQZBqtcvV-oSQrr7RzINGg\"]},{\"@type\":\"Person\",\"@id\":\"https:\\\/\\\/jornaldasoficinas.com\\\/pt\\\/#\\\/schema\\\/person\\\/a38eef5de2c41d9e7c9ac10141afddf3\",\"name\":\"Reda\u00e7\u00e3o JO\",\"image\":{\"@type\":\"ImageObject\",\"inLanguage\":\"pt-PT\",\"@id\":\"https:\\\/\\\/secure.gravatar.com\\\/avatar\\\/71f2fa71737ad68a84fea94bc708ddac8ea5b0c4788dc2ad202f3ccb2887742f?s=96&d=wp_user_avatar&r=g\",\"url\":\"https:\\\/\\\/secure.gravatar.com\\\/avatar\\\/71f2fa71737ad68a84fea94bc708ddac8ea5b0c4788dc2ad202f3ccb2887742f?s=96&d=wp_user_avatar&r=g\",\"contentUrl\":\"https:\\\/\\\/secure.gravatar.com\\\/avatar\\\/71f2fa71737ad68a84fea94bc708ddac8ea5b0c4788dc2ad202f3ccb2887742f?s=96&d=wp_user_avatar&r=g\",\"caption\":\"Reda\u00e7\u00e3o JO\"},\"url\":\"https:\\\/\\\/jornaldasoficinas.com\\\/pt\\\/author\\\/joredacao\\\/\"}]}<\/script>\n<!-- \/ Yoast SEO plugin. -->","yoast_head_json":{"title":"Cojali apresenta novo sistema de calibra\u00e7\u00e3o ADAS da Jaltest - Jornal das Oficinas","robots":{"index":"index","follow":"follow","max-snippet":"max-snippet:-1","max-image-preview":"max-image-preview:large","max-video-preview":"max-video-preview:-1"},"canonical":"https:\/\/jornaldasoficinas.com\/pt\/cojali-apresenta-novo-sistema-de-calibracao-adas-da-jaltest\/","og_locale":"pt_PT","og_type":"article","og_title":"Cojali apresenta novo sistema de calibra\u00e7\u00e3o ADAS da Jaltest - Jornal das Oficinas","og_description":"O Grupo Cojali, empresa l\u00edder em...","og_url":"https:\/\/jornaldasoficinas.com\/pt\/cojali-apresenta-novo-sistema-de-calibracao-adas-da-jaltest\/","og_site_name":"Jornal das Oficinas","article_publisher":"https:\/\/www.facebook.com\/jornaloficinas","article_published_time":"2019-09-27T08:24:55+00:00","article_modified_time":"2023-07-20T15:16:19+00:00","og_image":[{"width":1024,"height":581,"url":"https:\/\/jornaldasoficinas.com\/pt\/wp-content\/uploads\/2019\/09\/Jornal_Oficinas_Jaltest_ADAS.jpg","type":"image\/jpeg"}],"author":"Reda\u00e7\u00e3o JO","twitter_card":"summary_large_image","twitter_creator":"@jornaloficinas","twitter_site":"@jornaloficinas","twitter_misc":{"Escrito por":"Reda\u00e7\u00e3o JO","Tempo estimado de leitura":"2 minutos"},"schema":{"@context":"https:\/\/schema.org","@graph":[{"@type":"Article","@id":"https:\/\/jornaldasoficinas.com\/pt\/cojali-apresenta-novo-sistema-de-calibracao-adas-da-jaltest\/#article","isPartOf":{"@id":"https:\/\/jornaldasoficinas.com\/pt\/cojali-apresenta-novo-sistema-de-calibracao-adas-da-jaltest\/"},"author":{"name":"Reda\u00e7\u00e3o JO","@id":"https:\/\/jornaldasoficinas.com\/pt\/#\/schema\/person\/a38eef5de2c41d9e7c9ac10141afddf3"},"headline":"Cojali apresenta novo sistema de calibra\u00e7\u00e3o ADAS da Jaltest","datePublished":"2019-09-27T08:24:55+00:00","dateModified":"2023-07-20T15:16:19+00:00","mainEntityOfPage":{"@id":"https:\/\/jornaldasoficinas.com\/pt\/cojali-apresenta-novo-sistema-de-calibracao-adas-da-jaltest\/"},"wordCount":404,"publisher":{"@id":"https:\/\/jornaldasoficinas.com\/pt\/#organization"},"image":{"@id":"https:\/\/jornaldasoficinas.com\/pt\/cojali-apresenta-novo-sistema-de-calibracao-adas-da-jaltest\/#primaryimage"},"thumbnailUrl":"https:\/\/jornaldasoficinas.com\/pt\/wp-content\/uploads\/2019\/09\/Jornal_Oficinas_Jaltest_ADAS.jpg","keywords":["Cojali","Jaltest"],"articleSection":["Empresas"],"inLanguage":"pt-PT"},{"@type":"WebPage","@id":"https:\/\/jornaldasoficinas.com\/pt\/cojali-apresenta-novo-sistema-de-calibracao-adas-da-jaltest\/","url":"https:\/\/jornaldasoficinas.com\/pt\/cojali-apresenta-novo-sistema-de-calibracao-adas-da-jaltest\/","name":"Cojali apresenta novo sistema de calibra\u00e7\u00e3o ADAS da Jaltest - Jornal das Oficinas","isPartOf":{"@id":"https:\/\/jornaldasoficinas.com\/pt\/#website"},"primaryImageOfPage":{"@id":"https:\/\/jornaldasoficinas.com\/pt\/cojali-apresenta-novo-sistema-de-calibracao-adas-da-jaltest\/#primaryimage"},"image":{"@id":"https:\/\/jornaldasoficinas.com\/pt\/cojali-apresenta-novo-sistema-de-calibracao-adas-da-jaltest\/#primaryimage"},"thumbnailUrl":"https:\/\/jornaldasoficinas.com\/pt\/wp-content\/uploads\/2019\/09\/Jornal_Oficinas_Jaltest_ADAS.jpg","datePublished":"2019-09-27T08:24:55+00:00","dateModified":"2023-07-20T15:16:19+00:00","breadcrumb":{"@id":"https:\/\/jornaldasoficinas.com\/pt\/cojali-apresenta-novo-sistema-de-calibracao-adas-da-jaltest\/#breadcrumb"},"inLanguage":"pt-PT","potentialAction":[{"@type":"ReadAction","target":["https:\/\/jornaldasoficinas.com\/pt\/cojali-apresenta-novo-sistema-de-calibracao-adas-da-jaltest\/"]}]},{"@type":"ImageObject","inLanguage":"pt-PT","@id":"https:\/\/jornaldasoficinas.com\/pt\/cojali-apresenta-novo-sistema-de-calibracao-adas-da-jaltest\/#primaryimage","url":"https:\/\/jornaldasoficinas.com\/pt\/wp-content\/uploads\/2019\/09\/Jornal_Oficinas_Jaltest_ADAS.jpg","contentUrl":"https:\/\/jornaldasoficinas.com\/pt\/wp-content\/uploads\/2019\/09\/Jornal_Oficinas_Jaltest_ADAS.jpg","width":1024,"height":581,"caption":"09 - Jornal_Oficinas_Jaltest_ADAS"},{"@type":"BreadcrumbList","@id":"https:\/\/jornaldasoficinas.com\/pt\/cojali-apresenta-novo-sistema-de-calibracao-adas-da-jaltest\/#breadcrumb","itemListElement":[{"@type":"ListItem","position":1,"name":"In\u00edcio","item":"https:\/\/jornaldasoficinas.com\/pt\/"},{"@type":"ListItem","position":2,"name":"Cojali apresenta novo sistema de calibra\u00e7\u00e3o ADAS da Jaltest"}]},{"@type":"WebSite","@id":"https:\/\/jornaldasoficinas.com\/pt\/#website","url":"https:\/\/jornaldasoficinas.com\/pt\/","name":"Jornal das Oficinas","description":"Jornal independente do Aftermarket Autom\u00f3vel em Portugal","publisher":{"@id":"https:\/\/jornaldasoficinas.com\/pt\/#organization"},"potentialAction":[{"@type":"SearchAction","target":{"@type":"EntryPoint","urlTemplate":"https:\/\/jornaldasoficinas.com\/pt\/?s={search_term_string}"},"query-input":{"@type":"PropertyValueSpecification","valueRequired":true,"valueName":"search_term_string"}}],"inLanguage":"pt-PT"},{"@type":"Organization","@id":"https:\/\/jornaldasoficinas.com\/pt\/#organization","name":"Jornal das Oficinas","url":"https:\/\/jornaldasoficinas.com\/pt\/","logo":{"@type":"ImageObject","inLanguage":"pt-PT","@id":"https:\/\/jornaldasoficinas.com\/pt\/#\/schema\/logo\/image\/","url":"https:\/\/jornaldasoficinas.com\/pt\/wp-content\/uploads\/logoJO-SEO.png","contentUrl":"https:\/\/jornaldasoficinas.com\/pt\/wp-content\/uploads\/logoJO-SEO.png","width":285,"height":450,"caption":"Jornal das Oficinas"},"image":{"@id":"https:\/\/jornaldasoficinas.com\/pt\/#\/schema\/logo\/image\/"},"sameAs":["https:\/\/www.facebook.com\/jornaloficinas","https:\/\/x.com\/jornaloficinas","https:\/\/www.instagram.com\/jornal_oficinas\/","https:\/\/www.linkedin.com\/company\/jornal-das-oficinas\/","https:\/\/www.youtube.com\/channel\/UCbQZBqtcvV-oSQrr7RzINGg"]},{"@type":"Person","@id":"https:\/\/jornaldasoficinas.com\/pt\/#\/schema\/person\/a38eef5de2c41d9e7c9ac10141afddf3","name":"Reda\u00e7\u00e3o JO","image":{"@type":"ImageObject","inLanguage":"pt-PT","@id":"https:\/\/secure.gravatar.com\/avatar\/71f2fa71737ad68a84fea94bc708ddac8ea5b0c4788dc2ad202f3ccb2887742f?s=96&d=wp_user_avatar&r=g","url":"https:\/\/secure.gravatar.com\/avatar\/71f2fa71737ad68a84fea94bc708ddac8ea5b0c4788dc2ad202f3ccb2887742f?s=96&d=wp_user_avatar&r=g","contentUrl":"https:\/\/secure.gravatar.com\/avatar\/71f2fa71737ad68a84fea94bc708ddac8ea5b0c4788dc2ad202f3ccb2887742f?s=96&d=wp_user_avatar&r=g","caption":"Reda\u00e7\u00e3o JO"},"url":"https:\/\/jornaldasoficinas.com\/pt\/author\/joredacao\/"}]}},"_links":{"self":[{"href":"https:\/\/jornaldasoficinas.com\/pt\/wp-json\/wp\/v2\/posts\/3673","targetHints":{"allow":["GET"]}}],"collection":[{"href":"https:\/\/jornaldasoficinas.com\/pt\/wp-json\/wp\/v2\/posts"}],"about":[{"href":"https:\/\/jornaldasoficinas.com\/pt\/wp-json\/wp\/v2\/types\/post"}],"author":[{"embeddable":true,"href":"https:\/\/jornaldasoficinas.com\/pt\/wp-json\/wp\/v2\/users\/15"}],"replies":[{"embeddable":true,"href":"https:\/\/jornaldasoficinas.com\/pt\/wp-json\/wp\/v2\/comments?post=3673"}],"version-history":[{"count":0,"href":"https:\/\/jornaldasoficinas.com\/pt\/wp-json\/wp\/v2\/posts\/3673\/revisions"}],"wp:featuredmedia":[{"embeddable":true,"href":"https:\/\/jornaldasoficinas.com\/pt\/wp-json\/wp\/v2\/media\/3675"}],"wp:attachment":[{"href":"https:\/\/jornaldasoficinas.com\/pt\/wp-json\/wp\/v2\/media?parent=3673"}],"wp:term":[{"taxonomy":"category","embeddable":true,"href":"https:\/\/jornaldasoficinas.com\/pt\/wp-json\/wp\/v2\/categories?post=3673"},{"taxonomy":"post_tag","embeddable":true,"href":"https:\/\/jornaldasoficinas.com\/pt\/wp-json\/wp\/v2\/tags?post=3673"}],"curies":[{"name":"wp","href":"https:\/\/api.w.org\/{rel}","templated":true}]}}