{"id":4030,"date":"2019-10-01T10:55:05","date_gmt":"2019-10-01T10:55:05","guid":{"rendered":"https:\/\/jornaldasoficinas.com\/pt\/?p=4030"},"modified":"2023-07-20T16:07:36","modified_gmt":"2023-07-20T15:07:36","slug":"bosch-previne-risco-de-eletrocucao-em-acidentes-com-eletricos","status":"publish","type":"post","link":"https:\/\/jornaldasoficinas.com\/pt\/bosch-previne-risco-de-eletrocucao-em-acidentes-com-eletricos\/","title":{"rendered":"Bosch previne risco de eletrocu\u00e7\u00e3o em acidentes com el\u00e9tricos"},"content":{"rendered":"<p><img loading=\"lazy\" decoding=\"async\" class=\"alignnone size-full wp-image-4032\" src=\"https:\/\/jornaldasoficinas.com\/pt\/wp-content\/uploads\/2019\/09\/Jornal_das_Oficianas_logo_Bosch.jpg\" alt=\"09 - Jornal_das_Oficianas_logo_Bosch\" width=\"1024\" height=\"581\" srcset=\"https:\/\/jornaldasoficinas.com\/pt\/wp-content\/uploads\/2019\/09\/Jornal_das_Oficianas_logo_Bosch.jpg 1024w, https:\/\/jornaldasoficinas.com\/pt\/wp-content\/uploads\/2019\/09\/Jornal_das_Oficianas_logo_Bosch-150x85.jpg 150w, https:\/\/jornaldasoficinas.com\/pt\/wp-content\/uploads\/2019\/09\/Jornal_das_Oficianas_logo_Bosch-300x170.jpg 300w, https:\/\/jornaldasoficinas.com\/pt\/wp-content\/uploads\/2019\/09\/Jornal_das_Oficianas_logo_Bosch-768x436.jpg 768w\" sizes=\"auto, (max-width: 1024px) 100vw, 1024px\" \/><\/p>\n<p><strong>Com cada vez mais ve\u00edculos el\u00e9tricos na estrada, muitos condutores veem a sua preocupa\u00e7\u00e3o aumentar em rela\u00e7\u00e3o ao que devem fazer em caso de colis\u00e3o.<\/strong><\/p>\n<p>Os motores el\u00e9tricos tamb\u00e9m representam novos desafios para as equipas de resgate. Como qualquer outro ve\u00edculo, os el\u00e9tricos est\u00e3o equipados com mecanismos de seguran\u00e7a para este tipo de situa\u00e7\u00f5es.<\/p>\n<p>Por exemplo, os semi-condutores da Bosch ajudam a evitar o risco de choque el\u00e9trico ap\u00f3s um acidente. <em>Microchips<\/em> especialmente projetados desativam os circuitos de pot\u00eancia do ve\u00edculo em fra\u00e7\u00f5es de segundo.<\/p>\n<p>Isto permite que as equipas de resgate trabalhem imediatamente e garante que os socorristas e os ocupantes do ve\u00edculo permane\u00e7am seguros.<\/p>\n<p>&#8220;A nossa tecnologia de semi-condutores desempenha um papel vital na seguran\u00e7a de ve\u00edculos h\u00edbridos e el\u00e9tricos&#8221;, afirma Jens Fabrowsky, membro da gest\u00e3o executiva da divis\u00e3o de Eletr\u00f3nica Autom\u00f3vel da Bosch.<\/p>\n<p>A Bosch fornece aos construtores de autom\u00f3veis <em>chips<\/em> semi-condutores para incorpora\u00e7\u00e3o em sistemas especiais, que desligam a bateria com seguran\u00e7a em caso de colis\u00e3o.<\/p>\n<p>Para muitas pessoas, os cabos danificados como resultado de acidente s\u00e3o motivo de preocupa\u00e7\u00e3o: a corrente da bateria pode ser conduzida atrav\u00e9s da carro\u00e7aria met\u00e1lica de um ve\u00edculo h\u00edbrido ou totalmente el\u00e9trico.<\/p>\n<p>Aliado a esta situa\u00e7\u00e3o, est\u00e1 o facto de as baterias serem projetadas para fornecer uma voltagem de 400 a 800 Volt.<\/p>\n<p>No entanto, os <em>chips<\/em> semi-condutores da Bosch garantem que a bateria de alta tens\u00e3o \u00e9 desconectada automaticamente, para que ningu\u00e9m, ocupantes de ve\u00edculos, equipas de resgate e socorristas, seja v\u00edtima de uma descarga el\u00e9trica.<\/p>\n<p>Os dispositivos semi-condutores fazem parte de um sistema de seguran\u00e7a pirot\u00e9cnica, atrav\u00e9s de um piro fus\u00edvel.<\/p>\n<p>Estes sistemas &#8220;explodem&#8221; sec\u00e7\u00f5es inteiras da conex\u00e3o do cabo \u00e0 bateria de alta tens\u00e3o atrav\u00e9s de cargas explosivas em miniatura, interrompendo, de forma imediata e eficaz, a circula\u00e7\u00e3o de energia.<\/p>\n<p>Os semi-condutores da <a href=\"https:\/\/www.bosch.pt\/\" target=\"_blank\" rel=\"noopener noreferrer\">Bosch<\/a> desempenham um papel decisivo nesses sistemas.<\/p>\n<p>Se, por exemplo, o sensor do <em>airbag<\/em> detetar um impacto, os pequenos dispositivos, com apenas 10 mil\u00edmetros e pesando apenas alguns gramas, acionam o piro fus\u00edvel.<\/p>\n<p>Este processo desencadeia pequenas explos\u00f5es que provocam uma rutura no cabo de alta tens\u00e3o entre a unidade da bateria e o restante sistema eletr\u00f3nico.<\/p>\n<p>Cortando o fluxo de corrente, o risco de choque el\u00e9trico ou inc\u00eandio \u00e9 eliminado.<\/p>\n<p>O sistema integrado IC de<em> airbag<\/em>, CG912, usado no sistema de piro fus\u00edvel \u00e9 um circuito integrado de aplica\u00e7\u00e3o espec\u00edfica ou ASIC. A aplica\u00e7\u00e3o espec\u00edfica \u00e9, neste caso, a seguran\u00e7a autom\u00f3vel.<\/p>\n<p>&#8220;Os nossos ASICs, que n\u00e3o s\u00e3o maiores do que uma unha, mas ainda assim preenchidos com milh\u00f5es de trans\u00edstores, s\u00e3o projetados para ativar fun\u00e7\u00f5es de seguran\u00e7a de maneira fi\u00e1vel numa fra\u00e7\u00e3o de segundos&#8221;, afirma Fabrowsky.<\/p>\n<p>Originalmente desenvolvido pela Bosch para acionar<em> airbags<\/em>, o CG912 tem um historial de sucesso neste tipo de fun\u00e7\u00f5es.<\/p>\n<p>Os ve\u00edculos modernos cont\u00eam dezenas de ICs para controlar, n\u00e3o apenas os sistemas de seguran\u00e7a, como<em> airbags<\/em> e tensionadores de cinto, mas tamb\u00e9m <em>cruise control<\/em>, sensores de dist\u00e2ncia, assist\u00eancia de luzes, suporte para mudan\u00e7a de faixa, sensores de chuva e dete\u00e7\u00e3o de sonol\u00eancia do condutor.<\/p>\n","protected":false},"excerpt":{"rendered":"<p>Com cada vez mais ve\u00edculos el\u00e9tricos&#8230;<\/p>\n","protected":false},"author":15,"featured_media":4032,"comment_status":"closed","ping_status":"closed","sticky":false,"template":"","format":"standard","meta":{"footnotes":""},"categories":[29],"tags":[123,239,89],"class_list":["post-4030","post","type-post","status-publish","format-standard","has-post-thumbnail","hentry","category-empresas","tag-bosch","tag-bosch-electronic-service","tag-veiculos-eletricos"],"yoast_head":"<!-- This site is optimized with the Yoast SEO plugin v27.4 - https:\/\/yoast.com\/product\/yoast-seo-wordpress\/ -->\n<title>Bosch previne risco de eletrocu\u00e7\u00e3o em acidentes com el\u00e9tricos - Jornal das Oficinas<\/title>\n<meta name=\"robots\" content=\"index, follow, max-snippet:-1, max-image-preview:large, max-video-preview:-1\" \/>\n<link rel=\"canonical\" href=\"https:\/\/jornaldasoficinas.com\/pt\/bosch-previne-risco-de-eletrocucao-em-acidentes-com-eletricos\/\" \/>\n<meta property=\"og:locale\" content=\"pt_PT\" \/>\n<meta property=\"og:type\" content=\"article\" \/>\n<meta property=\"og:title\" content=\"Bosch previne risco de eletrocu\u00e7\u00e3o em acidentes com el\u00e9tricos - Jornal das Oficinas\" \/>\n<meta property=\"og:description\" content=\"Com cada vez mais ve\u00edculos el\u00e9tricos...\" \/>\n<meta property=\"og:url\" content=\"https:\/\/jornaldasoficinas.com\/pt\/bosch-previne-risco-de-eletrocucao-em-acidentes-com-eletricos\/\" \/>\n<meta property=\"og:site_name\" content=\"Jornal das Oficinas\" \/>\n<meta property=\"article:publisher\" content=\"https:\/\/www.facebook.com\/jornaloficinas\" \/>\n<meta property=\"article:published_time\" content=\"2019-10-01T10:55:05+00:00\" \/>\n<meta property=\"article:modified_time\" content=\"2023-07-20T15:07:36+00:00\" \/>\n<meta property=\"og:image\" content=\"https:\/\/jornaldasoficinas.com\/pt\/wp-content\/uploads\/2019\/09\/Jornal_das_Oficianas_logo_Bosch.jpg\" \/>\n\t<meta property=\"og:image:width\" content=\"1024\" \/>\n\t<meta property=\"og:image:height\" content=\"581\" \/>\n\t<meta property=\"og:image:type\" content=\"image\/jpeg\" \/>\n<meta name=\"author\" content=\"Reda\u00e7\u00e3o JO\" \/>\n<meta name=\"twitter:card\" content=\"summary_large_image\" \/>\n<meta name=\"twitter:creator\" content=\"@jornaloficinas\" \/>\n<meta name=\"twitter:site\" content=\"@jornaloficinas\" \/>\n<meta name=\"twitter:label1\" content=\"Escrito por\" \/>\n\t<meta name=\"twitter:data1\" content=\"Reda\u00e7\u00e3o JO\" \/>\n\t<meta name=\"twitter:label2\" content=\"Tempo estimado de leitura\" \/>\n\t<meta name=\"twitter:data2\" content=\"3 minutos\" \/>\n<script type=\"application\/ld+json\" class=\"yoast-schema-graph\">{\"@context\":\"https:\\\/\\\/schema.org\",\"@graph\":[{\"@type\":\"Article\",\"@id\":\"https:\\\/\\\/jornaldasoficinas.com\\\/pt\\\/bosch-previne-risco-de-eletrocucao-em-acidentes-com-eletricos\\\/#article\",\"isPartOf\":{\"@id\":\"https:\\\/\\\/jornaldasoficinas.com\\\/pt\\\/bosch-previne-risco-de-eletrocucao-em-acidentes-com-eletricos\\\/\"},\"author\":{\"name\":\"Reda\u00e7\u00e3o JO\",\"@id\":\"https:\\\/\\\/jornaldasoficinas.com\\\/pt\\\/#\\\/schema\\\/person\\\/a38eef5de2c41d9e7c9ac10141afddf3\"},\"headline\":\"Bosch previne risco de eletrocu\u00e7\u00e3o em acidentes com el\u00e9tricos\",\"datePublished\":\"2019-10-01T10:55:05+00:00\",\"dateModified\":\"2023-07-20T15:07:36+00:00\",\"mainEntityOfPage\":{\"@id\":\"https:\\\/\\\/jornaldasoficinas.com\\\/pt\\\/bosch-previne-risco-de-eletrocucao-em-acidentes-com-eletricos\\\/\"},\"wordCount\":587,\"publisher\":{\"@id\":\"https:\\\/\\\/jornaldasoficinas.com\\\/pt\\\/#organization\"},\"image\":{\"@id\":\"https:\\\/\\\/jornaldasoficinas.com\\\/pt\\\/bosch-previne-risco-de-eletrocucao-em-acidentes-com-eletricos\\\/#primaryimage\"},\"thumbnailUrl\":\"https:\\\/\\\/jornaldasoficinas.com\\\/pt\\\/wp-content\\\/uploads\\\/2019\\\/09\\\/Jornal_das_Oficianas_logo_Bosch.jpg\",\"keywords\":[\"Bosch\",\"Bosch Electronic Service\",\"Ve\u00edculos el\u00e9tricos\"],\"articleSection\":[\"Empresas\"],\"inLanguage\":\"pt-PT\"},{\"@type\":\"WebPage\",\"@id\":\"https:\\\/\\\/jornaldasoficinas.com\\\/pt\\\/bosch-previne-risco-de-eletrocucao-em-acidentes-com-eletricos\\\/\",\"url\":\"https:\\\/\\\/jornaldasoficinas.com\\\/pt\\\/bosch-previne-risco-de-eletrocucao-em-acidentes-com-eletricos\\\/\",\"name\":\"Bosch previne risco de eletrocu\u00e7\u00e3o em acidentes com el\u00e9tricos - Jornal das Oficinas\",\"isPartOf\":{\"@id\":\"https:\\\/\\\/jornaldasoficinas.com\\\/pt\\\/#website\"},\"primaryImageOfPage\":{\"@id\":\"https:\\\/\\\/jornaldasoficinas.com\\\/pt\\\/bosch-previne-risco-de-eletrocucao-em-acidentes-com-eletricos\\\/#primaryimage\"},\"image\":{\"@id\":\"https:\\\/\\\/jornaldasoficinas.com\\\/pt\\\/bosch-previne-risco-de-eletrocucao-em-acidentes-com-eletricos\\\/#primaryimage\"},\"thumbnailUrl\":\"https:\\\/\\\/jornaldasoficinas.com\\\/pt\\\/wp-content\\\/uploads\\\/2019\\\/09\\\/Jornal_das_Oficianas_logo_Bosch.jpg\",\"datePublished\":\"2019-10-01T10:55:05+00:00\",\"dateModified\":\"2023-07-20T15:07:36+00:00\",\"breadcrumb\":{\"@id\":\"https:\\\/\\\/jornaldasoficinas.com\\\/pt\\\/bosch-previne-risco-de-eletrocucao-em-acidentes-com-eletricos\\\/#breadcrumb\"},\"inLanguage\":\"pt-PT\",\"potentialAction\":[{\"@type\":\"ReadAction\",\"target\":[\"https:\\\/\\\/jornaldasoficinas.com\\\/pt\\\/bosch-previne-risco-de-eletrocucao-em-acidentes-com-eletricos\\\/\"]}]},{\"@type\":\"ImageObject\",\"inLanguage\":\"pt-PT\",\"@id\":\"https:\\\/\\\/jornaldasoficinas.com\\\/pt\\\/bosch-previne-risco-de-eletrocucao-em-acidentes-com-eletricos\\\/#primaryimage\",\"url\":\"https:\\\/\\\/jornaldasoficinas.com\\\/pt\\\/wp-content\\\/uploads\\\/2019\\\/09\\\/Jornal_das_Oficianas_logo_Bosch.jpg\",\"contentUrl\":\"https:\\\/\\\/jornaldasoficinas.com\\\/pt\\\/wp-content\\\/uploads\\\/2019\\\/09\\\/Jornal_das_Oficianas_logo_Bosch.jpg\",\"width\":1024,\"height\":581,\"caption\":\"09 - Jornal_das_Oficianas_logo_Bosch\"},{\"@type\":\"BreadcrumbList\",\"@id\":\"https:\\\/\\\/jornaldasoficinas.com\\\/pt\\\/bosch-previne-risco-de-eletrocucao-em-acidentes-com-eletricos\\\/#breadcrumb\",\"itemListElement\":[{\"@type\":\"ListItem\",\"position\":1,\"name\":\"In\u00edcio\",\"item\":\"https:\\\/\\\/jornaldasoficinas.com\\\/pt\\\/\"},{\"@type\":\"ListItem\",\"position\":2,\"name\":\"Bosch previne risco de eletrocu\u00e7\u00e3o em acidentes com el\u00e9tricos\"}]},{\"@type\":\"WebSite\",\"@id\":\"https:\\\/\\\/jornaldasoficinas.com\\\/pt\\\/#website\",\"url\":\"https:\\\/\\\/jornaldasoficinas.com\\\/pt\\\/\",\"name\":\"Jornal das Oficinas\",\"description\":\"Jornal independente do Aftermarket Autom\u00f3vel em Portugal\",\"publisher\":{\"@id\":\"https:\\\/\\\/jornaldasoficinas.com\\\/pt\\\/#organization\"},\"potentialAction\":[{\"@type\":\"SearchAction\",\"target\":{\"@type\":\"EntryPoint\",\"urlTemplate\":\"https:\\\/\\\/jornaldasoficinas.com\\\/pt\\\/?s={search_term_string}\"},\"query-input\":{\"@type\":\"PropertyValueSpecification\",\"valueRequired\":true,\"valueName\":\"search_term_string\"}}],\"inLanguage\":\"pt-PT\"},{\"@type\":\"Organization\",\"@id\":\"https:\\\/\\\/jornaldasoficinas.com\\\/pt\\\/#organization\",\"name\":\"Jornal das Oficinas\",\"url\":\"https:\\\/\\\/jornaldasoficinas.com\\\/pt\\\/\",\"logo\":{\"@type\":\"ImageObject\",\"inLanguage\":\"pt-PT\",\"@id\":\"https:\\\/\\\/jornaldasoficinas.com\\\/pt\\\/#\\\/schema\\\/logo\\\/image\\\/\",\"url\":\"https:\\\/\\\/jornaldasoficinas.com\\\/pt\\\/wp-content\\\/uploads\\\/logoJO-SEO.png\",\"contentUrl\":\"https:\\\/\\\/jornaldasoficinas.com\\\/pt\\\/wp-content\\\/uploads\\\/logoJO-SEO.png\",\"width\":285,\"height\":450,\"caption\":\"Jornal das Oficinas\"},\"image\":{\"@id\":\"https:\\\/\\\/jornaldasoficinas.com\\\/pt\\\/#\\\/schema\\\/logo\\\/image\\\/\"},\"sameAs\":[\"https:\\\/\\\/www.facebook.com\\\/jornaloficinas\",\"https:\\\/\\\/x.com\\\/jornaloficinas\",\"https:\\\/\\\/www.instagram.com\\\/jornal_oficinas\\\/\",\"https:\\\/\\\/www.linkedin.com\\\/company\\\/jornal-das-oficinas\\\/\",\"https:\\\/\\\/www.youtube.com\\\/channel\\\/UCbQZBqtcvV-oSQrr7RzINGg\"]},{\"@type\":\"Person\",\"@id\":\"https:\\\/\\\/jornaldasoficinas.com\\\/pt\\\/#\\\/schema\\\/person\\\/a38eef5de2c41d9e7c9ac10141afddf3\",\"name\":\"Reda\u00e7\u00e3o JO\",\"image\":{\"@type\":\"ImageObject\",\"inLanguage\":\"pt-PT\",\"@id\":\"https:\\\/\\\/secure.gravatar.com\\\/avatar\\\/71f2fa71737ad68a84fea94bc708ddac8ea5b0c4788dc2ad202f3ccb2887742f?s=96&d=wp_user_avatar&r=g\",\"url\":\"https:\\\/\\\/secure.gravatar.com\\\/avatar\\\/71f2fa71737ad68a84fea94bc708ddac8ea5b0c4788dc2ad202f3ccb2887742f?s=96&d=wp_user_avatar&r=g\",\"contentUrl\":\"https:\\\/\\\/secure.gravatar.com\\\/avatar\\\/71f2fa71737ad68a84fea94bc708ddac8ea5b0c4788dc2ad202f3ccb2887742f?s=96&d=wp_user_avatar&r=g\",\"caption\":\"Reda\u00e7\u00e3o JO\"},\"url\":\"https:\\\/\\\/jornaldasoficinas.com\\\/pt\\\/author\\\/joredacao\\\/\"}]}<\/script>\n<!-- \/ Yoast SEO plugin. -->","yoast_head_json":{"title":"Bosch previne risco de eletrocu\u00e7\u00e3o em acidentes com el\u00e9tricos - Jornal das Oficinas","robots":{"index":"index","follow":"follow","max-snippet":"max-snippet:-1","max-image-preview":"max-image-preview:large","max-video-preview":"max-video-preview:-1"},"canonical":"https:\/\/jornaldasoficinas.com\/pt\/bosch-previne-risco-de-eletrocucao-em-acidentes-com-eletricos\/","og_locale":"pt_PT","og_type":"article","og_title":"Bosch previne risco de eletrocu\u00e7\u00e3o em acidentes com el\u00e9tricos - Jornal das Oficinas","og_description":"Com cada vez mais ve\u00edculos el\u00e9tricos...","og_url":"https:\/\/jornaldasoficinas.com\/pt\/bosch-previne-risco-de-eletrocucao-em-acidentes-com-eletricos\/","og_site_name":"Jornal das Oficinas","article_publisher":"https:\/\/www.facebook.com\/jornaloficinas","article_published_time":"2019-10-01T10:55:05+00:00","article_modified_time":"2023-07-20T15:07:36+00:00","og_image":[{"width":1024,"height":581,"url":"https:\/\/jornaldasoficinas.com\/pt\/wp-content\/uploads\/2019\/09\/Jornal_das_Oficianas_logo_Bosch.jpg","type":"image\/jpeg"}],"author":"Reda\u00e7\u00e3o JO","twitter_card":"summary_large_image","twitter_creator":"@jornaloficinas","twitter_site":"@jornaloficinas","twitter_misc":{"Escrito por":"Reda\u00e7\u00e3o JO","Tempo estimado de leitura":"3 minutos"},"schema":{"@context":"https:\/\/schema.org","@graph":[{"@type":"Article","@id":"https:\/\/jornaldasoficinas.com\/pt\/bosch-previne-risco-de-eletrocucao-em-acidentes-com-eletricos\/#article","isPartOf":{"@id":"https:\/\/jornaldasoficinas.com\/pt\/bosch-previne-risco-de-eletrocucao-em-acidentes-com-eletricos\/"},"author":{"name":"Reda\u00e7\u00e3o JO","@id":"https:\/\/jornaldasoficinas.com\/pt\/#\/schema\/person\/a38eef5de2c41d9e7c9ac10141afddf3"},"headline":"Bosch previne risco de eletrocu\u00e7\u00e3o em acidentes com el\u00e9tricos","datePublished":"2019-10-01T10:55:05+00:00","dateModified":"2023-07-20T15:07:36+00:00","mainEntityOfPage":{"@id":"https:\/\/jornaldasoficinas.com\/pt\/bosch-previne-risco-de-eletrocucao-em-acidentes-com-eletricos\/"},"wordCount":587,"publisher":{"@id":"https:\/\/jornaldasoficinas.com\/pt\/#organization"},"image":{"@id":"https:\/\/jornaldasoficinas.com\/pt\/bosch-previne-risco-de-eletrocucao-em-acidentes-com-eletricos\/#primaryimage"},"thumbnailUrl":"https:\/\/jornaldasoficinas.com\/pt\/wp-content\/uploads\/2019\/09\/Jornal_das_Oficianas_logo_Bosch.jpg","keywords":["Bosch","Bosch Electronic Service","Ve\u00edculos el\u00e9tricos"],"articleSection":["Empresas"],"inLanguage":"pt-PT"},{"@type":"WebPage","@id":"https:\/\/jornaldasoficinas.com\/pt\/bosch-previne-risco-de-eletrocucao-em-acidentes-com-eletricos\/","url":"https:\/\/jornaldasoficinas.com\/pt\/bosch-previne-risco-de-eletrocucao-em-acidentes-com-eletricos\/","name":"Bosch previne risco de eletrocu\u00e7\u00e3o em acidentes com el\u00e9tricos - Jornal das Oficinas","isPartOf":{"@id":"https:\/\/jornaldasoficinas.com\/pt\/#website"},"primaryImageOfPage":{"@id":"https:\/\/jornaldasoficinas.com\/pt\/bosch-previne-risco-de-eletrocucao-em-acidentes-com-eletricos\/#primaryimage"},"image":{"@id":"https:\/\/jornaldasoficinas.com\/pt\/bosch-previne-risco-de-eletrocucao-em-acidentes-com-eletricos\/#primaryimage"},"thumbnailUrl":"https:\/\/jornaldasoficinas.com\/pt\/wp-content\/uploads\/2019\/09\/Jornal_das_Oficianas_logo_Bosch.jpg","datePublished":"2019-10-01T10:55:05+00:00","dateModified":"2023-07-20T15:07:36+00:00","breadcrumb":{"@id":"https:\/\/jornaldasoficinas.com\/pt\/bosch-previne-risco-de-eletrocucao-em-acidentes-com-eletricos\/#breadcrumb"},"inLanguage":"pt-PT","potentialAction":[{"@type":"ReadAction","target":["https:\/\/jornaldasoficinas.com\/pt\/bosch-previne-risco-de-eletrocucao-em-acidentes-com-eletricos\/"]}]},{"@type":"ImageObject","inLanguage":"pt-PT","@id":"https:\/\/jornaldasoficinas.com\/pt\/bosch-previne-risco-de-eletrocucao-em-acidentes-com-eletricos\/#primaryimage","url":"https:\/\/jornaldasoficinas.com\/pt\/wp-content\/uploads\/2019\/09\/Jornal_das_Oficianas_logo_Bosch.jpg","contentUrl":"https:\/\/jornaldasoficinas.com\/pt\/wp-content\/uploads\/2019\/09\/Jornal_das_Oficianas_logo_Bosch.jpg","width":1024,"height":581,"caption":"09 - Jornal_das_Oficianas_logo_Bosch"},{"@type":"BreadcrumbList","@id":"https:\/\/jornaldasoficinas.com\/pt\/bosch-previne-risco-de-eletrocucao-em-acidentes-com-eletricos\/#breadcrumb","itemListElement":[{"@type":"ListItem","position":1,"name":"In\u00edcio","item":"https:\/\/jornaldasoficinas.com\/pt\/"},{"@type":"ListItem","position":2,"name":"Bosch previne risco de eletrocu\u00e7\u00e3o em acidentes com el\u00e9tricos"}]},{"@type":"WebSite","@id":"https:\/\/jornaldasoficinas.com\/pt\/#website","url":"https:\/\/jornaldasoficinas.com\/pt\/","name":"Jornal das Oficinas","description":"Jornal independente do Aftermarket Autom\u00f3vel em Portugal","publisher":{"@id":"https:\/\/jornaldasoficinas.com\/pt\/#organization"},"potentialAction":[{"@type":"SearchAction","target":{"@type":"EntryPoint","urlTemplate":"https:\/\/jornaldasoficinas.com\/pt\/?s={search_term_string}"},"query-input":{"@type":"PropertyValueSpecification","valueRequired":true,"valueName":"search_term_string"}}],"inLanguage":"pt-PT"},{"@type":"Organization","@id":"https:\/\/jornaldasoficinas.com\/pt\/#organization","name":"Jornal das Oficinas","url":"https:\/\/jornaldasoficinas.com\/pt\/","logo":{"@type":"ImageObject","inLanguage":"pt-PT","@id":"https:\/\/jornaldasoficinas.com\/pt\/#\/schema\/logo\/image\/","url":"https:\/\/jornaldasoficinas.com\/pt\/wp-content\/uploads\/logoJO-SEO.png","contentUrl":"https:\/\/jornaldasoficinas.com\/pt\/wp-content\/uploads\/logoJO-SEO.png","width":285,"height":450,"caption":"Jornal das Oficinas"},"image":{"@id":"https:\/\/jornaldasoficinas.com\/pt\/#\/schema\/logo\/image\/"},"sameAs":["https:\/\/www.facebook.com\/jornaloficinas","https:\/\/x.com\/jornaloficinas","https:\/\/www.instagram.com\/jornal_oficinas\/","https:\/\/www.linkedin.com\/company\/jornal-das-oficinas\/","https:\/\/www.youtube.com\/channel\/UCbQZBqtcvV-oSQrr7RzINGg"]},{"@type":"Person","@id":"https:\/\/jornaldasoficinas.com\/pt\/#\/schema\/person\/a38eef5de2c41d9e7c9ac10141afddf3","name":"Reda\u00e7\u00e3o JO","image":{"@type":"ImageObject","inLanguage":"pt-PT","@id":"https:\/\/secure.gravatar.com\/avatar\/71f2fa71737ad68a84fea94bc708ddac8ea5b0c4788dc2ad202f3ccb2887742f?s=96&d=wp_user_avatar&r=g","url":"https:\/\/secure.gravatar.com\/avatar\/71f2fa71737ad68a84fea94bc708ddac8ea5b0c4788dc2ad202f3ccb2887742f?s=96&d=wp_user_avatar&r=g","contentUrl":"https:\/\/secure.gravatar.com\/avatar\/71f2fa71737ad68a84fea94bc708ddac8ea5b0c4788dc2ad202f3ccb2887742f?s=96&d=wp_user_avatar&r=g","caption":"Reda\u00e7\u00e3o JO"},"url":"https:\/\/jornaldasoficinas.com\/pt\/author\/joredacao\/"}]}},"_links":{"self":[{"href":"https:\/\/jornaldasoficinas.com\/pt\/wp-json\/wp\/v2\/posts\/4030","targetHints":{"allow":["GET"]}}],"collection":[{"href":"https:\/\/jornaldasoficinas.com\/pt\/wp-json\/wp\/v2\/posts"}],"about":[{"href":"https:\/\/jornaldasoficinas.com\/pt\/wp-json\/wp\/v2\/types\/post"}],"author":[{"embeddable":true,"href":"https:\/\/jornaldasoficinas.com\/pt\/wp-json\/wp\/v2\/users\/15"}],"replies":[{"embeddable":true,"href":"https:\/\/jornaldasoficinas.com\/pt\/wp-json\/wp\/v2\/comments?post=4030"}],"version-history":[{"count":0,"href":"https:\/\/jornaldasoficinas.com\/pt\/wp-json\/wp\/v2\/posts\/4030\/revisions"}],"wp:featuredmedia":[{"embeddable":true,"href":"https:\/\/jornaldasoficinas.com\/pt\/wp-json\/wp\/v2\/media\/4032"}],"wp:attachment":[{"href":"https:\/\/jornaldasoficinas.com\/pt\/wp-json\/wp\/v2\/media?parent=4030"}],"wp:term":[{"taxonomy":"category","embeddable":true,"href":"https:\/\/jornaldasoficinas.com\/pt\/wp-json\/wp\/v2\/categories?post=4030"},{"taxonomy":"post_tag","embeddable":true,"href":"https:\/\/jornaldasoficinas.com\/pt\/wp-json\/wp\/v2\/tags?post=4030"}],"curies":[{"name":"wp","href":"https:\/\/api.w.org\/{rel}","templated":true}]}}