{"id":4315,"date":"2019-09-07T12:24:02","date_gmt":"2019-09-07T12:24:02","guid":{"rendered":"https:\/\/jornaldasoficinas.com\/pt\/?p=4315"},"modified":"2019-10-07T20:04:37","modified_gmt":"2019-10-07T20:04:37","slug":"pcc-comercializa-nova-linha-de-pre-inspecao-da-ravaglioli","status":"publish","type":"post","link":"https:\/\/jornaldasoficinas.com\/pt\/pcc-comercializa-nova-linha-de-pre-inspecao-da-ravaglioli\/","title":{"rendered":"PCC comercializa nova linha de pr\u00e9-inspe\u00e7\u00e3o Ravaglioli"},"content":{"rendered":"<p><img loading=\"lazy\" decoding=\"async\" class=\"alignnone wp-image-4316 size-full\" src=\"https:\/\/jornaldasoficinas.com\/pt\/wp-content\/uploads\/2019\/10\/feb3c43b26aae66cdda62b25099030dc_L.jpg\" alt=\"10 - feb3c43b26aae66cdda62b25099030dc_L\" width=\"829\" height=\"466\" srcset=\"https:\/\/jornaldasoficinas.com\/pt\/wp-content\/uploads\/2019\/10\/feb3c43b26aae66cdda62b25099030dc_L.jpg 829w, https:\/\/jornaldasoficinas.com\/pt\/wp-content\/uploads\/2019\/10\/feb3c43b26aae66cdda62b25099030dc_L-150x84.jpg 150w, https:\/\/jornaldasoficinas.com\/pt\/wp-content\/uploads\/2019\/10\/feb3c43b26aae66cdda62b25099030dc_L-300x169.jpg 300w, https:\/\/jornaldasoficinas.com\/pt\/wp-content\/uploads\/2019\/10\/feb3c43b26aae66cdda62b25099030dc_L-768x432.jpg 768w\" sizes=\"auto, (max-width: 829px) 100vw, 829px\" \/><\/p>\n<p><strong>A empresa sediada em Vila Nova de Famalic\u00e3o, especialista em equipamento oficinal, comercializa a nova linha completa de pr\u00e9-inspe\u00e7\u00e3o da marca italiana Ravaglioli, composta por v\u00e1rios componentes.<br \/>\n<\/strong><\/p>\n<p>Profiler Plus, da <a href=\"https:\/\/ravaglioli.com\/en\/\" target=\"_blank\" rel=\"noopener noreferrer\">Ravaglioli<\/a>, \u00e9 um equipamento revolucion\u00e1rio que integra tr\u00eas funcionalidades distintas. De acordo com a <a href=\"http:\/\/www.pcc-lda.pt\/\" target=\"_blank\" rel=\"noopener noreferrer\">PCC<\/a>, s\u00e3o as seguintes:<\/p>\n<p>\u2022 Elevador de Tesoura &#8211; permite ao utilizador realizar uma inspe\u00e7\u00e3o visual ao ve\u00edculo, sendo poss\u00edvel, tamb\u00e9m, efetuar opera\u00e7\u00f5es de matuta\u00e7\u00e3o;<\/p>\n<p>\u2022 Medidor de profundidade de piso pneus (totalmente autom\u00e1tico) &#8211; a profundidade do piso dos pneus \u00e9 medida quando o ve\u00edculo passa por cima do equipamento, estando os resultados da medi\u00e7\u00e3o dispon\u00edveis em segundos;<\/p>\n<p>\u2022 Sistema para verifica\u00e7\u00e3o de alinhamento de dire\u00e7\u00f5es &#8211; atrav\u00e9s do sistema 3D-Quick RAV, \u00e9 poss\u00edvel verificar, r\u00e1pida e eficazmente, a converg\u00eancia e o camber.<\/p>\n","protected":false},"excerpt":{"rendered":"<p>A empresa sediada em Vila Nova&#8230;<\/p>\n","protected":false},"author":15,"featured_media":4316,"comment_status":"closed","ping_status":"closed","sticky":false,"template":"","format":"standard","meta":{"footnotes":""},"categories":[6],"tags":[340,341],"class_list":["post-4315","post","type-post","status-publish","format-standard","has-post-thumbnail","hentry","category-equipamentos","tag-pcc","tag-ravaglioli"],"yoast_head":"<!-- This site is optimized with the Yoast SEO plugin v27.4 - https:\/\/yoast.com\/product\/yoast-seo-wordpress\/ -->\n<title>PCC comercializa nova linha de pr\u00e9-inspe\u00e7\u00e3o Ravaglioli - Jornal das Oficinas<\/title>\n<meta name=\"robots\" content=\"index, follow, max-snippet:-1, max-image-preview:large, max-video-preview:-1\" \/>\n<link rel=\"canonical\" href=\"https:\/\/jornaldasoficinas.com\/pt\/pcc-comercializa-nova-linha-de-pre-inspecao-da-ravaglioli\/\" \/>\n<meta property=\"og:locale\" content=\"pt_PT\" \/>\n<meta property=\"og:type\" content=\"article\" \/>\n<meta property=\"og:title\" content=\"PCC comercializa nova linha de pr\u00e9-inspe\u00e7\u00e3o Ravaglioli - Jornal das Oficinas\" \/>\n<meta property=\"og:description\" content=\"A empresa sediada em Vila Nova...\" \/>\n<meta property=\"og:url\" content=\"https:\/\/jornaldasoficinas.com\/pt\/pcc-comercializa-nova-linha-de-pre-inspecao-da-ravaglioli\/\" \/>\n<meta property=\"og:site_name\" content=\"Jornal das Oficinas\" \/>\n<meta property=\"article:publisher\" content=\"https:\/\/www.facebook.com\/jornaloficinas\" \/>\n<meta property=\"article:published_time\" content=\"2019-09-07T12:24:02+00:00\" \/>\n<meta property=\"article:modified_time\" content=\"2019-10-07T20:04:37+00:00\" \/>\n<meta property=\"og:image\" content=\"https:\/\/jornaldasoficinas.com\/pt\/wp-content\/uploads\/2019\/10\/feb3c43b26aae66cdda62b25099030dc_L.jpg\" \/>\n\t<meta property=\"og:image:width\" content=\"829\" \/>\n\t<meta property=\"og:image:height\" content=\"466\" \/>\n\t<meta property=\"og:image:type\" content=\"image\/jpeg\" \/>\n<meta name=\"author\" content=\"Reda\u00e7\u00e3o JO\" \/>\n<meta name=\"twitter:card\" content=\"summary_large_image\" \/>\n<meta name=\"twitter:creator\" content=\"@jornaloficinas\" \/>\n<meta name=\"twitter:site\" content=\"@jornaloficinas\" \/>\n<meta name=\"twitter:label1\" content=\"Escrito por\" \/>\n\t<meta name=\"twitter:data1\" content=\"Reda\u00e7\u00e3o JO\" \/>\n\t<meta name=\"twitter:label2\" content=\"Tempo estimado de leitura\" \/>\n\t<meta name=\"twitter:data2\" content=\"1 minuto\" \/>\n<script type=\"application\/ld+json\" class=\"yoast-schema-graph\">{\"@context\":\"https:\\\/\\\/schema.org\",\"@graph\":[{\"@type\":\"Article\",\"@id\":\"https:\\\/\\\/jornaldasoficinas.com\\\/pt\\\/pcc-comercializa-nova-linha-de-pre-inspecao-da-ravaglioli\\\/#article\",\"isPartOf\":{\"@id\":\"https:\\\/\\\/jornaldasoficinas.com\\\/pt\\\/pcc-comercializa-nova-linha-de-pre-inspecao-da-ravaglioli\\\/\"},\"author\":{\"name\":\"Reda\u00e7\u00e3o JO\",\"@id\":\"https:\\\/\\\/jornaldasoficinas.com\\\/pt\\\/#\\\/schema\\\/person\\\/a38eef5de2c41d9e7c9ac10141afddf3\"},\"headline\":\"PCC comercializa nova linha de pr\u00e9-inspe\u00e7\u00e3o Ravaglioli\",\"datePublished\":\"2019-09-07T12:24:02+00:00\",\"dateModified\":\"2019-10-07T20:04:37+00:00\",\"mainEntityOfPage\":{\"@id\":\"https:\\\/\\\/jornaldasoficinas.com\\\/pt\\\/pcc-comercializa-nova-linha-de-pre-inspecao-da-ravaglioli\\\/\"},\"wordCount\":154,\"publisher\":{\"@id\":\"https:\\\/\\\/jornaldasoficinas.com\\\/pt\\\/#organization\"},\"image\":{\"@id\":\"https:\\\/\\\/jornaldasoficinas.com\\\/pt\\\/pcc-comercializa-nova-linha-de-pre-inspecao-da-ravaglioli\\\/#primaryimage\"},\"thumbnailUrl\":\"https:\\\/\\\/jornaldasoficinas.com\\\/pt\\\/wp-content\\\/uploads\\\/2019\\\/10\\\/feb3c43b26aae66cdda62b25099030dc_L.jpg\",\"keywords\":[\"PCC\",\"Ravaglioli\"],\"articleSection\":[\"Equipamentos\"],\"inLanguage\":\"pt-PT\"},{\"@type\":\"WebPage\",\"@id\":\"https:\\\/\\\/jornaldasoficinas.com\\\/pt\\\/pcc-comercializa-nova-linha-de-pre-inspecao-da-ravaglioli\\\/\",\"url\":\"https:\\\/\\\/jornaldasoficinas.com\\\/pt\\\/pcc-comercializa-nova-linha-de-pre-inspecao-da-ravaglioli\\\/\",\"name\":\"PCC comercializa nova linha de pr\u00e9-inspe\u00e7\u00e3o Ravaglioli - Jornal das Oficinas\",\"isPartOf\":{\"@id\":\"https:\\\/\\\/jornaldasoficinas.com\\\/pt\\\/#website\"},\"primaryImageOfPage\":{\"@id\":\"https:\\\/\\\/jornaldasoficinas.com\\\/pt\\\/pcc-comercializa-nova-linha-de-pre-inspecao-da-ravaglioli\\\/#primaryimage\"},\"image\":{\"@id\":\"https:\\\/\\\/jornaldasoficinas.com\\\/pt\\\/pcc-comercializa-nova-linha-de-pre-inspecao-da-ravaglioli\\\/#primaryimage\"},\"thumbnailUrl\":\"https:\\\/\\\/jornaldasoficinas.com\\\/pt\\\/wp-content\\\/uploads\\\/2019\\\/10\\\/feb3c43b26aae66cdda62b25099030dc_L.jpg\",\"datePublished\":\"2019-09-07T12:24:02+00:00\",\"dateModified\":\"2019-10-07T20:04:37+00:00\",\"breadcrumb\":{\"@id\":\"https:\\\/\\\/jornaldasoficinas.com\\\/pt\\\/pcc-comercializa-nova-linha-de-pre-inspecao-da-ravaglioli\\\/#breadcrumb\"},\"inLanguage\":\"pt-PT\",\"potentialAction\":[{\"@type\":\"ReadAction\",\"target\":[\"https:\\\/\\\/jornaldasoficinas.com\\\/pt\\\/pcc-comercializa-nova-linha-de-pre-inspecao-da-ravaglioli\\\/\"]}]},{\"@type\":\"ImageObject\",\"inLanguage\":\"pt-PT\",\"@id\":\"https:\\\/\\\/jornaldasoficinas.com\\\/pt\\\/pcc-comercializa-nova-linha-de-pre-inspecao-da-ravaglioli\\\/#primaryimage\",\"url\":\"https:\\\/\\\/jornaldasoficinas.com\\\/pt\\\/wp-content\\\/uploads\\\/2019\\\/10\\\/feb3c43b26aae66cdda62b25099030dc_L.jpg\",\"contentUrl\":\"https:\\\/\\\/jornaldasoficinas.com\\\/pt\\\/wp-content\\\/uploads\\\/2019\\\/10\\\/feb3c43b26aae66cdda62b25099030dc_L.jpg\",\"width\":829,\"height\":466,\"caption\":\"10 - feb3c43b26aae66cdda62b25099030dc_L\"},{\"@type\":\"BreadcrumbList\",\"@id\":\"https:\\\/\\\/jornaldasoficinas.com\\\/pt\\\/pcc-comercializa-nova-linha-de-pre-inspecao-da-ravaglioli\\\/#breadcrumb\",\"itemListElement\":[{\"@type\":\"ListItem\",\"position\":1,\"name\":\"In\u00edcio\",\"item\":\"https:\\\/\\\/jornaldasoficinas.com\\\/pt\\\/\"},{\"@type\":\"ListItem\",\"position\":2,\"name\":\"PCC comercializa nova linha de pr\u00e9-inspe\u00e7\u00e3o Ravaglioli\"}]},{\"@type\":\"WebSite\",\"@id\":\"https:\\\/\\\/jornaldasoficinas.com\\\/pt\\\/#website\",\"url\":\"https:\\\/\\\/jornaldasoficinas.com\\\/pt\\\/\",\"name\":\"Jornal das Oficinas\",\"description\":\"Jornal independente do Aftermarket Autom\u00f3vel em Portugal\",\"publisher\":{\"@id\":\"https:\\\/\\\/jornaldasoficinas.com\\\/pt\\\/#organization\"},\"potentialAction\":[{\"@type\":\"SearchAction\",\"target\":{\"@type\":\"EntryPoint\",\"urlTemplate\":\"https:\\\/\\\/jornaldasoficinas.com\\\/pt\\\/?s={search_term_string}\"},\"query-input\":{\"@type\":\"PropertyValueSpecification\",\"valueRequired\":true,\"valueName\":\"search_term_string\"}}],\"inLanguage\":\"pt-PT\"},{\"@type\":\"Organization\",\"@id\":\"https:\\\/\\\/jornaldasoficinas.com\\\/pt\\\/#organization\",\"name\":\"Jornal das Oficinas\",\"url\":\"https:\\\/\\\/jornaldasoficinas.com\\\/pt\\\/\",\"logo\":{\"@type\":\"ImageObject\",\"inLanguage\":\"pt-PT\",\"@id\":\"https:\\\/\\\/jornaldasoficinas.com\\\/pt\\\/#\\\/schema\\\/logo\\\/image\\\/\",\"url\":\"https:\\\/\\\/jornaldasoficinas.com\\\/pt\\\/wp-content\\\/uploads\\\/logoJO-SEO.png\",\"contentUrl\":\"https:\\\/\\\/jornaldasoficinas.com\\\/pt\\\/wp-content\\\/uploads\\\/logoJO-SEO.png\",\"width\":285,\"height\":450,\"caption\":\"Jornal das Oficinas\"},\"image\":{\"@id\":\"https:\\\/\\\/jornaldasoficinas.com\\\/pt\\\/#\\\/schema\\\/logo\\\/image\\\/\"},\"sameAs\":[\"https:\\\/\\\/www.facebook.com\\\/jornaloficinas\",\"https:\\\/\\\/x.com\\\/jornaloficinas\",\"https:\\\/\\\/www.instagram.com\\\/jornal_oficinas\\\/\",\"https:\\\/\\\/www.linkedin.com\\\/company\\\/jornal-das-oficinas\\\/\",\"https:\\\/\\\/www.youtube.com\\\/channel\\\/UCbQZBqtcvV-oSQrr7RzINGg\"]},{\"@type\":\"Person\",\"@id\":\"https:\\\/\\\/jornaldasoficinas.com\\\/pt\\\/#\\\/schema\\\/person\\\/a38eef5de2c41d9e7c9ac10141afddf3\",\"name\":\"Reda\u00e7\u00e3o JO\",\"image\":{\"@type\":\"ImageObject\",\"inLanguage\":\"pt-PT\",\"@id\":\"https:\\\/\\\/secure.gravatar.com\\\/avatar\\\/71f2fa71737ad68a84fea94bc708ddac8ea5b0c4788dc2ad202f3ccb2887742f?s=96&d=wp_user_avatar&r=g\",\"url\":\"https:\\\/\\\/secure.gravatar.com\\\/avatar\\\/71f2fa71737ad68a84fea94bc708ddac8ea5b0c4788dc2ad202f3ccb2887742f?s=96&d=wp_user_avatar&r=g\",\"contentUrl\":\"https:\\\/\\\/secure.gravatar.com\\\/avatar\\\/71f2fa71737ad68a84fea94bc708ddac8ea5b0c4788dc2ad202f3ccb2887742f?s=96&d=wp_user_avatar&r=g\",\"caption\":\"Reda\u00e7\u00e3o JO\"},\"url\":\"https:\\\/\\\/jornaldasoficinas.com\\\/pt\\\/author\\\/joredacao\\\/\"}]}<\/script>\n<!-- \/ Yoast SEO plugin. -->","yoast_head_json":{"title":"PCC comercializa nova linha de pr\u00e9-inspe\u00e7\u00e3o Ravaglioli - Jornal das Oficinas","robots":{"index":"index","follow":"follow","max-snippet":"max-snippet:-1","max-image-preview":"max-image-preview:large","max-video-preview":"max-video-preview:-1"},"canonical":"https:\/\/jornaldasoficinas.com\/pt\/pcc-comercializa-nova-linha-de-pre-inspecao-da-ravaglioli\/","og_locale":"pt_PT","og_type":"article","og_title":"PCC comercializa nova linha de pr\u00e9-inspe\u00e7\u00e3o Ravaglioli - Jornal das Oficinas","og_description":"A empresa sediada em Vila Nova...","og_url":"https:\/\/jornaldasoficinas.com\/pt\/pcc-comercializa-nova-linha-de-pre-inspecao-da-ravaglioli\/","og_site_name":"Jornal das Oficinas","article_publisher":"https:\/\/www.facebook.com\/jornaloficinas","article_published_time":"2019-09-07T12:24:02+00:00","article_modified_time":"2019-10-07T20:04:37+00:00","og_image":[{"width":829,"height":466,"url":"https:\/\/jornaldasoficinas.com\/pt\/wp-content\/uploads\/2019\/10\/feb3c43b26aae66cdda62b25099030dc_L.jpg","type":"image\/jpeg"}],"author":"Reda\u00e7\u00e3o JO","twitter_card":"summary_large_image","twitter_creator":"@jornaloficinas","twitter_site":"@jornaloficinas","twitter_misc":{"Escrito por":"Reda\u00e7\u00e3o JO","Tempo estimado de leitura":"1 minuto"},"schema":{"@context":"https:\/\/schema.org","@graph":[{"@type":"Article","@id":"https:\/\/jornaldasoficinas.com\/pt\/pcc-comercializa-nova-linha-de-pre-inspecao-da-ravaglioli\/#article","isPartOf":{"@id":"https:\/\/jornaldasoficinas.com\/pt\/pcc-comercializa-nova-linha-de-pre-inspecao-da-ravaglioli\/"},"author":{"name":"Reda\u00e7\u00e3o JO","@id":"https:\/\/jornaldasoficinas.com\/pt\/#\/schema\/person\/a38eef5de2c41d9e7c9ac10141afddf3"},"headline":"PCC comercializa nova linha de pr\u00e9-inspe\u00e7\u00e3o Ravaglioli","datePublished":"2019-09-07T12:24:02+00:00","dateModified":"2019-10-07T20:04:37+00:00","mainEntityOfPage":{"@id":"https:\/\/jornaldasoficinas.com\/pt\/pcc-comercializa-nova-linha-de-pre-inspecao-da-ravaglioli\/"},"wordCount":154,"publisher":{"@id":"https:\/\/jornaldasoficinas.com\/pt\/#organization"},"image":{"@id":"https:\/\/jornaldasoficinas.com\/pt\/pcc-comercializa-nova-linha-de-pre-inspecao-da-ravaglioli\/#primaryimage"},"thumbnailUrl":"https:\/\/jornaldasoficinas.com\/pt\/wp-content\/uploads\/2019\/10\/feb3c43b26aae66cdda62b25099030dc_L.jpg","keywords":["PCC","Ravaglioli"],"articleSection":["Equipamentos"],"inLanguage":"pt-PT"},{"@type":"WebPage","@id":"https:\/\/jornaldasoficinas.com\/pt\/pcc-comercializa-nova-linha-de-pre-inspecao-da-ravaglioli\/","url":"https:\/\/jornaldasoficinas.com\/pt\/pcc-comercializa-nova-linha-de-pre-inspecao-da-ravaglioli\/","name":"PCC comercializa nova linha de pr\u00e9-inspe\u00e7\u00e3o Ravaglioli - Jornal das Oficinas","isPartOf":{"@id":"https:\/\/jornaldasoficinas.com\/pt\/#website"},"primaryImageOfPage":{"@id":"https:\/\/jornaldasoficinas.com\/pt\/pcc-comercializa-nova-linha-de-pre-inspecao-da-ravaglioli\/#primaryimage"},"image":{"@id":"https:\/\/jornaldasoficinas.com\/pt\/pcc-comercializa-nova-linha-de-pre-inspecao-da-ravaglioli\/#primaryimage"},"thumbnailUrl":"https:\/\/jornaldasoficinas.com\/pt\/wp-content\/uploads\/2019\/10\/feb3c43b26aae66cdda62b25099030dc_L.jpg","datePublished":"2019-09-07T12:24:02+00:00","dateModified":"2019-10-07T20:04:37+00:00","breadcrumb":{"@id":"https:\/\/jornaldasoficinas.com\/pt\/pcc-comercializa-nova-linha-de-pre-inspecao-da-ravaglioli\/#breadcrumb"},"inLanguage":"pt-PT","potentialAction":[{"@type":"ReadAction","target":["https:\/\/jornaldasoficinas.com\/pt\/pcc-comercializa-nova-linha-de-pre-inspecao-da-ravaglioli\/"]}]},{"@type":"ImageObject","inLanguage":"pt-PT","@id":"https:\/\/jornaldasoficinas.com\/pt\/pcc-comercializa-nova-linha-de-pre-inspecao-da-ravaglioli\/#primaryimage","url":"https:\/\/jornaldasoficinas.com\/pt\/wp-content\/uploads\/2019\/10\/feb3c43b26aae66cdda62b25099030dc_L.jpg","contentUrl":"https:\/\/jornaldasoficinas.com\/pt\/wp-content\/uploads\/2019\/10\/feb3c43b26aae66cdda62b25099030dc_L.jpg","width":829,"height":466,"caption":"10 - feb3c43b26aae66cdda62b25099030dc_L"},{"@type":"BreadcrumbList","@id":"https:\/\/jornaldasoficinas.com\/pt\/pcc-comercializa-nova-linha-de-pre-inspecao-da-ravaglioli\/#breadcrumb","itemListElement":[{"@type":"ListItem","position":1,"name":"In\u00edcio","item":"https:\/\/jornaldasoficinas.com\/pt\/"},{"@type":"ListItem","position":2,"name":"PCC comercializa nova linha de pr\u00e9-inspe\u00e7\u00e3o Ravaglioli"}]},{"@type":"WebSite","@id":"https:\/\/jornaldasoficinas.com\/pt\/#website","url":"https:\/\/jornaldasoficinas.com\/pt\/","name":"Jornal das Oficinas","description":"Jornal independente do Aftermarket Autom\u00f3vel em Portugal","publisher":{"@id":"https:\/\/jornaldasoficinas.com\/pt\/#organization"},"potentialAction":[{"@type":"SearchAction","target":{"@type":"EntryPoint","urlTemplate":"https:\/\/jornaldasoficinas.com\/pt\/?s={search_term_string}"},"query-input":{"@type":"PropertyValueSpecification","valueRequired":true,"valueName":"search_term_string"}}],"inLanguage":"pt-PT"},{"@type":"Organization","@id":"https:\/\/jornaldasoficinas.com\/pt\/#organization","name":"Jornal das Oficinas","url":"https:\/\/jornaldasoficinas.com\/pt\/","logo":{"@type":"ImageObject","inLanguage":"pt-PT","@id":"https:\/\/jornaldasoficinas.com\/pt\/#\/schema\/logo\/image\/","url":"https:\/\/jornaldasoficinas.com\/pt\/wp-content\/uploads\/logoJO-SEO.png","contentUrl":"https:\/\/jornaldasoficinas.com\/pt\/wp-content\/uploads\/logoJO-SEO.png","width":285,"height":450,"caption":"Jornal das Oficinas"},"image":{"@id":"https:\/\/jornaldasoficinas.com\/pt\/#\/schema\/logo\/image\/"},"sameAs":["https:\/\/www.facebook.com\/jornaloficinas","https:\/\/x.com\/jornaloficinas","https:\/\/www.instagram.com\/jornal_oficinas\/","https:\/\/www.linkedin.com\/company\/jornal-das-oficinas\/","https:\/\/www.youtube.com\/channel\/UCbQZBqtcvV-oSQrr7RzINGg"]},{"@type":"Person","@id":"https:\/\/jornaldasoficinas.com\/pt\/#\/schema\/person\/a38eef5de2c41d9e7c9ac10141afddf3","name":"Reda\u00e7\u00e3o JO","image":{"@type":"ImageObject","inLanguage":"pt-PT","@id":"https:\/\/secure.gravatar.com\/avatar\/71f2fa71737ad68a84fea94bc708ddac8ea5b0c4788dc2ad202f3ccb2887742f?s=96&d=wp_user_avatar&r=g","url":"https:\/\/secure.gravatar.com\/avatar\/71f2fa71737ad68a84fea94bc708ddac8ea5b0c4788dc2ad202f3ccb2887742f?s=96&d=wp_user_avatar&r=g","contentUrl":"https:\/\/secure.gravatar.com\/avatar\/71f2fa71737ad68a84fea94bc708ddac8ea5b0c4788dc2ad202f3ccb2887742f?s=96&d=wp_user_avatar&r=g","caption":"Reda\u00e7\u00e3o JO"},"url":"https:\/\/jornaldasoficinas.com\/pt\/author\/joredacao\/"}]}},"_links":{"self":[{"href":"https:\/\/jornaldasoficinas.com\/pt\/wp-json\/wp\/v2\/posts\/4315","targetHints":{"allow":["GET"]}}],"collection":[{"href":"https:\/\/jornaldasoficinas.com\/pt\/wp-json\/wp\/v2\/posts"}],"about":[{"href":"https:\/\/jornaldasoficinas.com\/pt\/wp-json\/wp\/v2\/types\/post"}],"author":[{"embeddable":true,"href":"https:\/\/jornaldasoficinas.com\/pt\/wp-json\/wp\/v2\/users\/15"}],"replies":[{"embeddable":true,"href":"https:\/\/jornaldasoficinas.com\/pt\/wp-json\/wp\/v2\/comments?post=4315"}],"version-history":[{"count":0,"href":"https:\/\/jornaldasoficinas.com\/pt\/wp-json\/wp\/v2\/posts\/4315\/revisions"}],"wp:featuredmedia":[{"embeddable":true,"href":"https:\/\/jornaldasoficinas.com\/pt\/wp-json\/wp\/v2\/media\/4316"}],"wp:attachment":[{"href":"https:\/\/jornaldasoficinas.com\/pt\/wp-json\/wp\/v2\/media?parent=4315"}],"wp:term":[{"taxonomy":"category","embeddable":true,"href":"https:\/\/jornaldasoficinas.com\/pt\/wp-json\/wp\/v2\/categories?post=4315"},{"taxonomy":"post_tag","embeddable":true,"href":"https:\/\/jornaldasoficinas.com\/pt\/wp-json\/wp\/v2\/tags?post=4315"}],"curies":[{"name":"wp","href":"https:\/\/api.w.org\/{rel}","templated":true}]}}