{"id":4359,"date":"2019-09-05T14:24:06","date_gmt":"2019-09-05T14:24:06","guid":{"rendered":"https:\/\/jornaldasoficinas.com\/pt\/?p=4359"},"modified":"2019-10-07T21:13:03","modified_gmt":"2019-10-07T21:13:03","slug":"adas-veiculos-autonomos-ao-virar-da-esquina","status":"publish","type":"post","link":"https:\/\/jornaldasoficinas.com\/pt\/adas-veiculos-autonomos-ao-virar-da-esquina\/","title":{"rendered":"ADAS: ve\u00edculos aut\u00f3nomos ao virar da esquina"},"content":{"rendered":"<p><img loading=\"lazy\" decoding=\"async\" class=\"alignnone wp-image-4358 size-full\" src=\"https:\/\/jornaldasoficinas.com\/pt\/wp-content\/uploads\/2019\/10\/Jornal_das_OficinasTEXA_RCCS2_SoluzioneCompleta.jpg\" alt=\"10 - Jornal_das_OficinasTEXA_RCCS2_SoluzioneCompleta\" width=\"1024\" height=\"581\" srcset=\"https:\/\/jornaldasoficinas.com\/pt\/wp-content\/uploads\/2019\/10\/Jornal_das_OficinasTEXA_RCCS2_SoluzioneCompleta.jpg 1024w, https:\/\/jornaldasoficinas.com\/pt\/wp-content\/uploads\/2019\/10\/Jornal_das_OficinasTEXA_RCCS2_SoluzioneCompleta-150x85.jpg 150w, https:\/\/jornaldasoficinas.com\/pt\/wp-content\/uploads\/2019\/10\/Jornal_das_OficinasTEXA_RCCS2_SoluzioneCompleta-300x170.jpg 300w, https:\/\/jornaldasoficinas.com\/pt\/wp-content\/uploads\/2019\/10\/Jornal_das_OficinasTEXA_RCCS2_SoluzioneCompleta-768x436.jpg 768w\" sizes=\"auto, (max-width: 1024px) 100vw, 1024px\" \/><\/p>\n<p><strong>Vivemos na era da tecnologia. E os ve\u00edculos n\u00e3o s\u00e3o exce\u00e7\u00e3o. Apesar de Portugal ter um parque autom\u00f3vel envelhecido, cada vez mais circulam modelos equipados com ADAS, que, para al\u00e9m de auxiliarem os condutores no estacionamento, podem evitar acidentes.<\/strong><\/p>\n<p>Ouvimos falar muito em ADAS. Mas saberemos realmente o que significam? A sigla ADAS prov\u00e9m do ingl\u00eas Advanced Driver Assistance Systems, ou seja, Sistemas Avan\u00e7ados de Assist\u00eancia ao Condutor.<\/p>\n<p>Estes sistemas podem ir do mais simples, como sensores de estacionamento, que nos avisam da proximidade do obst\u00e1culo que se encontra na traseira do ve\u00edculo, at\u00e9 aos mais complexos, que atuam na dire\u00e7\u00e3o do ve\u00edculo e at\u00e9 detetam obst\u00e1culos que se encontram no caminho, bem como interpretam sinais de tr\u00e2nsito.<\/p>\n<p>Est\u00e1, assim, dado o primeiro passo na dire\u00e7\u00e3o do ve\u00edculo aut\u00f3nomo. Caso o autom\u00f3vel integre mais do que um destes sistemas, todos eles comunicam entre si, o que poder\u00e1 causar problemas \u00e0s oficinas.<\/p>\n<p>Por exemplo, no caso da substitui\u00e7\u00e3o de um vidro ou de um para-choques, \u00e9 necess\u00e1rio que os sensores sejam colocados nos s\u00edtios corretos e, posteriormente, calibrados.<\/p>\n<p>Leia o artigo completo na <a href=\"https:\/\/www.yumpu.com\/pt\/document\/fullscreen\/62760042\/jornal-das-oficinas-165\/08\" target=\"_blank\" rel=\"noopener noreferrer\">edi\u00e7\u00e3o de agosto de 2019 do Jornal das Oficinas<\/a>.<\/p>\n","protected":false},"excerpt":{"rendered":"<p>Vivemos na era da tecnologia. E&#8230;<\/p>\n","protected":false},"author":15,"featured_media":4358,"comment_status":"closed","ping_status":"closed","sticky":false,"template":"","format":"standard","meta":{"footnotes":""},"categories":[118],"tags":[344,336,350],"class_list":["post-4359","post","type-post","status-publish","format-standard","has-post-thumbnail","hentry","category-oficina-4-0","tag-adas","tag-digitalizacao","tag-oficina-4-0"],"yoast_head":"<!-- This site is optimized with the Yoast SEO plugin v27.4 - https:\/\/yoast.com\/product\/yoast-seo-wordpress\/ -->\n<title>ADAS: ve\u00edculos aut\u00f3nomos ao virar da esquina - Jornal das Oficinas<\/title>\n<meta name=\"robots\" content=\"index, follow, max-snippet:-1, max-image-preview:large, max-video-preview:-1\" \/>\n<link rel=\"canonical\" href=\"https:\/\/jornaldasoficinas.com\/pt\/adas-veiculos-autonomos-ao-virar-da-esquina\/\" \/>\n<meta property=\"og:locale\" content=\"pt_PT\" \/>\n<meta property=\"og:type\" content=\"article\" \/>\n<meta property=\"og:title\" content=\"ADAS: ve\u00edculos aut\u00f3nomos ao virar da esquina - Jornal das Oficinas\" \/>\n<meta property=\"og:description\" content=\"Vivemos na era da tecnologia. E...\" \/>\n<meta property=\"og:url\" content=\"https:\/\/jornaldasoficinas.com\/pt\/adas-veiculos-autonomos-ao-virar-da-esquina\/\" \/>\n<meta property=\"og:site_name\" content=\"Jornal das Oficinas\" \/>\n<meta property=\"article:publisher\" content=\"https:\/\/www.facebook.com\/jornaloficinas\" \/>\n<meta property=\"article:published_time\" content=\"2019-09-05T14:24:06+00:00\" \/>\n<meta property=\"article:modified_time\" content=\"2019-10-07T21:13:03+00:00\" \/>\n<meta property=\"og:image\" content=\"https:\/\/jornaldasoficinas.com\/pt\/wp-content\/uploads\/2019\/10\/Jornal_das_OficinasTEXA_RCCS2_SoluzioneCompleta.jpg\" \/>\n\t<meta property=\"og:image:width\" content=\"1024\" \/>\n\t<meta property=\"og:image:height\" content=\"581\" \/>\n\t<meta property=\"og:image:type\" content=\"image\/jpeg\" \/>\n<meta name=\"author\" content=\"Reda\u00e7\u00e3o JO\" \/>\n<meta name=\"twitter:card\" content=\"summary_large_image\" \/>\n<meta name=\"twitter:creator\" content=\"@jornaloficinas\" \/>\n<meta name=\"twitter:site\" content=\"@jornaloficinas\" \/>\n<meta name=\"twitter:label1\" content=\"Escrito por\" \/>\n\t<meta name=\"twitter:data1\" content=\"Reda\u00e7\u00e3o JO\" \/>\n\t<meta name=\"twitter:label2\" content=\"Tempo estimado de leitura\" \/>\n\t<meta name=\"twitter:data2\" content=\"1 minuto\" \/>\n<script type=\"application\/ld+json\" class=\"yoast-schema-graph\">{\"@context\":\"https:\\\/\\\/schema.org\",\"@graph\":[{\"@type\":\"Article\",\"@id\":\"https:\\\/\\\/jornaldasoficinas.com\\\/pt\\\/adas-veiculos-autonomos-ao-virar-da-esquina\\\/#article\",\"isPartOf\":{\"@id\":\"https:\\\/\\\/jornaldasoficinas.com\\\/pt\\\/adas-veiculos-autonomos-ao-virar-da-esquina\\\/\"},\"author\":{\"name\":\"Reda\u00e7\u00e3o JO\",\"@id\":\"https:\\\/\\\/jornaldasoficinas.com\\\/pt\\\/#\\\/schema\\\/person\\\/a38eef5de2c41d9e7c9ac10141afddf3\"},\"headline\":\"ADAS: ve\u00edculos aut\u00f3nomos ao virar da esquina\",\"datePublished\":\"2019-09-05T14:24:06+00:00\",\"dateModified\":\"2019-10-07T21:13:03+00:00\",\"mainEntityOfPage\":{\"@id\":\"https:\\\/\\\/jornaldasoficinas.com\\\/pt\\\/adas-veiculos-autonomos-ao-virar-da-esquina\\\/\"},\"wordCount\":222,\"publisher\":{\"@id\":\"https:\\\/\\\/jornaldasoficinas.com\\\/pt\\\/#organization\"},\"image\":{\"@id\":\"https:\\\/\\\/jornaldasoficinas.com\\\/pt\\\/adas-veiculos-autonomos-ao-virar-da-esquina\\\/#primaryimage\"},\"thumbnailUrl\":\"https:\\\/\\\/jornaldasoficinas.com\\\/pt\\\/wp-content\\\/uploads\\\/2019\\\/10\\\/Jornal_das_OficinasTEXA_RCCS2_SoluzioneCompleta.jpg\",\"keywords\":[\"ADAS\",\"Digitaliza\u00e7\u00e3o\",\"oficina 4.0\"],\"articleSection\":[\"Oficina 4.0\"],\"inLanguage\":\"pt-PT\"},{\"@type\":\"WebPage\",\"@id\":\"https:\\\/\\\/jornaldasoficinas.com\\\/pt\\\/adas-veiculos-autonomos-ao-virar-da-esquina\\\/\",\"url\":\"https:\\\/\\\/jornaldasoficinas.com\\\/pt\\\/adas-veiculos-autonomos-ao-virar-da-esquina\\\/\",\"name\":\"ADAS: ve\u00edculos aut\u00f3nomos ao virar da esquina - Jornal das Oficinas\",\"isPartOf\":{\"@id\":\"https:\\\/\\\/jornaldasoficinas.com\\\/pt\\\/#website\"},\"primaryImageOfPage\":{\"@id\":\"https:\\\/\\\/jornaldasoficinas.com\\\/pt\\\/adas-veiculos-autonomos-ao-virar-da-esquina\\\/#primaryimage\"},\"image\":{\"@id\":\"https:\\\/\\\/jornaldasoficinas.com\\\/pt\\\/adas-veiculos-autonomos-ao-virar-da-esquina\\\/#primaryimage\"},\"thumbnailUrl\":\"https:\\\/\\\/jornaldasoficinas.com\\\/pt\\\/wp-content\\\/uploads\\\/2019\\\/10\\\/Jornal_das_OficinasTEXA_RCCS2_SoluzioneCompleta.jpg\",\"datePublished\":\"2019-09-05T14:24:06+00:00\",\"dateModified\":\"2019-10-07T21:13:03+00:00\",\"breadcrumb\":{\"@id\":\"https:\\\/\\\/jornaldasoficinas.com\\\/pt\\\/adas-veiculos-autonomos-ao-virar-da-esquina\\\/#breadcrumb\"},\"inLanguage\":\"pt-PT\",\"potentialAction\":[{\"@type\":\"ReadAction\",\"target\":[\"https:\\\/\\\/jornaldasoficinas.com\\\/pt\\\/adas-veiculos-autonomos-ao-virar-da-esquina\\\/\"]}]},{\"@type\":\"ImageObject\",\"inLanguage\":\"pt-PT\",\"@id\":\"https:\\\/\\\/jornaldasoficinas.com\\\/pt\\\/adas-veiculos-autonomos-ao-virar-da-esquina\\\/#primaryimage\",\"url\":\"https:\\\/\\\/jornaldasoficinas.com\\\/pt\\\/wp-content\\\/uploads\\\/2019\\\/10\\\/Jornal_das_OficinasTEXA_RCCS2_SoluzioneCompleta.jpg\",\"contentUrl\":\"https:\\\/\\\/jornaldasoficinas.com\\\/pt\\\/wp-content\\\/uploads\\\/2019\\\/10\\\/Jornal_das_OficinasTEXA_RCCS2_SoluzioneCompleta.jpg\",\"width\":1024,\"height\":581,\"caption\":\"10 - Jornal_das_OficinasTEXA_RCCS2_SoluzioneCompleta\"},{\"@type\":\"BreadcrumbList\",\"@id\":\"https:\\\/\\\/jornaldasoficinas.com\\\/pt\\\/adas-veiculos-autonomos-ao-virar-da-esquina\\\/#breadcrumb\",\"itemListElement\":[{\"@type\":\"ListItem\",\"position\":1,\"name\":\"In\u00edcio\",\"item\":\"https:\\\/\\\/jornaldasoficinas.com\\\/pt\\\/\"},{\"@type\":\"ListItem\",\"position\":2,\"name\":\"ADAS: ve\u00edculos aut\u00f3nomos ao virar da esquina\"}]},{\"@type\":\"WebSite\",\"@id\":\"https:\\\/\\\/jornaldasoficinas.com\\\/pt\\\/#website\",\"url\":\"https:\\\/\\\/jornaldasoficinas.com\\\/pt\\\/\",\"name\":\"Jornal das Oficinas\",\"description\":\"Jornal independente do Aftermarket Autom\u00f3vel em Portugal\",\"publisher\":{\"@id\":\"https:\\\/\\\/jornaldasoficinas.com\\\/pt\\\/#organization\"},\"potentialAction\":[{\"@type\":\"SearchAction\",\"target\":{\"@type\":\"EntryPoint\",\"urlTemplate\":\"https:\\\/\\\/jornaldasoficinas.com\\\/pt\\\/?s={search_term_string}\"},\"query-input\":{\"@type\":\"PropertyValueSpecification\",\"valueRequired\":true,\"valueName\":\"search_term_string\"}}],\"inLanguage\":\"pt-PT\"},{\"@type\":\"Organization\",\"@id\":\"https:\\\/\\\/jornaldasoficinas.com\\\/pt\\\/#organization\",\"name\":\"Jornal das Oficinas\",\"url\":\"https:\\\/\\\/jornaldasoficinas.com\\\/pt\\\/\",\"logo\":{\"@type\":\"ImageObject\",\"inLanguage\":\"pt-PT\",\"@id\":\"https:\\\/\\\/jornaldasoficinas.com\\\/pt\\\/#\\\/schema\\\/logo\\\/image\\\/\",\"url\":\"https:\\\/\\\/jornaldasoficinas.com\\\/pt\\\/wp-content\\\/uploads\\\/logoJO-SEO.png\",\"contentUrl\":\"https:\\\/\\\/jornaldasoficinas.com\\\/pt\\\/wp-content\\\/uploads\\\/logoJO-SEO.png\",\"width\":285,\"height\":450,\"caption\":\"Jornal das Oficinas\"},\"image\":{\"@id\":\"https:\\\/\\\/jornaldasoficinas.com\\\/pt\\\/#\\\/schema\\\/logo\\\/image\\\/\"},\"sameAs\":[\"https:\\\/\\\/www.facebook.com\\\/jornaloficinas\",\"https:\\\/\\\/x.com\\\/jornaloficinas\",\"https:\\\/\\\/www.instagram.com\\\/jornal_oficinas\\\/\",\"https:\\\/\\\/www.linkedin.com\\\/company\\\/jornal-das-oficinas\\\/\",\"https:\\\/\\\/www.youtube.com\\\/channel\\\/UCbQZBqtcvV-oSQrr7RzINGg\"]},{\"@type\":\"Person\",\"@id\":\"https:\\\/\\\/jornaldasoficinas.com\\\/pt\\\/#\\\/schema\\\/person\\\/a38eef5de2c41d9e7c9ac10141afddf3\",\"name\":\"Reda\u00e7\u00e3o JO\",\"image\":{\"@type\":\"ImageObject\",\"inLanguage\":\"pt-PT\",\"@id\":\"https:\\\/\\\/secure.gravatar.com\\\/avatar\\\/71f2fa71737ad68a84fea94bc708ddac8ea5b0c4788dc2ad202f3ccb2887742f?s=96&d=wp_user_avatar&r=g\",\"url\":\"https:\\\/\\\/secure.gravatar.com\\\/avatar\\\/71f2fa71737ad68a84fea94bc708ddac8ea5b0c4788dc2ad202f3ccb2887742f?s=96&d=wp_user_avatar&r=g\",\"contentUrl\":\"https:\\\/\\\/secure.gravatar.com\\\/avatar\\\/71f2fa71737ad68a84fea94bc708ddac8ea5b0c4788dc2ad202f3ccb2887742f?s=96&d=wp_user_avatar&r=g\",\"caption\":\"Reda\u00e7\u00e3o JO\"},\"url\":\"https:\\\/\\\/jornaldasoficinas.com\\\/pt\\\/author\\\/joredacao\\\/\"}]}<\/script>\n<!-- \/ Yoast SEO plugin. -->","yoast_head_json":{"title":"ADAS: ve\u00edculos aut\u00f3nomos ao virar da esquina - Jornal das Oficinas","robots":{"index":"index","follow":"follow","max-snippet":"max-snippet:-1","max-image-preview":"max-image-preview:large","max-video-preview":"max-video-preview:-1"},"canonical":"https:\/\/jornaldasoficinas.com\/pt\/adas-veiculos-autonomos-ao-virar-da-esquina\/","og_locale":"pt_PT","og_type":"article","og_title":"ADAS: ve\u00edculos aut\u00f3nomos ao virar da esquina - Jornal das Oficinas","og_description":"Vivemos na era da tecnologia. E...","og_url":"https:\/\/jornaldasoficinas.com\/pt\/adas-veiculos-autonomos-ao-virar-da-esquina\/","og_site_name":"Jornal das Oficinas","article_publisher":"https:\/\/www.facebook.com\/jornaloficinas","article_published_time":"2019-09-05T14:24:06+00:00","article_modified_time":"2019-10-07T21:13:03+00:00","og_image":[{"width":1024,"height":581,"url":"https:\/\/jornaldasoficinas.com\/pt\/wp-content\/uploads\/2019\/10\/Jornal_das_OficinasTEXA_RCCS2_SoluzioneCompleta.jpg","type":"image\/jpeg"}],"author":"Reda\u00e7\u00e3o JO","twitter_card":"summary_large_image","twitter_creator":"@jornaloficinas","twitter_site":"@jornaloficinas","twitter_misc":{"Escrito por":"Reda\u00e7\u00e3o JO","Tempo estimado de leitura":"1 minuto"},"schema":{"@context":"https:\/\/schema.org","@graph":[{"@type":"Article","@id":"https:\/\/jornaldasoficinas.com\/pt\/adas-veiculos-autonomos-ao-virar-da-esquina\/#article","isPartOf":{"@id":"https:\/\/jornaldasoficinas.com\/pt\/adas-veiculos-autonomos-ao-virar-da-esquina\/"},"author":{"name":"Reda\u00e7\u00e3o JO","@id":"https:\/\/jornaldasoficinas.com\/pt\/#\/schema\/person\/a38eef5de2c41d9e7c9ac10141afddf3"},"headline":"ADAS: ve\u00edculos aut\u00f3nomos ao virar da esquina","datePublished":"2019-09-05T14:24:06+00:00","dateModified":"2019-10-07T21:13:03+00:00","mainEntityOfPage":{"@id":"https:\/\/jornaldasoficinas.com\/pt\/adas-veiculos-autonomos-ao-virar-da-esquina\/"},"wordCount":222,"publisher":{"@id":"https:\/\/jornaldasoficinas.com\/pt\/#organization"},"image":{"@id":"https:\/\/jornaldasoficinas.com\/pt\/adas-veiculos-autonomos-ao-virar-da-esquina\/#primaryimage"},"thumbnailUrl":"https:\/\/jornaldasoficinas.com\/pt\/wp-content\/uploads\/2019\/10\/Jornal_das_OficinasTEXA_RCCS2_SoluzioneCompleta.jpg","keywords":["ADAS","Digitaliza\u00e7\u00e3o","oficina 4.0"],"articleSection":["Oficina 4.0"],"inLanguage":"pt-PT"},{"@type":"WebPage","@id":"https:\/\/jornaldasoficinas.com\/pt\/adas-veiculos-autonomos-ao-virar-da-esquina\/","url":"https:\/\/jornaldasoficinas.com\/pt\/adas-veiculos-autonomos-ao-virar-da-esquina\/","name":"ADAS: ve\u00edculos aut\u00f3nomos ao virar da esquina - Jornal das Oficinas","isPartOf":{"@id":"https:\/\/jornaldasoficinas.com\/pt\/#website"},"primaryImageOfPage":{"@id":"https:\/\/jornaldasoficinas.com\/pt\/adas-veiculos-autonomos-ao-virar-da-esquina\/#primaryimage"},"image":{"@id":"https:\/\/jornaldasoficinas.com\/pt\/adas-veiculos-autonomos-ao-virar-da-esquina\/#primaryimage"},"thumbnailUrl":"https:\/\/jornaldasoficinas.com\/pt\/wp-content\/uploads\/2019\/10\/Jornal_das_OficinasTEXA_RCCS2_SoluzioneCompleta.jpg","datePublished":"2019-09-05T14:24:06+00:00","dateModified":"2019-10-07T21:13:03+00:00","breadcrumb":{"@id":"https:\/\/jornaldasoficinas.com\/pt\/adas-veiculos-autonomos-ao-virar-da-esquina\/#breadcrumb"},"inLanguage":"pt-PT","potentialAction":[{"@type":"ReadAction","target":["https:\/\/jornaldasoficinas.com\/pt\/adas-veiculos-autonomos-ao-virar-da-esquina\/"]}]},{"@type":"ImageObject","inLanguage":"pt-PT","@id":"https:\/\/jornaldasoficinas.com\/pt\/adas-veiculos-autonomos-ao-virar-da-esquina\/#primaryimage","url":"https:\/\/jornaldasoficinas.com\/pt\/wp-content\/uploads\/2019\/10\/Jornal_das_OficinasTEXA_RCCS2_SoluzioneCompleta.jpg","contentUrl":"https:\/\/jornaldasoficinas.com\/pt\/wp-content\/uploads\/2019\/10\/Jornal_das_OficinasTEXA_RCCS2_SoluzioneCompleta.jpg","width":1024,"height":581,"caption":"10 - Jornal_das_OficinasTEXA_RCCS2_SoluzioneCompleta"},{"@type":"BreadcrumbList","@id":"https:\/\/jornaldasoficinas.com\/pt\/adas-veiculos-autonomos-ao-virar-da-esquina\/#breadcrumb","itemListElement":[{"@type":"ListItem","position":1,"name":"In\u00edcio","item":"https:\/\/jornaldasoficinas.com\/pt\/"},{"@type":"ListItem","position":2,"name":"ADAS: ve\u00edculos aut\u00f3nomos ao virar da esquina"}]},{"@type":"WebSite","@id":"https:\/\/jornaldasoficinas.com\/pt\/#website","url":"https:\/\/jornaldasoficinas.com\/pt\/","name":"Jornal das Oficinas","description":"Jornal independente do Aftermarket Autom\u00f3vel em Portugal","publisher":{"@id":"https:\/\/jornaldasoficinas.com\/pt\/#organization"},"potentialAction":[{"@type":"SearchAction","target":{"@type":"EntryPoint","urlTemplate":"https:\/\/jornaldasoficinas.com\/pt\/?s={search_term_string}"},"query-input":{"@type":"PropertyValueSpecification","valueRequired":true,"valueName":"search_term_string"}}],"inLanguage":"pt-PT"},{"@type":"Organization","@id":"https:\/\/jornaldasoficinas.com\/pt\/#organization","name":"Jornal das Oficinas","url":"https:\/\/jornaldasoficinas.com\/pt\/","logo":{"@type":"ImageObject","inLanguage":"pt-PT","@id":"https:\/\/jornaldasoficinas.com\/pt\/#\/schema\/logo\/image\/","url":"https:\/\/jornaldasoficinas.com\/pt\/wp-content\/uploads\/logoJO-SEO.png","contentUrl":"https:\/\/jornaldasoficinas.com\/pt\/wp-content\/uploads\/logoJO-SEO.png","width":285,"height":450,"caption":"Jornal das Oficinas"},"image":{"@id":"https:\/\/jornaldasoficinas.com\/pt\/#\/schema\/logo\/image\/"},"sameAs":["https:\/\/www.facebook.com\/jornaloficinas","https:\/\/x.com\/jornaloficinas","https:\/\/www.instagram.com\/jornal_oficinas\/","https:\/\/www.linkedin.com\/company\/jornal-das-oficinas\/","https:\/\/www.youtube.com\/channel\/UCbQZBqtcvV-oSQrr7RzINGg"]},{"@type":"Person","@id":"https:\/\/jornaldasoficinas.com\/pt\/#\/schema\/person\/a38eef5de2c41d9e7c9ac10141afddf3","name":"Reda\u00e7\u00e3o JO","image":{"@type":"ImageObject","inLanguage":"pt-PT","@id":"https:\/\/secure.gravatar.com\/avatar\/71f2fa71737ad68a84fea94bc708ddac8ea5b0c4788dc2ad202f3ccb2887742f?s=96&d=wp_user_avatar&r=g","url":"https:\/\/secure.gravatar.com\/avatar\/71f2fa71737ad68a84fea94bc708ddac8ea5b0c4788dc2ad202f3ccb2887742f?s=96&d=wp_user_avatar&r=g","contentUrl":"https:\/\/secure.gravatar.com\/avatar\/71f2fa71737ad68a84fea94bc708ddac8ea5b0c4788dc2ad202f3ccb2887742f?s=96&d=wp_user_avatar&r=g","caption":"Reda\u00e7\u00e3o JO"},"url":"https:\/\/jornaldasoficinas.com\/pt\/author\/joredacao\/"}]}},"_links":{"self":[{"href":"https:\/\/jornaldasoficinas.com\/pt\/wp-json\/wp\/v2\/posts\/4359","targetHints":{"allow":["GET"]}}],"collection":[{"href":"https:\/\/jornaldasoficinas.com\/pt\/wp-json\/wp\/v2\/posts"}],"about":[{"href":"https:\/\/jornaldasoficinas.com\/pt\/wp-json\/wp\/v2\/types\/post"}],"author":[{"embeddable":true,"href":"https:\/\/jornaldasoficinas.com\/pt\/wp-json\/wp\/v2\/users\/15"}],"replies":[{"embeddable":true,"href":"https:\/\/jornaldasoficinas.com\/pt\/wp-json\/wp\/v2\/comments?post=4359"}],"version-history":[{"count":0,"href":"https:\/\/jornaldasoficinas.com\/pt\/wp-json\/wp\/v2\/posts\/4359\/revisions"}],"wp:featuredmedia":[{"embeddable":true,"href":"https:\/\/jornaldasoficinas.com\/pt\/wp-json\/wp\/v2\/media\/4358"}],"wp:attachment":[{"href":"https:\/\/jornaldasoficinas.com\/pt\/wp-json\/wp\/v2\/media?parent=4359"}],"wp:term":[{"taxonomy":"category","embeddable":true,"href":"https:\/\/jornaldasoficinas.com\/pt\/wp-json\/wp\/v2\/categories?post=4359"},{"taxonomy":"post_tag","embeddable":true,"href":"https:\/\/jornaldasoficinas.com\/pt\/wp-json\/wp\/v2\/tags?post=4359"}],"curies":[{"name":"wp","href":"https:\/\/api.w.org\/{rel}","templated":true}]}}