{"id":4445,"date":"2019-09-18T15:51:27","date_gmt":"2019-09-18T15:51:27","guid":{"rendered":"https:\/\/jornaldasoficinas.com\/pt\/?p=4445"},"modified":"2019-10-08T00:10:07","modified_gmt":"2019-10-08T00:10:07","slug":"axalta-ja-atingiu-60-mil-espectrofotometros-vendidos","status":"publish","type":"post","link":"https:\/\/jornaldasoficinas.com\/pt\/axalta-ja-atingiu-60-mil-espectrofotometros-vendidos\/","title":{"rendered":"Axalta j\u00e1 atingiu 60 mil espectrofot\u00f3metros vendidos"},"content":{"rendered":"<p><img loading=\"lazy\" decoding=\"async\" class=\"alignnone size-full wp-image-4441\" src=\"https:\/\/jornaldasoficinas.com\/pt\/wp-content\/uploads\/2019\/09\/Jornal_das_Oficinas_Axalta_Espectrofotometros.jpg\" alt=\"09 - Jornal_das_Oficinas_Axalta_Espectrofotometros\" width=\"829\" height=\"470\" srcset=\"https:\/\/jornaldasoficinas.com\/pt\/wp-content\/uploads\/2019\/09\/Jornal_das_Oficinas_Axalta_Espectrofotometros.jpg 829w, https:\/\/jornaldasoficinas.com\/pt\/wp-content\/uploads\/2019\/09\/Jornal_das_Oficinas_Axalta_Espectrofotometros-150x85.jpg 150w, https:\/\/jornaldasoficinas.com\/pt\/wp-content\/uploads\/2019\/09\/Jornal_das_Oficinas_Axalta_Espectrofotometros-300x170.jpg 300w, https:\/\/jornaldasoficinas.com\/pt\/wp-content\/uploads\/2019\/09\/Jornal_das_Oficinas_Axalta_Espectrofotometros-768x435.jpg 768w\" sizes=\"auto, (max-width: 829px) 100vw, 829px\" \/><\/p>\n<p><strong>A Axalta, empresa l\u00edder na gest\u00e3o de cores digital para o mercado do p\u00f3s-venda autom\u00f3vel, anunciou que vendeu o seu espectrofot\u00f3metro n\u00famero 60.000.\u00b0, 10.000 dos quais vendidos nos \u00faltimos 15 meses.<\/strong><\/p>\n<p>O aumento r\u00e1pido em vendas recentes deve-se, principalmente, a uma forte tend\u00eancia de digitaliza\u00e7\u00e3o global. Estas ferramentas digitais port\u00e1teis cada vez mais populares s\u00e3o uma forma precisa e r\u00e1pida de combinar cores, o que aumenta a efici\u00eancia das oficinas.<\/p>\n<p>\u201cAdotar uma abordagem digital na combina\u00e7\u00e3o e recupera\u00e7\u00e3o de cores \u00e9 uma tend\u00eancia global que teve in\u00edcio h\u00e1 25 anos, quando a Axalta foi uma das primeiras empresas de tintas a oferecer um dipositivo digital e <em>software<\/em> a clientes de repintura,\u201d afirmou Martin Wulf, <em>colour e technical manager<\/em> da Axalta Refinish Systems para a Europa, M\u00e9dio Oriente e \u00c1frica.<\/p>\n<p>O respons\u00e1vel acrescentou ainda que \u201choje em dia, incentivamos todos os nossos utilizadores a preparem-se para o futuro e otimizar a respetiva efici\u00eancia, passando para a leitura digital de cores\u201d.<\/p>\n<p>A utiliza\u00e7\u00e3o do espectrofot\u00f3metro de \u00faltima gera\u00e7\u00e3o e do <em>software<\/em> de cor baseado na <em>web<\/em> \u00e9 f\u00e1cil. Os pintores s\u00f3 t\u00eam de tirar as leituras da cor da pintura de um ve\u00edculo utilizando o espectrofot\u00f3metro, que, em seguida, envia sem fios as leituras para a base de dados de cores global <em>online<\/em> da <a href=\"https:\/\/www.axalta.com\/corporate\/en_US.html\" target=\"_blank\" rel=\"noopener noreferrer\">Axalta<\/a>.<\/p>\n<p>O <em>software<\/em> de combina\u00e7\u00e3o de cores pesquisa mais de 200.000 f\u00f3rmulas que s\u00e3o, constantemente, atualizadas. Quando necess\u00e1rio, ajusta, automaticamente, a f\u00f3rmula mais pr\u00f3xima para fornecer aos pintores a melhor combina\u00e7\u00e3o poss\u00edvel, que pode ser, posteriormente, selecionada num <em>smartphone<\/em> ou num <em>tablet<\/em> atrav\u00e9s de<em> wi-fi<\/em> para uma balan\u00e7a IP de modo a misturar a f\u00f3rmula de cor. Este processo \u00e9 mais preciso, mais eficaz e mais rent\u00e1vel.<\/p>\n<p>\u201cO espectrofot\u00f3metro \u00e9, claramente, uma parte valiosa do trabalho de repintura moderno. Esperamos ver um crescimento cont\u00ednuo e significativo em todo o mundo \u00e0 medida que as oficinas adotam uma forma de trabalhar completamente digital. Para os clientes que pretendem mudar para uma abordagem digital, iremos apoi\u00e1-los e ajud\u00e1-los a passarem sem problemas para um processo de gest\u00e3o de cores totalmente digital&#8221;, disse Wulf.<\/p>\n<p>Os espectrofot\u00f3metros inovadores e l\u00edderes da ind\u00fastria da Axalta est\u00e3o dispon\u00edveis em todo o mundo.<\/p>\n","protected":false},"excerpt":{"rendered":"<p>A Axalta, empresa l\u00edder na gest\u00e3o&#8230;<\/p>\n","protected":false},"author":15,"featured_media":4441,"comment_status":"closed","ping_status":"closed","sticky":false,"template":"","format":"standard","meta":{"footnotes":""},"categories":[2],"tags":[67,383],"class_list":["post-4445","post","type-post","status-publish","format-standard","has-post-thumbnail","hentry","category-repintura","tag-axalta","tag-axalta-coating-systems"],"yoast_head":"<!-- This site is optimized with the Yoast SEO plugin v27.4 - https:\/\/yoast.com\/product\/yoast-seo-wordpress\/ -->\n<title>Axalta j\u00e1 atingiu 60 mil espectrofot\u00f3metros vendidos - Jornal das Oficinas<\/title>\n<meta name=\"robots\" content=\"index, follow, max-snippet:-1, max-image-preview:large, max-video-preview:-1\" \/>\n<link rel=\"canonical\" href=\"https:\/\/jornaldasoficinas.com\/pt\/axalta-ja-atingiu-60-mil-espectrofotometros-vendidos\/\" \/>\n<meta property=\"og:locale\" content=\"pt_PT\" \/>\n<meta property=\"og:type\" content=\"article\" \/>\n<meta property=\"og:title\" content=\"Axalta j\u00e1 atingiu 60 mil espectrofot\u00f3metros vendidos - Jornal das Oficinas\" \/>\n<meta property=\"og:description\" content=\"A Axalta, empresa l\u00edder na gest\u00e3o...\" \/>\n<meta property=\"og:url\" content=\"https:\/\/jornaldasoficinas.com\/pt\/axalta-ja-atingiu-60-mil-espectrofotometros-vendidos\/\" \/>\n<meta property=\"og:site_name\" content=\"Jornal das Oficinas\" \/>\n<meta property=\"article:publisher\" content=\"https:\/\/www.facebook.com\/jornaloficinas\" \/>\n<meta property=\"article:published_time\" content=\"2019-09-18T15:51:27+00:00\" \/>\n<meta property=\"article:modified_time\" content=\"2019-10-08T00:10:07+00:00\" \/>\n<meta property=\"og:image\" content=\"https:\/\/jornaldasoficinas.com\/pt\/wp-content\/uploads\/2019\/09\/Jornal_das_Oficinas_Axalta_Espectrofotometros.jpg\" \/>\n\t<meta property=\"og:image:width\" content=\"829\" \/>\n\t<meta property=\"og:image:height\" content=\"470\" \/>\n\t<meta property=\"og:image:type\" content=\"image\/jpeg\" \/>\n<meta name=\"author\" content=\"Reda\u00e7\u00e3o JO\" \/>\n<meta name=\"twitter:card\" content=\"summary_large_image\" \/>\n<meta name=\"twitter:creator\" content=\"@jornaloficinas\" \/>\n<meta name=\"twitter:site\" content=\"@jornaloficinas\" \/>\n<meta name=\"twitter:label1\" content=\"Escrito por\" \/>\n\t<meta name=\"twitter:data1\" content=\"Reda\u00e7\u00e3o JO\" \/>\n\t<meta name=\"twitter:label2\" content=\"Tempo estimado de leitura\" \/>\n\t<meta name=\"twitter:data2\" content=\"2 minutos\" \/>\n<script type=\"application\/ld+json\" class=\"yoast-schema-graph\">{\"@context\":\"https:\\\/\\\/schema.org\",\"@graph\":[{\"@type\":\"Article\",\"@id\":\"https:\\\/\\\/jornaldasoficinas.com\\\/pt\\\/axalta-ja-atingiu-60-mil-espectrofotometros-vendidos\\\/#article\",\"isPartOf\":{\"@id\":\"https:\\\/\\\/jornaldasoficinas.com\\\/pt\\\/axalta-ja-atingiu-60-mil-espectrofotometros-vendidos\\\/\"},\"author\":{\"name\":\"Reda\u00e7\u00e3o JO\",\"@id\":\"https:\\\/\\\/jornaldasoficinas.com\\\/pt\\\/#\\\/schema\\\/person\\\/a38eef5de2c41d9e7c9ac10141afddf3\"},\"headline\":\"Axalta j\u00e1 atingiu 60 mil espectrofot\u00f3metros vendidos\",\"datePublished\":\"2019-09-18T15:51:27+00:00\",\"dateModified\":\"2019-10-08T00:10:07+00:00\",\"mainEntityOfPage\":{\"@id\":\"https:\\\/\\\/jornaldasoficinas.com\\\/pt\\\/axalta-ja-atingiu-60-mil-espectrofotometros-vendidos\\\/\"},\"wordCount\":404,\"publisher\":{\"@id\":\"https:\\\/\\\/jornaldasoficinas.com\\\/pt\\\/#organization\"},\"image\":{\"@id\":\"https:\\\/\\\/jornaldasoficinas.com\\\/pt\\\/axalta-ja-atingiu-60-mil-espectrofotometros-vendidos\\\/#primaryimage\"},\"thumbnailUrl\":\"https:\\\/\\\/jornaldasoficinas.com\\\/pt\\\/wp-content\\\/uploads\\\/2019\\\/09\\\/Jornal_das_Oficinas_Axalta_Espectrofotometros.jpg\",\"keywords\":[\"Axalta\",\"Axalta Coating Systems\"],\"articleSection\":[\"Repintura\"],\"inLanguage\":\"pt-PT\"},{\"@type\":\"WebPage\",\"@id\":\"https:\\\/\\\/jornaldasoficinas.com\\\/pt\\\/axalta-ja-atingiu-60-mil-espectrofotometros-vendidos\\\/\",\"url\":\"https:\\\/\\\/jornaldasoficinas.com\\\/pt\\\/axalta-ja-atingiu-60-mil-espectrofotometros-vendidos\\\/\",\"name\":\"Axalta j\u00e1 atingiu 60 mil espectrofot\u00f3metros vendidos - Jornal das Oficinas\",\"isPartOf\":{\"@id\":\"https:\\\/\\\/jornaldasoficinas.com\\\/pt\\\/#website\"},\"primaryImageOfPage\":{\"@id\":\"https:\\\/\\\/jornaldasoficinas.com\\\/pt\\\/axalta-ja-atingiu-60-mil-espectrofotometros-vendidos\\\/#primaryimage\"},\"image\":{\"@id\":\"https:\\\/\\\/jornaldasoficinas.com\\\/pt\\\/axalta-ja-atingiu-60-mil-espectrofotometros-vendidos\\\/#primaryimage\"},\"thumbnailUrl\":\"https:\\\/\\\/jornaldasoficinas.com\\\/pt\\\/wp-content\\\/uploads\\\/2019\\\/09\\\/Jornal_das_Oficinas_Axalta_Espectrofotometros.jpg\",\"datePublished\":\"2019-09-18T15:51:27+00:00\",\"dateModified\":\"2019-10-08T00:10:07+00:00\",\"breadcrumb\":{\"@id\":\"https:\\\/\\\/jornaldasoficinas.com\\\/pt\\\/axalta-ja-atingiu-60-mil-espectrofotometros-vendidos\\\/#breadcrumb\"},\"inLanguage\":\"pt-PT\",\"potentialAction\":[{\"@type\":\"ReadAction\",\"target\":[\"https:\\\/\\\/jornaldasoficinas.com\\\/pt\\\/axalta-ja-atingiu-60-mil-espectrofotometros-vendidos\\\/\"]}]},{\"@type\":\"ImageObject\",\"inLanguage\":\"pt-PT\",\"@id\":\"https:\\\/\\\/jornaldasoficinas.com\\\/pt\\\/axalta-ja-atingiu-60-mil-espectrofotometros-vendidos\\\/#primaryimage\",\"url\":\"https:\\\/\\\/jornaldasoficinas.com\\\/pt\\\/wp-content\\\/uploads\\\/2019\\\/09\\\/Jornal_das_Oficinas_Axalta_Espectrofotometros.jpg\",\"contentUrl\":\"https:\\\/\\\/jornaldasoficinas.com\\\/pt\\\/wp-content\\\/uploads\\\/2019\\\/09\\\/Jornal_das_Oficinas_Axalta_Espectrofotometros.jpg\",\"width\":829,\"height\":470,\"caption\":\"09 - Jornal_das_Oficinas_Axalta_Espectrofotometros\"},{\"@type\":\"BreadcrumbList\",\"@id\":\"https:\\\/\\\/jornaldasoficinas.com\\\/pt\\\/axalta-ja-atingiu-60-mil-espectrofotometros-vendidos\\\/#breadcrumb\",\"itemListElement\":[{\"@type\":\"ListItem\",\"position\":1,\"name\":\"In\u00edcio\",\"item\":\"https:\\\/\\\/jornaldasoficinas.com\\\/pt\\\/\"},{\"@type\":\"ListItem\",\"position\":2,\"name\":\"Axalta j\u00e1 atingiu 60 mil espectrofot\u00f3metros vendidos\"}]},{\"@type\":\"WebSite\",\"@id\":\"https:\\\/\\\/jornaldasoficinas.com\\\/pt\\\/#website\",\"url\":\"https:\\\/\\\/jornaldasoficinas.com\\\/pt\\\/\",\"name\":\"Jornal das Oficinas\",\"description\":\"Jornal independente do Aftermarket Autom\u00f3vel em Portugal\",\"publisher\":{\"@id\":\"https:\\\/\\\/jornaldasoficinas.com\\\/pt\\\/#organization\"},\"potentialAction\":[{\"@type\":\"SearchAction\",\"target\":{\"@type\":\"EntryPoint\",\"urlTemplate\":\"https:\\\/\\\/jornaldasoficinas.com\\\/pt\\\/?s={search_term_string}\"},\"query-input\":{\"@type\":\"PropertyValueSpecification\",\"valueRequired\":true,\"valueName\":\"search_term_string\"}}],\"inLanguage\":\"pt-PT\"},{\"@type\":\"Organization\",\"@id\":\"https:\\\/\\\/jornaldasoficinas.com\\\/pt\\\/#organization\",\"name\":\"Jornal das Oficinas\",\"url\":\"https:\\\/\\\/jornaldasoficinas.com\\\/pt\\\/\",\"logo\":{\"@type\":\"ImageObject\",\"inLanguage\":\"pt-PT\",\"@id\":\"https:\\\/\\\/jornaldasoficinas.com\\\/pt\\\/#\\\/schema\\\/logo\\\/image\\\/\",\"url\":\"https:\\\/\\\/jornaldasoficinas.com\\\/pt\\\/wp-content\\\/uploads\\\/logoJO-SEO.png\",\"contentUrl\":\"https:\\\/\\\/jornaldasoficinas.com\\\/pt\\\/wp-content\\\/uploads\\\/logoJO-SEO.png\",\"width\":285,\"height\":450,\"caption\":\"Jornal das Oficinas\"},\"image\":{\"@id\":\"https:\\\/\\\/jornaldasoficinas.com\\\/pt\\\/#\\\/schema\\\/logo\\\/image\\\/\"},\"sameAs\":[\"https:\\\/\\\/www.facebook.com\\\/jornaloficinas\",\"https:\\\/\\\/x.com\\\/jornaloficinas\",\"https:\\\/\\\/www.instagram.com\\\/jornal_oficinas\\\/\",\"https:\\\/\\\/www.linkedin.com\\\/company\\\/jornal-das-oficinas\\\/\",\"https:\\\/\\\/www.youtube.com\\\/channel\\\/UCbQZBqtcvV-oSQrr7RzINGg\"]},{\"@type\":\"Person\",\"@id\":\"https:\\\/\\\/jornaldasoficinas.com\\\/pt\\\/#\\\/schema\\\/person\\\/a38eef5de2c41d9e7c9ac10141afddf3\",\"name\":\"Reda\u00e7\u00e3o JO\",\"image\":{\"@type\":\"ImageObject\",\"inLanguage\":\"pt-PT\",\"@id\":\"https:\\\/\\\/secure.gravatar.com\\\/avatar\\\/71f2fa71737ad68a84fea94bc708ddac8ea5b0c4788dc2ad202f3ccb2887742f?s=96&d=wp_user_avatar&r=g\",\"url\":\"https:\\\/\\\/secure.gravatar.com\\\/avatar\\\/71f2fa71737ad68a84fea94bc708ddac8ea5b0c4788dc2ad202f3ccb2887742f?s=96&d=wp_user_avatar&r=g\",\"contentUrl\":\"https:\\\/\\\/secure.gravatar.com\\\/avatar\\\/71f2fa71737ad68a84fea94bc708ddac8ea5b0c4788dc2ad202f3ccb2887742f?s=96&d=wp_user_avatar&r=g\",\"caption\":\"Reda\u00e7\u00e3o JO\"},\"url\":\"https:\\\/\\\/jornaldasoficinas.com\\\/pt\\\/author\\\/joredacao\\\/\"}]}<\/script>\n<!-- \/ Yoast SEO plugin. -->","yoast_head_json":{"title":"Axalta j\u00e1 atingiu 60 mil espectrofot\u00f3metros vendidos - Jornal das Oficinas","robots":{"index":"index","follow":"follow","max-snippet":"max-snippet:-1","max-image-preview":"max-image-preview:large","max-video-preview":"max-video-preview:-1"},"canonical":"https:\/\/jornaldasoficinas.com\/pt\/axalta-ja-atingiu-60-mil-espectrofotometros-vendidos\/","og_locale":"pt_PT","og_type":"article","og_title":"Axalta j\u00e1 atingiu 60 mil espectrofot\u00f3metros vendidos - Jornal das Oficinas","og_description":"A Axalta, empresa l\u00edder na gest\u00e3o...","og_url":"https:\/\/jornaldasoficinas.com\/pt\/axalta-ja-atingiu-60-mil-espectrofotometros-vendidos\/","og_site_name":"Jornal das Oficinas","article_publisher":"https:\/\/www.facebook.com\/jornaloficinas","article_published_time":"2019-09-18T15:51:27+00:00","article_modified_time":"2019-10-08T00:10:07+00:00","og_image":[{"width":829,"height":470,"url":"https:\/\/jornaldasoficinas.com\/pt\/wp-content\/uploads\/2019\/09\/Jornal_das_Oficinas_Axalta_Espectrofotometros.jpg","type":"image\/jpeg"}],"author":"Reda\u00e7\u00e3o JO","twitter_card":"summary_large_image","twitter_creator":"@jornaloficinas","twitter_site":"@jornaloficinas","twitter_misc":{"Escrito por":"Reda\u00e7\u00e3o JO","Tempo estimado de leitura":"2 minutos"},"schema":{"@context":"https:\/\/schema.org","@graph":[{"@type":"Article","@id":"https:\/\/jornaldasoficinas.com\/pt\/axalta-ja-atingiu-60-mil-espectrofotometros-vendidos\/#article","isPartOf":{"@id":"https:\/\/jornaldasoficinas.com\/pt\/axalta-ja-atingiu-60-mil-espectrofotometros-vendidos\/"},"author":{"name":"Reda\u00e7\u00e3o JO","@id":"https:\/\/jornaldasoficinas.com\/pt\/#\/schema\/person\/a38eef5de2c41d9e7c9ac10141afddf3"},"headline":"Axalta j\u00e1 atingiu 60 mil espectrofot\u00f3metros vendidos","datePublished":"2019-09-18T15:51:27+00:00","dateModified":"2019-10-08T00:10:07+00:00","mainEntityOfPage":{"@id":"https:\/\/jornaldasoficinas.com\/pt\/axalta-ja-atingiu-60-mil-espectrofotometros-vendidos\/"},"wordCount":404,"publisher":{"@id":"https:\/\/jornaldasoficinas.com\/pt\/#organization"},"image":{"@id":"https:\/\/jornaldasoficinas.com\/pt\/axalta-ja-atingiu-60-mil-espectrofotometros-vendidos\/#primaryimage"},"thumbnailUrl":"https:\/\/jornaldasoficinas.com\/pt\/wp-content\/uploads\/2019\/09\/Jornal_das_Oficinas_Axalta_Espectrofotometros.jpg","keywords":["Axalta","Axalta Coating Systems"],"articleSection":["Repintura"],"inLanguage":"pt-PT"},{"@type":"WebPage","@id":"https:\/\/jornaldasoficinas.com\/pt\/axalta-ja-atingiu-60-mil-espectrofotometros-vendidos\/","url":"https:\/\/jornaldasoficinas.com\/pt\/axalta-ja-atingiu-60-mil-espectrofotometros-vendidos\/","name":"Axalta j\u00e1 atingiu 60 mil espectrofot\u00f3metros vendidos - Jornal das Oficinas","isPartOf":{"@id":"https:\/\/jornaldasoficinas.com\/pt\/#website"},"primaryImageOfPage":{"@id":"https:\/\/jornaldasoficinas.com\/pt\/axalta-ja-atingiu-60-mil-espectrofotometros-vendidos\/#primaryimage"},"image":{"@id":"https:\/\/jornaldasoficinas.com\/pt\/axalta-ja-atingiu-60-mil-espectrofotometros-vendidos\/#primaryimage"},"thumbnailUrl":"https:\/\/jornaldasoficinas.com\/pt\/wp-content\/uploads\/2019\/09\/Jornal_das_Oficinas_Axalta_Espectrofotometros.jpg","datePublished":"2019-09-18T15:51:27+00:00","dateModified":"2019-10-08T00:10:07+00:00","breadcrumb":{"@id":"https:\/\/jornaldasoficinas.com\/pt\/axalta-ja-atingiu-60-mil-espectrofotometros-vendidos\/#breadcrumb"},"inLanguage":"pt-PT","potentialAction":[{"@type":"ReadAction","target":["https:\/\/jornaldasoficinas.com\/pt\/axalta-ja-atingiu-60-mil-espectrofotometros-vendidos\/"]}]},{"@type":"ImageObject","inLanguage":"pt-PT","@id":"https:\/\/jornaldasoficinas.com\/pt\/axalta-ja-atingiu-60-mil-espectrofotometros-vendidos\/#primaryimage","url":"https:\/\/jornaldasoficinas.com\/pt\/wp-content\/uploads\/2019\/09\/Jornal_das_Oficinas_Axalta_Espectrofotometros.jpg","contentUrl":"https:\/\/jornaldasoficinas.com\/pt\/wp-content\/uploads\/2019\/09\/Jornal_das_Oficinas_Axalta_Espectrofotometros.jpg","width":829,"height":470,"caption":"09 - Jornal_das_Oficinas_Axalta_Espectrofotometros"},{"@type":"BreadcrumbList","@id":"https:\/\/jornaldasoficinas.com\/pt\/axalta-ja-atingiu-60-mil-espectrofotometros-vendidos\/#breadcrumb","itemListElement":[{"@type":"ListItem","position":1,"name":"In\u00edcio","item":"https:\/\/jornaldasoficinas.com\/pt\/"},{"@type":"ListItem","position":2,"name":"Axalta j\u00e1 atingiu 60 mil espectrofot\u00f3metros vendidos"}]},{"@type":"WebSite","@id":"https:\/\/jornaldasoficinas.com\/pt\/#website","url":"https:\/\/jornaldasoficinas.com\/pt\/","name":"Jornal das Oficinas","description":"Jornal independente do Aftermarket Autom\u00f3vel em Portugal","publisher":{"@id":"https:\/\/jornaldasoficinas.com\/pt\/#organization"},"potentialAction":[{"@type":"SearchAction","target":{"@type":"EntryPoint","urlTemplate":"https:\/\/jornaldasoficinas.com\/pt\/?s={search_term_string}"},"query-input":{"@type":"PropertyValueSpecification","valueRequired":true,"valueName":"search_term_string"}}],"inLanguage":"pt-PT"},{"@type":"Organization","@id":"https:\/\/jornaldasoficinas.com\/pt\/#organization","name":"Jornal das Oficinas","url":"https:\/\/jornaldasoficinas.com\/pt\/","logo":{"@type":"ImageObject","inLanguage":"pt-PT","@id":"https:\/\/jornaldasoficinas.com\/pt\/#\/schema\/logo\/image\/","url":"https:\/\/jornaldasoficinas.com\/pt\/wp-content\/uploads\/logoJO-SEO.png","contentUrl":"https:\/\/jornaldasoficinas.com\/pt\/wp-content\/uploads\/logoJO-SEO.png","width":285,"height":450,"caption":"Jornal das Oficinas"},"image":{"@id":"https:\/\/jornaldasoficinas.com\/pt\/#\/schema\/logo\/image\/"},"sameAs":["https:\/\/www.facebook.com\/jornaloficinas","https:\/\/x.com\/jornaloficinas","https:\/\/www.instagram.com\/jornal_oficinas\/","https:\/\/www.linkedin.com\/company\/jornal-das-oficinas\/","https:\/\/www.youtube.com\/channel\/UCbQZBqtcvV-oSQrr7RzINGg"]},{"@type":"Person","@id":"https:\/\/jornaldasoficinas.com\/pt\/#\/schema\/person\/a38eef5de2c41d9e7c9ac10141afddf3","name":"Reda\u00e7\u00e3o JO","image":{"@type":"ImageObject","inLanguage":"pt-PT","@id":"https:\/\/secure.gravatar.com\/avatar\/71f2fa71737ad68a84fea94bc708ddac8ea5b0c4788dc2ad202f3ccb2887742f?s=96&d=wp_user_avatar&r=g","url":"https:\/\/secure.gravatar.com\/avatar\/71f2fa71737ad68a84fea94bc708ddac8ea5b0c4788dc2ad202f3ccb2887742f?s=96&d=wp_user_avatar&r=g","contentUrl":"https:\/\/secure.gravatar.com\/avatar\/71f2fa71737ad68a84fea94bc708ddac8ea5b0c4788dc2ad202f3ccb2887742f?s=96&d=wp_user_avatar&r=g","caption":"Reda\u00e7\u00e3o JO"},"url":"https:\/\/jornaldasoficinas.com\/pt\/author\/joredacao\/"}]}},"_links":{"self":[{"href":"https:\/\/jornaldasoficinas.com\/pt\/wp-json\/wp\/v2\/posts\/4445","targetHints":{"allow":["GET"]}}],"collection":[{"href":"https:\/\/jornaldasoficinas.com\/pt\/wp-json\/wp\/v2\/posts"}],"about":[{"href":"https:\/\/jornaldasoficinas.com\/pt\/wp-json\/wp\/v2\/types\/post"}],"author":[{"embeddable":true,"href":"https:\/\/jornaldasoficinas.com\/pt\/wp-json\/wp\/v2\/users\/15"}],"replies":[{"embeddable":true,"href":"https:\/\/jornaldasoficinas.com\/pt\/wp-json\/wp\/v2\/comments?post=4445"}],"version-history":[{"count":0,"href":"https:\/\/jornaldasoficinas.com\/pt\/wp-json\/wp\/v2\/posts\/4445\/revisions"}],"wp:featuredmedia":[{"embeddable":true,"href":"https:\/\/jornaldasoficinas.com\/pt\/wp-json\/wp\/v2\/media\/4441"}],"wp:attachment":[{"href":"https:\/\/jornaldasoficinas.com\/pt\/wp-json\/wp\/v2\/media?parent=4445"}],"wp:term":[{"taxonomy":"category","embeddable":true,"href":"https:\/\/jornaldasoficinas.com\/pt\/wp-json\/wp\/v2\/categories?post=4445"},{"taxonomy":"post_tag","embeddable":true,"href":"https:\/\/jornaldasoficinas.com\/pt\/wp-json\/wp\/v2\/tags?post=4445"}],"curies":[{"name":"wp","href":"https:\/\/api.w.org\/{rel}","templated":true}]}}