{"id":4994,"date":"2019-10-12T11:02:09","date_gmt":"2019-10-12T11:02:09","guid":{"rendered":"https:\/\/jornaldasoficinas.com\/pt\/?p=4994"},"modified":"2019-10-16T17:14:04","modified_gmt":"2019-10-16T17:14:04","slug":"galp-apoia-lancamento-de-nova-empresa-flow","status":"publish","type":"post","link":"https:\/\/jornaldasoficinas.com\/pt\/galp-apoia-lancamento-de-nova-empresa-flow\/","title":{"rendered":"Galp apoia lan\u00e7amento de nova empresa Flow"},"content":{"rendered":"<p><img loading=\"lazy\" decoding=\"async\" class=\"alignnone size-full wp-image-4872\" src=\"https:\/\/jornaldasoficinas.com\/pt\/wp-content\/uploads\/2019\/10\/Jornal_das_Oficinas_GalpFlow.jpg\" alt=\"10 - Jornal_das_Oficinas_GalpFlow\" width=\"1024\" height=\"581\" srcset=\"https:\/\/jornaldasoficinas.com\/pt\/wp-content\/uploads\/2019\/10\/Jornal_das_Oficinas_GalpFlow.jpg 1024w, https:\/\/jornaldasoficinas.com\/pt\/wp-content\/uploads\/2019\/10\/Jornal_das_Oficinas_GalpFlow-150x85.jpg 150w, https:\/\/jornaldasoficinas.com\/pt\/wp-content\/uploads\/2019\/10\/Jornal_das_Oficinas_GalpFlow-300x170.jpg 300w, https:\/\/jornaldasoficinas.com\/pt\/wp-content\/uploads\/2019\/10\/Jornal_das_Oficinas_GalpFlow-768x436.jpg 768w\" sizes=\"auto, (max-width: 1024px) 100vw, 1024px\" \/><\/p>\n<p><strong>Flow disponibiliza plataforma para acelerar a ado\u00e7\u00e3o dos conceitos de Software as a Service e de Mobility as a Service aplicados \u00e0 gest\u00e3o de frotas, \u201celetrifica\u00e7\u00e3o\u201d e partilha de ve\u00edculos.<\/strong><\/p>\n<p>A <a href=\"https:\/\/www.galp.com\/corp\/pt\/\" target=\"_blank\" rel=\"noopener noreferrer\">Galp<\/a> est\u00e1 a promover a disponibiliza\u00e7\u00e3o de uma solu\u00e7\u00e3o de mobilidade integrada para as frotas dos seus clientes, incluindo a op\u00e7\u00e3o el\u00e9trica e a partilha de ve\u00edculos. O objetivo \u00e9 permitir \u00e0s empresas e aos seus clientes reduzirem a sua pegada ecol\u00f3gica e os seus custos, de forma simples e eficiente.<\/p>\n<p>Pretende-se, ainda, desafiar as cidades a abra\u00e7arem aceleradamente os paradigmas do Software as a Service (SaaS) e da Mobility as a Service (MaaS) tendo a sustentabilidade, flexibilidade e facilidade de acesso como princ\u00edpios fundamentais para revolucionar a mobilidade urbana.<\/p>\n<p>Estes servi\u00e7os ser\u00e3o disponibilizados pela Flow, uma <em>start-up<\/em> nascida de uma parceria tecnol\u00f3gica estabelecida entre a Galp e o CEiiA (Centro de Engenharia e Desenvolvimento).<\/p>\n<p>Os engenheiros da Flow desenvolvem e gerem uma das plataformas tecnol\u00f3gicas mais avan\u00e7adas para gest\u00e3o de solu\u00e7\u00f5es de mobilidade, integrando quer a vertente de carregamento de ve\u00edculos el\u00e9tricos, quer a monitoriza\u00e7\u00e3o avan\u00e7ada de frotas ou os servi\u00e7os de partilha de ve\u00edculos nas empresas e cidades.<\/p>\n<p>A Flow pretende iniciar a sua presen\u00e7a em diversos mercados, nomeadamente naqueles em que a Galp j\u00e1 se encontra e onde a mobilidade el\u00e9trica \u00e9 j\u00e1 uma prioridade, como a Pen\u00ednsula Ib\u00e9rica e o Brasil.<\/p>\n<p>A Flow assume uma posi\u00e7\u00e3o de lideran\u00e7a numa \u00e1rea determinante para a defini\u00e7\u00e3o dos contornos da mobilidade, n\u00e3o apenas do futuro, mas do presente, uma vez que as solu\u00e7\u00f5es de SaaS desenvolvidas est\u00e3o na base de algumas das melhor sucedidas experi\u00eancias de mobilidade el\u00e9trica urbana atuais, vis\u00edveis em v\u00e1rias cidades europeias, como Lisboa, Porto, Roma, Madrid ou Barcelona.<\/p>\n","protected":false},"excerpt":{"rendered":"<p>Flow disponibiliza plataforma para acelerar a&#8230;<\/p>\n","protected":false},"author":15,"featured_media":4872,"comment_status":"closed","ping_status":"closed","sticky":false,"template":"","format":"standard","meta":{"footnotes":""},"categories":[29],"tags":[439,438],"class_list":["post-4994","post","type-post","status-publish","format-standard","has-post-thumbnail","hentry","category-empresas","tag-flow","tag-galp"],"yoast_head":"<!-- This site is optimized with the Yoast SEO plugin v27.5 - https:\/\/yoast.com\/product\/yoast-seo-wordpress\/ -->\n<title>Galp apoia lan\u00e7amento de nova empresa Flow - Jornal das Oficinas<\/title>\n<meta name=\"robots\" content=\"index, follow, max-snippet:-1, max-image-preview:large, max-video-preview:-1\" \/>\n<link rel=\"canonical\" href=\"https:\/\/jornaldasoficinas.com\/pt\/galp-apoia-lancamento-de-nova-empresa-flow\/\" \/>\n<meta property=\"og:locale\" content=\"pt_PT\" \/>\n<meta property=\"og:type\" content=\"article\" \/>\n<meta property=\"og:title\" content=\"Galp apoia lan\u00e7amento de nova empresa Flow - Jornal das Oficinas\" \/>\n<meta property=\"og:description\" content=\"Flow disponibiliza plataforma para acelerar a...\" \/>\n<meta property=\"og:url\" content=\"https:\/\/jornaldasoficinas.com\/pt\/galp-apoia-lancamento-de-nova-empresa-flow\/\" \/>\n<meta property=\"og:site_name\" content=\"Jornal das Oficinas\" \/>\n<meta property=\"article:publisher\" content=\"https:\/\/www.facebook.com\/jornaloficinas\" \/>\n<meta property=\"article:published_time\" content=\"2019-10-12T11:02:09+00:00\" \/>\n<meta property=\"article:modified_time\" content=\"2019-10-16T17:14:04+00:00\" \/>\n<meta property=\"og:image\" content=\"https:\/\/jornaldasoficinas.com\/pt\/wp-content\/uploads\/2019\/10\/Jornal_das_Oficinas_GalpFlow.jpg\" \/>\n\t<meta property=\"og:image:width\" content=\"1024\" \/>\n\t<meta property=\"og:image:height\" content=\"581\" \/>\n\t<meta property=\"og:image:type\" content=\"image\/jpeg\" \/>\n<meta name=\"author\" content=\"Reda\u00e7\u00e3o JO\" \/>\n<meta name=\"twitter:card\" content=\"summary_large_image\" \/>\n<meta name=\"twitter:creator\" content=\"@jornaloficinas\" \/>\n<meta name=\"twitter:site\" content=\"@jornaloficinas\" \/>\n<meta name=\"twitter:label1\" content=\"Escrito por\" \/>\n\t<meta name=\"twitter:data1\" content=\"Reda\u00e7\u00e3o JO\" \/>\n\t<meta name=\"twitter:label2\" content=\"Tempo estimado de leitura\" \/>\n\t<meta name=\"twitter:data2\" content=\"2 minutos\" \/>\n<script type=\"application\/ld+json\" class=\"yoast-schema-graph\">{\"@context\":\"https:\\\/\\\/schema.org\",\"@graph\":[{\"@type\":\"Article\",\"@id\":\"https:\\\/\\\/jornaldasoficinas.com\\\/pt\\\/galp-apoia-lancamento-de-nova-empresa-flow\\\/#article\",\"isPartOf\":{\"@id\":\"https:\\\/\\\/jornaldasoficinas.com\\\/pt\\\/galp-apoia-lancamento-de-nova-empresa-flow\\\/\"},\"author\":{\"name\":\"Reda\u00e7\u00e3o JO\",\"@id\":\"https:\\\/\\\/jornaldasoficinas.com\\\/pt\\\/#\\\/schema\\\/person\\\/a38eef5de2c41d9e7c9ac10141afddf3\"},\"headline\":\"Galp apoia lan\u00e7amento de nova empresa Flow\",\"datePublished\":\"2019-10-12T11:02:09+00:00\",\"dateModified\":\"2019-10-16T17:14:04+00:00\",\"mainEntityOfPage\":{\"@id\":\"https:\\\/\\\/jornaldasoficinas.com\\\/pt\\\/galp-apoia-lancamento-de-nova-empresa-flow\\\/\"},\"wordCount\":328,\"publisher\":{\"@id\":\"https:\\\/\\\/jornaldasoficinas.com\\\/pt\\\/#organization\"},\"image\":{\"@id\":\"https:\\\/\\\/jornaldasoficinas.com\\\/pt\\\/galp-apoia-lancamento-de-nova-empresa-flow\\\/#primaryimage\"},\"thumbnailUrl\":\"https:\\\/\\\/jornaldasoficinas.com\\\/pt\\\/wp-content\\\/uploads\\\/2019\\\/10\\\/Jornal_das_Oficinas_GalpFlow.jpg\",\"keywords\":[\"Flow\",\"Galp\"],\"articleSection\":[\"Empresas\"],\"inLanguage\":\"pt-PT\"},{\"@type\":\"WebPage\",\"@id\":\"https:\\\/\\\/jornaldasoficinas.com\\\/pt\\\/galp-apoia-lancamento-de-nova-empresa-flow\\\/\",\"url\":\"https:\\\/\\\/jornaldasoficinas.com\\\/pt\\\/galp-apoia-lancamento-de-nova-empresa-flow\\\/\",\"name\":\"Galp apoia lan\u00e7amento de nova empresa Flow - Jornal das Oficinas\",\"isPartOf\":{\"@id\":\"https:\\\/\\\/jornaldasoficinas.com\\\/pt\\\/#website\"},\"primaryImageOfPage\":{\"@id\":\"https:\\\/\\\/jornaldasoficinas.com\\\/pt\\\/galp-apoia-lancamento-de-nova-empresa-flow\\\/#primaryimage\"},\"image\":{\"@id\":\"https:\\\/\\\/jornaldasoficinas.com\\\/pt\\\/galp-apoia-lancamento-de-nova-empresa-flow\\\/#primaryimage\"},\"thumbnailUrl\":\"https:\\\/\\\/jornaldasoficinas.com\\\/pt\\\/wp-content\\\/uploads\\\/2019\\\/10\\\/Jornal_das_Oficinas_GalpFlow.jpg\",\"datePublished\":\"2019-10-12T11:02:09+00:00\",\"dateModified\":\"2019-10-16T17:14:04+00:00\",\"breadcrumb\":{\"@id\":\"https:\\\/\\\/jornaldasoficinas.com\\\/pt\\\/galp-apoia-lancamento-de-nova-empresa-flow\\\/#breadcrumb\"},\"inLanguage\":\"pt-PT\",\"potentialAction\":[{\"@type\":\"ReadAction\",\"target\":[\"https:\\\/\\\/jornaldasoficinas.com\\\/pt\\\/galp-apoia-lancamento-de-nova-empresa-flow\\\/\"]}]},{\"@type\":\"ImageObject\",\"inLanguage\":\"pt-PT\",\"@id\":\"https:\\\/\\\/jornaldasoficinas.com\\\/pt\\\/galp-apoia-lancamento-de-nova-empresa-flow\\\/#primaryimage\",\"url\":\"https:\\\/\\\/jornaldasoficinas.com\\\/pt\\\/wp-content\\\/uploads\\\/2019\\\/10\\\/Jornal_das_Oficinas_GalpFlow.jpg\",\"contentUrl\":\"https:\\\/\\\/jornaldasoficinas.com\\\/pt\\\/wp-content\\\/uploads\\\/2019\\\/10\\\/Jornal_das_Oficinas_GalpFlow.jpg\",\"width\":1024,\"height\":581,\"caption\":\"10 - Jornal_das_Oficinas_GalpFlow\"},{\"@type\":\"BreadcrumbList\",\"@id\":\"https:\\\/\\\/jornaldasoficinas.com\\\/pt\\\/galp-apoia-lancamento-de-nova-empresa-flow\\\/#breadcrumb\",\"itemListElement\":[{\"@type\":\"ListItem\",\"position\":1,\"name\":\"In\u00edcio\",\"item\":\"https:\\\/\\\/jornaldasoficinas.com\\\/pt\\\/\"},{\"@type\":\"ListItem\",\"position\":2,\"name\":\"Galp apoia lan\u00e7amento de nova empresa Flow\"}]},{\"@type\":\"WebSite\",\"@id\":\"https:\\\/\\\/jornaldasoficinas.com\\\/pt\\\/#website\",\"url\":\"https:\\\/\\\/jornaldasoficinas.com\\\/pt\\\/\",\"name\":\"Jornal das Oficinas\",\"description\":\"Jornal independente do Aftermarket Autom\u00f3vel em Portugal\",\"publisher\":{\"@id\":\"https:\\\/\\\/jornaldasoficinas.com\\\/pt\\\/#organization\"},\"potentialAction\":[{\"@type\":\"SearchAction\",\"target\":{\"@type\":\"EntryPoint\",\"urlTemplate\":\"https:\\\/\\\/jornaldasoficinas.com\\\/pt\\\/?s={search_term_string}\"},\"query-input\":{\"@type\":\"PropertyValueSpecification\",\"valueRequired\":true,\"valueName\":\"search_term_string\"}}],\"inLanguage\":\"pt-PT\"},{\"@type\":\"Organization\",\"@id\":\"https:\\\/\\\/jornaldasoficinas.com\\\/pt\\\/#organization\",\"name\":\"Jornal das Oficinas\",\"url\":\"https:\\\/\\\/jornaldasoficinas.com\\\/pt\\\/\",\"logo\":{\"@type\":\"ImageObject\",\"inLanguage\":\"pt-PT\",\"@id\":\"https:\\\/\\\/jornaldasoficinas.com\\\/pt\\\/#\\\/schema\\\/logo\\\/image\\\/\",\"url\":\"https:\\\/\\\/jornaldasoficinas.com\\\/pt\\\/wp-content\\\/uploads\\\/logoJO-SEO.png\",\"contentUrl\":\"https:\\\/\\\/jornaldasoficinas.com\\\/pt\\\/wp-content\\\/uploads\\\/logoJO-SEO.png\",\"width\":285,\"height\":450,\"caption\":\"Jornal das Oficinas\"},\"image\":{\"@id\":\"https:\\\/\\\/jornaldasoficinas.com\\\/pt\\\/#\\\/schema\\\/logo\\\/image\\\/\"},\"sameAs\":[\"https:\\\/\\\/www.facebook.com\\\/jornaloficinas\",\"https:\\\/\\\/x.com\\\/jornaloficinas\",\"https:\\\/\\\/www.instagram.com\\\/jornal_oficinas\\\/\",\"https:\\\/\\\/www.linkedin.com\\\/company\\\/jornal-das-oficinas\\\/\",\"https:\\\/\\\/www.youtube.com\\\/channel\\\/UCbQZBqtcvV-oSQrr7RzINGg\"]},{\"@type\":\"Person\",\"@id\":\"https:\\\/\\\/jornaldasoficinas.com\\\/pt\\\/#\\\/schema\\\/person\\\/a38eef5de2c41d9e7c9ac10141afddf3\",\"name\":\"Reda\u00e7\u00e3o JO\",\"image\":{\"@type\":\"ImageObject\",\"inLanguage\":\"pt-PT\",\"@id\":\"https:\\\/\\\/secure.gravatar.com\\\/avatar\\\/71f2fa71737ad68a84fea94bc708ddac8ea5b0c4788dc2ad202f3ccb2887742f?s=96&d=wp_user_avatar&r=g\",\"url\":\"https:\\\/\\\/secure.gravatar.com\\\/avatar\\\/71f2fa71737ad68a84fea94bc708ddac8ea5b0c4788dc2ad202f3ccb2887742f?s=96&d=wp_user_avatar&r=g\",\"contentUrl\":\"https:\\\/\\\/secure.gravatar.com\\\/avatar\\\/71f2fa71737ad68a84fea94bc708ddac8ea5b0c4788dc2ad202f3ccb2887742f?s=96&d=wp_user_avatar&r=g\",\"caption\":\"Reda\u00e7\u00e3o JO\"},\"url\":\"https:\\\/\\\/jornaldasoficinas.com\\\/pt\\\/author\\\/joredacao\\\/\"}]}<\/script>\n<!-- \/ Yoast SEO plugin. -->","yoast_head_json":{"title":"Galp apoia lan\u00e7amento de nova empresa Flow - Jornal das Oficinas","robots":{"index":"index","follow":"follow","max-snippet":"max-snippet:-1","max-image-preview":"max-image-preview:large","max-video-preview":"max-video-preview:-1"},"canonical":"https:\/\/jornaldasoficinas.com\/pt\/galp-apoia-lancamento-de-nova-empresa-flow\/","og_locale":"pt_PT","og_type":"article","og_title":"Galp apoia lan\u00e7amento de nova empresa Flow - Jornal das Oficinas","og_description":"Flow disponibiliza plataforma para acelerar a...","og_url":"https:\/\/jornaldasoficinas.com\/pt\/galp-apoia-lancamento-de-nova-empresa-flow\/","og_site_name":"Jornal das Oficinas","article_publisher":"https:\/\/www.facebook.com\/jornaloficinas","article_published_time":"2019-10-12T11:02:09+00:00","article_modified_time":"2019-10-16T17:14:04+00:00","og_image":[{"width":1024,"height":581,"url":"https:\/\/jornaldasoficinas.com\/pt\/wp-content\/uploads\/2019\/10\/Jornal_das_Oficinas_GalpFlow.jpg","type":"image\/jpeg"}],"author":"Reda\u00e7\u00e3o JO","twitter_card":"summary_large_image","twitter_creator":"@jornaloficinas","twitter_site":"@jornaloficinas","twitter_misc":{"Escrito por":"Reda\u00e7\u00e3o JO","Tempo estimado de leitura":"2 minutos"},"schema":{"@context":"https:\/\/schema.org","@graph":[{"@type":"Article","@id":"https:\/\/jornaldasoficinas.com\/pt\/galp-apoia-lancamento-de-nova-empresa-flow\/#article","isPartOf":{"@id":"https:\/\/jornaldasoficinas.com\/pt\/galp-apoia-lancamento-de-nova-empresa-flow\/"},"author":{"name":"Reda\u00e7\u00e3o JO","@id":"https:\/\/jornaldasoficinas.com\/pt\/#\/schema\/person\/a38eef5de2c41d9e7c9ac10141afddf3"},"headline":"Galp apoia lan\u00e7amento de nova empresa Flow","datePublished":"2019-10-12T11:02:09+00:00","dateModified":"2019-10-16T17:14:04+00:00","mainEntityOfPage":{"@id":"https:\/\/jornaldasoficinas.com\/pt\/galp-apoia-lancamento-de-nova-empresa-flow\/"},"wordCount":328,"publisher":{"@id":"https:\/\/jornaldasoficinas.com\/pt\/#organization"},"image":{"@id":"https:\/\/jornaldasoficinas.com\/pt\/galp-apoia-lancamento-de-nova-empresa-flow\/#primaryimage"},"thumbnailUrl":"https:\/\/jornaldasoficinas.com\/pt\/wp-content\/uploads\/2019\/10\/Jornal_das_Oficinas_GalpFlow.jpg","keywords":["Flow","Galp"],"articleSection":["Empresas"],"inLanguage":"pt-PT"},{"@type":"WebPage","@id":"https:\/\/jornaldasoficinas.com\/pt\/galp-apoia-lancamento-de-nova-empresa-flow\/","url":"https:\/\/jornaldasoficinas.com\/pt\/galp-apoia-lancamento-de-nova-empresa-flow\/","name":"Galp apoia lan\u00e7amento de nova empresa Flow - Jornal das Oficinas","isPartOf":{"@id":"https:\/\/jornaldasoficinas.com\/pt\/#website"},"primaryImageOfPage":{"@id":"https:\/\/jornaldasoficinas.com\/pt\/galp-apoia-lancamento-de-nova-empresa-flow\/#primaryimage"},"image":{"@id":"https:\/\/jornaldasoficinas.com\/pt\/galp-apoia-lancamento-de-nova-empresa-flow\/#primaryimage"},"thumbnailUrl":"https:\/\/jornaldasoficinas.com\/pt\/wp-content\/uploads\/2019\/10\/Jornal_das_Oficinas_GalpFlow.jpg","datePublished":"2019-10-12T11:02:09+00:00","dateModified":"2019-10-16T17:14:04+00:00","breadcrumb":{"@id":"https:\/\/jornaldasoficinas.com\/pt\/galp-apoia-lancamento-de-nova-empresa-flow\/#breadcrumb"},"inLanguage":"pt-PT","potentialAction":[{"@type":"ReadAction","target":["https:\/\/jornaldasoficinas.com\/pt\/galp-apoia-lancamento-de-nova-empresa-flow\/"]}]},{"@type":"ImageObject","inLanguage":"pt-PT","@id":"https:\/\/jornaldasoficinas.com\/pt\/galp-apoia-lancamento-de-nova-empresa-flow\/#primaryimage","url":"https:\/\/jornaldasoficinas.com\/pt\/wp-content\/uploads\/2019\/10\/Jornal_das_Oficinas_GalpFlow.jpg","contentUrl":"https:\/\/jornaldasoficinas.com\/pt\/wp-content\/uploads\/2019\/10\/Jornal_das_Oficinas_GalpFlow.jpg","width":1024,"height":581,"caption":"10 - Jornal_das_Oficinas_GalpFlow"},{"@type":"BreadcrumbList","@id":"https:\/\/jornaldasoficinas.com\/pt\/galp-apoia-lancamento-de-nova-empresa-flow\/#breadcrumb","itemListElement":[{"@type":"ListItem","position":1,"name":"In\u00edcio","item":"https:\/\/jornaldasoficinas.com\/pt\/"},{"@type":"ListItem","position":2,"name":"Galp apoia lan\u00e7amento de nova empresa Flow"}]},{"@type":"WebSite","@id":"https:\/\/jornaldasoficinas.com\/pt\/#website","url":"https:\/\/jornaldasoficinas.com\/pt\/","name":"Jornal das Oficinas","description":"Jornal independente do Aftermarket Autom\u00f3vel em Portugal","publisher":{"@id":"https:\/\/jornaldasoficinas.com\/pt\/#organization"},"potentialAction":[{"@type":"SearchAction","target":{"@type":"EntryPoint","urlTemplate":"https:\/\/jornaldasoficinas.com\/pt\/?s={search_term_string}"},"query-input":{"@type":"PropertyValueSpecification","valueRequired":true,"valueName":"search_term_string"}}],"inLanguage":"pt-PT"},{"@type":"Organization","@id":"https:\/\/jornaldasoficinas.com\/pt\/#organization","name":"Jornal das Oficinas","url":"https:\/\/jornaldasoficinas.com\/pt\/","logo":{"@type":"ImageObject","inLanguage":"pt-PT","@id":"https:\/\/jornaldasoficinas.com\/pt\/#\/schema\/logo\/image\/","url":"https:\/\/jornaldasoficinas.com\/pt\/wp-content\/uploads\/logoJO-SEO.png","contentUrl":"https:\/\/jornaldasoficinas.com\/pt\/wp-content\/uploads\/logoJO-SEO.png","width":285,"height":450,"caption":"Jornal das Oficinas"},"image":{"@id":"https:\/\/jornaldasoficinas.com\/pt\/#\/schema\/logo\/image\/"},"sameAs":["https:\/\/www.facebook.com\/jornaloficinas","https:\/\/x.com\/jornaloficinas","https:\/\/www.instagram.com\/jornal_oficinas\/","https:\/\/www.linkedin.com\/company\/jornal-das-oficinas\/","https:\/\/www.youtube.com\/channel\/UCbQZBqtcvV-oSQrr7RzINGg"]},{"@type":"Person","@id":"https:\/\/jornaldasoficinas.com\/pt\/#\/schema\/person\/a38eef5de2c41d9e7c9ac10141afddf3","name":"Reda\u00e7\u00e3o JO","image":{"@type":"ImageObject","inLanguage":"pt-PT","@id":"https:\/\/secure.gravatar.com\/avatar\/71f2fa71737ad68a84fea94bc708ddac8ea5b0c4788dc2ad202f3ccb2887742f?s=96&d=wp_user_avatar&r=g","url":"https:\/\/secure.gravatar.com\/avatar\/71f2fa71737ad68a84fea94bc708ddac8ea5b0c4788dc2ad202f3ccb2887742f?s=96&d=wp_user_avatar&r=g","contentUrl":"https:\/\/secure.gravatar.com\/avatar\/71f2fa71737ad68a84fea94bc708ddac8ea5b0c4788dc2ad202f3ccb2887742f?s=96&d=wp_user_avatar&r=g","caption":"Reda\u00e7\u00e3o JO"},"url":"https:\/\/jornaldasoficinas.com\/pt\/author\/joredacao\/"}]}},"_links":{"self":[{"href":"https:\/\/jornaldasoficinas.com\/pt\/wp-json\/wp\/v2\/posts\/4994","targetHints":{"allow":["GET"]}}],"collection":[{"href":"https:\/\/jornaldasoficinas.com\/pt\/wp-json\/wp\/v2\/posts"}],"about":[{"href":"https:\/\/jornaldasoficinas.com\/pt\/wp-json\/wp\/v2\/types\/post"}],"author":[{"embeddable":true,"href":"https:\/\/jornaldasoficinas.com\/pt\/wp-json\/wp\/v2\/users\/15"}],"replies":[{"embeddable":true,"href":"https:\/\/jornaldasoficinas.com\/pt\/wp-json\/wp\/v2\/comments?post=4994"}],"version-history":[{"count":0,"href":"https:\/\/jornaldasoficinas.com\/pt\/wp-json\/wp\/v2\/posts\/4994\/revisions"}],"wp:featuredmedia":[{"embeddable":true,"href":"https:\/\/jornaldasoficinas.com\/pt\/wp-json\/wp\/v2\/media\/4872"}],"wp:attachment":[{"href":"https:\/\/jornaldasoficinas.com\/pt\/wp-json\/wp\/v2\/media?parent=4994"}],"wp:term":[{"taxonomy":"category","embeddable":true,"href":"https:\/\/jornaldasoficinas.com\/pt\/wp-json\/wp\/v2\/categories?post=4994"},{"taxonomy":"post_tag","embeddable":true,"href":"https:\/\/jornaldasoficinas.com\/pt\/wp-json\/wp\/v2\/tags?post=4994"}],"curies":[{"name":"wp","href":"https:\/\/api.w.org\/{rel}","templated":true}]}}