{"id":5149,"date":"2019-10-15T09:13:16","date_gmt":"2019-10-15T09:13:16","guid":{"rendered":"https:\/\/jornaldasoficinas.com\/pt\/?p=5149"},"modified":"2023-07-19T15:58:56","modified_gmt":"2023-07-19T14:58:56","slug":"expomecanica-sera-uma-feira-bienal-a-partir-de-2020","status":"publish","type":"post","link":"https:\/\/jornaldasoficinas.com\/pt\/expomecanica-sera-uma-feira-bienal-a-partir-de-2020\/","title":{"rendered":"expoMEC\u00c2NICA ser\u00e1 uma feira bienal a partir de 2020"},"content":{"rendered":"<p><img loading=\"lazy\" decoding=\"async\" class=\"alignnone size-full wp-image-4957\" src=\"https:\/\/jornaldasoficinas.com\/pt\/wp-content\/uploads\/2019\/10\/Jornal_das_Oficinas_expomecanica2019_IMG4001.jpg\" alt=\"10 - Jornal_das_Oficinas_expomecanica2019_IMG4001\" width=\"1024\" height=\"581\" srcset=\"https:\/\/jornaldasoficinas.com\/pt\/wp-content\/uploads\/2019\/10\/Jornal_das_Oficinas_expomecanica2019_IMG4001.jpg 1024w, https:\/\/jornaldasoficinas.com\/pt\/wp-content\/uploads\/2019\/10\/Jornal_das_Oficinas_expomecanica2019_IMG4001-150x85.jpg 150w, https:\/\/jornaldasoficinas.com\/pt\/wp-content\/uploads\/2019\/10\/Jornal_das_Oficinas_expomecanica2019_IMG4001-300x170.jpg 300w, https:\/\/jornaldasoficinas.com\/pt\/wp-content\/uploads\/2019\/10\/Jornal_das_Oficinas_expomecanica2019_IMG4001-768x436.jpg 768w\" sizes=\"auto, (max-width: 1024px) 100vw, 1024px\" \/><\/p>\n<p><strong>Da pr\u00f3xima edi\u00e7\u00e3o em diante, o Sal\u00e3o de Equipamentos, Servi\u00e7os e Pe\u00e7as Auto passar\u00e1 a realizar-se a cada dois anos, alinhando a sua periodicidade com os principais eventos internacionais do setor.<\/strong><\/p>\n<p>A novidade agrada ao tecido empresarial portugu\u00eas. E, igualmente, aos expositores espanh\u00f3is. Tudo indica que a expoMEC\u00c2NICA 2020 ter\u00e1 a maior participa\u00e7\u00e3o espanhola de sempre.<\/p>\n<p>A seis meses da realiza\u00e7\u00e3o do Sal\u00e3o de Equipamentos, Servi\u00e7os e Pe\u00e7as Auto (de 17 a 19 de abril), a planta do maior evento ib\u00e9rico do autom\u00f3vel do primeiro semestre de 2020, a acontecer na EXPONOR, Feira Internacional do Porto, j\u00e1 integra o mesmo n\u00famero de expositores espanh\u00f3is da edi\u00e7\u00e3o anterior.<\/p>\n<p>E j\u00e1 h\u00e1 operadores econ\u00f3micos italianos e belgas no &#8220;card\u00e1pio&#8221; da edi\u00e7\u00e3o do pr\u00f3ximo ano, com reservas de espa\u00e7o feitas.<\/p>\n<p>Na grelha de partida da expoMEC\u00c2NICA 2020, dever\u00e1 perfilar-se mais um recorde de participa\u00e7\u00e3o espanhola. E internacional, provavelmente.<\/p>\n<p>Para o efeito, muito est\u00e1 j\u00e1 a contribuir a decis\u00e3o da Kikai Eventos, organizadora do evento de refer\u00eancia do p\u00f3s-venda portugu\u00eas, de reposicionar a feira, alterando a sua periodicidade.<\/p>\n<p>O sal\u00e3o vai realizar-se de dois em dois anos a partir de 2020, alternando com a Motortec Automechanika Madrid.<\/p>\n<p>O acerto de calend\u00e1rio no pr\u00f3ximo ano far\u00e1 a 8.\u00aa edi\u00e7\u00e3o do certame acontecer s\u00f3 em 2022. Desta forma, a expoMEC\u00c2NICA alinha-se com as tend\u00eancias internacionais do setor, permitindo ainda o seu crescimento no panorama dos principias eventos europeus que espelham a atividade.<\/p>\n<p>Depois de uma profunda reflex\u00e3o e consulta ao mercado, \u201cassumimos um novo compromisso com o setor. A recetividade, nacional e internacional, est\u00e1 a ser muito positiva. Estamos a conseguir excelentes resultados l\u00e1 fora, sobretudo em Espanha, o que nos leva a crer que vamos ter a melhor participa\u00e7\u00e3o de sempre\u201d, explica Jos\u00e9 Manuel Costa, diretor-geral da Kikai Eventos e diretor da feira.<\/p>\n<p>Esta altera\u00e7\u00e3o vai ao encontro do que pretende o mercado e a organiza\u00e7\u00e3o da feira. \u201cColocamos o interesse do setor acima de tudo. Provamos que somos uma alternativa, cred\u00edvel e segura, a todos os que pretendem, tal como n\u00f3s, crescer e alargar as fronteiras do <em>aftermarket<\/em>. Adot\u00e1mos um modelo que funciona em toda a Europa\u201d, refere o respons\u00e1vel.<\/p>\n<p>A campanha da <a href=\"http:\/\/www.expomecanica.pt\/\" target=\"_blank\" rel=\"noopener noreferrer\">expoMEC\u00c2NICA<\/a> 2020 prossegue com ganhos nos principais indicadores comerciais. Mais de metade da \u00e1rea expositiva, 24.000 m<sup>2<\/sup>, est\u00e1 j\u00e1 ocupada por um total de 157 empresas, evidenciando um forte interesse dos operadores do p\u00f3s-venda no certame.<\/p>\n<p>A \u201cfor\u00e7a\u201d da feira est\u00e1, precisamente, nesta participa\u00e7\u00e3o, atempada e ininterrupta, de \u201cmuitos dos grandes <em>players<\/em>\u201d, frisa S\u00f3nia Rodrigues, diretora comercial da Kikai Eventos.<\/p>\n<p>Com mais 8.000 m<sup>2<\/sup> dispon\u00edveis no desenho da 7.\u00aa edi\u00e7\u00e3o do Sal\u00e3o de Equipamentos, Servi\u00e7os e Pe\u00e7as Auto, existe, assim, a expectativa de novos crescimentos em v\u00e1rios indicadores, quantitativos e qualitativos.<\/p>\n<p>\u201cEstamos no bom caminho para obtermos um resultado hist\u00f3rico em termos de \u00e1rea l\u00edquida alugada tamb\u00e9m. Dos quatro pavilh\u00f5es da EXPONOR alocados ao evento, a nave 5 do recinto est\u00e1, nesta altura, praticamente preenchida. O Pavilh\u00e3o 4 para l\u00e1 caminha: tem 75% da \u00e1rea reservada e estamos com uma ocupa\u00e7\u00e3o de 33% nos dois restantes. E a campanha ainda s\u00f3 vai a meio\u201d, salienta S\u00f3nia Rodrigues.<\/p>\n","protected":false},"excerpt":{"rendered":"<p>Da pr\u00f3xima edi\u00e7\u00e3o em diante, o&#8230;<\/p>\n","protected":false},"author":15,"featured_media":4957,"comment_status":"closed","ping_status":"closed","sticky":false,"template":"","format":"standard","meta":{"footnotes":""},"categories":[29],"tags":[78,472,473,79,474],"class_list":["post-5149","post","type-post","status-publish","format-standard","has-post-thumbnail","hentry","category-empresas","tag-expomecanica","tag-expomecanica-2020","tag-exponor","tag-kikai-eventos","tag-porto"],"yoast_head":"<!-- This site is optimized with the Yoast SEO plugin v27.4 - https:\/\/yoast.com\/product\/yoast-seo-wordpress\/ -->\n<title>expoMEC\u00c2NICA ser\u00e1 uma feira bienal a partir de 2020 - Jornal das Oficinas<\/title>\n<meta name=\"robots\" content=\"index, follow, max-snippet:-1, max-image-preview:large, max-video-preview:-1\" \/>\n<link rel=\"canonical\" href=\"https:\/\/jornaldasoficinas.com\/pt\/expomecanica-sera-uma-feira-bienal-a-partir-de-2020\/\" \/>\n<meta property=\"og:locale\" content=\"pt_PT\" \/>\n<meta property=\"og:type\" content=\"article\" \/>\n<meta property=\"og:title\" content=\"expoMEC\u00c2NICA ser\u00e1 uma feira bienal a partir de 2020 - Jornal das Oficinas\" \/>\n<meta property=\"og:description\" content=\"Da pr\u00f3xima edi\u00e7\u00e3o em diante, o...\" \/>\n<meta property=\"og:url\" content=\"https:\/\/jornaldasoficinas.com\/pt\/expomecanica-sera-uma-feira-bienal-a-partir-de-2020\/\" \/>\n<meta property=\"og:site_name\" content=\"Jornal das Oficinas\" \/>\n<meta property=\"article:publisher\" content=\"https:\/\/www.facebook.com\/jornaloficinas\" \/>\n<meta property=\"article:published_time\" content=\"2019-10-15T09:13:16+00:00\" \/>\n<meta property=\"article:modified_time\" content=\"2023-07-19T14:58:56+00:00\" \/>\n<meta property=\"og:image\" content=\"https:\/\/jornaldasoficinas.com\/pt\/wp-content\/uploads\/2019\/10\/Jornal_das_Oficinas_expomecanica2019_IMG4001.jpg\" \/>\n\t<meta property=\"og:image:width\" content=\"1024\" \/>\n\t<meta property=\"og:image:height\" content=\"581\" \/>\n\t<meta property=\"og:image:type\" content=\"image\/jpeg\" \/>\n<meta name=\"author\" content=\"Reda\u00e7\u00e3o JO\" \/>\n<meta name=\"twitter:card\" content=\"summary_large_image\" \/>\n<meta name=\"twitter:creator\" content=\"@jornaloficinas\" \/>\n<meta name=\"twitter:site\" content=\"@jornaloficinas\" \/>\n<meta name=\"twitter:label1\" content=\"Escrito por\" \/>\n\t<meta name=\"twitter:data1\" content=\"Reda\u00e7\u00e3o JO\" \/>\n\t<meta name=\"twitter:label2\" content=\"Tempo estimado de leitura\" \/>\n\t<meta name=\"twitter:data2\" content=\"3 minutos\" \/>\n<script type=\"application\/ld+json\" class=\"yoast-schema-graph\">{\"@context\":\"https:\\\/\\\/schema.org\",\"@graph\":[{\"@type\":\"Article\",\"@id\":\"https:\\\/\\\/jornaldasoficinas.com\\\/pt\\\/expomecanica-sera-uma-feira-bienal-a-partir-de-2020\\\/#article\",\"isPartOf\":{\"@id\":\"https:\\\/\\\/jornaldasoficinas.com\\\/pt\\\/expomecanica-sera-uma-feira-bienal-a-partir-de-2020\\\/\"},\"author\":{\"name\":\"Reda\u00e7\u00e3o JO\",\"@id\":\"https:\\\/\\\/jornaldasoficinas.com\\\/pt\\\/#\\\/schema\\\/person\\\/a38eef5de2c41d9e7c9ac10141afddf3\"},\"headline\":\"expoMEC\u00c2NICA ser\u00e1 uma feira bienal a partir de 2020\",\"datePublished\":\"2019-10-15T09:13:16+00:00\",\"dateModified\":\"2023-07-19T14:58:56+00:00\",\"mainEntityOfPage\":{\"@id\":\"https:\\\/\\\/jornaldasoficinas.com\\\/pt\\\/expomecanica-sera-uma-feira-bienal-a-partir-de-2020\\\/\"},\"wordCount\":569,\"publisher\":{\"@id\":\"https:\\\/\\\/jornaldasoficinas.com\\\/pt\\\/#organization\"},\"image\":{\"@id\":\"https:\\\/\\\/jornaldasoficinas.com\\\/pt\\\/expomecanica-sera-uma-feira-bienal-a-partir-de-2020\\\/#primaryimage\"},\"thumbnailUrl\":\"https:\\\/\\\/jornaldasoficinas.com\\\/pt\\\/wp-content\\\/uploads\\\/2019\\\/10\\\/Jornal_das_Oficinas_expomecanica2019_IMG4001.jpg\",\"keywords\":[\"expoMEC\u00c2NICA\",\"expoMEC\u00c2NICA 2020\",\"Exponor\",\"Kikai Eventos\",\"Porto\"],\"articleSection\":[\"Empresas\"],\"inLanguage\":\"pt-PT\"},{\"@type\":\"WebPage\",\"@id\":\"https:\\\/\\\/jornaldasoficinas.com\\\/pt\\\/expomecanica-sera-uma-feira-bienal-a-partir-de-2020\\\/\",\"url\":\"https:\\\/\\\/jornaldasoficinas.com\\\/pt\\\/expomecanica-sera-uma-feira-bienal-a-partir-de-2020\\\/\",\"name\":\"expoMEC\u00c2NICA ser\u00e1 uma feira bienal a partir de 2020 - Jornal das Oficinas\",\"isPartOf\":{\"@id\":\"https:\\\/\\\/jornaldasoficinas.com\\\/pt\\\/#website\"},\"primaryImageOfPage\":{\"@id\":\"https:\\\/\\\/jornaldasoficinas.com\\\/pt\\\/expomecanica-sera-uma-feira-bienal-a-partir-de-2020\\\/#primaryimage\"},\"image\":{\"@id\":\"https:\\\/\\\/jornaldasoficinas.com\\\/pt\\\/expomecanica-sera-uma-feira-bienal-a-partir-de-2020\\\/#primaryimage\"},\"thumbnailUrl\":\"https:\\\/\\\/jornaldasoficinas.com\\\/pt\\\/wp-content\\\/uploads\\\/2019\\\/10\\\/Jornal_das_Oficinas_expomecanica2019_IMG4001.jpg\",\"datePublished\":\"2019-10-15T09:13:16+00:00\",\"dateModified\":\"2023-07-19T14:58:56+00:00\",\"breadcrumb\":{\"@id\":\"https:\\\/\\\/jornaldasoficinas.com\\\/pt\\\/expomecanica-sera-uma-feira-bienal-a-partir-de-2020\\\/#breadcrumb\"},\"inLanguage\":\"pt-PT\",\"potentialAction\":[{\"@type\":\"ReadAction\",\"target\":[\"https:\\\/\\\/jornaldasoficinas.com\\\/pt\\\/expomecanica-sera-uma-feira-bienal-a-partir-de-2020\\\/\"]}]},{\"@type\":\"ImageObject\",\"inLanguage\":\"pt-PT\",\"@id\":\"https:\\\/\\\/jornaldasoficinas.com\\\/pt\\\/expomecanica-sera-uma-feira-bienal-a-partir-de-2020\\\/#primaryimage\",\"url\":\"https:\\\/\\\/jornaldasoficinas.com\\\/pt\\\/wp-content\\\/uploads\\\/2019\\\/10\\\/Jornal_das_Oficinas_expomecanica2019_IMG4001.jpg\",\"contentUrl\":\"https:\\\/\\\/jornaldasoficinas.com\\\/pt\\\/wp-content\\\/uploads\\\/2019\\\/10\\\/Jornal_das_Oficinas_expomecanica2019_IMG4001.jpg\",\"width\":1024,\"height\":581,\"caption\":\"10 - Jornal_das_Oficinas_expomecanica2019_IMG4001\"},{\"@type\":\"BreadcrumbList\",\"@id\":\"https:\\\/\\\/jornaldasoficinas.com\\\/pt\\\/expomecanica-sera-uma-feira-bienal-a-partir-de-2020\\\/#breadcrumb\",\"itemListElement\":[{\"@type\":\"ListItem\",\"position\":1,\"name\":\"In\u00edcio\",\"item\":\"https:\\\/\\\/jornaldasoficinas.com\\\/pt\\\/\"},{\"@type\":\"ListItem\",\"position\":2,\"name\":\"expoMEC\u00c2NICA ser\u00e1 uma feira bienal a partir de 2020\"}]},{\"@type\":\"WebSite\",\"@id\":\"https:\\\/\\\/jornaldasoficinas.com\\\/pt\\\/#website\",\"url\":\"https:\\\/\\\/jornaldasoficinas.com\\\/pt\\\/\",\"name\":\"Jornal das Oficinas\",\"description\":\"Jornal independente do Aftermarket Autom\u00f3vel em Portugal\",\"publisher\":{\"@id\":\"https:\\\/\\\/jornaldasoficinas.com\\\/pt\\\/#organization\"},\"potentialAction\":[{\"@type\":\"SearchAction\",\"target\":{\"@type\":\"EntryPoint\",\"urlTemplate\":\"https:\\\/\\\/jornaldasoficinas.com\\\/pt\\\/?s={search_term_string}\"},\"query-input\":{\"@type\":\"PropertyValueSpecification\",\"valueRequired\":true,\"valueName\":\"search_term_string\"}}],\"inLanguage\":\"pt-PT\"},{\"@type\":\"Organization\",\"@id\":\"https:\\\/\\\/jornaldasoficinas.com\\\/pt\\\/#organization\",\"name\":\"Jornal das Oficinas\",\"url\":\"https:\\\/\\\/jornaldasoficinas.com\\\/pt\\\/\",\"logo\":{\"@type\":\"ImageObject\",\"inLanguage\":\"pt-PT\",\"@id\":\"https:\\\/\\\/jornaldasoficinas.com\\\/pt\\\/#\\\/schema\\\/logo\\\/image\\\/\",\"url\":\"https:\\\/\\\/jornaldasoficinas.com\\\/pt\\\/wp-content\\\/uploads\\\/logoJO-SEO.png\",\"contentUrl\":\"https:\\\/\\\/jornaldasoficinas.com\\\/pt\\\/wp-content\\\/uploads\\\/logoJO-SEO.png\",\"width\":285,\"height\":450,\"caption\":\"Jornal das Oficinas\"},\"image\":{\"@id\":\"https:\\\/\\\/jornaldasoficinas.com\\\/pt\\\/#\\\/schema\\\/logo\\\/image\\\/\"},\"sameAs\":[\"https:\\\/\\\/www.facebook.com\\\/jornaloficinas\",\"https:\\\/\\\/x.com\\\/jornaloficinas\",\"https:\\\/\\\/www.instagram.com\\\/jornal_oficinas\\\/\",\"https:\\\/\\\/www.linkedin.com\\\/company\\\/jornal-das-oficinas\\\/\",\"https:\\\/\\\/www.youtube.com\\\/channel\\\/UCbQZBqtcvV-oSQrr7RzINGg\"]},{\"@type\":\"Person\",\"@id\":\"https:\\\/\\\/jornaldasoficinas.com\\\/pt\\\/#\\\/schema\\\/person\\\/a38eef5de2c41d9e7c9ac10141afddf3\",\"name\":\"Reda\u00e7\u00e3o JO\",\"image\":{\"@type\":\"ImageObject\",\"inLanguage\":\"pt-PT\",\"@id\":\"https:\\\/\\\/secure.gravatar.com\\\/avatar\\\/71f2fa71737ad68a84fea94bc708ddac8ea5b0c4788dc2ad202f3ccb2887742f?s=96&d=wp_user_avatar&r=g\",\"url\":\"https:\\\/\\\/secure.gravatar.com\\\/avatar\\\/71f2fa71737ad68a84fea94bc708ddac8ea5b0c4788dc2ad202f3ccb2887742f?s=96&d=wp_user_avatar&r=g\",\"contentUrl\":\"https:\\\/\\\/secure.gravatar.com\\\/avatar\\\/71f2fa71737ad68a84fea94bc708ddac8ea5b0c4788dc2ad202f3ccb2887742f?s=96&d=wp_user_avatar&r=g\",\"caption\":\"Reda\u00e7\u00e3o JO\"},\"url\":\"https:\\\/\\\/jornaldasoficinas.com\\\/pt\\\/author\\\/joredacao\\\/\"}]}<\/script>\n<!-- \/ Yoast SEO plugin. -->","yoast_head_json":{"title":"expoMEC\u00c2NICA ser\u00e1 uma feira bienal a partir de 2020 - Jornal das Oficinas","robots":{"index":"index","follow":"follow","max-snippet":"max-snippet:-1","max-image-preview":"max-image-preview:large","max-video-preview":"max-video-preview:-1"},"canonical":"https:\/\/jornaldasoficinas.com\/pt\/expomecanica-sera-uma-feira-bienal-a-partir-de-2020\/","og_locale":"pt_PT","og_type":"article","og_title":"expoMEC\u00c2NICA ser\u00e1 uma feira bienal a partir de 2020 - Jornal das Oficinas","og_description":"Da pr\u00f3xima edi\u00e7\u00e3o em diante, o...","og_url":"https:\/\/jornaldasoficinas.com\/pt\/expomecanica-sera-uma-feira-bienal-a-partir-de-2020\/","og_site_name":"Jornal das Oficinas","article_publisher":"https:\/\/www.facebook.com\/jornaloficinas","article_published_time":"2019-10-15T09:13:16+00:00","article_modified_time":"2023-07-19T14:58:56+00:00","og_image":[{"width":1024,"height":581,"url":"https:\/\/jornaldasoficinas.com\/pt\/wp-content\/uploads\/2019\/10\/Jornal_das_Oficinas_expomecanica2019_IMG4001.jpg","type":"image\/jpeg"}],"author":"Reda\u00e7\u00e3o JO","twitter_card":"summary_large_image","twitter_creator":"@jornaloficinas","twitter_site":"@jornaloficinas","twitter_misc":{"Escrito por":"Reda\u00e7\u00e3o JO","Tempo estimado de leitura":"3 minutos"},"schema":{"@context":"https:\/\/schema.org","@graph":[{"@type":"Article","@id":"https:\/\/jornaldasoficinas.com\/pt\/expomecanica-sera-uma-feira-bienal-a-partir-de-2020\/#article","isPartOf":{"@id":"https:\/\/jornaldasoficinas.com\/pt\/expomecanica-sera-uma-feira-bienal-a-partir-de-2020\/"},"author":{"name":"Reda\u00e7\u00e3o JO","@id":"https:\/\/jornaldasoficinas.com\/pt\/#\/schema\/person\/a38eef5de2c41d9e7c9ac10141afddf3"},"headline":"expoMEC\u00c2NICA ser\u00e1 uma feira bienal a partir de 2020","datePublished":"2019-10-15T09:13:16+00:00","dateModified":"2023-07-19T14:58:56+00:00","mainEntityOfPage":{"@id":"https:\/\/jornaldasoficinas.com\/pt\/expomecanica-sera-uma-feira-bienal-a-partir-de-2020\/"},"wordCount":569,"publisher":{"@id":"https:\/\/jornaldasoficinas.com\/pt\/#organization"},"image":{"@id":"https:\/\/jornaldasoficinas.com\/pt\/expomecanica-sera-uma-feira-bienal-a-partir-de-2020\/#primaryimage"},"thumbnailUrl":"https:\/\/jornaldasoficinas.com\/pt\/wp-content\/uploads\/2019\/10\/Jornal_das_Oficinas_expomecanica2019_IMG4001.jpg","keywords":["expoMEC\u00c2NICA","expoMEC\u00c2NICA 2020","Exponor","Kikai Eventos","Porto"],"articleSection":["Empresas"],"inLanguage":"pt-PT"},{"@type":"WebPage","@id":"https:\/\/jornaldasoficinas.com\/pt\/expomecanica-sera-uma-feira-bienal-a-partir-de-2020\/","url":"https:\/\/jornaldasoficinas.com\/pt\/expomecanica-sera-uma-feira-bienal-a-partir-de-2020\/","name":"expoMEC\u00c2NICA ser\u00e1 uma feira bienal a partir de 2020 - Jornal das Oficinas","isPartOf":{"@id":"https:\/\/jornaldasoficinas.com\/pt\/#website"},"primaryImageOfPage":{"@id":"https:\/\/jornaldasoficinas.com\/pt\/expomecanica-sera-uma-feira-bienal-a-partir-de-2020\/#primaryimage"},"image":{"@id":"https:\/\/jornaldasoficinas.com\/pt\/expomecanica-sera-uma-feira-bienal-a-partir-de-2020\/#primaryimage"},"thumbnailUrl":"https:\/\/jornaldasoficinas.com\/pt\/wp-content\/uploads\/2019\/10\/Jornal_das_Oficinas_expomecanica2019_IMG4001.jpg","datePublished":"2019-10-15T09:13:16+00:00","dateModified":"2023-07-19T14:58:56+00:00","breadcrumb":{"@id":"https:\/\/jornaldasoficinas.com\/pt\/expomecanica-sera-uma-feira-bienal-a-partir-de-2020\/#breadcrumb"},"inLanguage":"pt-PT","potentialAction":[{"@type":"ReadAction","target":["https:\/\/jornaldasoficinas.com\/pt\/expomecanica-sera-uma-feira-bienal-a-partir-de-2020\/"]}]},{"@type":"ImageObject","inLanguage":"pt-PT","@id":"https:\/\/jornaldasoficinas.com\/pt\/expomecanica-sera-uma-feira-bienal-a-partir-de-2020\/#primaryimage","url":"https:\/\/jornaldasoficinas.com\/pt\/wp-content\/uploads\/2019\/10\/Jornal_das_Oficinas_expomecanica2019_IMG4001.jpg","contentUrl":"https:\/\/jornaldasoficinas.com\/pt\/wp-content\/uploads\/2019\/10\/Jornal_das_Oficinas_expomecanica2019_IMG4001.jpg","width":1024,"height":581,"caption":"10 - Jornal_das_Oficinas_expomecanica2019_IMG4001"},{"@type":"BreadcrumbList","@id":"https:\/\/jornaldasoficinas.com\/pt\/expomecanica-sera-uma-feira-bienal-a-partir-de-2020\/#breadcrumb","itemListElement":[{"@type":"ListItem","position":1,"name":"In\u00edcio","item":"https:\/\/jornaldasoficinas.com\/pt\/"},{"@type":"ListItem","position":2,"name":"expoMEC\u00c2NICA ser\u00e1 uma feira bienal a partir de 2020"}]},{"@type":"WebSite","@id":"https:\/\/jornaldasoficinas.com\/pt\/#website","url":"https:\/\/jornaldasoficinas.com\/pt\/","name":"Jornal das Oficinas","description":"Jornal independente do Aftermarket Autom\u00f3vel em Portugal","publisher":{"@id":"https:\/\/jornaldasoficinas.com\/pt\/#organization"},"potentialAction":[{"@type":"SearchAction","target":{"@type":"EntryPoint","urlTemplate":"https:\/\/jornaldasoficinas.com\/pt\/?s={search_term_string}"},"query-input":{"@type":"PropertyValueSpecification","valueRequired":true,"valueName":"search_term_string"}}],"inLanguage":"pt-PT"},{"@type":"Organization","@id":"https:\/\/jornaldasoficinas.com\/pt\/#organization","name":"Jornal das Oficinas","url":"https:\/\/jornaldasoficinas.com\/pt\/","logo":{"@type":"ImageObject","inLanguage":"pt-PT","@id":"https:\/\/jornaldasoficinas.com\/pt\/#\/schema\/logo\/image\/","url":"https:\/\/jornaldasoficinas.com\/pt\/wp-content\/uploads\/logoJO-SEO.png","contentUrl":"https:\/\/jornaldasoficinas.com\/pt\/wp-content\/uploads\/logoJO-SEO.png","width":285,"height":450,"caption":"Jornal das Oficinas"},"image":{"@id":"https:\/\/jornaldasoficinas.com\/pt\/#\/schema\/logo\/image\/"},"sameAs":["https:\/\/www.facebook.com\/jornaloficinas","https:\/\/x.com\/jornaloficinas","https:\/\/www.instagram.com\/jornal_oficinas\/","https:\/\/www.linkedin.com\/company\/jornal-das-oficinas\/","https:\/\/www.youtube.com\/channel\/UCbQZBqtcvV-oSQrr7RzINGg"]},{"@type":"Person","@id":"https:\/\/jornaldasoficinas.com\/pt\/#\/schema\/person\/a38eef5de2c41d9e7c9ac10141afddf3","name":"Reda\u00e7\u00e3o JO","image":{"@type":"ImageObject","inLanguage":"pt-PT","@id":"https:\/\/secure.gravatar.com\/avatar\/71f2fa71737ad68a84fea94bc708ddac8ea5b0c4788dc2ad202f3ccb2887742f?s=96&d=wp_user_avatar&r=g","url":"https:\/\/secure.gravatar.com\/avatar\/71f2fa71737ad68a84fea94bc708ddac8ea5b0c4788dc2ad202f3ccb2887742f?s=96&d=wp_user_avatar&r=g","contentUrl":"https:\/\/secure.gravatar.com\/avatar\/71f2fa71737ad68a84fea94bc708ddac8ea5b0c4788dc2ad202f3ccb2887742f?s=96&d=wp_user_avatar&r=g","caption":"Reda\u00e7\u00e3o JO"},"url":"https:\/\/jornaldasoficinas.com\/pt\/author\/joredacao\/"}]}},"_links":{"self":[{"href":"https:\/\/jornaldasoficinas.com\/pt\/wp-json\/wp\/v2\/posts\/5149","targetHints":{"allow":["GET"]}}],"collection":[{"href":"https:\/\/jornaldasoficinas.com\/pt\/wp-json\/wp\/v2\/posts"}],"about":[{"href":"https:\/\/jornaldasoficinas.com\/pt\/wp-json\/wp\/v2\/types\/post"}],"author":[{"embeddable":true,"href":"https:\/\/jornaldasoficinas.com\/pt\/wp-json\/wp\/v2\/users\/15"}],"replies":[{"embeddable":true,"href":"https:\/\/jornaldasoficinas.com\/pt\/wp-json\/wp\/v2\/comments?post=5149"}],"version-history":[{"count":0,"href":"https:\/\/jornaldasoficinas.com\/pt\/wp-json\/wp\/v2\/posts\/5149\/revisions"}],"wp:featuredmedia":[{"embeddable":true,"href":"https:\/\/jornaldasoficinas.com\/pt\/wp-json\/wp\/v2\/media\/4957"}],"wp:attachment":[{"href":"https:\/\/jornaldasoficinas.com\/pt\/wp-json\/wp\/v2\/media?parent=5149"}],"wp:term":[{"taxonomy":"category","embeddable":true,"href":"https:\/\/jornaldasoficinas.com\/pt\/wp-json\/wp\/v2\/categories?post=5149"},{"taxonomy":"post_tag","embeddable":true,"href":"https:\/\/jornaldasoficinas.com\/pt\/wp-json\/wp\/v2\/tags?post=5149"}],"curies":[{"name":"wp","href":"https:\/\/api.w.org\/{rel}","templated":true}]}}