{"id":5151,"date":"2019-10-15T09:17:04","date_gmt":"2019-10-15T09:17:04","guid":{"rendered":"https:\/\/jornaldasoficinas.com\/pt\/?p=5151"},"modified":"2019-10-23T06:06:39","modified_gmt":"2019-10-23T06:06:39","slug":"bosch-lanca-nova-campanha-para-software-de-oficinas-esitronic","status":"publish","type":"post","link":"https:\/\/jornaldasoficinas.com\/pt\/bosch-lanca-nova-campanha-para-software-de-oficinas-esitronic\/","title":{"rendered":"Bosch lan\u00e7a nova campanha para <em>software<\/em>"},"content":{"rendered":"<p><img loading=\"lazy\" decoding=\"async\" class=\"alignnone size-full wp-image-4959\" src=\"https:\/\/jornaldasoficinas.com\/pt\/wp-content\/uploads\/2019\/10\/Jornal_das_Oficinas_Bosch-Esitronic.jpg\" alt=\"10 - Jornal_das_Oficinas_Bosch-Esitronic\" width=\"1024\" height=\"581\" srcset=\"https:\/\/jornaldasoficinas.com\/pt\/wp-content\/uploads\/2019\/10\/Jornal_das_Oficinas_Bosch-Esitronic.jpg 1024w, https:\/\/jornaldasoficinas.com\/pt\/wp-content\/uploads\/2019\/10\/Jornal_das_Oficinas_Bosch-Esitronic-150x85.jpg 150w, https:\/\/jornaldasoficinas.com\/pt\/wp-content\/uploads\/2019\/10\/Jornal_das_Oficinas_Bosch-Esitronic-300x170.jpg 300w, https:\/\/jornaldasoficinas.com\/pt\/wp-content\/uploads\/2019\/10\/Jornal_das_Oficinas_Bosch-Esitronic-768x436.jpg 768w\" sizes=\"auto, (max-width: 1024px) 100vw, 1024px\" \/><\/p>\n<p><strong>A Bosch Automotive Aftermarket acaba de lan\u00e7ar uma nova campanha centrada no seu<em> software<\/em> ESI[tronic] SD\/SIS direcionada para as oficinas multimarca, que terminar\u00e1 a 15 de dezembro de 2019.<\/strong><\/p>\n<p>As oficinas que adquiram o ESI[tronic] SD\/SIS por um per\u00edodo de tr\u00eas anos recebem, de forma completamente gratuita, um equipamento de diagn\u00f3stico KTS 560 de \u00faltima gera\u00e7\u00e3o.<\/p>\n<p>A campanha, que n\u00e3o \u00e9 acumul\u00e1vel com outras ofertas nem descontos adicionais, est\u00e1 limitada aos 300 primeiros pedidos.<\/p>\n<p>Adicionalmente, as oficinas que adiram a esta oferta podem ainda optar pelo modelo superior, o KTS 590 com oscilosc\u00f3pio, por um valor adicional de \u20ac500.<\/p>\n<p>Com o KTS 560 e 590, a \u00faltima gera\u00e7\u00e3o de equipamentos de diagn\u00f3stico, a <a href=\"https:\/\/www.bosch.pt\/\" target=\"_blank\" rel=\"noopener noreferrer\">Bosch<\/a> ajuda as oficinas multimarca independentes nas tarefas de servi\u00e7o e repara\u00e7\u00e3o dos mais modernos sistemas que equipam os ve\u00edculos.<\/p>\n<p>Os atuais equipamentos KTS 560\/590 contam com uma interface PassThru melhorada, que possibilita \u00e0 oficina ter acesso aos dados de repara\u00e7\u00e3o dispon\u00edveis nos portais dos fabricantes dos ve\u00edculos.<\/p>\n<p>Isto permite que as oficinas independentes possam realizar a manuten\u00e7\u00e3o dos modelos de ve\u00edculos mais recentes e reprogramar unidades de controlo sem ter de encaminhar os clientes para as oficinas autorizadas para realizar essas tarefas.<\/p>\n<p>Para al\u00e9m disso, ambos os equipamentos incluem a nova interface de diagn\u00f3stico baseada no Ethernet DoIP, &#8220;Diagnostics over Internet Protocol&#8221;, que permite taxas de transfer\u00eancia de dados muito mais elevadas, algo particularmente importante devido ao aumento no volume de dados necess\u00e1rios, como, por exemplo, por parte dos sistemas de assist\u00eancia ao condutor.<\/p>\n<p>Para um diagn\u00f3stico completo ou reprograma\u00e7\u00e3o das unidades de controlo, \u00e9 necess\u00e1ria uma interface Ethernet, como a que est\u00e1 inclu\u00edda na gera\u00e7\u00e3o KTS mais recente da Bosch.<\/p>\n<p>A partir de setembro de 2020, todos os novos modelos de ve\u00edculos na Europa devem contar com um acesso de diagn\u00f3stico seguro. Para isso, os fabricantes de ve\u00edculos t\u00eam vindo a desenvolver portais de seguran\u00e7a que limitam o acesso ao sistema eletr\u00f3nico do ve\u00edculo atrav\u00e9s de uma entrada OBD.<\/p>\n<p>O <em>software<\/em> de diagn\u00f3stico ESI[tronic] da Bosch e os testes de diagn\u00f3stico KTS de \u00faltima gera\u00e7\u00e3o, ente os quais se encontram os KTS 560 e KTS 590, est\u00e3o preparados para realizar um diagn\u00f3stico completo do ve\u00edculo.<\/p>\n","protected":false},"excerpt":{"rendered":"<p>A Bosch Automotive Aftermarket acaba de&#8230;<\/p>\n","protected":false},"author":15,"featured_media":4959,"comment_status":"closed","ping_status":"closed","sticky":false,"template":"","format":"standard","meta":{"footnotes":""},"categories":[6],"tags":[123,243,475],"class_list":["post-5151","post","type-post","status-publish","format-standard","has-post-thumbnail","hentry","category-equipamentos","tag-bosch","tag-bosch-automotive-aftermarket","tag-bosch-esitronic"],"yoast_head":"<!-- This site is optimized with the Yoast SEO plugin v27.4 - https:\/\/yoast.com\/product\/yoast-seo-wordpress\/ -->\n<title>Bosch lan\u00e7a nova campanha para software - Jornal das Oficinas<\/title>\n<meta name=\"robots\" content=\"index, follow, max-snippet:-1, max-image-preview:large, max-video-preview:-1\" \/>\n<link rel=\"canonical\" href=\"https:\/\/jornaldasoficinas.com\/pt\/bosch-lanca-nova-campanha-para-software-de-oficinas-esitronic\/\" \/>\n<meta property=\"og:locale\" content=\"pt_PT\" \/>\n<meta property=\"og:type\" content=\"article\" \/>\n<meta property=\"og:title\" content=\"Bosch lan\u00e7a nova campanha para software - Jornal das Oficinas\" \/>\n<meta property=\"og:description\" content=\"A Bosch Automotive Aftermarket acaba de...\" \/>\n<meta property=\"og:url\" content=\"https:\/\/jornaldasoficinas.com\/pt\/bosch-lanca-nova-campanha-para-software-de-oficinas-esitronic\/\" \/>\n<meta property=\"og:site_name\" content=\"Jornal das Oficinas\" \/>\n<meta property=\"article:publisher\" content=\"https:\/\/www.facebook.com\/jornaloficinas\" \/>\n<meta property=\"article:published_time\" content=\"2019-10-15T09:17:04+00:00\" \/>\n<meta property=\"article:modified_time\" content=\"2019-10-23T06:06:39+00:00\" \/>\n<meta property=\"og:image\" content=\"https:\/\/jornaldasoficinas.com\/pt\/wp-content\/uploads\/2019\/10\/Jornal_das_Oficinas_Bosch-Esitronic.jpg\" \/>\n\t<meta property=\"og:image:width\" content=\"1024\" \/>\n\t<meta property=\"og:image:height\" content=\"581\" \/>\n\t<meta property=\"og:image:type\" content=\"image\/jpeg\" \/>\n<meta name=\"author\" content=\"Reda\u00e7\u00e3o JO\" \/>\n<meta name=\"twitter:card\" content=\"summary_large_image\" \/>\n<meta name=\"twitter:creator\" content=\"@jornaloficinas\" \/>\n<meta name=\"twitter:site\" content=\"@jornaloficinas\" \/>\n<meta name=\"twitter:label1\" content=\"Escrito por\" \/>\n\t<meta name=\"twitter:data1\" content=\"Reda\u00e7\u00e3o JO\" \/>\n\t<meta name=\"twitter:label2\" content=\"Tempo estimado de leitura\" \/>\n\t<meta name=\"twitter:data2\" content=\"2 minutos\" \/>\n<script type=\"application\/ld+json\" class=\"yoast-schema-graph\">{\"@context\":\"https:\\\/\\\/schema.org\",\"@graph\":[{\"@type\":\"Article\",\"@id\":\"https:\\\/\\\/jornaldasoficinas.com\\\/pt\\\/bosch-lanca-nova-campanha-para-software-de-oficinas-esitronic\\\/#article\",\"isPartOf\":{\"@id\":\"https:\\\/\\\/jornaldasoficinas.com\\\/pt\\\/bosch-lanca-nova-campanha-para-software-de-oficinas-esitronic\\\/\"},\"author\":{\"name\":\"Reda\u00e7\u00e3o JO\",\"@id\":\"https:\\\/\\\/jornaldasoficinas.com\\\/pt\\\/#\\\/schema\\\/person\\\/a38eef5de2c41d9e7c9ac10141afddf3\"},\"headline\":\"Bosch lan\u00e7a nova campanha para software\",\"datePublished\":\"2019-10-15T09:17:04+00:00\",\"dateModified\":\"2019-10-23T06:06:39+00:00\",\"mainEntityOfPage\":{\"@id\":\"https:\\\/\\\/jornaldasoficinas.com\\\/pt\\\/bosch-lanca-nova-campanha-para-software-de-oficinas-esitronic\\\/\"},\"wordCount\":399,\"publisher\":{\"@id\":\"https:\\\/\\\/jornaldasoficinas.com\\\/pt\\\/#organization\"},\"image\":{\"@id\":\"https:\\\/\\\/jornaldasoficinas.com\\\/pt\\\/bosch-lanca-nova-campanha-para-software-de-oficinas-esitronic\\\/#primaryimage\"},\"thumbnailUrl\":\"https:\\\/\\\/jornaldasoficinas.com\\\/pt\\\/wp-content\\\/uploads\\\/2019\\\/10\\\/Jornal_das_Oficinas_Bosch-Esitronic.jpg\",\"keywords\":[\"Bosch\",\"Bosch Automotive Aftermarket\",\"Bosch ESI[tronic]\"],\"articleSection\":[\"Equipamentos\"],\"inLanguage\":\"pt-PT\"},{\"@type\":\"WebPage\",\"@id\":\"https:\\\/\\\/jornaldasoficinas.com\\\/pt\\\/bosch-lanca-nova-campanha-para-software-de-oficinas-esitronic\\\/\",\"url\":\"https:\\\/\\\/jornaldasoficinas.com\\\/pt\\\/bosch-lanca-nova-campanha-para-software-de-oficinas-esitronic\\\/\",\"name\":\"Bosch lan\u00e7a nova campanha para software - Jornal das Oficinas\",\"isPartOf\":{\"@id\":\"https:\\\/\\\/jornaldasoficinas.com\\\/pt\\\/#website\"},\"primaryImageOfPage\":{\"@id\":\"https:\\\/\\\/jornaldasoficinas.com\\\/pt\\\/bosch-lanca-nova-campanha-para-software-de-oficinas-esitronic\\\/#primaryimage\"},\"image\":{\"@id\":\"https:\\\/\\\/jornaldasoficinas.com\\\/pt\\\/bosch-lanca-nova-campanha-para-software-de-oficinas-esitronic\\\/#primaryimage\"},\"thumbnailUrl\":\"https:\\\/\\\/jornaldasoficinas.com\\\/pt\\\/wp-content\\\/uploads\\\/2019\\\/10\\\/Jornal_das_Oficinas_Bosch-Esitronic.jpg\",\"datePublished\":\"2019-10-15T09:17:04+00:00\",\"dateModified\":\"2019-10-23T06:06:39+00:00\",\"breadcrumb\":{\"@id\":\"https:\\\/\\\/jornaldasoficinas.com\\\/pt\\\/bosch-lanca-nova-campanha-para-software-de-oficinas-esitronic\\\/#breadcrumb\"},\"inLanguage\":\"pt-PT\",\"potentialAction\":[{\"@type\":\"ReadAction\",\"target\":[\"https:\\\/\\\/jornaldasoficinas.com\\\/pt\\\/bosch-lanca-nova-campanha-para-software-de-oficinas-esitronic\\\/\"]}]},{\"@type\":\"ImageObject\",\"inLanguage\":\"pt-PT\",\"@id\":\"https:\\\/\\\/jornaldasoficinas.com\\\/pt\\\/bosch-lanca-nova-campanha-para-software-de-oficinas-esitronic\\\/#primaryimage\",\"url\":\"https:\\\/\\\/jornaldasoficinas.com\\\/pt\\\/wp-content\\\/uploads\\\/2019\\\/10\\\/Jornal_das_Oficinas_Bosch-Esitronic.jpg\",\"contentUrl\":\"https:\\\/\\\/jornaldasoficinas.com\\\/pt\\\/wp-content\\\/uploads\\\/2019\\\/10\\\/Jornal_das_Oficinas_Bosch-Esitronic.jpg\",\"width\":1024,\"height\":581,\"caption\":\"10 - Jornal_das_Oficinas_Bosch-Esitronic\"},{\"@type\":\"BreadcrumbList\",\"@id\":\"https:\\\/\\\/jornaldasoficinas.com\\\/pt\\\/bosch-lanca-nova-campanha-para-software-de-oficinas-esitronic\\\/#breadcrumb\",\"itemListElement\":[{\"@type\":\"ListItem\",\"position\":1,\"name\":\"In\u00edcio\",\"item\":\"https:\\\/\\\/jornaldasoficinas.com\\\/pt\\\/\"},{\"@type\":\"ListItem\",\"position\":2,\"name\":\"Bosch lan\u00e7a nova campanha para software\"}]},{\"@type\":\"WebSite\",\"@id\":\"https:\\\/\\\/jornaldasoficinas.com\\\/pt\\\/#website\",\"url\":\"https:\\\/\\\/jornaldasoficinas.com\\\/pt\\\/\",\"name\":\"Jornal das Oficinas\",\"description\":\"Jornal independente do Aftermarket Autom\u00f3vel em Portugal\",\"publisher\":{\"@id\":\"https:\\\/\\\/jornaldasoficinas.com\\\/pt\\\/#organization\"},\"potentialAction\":[{\"@type\":\"SearchAction\",\"target\":{\"@type\":\"EntryPoint\",\"urlTemplate\":\"https:\\\/\\\/jornaldasoficinas.com\\\/pt\\\/?s={search_term_string}\"},\"query-input\":{\"@type\":\"PropertyValueSpecification\",\"valueRequired\":true,\"valueName\":\"search_term_string\"}}],\"inLanguage\":\"pt-PT\"},{\"@type\":\"Organization\",\"@id\":\"https:\\\/\\\/jornaldasoficinas.com\\\/pt\\\/#organization\",\"name\":\"Jornal das Oficinas\",\"url\":\"https:\\\/\\\/jornaldasoficinas.com\\\/pt\\\/\",\"logo\":{\"@type\":\"ImageObject\",\"inLanguage\":\"pt-PT\",\"@id\":\"https:\\\/\\\/jornaldasoficinas.com\\\/pt\\\/#\\\/schema\\\/logo\\\/image\\\/\",\"url\":\"https:\\\/\\\/jornaldasoficinas.com\\\/pt\\\/wp-content\\\/uploads\\\/logoJO-SEO.png\",\"contentUrl\":\"https:\\\/\\\/jornaldasoficinas.com\\\/pt\\\/wp-content\\\/uploads\\\/logoJO-SEO.png\",\"width\":285,\"height\":450,\"caption\":\"Jornal das Oficinas\"},\"image\":{\"@id\":\"https:\\\/\\\/jornaldasoficinas.com\\\/pt\\\/#\\\/schema\\\/logo\\\/image\\\/\"},\"sameAs\":[\"https:\\\/\\\/www.facebook.com\\\/jornaloficinas\",\"https:\\\/\\\/x.com\\\/jornaloficinas\",\"https:\\\/\\\/www.instagram.com\\\/jornal_oficinas\\\/\",\"https:\\\/\\\/www.linkedin.com\\\/company\\\/jornal-das-oficinas\\\/\",\"https:\\\/\\\/www.youtube.com\\\/channel\\\/UCbQZBqtcvV-oSQrr7RzINGg\"]},{\"@type\":\"Person\",\"@id\":\"https:\\\/\\\/jornaldasoficinas.com\\\/pt\\\/#\\\/schema\\\/person\\\/a38eef5de2c41d9e7c9ac10141afddf3\",\"name\":\"Reda\u00e7\u00e3o JO\",\"image\":{\"@type\":\"ImageObject\",\"inLanguage\":\"pt-PT\",\"@id\":\"https:\\\/\\\/secure.gravatar.com\\\/avatar\\\/71f2fa71737ad68a84fea94bc708ddac8ea5b0c4788dc2ad202f3ccb2887742f?s=96&d=wp_user_avatar&r=g\",\"url\":\"https:\\\/\\\/secure.gravatar.com\\\/avatar\\\/71f2fa71737ad68a84fea94bc708ddac8ea5b0c4788dc2ad202f3ccb2887742f?s=96&d=wp_user_avatar&r=g\",\"contentUrl\":\"https:\\\/\\\/secure.gravatar.com\\\/avatar\\\/71f2fa71737ad68a84fea94bc708ddac8ea5b0c4788dc2ad202f3ccb2887742f?s=96&d=wp_user_avatar&r=g\",\"caption\":\"Reda\u00e7\u00e3o JO\"},\"url\":\"https:\\\/\\\/jornaldasoficinas.com\\\/pt\\\/author\\\/joredacao\\\/\"}]}<\/script>\n<!-- \/ Yoast SEO plugin. -->","yoast_head_json":{"title":"Bosch lan\u00e7a nova campanha para software - Jornal das Oficinas","robots":{"index":"index","follow":"follow","max-snippet":"max-snippet:-1","max-image-preview":"max-image-preview:large","max-video-preview":"max-video-preview:-1"},"canonical":"https:\/\/jornaldasoficinas.com\/pt\/bosch-lanca-nova-campanha-para-software-de-oficinas-esitronic\/","og_locale":"pt_PT","og_type":"article","og_title":"Bosch lan\u00e7a nova campanha para software - Jornal das Oficinas","og_description":"A Bosch Automotive Aftermarket acaba de...","og_url":"https:\/\/jornaldasoficinas.com\/pt\/bosch-lanca-nova-campanha-para-software-de-oficinas-esitronic\/","og_site_name":"Jornal das Oficinas","article_publisher":"https:\/\/www.facebook.com\/jornaloficinas","article_published_time":"2019-10-15T09:17:04+00:00","article_modified_time":"2019-10-23T06:06:39+00:00","og_image":[{"width":1024,"height":581,"url":"https:\/\/jornaldasoficinas.com\/pt\/wp-content\/uploads\/2019\/10\/Jornal_das_Oficinas_Bosch-Esitronic.jpg","type":"image\/jpeg"}],"author":"Reda\u00e7\u00e3o JO","twitter_card":"summary_large_image","twitter_creator":"@jornaloficinas","twitter_site":"@jornaloficinas","twitter_misc":{"Escrito por":"Reda\u00e7\u00e3o JO","Tempo estimado de leitura":"2 minutos"},"schema":{"@context":"https:\/\/schema.org","@graph":[{"@type":"Article","@id":"https:\/\/jornaldasoficinas.com\/pt\/bosch-lanca-nova-campanha-para-software-de-oficinas-esitronic\/#article","isPartOf":{"@id":"https:\/\/jornaldasoficinas.com\/pt\/bosch-lanca-nova-campanha-para-software-de-oficinas-esitronic\/"},"author":{"name":"Reda\u00e7\u00e3o JO","@id":"https:\/\/jornaldasoficinas.com\/pt\/#\/schema\/person\/a38eef5de2c41d9e7c9ac10141afddf3"},"headline":"Bosch lan\u00e7a nova campanha para software","datePublished":"2019-10-15T09:17:04+00:00","dateModified":"2019-10-23T06:06:39+00:00","mainEntityOfPage":{"@id":"https:\/\/jornaldasoficinas.com\/pt\/bosch-lanca-nova-campanha-para-software-de-oficinas-esitronic\/"},"wordCount":399,"publisher":{"@id":"https:\/\/jornaldasoficinas.com\/pt\/#organization"},"image":{"@id":"https:\/\/jornaldasoficinas.com\/pt\/bosch-lanca-nova-campanha-para-software-de-oficinas-esitronic\/#primaryimage"},"thumbnailUrl":"https:\/\/jornaldasoficinas.com\/pt\/wp-content\/uploads\/2019\/10\/Jornal_das_Oficinas_Bosch-Esitronic.jpg","keywords":["Bosch","Bosch Automotive Aftermarket","Bosch ESI[tronic]"],"articleSection":["Equipamentos"],"inLanguage":"pt-PT"},{"@type":"WebPage","@id":"https:\/\/jornaldasoficinas.com\/pt\/bosch-lanca-nova-campanha-para-software-de-oficinas-esitronic\/","url":"https:\/\/jornaldasoficinas.com\/pt\/bosch-lanca-nova-campanha-para-software-de-oficinas-esitronic\/","name":"Bosch lan\u00e7a nova campanha para software - Jornal das Oficinas","isPartOf":{"@id":"https:\/\/jornaldasoficinas.com\/pt\/#website"},"primaryImageOfPage":{"@id":"https:\/\/jornaldasoficinas.com\/pt\/bosch-lanca-nova-campanha-para-software-de-oficinas-esitronic\/#primaryimage"},"image":{"@id":"https:\/\/jornaldasoficinas.com\/pt\/bosch-lanca-nova-campanha-para-software-de-oficinas-esitronic\/#primaryimage"},"thumbnailUrl":"https:\/\/jornaldasoficinas.com\/pt\/wp-content\/uploads\/2019\/10\/Jornal_das_Oficinas_Bosch-Esitronic.jpg","datePublished":"2019-10-15T09:17:04+00:00","dateModified":"2019-10-23T06:06:39+00:00","breadcrumb":{"@id":"https:\/\/jornaldasoficinas.com\/pt\/bosch-lanca-nova-campanha-para-software-de-oficinas-esitronic\/#breadcrumb"},"inLanguage":"pt-PT","potentialAction":[{"@type":"ReadAction","target":["https:\/\/jornaldasoficinas.com\/pt\/bosch-lanca-nova-campanha-para-software-de-oficinas-esitronic\/"]}]},{"@type":"ImageObject","inLanguage":"pt-PT","@id":"https:\/\/jornaldasoficinas.com\/pt\/bosch-lanca-nova-campanha-para-software-de-oficinas-esitronic\/#primaryimage","url":"https:\/\/jornaldasoficinas.com\/pt\/wp-content\/uploads\/2019\/10\/Jornal_das_Oficinas_Bosch-Esitronic.jpg","contentUrl":"https:\/\/jornaldasoficinas.com\/pt\/wp-content\/uploads\/2019\/10\/Jornal_das_Oficinas_Bosch-Esitronic.jpg","width":1024,"height":581,"caption":"10 - Jornal_das_Oficinas_Bosch-Esitronic"},{"@type":"BreadcrumbList","@id":"https:\/\/jornaldasoficinas.com\/pt\/bosch-lanca-nova-campanha-para-software-de-oficinas-esitronic\/#breadcrumb","itemListElement":[{"@type":"ListItem","position":1,"name":"In\u00edcio","item":"https:\/\/jornaldasoficinas.com\/pt\/"},{"@type":"ListItem","position":2,"name":"Bosch lan\u00e7a nova campanha para software"}]},{"@type":"WebSite","@id":"https:\/\/jornaldasoficinas.com\/pt\/#website","url":"https:\/\/jornaldasoficinas.com\/pt\/","name":"Jornal das Oficinas","description":"Jornal independente do Aftermarket Autom\u00f3vel em Portugal","publisher":{"@id":"https:\/\/jornaldasoficinas.com\/pt\/#organization"},"potentialAction":[{"@type":"SearchAction","target":{"@type":"EntryPoint","urlTemplate":"https:\/\/jornaldasoficinas.com\/pt\/?s={search_term_string}"},"query-input":{"@type":"PropertyValueSpecification","valueRequired":true,"valueName":"search_term_string"}}],"inLanguage":"pt-PT"},{"@type":"Organization","@id":"https:\/\/jornaldasoficinas.com\/pt\/#organization","name":"Jornal das Oficinas","url":"https:\/\/jornaldasoficinas.com\/pt\/","logo":{"@type":"ImageObject","inLanguage":"pt-PT","@id":"https:\/\/jornaldasoficinas.com\/pt\/#\/schema\/logo\/image\/","url":"https:\/\/jornaldasoficinas.com\/pt\/wp-content\/uploads\/logoJO-SEO.png","contentUrl":"https:\/\/jornaldasoficinas.com\/pt\/wp-content\/uploads\/logoJO-SEO.png","width":285,"height":450,"caption":"Jornal das Oficinas"},"image":{"@id":"https:\/\/jornaldasoficinas.com\/pt\/#\/schema\/logo\/image\/"},"sameAs":["https:\/\/www.facebook.com\/jornaloficinas","https:\/\/x.com\/jornaloficinas","https:\/\/www.instagram.com\/jornal_oficinas\/","https:\/\/www.linkedin.com\/company\/jornal-das-oficinas\/","https:\/\/www.youtube.com\/channel\/UCbQZBqtcvV-oSQrr7RzINGg"]},{"@type":"Person","@id":"https:\/\/jornaldasoficinas.com\/pt\/#\/schema\/person\/a38eef5de2c41d9e7c9ac10141afddf3","name":"Reda\u00e7\u00e3o JO","image":{"@type":"ImageObject","inLanguage":"pt-PT","@id":"https:\/\/secure.gravatar.com\/avatar\/71f2fa71737ad68a84fea94bc708ddac8ea5b0c4788dc2ad202f3ccb2887742f?s=96&d=wp_user_avatar&r=g","url":"https:\/\/secure.gravatar.com\/avatar\/71f2fa71737ad68a84fea94bc708ddac8ea5b0c4788dc2ad202f3ccb2887742f?s=96&d=wp_user_avatar&r=g","contentUrl":"https:\/\/secure.gravatar.com\/avatar\/71f2fa71737ad68a84fea94bc708ddac8ea5b0c4788dc2ad202f3ccb2887742f?s=96&d=wp_user_avatar&r=g","caption":"Reda\u00e7\u00e3o JO"},"url":"https:\/\/jornaldasoficinas.com\/pt\/author\/joredacao\/"}]}},"_links":{"self":[{"href":"https:\/\/jornaldasoficinas.com\/pt\/wp-json\/wp\/v2\/posts\/5151","targetHints":{"allow":["GET"]}}],"collection":[{"href":"https:\/\/jornaldasoficinas.com\/pt\/wp-json\/wp\/v2\/posts"}],"about":[{"href":"https:\/\/jornaldasoficinas.com\/pt\/wp-json\/wp\/v2\/types\/post"}],"author":[{"embeddable":true,"href":"https:\/\/jornaldasoficinas.com\/pt\/wp-json\/wp\/v2\/users\/15"}],"replies":[{"embeddable":true,"href":"https:\/\/jornaldasoficinas.com\/pt\/wp-json\/wp\/v2\/comments?post=5151"}],"version-history":[{"count":0,"href":"https:\/\/jornaldasoficinas.com\/pt\/wp-json\/wp\/v2\/posts\/5151\/revisions"}],"wp:featuredmedia":[{"embeddable":true,"href":"https:\/\/jornaldasoficinas.com\/pt\/wp-json\/wp\/v2\/media\/4959"}],"wp:attachment":[{"href":"https:\/\/jornaldasoficinas.com\/pt\/wp-json\/wp\/v2\/media?parent=5151"}],"wp:term":[{"taxonomy":"category","embeddable":true,"href":"https:\/\/jornaldasoficinas.com\/pt\/wp-json\/wp\/v2\/categories?post=5151"},{"taxonomy":"post_tag","embeddable":true,"href":"https:\/\/jornaldasoficinas.com\/pt\/wp-json\/wp\/v2\/tags?post=5151"}],"curies":[{"name":"wp","href":"https:\/\/api.w.org\/{rel}","templated":true}]}}