{"id":5302,"date":"2019-10-16T09:48:33","date_gmt":"2019-10-16T09:48:33","guid":{"rendered":"https:\/\/jornaldasoficinas.com\/pt\/?p=5302"},"modified":"2023-07-19T15:58:54","modified_gmt":"2023-07-19T14:58:54","slug":"ford-trucks-estrear-se-no-19-o-congresso-da-antram","status":"publish","type":"post","link":"https:\/\/jornaldasoficinas.com\/pt\/ford-trucks-estrear-se-no-19-o-congresso-da-antram\/","title":{"rendered":"Ford Trucks estrear-se-\u00e1 no 19.\u00ba Congresso da ANTRAM"},"content":{"rendered":"<p><img loading=\"lazy\" decoding=\"async\" class=\"alignnone wp-image-5303 size-full\" src=\"https:\/\/jornaldasoficinas.com\/pt\/wp-content\/uploads\/ec127990e1113e3e55b52d0d7c07735e_XL.jpg\" alt=\"\" width=\"1024\" height=\"582\" srcset=\"https:\/\/jornaldasoficinas.com\/pt\/wp-content\/uploads\/ec127990e1113e3e55b52d0d7c07735e_XL.jpg 1024w, https:\/\/jornaldasoficinas.com\/pt\/wp-content\/uploads\/ec127990e1113e3e55b52d0d7c07735e_XL-150x85.jpg 150w, https:\/\/jornaldasoficinas.com\/pt\/wp-content\/uploads\/ec127990e1113e3e55b52d0d7c07735e_XL-300x171.jpg 300w, https:\/\/jornaldasoficinas.com\/pt\/wp-content\/uploads\/ec127990e1113e3e55b52d0d7c07735e_XL-768x437.jpg 768w\" sizes=\"auto, (max-width: 1024px) 100vw, 1024px\" \/><\/p>\n<p><strong>Nos dias 18 e 19 de outubro, a Ford Trucks, representada em Portugal pela OneShop, estrear-se-\u00e1 no 19.\u00ba Congresso da ANTRAM, com o cami\u00e3o do ano F Max, na zona de exposi\u00e7\u00e3o, e um <em>stand<\/em>, na zona de expositores.<\/strong><\/p>\n<p>O evento, que decorre no Centro de Congressos de Tr\u00f3ia, obedece a dois tipos de abordagem: um mais institucional, dedicado aos conferencistas, outra mais comercial, dedicada ao <em>networking<\/em> e ao contacto com os expositores.<\/p>\n<p>Duas semanas depois da inaugura\u00e7\u00e3o da sede, em Alverca, e da entrega do galard\u00e3o ao primeiro cliente, a Ford Trucks apresentar-se-\u00e1, pela primeira vez, ao mercado num evento p\u00fablico, mostrando que pretende liderar os neg\u00f3cios e a expans\u00e3o da marca de pesados em Portugal. A empresa aproveitar\u00e1 a oportunidade para evidenciar algumas das suas vantagens competitivas.<\/p>\n<p>\u201cUma das grandes apostas da <a href=\"https:\/\/www.fordtrucks.com.tr\/en\/\" target=\"_blank\" rel=\"noopener noreferrer\">Ford Trucks<\/a>, a par da constante preocupa\u00e7\u00e3o com a inova\u00e7\u00e3o, \u00e9 a maximiza\u00e7\u00e3o do investimento dos clientes. Por isso, apostamos fortemente na redu\u00e7\u00e3o dos custos de propriedade (habitualmente designados por TCO &#8211; Total Cost of Ownership), uma das vari\u00e1veis mais importantes na hora de escolher um novo pesado de mercadorias\u201d, explicou Bruno Oliveira, diretor-geral da marca em Portugal.<\/p>\n<p>\u201cEsta aposta da Ford Trucks na redu\u00e7\u00e3o do TCO envolve a redu\u00e7\u00e3o dos consumos de combust\u00edvel (a atual gera\u00e7\u00e3o de modelos consome menos 8,5% do que a anterior), o alargamento dos intervalos de manuten\u00e7\u00e3o, pre\u00e7os competitivos de pe\u00e7as e um imbat\u00edvel leque de <em>packs<\/em> de servi\u00e7o, que permitem reduzir os custos com manuten\u00e7\u00e3o e consum\u00edveis, bem como assegurar garantias de material e servi\u00e7o\u201d, acrescentou o diretor-geral.<\/p>\n<p>\u201cOutra das nossas vantagens competitivas nos mercados onde operamos, \u00e9 o servi\u00e7o da Ford Trucks, operado a partir dos 30 centros de assist\u00eancia e de vendas que temos em tr\u00eas continentes, numa \u00e1rea que vai desde a R\u00fassia \u00e0s Rep\u00fablicas Turcas, Europa de Leste, \u00c1frica e M\u00e9dio Oriente\u201d, concluiu.<\/p>\n","protected":false},"excerpt":{"rendered":"<p>Nos dias 18 e 19 de&#8230;<\/p>\n","protected":false},"author":15,"featured_media":5303,"comment_status":"closed","ping_status":"closed","sticky":false,"template":"","format":"standard","meta":{"footnotes":""},"categories":[29],"tags":[489,462,320],"class_list":["post-5302","post","type-post","status-publish","format-standard","has-post-thumbnail","hentry","category-empresas","tag-centro-de-congressos-de-troia","tag-congresso-antram","tag-ford-trucks"],"yoast_head":"<!-- This site is optimized with the Yoast SEO plugin v27.4 - https:\/\/yoast.com\/product\/yoast-seo-wordpress\/ -->\n<title>Ford Trucks estrear-se-\u00e1 no 19.\u00ba Congresso da ANTRAM - Jornal das Oficinas<\/title>\n<meta name=\"robots\" content=\"index, follow, max-snippet:-1, max-image-preview:large, max-video-preview:-1\" \/>\n<link rel=\"canonical\" href=\"https:\/\/jornaldasoficinas.com\/pt\/ford-trucks-estrear-se-no-19-o-congresso-da-antram\/\" \/>\n<meta property=\"og:locale\" content=\"pt_PT\" \/>\n<meta property=\"og:type\" content=\"article\" \/>\n<meta property=\"og:title\" content=\"Ford Trucks estrear-se-\u00e1 no 19.\u00ba Congresso da ANTRAM - Jornal das Oficinas\" \/>\n<meta property=\"og:description\" content=\"Nos dias 18 e 19 de...\" \/>\n<meta property=\"og:url\" content=\"https:\/\/jornaldasoficinas.com\/pt\/ford-trucks-estrear-se-no-19-o-congresso-da-antram\/\" \/>\n<meta property=\"og:site_name\" content=\"Jornal das Oficinas\" \/>\n<meta property=\"article:publisher\" content=\"https:\/\/www.facebook.com\/jornaloficinas\" \/>\n<meta property=\"article:published_time\" content=\"2019-10-16T09:48:33+00:00\" \/>\n<meta property=\"article:modified_time\" content=\"2023-07-19T14:58:54+00:00\" \/>\n<meta property=\"og:image\" content=\"https:\/\/jornaldasoficinas.com\/pt\/wp-content\/uploads\/ec127990e1113e3e55b52d0d7c07735e_XL.jpg\" \/>\n\t<meta property=\"og:image:width\" content=\"1024\" \/>\n\t<meta property=\"og:image:height\" content=\"582\" \/>\n\t<meta property=\"og:image:type\" content=\"image\/jpeg\" \/>\n<meta name=\"author\" content=\"Reda\u00e7\u00e3o JO\" \/>\n<meta name=\"twitter:card\" content=\"summary_large_image\" \/>\n<meta name=\"twitter:creator\" content=\"@jornaloficinas\" \/>\n<meta name=\"twitter:site\" content=\"@jornaloficinas\" \/>\n<meta name=\"twitter:label1\" content=\"Escrito por\" \/>\n\t<meta name=\"twitter:data1\" content=\"Reda\u00e7\u00e3o JO\" \/>\n\t<meta name=\"twitter:label2\" content=\"Tempo estimado de leitura\" \/>\n\t<meta name=\"twitter:data2\" content=\"2 minutos\" \/>\n<script type=\"application\/ld+json\" class=\"yoast-schema-graph\">{\"@context\":\"https:\\\/\\\/schema.org\",\"@graph\":[{\"@type\":\"Article\",\"@id\":\"https:\\\/\\\/jornaldasoficinas.com\\\/pt\\\/ford-trucks-estrear-se-no-19-o-congresso-da-antram\\\/#article\",\"isPartOf\":{\"@id\":\"https:\\\/\\\/jornaldasoficinas.com\\\/pt\\\/ford-trucks-estrear-se-no-19-o-congresso-da-antram\\\/\"},\"author\":{\"name\":\"Reda\u00e7\u00e3o JO\",\"@id\":\"https:\\\/\\\/jornaldasoficinas.com\\\/pt\\\/#\\\/schema\\\/person\\\/a38eef5de2c41d9e7c9ac10141afddf3\"},\"headline\":\"Ford Trucks estrear-se-\u00e1 no 19.\u00ba Congresso da ANTRAM\",\"datePublished\":\"2019-10-16T09:48:33+00:00\",\"dateModified\":\"2023-07-19T14:58:54+00:00\",\"mainEntityOfPage\":{\"@id\":\"https:\\\/\\\/jornaldasoficinas.com\\\/pt\\\/ford-trucks-estrear-se-no-19-o-congresso-da-antram\\\/\"},\"wordCount\":338,\"publisher\":{\"@id\":\"https:\\\/\\\/jornaldasoficinas.com\\\/pt\\\/#organization\"},\"image\":{\"@id\":\"https:\\\/\\\/jornaldasoficinas.com\\\/pt\\\/ford-trucks-estrear-se-no-19-o-congresso-da-antram\\\/#primaryimage\"},\"thumbnailUrl\":\"https:\\\/\\\/jornaldasoficinas.com\\\/pt\\\/wp-content\\\/uploads\\\/ec127990e1113e3e55b52d0d7c07735e_XL.jpg\",\"keywords\":[\"Centro de Congressos de Tr\u00f3ia\",\"Congresso ANTRAM\",\"Ford Trucks\"],\"articleSection\":[\"Empresas\"],\"inLanguage\":\"pt-PT\"},{\"@type\":\"WebPage\",\"@id\":\"https:\\\/\\\/jornaldasoficinas.com\\\/pt\\\/ford-trucks-estrear-se-no-19-o-congresso-da-antram\\\/\",\"url\":\"https:\\\/\\\/jornaldasoficinas.com\\\/pt\\\/ford-trucks-estrear-se-no-19-o-congresso-da-antram\\\/\",\"name\":\"Ford Trucks estrear-se-\u00e1 no 19.\u00ba Congresso da ANTRAM - Jornal das Oficinas\",\"isPartOf\":{\"@id\":\"https:\\\/\\\/jornaldasoficinas.com\\\/pt\\\/#website\"},\"primaryImageOfPage\":{\"@id\":\"https:\\\/\\\/jornaldasoficinas.com\\\/pt\\\/ford-trucks-estrear-se-no-19-o-congresso-da-antram\\\/#primaryimage\"},\"image\":{\"@id\":\"https:\\\/\\\/jornaldasoficinas.com\\\/pt\\\/ford-trucks-estrear-se-no-19-o-congresso-da-antram\\\/#primaryimage\"},\"thumbnailUrl\":\"https:\\\/\\\/jornaldasoficinas.com\\\/pt\\\/wp-content\\\/uploads\\\/ec127990e1113e3e55b52d0d7c07735e_XL.jpg\",\"datePublished\":\"2019-10-16T09:48:33+00:00\",\"dateModified\":\"2023-07-19T14:58:54+00:00\",\"breadcrumb\":{\"@id\":\"https:\\\/\\\/jornaldasoficinas.com\\\/pt\\\/ford-trucks-estrear-se-no-19-o-congresso-da-antram\\\/#breadcrumb\"},\"inLanguage\":\"pt-PT\",\"potentialAction\":[{\"@type\":\"ReadAction\",\"target\":[\"https:\\\/\\\/jornaldasoficinas.com\\\/pt\\\/ford-trucks-estrear-se-no-19-o-congresso-da-antram\\\/\"]}]},{\"@type\":\"ImageObject\",\"inLanguage\":\"pt-PT\",\"@id\":\"https:\\\/\\\/jornaldasoficinas.com\\\/pt\\\/ford-trucks-estrear-se-no-19-o-congresso-da-antram\\\/#primaryimage\",\"url\":\"https:\\\/\\\/jornaldasoficinas.com\\\/pt\\\/wp-content\\\/uploads\\\/ec127990e1113e3e55b52d0d7c07735e_XL.jpg\",\"contentUrl\":\"https:\\\/\\\/jornaldasoficinas.com\\\/pt\\\/wp-content\\\/uploads\\\/ec127990e1113e3e55b52d0d7c07735e_XL.jpg\",\"width\":1024,\"height\":582},{\"@type\":\"BreadcrumbList\",\"@id\":\"https:\\\/\\\/jornaldasoficinas.com\\\/pt\\\/ford-trucks-estrear-se-no-19-o-congresso-da-antram\\\/#breadcrumb\",\"itemListElement\":[{\"@type\":\"ListItem\",\"position\":1,\"name\":\"In\u00edcio\",\"item\":\"https:\\\/\\\/jornaldasoficinas.com\\\/pt\\\/\"},{\"@type\":\"ListItem\",\"position\":2,\"name\":\"Ford Trucks estrear-se-\u00e1 no 19.\u00ba Congresso da ANTRAM\"}]},{\"@type\":\"WebSite\",\"@id\":\"https:\\\/\\\/jornaldasoficinas.com\\\/pt\\\/#website\",\"url\":\"https:\\\/\\\/jornaldasoficinas.com\\\/pt\\\/\",\"name\":\"Jornal das Oficinas\",\"description\":\"Jornal independente do Aftermarket Autom\u00f3vel em Portugal\",\"publisher\":{\"@id\":\"https:\\\/\\\/jornaldasoficinas.com\\\/pt\\\/#organization\"},\"potentialAction\":[{\"@type\":\"SearchAction\",\"target\":{\"@type\":\"EntryPoint\",\"urlTemplate\":\"https:\\\/\\\/jornaldasoficinas.com\\\/pt\\\/?s={search_term_string}\"},\"query-input\":{\"@type\":\"PropertyValueSpecification\",\"valueRequired\":true,\"valueName\":\"search_term_string\"}}],\"inLanguage\":\"pt-PT\"},{\"@type\":\"Organization\",\"@id\":\"https:\\\/\\\/jornaldasoficinas.com\\\/pt\\\/#organization\",\"name\":\"Jornal das Oficinas\",\"url\":\"https:\\\/\\\/jornaldasoficinas.com\\\/pt\\\/\",\"logo\":{\"@type\":\"ImageObject\",\"inLanguage\":\"pt-PT\",\"@id\":\"https:\\\/\\\/jornaldasoficinas.com\\\/pt\\\/#\\\/schema\\\/logo\\\/image\\\/\",\"url\":\"https:\\\/\\\/jornaldasoficinas.com\\\/pt\\\/wp-content\\\/uploads\\\/logoJO-SEO.png\",\"contentUrl\":\"https:\\\/\\\/jornaldasoficinas.com\\\/pt\\\/wp-content\\\/uploads\\\/logoJO-SEO.png\",\"width\":285,\"height\":450,\"caption\":\"Jornal das Oficinas\"},\"image\":{\"@id\":\"https:\\\/\\\/jornaldasoficinas.com\\\/pt\\\/#\\\/schema\\\/logo\\\/image\\\/\"},\"sameAs\":[\"https:\\\/\\\/www.facebook.com\\\/jornaloficinas\",\"https:\\\/\\\/x.com\\\/jornaloficinas\",\"https:\\\/\\\/www.instagram.com\\\/jornal_oficinas\\\/\",\"https:\\\/\\\/www.linkedin.com\\\/company\\\/jornal-das-oficinas\\\/\",\"https:\\\/\\\/www.youtube.com\\\/channel\\\/UCbQZBqtcvV-oSQrr7RzINGg\"]},{\"@type\":\"Person\",\"@id\":\"https:\\\/\\\/jornaldasoficinas.com\\\/pt\\\/#\\\/schema\\\/person\\\/a38eef5de2c41d9e7c9ac10141afddf3\",\"name\":\"Reda\u00e7\u00e3o JO\",\"image\":{\"@type\":\"ImageObject\",\"inLanguage\":\"pt-PT\",\"@id\":\"https:\\\/\\\/secure.gravatar.com\\\/avatar\\\/71f2fa71737ad68a84fea94bc708ddac8ea5b0c4788dc2ad202f3ccb2887742f?s=96&d=wp_user_avatar&r=g\",\"url\":\"https:\\\/\\\/secure.gravatar.com\\\/avatar\\\/71f2fa71737ad68a84fea94bc708ddac8ea5b0c4788dc2ad202f3ccb2887742f?s=96&d=wp_user_avatar&r=g\",\"contentUrl\":\"https:\\\/\\\/secure.gravatar.com\\\/avatar\\\/71f2fa71737ad68a84fea94bc708ddac8ea5b0c4788dc2ad202f3ccb2887742f?s=96&d=wp_user_avatar&r=g\",\"caption\":\"Reda\u00e7\u00e3o JO\"},\"url\":\"https:\\\/\\\/jornaldasoficinas.com\\\/pt\\\/author\\\/joredacao\\\/\"}]}<\/script>\n<!-- \/ Yoast SEO plugin. -->","yoast_head_json":{"title":"Ford Trucks estrear-se-\u00e1 no 19.\u00ba Congresso da ANTRAM - Jornal das Oficinas","robots":{"index":"index","follow":"follow","max-snippet":"max-snippet:-1","max-image-preview":"max-image-preview:large","max-video-preview":"max-video-preview:-1"},"canonical":"https:\/\/jornaldasoficinas.com\/pt\/ford-trucks-estrear-se-no-19-o-congresso-da-antram\/","og_locale":"pt_PT","og_type":"article","og_title":"Ford Trucks estrear-se-\u00e1 no 19.\u00ba Congresso da ANTRAM - Jornal das Oficinas","og_description":"Nos dias 18 e 19 de...","og_url":"https:\/\/jornaldasoficinas.com\/pt\/ford-trucks-estrear-se-no-19-o-congresso-da-antram\/","og_site_name":"Jornal das Oficinas","article_publisher":"https:\/\/www.facebook.com\/jornaloficinas","article_published_time":"2019-10-16T09:48:33+00:00","article_modified_time":"2023-07-19T14:58:54+00:00","og_image":[{"width":1024,"height":582,"url":"https:\/\/jornaldasoficinas.com\/pt\/wp-content\/uploads\/ec127990e1113e3e55b52d0d7c07735e_XL.jpg","type":"image\/jpeg"}],"author":"Reda\u00e7\u00e3o JO","twitter_card":"summary_large_image","twitter_creator":"@jornaloficinas","twitter_site":"@jornaloficinas","twitter_misc":{"Escrito por":"Reda\u00e7\u00e3o JO","Tempo estimado de leitura":"2 minutos"},"schema":{"@context":"https:\/\/schema.org","@graph":[{"@type":"Article","@id":"https:\/\/jornaldasoficinas.com\/pt\/ford-trucks-estrear-se-no-19-o-congresso-da-antram\/#article","isPartOf":{"@id":"https:\/\/jornaldasoficinas.com\/pt\/ford-trucks-estrear-se-no-19-o-congresso-da-antram\/"},"author":{"name":"Reda\u00e7\u00e3o JO","@id":"https:\/\/jornaldasoficinas.com\/pt\/#\/schema\/person\/a38eef5de2c41d9e7c9ac10141afddf3"},"headline":"Ford Trucks estrear-se-\u00e1 no 19.\u00ba Congresso da ANTRAM","datePublished":"2019-10-16T09:48:33+00:00","dateModified":"2023-07-19T14:58:54+00:00","mainEntityOfPage":{"@id":"https:\/\/jornaldasoficinas.com\/pt\/ford-trucks-estrear-se-no-19-o-congresso-da-antram\/"},"wordCount":338,"publisher":{"@id":"https:\/\/jornaldasoficinas.com\/pt\/#organization"},"image":{"@id":"https:\/\/jornaldasoficinas.com\/pt\/ford-trucks-estrear-se-no-19-o-congresso-da-antram\/#primaryimage"},"thumbnailUrl":"https:\/\/jornaldasoficinas.com\/pt\/wp-content\/uploads\/ec127990e1113e3e55b52d0d7c07735e_XL.jpg","keywords":["Centro de Congressos de Tr\u00f3ia","Congresso ANTRAM","Ford Trucks"],"articleSection":["Empresas"],"inLanguage":"pt-PT"},{"@type":"WebPage","@id":"https:\/\/jornaldasoficinas.com\/pt\/ford-trucks-estrear-se-no-19-o-congresso-da-antram\/","url":"https:\/\/jornaldasoficinas.com\/pt\/ford-trucks-estrear-se-no-19-o-congresso-da-antram\/","name":"Ford Trucks estrear-se-\u00e1 no 19.\u00ba Congresso da ANTRAM - Jornal das Oficinas","isPartOf":{"@id":"https:\/\/jornaldasoficinas.com\/pt\/#website"},"primaryImageOfPage":{"@id":"https:\/\/jornaldasoficinas.com\/pt\/ford-trucks-estrear-se-no-19-o-congresso-da-antram\/#primaryimage"},"image":{"@id":"https:\/\/jornaldasoficinas.com\/pt\/ford-trucks-estrear-se-no-19-o-congresso-da-antram\/#primaryimage"},"thumbnailUrl":"https:\/\/jornaldasoficinas.com\/pt\/wp-content\/uploads\/ec127990e1113e3e55b52d0d7c07735e_XL.jpg","datePublished":"2019-10-16T09:48:33+00:00","dateModified":"2023-07-19T14:58:54+00:00","breadcrumb":{"@id":"https:\/\/jornaldasoficinas.com\/pt\/ford-trucks-estrear-se-no-19-o-congresso-da-antram\/#breadcrumb"},"inLanguage":"pt-PT","potentialAction":[{"@type":"ReadAction","target":["https:\/\/jornaldasoficinas.com\/pt\/ford-trucks-estrear-se-no-19-o-congresso-da-antram\/"]}]},{"@type":"ImageObject","inLanguage":"pt-PT","@id":"https:\/\/jornaldasoficinas.com\/pt\/ford-trucks-estrear-se-no-19-o-congresso-da-antram\/#primaryimage","url":"https:\/\/jornaldasoficinas.com\/pt\/wp-content\/uploads\/ec127990e1113e3e55b52d0d7c07735e_XL.jpg","contentUrl":"https:\/\/jornaldasoficinas.com\/pt\/wp-content\/uploads\/ec127990e1113e3e55b52d0d7c07735e_XL.jpg","width":1024,"height":582},{"@type":"BreadcrumbList","@id":"https:\/\/jornaldasoficinas.com\/pt\/ford-trucks-estrear-se-no-19-o-congresso-da-antram\/#breadcrumb","itemListElement":[{"@type":"ListItem","position":1,"name":"In\u00edcio","item":"https:\/\/jornaldasoficinas.com\/pt\/"},{"@type":"ListItem","position":2,"name":"Ford Trucks estrear-se-\u00e1 no 19.\u00ba Congresso da ANTRAM"}]},{"@type":"WebSite","@id":"https:\/\/jornaldasoficinas.com\/pt\/#website","url":"https:\/\/jornaldasoficinas.com\/pt\/","name":"Jornal das Oficinas","description":"Jornal independente do Aftermarket Autom\u00f3vel em Portugal","publisher":{"@id":"https:\/\/jornaldasoficinas.com\/pt\/#organization"},"potentialAction":[{"@type":"SearchAction","target":{"@type":"EntryPoint","urlTemplate":"https:\/\/jornaldasoficinas.com\/pt\/?s={search_term_string}"},"query-input":{"@type":"PropertyValueSpecification","valueRequired":true,"valueName":"search_term_string"}}],"inLanguage":"pt-PT"},{"@type":"Organization","@id":"https:\/\/jornaldasoficinas.com\/pt\/#organization","name":"Jornal das Oficinas","url":"https:\/\/jornaldasoficinas.com\/pt\/","logo":{"@type":"ImageObject","inLanguage":"pt-PT","@id":"https:\/\/jornaldasoficinas.com\/pt\/#\/schema\/logo\/image\/","url":"https:\/\/jornaldasoficinas.com\/pt\/wp-content\/uploads\/logoJO-SEO.png","contentUrl":"https:\/\/jornaldasoficinas.com\/pt\/wp-content\/uploads\/logoJO-SEO.png","width":285,"height":450,"caption":"Jornal das Oficinas"},"image":{"@id":"https:\/\/jornaldasoficinas.com\/pt\/#\/schema\/logo\/image\/"},"sameAs":["https:\/\/www.facebook.com\/jornaloficinas","https:\/\/x.com\/jornaloficinas","https:\/\/www.instagram.com\/jornal_oficinas\/","https:\/\/www.linkedin.com\/company\/jornal-das-oficinas\/","https:\/\/www.youtube.com\/channel\/UCbQZBqtcvV-oSQrr7RzINGg"]},{"@type":"Person","@id":"https:\/\/jornaldasoficinas.com\/pt\/#\/schema\/person\/a38eef5de2c41d9e7c9ac10141afddf3","name":"Reda\u00e7\u00e3o JO","image":{"@type":"ImageObject","inLanguage":"pt-PT","@id":"https:\/\/secure.gravatar.com\/avatar\/71f2fa71737ad68a84fea94bc708ddac8ea5b0c4788dc2ad202f3ccb2887742f?s=96&d=wp_user_avatar&r=g","url":"https:\/\/secure.gravatar.com\/avatar\/71f2fa71737ad68a84fea94bc708ddac8ea5b0c4788dc2ad202f3ccb2887742f?s=96&d=wp_user_avatar&r=g","contentUrl":"https:\/\/secure.gravatar.com\/avatar\/71f2fa71737ad68a84fea94bc708ddac8ea5b0c4788dc2ad202f3ccb2887742f?s=96&d=wp_user_avatar&r=g","caption":"Reda\u00e7\u00e3o JO"},"url":"https:\/\/jornaldasoficinas.com\/pt\/author\/joredacao\/"}]}},"_links":{"self":[{"href":"https:\/\/jornaldasoficinas.com\/pt\/wp-json\/wp\/v2\/posts\/5302","targetHints":{"allow":["GET"]}}],"collection":[{"href":"https:\/\/jornaldasoficinas.com\/pt\/wp-json\/wp\/v2\/posts"}],"about":[{"href":"https:\/\/jornaldasoficinas.com\/pt\/wp-json\/wp\/v2\/types\/post"}],"author":[{"embeddable":true,"href":"https:\/\/jornaldasoficinas.com\/pt\/wp-json\/wp\/v2\/users\/15"}],"replies":[{"embeddable":true,"href":"https:\/\/jornaldasoficinas.com\/pt\/wp-json\/wp\/v2\/comments?post=5302"}],"version-history":[{"count":0,"href":"https:\/\/jornaldasoficinas.com\/pt\/wp-json\/wp\/v2\/posts\/5302\/revisions"}],"wp:featuredmedia":[{"embeddable":true,"href":"https:\/\/jornaldasoficinas.com\/pt\/wp-json\/wp\/v2\/media\/5303"}],"wp:attachment":[{"href":"https:\/\/jornaldasoficinas.com\/pt\/wp-json\/wp\/v2\/media?parent=5302"}],"wp:term":[{"taxonomy":"category","embeddable":true,"href":"https:\/\/jornaldasoficinas.com\/pt\/wp-json\/wp\/v2\/categories?post=5302"},{"taxonomy":"post_tag","embeddable":true,"href":"https:\/\/jornaldasoficinas.com\/pt\/wp-json\/wp\/v2\/tags?post=5302"}],"curies":[{"name":"wp","href":"https:\/\/api.w.org\/{rel}","templated":true}]}}