{"id":5500,"date":"2019-10-23T08:33:10","date_gmt":"2019-10-23T08:33:10","guid":{"rendered":"https:\/\/jornaldasoficinas.com\/pt\/?p=5500"},"modified":"2019-10-28T15:20:06","modified_gmt":"2019-10-28T15:20:06","slug":"contiservice-reuniu-agentes-em-obidos-para-convencao-anual","status":"publish","type":"post","link":"https:\/\/jornaldasoficinas.com\/pt\/contiservice-reuniu-agentes-em-obidos-para-convencao-anual\/","title":{"rendered":"ContiService reuniu agentes em \u00d3bidos para Conven\u00e7\u00e3o Anual"},"content":{"rendered":"<p><img loading=\"lazy\" decoding=\"async\" class=\"alignnone wp-image-5501 size-full\" src=\"https:\/\/jornaldasoficinas.com\/pt\/wp-content\/uploads\/2019\/10\/f5283e84f8daffad81a1a04428ef2119_XL.jpg\" alt=\"\" width=\"1024\" height=\"581\" srcset=\"https:\/\/jornaldasoficinas.com\/pt\/wp-content\/uploads\/2019\/10\/f5283e84f8daffad81a1a04428ef2119_XL.jpg 1024w, https:\/\/jornaldasoficinas.com\/pt\/wp-content\/uploads\/2019\/10\/f5283e84f8daffad81a1a04428ef2119_XL-150x85.jpg 150w, https:\/\/jornaldasoficinas.com\/pt\/wp-content\/uploads\/2019\/10\/f5283e84f8daffad81a1a04428ef2119_XL-300x170.jpg 300w, https:\/\/jornaldasoficinas.com\/pt\/wp-content\/uploads\/2019\/10\/f5283e84f8daffad81a1a04428ef2119_XL-768x436.jpg 768w\" sizes=\"auto, (max-width: 1024px) 100vw, 1024px\" \/><\/p>\n<p><strong>A rede ContiService reuniu, entre 18 e 20 de outubro, em \u00d3bidos, 48 agentes para a sua Conven\u00e7\u00e3o Anual.<\/strong><\/p>\n<p>Durante tr\u00eas dias, parceiros e respons\u00e1veis da ContiService refletiram sobre o atual momento que o mercado atravessa e qual o posicionamento diferenciador da rede, num panorama socioecon\u00f3mico de incerteza e num setor autom\u00f3vel de bastante mudan\u00e7as.<\/p>\n<p>O tempo foi, tamb\u00e9m, de balan\u00e7o, sobretudo no que se refere aos grandes marcos de 2019, nos quais se destaca a introdu\u00e7\u00e3o, em exclusivo, da marca de pneus BestDrive.<\/p>\n<p>\u201cUma decis\u00e3o estrat\u00e9gica que pretendeu introduzir caracter\u00edsticas diferenciadoras na rede ContiServive, ao mesmo tempo que refor\u00e7ou a identidade da marca e criou valor para a rede\u201d, referiu Sandra Melo, respons\u00e1vel pela ContiService.<\/p>\n<p>Para al\u00e9m de ser um momento privilegiado para balan\u00e7o e an\u00e1lise, a conven\u00e7\u00e3o foi, tamb\u00e9m, estrat\u00e9gica para a apresenta\u00e7\u00e3o das metas e grandes projetos para 2020.<\/p>\n<p>Destacando a forma\u00e7\u00e3o t\u00e9cnica e comportamental, o lan\u00e7amento de novos produtos suporte \u00e0 digitaliza\u00e7\u00e3o do ponto de venda e novas formas de comunicar com o consumidor final.<\/p>\n<p>Sandra Melo, respons\u00e1vel pela rede, destacou para 2020 &#8220;a forte aposta em solu\u00e7\u00f5es tecnol\u00f3gicas que apoiem e facilitem o dia a dia dos nossos parceiros, nomeadamente na \u00e1rea da gest\u00e3o, mas que, tamb\u00e9m, ajudem a fidelizar os clientes, proporcionando-lhes uma experi\u00eancia diferenciadora&#8221;.<\/p>\n<p>A respons\u00e1vel acrescentou ainda: \u201cQueremos, cada vez mais, refor\u00e7ar a nossa identidade como especialistas em pneus e manuten\u00e7\u00e3o autom\u00f3vel, apoiando os nossos parceiros na diversifica\u00e7\u00e3o do neg\u00f3cio de forma estruturada, responder de uma forma mais completa ao que o veiculo necessita, como operacionalizar o ponto de venda e que dados trabalhar na equa\u00e7\u00e3o da rentabilidade do neg\u00f3cio\u201d.<\/p>\n<p>A rede ContiService, que conta, atualmente, com mais de 90 pontos de venda, de norte a sul do pa\u00eds e na Regi\u00e3o Aut\u00f3noma da Madeira, \u201cpretende implementar, a n\u00edvel nacional, uma rede de parceiros especialista em pneus e manuten\u00e7\u00e3o autom\u00f3vel com os atributos e as caracter\u00edsticas inerentes \u00e0 marca Continental\u201d, referiu Pedro Teixeira, diretor-geral da Continental Pneus Portugal.<\/p>\n<p>Muito orientada e focada para o ponto de venda, a rede <a href=\"http:\/\/www.contiservice.pt\/?utm_source=google&amp;utm_medium=cpc&amp;utm_term=na&amp;utm_content=Contiservice&amp;utm_campaign=Contiservice-Ao-Ppc-Jan19-Brand-Exact\" target=\"_blank\" rel=\"noopener noreferrer\">ContiService<\/a> pretende, tamb\u00e9m, apoiar os parceiros, dotando-os de novas ferramentas de comunica\u00e7\u00e3o e de instrumentos que os apoiem no desenvolvimento do seu neg\u00f3cio.<\/p>\n<p>.<\/p>\n","protected":false},"excerpt":{"rendered":"<p>A rede ContiService reuniu, entre 18&#8230;<\/p>\n","protected":false},"author":15,"featured_media":5501,"comment_status":"closed","ping_status":"closed","sticky":false,"template":"","format":"standard","meta":{"footnotes":""},"categories":[29],"tags":[58,558],"class_list":["post-5500","post","type-post","status-publish","format-standard","has-post-thumbnail","hentry","category-empresas","tag-continental","tag-contiseervice"],"yoast_head":"<!-- This site is optimized with the Yoast SEO plugin v27.4 - https:\/\/yoast.com\/product\/yoast-seo-wordpress\/ -->\n<title>ContiService reuniu agentes em \u00d3bidos para Conven\u00e7\u00e3o Anual - Jornal das Oficinas<\/title>\n<meta name=\"robots\" content=\"index, follow, max-snippet:-1, max-image-preview:large, max-video-preview:-1\" \/>\n<link rel=\"canonical\" href=\"https:\/\/jornaldasoficinas.com\/pt\/contiservice-reuniu-agentes-em-obidos-para-convencao-anual\/\" \/>\n<meta property=\"og:locale\" content=\"pt_PT\" \/>\n<meta property=\"og:type\" content=\"article\" \/>\n<meta property=\"og:title\" content=\"ContiService reuniu agentes em \u00d3bidos para Conven\u00e7\u00e3o Anual - Jornal das Oficinas\" \/>\n<meta property=\"og:description\" content=\"A rede ContiService reuniu, entre 18...\" \/>\n<meta property=\"og:url\" content=\"https:\/\/jornaldasoficinas.com\/pt\/contiservice-reuniu-agentes-em-obidos-para-convencao-anual\/\" \/>\n<meta property=\"og:site_name\" content=\"Jornal das Oficinas\" \/>\n<meta property=\"article:publisher\" content=\"https:\/\/www.facebook.com\/jornaloficinas\" \/>\n<meta property=\"article:published_time\" content=\"2019-10-23T08:33:10+00:00\" \/>\n<meta property=\"article:modified_time\" content=\"2019-10-28T15:20:06+00:00\" \/>\n<meta property=\"og:image\" content=\"https:\/\/jornaldasoficinas.com\/pt\/wp-content\/uploads\/2019\/10\/f5283e84f8daffad81a1a04428ef2119_XL.jpg\" \/>\n\t<meta property=\"og:image:width\" content=\"1024\" \/>\n\t<meta property=\"og:image:height\" content=\"581\" \/>\n\t<meta property=\"og:image:type\" content=\"image\/jpeg\" \/>\n<meta name=\"author\" content=\"Reda\u00e7\u00e3o JO\" \/>\n<meta name=\"twitter:card\" content=\"summary_large_image\" \/>\n<meta name=\"twitter:creator\" content=\"@jornaloficinas\" \/>\n<meta name=\"twitter:site\" content=\"@jornaloficinas\" \/>\n<meta name=\"twitter:label1\" content=\"Escrito por\" \/>\n\t<meta name=\"twitter:data1\" content=\"Reda\u00e7\u00e3o JO\" \/>\n\t<meta name=\"twitter:label2\" content=\"Tempo estimado de leitura\" \/>\n\t<meta name=\"twitter:data2\" content=\"2 minutos\" \/>\n<script type=\"application\/ld+json\" class=\"yoast-schema-graph\">{\"@context\":\"https:\\\/\\\/schema.org\",\"@graph\":[{\"@type\":\"Article\",\"@id\":\"https:\\\/\\\/jornaldasoficinas.com\\\/pt\\\/contiservice-reuniu-agentes-em-obidos-para-convencao-anual\\\/#article\",\"isPartOf\":{\"@id\":\"https:\\\/\\\/jornaldasoficinas.com\\\/pt\\\/contiservice-reuniu-agentes-em-obidos-para-convencao-anual\\\/\"},\"author\":{\"name\":\"Reda\u00e7\u00e3o JO\",\"@id\":\"https:\\\/\\\/jornaldasoficinas.com\\\/pt\\\/#\\\/schema\\\/person\\\/a38eef5de2c41d9e7c9ac10141afddf3\"},\"headline\":\"ContiService reuniu agentes em \u00d3bidos para Conven\u00e7\u00e3o Anual\",\"datePublished\":\"2019-10-23T08:33:10+00:00\",\"dateModified\":\"2019-10-28T15:20:06+00:00\",\"mainEntityOfPage\":{\"@id\":\"https:\\\/\\\/jornaldasoficinas.com\\\/pt\\\/contiservice-reuniu-agentes-em-obidos-para-convencao-anual\\\/\"},\"wordCount\":409,\"publisher\":{\"@id\":\"https:\\\/\\\/jornaldasoficinas.com\\\/pt\\\/#organization\"},\"image\":{\"@id\":\"https:\\\/\\\/jornaldasoficinas.com\\\/pt\\\/contiservice-reuniu-agentes-em-obidos-para-convencao-anual\\\/#primaryimage\"},\"thumbnailUrl\":\"https:\\\/\\\/jornaldasoficinas.com\\\/pt\\\/wp-content\\\/uploads\\\/2019\\\/10\\\/f5283e84f8daffad81a1a04428ef2119_XL.jpg\",\"keywords\":[\"Continental\",\"ContiSeervice\"],\"articleSection\":[\"Empresas\"],\"inLanguage\":\"pt-PT\"},{\"@type\":\"WebPage\",\"@id\":\"https:\\\/\\\/jornaldasoficinas.com\\\/pt\\\/contiservice-reuniu-agentes-em-obidos-para-convencao-anual\\\/\",\"url\":\"https:\\\/\\\/jornaldasoficinas.com\\\/pt\\\/contiservice-reuniu-agentes-em-obidos-para-convencao-anual\\\/\",\"name\":\"ContiService reuniu agentes em \u00d3bidos para Conven\u00e7\u00e3o Anual - Jornal das Oficinas\",\"isPartOf\":{\"@id\":\"https:\\\/\\\/jornaldasoficinas.com\\\/pt\\\/#website\"},\"primaryImageOfPage\":{\"@id\":\"https:\\\/\\\/jornaldasoficinas.com\\\/pt\\\/contiservice-reuniu-agentes-em-obidos-para-convencao-anual\\\/#primaryimage\"},\"image\":{\"@id\":\"https:\\\/\\\/jornaldasoficinas.com\\\/pt\\\/contiservice-reuniu-agentes-em-obidos-para-convencao-anual\\\/#primaryimage\"},\"thumbnailUrl\":\"https:\\\/\\\/jornaldasoficinas.com\\\/pt\\\/wp-content\\\/uploads\\\/2019\\\/10\\\/f5283e84f8daffad81a1a04428ef2119_XL.jpg\",\"datePublished\":\"2019-10-23T08:33:10+00:00\",\"dateModified\":\"2019-10-28T15:20:06+00:00\",\"breadcrumb\":{\"@id\":\"https:\\\/\\\/jornaldasoficinas.com\\\/pt\\\/contiservice-reuniu-agentes-em-obidos-para-convencao-anual\\\/#breadcrumb\"},\"inLanguage\":\"pt-PT\",\"potentialAction\":[{\"@type\":\"ReadAction\",\"target\":[\"https:\\\/\\\/jornaldasoficinas.com\\\/pt\\\/contiservice-reuniu-agentes-em-obidos-para-convencao-anual\\\/\"]}]},{\"@type\":\"ImageObject\",\"inLanguage\":\"pt-PT\",\"@id\":\"https:\\\/\\\/jornaldasoficinas.com\\\/pt\\\/contiservice-reuniu-agentes-em-obidos-para-convencao-anual\\\/#primaryimage\",\"url\":\"https:\\\/\\\/jornaldasoficinas.com\\\/pt\\\/wp-content\\\/uploads\\\/2019\\\/10\\\/f5283e84f8daffad81a1a04428ef2119_XL.jpg\",\"contentUrl\":\"https:\\\/\\\/jornaldasoficinas.com\\\/pt\\\/wp-content\\\/uploads\\\/2019\\\/10\\\/f5283e84f8daffad81a1a04428ef2119_XL.jpg\",\"width\":1024,\"height\":581},{\"@type\":\"BreadcrumbList\",\"@id\":\"https:\\\/\\\/jornaldasoficinas.com\\\/pt\\\/contiservice-reuniu-agentes-em-obidos-para-convencao-anual\\\/#breadcrumb\",\"itemListElement\":[{\"@type\":\"ListItem\",\"position\":1,\"name\":\"In\u00edcio\",\"item\":\"https:\\\/\\\/jornaldasoficinas.com\\\/pt\\\/\"},{\"@type\":\"ListItem\",\"position\":2,\"name\":\"ContiService reuniu agentes em \u00d3bidos para Conven\u00e7\u00e3o Anual\"}]},{\"@type\":\"WebSite\",\"@id\":\"https:\\\/\\\/jornaldasoficinas.com\\\/pt\\\/#website\",\"url\":\"https:\\\/\\\/jornaldasoficinas.com\\\/pt\\\/\",\"name\":\"Jornal das Oficinas\",\"description\":\"Jornal independente do Aftermarket Autom\u00f3vel em Portugal\",\"publisher\":{\"@id\":\"https:\\\/\\\/jornaldasoficinas.com\\\/pt\\\/#organization\"},\"potentialAction\":[{\"@type\":\"SearchAction\",\"target\":{\"@type\":\"EntryPoint\",\"urlTemplate\":\"https:\\\/\\\/jornaldasoficinas.com\\\/pt\\\/?s={search_term_string}\"},\"query-input\":{\"@type\":\"PropertyValueSpecification\",\"valueRequired\":true,\"valueName\":\"search_term_string\"}}],\"inLanguage\":\"pt-PT\"},{\"@type\":\"Organization\",\"@id\":\"https:\\\/\\\/jornaldasoficinas.com\\\/pt\\\/#organization\",\"name\":\"Jornal das Oficinas\",\"url\":\"https:\\\/\\\/jornaldasoficinas.com\\\/pt\\\/\",\"logo\":{\"@type\":\"ImageObject\",\"inLanguage\":\"pt-PT\",\"@id\":\"https:\\\/\\\/jornaldasoficinas.com\\\/pt\\\/#\\\/schema\\\/logo\\\/image\\\/\",\"url\":\"https:\\\/\\\/jornaldasoficinas.com\\\/pt\\\/wp-content\\\/uploads\\\/logoJO-SEO.png\",\"contentUrl\":\"https:\\\/\\\/jornaldasoficinas.com\\\/pt\\\/wp-content\\\/uploads\\\/logoJO-SEO.png\",\"width\":285,\"height\":450,\"caption\":\"Jornal das Oficinas\"},\"image\":{\"@id\":\"https:\\\/\\\/jornaldasoficinas.com\\\/pt\\\/#\\\/schema\\\/logo\\\/image\\\/\"},\"sameAs\":[\"https:\\\/\\\/www.facebook.com\\\/jornaloficinas\",\"https:\\\/\\\/x.com\\\/jornaloficinas\",\"https:\\\/\\\/www.instagram.com\\\/jornal_oficinas\\\/\",\"https:\\\/\\\/www.linkedin.com\\\/company\\\/jornal-das-oficinas\\\/\",\"https:\\\/\\\/www.youtube.com\\\/channel\\\/UCbQZBqtcvV-oSQrr7RzINGg\"]},{\"@type\":\"Person\",\"@id\":\"https:\\\/\\\/jornaldasoficinas.com\\\/pt\\\/#\\\/schema\\\/person\\\/a38eef5de2c41d9e7c9ac10141afddf3\",\"name\":\"Reda\u00e7\u00e3o JO\",\"image\":{\"@type\":\"ImageObject\",\"inLanguage\":\"pt-PT\",\"@id\":\"https:\\\/\\\/secure.gravatar.com\\\/avatar\\\/71f2fa71737ad68a84fea94bc708ddac8ea5b0c4788dc2ad202f3ccb2887742f?s=96&d=wp_user_avatar&r=g\",\"url\":\"https:\\\/\\\/secure.gravatar.com\\\/avatar\\\/71f2fa71737ad68a84fea94bc708ddac8ea5b0c4788dc2ad202f3ccb2887742f?s=96&d=wp_user_avatar&r=g\",\"contentUrl\":\"https:\\\/\\\/secure.gravatar.com\\\/avatar\\\/71f2fa71737ad68a84fea94bc708ddac8ea5b0c4788dc2ad202f3ccb2887742f?s=96&d=wp_user_avatar&r=g\",\"caption\":\"Reda\u00e7\u00e3o JO\"},\"url\":\"https:\\\/\\\/jornaldasoficinas.com\\\/pt\\\/author\\\/joredacao\\\/\"}]}<\/script>\n<!-- \/ Yoast SEO plugin. -->","yoast_head_json":{"title":"ContiService reuniu agentes em \u00d3bidos para Conven\u00e7\u00e3o Anual - Jornal das Oficinas","robots":{"index":"index","follow":"follow","max-snippet":"max-snippet:-1","max-image-preview":"max-image-preview:large","max-video-preview":"max-video-preview:-1"},"canonical":"https:\/\/jornaldasoficinas.com\/pt\/contiservice-reuniu-agentes-em-obidos-para-convencao-anual\/","og_locale":"pt_PT","og_type":"article","og_title":"ContiService reuniu agentes em \u00d3bidos para Conven\u00e7\u00e3o Anual - Jornal das Oficinas","og_description":"A rede ContiService reuniu, entre 18...","og_url":"https:\/\/jornaldasoficinas.com\/pt\/contiservice-reuniu-agentes-em-obidos-para-convencao-anual\/","og_site_name":"Jornal das Oficinas","article_publisher":"https:\/\/www.facebook.com\/jornaloficinas","article_published_time":"2019-10-23T08:33:10+00:00","article_modified_time":"2019-10-28T15:20:06+00:00","og_image":[{"width":1024,"height":581,"url":"https:\/\/jornaldasoficinas.com\/pt\/wp-content\/uploads\/2019\/10\/f5283e84f8daffad81a1a04428ef2119_XL.jpg","type":"image\/jpeg"}],"author":"Reda\u00e7\u00e3o JO","twitter_card":"summary_large_image","twitter_creator":"@jornaloficinas","twitter_site":"@jornaloficinas","twitter_misc":{"Escrito por":"Reda\u00e7\u00e3o JO","Tempo estimado de leitura":"2 minutos"},"schema":{"@context":"https:\/\/schema.org","@graph":[{"@type":"Article","@id":"https:\/\/jornaldasoficinas.com\/pt\/contiservice-reuniu-agentes-em-obidos-para-convencao-anual\/#article","isPartOf":{"@id":"https:\/\/jornaldasoficinas.com\/pt\/contiservice-reuniu-agentes-em-obidos-para-convencao-anual\/"},"author":{"name":"Reda\u00e7\u00e3o JO","@id":"https:\/\/jornaldasoficinas.com\/pt\/#\/schema\/person\/a38eef5de2c41d9e7c9ac10141afddf3"},"headline":"ContiService reuniu agentes em \u00d3bidos para Conven\u00e7\u00e3o Anual","datePublished":"2019-10-23T08:33:10+00:00","dateModified":"2019-10-28T15:20:06+00:00","mainEntityOfPage":{"@id":"https:\/\/jornaldasoficinas.com\/pt\/contiservice-reuniu-agentes-em-obidos-para-convencao-anual\/"},"wordCount":409,"publisher":{"@id":"https:\/\/jornaldasoficinas.com\/pt\/#organization"},"image":{"@id":"https:\/\/jornaldasoficinas.com\/pt\/contiservice-reuniu-agentes-em-obidos-para-convencao-anual\/#primaryimage"},"thumbnailUrl":"https:\/\/jornaldasoficinas.com\/pt\/wp-content\/uploads\/2019\/10\/f5283e84f8daffad81a1a04428ef2119_XL.jpg","keywords":["Continental","ContiSeervice"],"articleSection":["Empresas"],"inLanguage":"pt-PT"},{"@type":"WebPage","@id":"https:\/\/jornaldasoficinas.com\/pt\/contiservice-reuniu-agentes-em-obidos-para-convencao-anual\/","url":"https:\/\/jornaldasoficinas.com\/pt\/contiservice-reuniu-agentes-em-obidos-para-convencao-anual\/","name":"ContiService reuniu agentes em \u00d3bidos para Conven\u00e7\u00e3o Anual - Jornal das Oficinas","isPartOf":{"@id":"https:\/\/jornaldasoficinas.com\/pt\/#website"},"primaryImageOfPage":{"@id":"https:\/\/jornaldasoficinas.com\/pt\/contiservice-reuniu-agentes-em-obidos-para-convencao-anual\/#primaryimage"},"image":{"@id":"https:\/\/jornaldasoficinas.com\/pt\/contiservice-reuniu-agentes-em-obidos-para-convencao-anual\/#primaryimage"},"thumbnailUrl":"https:\/\/jornaldasoficinas.com\/pt\/wp-content\/uploads\/2019\/10\/f5283e84f8daffad81a1a04428ef2119_XL.jpg","datePublished":"2019-10-23T08:33:10+00:00","dateModified":"2019-10-28T15:20:06+00:00","breadcrumb":{"@id":"https:\/\/jornaldasoficinas.com\/pt\/contiservice-reuniu-agentes-em-obidos-para-convencao-anual\/#breadcrumb"},"inLanguage":"pt-PT","potentialAction":[{"@type":"ReadAction","target":["https:\/\/jornaldasoficinas.com\/pt\/contiservice-reuniu-agentes-em-obidos-para-convencao-anual\/"]}]},{"@type":"ImageObject","inLanguage":"pt-PT","@id":"https:\/\/jornaldasoficinas.com\/pt\/contiservice-reuniu-agentes-em-obidos-para-convencao-anual\/#primaryimage","url":"https:\/\/jornaldasoficinas.com\/pt\/wp-content\/uploads\/2019\/10\/f5283e84f8daffad81a1a04428ef2119_XL.jpg","contentUrl":"https:\/\/jornaldasoficinas.com\/pt\/wp-content\/uploads\/2019\/10\/f5283e84f8daffad81a1a04428ef2119_XL.jpg","width":1024,"height":581},{"@type":"BreadcrumbList","@id":"https:\/\/jornaldasoficinas.com\/pt\/contiservice-reuniu-agentes-em-obidos-para-convencao-anual\/#breadcrumb","itemListElement":[{"@type":"ListItem","position":1,"name":"In\u00edcio","item":"https:\/\/jornaldasoficinas.com\/pt\/"},{"@type":"ListItem","position":2,"name":"ContiService reuniu agentes em \u00d3bidos para Conven\u00e7\u00e3o Anual"}]},{"@type":"WebSite","@id":"https:\/\/jornaldasoficinas.com\/pt\/#website","url":"https:\/\/jornaldasoficinas.com\/pt\/","name":"Jornal das Oficinas","description":"Jornal independente do Aftermarket Autom\u00f3vel em Portugal","publisher":{"@id":"https:\/\/jornaldasoficinas.com\/pt\/#organization"},"potentialAction":[{"@type":"SearchAction","target":{"@type":"EntryPoint","urlTemplate":"https:\/\/jornaldasoficinas.com\/pt\/?s={search_term_string}"},"query-input":{"@type":"PropertyValueSpecification","valueRequired":true,"valueName":"search_term_string"}}],"inLanguage":"pt-PT"},{"@type":"Organization","@id":"https:\/\/jornaldasoficinas.com\/pt\/#organization","name":"Jornal das Oficinas","url":"https:\/\/jornaldasoficinas.com\/pt\/","logo":{"@type":"ImageObject","inLanguage":"pt-PT","@id":"https:\/\/jornaldasoficinas.com\/pt\/#\/schema\/logo\/image\/","url":"https:\/\/jornaldasoficinas.com\/pt\/wp-content\/uploads\/logoJO-SEO.png","contentUrl":"https:\/\/jornaldasoficinas.com\/pt\/wp-content\/uploads\/logoJO-SEO.png","width":285,"height":450,"caption":"Jornal das Oficinas"},"image":{"@id":"https:\/\/jornaldasoficinas.com\/pt\/#\/schema\/logo\/image\/"},"sameAs":["https:\/\/www.facebook.com\/jornaloficinas","https:\/\/x.com\/jornaloficinas","https:\/\/www.instagram.com\/jornal_oficinas\/","https:\/\/www.linkedin.com\/company\/jornal-das-oficinas\/","https:\/\/www.youtube.com\/channel\/UCbQZBqtcvV-oSQrr7RzINGg"]},{"@type":"Person","@id":"https:\/\/jornaldasoficinas.com\/pt\/#\/schema\/person\/a38eef5de2c41d9e7c9ac10141afddf3","name":"Reda\u00e7\u00e3o JO","image":{"@type":"ImageObject","inLanguage":"pt-PT","@id":"https:\/\/secure.gravatar.com\/avatar\/71f2fa71737ad68a84fea94bc708ddac8ea5b0c4788dc2ad202f3ccb2887742f?s=96&d=wp_user_avatar&r=g","url":"https:\/\/secure.gravatar.com\/avatar\/71f2fa71737ad68a84fea94bc708ddac8ea5b0c4788dc2ad202f3ccb2887742f?s=96&d=wp_user_avatar&r=g","contentUrl":"https:\/\/secure.gravatar.com\/avatar\/71f2fa71737ad68a84fea94bc708ddac8ea5b0c4788dc2ad202f3ccb2887742f?s=96&d=wp_user_avatar&r=g","caption":"Reda\u00e7\u00e3o JO"},"url":"https:\/\/jornaldasoficinas.com\/pt\/author\/joredacao\/"}]}},"_links":{"self":[{"href":"https:\/\/jornaldasoficinas.com\/pt\/wp-json\/wp\/v2\/posts\/5500","targetHints":{"allow":["GET"]}}],"collection":[{"href":"https:\/\/jornaldasoficinas.com\/pt\/wp-json\/wp\/v2\/posts"}],"about":[{"href":"https:\/\/jornaldasoficinas.com\/pt\/wp-json\/wp\/v2\/types\/post"}],"author":[{"embeddable":true,"href":"https:\/\/jornaldasoficinas.com\/pt\/wp-json\/wp\/v2\/users\/15"}],"replies":[{"embeddable":true,"href":"https:\/\/jornaldasoficinas.com\/pt\/wp-json\/wp\/v2\/comments?post=5500"}],"version-history":[{"count":0,"href":"https:\/\/jornaldasoficinas.com\/pt\/wp-json\/wp\/v2\/posts\/5500\/revisions"}],"wp:featuredmedia":[{"embeddable":true,"href":"https:\/\/jornaldasoficinas.com\/pt\/wp-json\/wp\/v2\/media\/5501"}],"wp:attachment":[{"href":"https:\/\/jornaldasoficinas.com\/pt\/wp-json\/wp\/v2\/media?parent=5500"}],"wp:term":[{"taxonomy":"category","embeddable":true,"href":"https:\/\/jornaldasoficinas.com\/pt\/wp-json\/wp\/v2\/categories?post=5500"},{"taxonomy":"post_tag","embeddable":true,"href":"https:\/\/jornaldasoficinas.com\/pt\/wp-json\/wp\/v2\/tags?post=5500"}],"curies":[{"name":"wp","href":"https:\/\/api.w.org\/{rel}","templated":true}]}}