{"id":5522,"date":"2019-10-28T14:57:16","date_gmt":"2019-10-28T14:57:16","guid":{"rendered":"https:\/\/jornaldasoficinas.com\/pt\/?p=5522"},"modified":"2019-10-28T14:59:19","modified_gmt":"2019-10-28T14:59:19","slug":"tab-batteries-e-fornecedor-oficial-do-grupo-volkswagen","status":"publish","type":"post","link":"https:\/\/jornaldasoficinas.com\/pt\/tab-batteries-e-fornecedor-oficial-do-grupo-volkswagen\/","title":{"rendered":"TAB Batteries \u00e9 fornecedor oficial do Grupo VW"},"content":{"rendered":"<p><img loading=\"lazy\" decoding=\"async\" class=\"alignnone wp-image-5523 size-full\" src=\"https:\/\/jornaldasoficinas.com\/pt\/wp-content\/uploads\/2019\/10\/acordotab.png\" alt=\"10 - acordotab\" width=\"1024\" height=\"581\" srcset=\"https:\/\/jornaldasoficinas.com\/pt\/wp-content\/uploads\/2019\/10\/acordotab.png 1024w, https:\/\/jornaldasoficinas.com\/pt\/wp-content\/uploads\/2019\/10\/acordotab-150x85.png 150w, https:\/\/jornaldasoficinas.com\/pt\/wp-content\/uploads\/2019\/10\/acordotab-300x170.png 300w, https:\/\/jornaldasoficinas.com\/pt\/wp-content\/uploads\/2019\/10\/acordotab-768x436.png 768w\" sizes=\"auto, (max-width: 1024px) 100vw, 1024px\" \/><\/p>\n<p><strong>As baterias pertencentes \u00e0 nova gera\u00e7\u00e3o do fabricante passaram a fazer parte do equipamento de s\u00e9rie do modelo T-Cross do Grupo Volkswagen desde o passado m\u00eas de agosto.<\/strong><\/p>\n<p>A <a href=\"https:\/\/www.tab.si\/\" target=\"_blank\" rel=\"noopener noreferrer\">TAB Batteries<\/a>, especialista em solu\u00e7\u00f5es para baterias, assinou um acordo com o Grupo Volkswagen. Assim, desde agosto passado que fornece a sua nova gera\u00e7\u00e3o de baterias ao fabricante de autom\u00f3veis alem\u00e3o.<\/p>\n<p>O acordo foi estabelecido ap\u00f3s a realiza\u00e7\u00e3o de uma s\u00e9rie de testes rigorosos e ajustes de produto aos elevados padr\u00f5es de tecnologia e produ\u00e7\u00e3o.<\/p>\n<p>A TAB, na qualidade de um dos fornecedores exclusivos, fornece baterias EFB <em>Stop &amp; Go<\/em> para o modelo T-Cross.<\/p>\n<p>\u201cEstamos satisfeitos por incluir a Volkswagen no grupo de marcas para as quais fornecemos baterias como equipamento de origem. Estou certo que ambas as partes saber\u00e3o aproveitar as oportunidades que este acordo permite\u201d, afirmou Joan Alcaraz, diretor-geral da TAB Spain.<\/p>\n","protected":false},"excerpt":{"rendered":"<p>As baterias pertencentes \u00e0 nova gera\u00e7\u00e3o&#8230;<\/p>\n","protected":false},"author":15,"featured_media":5523,"comment_status":"closed","ping_status":"closed","sticky":false,"template":"","format":"standard","meta":{"footnotes":""},"categories":[29],"tags":[566,565,564],"class_list":["post-5522","post","type-post","status-publish","format-standard","has-post-thumbnail","hentry","category-empresas","tag-grupo-volkswagen","tag-tab-batteries","tag-tab-spain"],"yoast_head":"<!-- This site is optimized with the Yoast SEO plugin v27.5 - https:\/\/yoast.com\/product\/yoast-seo-wordpress\/ -->\n<title>TAB Batteries \u00e9 fornecedor oficial do Grupo VW - Jornal das Oficinas<\/title>\n<meta name=\"robots\" content=\"index, follow, max-snippet:-1, max-image-preview:large, max-video-preview:-1\" \/>\n<link rel=\"canonical\" href=\"https:\/\/jornaldasoficinas.com\/pt\/tab-batteries-e-fornecedor-oficial-do-grupo-volkswagen\/\" \/>\n<meta property=\"og:locale\" content=\"pt_PT\" \/>\n<meta property=\"og:type\" content=\"article\" \/>\n<meta property=\"og:title\" content=\"TAB Batteries \u00e9 fornecedor oficial do Grupo VW - Jornal das Oficinas\" \/>\n<meta property=\"og:description\" content=\"As baterias pertencentes \u00e0 nova gera\u00e7\u00e3o...\" \/>\n<meta property=\"og:url\" content=\"https:\/\/jornaldasoficinas.com\/pt\/tab-batteries-e-fornecedor-oficial-do-grupo-volkswagen\/\" \/>\n<meta property=\"og:site_name\" content=\"Jornal das Oficinas\" \/>\n<meta property=\"article:publisher\" content=\"https:\/\/www.facebook.com\/jornaloficinas\" \/>\n<meta property=\"article:published_time\" content=\"2019-10-28T14:57:16+00:00\" \/>\n<meta property=\"article:modified_time\" content=\"2019-10-28T14:59:19+00:00\" \/>\n<meta property=\"og:image\" content=\"https:\/\/jornaldasoficinas.com\/pt\/wp-content\/uploads\/2019\/10\/acordotab.png\" \/>\n\t<meta property=\"og:image:width\" content=\"1024\" \/>\n\t<meta property=\"og:image:height\" content=\"581\" \/>\n\t<meta property=\"og:image:type\" content=\"image\/png\" \/>\n<meta name=\"author\" content=\"Reda\u00e7\u00e3o JO\" \/>\n<meta name=\"twitter:card\" content=\"summary_large_image\" \/>\n<meta name=\"twitter:creator\" content=\"@jornaloficinas\" \/>\n<meta name=\"twitter:site\" content=\"@jornaloficinas\" \/>\n<meta name=\"twitter:label1\" content=\"Escrito por\" \/>\n\t<meta name=\"twitter:data1\" content=\"Reda\u00e7\u00e3o JO\" \/>\n\t<meta name=\"twitter:label2\" content=\"Tempo estimado de leitura\" \/>\n\t<meta name=\"twitter:data2\" content=\"1 minuto\" \/>\n<script type=\"application\/ld+json\" class=\"yoast-schema-graph\">{\"@context\":\"https:\\\/\\\/schema.org\",\"@graph\":[{\"@type\":\"Article\",\"@id\":\"https:\\\/\\\/jornaldasoficinas.com\\\/pt\\\/tab-batteries-e-fornecedor-oficial-do-grupo-volkswagen\\\/#article\",\"isPartOf\":{\"@id\":\"https:\\\/\\\/jornaldasoficinas.com\\\/pt\\\/tab-batteries-e-fornecedor-oficial-do-grupo-volkswagen\\\/\"},\"author\":{\"name\":\"Reda\u00e7\u00e3o JO\",\"@id\":\"https:\\\/\\\/jornaldasoficinas.com\\\/pt\\\/#\\\/schema\\\/person\\\/a38eef5de2c41d9e7c9ac10141afddf3\"},\"headline\":\"TAB Batteries \u00e9 fornecedor oficial do Grupo VW\",\"datePublished\":\"2019-10-28T14:57:16+00:00\",\"dateModified\":\"2019-10-28T14:59:19+00:00\",\"mainEntityOfPage\":{\"@id\":\"https:\\\/\\\/jornaldasoficinas.com\\\/pt\\\/tab-batteries-e-fornecedor-oficial-do-grupo-volkswagen\\\/\"},\"wordCount\":162,\"publisher\":{\"@id\":\"https:\\\/\\\/jornaldasoficinas.com\\\/pt\\\/#organization\"},\"image\":{\"@id\":\"https:\\\/\\\/jornaldasoficinas.com\\\/pt\\\/tab-batteries-e-fornecedor-oficial-do-grupo-volkswagen\\\/#primaryimage\"},\"thumbnailUrl\":\"https:\\\/\\\/jornaldasoficinas.com\\\/pt\\\/wp-content\\\/uploads\\\/2019\\\/10\\\/acordotab.png\",\"keywords\":[\"Grupo Volkswagen\",\"TAB Batteries\",\"TAB Spain\"],\"articleSection\":[\"Empresas\"],\"inLanguage\":\"pt-PT\"},{\"@type\":\"WebPage\",\"@id\":\"https:\\\/\\\/jornaldasoficinas.com\\\/pt\\\/tab-batteries-e-fornecedor-oficial-do-grupo-volkswagen\\\/\",\"url\":\"https:\\\/\\\/jornaldasoficinas.com\\\/pt\\\/tab-batteries-e-fornecedor-oficial-do-grupo-volkswagen\\\/\",\"name\":\"TAB Batteries \u00e9 fornecedor oficial do Grupo VW - Jornal das Oficinas\",\"isPartOf\":{\"@id\":\"https:\\\/\\\/jornaldasoficinas.com\\\/pt\\\/#website\"},\"primaryImageOfPage\":{\"@id\":\"https:\\\/\\\/jornaldasoficinas.com\\\/pt\\\/tab-batteries-e-fornecedor-oficial-do-grupo-volkswagen\\\/#primaryimage\"},\"image\":{\"@id\":\"https:\\\/\\\/jornaldasoficinas.com\\\/pt\\\/tab-batteries-e-fornecedor-oficial-do-grupo-volkswagen\\\/#primaryimage\"},\"thumbnailUrl\":\"https:\\\/\\\/jornaldasoficinas.com\\\/pt\\\/wp-content\\\/uploads\\\/2019\\\/10\\\/acordotab.png\",\"datePublished\":\"2019-10-28T14:57:16+00:00\",\"dateModified\":\"2019-10-28T14:59:19+00:00\",\"breadcrumb\":{\"@id\":\"https:\\\/\\\/jornaldasoficinas.com\\\/pt\\\/tab-batteries-e-fornecedor-oficial-do-grupo-volkswagen\\\/#breadcrumb\"},\"inLanguage\":\"pt-PT\",\"potentialAction\":[{\"@type\":\"ReadAction\",\"target\":[\"https:\\\/\\\/jornaldasoficinas.com\\\/pt\\\/tab-batteries-e-fornecedor-oficial-do-grupo-volkswagen\\\/\"]}]},{\"@type\":\"ImageObject\",\"inLanguage\":\"pt-PT\",\"@id\":\"https:\\\/\\\/jornaldasoficinas.com\\\/pt\\\/tab-batteries-e-fornecedor-oficial-do-grupo-volkswagen\\\/#primaryimage\",\"url\":\"https:\\\/\\\/jornaldasoficinas.com\\\/pt\\\/wp-content\\\/uploads\\\/2019\\\/10\\\/acordotab.png\",\"contentUrl\":\"https:\\\/\\\/jornaldasoficinas.com\\\/pt\\\/wp-content\\\/uploads\\\/2019\\\/10\\\/acordotab.png\",\"width\":1024,\"height\":581,\"caption\":\"10 - acordotab\"},{\"@type\":\"BreadcrumbList\",\"@id\":\"https:\\\/\\\/jornaldasoficinas.com\\\/pt\\\/tab-batteries-e-fornecedor-oficial-do-grupo-volkswagen\\\/#breadcrumb\",\"itemListElement\":[{\"@type\":\"ListItem\",\"position\":1,\"name\":\"In\u00edcio\",\"item\":\"https:\\\/\\\/jornaldasoficinas.com\\\/pt\\\/\"},{\"@type\":\"ListItem\",\"position\":2,\"name\":\"TAB Batteries \u00e9 fornecedor oficial do Grupo VW\"}]},{\"@type\":\"WebSite\",\"@id\":\"https:\\\/\\\/jornaldasoficinas.com\\\/pt\\\/#website\",\"url\":\"https:\\\/\\\/jornaldasoficinas.com\\\/pt\\\/\",\"name\":\"Jornal das Oficinas\",\"description\":\"Jornal independente do Aftermarket Autom\u00f3vel em Portugal\",\"publisher\":{\"@id\":\"https:\\\/\\\/jornaldasoficinas.com\\\/pt\\\/#organization\"},\"potentialAction\":[{\"@type\":\"SearchAction\",\"target\":{\"@type\":\"EntryPoint\",\"urlTemplate\":\"https:\\\/\\\/jornaldasoficinas.com\\\/pt\\\/?s={search_term_string}\"},\"query-input\":{\"@type\":\"PropertyValueSpecification\",\"valueRequired\":true,\"valueName\":\"search_term_string\"}}],\"inLanguage\":\"pt-PT\"},{\"@type\":\"Organization\",\"@id\":\"https:\\\/\\\/jornaldasoficinas.com\\\/pt\\\/#organization\",\"name\":\"Jornal das Oficinas\",\"url\":\"https:\\\/\\\/jornaldasoficinas.com\\\/pt\\\/\",\"logo\":{\"@type\":\"ImageObject\",\"inLanguage\":\"pt-PT\",\"@id\":\"https:\\\/\\\/jornaldasoficinas.com\\\/pt\\\/#\\\/schema\\\/logo\\\/image\\\/\",\"url\":\"https:\\\/\\\/jornaldasoficinas.com\\\/pt\\\/wp-content\\\/uploads\\\/logoJO-SEO.png\",\"contentUrl\":\"https:\\\/\\\/jornaldasoficinas.com\\\/pt\\\/wp-content\\\/uploads\\\/logoJO-SEO.png\",\"width\":285,\"height\":450,\"caption\":\"Jornal das Oficinas\"},\"image\":{\"@id\":\"https:\\\/\\\/jornaldasoficinas.com\\\/pt\\\/#\\\/schema\\\/logo\\\/image\\\/\"},\"sameAs\":[\"https:\\\/\\\/www.facebook.com\\\/jornaloficinas\",\"https:\\\/\\\/x.com\\\/jornaloficinas\",\"https:\\\/\\\/www.instagram.com\\\/jornal_oficinas\\\/\",\"https:\\\/\\\/www.linkedin.com\\\/company\\\/jornal-das-oficinas\\\/\",\"https:\\\/\\\/www.youtube.com\\\/channel\\\/UCbQZBqtcvV-oSQrr7RzINGg\"]},{\"@type\":\"Person\",\"@id\":\"https:\\\/\\\/jornaldasoficinas.com\\\/pt\\\/#\\\/schema\\\/person\\\/a38eef5de2c41d9e7c9ac10141afddf3\",\"name\":\"Reda\u00e7\u00e3o JO\",\"image\":{\"@type\":\"ImageObject\",\"inLanguage\":\"pt-PT\",\"@id\":\"https:\\\/\\\/secure.gravatar.com\\\/avatar\\\/71f2fa71737ad68a84fea94bc708ddac8ea5b0c4788dc2ad202f3ccb2887742f?s=96&d=wp_user_avatar&r=g\",\"url\":\"https:\\\/\\\/secure.gravatar.com\\\/avatar\\\/71f2fa71737ad68a84fea94bc708ddac8ea5b0c4788dc2ad202f3ccb2887742f?s=96&d=wp_user_avatar&r=g\",\"contentUrl\":\"https:\\\/\\\/secure.gravatar.com\\\/avatar\\\/71f2fa71737ad68a84fea94bc708ddac8ea5b0c4788dc2ad202f3ccb2887742f?s=96&d=wp_user_avatar&r=g\",\"caption\":\"Reda\u00e7\u00e3o JO\"},\"url\":\"https:\\\/\\\/jornaldasoficinas.com\\\/pt\\\/author\\\/joredacao\\\/\"}]}<\/script>\n<!-- \/ Yoast SEO plugin. -->","yoast_head_json":{"title":"TAB Batteries \u00e9 fornecedor oficial do Grupo VW - Jornal das Oficinas","robots":{"index":"index","follow":"follow","max-snippet":"max-snippet:-1","max-image-preview":"max-image-preview:large","max-video-preview":"max-video-preview:-1"},"canonical":"https:\/\/jornaldasoficinas.com\/pt\/tab-batteries-e-fornecedor-oficial-do-grupo-volkswagen\/","og_locale":"pt_PT","og_type":"article","og_title":"TAB Batteries \u00e9 fornecedor oficial do Grupo VW - Jornal das Oficinas","og_description":"As baterias pertencentes \u00e0 nova gera\u00e7\u00e3o...","og_url":"https:\/\/jornaldasoficinas.com\/pt\/tab-batteries-e-fornecedor-oficial-do-grupo-volkswagen\/","og_site_name":"Jornal das Oficinas","article_publisher":"https:\/\/www.facebook.com\/jornaloficinas","article_published_time":"2019-10-28T14:57:16+00:00","article_modified_time":"2019-10-28T14:59:19+00:00","og_image":[{"width":1024,"height":581,"url":"https:\/\/jornaldasoficinas.com\/pt\/wp-content\/uploads\/2019\/10\/acordotab.png","type":"image\/png"}],"author":"Reda\u00e7\u00e3o JO","twitter_card":"summary_large_image","twitter_creator":"@jornaloficinas","twitter_site":"@jornaloficinas","twitter_misc":{"Escrito por":"Reda\u00e7\u00e3o JO","Tempo estimado de leitura":"1 minuto"},"schema":{"@context":"https:\/\/schema.org","@graph":[{"@type":"Article","@id":"https:\/\/jornaldasoficinas.com\/pt\/tab-batteries-e-fornecedor-oficial-do-grupo-volkswagen\/#article","isPartOf":{"@id":"https:\/\/jornaldasoficinas.com\/pt\/tab-batteries-e-fornecedor-oficial-do-grupo-volkswagen\/"},"author":{"name":"Reda\u00e7\u00e3o JO","@id":"https:\/\/jornaldasoficinas.com\/pt\/#\/schema\/person\/a38eef5de2c41d9e7c9ac10141afddf3"},"headline":"TAB Batteries \u00e9 fornecedor oficial do Grupo VW","datePublished":"2019-10-28T14:57:16+00:00","dateModified":"2019-10-28T14:59:19+00:00","mainEntityOfPage":{"@id":"https:\/\/jornaldasoficinas.com\/pt\/tab-batteries-e-fornecedor-oficial-do-grupo-volkswagen\/"},"wordCount":162,"publisher":{"@id":"https:\/\/jornaldasoficinas.com\/pt\/#organization"},"image":{"@id":"https:\/\/jornaldasoficinas.com\/pt\/tab-batteries-e-fornecedor-oficial-do-grupo-volkswagen\/#primaryimage"},"thumbnailUrl":"https:\/\/jornaldasoficinas.com\/pt\/wp-content\/uploads\/2019\/10\/acordotab.png","keywords":["Grupo Volkswagen","TAB Batteries","TAB Spain"],"articleSection":["Empresas"],"inLanguage":"pt-PT"},{"@type":"WebPage","@id":"https:\/\/jornaldasoficinas.com\/pt\/tab-batteries-e-fornecedor-oficial-do-grupo-volkswagen\/","url":"https:\/\/jornaldasoficinas.com\/pt\/tab-batteries-e-fornecedor-oficial-do-grupo-volkswagen\/","name":"TAB Batteries \u00e9 fornecedor oficial do Grupo VW - Jornal das Oficinas","isPartOf":{"@id":"https:\/\/jornaldasoficinas.com\/pt\/#website"},"primaryImageOfPage":{"@id":"https:\/\/jornaldasoficinas.com\/pt\/tab-batteries-e-fornecedor-oficial-do-grupo-volkswagen\/#primaryimage"},"image":{"@id":"https:\/\/jornaldasoficinas.com\/pt\/tab-batteries-e-fornecedor-oficial-do-grupo-volkswagen\/#primaryimage"},"thumbnailUrl":"https:\/\/jornaldasoficinas.com\/pt\/wp-content\/uploads\/2019\/10\/acordotab.png","datePublished":"2019-10-28T14:57:16+00:00","dateModified":"2019-10-28T14:59:19+00:00","breadcrumb":{"@id":"https:\/\/jornaldasoficinas.com\/pt\/tab-batteries-e-fornecedor-oficial-do-grupo-volkswagen\/#breadcrumb"},"inLanguage":"pt-PT","potentialAction":[{"@type":"ReadAction","target":["https:\/\/jornaldasoficinas.com\/pt\/tab-batteries-e-fornecedor-oficial-do-grupo-volkswagen\/"]}]},{"@type":"ImageObject","inLanguage":"pt-PT","@id":"https:\/\/jornaldasoficinas.com\/pt\/tab-batteries-e-fornecedor-oficial-do-grupo-volkswagen\/#primaryimage","url":"https:\/\/jornaldasoficinas.com\/pt\/wp-content\/uploads\/2019\/10\/acordotab.png","contentUrl":"https:\/\/jornaldasoficinas.com\/pt\/wp-content\/uploads\/2019\/10\/acordotab.png","width":1024,"height":581,"caption":"10 - acordotab"},{"@type":"BreadcrumbList","@id":"https:\/\/jornaldasoficinas.com\/pt\/tab-batteries-e-fornecedor-oficial-do-grupo-volkswagen\/#breadcrumb","itemListElement":[{"@type":"ListItem","position":1,"name":"In\u00edcio","item":"https:\/\/jornaldasoficinas.com\/pt\/"},{"@type":"ListItem","position":2,"name":"TAB Batteries \u00e9 fornecedor oficial do Grupo VW"}]},{"@type":"WebSite","@id":"https:\/\/jornaldasoficinas.com\/pt\/#website","url":"https:\/\/jornaldasoficinas.com\/pt\/","name":"Jornal das Oficinas","description":"Jornal independente do Aftermarket Autom\u00f3vel em Portugal","publisher":{"@id":"https:\/\/jornaldasoficinas.com\/pt\/#organization"},"potentialAction":[{"@type":"SearchAction","target":{"@type":"EntryPoint","urlTemplate":"https:\/\/jornaldasoficinas.com\/pt\/?s={search_term_string}"},"query-input":{"@type":"PropertyValueSpecification","valueRequired":true,"valueName":"search_term_string"}}],"inLanguage":"pt-PT"},{"@type":"Organization","@id":"https:\/\/jornaldasoficinas.com\/pt\/#organization","name":"Jornal das Oficinas","url":"https:\/\/jornaldasoficinas.com\/pt\/","logo":{"@type":"ImageObject","inLanguage":"pt-PT","@id":"https:\/\/jornaldasoficinas.com\/pt\/#\/schema\/logo\/image\/","url":"https:\/\/jornaldasoficinas.com\/pt\/wp-content\/uploads\/logoJO-SEO.png","contentUrl":"https:\/\/jornaldasoficinas.com\/pt\/wp-content\/uploads\/logoJO-SEO.png","width":285,"height":450,"caption":"Jornal das Oficinas"},"image":{"@id":"https:\/\/jornaldasoficinas.com\/pt\/#\/schema\/logo\/image\/"},"sameAs":["https:\/\/www.facebook.com\/jornaloficinas","https:\/\/x.com\/jornaloficinas","https:\/\/www.instagram.com\/jornal_oficinas\/","https:\/\/www.linkedin.com\/company\/jornal-das-oficinas\/","https:\/\/www.youtube.com\/channel\/UCbQZBqtcvV-oSQrr7RzINGg"]},{"@type":"Person","@id":"https:\/\/jornaldasoficinas.com\/pt\/#\/schema\/person\/a38eef5de2c41d9e7c9ac10141afddf3","name":"Reda\u00e7\u00e3o JO","image":{"@type":"ImageObject","inLanguage":"pt-PT","@id":"https:\/\/secure.gravatar.com\/avatar\/71f2fa71737ad68a84fea94bc708ddac8ea5b0c4788dc2ad202f3ccb2887742f?s=96&d=wp_user_avatar&r=g","url":"https:\/\/secure.gravatar.com\/avatar\/71f2fa71737ad68a84fea94bc708ddac8ea5b0c4788dc2ad202f3ccb2887742f?s=96&d=wp_user_avatar&r=g","contentUrl":"https:\/\/secure.gravatar.com\/avatar\/71f2fa71737ad68a84fea94bc708ddac8ea5b0c4788dc2ad202f3ccb2887742f?s=96&d=wp_user_avatar&r=g","caption":"Reda\u00e7\u00e3o JO"},"url":"https:\/\/jornaldasoficinas.com\/pt\/author\/joredacao\/"}]}},"_links":{"self":[{"href":"https:\/\/jornaldasoficinas.com\/pt\/wp-json\/wp\/v2\/posts\/5522","targetHints":{"allow":["GET"]}}],"collection":[{"href":"https:\/\/jornaldasoficinas.com\/pt\/wp-json\/wp\/v2\/posts"}],"about":[{"href":"https:\/\/jornaldasoficinas.com\/pt\/wp-json\/wp\/v2\/types\/post"}],"author":[{"embeddable":true,"href":"https:\/\/jornaldasoficinas.com\/pt\/wp-json\/wp\/v2\/users\/15"}],"replies":[{"embeddable":true,"href":"https:\/\/jornaldasoficinas.com\/pt\/wp-json\/wp\/v2\/comments?post=5522"}],"version-history":[{"count":0,"href":"https:\/\/jornaldasoficinas.com\/pt\/wp-json\/wp\/v2\/posts\/5522\/revisions"}],"wp:featuredmedia":[{"embeddable":true,"href":"https:\/\/jornaldasoficinas.com\/pt\/wp-json\/wp\/v2\/media\/5523"}],"wp:attachment":[{"href":"https:\/\/jornaldasoficinas.com\/pt\/wp-json\/wp\/v2\/media?parent=5522"}],"wp:term":[{"taxonomy":"category","embeddable":true,"href":"https:\/\/jornaldasoficinas.com\/pt\/wp-json\/wp\/v2\/categories?post=5522"},{"taxonomy":"post_tag","embeddable":true,"href":"https:\/\/jornaldasoficinas.com\/pt\/wp-json\/wp\/v2\/tags?post=5522"}],"curies":[{"name":"wp","href":"https:\/\/api.w.org\/{rel}","templated":true}]}}