{"id":5944,"date":"2019-11-04T12:51:18","date_gmt":"2019-11-04T12:51:18","guid":{"rendered":"https:\/\/jornaldasoficinas.com\/pt\/?p=5944"},"modified":"2019-11-04T13:19:38","modified_gmt":"2019-11-04T13:19:38","slug":"zaphiro-apresenta-nova-gama-para-ar-comprimido","status":"publish","type":"post","link":"https:\/\/jornaldasoficinas.com\/pt\/zaphiro-apresenta-nova-gama-para-ar-comprimido\/","title":{"rendered":"ZAPHIRO apresenta nova gama de ar comprimido"},"content":{"rendered":"<p><img loading=\"lazy\" decoding=\"async\" class=\"alignnone wp-image-5943 size-full\" src=\"https:\/\/jornaldasoficinas.com\/pt\/wp-content\/uploads\/2019\/11\/zaphiroarcomp.png\" alt=\"11 - zaphiroarcomp\" width=\"1024\" height=\"581\" srcset=\"https:\/\/jornaldasoficinas.com\/pt\/wp-content\/uploads\/2019\/11\/zaphiroarcomp.png 1024w, https:\/\/jornaldasoficinas.com\/pt\/wp-content\/uploads\/2019\/11\/zaphiroarcomp-150x85.png 150w, https:\/\/jornaldasoficinas.com\/pt\/wp-content\/uploads\/2019\/11\/zaphiroarcomp-300x170.png 300w, https:\/\/jornaldasoficinas.com\/pt\/wp-content\/uploads\/2019\/11\/zaphiroarcomp-768x436.png 768w\" sizes=\"auto, (max-width: 1024px) 100vw, 1024px\" \/><\/p>\n<p><strong>Comprometida com a produtividade e rentabilidade da oficina, a ZAPHIRO, empresa l\u00edder em Espanha de produtos e servi\u00e7os <em>non paint<\/em> para o p\u00f3s-venda autom\u00f3vel, renovou o seu cat\u00e1logo de equipamentos para ar comprimido.<\/strong><\/p>\n<p>Novas tomadas r\u00e1pidas de seguran\u00e7a, pistolas de sopro e mangueiras. S\u00e3o estes os novos produtos que a <a href=\"http:\/\/zaphirogroup.com\/\" target=\"_blank\" rel=\"noopener noreferrer\">ZAPHIRO<\/a> j\u00e1 come\u00e7ou a distribuir sob a sua marca pr\u00f3pria. Mas vamos por partes.<\/p>\n<p>As tomadas r\u00e1pidas de seguran\u00e7a s\u00e3o anti-est\u00e1ticas e n\u00e3o incluem molas no seu mecanismo, o que facilita uma conex\u00e3o mais f\u00e1cil, podendo ser acopladas ao conector sem implicar qualquer esfor\u00e7o, gra\u00e7as, tamb\u00e9m, \u00e0 sua superf\u00edcie antiderrapante.<\/p>\n<p>Este \u00faltima n\u00e3o risca outras superf\u00edcies que estejam pr\u00f3ximas, o que se trata de uma vantagem importante numa oficina de chapa e pintura. \u201cAs molas, v\u00e1lvulas e juntas planas que, tradicionalmente, encontramos nos buj\u00f5es convencionais\u201d, refere Carlos Herrera, gerente comercial da ZAPHIRO, \u201cenvolvem oxida\u00e7\u00e3o, turbul\u00eancia e rasgos, o que resulta em perdas de press\u00e3o e vazamentos de ar\u201d.<\/p>\n<p>J\u00e1 a pistola de sopro da ZAPHIRO, oferece um jato direcional que garante trabalho de elevada precis\u00e3o. O gatilho progressivo de que disp\u00f5e permite que seja usado apenas o fluxo necess\u00e1rio, sem desperdi\u00e7ar ar comprimido.<\/p>\n<p>Um gatilho convencional, do tipo &#8220;tudo ou nada&#8221;, pode consumir o dobro da pistola da ZAPHIRO. O <em>design<\/em> ergon\u00f3mico, o peso extraordinariamente leve (116 g) e o quente do corpo (nunca se sente o frio) facilita muito a sua utiliza\u00e7\u00e3o.<\/p>\n<p>A pistola de sopro da ZAPHIRO \u00e9, portanto, um elemento de produtividade e de elevada resist\u00eancia: \u00e9 feita para durar. O seu bico anti-riscos evita a deteriora\u00e7\u00e3o de materiais e superf\u00edcies pr\u00f3ximas. Al\u00e9m disso, n\u00e3o foram utilizados silicones durante o seu processo de fabrico, n\u00e3o havendo, por isso, risco de contamina\u00e7\u00e3o atrav\u00e9s destes compostos em tintas ou vernizes.<\/p>\n<p>Finalmente, a nova mangueira da ZAPHIRO. De cor azul, \u00e9 fornecida com di\u00e2metros de 15, 16 e 18 mm. Sob sua cobertura externa de EPDM (borracha de etileno-propileno-dieno tipo M), h\u00e1 uma camada de fios sint\u00e9ticos tran\u00e7ados que aumenta a resist\u00eancia e a durabilidade do tubo, que, por sua vez, envolve o interior anti-est\u00e1tico e isento de silicone e de EPDM. O tubo suporta temperaturas de at\u00e9 100\u00b0C, com press\u00e3o m\u00e1xima de 50 <em>bar<\/em>.<\/p>\n","protected":false},"excerpt":{"rendered":"<p>Comprometida com a produtividade e rentabilidade&#8230;<\/p>\n","protected":false},"author":15,"featured_media":5943,"comment_status":"closed","ping_status":"closed","sticky":false,"template":"","format":"standard","meta":{"footnotes":""},"categories":[2],"tags":[633,231],"class_list":["post-5944","post","type-post","status-publish","format-standard","has-post-thumbnail","hentry","category-repintura","tag-ar-comprimido","tag-zaphiro"],"yoast_head":"<!-- This site is optimized with the Yoast SEO plugin v27.4 - https:\/\/yoast.com\/product\/yoast-seo-wordpress\/ -->\n<title>ZAPHIRO apresenta nova gama de ar comprimido - Jornal das Oficinas<\/title>\n<meta name=\"robots\" content=\"index, follow, max-snippet:-1, max-image-preview:large, max-video-preview:-1\" \/>\n<link rel=\"canonical\" href=\"https:\/\/jornaldasoficinas.com\/pt\/zaphiro-apresenta-nova-gama-para-ar-comprimido\/\" \/>\n<meta property=\"og:locale\" content=\"pt_PT\" \/>\n<meta property=\"og:type\" content=\"article\" \/>\n<meta property=\"og:title\" content=\"ZAPHIRO apresenta nova gama de ar comprimido - Jornal das Oficinas\" \/>\n<meta property=\"og:description\" content=\"Comprometida com a produtividade e rentabilidade...\" \/>\n<meta property=\"og:url\" content=\"https:\/\/jornaldasoficinas.com\/pt\/zaphiro-apresenta-nova-gama-para-ar-comprimido\/\" \/>\n<meta property=\"og:site_name\" content=\"Jornal das Oficinas\" \/>\n<meta property=\"article:publisher\" content=\"https:\/\/www.facebook.com\/jornaloficinas\" \/>\n<meta property=\"article:published_time\" content=\"2019-11-04T12:51:18+00:00\" \/>\n<meta property=\"article:modified_time\" content=\"2019-11-04T13:19:38+00:00\" \/>\n<meta property=\"og:image\" content=\"https:\/\/jornaldasoficinas.com\/pt\/wp-content\/uploads\/2019\/11\/zaphiroarcomp.png\" \/>\n\t<meta property=\"og:image:width\" content=\"1024\" \/>\n\t<meta property=\"og:image:height\" content=\"581\" \/>\n\t<meta property=\"og:image:type\" content=\"image\/png\" \/>\n<meta name=\"author\" content=\"Reda\u00e7\u00e3o JO\" \/>\n<meta name=\"twitter:card\" content=\"summary_large_image\" \/>\n<meta name=\"twitter:creator\" content=\"@jornaloficinas\" \/>\n<meta name=\"twitter:site\" content=\"@jornaloficinas\" \/>\n<meta name=\"twitter:label1\" content=\"Escrito por\" \/>\n\t<meta name=\"twitter:data1\" content=\"Reda\u00e7\u00e3o JO\" \/>\n\t<meta name=\"twitter:label2\" content=\"Tempo estimado de leitura\" \/>\n\t<meta name=\"twitter:data2\" content=\"2 minutos\" \/>\n<script type=\"application\/ld+json\" class=\"yoast-schema-graph\">{\"@context\":\"https:\\\/\\\/schema.org\",\"@graph\":[{\"@type\":\"Article\",\"@id\":\"https:\\\/\\\/jornaldasoficinas.com\\\/pt\\\/zaphiro-apresenta-nova-gama-para-ar-comprimido\\\/#article\",\"isPartOf\":{\"@id\":\"https:\\\/\\\/jornaldasoficinas.com\\\/pt\\\/zaphiro-apresenta-nova-gama-para-ar-comprimido\\\/\"},\"author\":{\"name\":\"Reda\u00e7\u00e3o JO\",\"@id\":\"https:\\\/\\\/jornaldasoficinas.com\\\/pt\\\/#\\\/schema\\\/person\\\/a38eef5de2c41d9e7c9ac10141afddf3\"},\"headline\":\"ZAPHIRO apresenta nova gama de ar comprimido\",\"datePublished\":\"2019-11-04T12:51:18+00:00\",\"dateModified\":\"2019-11-04T13:19:38+00:00\",\"mainEntityOfPage\":{\"@id\":\"https:\\\/\\\/jornaldasoficinas.com\\\/pt\\\/zaphiro-apresenta-nova-gama-para-ar-comprimido\\\/\"},\"wordCount\":414,\"publisher\":{\"@id\":\"https:\\\/\\\/jornaldasoficinas.com\\\/pt\\\/#organization\"},\"image\":{\"@id\":\"https:\\\/\\\/jornaldasoficinas.com\\\/pt\\\/zaphiro-apresenta-nova-gama-para-ar-comprimido\\\/#primaryimage\"},\"thumbnailUrl\":\"https:\\\/\\\/jornaldasoficinas.com\\\/pt\\\/wp-content\\\/uploads\\\/2019\\\/11\\\/zaphiroarcomp.png\",\"keywords\":[\"ar comprimido\",\"Zaphiro\"],\"articleSection\":[\"Repintura\"],\"inLanguage\":\"pt-PT\"},{\"@type\":\"WebPage\",\"@id\":\"https:\\\/\\\/jornaldasoficinas.com\\\/pt\\\/zaphiro-apresenta-nova-gama-para-ar-comprimido\\\/\",\"url\":\"https:\\\/\\\/jornaldasoficinas.com\\\/pt\\\/zaphiro-apresenta-nova-gama-para-ar-comprimido\\\/\",\"name\":\"ZAPHIRO apresenta nova gama de ar comprimido - Jornal das Oficinas\",\"isPartOf\":{\"@id\":\"https:\\\/\\\/jornaldasoficinas.com\\\/pt\\\/#website\"},\"primaryImageOfPage\":{\"@id\":\"https:\\\/\\\/jornaldasoficinas.com\\\/pt\\\/zaphiro-apresenta-nova-gama-para-ar-comprimido\\\/#primaryimage\"},\"image\":{\"@id\":\"https:\\\/\\\/jornaldasoficinas.com\\\/pt\\\/zaphiro-apresenta-nova-gama-para-ar-comprimido\\\/#primaryimage\"},\"thumbnailUrl\":\"https:\\\/\\\/jornaldasoficinas.com\\\/pt\\\/wp-content\\\/uploads\\\/2019\\\/11\\\/zaphiroarcomp.png\",\"datePublished\":\"2019-11-04T12:51:18+00:00\",\"dateModified\":\"2019-11-04T13:19:38+00:00\",\"breadcrumb\":{\"@id\":\"https:\\\/\\\/jornaldasoficinas.com\\\/pt\\\/zaphiro-apresenta-nova-gama-para-ar-comprimido\\\/#breadcrumb\"},\"inLanguage\":\"pt-PT\",\"potentialAction\":[{\"@type\":\"ReadAction\",\"target\":[\"https:\\\/\\\/jornaldasoficinas.com\\\/pt\\\/zaphiro-apresenta-nova-gama-para-ar-comprimido\\\/\"]}]},{\"@type\":\"ImageObject\",\"inLanguage\":\"pt-PT\",\"@id\":\"https:\\\/\\\/jornaldasoficinas.com\\\/pt\\\/zaphiro-apresenta-nova-gama-para-ar-comprimido\\\/#primaryimage\",\"url\":\"https:\\\/\\\/jornaldasoficinas.com\\\/pt\\\/wp-content\\\/uploads\\\/2019\\\/11\\\/zaphiroarcomp.png\",\"contentUrl\":\"https:\\\/\\\/jornaldasoficinas.com\\\/pt\\\/wp-content\\\/uploads\\\/2019\\\/11\\\/zaphiroarcomp.png\",\"width\":1024,\"height\":581,\"caption\":\"11 - zaphiroarcomp\"},{\"@type\":\"BreadcrumbList\",\"@id\":\"https:\\\/\\\/jornaldasoficinas.com\\\/pt\\\/zaphiro-apresenta-nova-gama-para-ar-comprimido\\\/#breadcrumb\",\"itemListElement\":[{\"@type\":\"ListItem\",\"position\":1,\"name\":\"In\u00edcio\",\"item\":\"https:\\\/\\\/jornaldasoficinas.com\\\/pt\\\/\"},{\"@type\":\"ListItem\",\"position\":2,\"name\":\"ZAPHIRO apresenta nova gama de ar comprimido\"}]},{\"@type\":\"WebSite\",\"@id\":\"https:\\\/\\\/jornaldasoficinas.com\\\/pt\\\/#website\",\"url\":\"https:\\\/\\\/jornaldasoficinas.com\\\/pt\\\/\",\"name\":\"Jornal das Oficinas\",\"description\":\"Jornal independente do Aftermarket Autom\u00f3vel em Portugal\",\"publisher\":{\"@id\":\"https:\\\/\\\/jornaldasoficinas.com\\\/pt\\\/#organization\"},\"potentialAction\":[{\"@type\":\"SearchAction\",\"target\":{\"@type\":\"EntryPoint\",\"urlTemplate\":\"https:\\\/\\\/jornaldasoficinas.com\\\/pt\\\/?s={search_term_string}\"},\"query-input\":{\"@type\":\"PropertyValueSpecification\",\"valueRequired\":true,\"valueName\":\"search_term_string\"}}],\"inLanguage\":\"pt-PT\"},{\"@type\":\"Organization\",\"@id\":\"https:\\\/\\\/jornaldasoficinas.com\\\/pt\\\/#organization\",\"name\":\"Jornal das Oficinas\",\"url\":\"https:\\\/\\\/jornaldasoficinas.com\\\/pt\\\/\",\"logo\":{\"@type\":\"ImageObject\",\"inLanguage\":\"pt-PT\",\"@id\":\"https:\\\/\\\/jornaldasoficinas.com\\\/pt\\\/#\\\/schema\\\/logo\\\/image\\\/\",\"url\":\"https:\\\/\\\/jornaldasoficinas.com\\\/pt\\\/wp-content\\\/uploads\\\/logoJO-SEO.png\",\"contentUrl\":\"https:\\\/\\\/jornaldasoficinas.com\\\/pt\\\/wp-content\\\/uploads\\\/logoJO-SEO.png\",\"width\":285,\"height\":450,\"caption\":\"Jornal das Oficinas\"},\"image\":{\"@id\":\"https:\\\/\\\/jornaldasoficinas.com\\\/pt\\\/#\\\/schema\\\/logo\\\/image\\\/\"},\"sameAs\":[\"https:\\\/\\\/www.facebook.com\\\/jornaloficinas\",\"https:\\\/\\\/x.com\\\/jornaloficinas\",\"https:\\\/\\\/www.instagram.com\\\/jornal_oficinas\\\/\",\"https:\\\/\\\/www.linkedin.com\\\/company\\\/jornal-das-oficinas\\\/\",\"https:\\\/\\\/www.youtube.com\\\/channel\\\/UCbQZBqtcvV-oSQrr7RzINGg\"]},{\"@type\":\"Person\",\"@id\":\"https:\\\/\\\/jornaldasoficinas.com\\\/pt\\\/#\\\/schema\\\/person\\\/a38eef5de2c41d9e7c9ac10141afddf3\",\"name\":\"Reda\u00e7\u00e3o JO\",\"image\":{\"@type\":\"ImageObject\",\"inLanguage\":\"pt-PT\",\"@id\":\"https:\\\/\\\/secure.gravatar.com\\\/avatar\\\/71f2fa71737ad68a84fea94bc708ddac8ea5b0c4788dc2ad202f3ccb2887742f?s=96&d=wp_user_avatar&r=g\",\"url\":\"https:\\\/\\\/secure.gravatar.com\\\/avatar\\\/71f2fa71737ad68a84fea94bc708ddac8ea5b0c4788dc2ad202f3ccb2887742f?s=96&d=wp_user_avatar&r=g\",\"contentUrl\":\"https:\\\/\\\/secure.gravatar.com\\\/avatar\\\/71f2fa71737ad68a84fea94bc708ddac8ea5b0c4788dc2ad202f3ccb2887742f?s=96&d=wp_user_avatar&r=g\",\"caption\":\"Reda\u00e7\u00e3o JO\"},\"url\":\"https:\\\/\\\/jornaldasoficinas.com\\\/pt\\\/author\\\/joredacao\\\/\"}]}<\/script>\n<!-- \/ Yoast SEO plugin. -->","yoast_head_json":{"title":"ZAPHIRO apresenta nova gama de ar comprimido - Jornal das Oficinas","robots":{"index":"index","follow":"follow","max-snippet":"max-snippet:-1","max-image-preview":"max-image-preview:large","max-video-preview":"max-video-preview:-1"},"canonical":"https:\/\/jornaldasoficinas.com\/pt\/zaphiro-apresenta-nova-gama-para-ar-comprimido\/","og_locale":"pt_PT","og_type":"article","og_title":"ZAPHIRO apresenta nova gama de ar comprimido - Jornal das Oficinas","og_description":"Comprometida com a produtividade e rentabilidade...","og_url":"https:\/\/jornaldasoficinas.com\/pt\/zaphiro-apresenta-nova-gama-para-ar-comprimido\/","og_site_name":"Jornal das Oficinas","article_publisher":"https:\/\/www.facebook.com\/jornaloficinas","article_published_time":"2019-11-04T12:51:18+00:00","article_modified_time":"2019-11-04T13:19:38+00:00","og_image":[{"width":1024,"height":581,"url":"https:\/\/jornaldasoficinas.com\/pt\/wp-content\/uploads\/2019\/11\/zaphiroarcomp.png","type":"image\/png"}],"author":"Reda\u00e7\u00e3o JO","twitter_card":"summary_large_image","twitter_creator":"@jornaloficinas","twitter_site":"@jornaloficinas","twitter_misc":{"Escrito por":"Reda\u00e7\u00e3o JO","Tempo estimado de leitura":"2 minutos"},"schema":{"@context":"https:\/\/schema.org","@graph":[{"@type":"Article","@id":"https:\/\/jornaldasoficinas.com\/pt\/zaphiro-apresenta-nova-gama-para-ar-comprimido\/#article","isPartOf":{"@id":"https:\/\/jornaldasoficinas.com\/pt\/zaphiro-apresenta-nova-gama-para-ar-comprimido\/"},"author":{"name":"Reda\u00e7\u00e3o JO","@id":"https:\/\/jornaldasoficinas.com\/pt\/#\/schema\/person\/a38eef5de2c41d9e7c9ac10141afddf3"},"headline":"ZAPHIRO apresenta nova gama de ar comprimido","datePublished":"2019-11-04T12:51:18+00:00","dateModified":"2019-11-04T13:19:38+00:00","mainEntityOfPage":{"@id":"https:\/\/jornaldasoficinas.com\/pt\/zaphiro-apresenta-nova-gama-para-ar-comprimido\/"},"wordCount":414,"publisher":{"@id":"https:\/\/jornaldasoficinas.com\/pt\/#organization"},"image":{"@id":"https:\/\/jornaldasoficinas.com\/pt\/zaphiro-apresenta-nova-gama-para-ar-comprimido\/#primaryimage"},"thumbnailUrl":"https:\/\/jornaldasoficinas.com\/pt\/wp-content\/uploads\/2019\/11\/zaphiroarcomp.png","keywords":["ar comprimido","Zaphiro"],"articleSection":["Repintura"],"inLanguage":"pt-PT"},{"@type":"WebPage","@id":"https:\/\/jornaldasoficinas.com\/pt\/zaphiro-apresenta-nova-gama-para-ar-comprimido\/","url":"https:\/\/jornaldasoficinas.com\/pt\/zaphiro-apresenta-nova-gama-para-ar-comprimido\/","name":"ZAPHIRO apresenta nova gama de ar comprimido - Jornal das Oficinas","isPartOf":{"@id":"https:\/\/jornaldasoficinas.com\/pt\/#website"},"primaryImageOfPage":{"@id":"https:\/\/jornaldasoficinas.com\/pt\/zaphiro-apresenta-nova-gama-para-ar-comprimido\/#primaryimage"},"image":{"@id":"https:\/\/jornaldasoficinas.com\/pt\/zaphiro-apresenta-nova-gama-para-ar-comprimido\/#primaryimage"},"thumbnailUrl":"https:\/\/jornaldasoficinas.com\/pt\/wp-content\/uploads\/2019\/11\/zaphiroarcomp.png","datePublished":"2019-11-04T12:51:18+00:00","dateModified":"2019-11-04T13:19:38+00:00","breadcrumb":{"@id":"https:\/\/jornaldasoficinas.com\/pt\/zaphiro-apresenta-nova-gama-para-ar-comprimido\/#breadcrumb"},"inLanguage":"pt-PT","potentialAction":[{"@type":"ReadAction","target":["https:\/\/jornaldasoficinas.com\/pt\/zaphiro-apresenta-nova-gama-para-ar-comprimido\/"]}]},{"@type":"ImageObject","inLanguage":"pt-PT","@id":"https:\/\/jornaldasoficinas.com\/pt\/zaphiro-apresenta-nova-gama-para-ar-comprimido\/#primaryimage","url":"https:\/\/jornaldasoficinas.com\/pt\/wp-content\/uploads\/2019\/11\/zaphiroarcomp.png","contentUrl":"https:\/\/jornaldasoficinas.com\/pt\/wp-content\/uploads\/2019\/11\/zaphiroarcomp.png","width":1024,"height":581,"caption":"11 - zaphiroarcomp"},{"@type":"BreadcrumbList","@id":"https:\/\/jornaldasoficinas.com\/pt\/zaphiro-apresenta-nova-gama-para-ar-comprimido\/#breadcrumb","itemListElement":[{"@type":"ListItem","position":1,"name":"In\u00edcio","item":"https:\/\/jornaldasoficinas.com\/pt\/"},{"@type":"ListItem","position":2,"name":"ZAPHIRO apresenta nova gama de ar comprimido"}]},{"@type":"WebSite","@id":"https:\/\/jornaldasoficinas.com\/pt\/#website","url":"https:\/\/jornaldasoficinas.com\/pt\/","name":"Jornal das Oficinas","description":"Jornal independente do Aftermarket Autom\u00f3vel em Portugal","publisher":{"@id":"https:\/\/jornaldasoficinas.com\/pt\/#organization"},"potentialAction":[{"@type":"SearchAction","target":{"@type":"EntryPoint","urlTemplate":"https:\/\/jornaldasoficinas.com\/pt\/?s={search_term_string}"},"query-input":{"@type":"PropertyValueSpecification","valueRequired":true,"valueName":"search_term_string"}}],"inLanguage":"pt-PT"},{"@type":"Organization","@id":"https:\/\/jornaldasoficinas.com\/pt\/#organization","name":"Jornal das Oficinas","url":"https:\/\/jornaldasoficinas.com\/pt\/","logo":{"@type":"ImageObject","inLanguage":"pt-PT","@id":"https:\/\/jornaldasoficinas.com\/pt\/#\/schema\/logo\/image\/","url":"https:\/\/jornaldasoficinas.com\/pt\/wp-content\/uploads\/logoJO-SEO.png","contentUrl":"https:\/\/jornaldasoficinas.com\/pt\/wp-content\/uploads\/logoJO-SEO.png","width":285,"height":450,"caption":"Jornal das Oficinas"},"image":{"@id":"https:\/\/jornaldasoficinas.com\/pt\/#\/schema\/logo\/image\/"},"sameAs":["https:\/\/www.facebook.com\/jornaloficinas","https:\/\/x.com\/jornaloficinas","https:\/\/www.instagram.com\/jornal_oficinas\/","https:\/\/www.linkedin.com\/company\/jornal-das-oficinas\/","https:\/\/www.youtube.com\/channel\/UCbQZBqtcvV-oSQrr7RzINGg"]},{"@type":"Person","@id":"https:\/\/jornaldasoficinas.com\/pt\/#\/schema\/person\/a38eef5de2c41d9e7c9ac10141afddf3","name":"Reda\u00e7\u00e3o JO","image":{"@type":"ImageObject","inLanguage":"pt-PT","@id":"https:\/\/secure.gravatar.com\/avatar\/71f2fa71737ad68a84fea94bc708ddac8ea5b0c4788dc2ad202f3ccb2887742f?s=96&d=wp_user_avatar&r=g","url":"https:\/\/secure.gravatar.com\/avatar\/71f2fa71737ad68a84fea94bc708ddac8ea5b0c4788dc2ad202f3ccb2887742f?s=96&d=wp_user_avatar&r=g","contentUrl":"https:\/\/secure.gravatar.com\/avatar\/71f2fa71737ad68a84fea94bc708ddac8ea5b0c4788dc2ad202f3ccb2887742f?s=96&d=wp_user_avatar&r=g","caption":"Reda\u00e7\u00e3o JO"},"url":"https:\/\/jornaldasoficinas.com\/pt\/author\/joredacao\/"}]}},"_links":{"self":[{"href":"https:\/\/jornaldasoficinas.com\/pt\/wp-json\/wp\/v2\/posts\/5944","targetHints":{"allow":["GET"]}}],"collection":[{"href":"https:\/\/jornaldasoficinas.com\/pt\/wp-json\/wp\/v2\/posts"}],"about":[{"href":"https:\/\/jornaldasoficinas.com\/pt\/wp-json\/wp\/v2\/types\/post"}],"author":[{"embeddable":true,"href":"https:\/\/jornaldasoficinas.com\/pt\/wp-json\/wp\/v2\/users\/15"}],"replies":[{"embeddable":true,"href":"https:\/\/jornaldasoficinas.com\/pt\/wp-json\/wp\/v2\/comments?post=5944"}],"version-history":[{"count":0,"href":"https:\/\/jornaldasoficinas.com\/pt\/wp-json\/wp\/v2\/posts\/5944\/revisions"}],"wp:featuredmedia":[{"embeddable":true,"href":"https:\/\/jornaldasoficinas.com\/pt\/wp-json\/wp\/v2\/media\/5943"}],"wp:attachment":[{"href":"https:\/\/jornaldasoficinas.com\/pt\/wp-json\/wp\/v2\/media?parent=5944"}],"wp:term":[{"taxonomy":"category","embeddable":true,"href":"https:\/\/jornaldasoficinas.com\/pt\/wp-json\/wp\/v2\/categories?post=5944"},{"taxonomy":"post_tag","embeddable":true,"href":"https:\/\/jornaldasoficinas.com\/pt\/wp-json\/wp\/v2\/tags?post=5944"}],"curies":[{"name":"wp","href":"https:\/\/api.w.org\/{rel}","templated":true}]}}