{"id":5955,"date":"2019-11-04T16:32:54","date_gmt":"2019-11-04T16:32:54","guid":{"rendered":"https:\/\/jornaldasoficinas.com\/pt\/?p=5955"},"modified":"2021-04-29T18:11:21","modified_gmt":"2021-04-29T17:11:21","slug":"ufi-filters-apresenta-novo-filtro-de-oleo-para-grupo-volkswagen","status":"publish","type":"post","link":"https:\/\/jornaldasoficinas.com\/pt\/ufi-filters-apresenta-novo-filtro-de-oleo-para-grupo-volkswagen\/","title":{"rendered":"UFI Filters apresenta novo filtro de \u00f3leo para Grupo Volkswagen"},"content":{"rendered":"<p><img loading=\"lazy\" decoding=\"async\" class=\"alignnone size-full wp-image-5954\" src=\"https:\/\/jornaldasoficinas.com\/pt\/wp-content\/uploads\/2019\/11\/Jornal_das_Oficinas_Modulo-olio-UFI-per-motore-2.jpg\" alt=\"11 - Jornal_das_Oficinas_Modulo-olio-UFI-per-motore-2\" width=\"1024\" height=\"581\" srcset=\"https:\/\/jornaldasoficinas.com\/pt\/wp-content\/uploads\/2019\/11\/Jornal_das_Oficinas_Modulo-olio-UFI-per-motore-2.jpg 1024w, https:\/\/jornaldasoficinas.com\/pt\/wp-content\/uploads\/2019\/11\/Jornal_das_Oficinas_Modulo-olio-UFI-per-motore-2-150x85.jpg 150w, https:\/\/jornaldasoficinas.com\/pt\/wp-content\/uploads\/2019\/11\/Jornal_das_Oficinas_Modulo-olio-UFI-per-motore-2-300x170.jpg 300w, https:\/\/jornaldasoficinas.com\/pt\/wp-content\/uploads\/2019\/11\/Jornal_das_Oficinas_Modulo-olio-UFI-per-motore-2-768x436.jpg 768w\" sizes=\"auto, (max-width: 1024px) 100vw, 1024px\" \/><\/p>\n<p><strong>A tecnologia da UFI Filters est\u00e1 ao servi\u00e7o de um futuro mais &#8220;verde&#8221; e sustent\u00e1vel. O grupo l\u00edder em filtragem e gest\u00e3o t\u00e9rmica, \u00e9 capaz de atender \u00e0 crescente procura de ve\u00edculos h\u00edbridos e el\u00e9tricos com os produtos certos.<\/strong><\/p>\n<p>A UFI Filters tem um novo m\u00f3dulo de \u00f3leo utilizado como equipamento original em todos os motores 2.0 l EA 288 EVO equipados com sistema <em>mild hybrid<\/em> do Grupo Volkswagen, com pot\u00eancias entre os 100 kw (136 cv) e os 150 kw (204 cv).<\/p>\n<p>Os sistemas de filtragem UFI Filters adaptam-se \u00e0s necessidades dos novos sistemas h\u00edbridos, como o motor de quatro cilindros do Grupo Volkswagen, com um <em>starter-generator<\/em> conectado a uma bateria de i\u00f5es de l\u00edtio.<\/p>\n<p>O novo motor EA 288 EVO da empresa alem\u00e3 reduz as emiss\u00f5es de CO2 em at\u00e9 10 g\/km em compara\u00e7\u00e3o com a vers\u00e3o anterior, para a qual o m\u00f3dulo UFI Filters tamb\u00e9m contribui, gra\u00e7as \u00e0 gest\u00e3o t\u00e9rmica do circuito e a um <em>layout<\/em> otimizado para reduzir as quedas de press\u00e3o.<\/p>\n<p>Este \u00e9 um dos motores mais vendidos e apreciados na marca alem\u00e3, instalado em v\u00e1rios modelos, entre eles os Volkswagen Golf e Passat, o \u0160koda Octavia e o SEAT Leon oferecendo in\u00fameras vantagens em termos de consumo de combust\u00edvel, conforto e desempenho.<\/p>\n<p>O novo m\u00f3dulo da <a href=\"https:\/\/www.ufifilters.com\/\" target=\"_blank\" rel=\"noopener noreferrer\">UFI Filters<\/a>, com corpo de pl\u00e1stico e tamanho reduzido, permite uma redu\u00e7\u00e3o no peso e no consumo do pr\u00f3prio motor. Est\u00e1 equipado com uma v\u00e1lvula de deriva\u00e7\u00e3o e uma v\u00e1lvula solen\u00f3ide, que permitem uma melhor gest\u00e3o do fluxo de \u00f3leo e do l\u00edquido de arrefecimento do motor, contribuindo para uma redu\u00e7\u00e3o significativa das emiss\u00f5es de CO2.<\/p>\n<p>Os sistemas tecnol\u00f3gicos, incorporados no m\u00f3dulo da UFI Filters garantem baixas perdas de carga do sistema de lubrifica\u00e7\u00e3o, aumentando, assim, o desempenho do motor e garantindo uma redu\u00e7\u00e3o no consumo.<\/p>\n<p>Para al\u00e9m disso, o m\u00f3dulo de filtragem est\u00e1 equipado com uma v\u00e1lvula de purga de pl\u00e1stico para facilitar as opera\u00e7\u00f5es de servi\u00e7o na oficina.<\/p>\n<p>O filtro UFI Filters, com cartucho ecol\u00f3gico, disp\u00f5e de uma efici\u00eancia de filtragem de acordo com a ISO 4548-12, de 99% para part\u00edculas de at\u00e9 40 m\u00edcrones.<\/p>\n<p>Eduardo Mart\u00ed, diretor-geral da UFI Filters Ib\u00e9rica, afirma que \u201c\u00e9 um projeto muito importante para o Grupo UFI Filters, que v\u00ea o seu produto num dos motores mais apreciados do mercado. Uma das vantagens competitivas oferecidas pelo grupo aos seus distribuidores de <em>aftermarket<\/em>, \u00e9 a proposta de produtos exclusivos&#8221;.<\/p>\n<p>De acordo com o respons\u00e1vel, &#8220;os nossos clientes podem ter pe\u00e7as sobressalentes originais montadas, tamb\u00e9m, como equipamento original, antes dos restantes. A pe\u00e7a sobressalente estar\u00e1, de facto, dispon\u00edvel no cat\u00e1logo de <em>aftermarket<\/em> da UFI e da SOFIMA no pr\u00f3ximo ano\u201d.<\/p>\n","protected":false},"excerpt":{"rendered":"<p>A tecnologia da UFI Filters est\u00e1&#8230;<\/p>\n","protected":false},"author":15,"featured_media":5954,"comment_status":"closed","ping_status":"closed","sticky":false,"template":"","format":"standard","meta":{"footnotes":""},"categories":[37],"tags":[634,546],"class_list":["post-5955","post","type-post","status-publish","format-standard","has-post-thumbnail","hentry","category-mercado","tag-filtro-de-oleo","tag-ufi-filters"],"yoast_head":"<!-- This site is optimized with the Yoast SEO plugin v27.4 - https:\/\/yoast.com\/product\/yoast-seo-wordpress\/ -->\n<title>UFI Filters apresenta novo filtro de \u00f3leo para Grupo Volkswagen - Jornal das Oficinas<\/title>\n<meta name=\"robots\" content=\"index, follow, max-snippet:-1, max-image-preview:large, max-video-preview:-1\" \/>\n<link rel=\"canonical\" href=\"https:\/\/jornaldasoficinas.com\/pt\/ufi-filters-apresenta-novo-filtro-de-oleo-para-grupo-volkswagen\/\" \/>\n<meta property=\"og:locale\" content=\"pt_PT\" \/>\n<meta property=\"og:type\" content=\"article\" \/>\n<meta property=\"og:title\" content=\"UFI Filters apresenta novo filtro de \u00f3leo para Grupo Volkswagen - Jornal das Oficinas\" \/>\n<meta property=\"og:description\" content=\"A tecnologia da UFI Filters est\u00e1...\" \/>\n<meta property=\"og:url\" content=\"https:\/\/jornaldasoficinas.com\/pt\/ufi-filters-apresenta-novo-filtro-de-oleo-para-grupo-volkswagen\/\" \/>\n<meta property=\"og:site_name\" content=\"Jornal das Oficinas\" \/>\n<meta property=\"article:publisher\" content=\"https:\/\/www.facebook.com\/jornaloficinas\" \/>\n<meta property=\"article:published_time\" content=\"2019-11-04T16:32:54+00:00\" \/>\n<meta property=\"article:modified_time\" content=\"2021-04-29T17:11:21+00:00\" \/>\n<meta property=\"og:image\" content=\"https:\/\/jornaldasoficinas.com\/pt\/wp-content\/uploads\/2019\/11\/Jornal_das_Oficinas_Modulo-olio-UFI-per-motore-2.jpg\" \/>\n\t<meta property=\"og:image:width\" content=\"1024\" \/>\n\t<meta property=\"og:image:height\" content=\"581\" \/>\n\t<meta property=\"og:image:type\" content=\"image\/jpeg\" \/>\n<meta name=\"author\" content=\"Reda\u00e7\u00e3o JO\" \/>\n<meta name=\"twitter:card\" content=\"summary_large_image\" \/>\n<meta name=\"twitter:creator\" content=\"@jornaloficinas\" \/>\n<meta name=\"twitter:site\" content=\"@jornaloficinas\" \/>\n<meta name=\"twitter:label1\" content=\"Escrito por\" \/>\n\t<meta name=\"twitter:data1\" content=\"Reda\u00e7\u00e3o JO\" \/>\n\t<meta name=\"twitter:label2\" content=\"Tempo estimado de leitura\" \/>\n\t<meta name=\"twitter:data2\" content=\"2 minutos\" \/>\n<script type=\"application\/ld+json\" class=\"yoast-schema-graph\">{\"@context\":\"https:\\\/\\\/schema.org\",\"@graph\":[{\"@type\":\"Article\",\"@id\":\"https:\\\/\\\/jornaldasoficinas.com\\\/pt\\\/ufi-filters-apresenta-novo-filtro-de-oleo-para-grupo-volkswagen\\\/#article\",\"isPartOf\":{\"@id\":\"https:\\\/\\\/jornaldasoficinas.com\\\/pt\\\/ufi-filters-apresenta-novo-filtro-de-oleo-para-grupo-volkswagen\\\/\"},\"author\":{\"name\":\"Reda\u00e7\u00e3o JO\",\"@id\":\"https:\\\/\\\/jornaldasoficinas.com\\\/pt\\\/#\\\/schema\\\/person\\\/a38eef5de2c41d9e7c9ac10141afddf3\"},\"headline\":\"UFI Filters apresenta novo filtro de \u00f3leo para Grupo Volkswagen\",\"datePublished\":\"2019-11-04T16:32:54+00:00\",\"dateModified\":\"2021-04-29T17:11:21+00:00\",\"mainEntityOfPage\":{\"@id\":\"https:\\\/\\\/jornaldasoficinas.com\\\/pt\\\/ufi-filters-apresenta-novo-filtro-de-oleo-para-grupo-volkswagen\\\/\"},\"wordCount\":493,\"publisher\":{\"@id\":\"https:\\\/\\\/jornaldasoficinas.com\\\/pt\\\/#organization\"},\"image\":{\"@id\":\"https:\\\/\\\/jornaldasoficinas.com\\\/pt\\\/ufi-filters-apresenta-novo-filtro-de-oleo-para-grupo-volkswagen\\\/#primaryimage\"},\"thumbnailUrl\":\"https:\\\/\\\/jornaldasoficinas.com\\\/pt\\\/wp-content\\\/uploads\\\/2019\\\/11\\\/Jornal_das_Oficinas_Modulo-olio-UFI-per-motore-2.jpg\",\"keywords\":[\"Filtro de \u00f3leo\",\"UFI Filters\"],\"articleSection\":[\"Mercado\"],\"inLanguage\":\"pt-PT\"},{\"@type\":\"WebPage\",\"@id\":\"https:\\\/\\\/jornaldasoficinas.com\\\/pt\\\/ufi-filters-apresenta-novo-filtro-de-oleo-para-grupo-volkswagen\\\/\",\"url\":\"https:\\\/\\\/jornaldasoficinas.com\\\/pt\\\/ufi-filters-apresenta-novo-filtro-de-oleo-para-grupo-volkswagen\\\/\",\"name\":\"UFI Filters apresenta novo filtro de \u00f3leo para Grupo Volkswagen - Jornal das Oficinas\",\"isPartOf\":{\"@id\":\"https:\\\/\\\/jornaldasoficinas.com\\\/pt\\\/#website\"},\"primaryImageOfPage\":{\"@id\":\"https:\\\/\\\/jornaldasoficinas.com\\\/pt\\\/ufi-filters-apresenta-novo-filtro-de-oleo-para-grupo-volkswagen\\\/#primaryimage\"},\"image\":{\"@id\":\"https:\\\/\\\/jornaldasoficinas.com\\\/pt\\\/ufi-filters-apresenta-novo-filtro-de-oleo-para-grupo-volkswagen\\\/#primaryimage\"},\"thumbnailUrl\":\"https:\\\/\\\/jornaldasoficinas.com\\\/pt\\\/wp-content\\\/uploads\\\/2019\\\/11\\\/Jornal_das_Oficinas_Modulo-olio-UFI-per-motore-2.jpg\",\"datePublished\":\"2019-11-04T16:32:54+00:00\",\"dateModified\":\"2021-04-29T17:11:21+00:00\",\"breadcrumb\":{\"@id\":\"https:\\\/\\\/jornaldasoficinas.com\\\/pt\\\/ufi-filters-apresenta-novo-filtro-de-oleo-para-grupo-volkswagen\\\/#breadcrumb\"},\"inLanguage\":\"pt-PT\",\"potentialAction\":[{\"@type\":\"ReadAction\",\"target\":[\"https:\\\/\\\/jornaldasoficinas.com\\\/pt\\\/ufi-filters-apresenta-novo-filtro-de-oleo-para-grupo-volkswagen\\\/\"]}]},{\"@type\":\"ImageObject\",\"inLanguage\":\"pt-PT\",\"@id\":\"https:\\\/\\\/jornaldasoficinas.com\\\/pt\\\/ufi-filters-apresenta-novo-filtro-de-oleo-para-grupo-volkswagen\\\/#primaryimage\",\"url\":\"https:\\\/\\\/jornaldasoficinas.com\\\/pt\\\/wp-content\\\/uploads\\\/2019\\\/11\\\/Jornal_das_Oficinas_Modulo-olio-UFI-per-motore-2.jpg\",\"contentUrl\":\"https:\\\/\\\/jornaldasoficinas.com\\\/pt\\\/wp-content\\\/uploads\\\/2019\\\/11\\\/Jornal_das_Oficinas_Modulo-olio-UFI-per-motore-2.jpg\",\"width\":1024,\"height\":581,\"caption\":\"11 - Jornal_das_Oficinas_Modulo-olio-UFI-per-motore-2\"},{\"@type\":\"BreadcrumbList\",\"@id\":\"https:\\\/\\\/jornaldasoficinas.com\\\/pt\\\/ufi-filters-apresenta-novo-filtro-de-oleo-para-grupo-volkswagen\\\/#breadcrumb\",\"itemListElement\":[{\"@type\":\"ListItem\",\"position\":1,\"name\":\"In\u00edcio\",\"item\":\"https:\\\/\\\/jornaldasoficinas.com\\\/pt\\\/\"},{\"@type\":\"ListItem\",\"position\":2,\"name\":\"UFI Filters apresenta novo filtro de \u00f3leo para Grupo Volkswagen\"}]},{\"@type\":\"WebSite\",\"@id\":\"https:\\\/\\\/jornaldasoficinas.com\\\/pt\\\/#website\",\"url\":\"https:\\\/\\\/jornaldasoficinas.com\\\/pt\\\/\",\"name\":\"Jornal das Oficinas\",\"description\":\"Jornal independente do Aftermarket Autom\u00f3vel em Portugal\",\"publisher\":{\"@id\":\"https:\\\/\\\/jornaldasoficinas.com\\\/pt\\\/#organization\"},\"potentialAction\":[{\"@type\":\"SearchAction\",\"target\":{\"@type\":\"EntryPoint\",\"urlTemplate\":\"https:\\\/\\\/jornaldasoficinas.com\\\/pt\\\/?s={search_term_string}\"},\"query-input\":{\"@type\":\"PropertyValueSpecification\",\"valueRequired\":true,\"valueName\":\"search_term_string\"}}],\"inLanguage\":\"pt-PT\"},{\"@type\":\"Organization\",\"@id\":\"https:\\\/\\\/jornaldasoficinas.com\\\/pt\\\/#organization\",\"name\":\"Jornal das Oficinas\",\"url\":\"https:\\\/\\\/jornaldasoficinas.com\\\/pt\\\/\",\"logo\":{\"@type\":\"ImageObject\",\"inLanguage\":\"pt-PT\",\"@id\":\"https:\\\/\\\/jornaldasoficinas.com\\\/pt\\\/#\\\/schema\\\/logo\\\/image\\\/\",\"url\":\"https:\\\/\\\/jornaldasoficinas.com\\\/pt\\\/wp-content\\\/uploads\\\/logoJO-SEO.png\",\"contentUrl\":\"https:\\\/\\\/jornaldasoficinas.com\\\/pt\\\/wp-content\\\/uploads\\\/logoJO-SEO.png\",\"width\":285,\"height\":450,\"caption\":\"Jornal das Oficinas\"},\"image\":{\"@id\":\"https:\\\/\\\/jornaldasoficinas.com\\\/pt\\\/#\\\/schema\\\/logo\\\/image\\\/\"},\"sameAs\":[\"https:\\\/\\\/www.facebook.com\\\/jornaloficinas\",\"https:\\\/\\\/x.com\\\/jornaloficinas\",\"https:\\\/\\\/www.instagram.com\\\/jornal_oficinas\\\/\",\"https:\\\/\\\/www.linkedin.com\\\/company\\\/jornal-das-oficinas\\\/\",\"https:\\\/\\\/www.youtube.com\\\/channel\\\/UCbQZBqtcvV-oSQrr7RzINGg\"]},{\"@type\":\"Person\",\"@id\":\"https:\\\/\\\/jornaldasoficinas.com\\\/pt\\\/#\\\/schema\\\/person\\\/a38eef5de2c41d9e7c9ac10141afddf3\",\"name\":\"Reda\u00e7\u00e3o JO\",\"image\":{\"@type\":\"ImageObject\",\"inLanguage\":\"pt-PT\",\"@id\":\"https:\\\/\\\/secure.gravatar.com\\\/avatar\\\/71f2fa71737ad68a84fea94bc708ddac8ea5b0c4788dc2ad202f3ccb2887742f?s=96&d=wp_user_avatar&r=g\",\"url\":\"https:\\\/\\\/secure.gravatar.com\\\/avatar\\\/71f2fa71737ad68a84fea94bc708ddac8ea5b0c4788dc2ad202f3ccb2887742f?s=96&d=wp_user_avatar&r=g\",\"contentUrl\":\"https:\\\/\\\/secure.gravatar.com\\\/avatar\\\/71f2fa71737ad68a84fea94bc708ddac8ea5b0c4788dc2ad202f3ccb2887742f?s=96&d=wp_user_avatar&r=g\",\"caption\":\"Reda\u00e7\u00e3o JO\"},\"url\":\"https:\\\/\\\/jornaldasoficinas.com\\\/pt\\\/author\\\/joredacao\\\/\"}]}<\/script>\n<!-- \/ Yoast SEO plugin. -->","yoast_head_json":{"title":"UFI Filters apresenta novo filtro de \u00f3leo para Grupo Volkswagen - Jornal das Oficinas","robots":{"index":"index","follow":"follow","max-snippet":"max-snippet:-1","max-image-preview":"max-image-preview:large","max-video-preview":"max-video-preview:-1"},"canonical":"https:\/\/jornaldasoficinas.com\/pt\/ufi-filters-apresenta-novo-filtro-de-oleo-para-grupo-volkswagen\/","og_locale":"pt_PT","og_type":"article","og_title":"UFI Filters apresenta novo filtro de \u00f3leo para Grupo Volkswagen - Jornal das Oficinas","og_description":"A tecnologia da UFI Filters est\u00e1...","og_url":"https:\/\/jornaldasoficinas.com\/pt\/ufi-filters-apresenta-novo-filtro-de-oleo-para-grupo-volkswagen\/","og_site_name":"Jornal das Oficinas","article_publisher":"https:\/\/www.facebook.com\/jornaloficinas","article_published_time":"2019-11-04T16:32:54+00:00","article_modified_time":"2021-04-29T17:11:21+00:00","og_image":[{"width":1024,"height":581,"url":"https:\/\/jornaldasoficinas.com\/pt\/wp-content\/uploads\/2019\/11\/Jornal_das_Oficinas_Modulo-olio-UFI-per-motore-2.jpg","type":"image\/jpeg"}],"author":"Reda\u00e7\u00e3o JO","twitter_card":"summary_large_image","twitter_creator":"@jornaloficinas","twitter_site":"@jornaloficinas","twitter_misc":{"Escrito por":"Reda\u00e7\u00e3o JO","Tempo estimado de leitura":"2 minutos"},"schema":{"@context":"https:\/\/schema.org","@graph":[{"@type":"Article","@id":"https:\/\/jornaldasoficinas.com\/pt\/ufi-filters-apresenta-novo-filtro-de-oleo-para-grupo-volkswagen\/#article","isPartOf":{"@id":"https:\/\/jornaldasoficinas.com\/pt\/ufi-filters-apresenta-novo-filtro-de-oleo-para-grupo-volkswagen\/"},"author":{"name":"Reda\u00e7\u00e3o JO","@id":"https:\/\/jornaldasoficinas.com\/pt\/#\/schema\/person\/a38eef5de2c41d9e7c9ac10141afddf3"},"headline":"UFI Filters apresenta novo filtro de \u00f3leo para Grupo Volkswagen","datePublished":"2019-11-04T16:32:54+00:00","dateModified":"2021-04-29T17:11:21+00:00","mainEntityOfPage":{"@id":"https:\/\/jornaldasoficinas.com\/pt\/ufi-filters-apresenta-novo-filtro-de-oleo-para-grupo-volkswagen\/"},"wordCount":493,"publisher":{"@id":"https:\/\/jornaldasoficinas.com\/pt\/#organization"},"image":{"@id":"https:\/\/jornaldasoficinas.com\/pt\/ufi-filters-apresenta-novo-filtro-de-oleo-para-grupo-volkswagen\/#primaryimage"},"thumbnailUrl":"https:\/\/jornaldasoficinas.com\/pt\/wp-content\/uploads\/2019\/11\/Jornal_das_Oficinas_Modulo-olio-UFI-per-motore-2.jpg","keywords":["Filtro de \u00f3leo","UFI Filters"],"articleSection":["Mercado"],"inLanguage":"pt-PT"},{"@type":"WebPage","@id":"https:\/\/jornaldasoficinas.com\/pt\/ufi-filters-apresenta-novo-filtro-de-oleo-para-grupo-volkswagen\/","url":"https:\/\/jornaldasoficinas.com\/pt\/ufi-filters-apresenta-novo-filtro-de-oleo-para-grupo-volkswagen\/","name":"UFI Filters apresenta novo filtro de \u00f3leo para Grupo Volkswagen - Jornal das Oficinas","isPartOf":{"@id":"https:\/\/jornaldasoficinas.com\/pt\/#website"},"primaryImageOfPage":{"@id":"https:\/\/jornaldasoficinas.com\/pt\/ufi-filters-apresenta-novo-filtro-de-oleo-para-grupo-volkswagen\/#primaryimage"},"image":{"@id":"https:\/\/jornaldasoficinas.com\/pt\/ufi-filters-apresenta-novo-filtro-de-oleo-para-grupo-volkswagen\/#primaryimage"},"thumbnailUrl":"https:\/\/jornaldasoficinas.com\/pt\/wp-content\/uploads\/2019\/11\/Jornal_das_Oficinas_Modulo-olio-UFI-per-motore-2.jpg","datePublished":"2019-11-04T16:32:54+00:00","dateModified":"2021-04-29T17:11:21+00:00","breadcrumb":{"@id":"https:\/\/jornaldasoficinas.com\/pt\/ufi-filters-apresenta-novo-filtro-de-oleo-para-grupo-volkswagen\/#breadcrumb"},"inLanguage":"pt-PT","potentialAction":[{"@type":"ReadAction","target":["https:\/\/jornaldasoficinas.com\/pt\/ufi-filters-apresenta-novo-filtro-de-oleo-para-grupo-volkswagen\/"]}]},{"@type":"ImageObject","inLanguage":"pt-PT","@id":"https:\/\/jornaldasoficinas.com\/pt\/ufi-filters-apresenta-novo-filtro-de-oleo-para-grupo-volkswagen\/#primaryimage","url":"https:\/\/jornaldasoficinas.com\/pt\/wp-content\/uploads\/2019\/11\/Jornal_das_Oficinas_Modulo-olio-UFI-per-motore-2.jpg","contentUrl":"https:\/\/jornaldasoficinas.com\/pt\/wp-content\/uploads\/2019\/11\/Jornal_das_Oficinas_Modulo-olio-UFI-per-motore-2.jpg","width":1024,"height":581,"caption":"11 - Jornal_das_Oficinas_Modulo-olio-UFI-per-motore-2"},{"@type":"BreadcrumbList","@id":"https:\/\/jornaldasoficinas.com\/pt\/ufi-filters-apresenta-novo-filtro-de-oleo-para-grupo-volkswagen\/#breadcrumb","itemListElement":[{"@type":"ListItem","position":1,"name":"In\u00edcio","item":"https:\/\/jornaldasoficinas.com\/pt\/"},{"@type":"ListItem","position":2,"name":"UFI Filters apresenta novo filtro de \u00f3leo para Grupo Volkswagen"}]},{"@type":"WebSite","@id":"https:\/\/jornaldasoficinas.com\/pt\/#website","url":"https:\/\/jornaldasoficinas.com\/pt\/","name":"Jornal das Oficinas","description":"Jornal independente do Aftermarket Autom\u00f3vel em Portugal","publisher":{"@id":"https:\/\/jornaldasoficinas.com\/pt\/#organization"},"potentialAction":[{"@type":"SearchAction","target":{"@type":"EntryPoint","urlTemplate":"https:\/\/jornaldasoficinas.com\/pt\/?s={search_term_string}"},"query-input":{"@type":"PropertyValueSpecification","valueRequired":true,"valueName":"search_term_string"}}],"inLanguage":"pt-PT"},{"@type":"Organization","@id":"https:\/\/jornaldasoficinas.com\/pt\/#organization","name":"Jornal das Oficinas","url":"https:\/\/jornaldasoficinas.com\/pt\/","logo":{"@type":"ImageObject","inLanguage":"pt-PT","@id":"https:\/\/jornaldasoficinas.com\/pt\/#\/schema\/logo\/image\/","url":"https:\/\/jornaldasoficinas.com\/pt\/wp-content\/uploads\/logoJO-SEO.png","contentUrl":"https:\/\/jornaldasoficinas.com\/pt\/wp-content\/uploads\/logoJO-SEO.png","width":285,"height":450,"caption":"Jornal das Oficinas"},"image":{"@id":"https:\/\/jornaldasoficinas.com\/pt\/#\/schema\/logo\/image\/"},"sameAs":["https:\/\/www.facebook.com\/jornaloficinas","https:\/\/x.com\/jornaloficinas","https:\/\/www.instagram.com\/jornal_oficinas\/","https:\/\/www.linkedin.com\/company\/jornal-das-oficinas\/","https:\/\/www.youtube.com\/channel\/UCbQZBqtcvV-oSQrr7RzINGg"]},{"@type":"Person","@id":"https:\/\/jornaldasoficinas.com\/pt\/#\/schema\/person\/a38eef5de2c41d9e7c9ac10141afddf3","name":"Reda\u00e7\u00e3o JO","image":{"@type":"ImageObject","inLanguage":"pt-PT","@id":"https:\/\/secure.gravatar.com\/avatar\/71f2fa71737ad68a84fea94bc708ddac8ea5b0c4788dc2ad202f3ccb2887742f?s=96&d=wp_user_avatar&r=g","url":"https:\/\/secure.gravatar.com\/avatar\/71f2fa71737ad68a84fea94bc708ddac8ea5b0c4788dc2ad202f3ccb2887742f?s=96&d=wp_user_avatar&r=g","contentUrl":"https:\/\/secure.gravatar.com\/avatar\/71f2fa71737ad68a84fea94bc708ddac8ea5b0c4788dc2ad202f3ccb2887742f?s=96&d=wp_user_avatar&r=g","caption":"Reda\u00e7\u00e3o JO"},"url":"https:\/\/jornaldasoficinas.com\/pt\/author\/joredacao\/"}]}},"_links":{"self":[{"href":"https:\/\/jornaldasoficinas.com\/pt\/wp-json\/wp\/v2\/posts\/5955","targetHints":{"allow":["GET"]}}],"collection":[{"href":"https:\/\/jornaldasoficinas.com\/pt\/wp-json\/wp\/v2\/posts"}],"about":[{"href":"https:\/\/jornaldasoficinas.com\/pt\/wp-json\/wp\/v2\/types\/post"}],"author":[{"embeddable":true,"href":"https:\/\/jornaldasoficinas.com\/pt\/wp-json\/wp\/v2\/users\/15"}],"replies":[{"embeddable":true,"href":"https:\/\/jornaldasoficinas.com\/pt\/wp-json\/wp\/v2\/comments?post=5955"}],"version-history":[{"count":0,"href":"https:\/\/jornaldasoficinas.com\/pt\/wp-json\/wp\/v2\/posts\/5955\/revisions"}],"wp:featuredmedia":[{"embeddable":true,"href":"https:\/\/jornaldasoficinas.com\/pt\/wp-json\/wp\/v2\/media\/5954"}],"wp:attachment":[{"href":"https:\/\/jornaldasoficinas.com\/pt\/wp-json\/wp\/v2\/media?parent=5955"}],"wp:term":[{"taxonomy":"category","embeddable":true,"href":"https:\/\/jornaldasoficinas.com\/pt\/wp-json\/wp\/v2\/categories?post=5955"},{"taxonomy":"post_tag","embeddable":true,"href":"https:\/\/jornaldasoficinas.com\/pt\/wp-json\/wp\/v2\/tags?post=5955"}],"curies":[{"name":"wp","href":"https:\/\/api.w.org\/{rel}","templated":true}]}}